{"id":27475,"date":"2020-05-15T19:51:51","date_gmt":"2020-05-15T22:51:51","guid":{"rendered":"http:\/\/www.eldiariodetucuman.com\/web\/?p=27475"},"modified":"2020-05-15T19:51:51","modified_gmt":"2020-05-15T22:51:51","slug":"el-peronismo-esta-a-un-paso-de-aprobar-la-ley-micaela-desde-la-legislatura","status":"publish","type":"post","link":"https:\/\/www.eldiariodetucuman.com\/web\/el-peronismo-esta-a-un-paso-de-aprobar-la-ley-micaela-desde-la-legislatura\/","title":{"rendered":"El peronismo esta a un paso de aprobar La ley Micaela desde la Legislatura"},"content":{"rendered":"<h2 id=\"spksumary\">El arco peronista de la Legislatura, que tiene como cabeza a Osvaldo Jaldo, firm\u00f3 el proyecto que promueve la puesta en vigencia de la norma en Tucum\u00e1n.<\/h2>\n<div class=\"image\">\n<div id=\"demo-test-gallery\" class=\"demo-gallery\" data-pswp-uid=\"1\"><a class=\"\" href=\"https:\/\/img.lagaceta.com.ar\/fotos\/notas\/2020\/05\/15\/tmb1_micaela-imagen-joven-victima-femicidio-se-convirtio-icono-lucha-contra-violencia-machista-844278-143544.jpeg\" data-size=\"641x359\" data-med=\"https:\/\/img.lagaceta.com.ar\/fotos\/notas\/2020\/05\/15\/tmb1_micaela-imagen-joven-victima-femicidio-se-convirtio-icono-lucha-contra-violencia-machista-844278-143544.jpeg\" data-med-size=\"641x359\" data-author=\"MICAELA. La imagen de la joven v\u00edctima de femicidio se convirti\u00f3 en un \u00edcono de la lucha contra la violencia machista.\"><img decoding=\"async\" src=\"https:\/\/img.lagaceta.com.ar\/fotos\/notas\/2020\/05\/15\/tmb1_micaela-imagen-joven-victima-femicidio-se-convirtio-icono-lucha-contra-violencia-machista-844278-143544.jpeg\" \/><\/a><\/div>\n<\/div>\n<div id=\"spktext\" class=\"newsBody js-texto\">\n<p>Las tensiones y los cruces generados por la adhesi\u00f3n de la Provincia a la \u00abLey Micaela\u00bb parecen haber quedado de lado en la Legislatura, donde todos los sectores del peronismo firmaron un \u00fanico proyecto para la puesta en vigencia de la norma.<\/p>\n<p>Tucum\u00e1n es el \u00fanico distrito provincial del pa\u00eds que a\u00fan no se sum\u00f3 a ese r\u00e9gimen, aprobado en 2018 por el Congreso de la Naci\u00f3n. El texto dispone la obligatoriedad de la capacitaci\u00f3n en materia de g\u00e9nero de todos los agentes que integran los poderes Ejecutivo, Legislativo y Judicial. La norma lleva ese nombre en conmemoraci\u00f3n a<strong>\u00a0Micaela Garc\u00eda<\/strong>, una joven de Entre R\u00edos que fue v\u00edctima de un brutal femicidio. Esta semana, el vicegobernador Osvaldo Jaldo se comprometi\u00f3 con el padre de Micaela,\u00a0<strong>N\u00e9stor Garc\u00eda<\/strong>, en concretar la adhesi\u00f3n de la Provincia a la normativa de capacitaci\u00f3n.<\/p>\n<p>En esta provincia el texto tendr\u00e1 una novedad, ya que la responsabilidad de su aplicaci\u00f3n recaer\u00e1 sobre las respectivas \u00abcabezas\u00bb del Estado provincial. Ayer, el jefe del bloque Justicialista de Todos,\u00a0<strong>Roque Tob\u00edas \u00c1lvarez<\/strong>, le hab\u00eda anticipado a LA GACETA que todo el oficialismo iba a acompa\u00f1ar ese proyecto. Hoy el texto fue presentado en mesa de entradas con las firmas de todos los espacios peronistas, incluidos los alperovichistas Sara Alperovich y\u00a0<strong>Julio Silman<\/strong>\u00a0y el referente bancario\u00a0<strong>Eduardo Bourl\u00e9<\/strong>. S\u00f3lo falta la r\u00fabrica del manzurista\u00a0<strong>Ger\u00f3nimo Vargas Aignasse<\/strong>, vicepresidente primero de la C\u00e1mara, quien concretar\u00e1 ese paso el lunes pr\u00f3ximo, ya que esta ma\u00f1ana particip\u00f3 del recorrido oficial por el sur provincial acompa\u00f1ando al gobernador,\u00a0<strong>Juan Manzur<\/strong>.<\/p>\n<p>De todas maneras, manzurisas, jaldistas y alperovichistas, es decir, todo el arco justicialista de la Legislatura, anticip\u00f3 con esta iniciativa su voto favorable a la \u00abLey Micaela\u00bb en el recinto.<\/p>\n<p>As\u00ed, resta ver si la oposici\u00f3n vota unificada o se evidencian posturas dis\u00edmiles con respecto al tema.<\/p>\n<\/div>\n<p>Fuente: La Gaceta<\/p>\n","protected":false},"excerpt":{"rendered":"<p>El arco peronista de la Legislatura, que tiene como cabeza a Osvaldo Jaldo, firm\u00f3 el proyecto que promueve la puesta en vigencia de la norma en Tucum\u00e1n. Las tensiones y los cruces generados por la adhesi\u00f3n de la Provincia a la \u00abLey Micaela\u00bb parecen haber quedado de lado en la Legislatura, donde todos los sectores [&hellip;]<\/p>\n","protected":false},"author":3,"featured_media":27476,"comment_status":"closed","ping_status":"open","sticky":false,"template":"","format":"standard","meta":{"footnotes":""},"categories":[2],"tags":[812,3192,217,61],"class_list":{"0":"post-27475","1":"post","2":"type-post","3":"status-publish","4":"format-standard","5":"has-post-thumbnail","7":"category-actualidad","8":"tag-legislatura","9":"tag-ley-micaela","10":"tag-osvaldo-jaldo","11":"tag-tucuman"},"yoast_head":"<!-- This site is optimized with the Yoast SEO plugin v27.4 - https:\/\/yoast.com\/product\/yoast-seo-wordpress\/ -->\n<title>El peronismo esta a un paso de aprobar La ley Micaela desde la Legislatura - El Diario de Tucuman<\/title>\n<meta name=\"robots\" content=\"index, follow, max-snippet:-1, max-image-preview:large, max-video-preview:-1\" \/>\n<link rel=\"canonical\" href=\"https:\/\/www.eldiariodetucuman.com\/web\/el-peronismo-esta-a-un-paso-de-aprobar-la-ley-micaela-desde-la-legislatura\/\" \/>\n<meta property=\"og:locale\" content=\"es_ES\" \/>\n<meta property=\"og:type\" content=\"article\" \/>\n<meta property=\"og:title\" content=\"El peronismo esta a un paso de aprobar La ley Micaela desde la Legislatura - El Diario de Tucuman\" \/>\n<meta property=\"og:description\" content=\"El arco peronista de la Legislatura, que tiene como cabeza a Osvaldo Jaldo, firm\u00f3 el proyecto que promueve la puesta en vigencia de la norma en Tucum\u00e1n. Las tensiones y los cruces generados por la adhesi\u00f3n de la Provincia a la \u00abLey Micaela\u00bb parecen haber quedado de lado en la Legislatura, donde todos los sectores [&hellip;]\" \/>\n<meta property=\"og:url\" content=\"https:\/\/www.eldiariodetucuman.com\/web\/el-peronismo-esta-a-un-paso-de-aprobar-la-ley-micaela-desde-la-legislatura\/\" \/>\n<meta property=\"og:site_name\" content=\"El Diario de Tucuman\" \/>\n<meta property=\"article:published_time\" content=\"2020-05-15T22:51:51+00:00\" \/>\n<meta property=\"og:image\" content=\"https:\/\/www.eldiariodetucuman.com\/web\/wp-content\/uploads\/2020\/05\/IMG_20200515_175620_051.jpg\" \/>\n\t<meta property=\"og:image:width\" content=\"900\" \/>\n\t<meta property=\"og:image:height\" content=\"1125\" \/>\n\t<meta property=\"og:image:type\" content=\"image\/jpeg\" \/>\n<meta name=\"author\" content=\"El diario de Tucuman\" \/>\n<meta name=\"twitter:card\" content=\"summary_large_image\" \/>\n<meta name=\"twitter:label1\" content=\"Escrito por\" \/>\n\t<meta name=\"twitter:data1\" content=\"El diario de Tucuman\" \/>\n\t<meta name=\"twitter:label2\" content=\"Tiempo de lectura\" \/>\n\t<meta name=\"twitter:data2\" content=\"2 minutos\" \/>\n<script type=\"application\/ld+json\" class=\"yoast-schema-graph\">{\"@context\":\"https:\\\/\\\/schema.org\",\"@graph\":[{\"@type\":\"Article\",\"@id\":\"https:\\\/\\\/www.eldiariodetucuman.com\\\/web\\\/el-peronismo-esta-a-un-paso-de-aprobar-la-ley-micaela-desde-la-legislatura\\\/#article\",\"isPartOf\":{\"@id\":\"https:\\\/\\\/www.eldiariodetucuman.com\\\/web\\\/el-peronismo-esta-a-un-paso-de-aprobar-la-ley-micaela-desde-la-legislatura\\\/\"},\"author\":{\"name\":\"El diario de Tucuman\",\"@id\":\"https:\\\/\\\/www.eldiariodetucuman.com\\\/web\\\/#\\\/schema\\\/person\\\/3adbe300ecd6242af93c97dab1dc3ba1\"},\"headline\":\"El peronismo esta a un paso de aprobar La ley Micaela desde la Legislatura\",\"datePublished\":\"2020-05-15T22:51:51+00:00\",\"mainEntityOfPage\":{\"@id\":\"https:\\\/\\\/www.eldiariodetucuman.com\\\/web\\\/el-peronismo-esta-a-un-paso-de-aprobar-la-ley-micaela-desde-la-legislatura\\\/\"},\"wordCount\":378,\"publisher\":{\"@id\":\"https:\\\/\\\/www.eldiariodetucuman.com\\\/web\\\/#organization\"},\"image\":{\"@id\":\"https:\\\/\\\/www.eldiariodetucuman.com\\\/web\\\/el-peronismo-esta-a-un-paso-de-aprobar-la-ley-micaela-desde-la-legislatura\\\/#primaryimage\"},\"thumbnailUrl\":\"https:\\\/\\\/www.eldiariodetucuman.com\\\/web\\\/wp-content\\\/uploads\\\/2020\\\/05\\\/IMG_20200515_175620_051.jpg\",\"keywords\":[\"Legislatura\",\"Ley Micaela\",\"Osvaldo Jaldo\",\"Tucuman\"],\"articleSection\":[\"Actualidad\"],\"inLanguage\":\"es\"},{\"@type\":\"WebPage\",\"@id\":\"https:\\\/\\\/www.eldiariodetucuman.com\\\/web\\\/el-peronismo-esta-a-un-paso-de-aprobar-la-ley-micaela-desde-la-legislatura\\\/\",\"url\":\"https:\\\/\\\/www.eldiariodetucuman.com\\\/web\\\/el-peronismo-esta-a-un-paso-de-aprobar-la-ley-micaela-desde-la-legislatura\\\/\",\"name\":\"El peronismo esta a un paso de aprobar La ley Micaela desde la Legislatura - El Diario de Tucuman\",\"isPartOf\":{\"@id\":\"https:\\\/\\\/www.eldiariodetucuman.com\\\/web\\\/#website\"},\"primaryImageOfPage\":{\"@id\":\"https:\\\/\\\/www.eldiariodetucuman.com\\\/web\\\/el-peronismo-esta-a-un-paso-de-aprobar-la-ley-micaela-desde-la-legislatura\\\/#primaryimage\"},\"image\":{\"@id\":\"https:\\\/\\\/www.eldiariodetucuman.com\\\/web\\\/el-peronismo-esta-a-un-paso-de-aprobar-la-ley-micaela-desde-la-legislatura\\\/#primaryimage\"},\"thumbnailUrl\":\"https:\\\/\\\/www.eldiariodetucuman.com\\\/web\\\/wp-content\\\/uploads\\\/2020\\\/05\\\/IMG_20200515_175620_051.jpg\",\"datePublished\":\"2020-05-15T22:51:51+00:00\",\"breadcrumb\":{\"@id\":\"https:\\\/\\\/www.eldiariodetucuman.com\\\/web\\\/el-peronismo-esta-a-un-paso-de-aprobar-la-ley-micaela-desde-la-legislatura\\\/#breadcrumb\"},\"inLanguage\":\"es\",\"potentialAction\":[{\"@type\":\"ReadAction\",\"target\":[\"https:\\\/\\\/www.eldiariodetucuman.com\\\/web\\\/el-peronismo-esta-a-un-paso-de-aprobar-la-ley-micaela-desde-la-legislatura\\\/\"]}]},{\"@type\":\"ImageObject\",\"inLanguage\":\"es\",\"@id\":\"https:\\\/\\\/www.eldiariodetucuman.com\\\/web\\\/el-peronismo-esta-a-un-paso-de-aprobar-la-ley-micaela-desde-la-legislatura\\\/#primaryimage\",\"url\":\"https:\\\/\\\/www.eldiariodetucuman.com\\\/web\\\/wp-content\\\/uploads\\\/2020\\\/05\\\/IMG_20200515_175620_051.jpg\",\"contentUrl\":\"https:\\\/\\\/www.eldiariodetucuman.com\\\/web\\\/wp-content\\\/uploads\\\/2020\\\/05\\\/IMG_20200515_175620_051.jpg\",\"width\":900,\"height\":1125},{\"@type\":\"BreadcrumbList\",\"@id\":\"https:\\\/\\\/www.eldiariodetucuman.com\\\/web\\\/el-peronismo-esta-a-un-paso-de-aprobar-la-ley-micaela-desde-la-legislatura\\\/#breadcrumb\",\"itemListElement\":[{\"@type\":\"ListItem\",\"position\":1,\"name\":\"Portada\",\"item\":\"https:\\\/\\\/www.eldiariodetucuman.com\\\/web\\\/\"},{\"@type\":\"ListItem\",\"position\":2,\"name\":\"El peronismo esta a un paso de aprobar La ley Micaela desde la Legislatura\"}]},{\"@type\":\"WebSite\",\"@id\":\"https:\\\/\\\/www.eldiariodetucuman.com\\\/web\\\/#website\",\"url\":\"https:\\\/\\\/www.eldiariodetucuman.com\\\/web\\\/\",\"name\":\"El Diario de Tucuman\",\"description\":\"Diario Tucuman - Informaci\u00f3n y noticias\",\"publisher\":{\"@id\":\"https:\\\/\\\/www.eldiariodetucuman.com\\\/web\\\/#organization\"},\"potentialAction\":[{\"@type\":\"SearchAction\",\"target\":{\"@type\":\"EntryPoint\",\"urlTemplate\":\"https:\\\/\\\/www.eldiariodetucuman.com\\\/web\\\/?s={search_term_string}\"},\"query-input\":{\"@type\":\"PropertyValueSpecification\",\"valueRequired\":true,\"valueName\":\"search_term_string\"}}],\"inLanguage\":\"es\"},{\"@type\":\"Organization\",\"@id\":\"https:\\\/\\\/www.eldiariodetucuman.com\\\/web\\\/#organization\",\"name\":\"El Diario de Tucuman\",\"url\":\"https:\\\/\\\/www.eldiariodetucuman.com\\\/web\\\/\",\"logo\":{\"@type\":\"ImageObject\",\"inLanguage\":\"es\",\"@id\":\"https:\\\/\\\/www.eldiariodetucuman.com\\\/web\\\/#\\\/schema\\\/logo\\\/image\\\/\",\"url\":\"http:\\\/\\\/www.eldiariodetucuman.com\\\/web\\\/wp-content\\\/uploads\\\/2017\\\/12\\\/el-diario-de-tucuman.jpg\",\"contentUrl\":\"http:\\\/\\\/www.eldiariodetucuman.com\\\/web\\\/wp-content\\\/uploads\\\/2017\\\/12\\\/el-diario-de-tucuman.jpg\",\"width\":272,\"height\":92,\"caption\":\"El Diario de Tucuman\"},\"image\":{\"@id\":\"https:\\\/\\\/www.eldiariodetucuman.com\\\/web\\\/#\\\/schema\\\/logo\\\/image\\\/\"}},{\"@type\":\"Person\",\"@id\":\"https:\\\/\\\/www.eldiariodetucuman.com\\\/web\\\/#\\\/schema\\\/person\\\/3adbe300ecd6242af93c97dab1dc3ba1\",\"name\":\"El diario de Tucuman\",\"image\":{\"@type\":\"ImageObject\",\"inLanguage\":\"es\",\"@id\":\"https:\\\/\\\/secure.gravatar.com\\\/avatar\\\/b7214de193b24d0bd708ac5516aa13d0f20c6560795bfbee06857d5c8ac2f0b2?s=96&d=mm&r=g\",\"url\":\"https:\\\/\\\/secure.gravatar.com\\\/avatar\\\/b7214de193b24d0bd708ac5516aa13d0f20c6560795bfbee06857d5c8ac2f0b2?s=96&d=mm&r=g\",\"contentUrl\":\"https:\\\/\\\/secure.gravatar.com\\\/avatar\\\/b7214de193b24d0bd708ac5516aa13d0f20c6560795bfbee06857d5c8ac2f0b2?s=96&d=mm&r=g\",\"caption\":\"El diario de Tucuman\"},\"url\":\"https:\\\/\\\/www.eldiariodetucuman.com\\\/web\\\/author\\\/mgiobellina\\\/\"}]}<\/script>\n<!-- \/ Yoast SEO plugin. -->","yoast_head_json":{"title":"El peronismo esta a un paso de aprobar La ley Micaela desde la Legislatura - El Diario de Tucuman","robots":{"index":"index","follow":"follow","max-snippet":"max-snippet:-1","max-image-preview":"max-image-preview:large","max-video-preview":"max-video-preview:-1"},"canonical":"https:\/\/www.eldiariodetucuman.com\/web\/el-peronismo-esta-a-un-paso-de-aprobar-la-ley-micaela-desde-la-legislatura\/","og_locale":"es_ES","og_type":"article","og_title":"El peronismo esta a un paso de aprobar La ley Micaela desde la Legislatura - El Diario de Tucuman","og_description":"El arco peronista de la Legislatura, que tiene como cabeza a Osvaldo Jaldo, firm\u00f3 el proyecto que promueve la puesta en vigencia de la norma en Tucum\u00e1n. Las tensiones y los cruces generados por la adhesi\u00f3n de la Provincia a la \u00abLey Micaela\u00bb parecen haber quedado de lado en la Legislatura, donde todos los sectores [&hellip;]","og_url":"https:\/\/www.eldiariodetucuman.com\/web\/el-peronismo-esta-a-un-paso-de-aprobar-la-ley-micaela-desde-la-legislatura\/","og_site_name":"El Diario de Tucuman","article_published_time":"2020-05-15T22:51:51+00:00","og_image":[{"width":900,"height":1125,"url":"https:\/\/www.eldiariodetucuman.com\/web\/wp-content\/uploads\/2020\/05\/IMG_20200515_175620_051.jpg","type":"image\/jpeg"}],"author":"El diario de Tucuman","twitter_card":"summary_large_image","twitter_misc":{"Escrito por":"El diario de Tucuman","Tiempo de lectura":"2 minutos"},"schema":{"@context":"https:\/\/schema.org","@graph":[{"@type":"Article","@id":"https:\/\/www.eldiariodetucuman.com\/web\/el-peronismo-esta-a-un-paso-de-aprobar-la-ley-micaela-desde-la-legislatura\/#article","isPartOf":{"@id":"https:\/\/www.eldiariodetucuman.com\/web\/el-peronismo-esta-a-un-paso-de-aprobar-la-ley-micaela-desde-la-legislatura\/"},"author":{"name":"El diario de Tucuman","@id":"https:\/\/www.eldiariodetucuman.com\/web\/#\/schema\/person\/3adbe300ecd6242af93c97dab1dc3ba1"},"headline":"El peronismo esta a un paso de aprobar La ley Micaela desde la Legislatura","datePublished":"2020-05-15T22:51:51+00:00","mainEntityOfPage":{"@id":"https:\/\/www.eldiariodetucuman.com\/web\/el-peronismo-esta-a-un-paso-de-aprobar-la-ley-micaela-desde-la-legislatura\/"},"wordCount":378,"publisher":{"@id":"https:\/\/www.eldiariodetucuman.com\/web\/#organization"},"image":{"@id":"https:\/\/www.eldiariodetucuman.com\/web\/el-peronismo-esta-a-un-paso-de-aprobar-la-ley-micaela-desde-la-legislatura\/#primaryimage"},"thumbnailUrl":"https:\/\/www.eldiariodetucuman.com\/web\/wp-content\/uploads\/2020\/05\/IMG_20200515_175620_051.jpg","keywords":["Legislatura","Ley Micaela","Osvaldo Jaldo","Tucuman"],"articleSection":["Actualidad"],"inLanguage":"es"},{"@type":"WebPage","@id":"https:\/\/www.eldiariodetucuman.com\/web\/el-peronismo-esta-a-un-paso-de-aprobar-la-ley-micaela-desde-la-legislatura\/","url":"https:\/\/www.eldiariodetucuman.com\/web\/el-peronismo-esta-a-un-paso-de-aprobar-la-ley-micaela-desde-la-legislatura\/","name":"El peronismo esta a un paso de aprobar La ley Micaela desde la Legislatura - El Diario de Tucuman","isPartOf":{"@id":"https:\/\/www.eldiariodetucuman.com\/web\/#website"},"primaryImageOfPage":{"@id":"https:\/\/www.eldiariodetucuman.com\/web\/el-peronismo-esta-a-un-paso-de-aprobar-la-ley-micaela-desde-la-legislatura\/#primaryimage"},"image":{"@id":"https:\/\/www.eldiariodetucuman.com\/web\/el-peronismo-esta-a-un-paso-de-aprobar-la-ley-micaela-desde-la-legislatura\/#primaryimage"},"thumbnailUrl":"https:\/\/www.eldiariodetucuman.com\/web\/wp-content\/uploads\/2020\/05\/IMG_20200515_175620_051.jpg","datePublished":"2020-05-15T22:51:51+00:00","breadcrumb":{"@id":"https:\/\/www.eldiariodetucuman.com\/web\/el-peronismo-esta-a-un-paso-de-aprobar-la-ley-micaela-desde-la-legislatura\/#breadcrumb"},"inLanguage":"es","potentialAction":[{"@type":"ReadAction","target":["https:\/\/www.eldiariodetucuman.com\/web\/el-peronismo-esta-a-un-paso-de-aprobar-la-ley-micaela-desde-la-legislatura\/"]}]},{"@type":"ImageObject","inLanguage":"es","@id":"https:\/\/www.eldiariodetucuman.com\/web\/el-peronismo-esta-a-un-paso-de-aprobar-la-ley-micaela-desde-la-legislatura\/#primaryimage","url":"https:\/\/www.eldiariodetucuman.com\/web\/wp-content\/uploads\/2020\/05\/IMG_20200515_175620_051.jpg","contentUrl":"https:\/\/www.eldiariodetucuman.com\/web\/wp-content\/uploads\/2020\/05\/IMG_20200515_175620_051.jpg","width":900,"height":1125},{"@type":"BreadcrumbList","@id":"https:\/\/www.eldiariodetucuman.com\/web\/el-peronismo-esta-a-un-paso-de-aprobar-la-ley-micaela-desde-la-legislatura\/#breadcrumb","itemListElement":[{"@type":"ListItem","position":1,"name":"Portada","item":"https:\/\/www.eldiariodetucuman.com\/web\/"},{"@type":"ListItem","position":2,"name":"El peronismo esta a un paso de aprobar La ley Micaela desde la Legislatura"}]},{"@type":"WebSite","@id":"https:\/\/www.eldiariodetucuman.com\/web\/#website","url":"https:\/\/www.eldiariodetucuman.com\/web\/","name":"El Diario de Tucuman","description":"Diario Tucuman - Informaci\u00f3n y noticias","publisher":{"@id":"https:\/\/www.eldiariodetucuman.com\/web\/#organization"},"potentialAction":[{"@type":"SearchAction","target":{"@type":"EntryPoint","urlTemplate":"https:\/\/www.eldiariodetucuman.com\/web\/?s={search_term_string}"},"query-input":{"@type":"PropertyValueSpecification","valueRequired":true,"valueName":"search_term_string"}}],"inLanguage":"es"},{"@type":"Organization","@id":"https:\/\/www.eldiariodetucuman.com\/web\/#organization","name":"El Diario de Tucuman","url":"https:\/\/www.eldiariodetucuman.com\/web\/","logo":{"@type":"ImageObject","inLanguage":"es","@id":"https:\/\/www.eldiariodetucuman.com\/web\/#\/schema\/logo\/image\/","url":"http:\/\/www.eldiariodetucuman.com\/web\/wp-content\/uploads\/2017\/12\/el-diario-de-tucuman.jpg","contentUrl":"http:\/\/www.eldiariodetucuman.com\/web\/wp-content\/uploads\/2017\/12\/el-diario-de-tucuman.jpg","width":272,"height":92,"caption":"El Diario de Tucuman"},"image":{"@id":"https:\/\/www.eldiariodetucuman.com\/web\/#\/schema\/logo\/image\/"}},{"@type":"Person","@id":"https:\/\/www.eldiariodetucuman.com\/web\/#\/schema\/person\/3adbe300ecd6242af93c97dab1dc3ba1","name":"El diario de Tucuman","image":{"@type":"ImageObject","inLanguage":"es","@id":"https:\/\/secure.gravatar.com\/avatar\/b7214de193b24d0bd708ac5516aa13d0f20c6560795bfbee06857d5c8ac2f0b2?s=96&d=mm&r=g","url":"https:\/\/secure.gravatar.com\/avatar\/b7214de193b24d0bd708ac5516aa13d0f20c6560795bfbee06857d5c8ac2f0b2?s=96&d=mm&r=g","contentUrl":"https:\/\/secure.gravatar.com\/avatar\/b7214de193b24d0bd708ac5516aa13d0f20c6560795bfbee06857d5c8ac2f0b2?s=96&d=mm&r=g","caption":"El diario de Tucuman"},"url":"https:\/\/www.eldiariodetucuman.com\/web\/author\/mgiobellina\/"}]}},"_links":{"self":[{"href":"https:\/\/www.eldiariodetucuman.com\/web\/wp-json\/wp\/v2\/posts\/27475","targetHints":{"allow":["GET"]}}],"collection":[{"href":"https:\/\/www.eldiariodetucuman.com\/web\/wp-json\/wp\/v2\/posts"}],"about":[{"href":"https:\/\/www.eldiariodetucuman.com\/web\/wp-json\/wp\/v2\/types\/post"}],"author":[{"embeddable":true,"href":"https:\/\/www.eldiariodetucuman.com\/web\/wp-json\/wp\/v2\/users\/3"}],"replies":[{"embeddable":true,"href":"https:\/\/www.eldiariodetucuman.com\/web\/wp-json\/wp\/v2\/comments?post=27475"}],"version-history":[{"count":1,"href":"https:\/\/www.eldiariodetucuman.com\/web\/wp-json\/wp\/v2\/posts\/27475\/revisions"}],"predecessor-version":[{"id":27477,"href":"https:\/\/www.eldiariodetucuman.com\/web\/wp-json\/wp\/v2\/posts\/27475\/revisions\/27477"}],"wp:featuredmedia":[{"embeddable":true,"href":"https:\/\/www.eldiariodetucuman.com\/web\/wp-json\/wp\/v2\/media\/27476"}],"wp:attachment":[{"href":"https:\/\/www.eldiariodetucuman.com\/web\/wp-json\/wp\/v2\/media?parent=27475"}],"wp:term":[{"taxonomy":"category","embeddable":true,"href":"https:\/\/www.eldiariodetucuman.com\/web\/wp-json\/wp\/v2\/categories?post=27475"},{"taxonomy":"post_tag","embeddable":true,"href":"https:\/\/www.eldiariodetucuman.com\/web\/wp-json\/wp\/v2\/tags?post=27475"}],"curies":[{"name":"wp","href":"https:\/\/api.w.org\/{rel}","templated":true}]}}