{"id":27467,"date":"2020-05-15T12:50:50","date_gmt":"2020-05-15T15:50:50","guid":{"rendered":"http:\/\/www.eldiariodetucuman.com\/web\/?p=27467"},"modified":"2020-05-15T12:50:50","modified_gmt":"2020-05-15T15:50:50","slug":"habilitan-turnos-para-tramitar-la-licencia-de-conducir-en-la-capital","status":"publish","type":"post","link":"https:\/\/www.eldiariodetucuman.com\/web\/habilitan-turnos-para-tramitar-la-licencia-de-conducir-en-la-capital\/","title":{"rendered":"Habilitan turnos para tramitar la Licencia de Conducir en la Capital"},"content":{"rendered":"<header class=\"entry-header\"><\/header>\n<div class=\"entry-content herald-entry-content\">\n<p>La Municipalidad de San Miguel de Tucum\u00e1n record\u00f3 que\u00a0el pr\u00f3ximo lunes 18 de mayo se reanudar\u00e1 la atenci\u00f3n a los interesados en obtener por primera vez o renovar la Licencia de Conducir en la Capital.\u00a0El tr\u00e1mite se podr\u00e1 realizar en el\u00a0Centro de Emisi\u00f3n que funciona en la Direcci\u00f3n de Tr\u00e1nsito y de la V\u00eda P\u00fablica, en avenida Avellaneda 663.<\/p>\n<\/div>\n<p><!--more--><\/p>\n<div class=\"entry-content herald-entry-content\">\n<p>Como paso previo,\u00a0los conductores deber\u00e1n sacar los turnos a trav\u00e9s de la p\u00e1gina web\u00a0transito.smt.gob.ar. que fue habilitada este viernes, a partir de las 8, y se habilitar\u00e1n los turnos para el d\u00eda h\u00e1bil siguiente. Es decir, este viernes, se podr\u00e1 solicitar un turno para el d\u00eda lunes 18; el lunes se habilitar\u00e1n los turnos para el martes 19; y as\u00ed sucesivamente.<\/p>\n<p>Tambi\u00e9n indicaron que habr\u00e1 un l\u00edmite de atenci\u00f3n de 150 personas por d\u00eda: 100 por la ma\u00f1ana, de 8 a 13; y 50 por la tarde, de 14 a 17.<\/p>\n<p>Cabe recordar que contin\u00faa vigente la pr\u00f3rroga por 90 d\u00edas corridos\u00a0 de la validez de las licencias con vencimiento entre el 15 de mayo y el 15 de junio de 2020. Las licencias vencidas entre el 15 de febrero y el 14 de mayo tambi\u00e9n siguen dentro del per\u00edodo de pr\u00f3rroga.<\/p>\n<p><strong>Requisitos para realizar el tr\u00e1mite<\/strong><\/p>\n<p>Antes de presentarse en el centro de emisi\u00f3n de Licencias de Conducir, el conductor deber\u00e1:<\/p>\n<p>1)\u00a0 Generar y abonar la boleta de pago del Certificado Nacional de Antecedentes de Tr\u00e1nsito (CENAT), que tiene un valor de $320. La gesti\u00f3n se inicia en la p\u00e1gina\u00a0boletadepago.seguridadvial.gob.ar\u00a0.<\/p>\n<p>2) Sacar turno por internet en la p\u00e1gina de la Municipalidad de San Miguel de Tucum\u00e1n:\u00a0transito.smt.gob.ar\u00a0.<\/p>\n<p>3) Imprimir, completar y firmar una\u00a0declaraci\u00f3n jurada, que est\u00e1 disponible en formato PFD en la p\u00e1gina web\u00a0smt.gob.ar\/licencias\u00a0, en el \u201cAnexo 1\u201d del\u00a0\u201cProtocolo de Atenci\u00f3n para la emisi\u00f3n de la Licencia Nacional de Conducir\u201d. En ese documento expresar\u00e1n que no tienen s\u00edntomas de coronavirus, ni antecedentes de viajes recientes a zonas de riesgo, ni contacto con enfermos de Covid-19.<\/p>\n<p>El conductor deber\u00e1 presentarse en avenida Avellaneda 663 en el horario asignado, sin acompa\u00f1antes.<\/p>\n<p>En todos los casos, los interesados deben llevar el turno impreso, DNI con fotocopia, la declaraci\u00f3n jurada,\u00a0 la boleta de CENAT abonada, y un Certificado de Buena Conducta, emitido por la Polic\u00eda de Tucum\u00e1n.<\/p>\n<p>Para el tr\u00e1mite de renovaci\u00f3n, los conductores tambi\u00e9n deben llevar el carnet de manejo y una fotocopia del mismo.<\/p>\n<p>En el caso de gestiones para las categor\u00edas taxis, colectivos, transportes escolares, ambulancias, patrullas y similares, los interesados deben presentar, adem\u00e1s, el Certificado de Reincidencia emitido por la el Poder Judicial, que se tramita a trav\u00e9s de la p\u00e1gina\u00a0www.dnrec.jus.gov.ar\u00a0.<\/p>\n<p>Para la obtenci\u00f3n de duplicados, adem\u00e1s de los documentos mencionados, deben adjuntar la denuncia policial.<\/p>\n<p>La repartici\u00f3n advirti\u00f3 que los certificados de Antecedentes Personales y el de Reincidencia tendr\u00e1n una vigencia de 60 d\u00edas.<\/p>\n<p><strong>Medidas de seguridad y de higiene<\/strong><\/p>\n<p>Para brindar el servicio, a partir del lunes, se cumplir\u00e1n los protocolos de seguridad e higiene para la prevenci\u00f3n del Covid-19, en el marco de los par\u00e1metros establecidos por el Ministerio de Salud de la Naci\u00f3n. Por esta raz\u00f3n, en el acceso la Direcci\u00f3n de Tr\u00e1nsito se est\u00e1 instalando una cabina de desinfecci\u00f3n. Adem\u00e1s, los vecinos deber\u00e1n usar barbijo y al ingresar al edificio personal de la repartici\u00f3n les tomar\u00e1 la temperatura con un term\u00f3metro digital, a la distancia, y posteriormente se desinfectar\u00e1n las manos de los conductores con alcohol al 70%.<\/p>\n<p>Todo el personal de recepci\u00f3n y atenci\u00f3n en las distintas secciones estar\u00e1 provisto de barbijos, antiparras o m\u00e1scaras protectoras faciales y guantes.<\/p>\n<p>Vale se\u00f1alar que la reanudaci\u00f3n de la atenci\u00f3n en esta dependencia municipal surgi\u00f3 en adhesi\u00f3n a la disposici\u00f3n N\u00ba 186 de la Agencia Nacional de Seguridad Vial, dependiente del Ministerio de Transporte de la Naci\u00f3n. En su art\u00edculo 1\u00ba, el documento informa a las jurisdicciones que otorgan Licencia Nacional de Conducir que, \u201cen el marco de sus prerrogativas y en funci\u00f3n de la evoluci\u00f3n de la situaci\u00f3n epidemiol\u00f3gica acontecida en sus \u00e1reas geogr\u00e1ficas espec\u00edficas, se encuentran facultadas para decidir a partir del 11 de mayo del corriente a\u00f1o, la apertura y funcionamiento de sus Centros Emisores de Licencias\u201d.<\/p>\n<p><strong>Fuente:<\/strong> Municipalidad San Miguel de Tucum\u00e1n<\/p>\n<\/div>\n","protected":false},"excerpt":{"rendered":"<p>La Municipalidad de San Miguel de Tucum\u00e1n record\u00f3 que\u00a0el pr\u00f3ximo lunes 18 de mayo se reanudar\u00e1 la atenci\u00f3n a los interesados en obtener por primera vez o renovar la Licencia de Conducir en la Capital.\u00a0El tr\u00e1mite se podr\u00e1 realizar en el\u00a0Centro de Emisi\u00f3n que funciona en la Direcci\u00f3n de Tr\u00e1nsito y de la V\u00eda P\u00fablica, [&hellip;]<\/p>\n","protected":false},"author":5,"featured_media":27468,"comment_status":"closed","ping_status":"open","sticky":false,"template":"","format":"standard","meta":{"footnotes":""},"categories":[2],"tags":[3205,61],"class_list":{"0":"post-27467","1":"post","2":"type-post","3":"status-publish","4":"format-standard","5":"has-post-thumbnail","7":"category-actualidad","8":"tag-licencia-de-conducir","9":"tag-tucuman"},"yoast_head":"<!-- This site is optimized with the Yoast SEO plugin v27.4 - https:\/\/yoast.com\/product\/yoast-seo-wordpress\/ -->\n<title>Habilitan turnos para tramitar la Licencia de Conducir en la Capital - El Diario de Tucuman<\/title>\n<meta name=\"robots\" content=\"index, follow, max-snippet:-1, max-image-preview:large, max-video-preview:-1\" \/>\n<link rel=\"canonical\" href=\"https:\/\/www.eldiariodetucuman.com\/web\/habilitan-turnos-para-tramitar-la-licencia-de-conducir-en-la-capital\/\" \/>\n<meta property=\"og:locale\" content=\"es_ES\" \/>\n<meta property=\"og:type\" content=\"article\" \/>\n<meta property=\"og:title\" content=\"Habilitan turnos para tramitar la Licencia de Conducir en la Capital - El Diario de Tucuman\" \/>\n<meta property=\"og:description\" content=\"La Municipalidad de San Miguel de Tucum\u00e1n record\u00f3 que\u00a0el pr\u00f3ximo lunes 18 de mayo se reanudar\u00e1 la atenci\u00f3n a los interesados en obtener por primera vez o renovar la Licencia de Conducir en la Capital.\u00a0El tr\u00e1mite se podr\u00e1 realizar en el\u00a0Centro de Emisi\u00f3n que funciona en la Direcci\u00f3n de Tr\u00e1nsito y de la V\u00eda P\u00fablica, [&hellip;]\" \/>\n<meta property=\"og:url\" content=\"https:\/\/www.eldiariodetucuman.com\/web\/habilitan-turnos-para-tramitar-la-licencia-de-conducir-en-la-capital\/\" \/>\n<meta property=\"og:site_name\" content=\"El Diario de Tucuman\" \/>\n<meta property=\"article:published_time\" content=\"2020-05-15T15:50:50+00:00\" \/>\n<meta property=\"og:image\" content=\"https:\/\/www.eldiariodetucuman.com\/web\/wp-content\/uploads\/2020\/05\/licencia-de-conducir.jpg\" \/>\n\t<meta property=\"og:image:width\" content=\"970\" \/>\n\t<meta property=\"og:image:height\" content=\"545\" \/>\n\t<meta property=\"og:image:type\" content=\"image\/jpeg\" \/>\n<meta name=\"author\" content=\"Redactor Uno\" \/>\n<meta name=\"twitter:card\" content=\"summary_large_image\" \/>\n<meta name=\"twitter:label1\" content=\"Escrito por\" \/>\n\t<meta name=\"twitter:data1\" content=\"Redactor Uno\" \/>\n\t<meta name=\"twitter:label2\" content=\"Tiempo de lectura\" \/>\n\t<meta name=\"twitter:data2\" content=\"4 minutos\" \/>\n<script type=\"application\/ld+json\" class=\"yoast-schema-graph\">{\"@context\":\"https:\\\/\\\/schema.org\",\"@graph\":[{\"@type\":\"Article\",\"@id\":\"https:\\\/\\\/www.eldiariodetucuman.com\\\/web\\\/habilitan-turnos-para-tramitar-la-licencia-de-conducir-en-la-capital\\\/#article\",\"isPartOf\":{\"@id\":\"https:\\\/\\\/www.eldiariodetucuman.com\\\/web\\\/habilitan-turnos-para-tramitar-la-licencia-de-conducir-en-la-capital\\\/\"},\"author\":{\"name\":\"Redactor Uno\",\"@id\":\"https:\\\/\\\/www.eldiariodetucuman.com\\\/web\\\/#\\\/schema\\\/person\\\/7e6644a46e60888f6b868594407e08dd\"},\"headline\":\"Habilitan turnos para tramitar la Licencia de Conducir en la Capital\",\"datePublished\":\"2020-05-15T15:50:50+00:00\",\"mainEntityOfPage\":{\"@id\":\"https:\\\/\\\/www.eldiariodetucuman.com\\\/web\\\/habilitan-turnos-para-tramitar-la-licencia-de-conducir-en-la-capital\\\/\"},\"wordCount\":785,\"publisher\":{\"@id\":\"https:\\\/\\\/www.eldiariodetucuman.com\\\/web\\\/#organization\"},\"image\":{\"@id\":\"https:\\\/\\\/www.eldiariodetucuman.com\\\/web\\\/habilitan-turnos-para-tramitar-la-licencia-de-conducir-en-la-capital\\\/#primaryimage\"},\"thumbnailUrl\":\"https:\\\/\\\/www.eldiariodetucuman.com\\\/web\\\/wp-content\\\/uploads\\\/2020\\\/05\\\/licencia-de-conducir.jpg\",\"keywords\":[\"licencia de conducir\",\"Tucuman\"],\"articleSection\":[\"Actualidad\"],\"inLanguage\":\"es\"},{\"@type\":\"WebPage\",\"@id\":\"https:\\\/\\\/www.eldiariodetucuman.com\\\/web\\\/habilitan-turnos-para-tramitar-la-licencia-de-conducir-en-la-capital\\\/\",\"url\":\"https:\\\/\\\/www.eldiariodetucuman.com\\\/web\\\/habilitan-turnos-para-tramitar-la-licencia-de-conducir-en-la-capital\\\/\",\"name\":\"Habilitan turnos para tramitar la Licencia de Conducir en la Capital - El Diario de Tucuman\",\"isPartOf\":{\"@id\":\"https:\\\/\\\/www.eldiariodetucuman.com\\\/web\\\/#website\"},\"primaryImageOfPage\":{\"@id\":\"https:\\\/\\\/www.eldiariodetucuman.com\\\/web\\\/habilitan-turnos-para-tramitar-la-licencia-de-conducir-en-la-capital\\\/#primaryimage\"},\"image\":{\"@id\":\"https:\\\/\\\/www.eldiariodetucuman.com\\\/web\\\/habilitan-turnos-para-tramitar-la-licencia-de-conducir-en-la-capital\\\/#primaryimage\"},\"thumbnailUrl\":\"https:\\\/\\\/www.eldiariodetucuman.com\\\/web\\\/wp-content\\\/uploads\\\/2020\\\/05\\\/licencia-de-conducir.jpg\",\"datePublished\":\"2020-05-15T15:50:50+00:00\",\"breadcrumb\":{\"@id\":\"https:\\\/\\\/www.eldiariodetucuman.com\\\/web\\\/habilitan-turnos-para-tramitar-la-licencia-de-conducir-en-la-capital\\\/#breadcrumb\"},\"inLanguage\":\"es\",\"potentialAction\":[{\"@type\":\"ReadAction\",\"target\":[\"https:\\\/\\\/www.eldiariodetucuman.com\\\/web\\\/habilitan-turnos-para-tramitar-la-licencia-de-conducir-en-la-capital\\\/\"]}]},{\"@type\":\"ImageObject\",\"inLanguage\":\"es\",\"@id\":\"https:\\\/\\\/www.eldiariodetucuman.com\\\/web\\\/habilitan-turnos-para-tramitar-la-licencia-de-conducir-en-la-capital\\\/#primaryimage\",\"url\":\"https:\\\/\\\/www.eldiariodetucuman.com\\\/web\\\/wp-content\\\/uploads\\\/2020\\\/05\\\/licencia-de-conducir.jpg\",\"contentUrl\":\"https:\\\/\\\/www.eldiariodetucuman.com\\\/web\\\/wp-content\\\/uploads\\\/2020\\\/05\\\/licencia-de-conducir.jpg\",\"width\":970,\"height\":545},{\"@type\":\"BreadcrumbList\",\"@id\":\"https:\\\/\\\/www.eldiariodetucuman.com\\\/web\\\/habilitan-turnos-para-tramitar-la-licencia-de-conducir-en-la-capital\\\/#breadcrumb\",\"itemListElement\":[{\"@type\":\"ListItem\",\"position\":1,\"name\":\"Portada\",\"item\":\"https:\\\/\\\/www.eldiariodetucuman.com\\\/web\\\/\"},{\"@type\":\"ListItem\",\"position\":2,\"name\":\"Habilitan turnos para tramitar la Licencia de Conducir en la Capital\"}]},{\"@type\":\"WebSite\",\"@id\":\"https:\\\/\\\/www.eldiariodetucuman.com\\\/web\\\/#website\",\"url\":\"https:\\\/\\\/www.eldiariodetucuman.com\\\/web\\\/\",\"name\":\"El Diario de Tucuman\",\"description\":\"Diario Tucuman - Informaci\u00f3n y noticias\",\"publisher\":{\"@id\":\"https:\\\/\\\/www.eldiariodetucuman.com\\\/web\\\/#organization\"},\"potentialAction\":[{\"@type\":\"SearchAction\",\"target\":{\"@type\":\"EntryPoint\",\"urlTemplate\":\"https:\\\/\\\/www.eldiariodetucuman.com\\\/web\\\/?s={search_term_string}\"},\"query-input\":{\"@type\":\"PropertyValueSpecification\",\"valueRequired\":true,\"valueName\":\"search_term_string\"}}],\"inLanguage\":\"es\"},{\"@type\":\"Organization\",\"@id\":\"https:\\\/\\\/www.eldiariodetucuman.com\\\/web\\\/#organization\",\"name\":\"El Diario de Tucuman\",\"url\":\"https:\\\/\\\/www.eldiariodetucuman.com\\\/web\\\/\",\"logo\":{\"@type\":\"ImageObject\",\"inLanguage\":\"es\",\"@id\":\"https:\\\/\\\/www.eldiariodetucuman.com\\\/web\\\/#\\\/schema\\\/logo\\\/image\\\/\",\"url\":\"http:\\\/\\\/www.eldiariodetucuman.com\\\/web\\\/wp-content\\\/uploads\\\/2017\\\/12\\\/el-diario-de-tucuman.jpg\",\"contentUrl\":\"http:\\\/\\\/www.eldiariodetucuman.com\\\/web\\\/wp-content\\\/uploads\\\/2017\\\/12\\\/el-diario-de-tucuman.jpg\",\"width\":272,\"height\":92,\"caption\":\"El Diario de Tucuman\"},\"image\":{\"@id\":\"https:\\\/\\\/www.eldiariodetucuman.com\\\/web\\\/#\\\/schema\\\/logo\\\/image\\\/\"}},{\"@type\":\"Person\",\"@id\":\"https:\\\/\\\/www.eldiariodetucuman.com\\\/web\\\/#\\\/schema\\\/person\\\/7e6644a46e60888f6b868594407e08dd\",\"name\":\"Redactor Uno\",\"image\":{\"@type\":\"ImageObject\",\"inLanguage\":\"es\",\"@id\":\"https:\\\/\\\/secure.gravatar.com\\\/avatar\\\/0049b1bdf1bd548385c9ea6b9356431717930913089febd2ba904f0187d7d074?s=96&d=mm&r=g\",\"url\":\"https:\\\/\\\/secure.gravatar.com\\\/avatar\\\/0049b1bdf1bd548385c9ea6b9356431717930913089febd2ba904f0187d7d074?s=96&d=mm&r=g\",\"contentUrl\":\"https:\\\/\\\/secure.gravatar.com\\\/avatar\\\/0049b1bdf1bd548385c9ea6b9356431717930913089febd2ba904f0187d7d074?s=96&d=mm&r=g\",\"caption\":\"Redactor Uno\"},\"url\":\"https:\\\/\\\/www.eldiariodetucuman.com\\\/web\\\/author\\\/mramasco\\\/\"}]}<\/script>\n<!-- \/ Yoast SEO plugin. -->","yoast_head_json":{"title":"Habilitan turnos para tramitar la Licencia de Conducir en la Capital - El Diario de Tucuman","robots":{"index":"index","follow":"follow","max-snippet":"max-snippet:-1","max-image-preview":"max-image-preview:large","max-video-preview":"max-video-preview:-1"},"canonical":"https:\/\/www.eldiariodetucuman.com\/web\/habilitan-turnos-para-tramitar-la-licencia-de-conducir-en-la-capital\/","og_locale":"es_ES","og_type":"article","og_title":"Habilitan turnos para tramitar la Licencia de Conducir en la Capital - El Diario de Tucuman","og_description":"La Municipalidad de San Miguel de Tucum\u00e1n record\u00f3 que\u00a0el pr\u00f3ximo lunes 18 de mayo se reanudar\u00e1 la atenci\u00f3n a los interesados en obtener por primera vez o renovar la Licencia de Conducir en la Capital.\u00a0El tr\u00e1mite se podr\u00e1 realizar en el\u00a0Centro de Emisi\u00f3n que funciona en la Direcci\u00f3n de Tr\u00e1nsito y de la V\u00eda P\u00fablica, [&hellip;]","og_url":"https:\/\/www.eldiariodetucuman.com\/web\/habilitan-turnos-para-tramitar-la-licencia-de-conducir-en-la-capital\/","og_site_name":"El Diario de Tucuman","article_published_time":"2020-05-15T15:50:50+00:00","og_image":[{"width":970,"height":545,"url":"https:\/\/www.eldiariodetucuman.com\/web\/wp-content\/uploads\/2020\/05\/licencia-de-conducir.jpg","type":"image\/jpeg"}],"author":"Redactor Uno","twitter_card":"summary_large_image","twitter_misc":{"Escrito por":"Redactor Uno","Tiempo de lectura":"4 minutos"},"schema":{"@context":"https:\/\/schema.org","@graph":[{"@type":"Article","@id":"https:\/\/www.eldiariodetucuman.com\/web\/habilitan-turnos-para-tramitar-la-licencia-de-conducir-en-la-capital\/#article","isPartOf":{"@id":"https:\/\/www.eldiariodetucuman.com\/web\/habilitan-turnos-para-tramitar-la-licencia-de-conducir-en-la-capital\/"},"author":{"name":"Redactor Uno","@id":"https:\/\/www.eldiariodetucuman.com\/web\/#\/schema\/person\/7e6644a46e60888f6b868594407e08dd"},"headline":"Habilitan turnos para tramitar la Licencia de Conducir en la Capital","datePublished":"2020-05-15T15:50:50+00:00","mainEntityOfPage":{"@id":"https:\/\/www.eldiariodetucuman.com\/web\/habilitan-turnos-para-tramitar-la-licencia-de-conducir-en-la-capital\/"},"wordCount":785,"publisher":{"@id":"https:\/\/www.eldiariodetucuman.com\/web\/#organization"},"image":{"@id":"https:\/\/www.eldiariodetucuman.com\/web\/habilitan-turnos-para-tramitar-la-licencia-de-conducir-en-la-capital\/#primaryimage"},"thumbnailUrl":"https:\/\/www.eldiariodetucuman.com\/web\/wp-content\/uploads\/2020\/05\/licencia-de-conducir.jpg","keywords":["licencia de conducir","Tucuman"],"articleSection":["Actualidad"],"inLanguage":"es"},{"@type":"WebPage","@id":"https:\/\/www.eldiariodetucuman.com\/web\/habilitan-turnos-para-tramitar-la-licencia-de-conducir-en-la-capital\/","url":"https:\/\/www.eldiariodetucuman.com\/web\/habilitan-turnos-para-tramitar-la-licencia-de-conducir-en-la-capital\/","name":"Habilitan turnos para tramitar la Licencia de Conducir en la Capital - El Diario de Tucuman","isPartOf":{"@id":"https:\/\/www.eldiariodetucuman.com\/web\/#website"},"primaryImageOfPage":{"@id":"https:\/\/www.eldiariodetucuman.com\/web\/habilitan-turnos-para-tramitar-la-licencia-de-conducir-en-la-capital\/#primaryimage"},"image":{"@id":"https:\/\/www.eldiariodetucuman.com\/web\/habilitan-turnos-para-tramitar-la-licencia-de-conducir-en-la-capital\/#primaryimage"},"thumbnailUrl":"https:\/\/www.eldiariodetucuman.com\/web\/wp-content\/uploads\/2020\/05\/licencia-de-conducir.jpg","datePublished":"2020-05-15T15:50:50+00:00","breadcrumb":{"@id":"https:\/\/www.eldiariodetucuman.com\/web\/habilitan-turnos-para-tramitar-la-licencia-de-conducir-en-la-capital\/#breadcrumb"},"inLanguage":"es","potentialAction":[{"@type":"ReadAction","target":["https:\/\/www.eldiariodetucuman.com\/web\/habilitan-turnos-para-tramitar-la-licencia-de-conducir-en-la-capital\/"]}]},{"@type":"ImageObject","inLanguage":"es","@id":"https:\/\/www.eldiariodetucuman.com\/web\/habilitan-turnos-para-tramitar-la-licencia-de-conducir-en-la-capital\/#primaryimage","url":"https:\/\/www.eldiariodetucuman.com\/web\/wp-content\/uploads\/2020\/05\/licencia-de-conducir.jpg","contentUrl":"https:\/\/www.eldiariodetucuman.com\/web\/wp-content\/uploads\/2020\/05\/licencia-de-conducir.jpg","width":970,"height":545},{"@type":"BreadcrumbList","@id":"https:\/\/www.eldiariodetucuman.com\/web\/habilitan-turnos-para-tramitar-la-licencia-de-conducir-en-la-capital\/#breadcrumb","itemListElement":[{"@type":"ListItem","position":1,"name":"Portada","item":"https:\/\/www.eldiariodetucuman.com\/web\/"},{"@type":"ListItem","position":2,"name":"Habilitan turnos para tramitar la Licencia de Conducir en la Capital"}]},{"@type":"WebSite","@id":"https:\/\/www.eldiariodetucuman.com\/web\/#website","url":"https:\/\/www.eldiariodetucuman.com\/web\/","name":"El Diario de Tucuman","description":"Diario Tucuman - Informaci\u00f3n y noticias","publisher":{"@id":"https:\/\/www.eldiariodetucuman.com\/web\/#organization"},"potentialAction":[{"@type":"SearchAction","target":{"@type":"EntryPoint","urlTemplate":"https:\/\/www.eldiariodetucuman.com\/web\/?s={search_term_string}"},"query-input":{"@type":"PropertyValueSpecification","valueRequired":true,"valueName":"search_term_string"}}],"inLanguage":"es"},{"@type":"Organization","@id":"https:\/\/www.eldiariodetucuman.com\/web\/#organization","name":"El Diario de Tucuman","url":"https:\/\/www.eldiariodetucuman.com\/web\/","logo":{"@type":"ImageObject","inLanguage":"es","@id":"https:\/\/www.eldiariodetucuman.com\/web\/#\/schema\/logo\/image\/","url":"http:\/\/www.eldiariodetucuman.com\/web\/wp-content\/uploads\/2017\/12\/el-diario-de-tucuman.jpg","contentUrl":"http:\/\/www.eldiariodetucuman.com\/web\/wp-content\/uploads\/2017\/12\/el-diario-de-tucuman.jpg","width":272,"height":92,"caption":"El Diario de Tucuman"},"image":{"@id":"https:\/\/www.eldiariodetucuman.com\/web\/#\/schema\/logo\/image\/"}},{"@type":"Person","@id":"https:\/\/www.eldiariodetucuman.com\/web\/#\/schema\/person\/7e6644a46e60888f6b868594407e08dd","name":"Redactor Uno","image":{"@type":"ImageObject","inLanguage":"es","@id":"https:\/\/secure.gravatar.com\/avatar\/0049b1bdf1bd548385c9ea6b9356431717930913089febd2ba904f0187d7d074?s=96&d=mm&r=g","url":"https:\/\/secure.gravatar.com\/avatar\/0049b1bdf1bd548385c9ea6b9356431717930913089febd2ba904f0187d7d074?s=96&d=mm&r=g","contentUrl":"https:\/\/secure.gravatar.com\/avatar\/0049b1bdf1bd548385c9ea6b9356431717930913089febd2ba904f0187d7d074?s=96&d=mm&r=g","caption":"Redactor Uno"},"url":"https:\/\/www.eldiariodetucuman.com\/web\/author\/mramasco\/"}]}},"_links":{"self":[{"href":"https:\/\/www.eldiariodetucuman.com\/web\/wp-json\/wp\/v2\/posts\/27467","targetHints":{"allow":["GET"]}}],"collection":[{"href":"https:\/\/www.eldiariodetucuman.com\/web\/wp-json\/wp\/v2\/posts"}],"about":[{"href":"https:\/\/www.eldiariodetucuman.com\/web\/wp-json\/wp\/v2\/types\/post"}],"author":[{"embeddable":true,"href":"https:\/\/www.eldiariodetucuman.com\/web\/wp-json\/wp\/v2\/users\/5"}],"replies":[{"embeddable":true,"href":"https:\/\/www.eldiariodetucuman.com\/web\/wp-json\/wp\/v2\/comments?post=27467"}],"version-history":[{"count":1,"href":"https:\/\/www.eldiariodetucuman.com\/web\/wp-json\/wp\/v2\/posts\/27467\/revisions"}],"predecessor-version":[{"id":27469,"href":"https:\/\/www.eldiariodetucuman.com\/web\/wp-json\/wp\/v2\/posts\/27467\/revisions\/27469"}],"wp:featuredmedia":[{"embeddable":true,"href":"https:\/\/www.eldiariodetucuman.com\/web\/wp-json\/wp\/v2\/media\/27468"}],"wp:attachment":[{"href":"https:\/\/www.eldiariodetucuman.com\/web\/wp-json\/wp\/v2\/media?parent=27467"}],"wp:term":[{"taxonomy":"category","embeddable":true,"href":"https:\/\/www.eldiariodetucuman.com\/web\/wp-json\/wp\/v2\/categories?post=27467"},{"taxonomy":"post_tag","embeddable":true,"href":"https:\/\/www.eldiariodetucuman.com\/web\/wp-json\/wp\/v2\/tags?post=27467"}],"curies":[{"name":"wp","href":"https:\/\/api.w.org\/{rel}","templated":true}]}}