{"id":27463,"date":"2020-05-15T12:36:55","date_gmt":"2020-05-15T15:36:55","guid":{"rendered":"http:\/\/www.eldiariodetucuman.com\/web\/?p=27463"},"modified":"2020-05-15T12:38:46","modified_gmt":"2020-05-15T15:38:46","slug":"mas-de-1000-solicitudes-esperan-autorizacion-para-el-regreso-a-casa","status":"publish","type":"post","link":"https:\/\/www.eldiariodetucuman.com\/web\/mas-de-1000-solicitudes-esperan-autorizacion-para-el-regreso-a-casa\/","title":{"rendered":"M\u00e1s de 1000 solicitantes esperan autorizaci\u00f3n para regresar a casa"},"content":{"rendered":"<div class=\"entry-content\">\n<p class=\"selectionShareable\">En el marco del programa \u201cRegreso a casa\u201d, que contempla el ingreso a nuestra provincia de aquellos ciudadanos tucumanos varados en diferentes partes del pa\u00eds y el exterior, el Comit\u00e9 Operativo de Emergencia (COE), recibi\u00f3 m\u00e1s de\u00a01000 formularios\u00a0 para retornar a la provincia.<\/p>\n<\/div>\n<p><!--more--><\/p>\n<div class=\"entry-content\">\n<p class=\"selectionShareable\">La gesti\u00f3n del tr\u00e1mite no implica la habilitaci\u00f3n inmediata, cada caso es analizado y revisado por los miembros del Comit\u00e9, con la finalidad de evitar el colapso en el sistema sanitario y de seguridad.<\/p>\n<p class=\"selectionShareable\">\u201cCon respecto al tr\u00e1mite de regreso a casa para aquellos ciudadanos que est\u00e1n varados en otras provincias hemos habilitado un\u00a0<a href=\"https:\/\/coe.tucuman.gov.ar\/regreso_a_casas\" target=\"_blank\" rel=\"noopener noreferrer\">link<\/a>\u00a0donde ellos pueden solicitar un permiso para regresar al hogar. Estamos teniendo alrededor de 1000 formularios que fueron ingresados para que tramitemos su autorizaci\u00f3n\u201d, coment\u00f3, la subsecretaria de Control de Gesti\u00f3n,\u00a0<strong>Emilia Tarifa<\/strong>.<\/p>\n<p class=\"selectionShareable\">En ese sentido la funcionaria solicit\u00f3 paciencia a los ciudadanos, \u201centendemos la situaci\u00f3n desesperante de volver a su hogar, pero tambi\u00e9n es importante que tengamos siempre en cuenta que estamos atravesando una situaci\u00f3n que para todos es at\u00edpica y por lo tanto nosotros estamos tratando de hacer lo posible para que ellos vuelvan, pero manteniendo la situaci\u00f3n de sanidad y seguridad de todos los ciudadanos, no solo de los que ingresan sino tambi\u00e9n de los que estamos en la provincia\u201d.<\/p>\n<p class=\"selectionShareable\">Con respecto a los formularios, Tarifa se\u00f1al\u00f3 que todas las solicitudes son recibidas pero analizadas individualmente, \u201chacemos una lectura de cada uno, se procesa la informaci\u00f3n y luego de emite la primera autorizaci\u00f3n que es elevada a Naci\u00f3n donde se formula el certificado final y es remitido a las personas interesadas. Tratamos de ver cada situaci\u00f3n en particular, es un trabajo arduo, debemos estudiar cada caso, hay personas que estuvieron en el exterior, otras que tuvieron contacto con alguien que tuvo el COVID positivo, entonces por el bienestar de todos debemos hacer un trabajo minucioso\u201d.<\/p>\n<p class=\"selectionShareable\">Por su parte el subsecretario de Seguridad,\u00a0<strong>Jos\u00e9 Ardiles,<\/strong>\u00a0agreg\u00f3 que, \u201cel trabajo en el COE es permanente, tenemos 100 llamadas telef\u00f3nicas por d\u00eda, es un n\u00famero importante y desde que comenz\u00f3 el programa de \u00b4Regreso a casa\u00b4, entre mi\u00e9rcoles, jueves y viernes, solamente, hemos recibido 850 correos y eso se lo est\u00e1 trabajando, ser\u00e1n analizados para no colapsar el sistema de seguridad ni el sistema sanitario y adem\u00e1s de estas solicitudes, recibimos permanentemente los correos y llamadas telef\u00f3nicas por personas que hacen otros tipos de consultas y respondiendo a todas las cuestiones que hacen a la emergencia\u201d, cerr\u00f3.<\/p>\n<p class=\"post-tags\"><strong>Fuente:<\/strong> <a href=\"http:\/\/comunicaciontucuman.gob.ar\/2020\/05\/mas-de-1000-solicitudes-son-analizadas-en-regreso-a-casa\/\">http:\/\/comunicaciontucuman.gob.ar\/2020\/05\/mas-de-1000-solicitudes-son-analizadas-en-regreso-a-casa\/<\/a><\/p>\n<\/div>\n","protected":false},"excerpt":{"rendered":"<p>En el marco del programa \u201cRegreso a casa\u201d, que contempla el ingreso a nuestra provincia de aquellos ciudadanos tucumanos varados en diferentes partes del pa\u00eds y el exterior, el Comit\u00e9 Operativo de Emergencia (COE), recibi\u00f3 m\u00e1s de\u00a01000 formularios\u00a0 para retornar a la provincia.<\/p>\n","protected":false},"author":5,"featured_media":27464,"comment_status":"closed","ping_status":"open","sticky":false,"template":"","format":"standard","meta":{"footnotes":""},"categories":[3,1],"tags":[3109,3193,61],"class_list":{"0":"post-27463","1":"post","2":"type-post","3":"status-publish","4":"format-standard","5":"has-post-thumbnail","7":"category-politica","8":"category-portada","9":"tag-cuarentena","10":"tag-regreso-a-casa","11":"tag-tucuman"},"yoast_head":"<!-- This site is optimized with the Yoast SEO plugin v27.4 - https:\/\/yoast.com\/product\/yoast-seo-wordpress\/ -->\n<title>M\u00e1s de 1000 solicitantes esperan autorizaci\u00f3n para regresar a casa - El Diario de Tucuman<\/title>\n<meta name=\"robots\" content=\"index, follow, max-snippet:-1, max-image-preview:large, max-video-preview:-1\" \/>\n<link rel=\"canonical\" href=\"https:\/\/www.eldiariodetucuman.com\/web\/mas-de-1000-solicitudes-esperan-autorizacion-para-el-regreso-a-casa\/\" \/>\n<meta property=\"og:locale\" content=\"es_ES\" \/>\n<meta property=\"og:type\" content=\"article\" \/>\n<meta property=\"og:title\" content=\"M\u00e1s de 1000 solicitantes esperan autorizaci\u00f3n para regresar a casa - El Diario de Tucuman\" \/>\n<meta property=\"og:description\" content=\"En el marco del programa \u201cRegreso a casa\u201d, que contempla el ingreso a nuestra provincia de aquellos ciudadanos tucumanos varados en diferentes partes del pa\u00eds y el exterior, el Comit\u00e9 Operativo de Emergencia (COE), recibi\u00f3 m\u00e1s de\u00a01000 formularios\u00a0 para retornar a la provincia.\" \/>\n<meta property=\"og:url\" content=\"https:\/\/www.eldiariodetucuman.com\/web\/mas-de-1000-solicitudes-esperan-autorizacion-para-el-regreso-a-casa\/\" \/>\n<meta property=\"og:site_name\" content=\"El Diario de Tucuman\" \/>\n<meta property=\"article:published_time\" content=\"2020-05-15T15:36:55+00:00\" \/>\n<meta property=\"article:modified_time\" content=\"2020-05-15T15:38:46+00:00\" \/>\n<meta property=\"og:image\" content=\"https:\/\/www.eldiariodetucuman.com\/web\/wp-content\/uploads\/2020\/05\/regreso-a-casa-2.jpeg\" \/>\n\t<meta property=\"og:image:width\" content=\"750\" \/>\n\t<meta property=\"og:image:height\" content=\"416\" \/>\n\t<meta property=\"og:image:type\" content=\"image\/jpeg\" \/>\n<meta name=\"author\" content=\"Redactor Uno\" \/>\n<meta name=\"twitter:card\" content=\"summary_large_image\" \/>\n<meta name=\"twitter:label1\" content=\"Escrito por\" \/>\n\t<meta name=\"twitter:data1\" content=\"Redactor Uno\" \/>\n\t<meta name=\"twitter:label2\" content=\"Tiempo de lectura\" \/>\n\t<meta name=\"twitter:data2\" content=\"2 minutos\" \/>\n<script type=\"application\/ld+json\" class=\"yoast-schema-graph\">{\"@context\":\"https:\\\/\\\/schema.org\",\"@graph\":[{\"@type\":\"Article\",\"@id\":\"https:\\\/\\\/www.eldiariodetucuman.com\\\/web\\\/mas-de-1000-solicitudes-esperan-autorizacion-para-el-regreso-a-casa\\\/#article\",\"isPartOf\":{\"@id\":\"https:\\\/\\\/www.eldiariodetucuman.com\\\/web\\\/mas-de-1000-solicitudes-esperan-autorizacion-para-el-regreso-a-casa\\\/\"},\"author\":{\"name\":\"Redactor Uno\",\"@id\":\"https:\\\/\\\/www.eldiariodetucuman.com\\\/web\\\/#\\\/schema\\\/person\\\/7e6644a46e60888f6b868594407e08dd\"},\"headline\":\"M\u00e1s de 1000 solicitantes esperan autorizaci\u00f3n para regresar a casa\",\"datePublished\":\"2020-05-15T15:36:55+00:00\",\"dateModified\":\"2020-05-15T15:38:46+00:00\",\"mainEntityOfPage\":{\"@id\":\"https:\\\/\\\/www.eldiariodetucuman.com\\\/web\\\/mas-de-1000-solicitudes-esperan-autorizacion-para-el-regreso-a-casa\\\/\"},\"wordCount\":447,\"publisher\":{\"@id\":\"https:\\\/\\\/www.eldiariodetucuman.com\\\/web\\\/#organization\"},\"image\":{\"@id\":\"https:\\\/\\\/www.eldiariodetucuman.com\\\/web\\\/mas-de-1000-solicitudes-esperan-autorizacion-para-el-regreso-a-casa\\\/#primaryimage\"},\"thumbnailUrl\":\"https:\\\/\\\/www.eldiariodetucuman.com\\\/web\\\/wp-content\\\/uploads\\\/2020\\\/05\\\/regreso-a-casa-2.jpeg\",\"keywords\":[\"cuarentena\",\"regreso a casa\",\"Tucuman\"],\"articleSection\":[\"Politica\",\"Portada\"],\"inLanguage\":\"es\"},{\"@type\":\"WebPage\",\"@id\":\"https:\\\/\\\/www.eldiariodetucuman.com\\\/web\\\/mas-de-1000-solicitudes-esperan-autorizacion-para-el-regreso-a-casa\\\/\",\"url\":\"https:\\\/\\\/www.eldiariodetucuman.com\\\/web\\\/mas-de-1000-solicitudes-esperan-autorizacion-para-el-regreso-a-casa\\\/\",\"name\":\"M\u00e1s de 1000 solicitantes esperan autorizaci\u00f3n para regresar a casa - El Diario de Tucuman\",\"isPartOf\":{\"@id\":\"https:\\\/\\\/www.eldiariodetucuman.com\\\/web\\\/#website\"},\"primaryImageOfPage\":{\"@id\":\"https:\\\/\\\/www.eldiariodetucuman.com\\\/web\\\/mas-de-1000-solicitudes-esperan-autorizacion-para-el-regreso-a-casa\\\/#primaryimage\"},\"image\":{\"@id\":\"https:\\\/\\\/www.eldiariodetucuman.com\\\/web\\\/mas-de-1000-solicitudes-esperan-autorizacion-para-el-regreso-a-casa\\\/#primaryimage\"},\"thumbnailUrl\":\"https:\\\/\\\/www.eldiariodetucuman.com\\\/web\\\/wp-content\\\/uploads\\\/2020\\\/05\\\/regreso-a-casa-2.jpeg\",\"datePublished\":\"2020-05-15T15:36:55+00:00\",\"dateModified\":\"2020-05-15T15:38:46+00:00\",\"breadcrumb\":{\"@id\":\"https:\\\/\\\/www.eldiariodetucuman.com\\\/web\\\/mas-de-1000-solicitudes-esperan-autorizacion-para-el-regreso-a-casa\\\/#breadcrumb\"},\"inLanguage\":\"es\",\"potentialAction\":[{\"@type\":\"ReadAction\",\"target\":[\"https:\\\/\\\/www.eldiariodetucuman.com\\\/web\\\/mas-de-1000-solicitudes-esperan-autorizacion-para-el-regreso-a-casa\\\/\"]}]},{\"@type\":\"ImageObject\",\"inLanguage\":\"es\",\"@id\":\"https:\\\/\\\/www.eldiariodetucuman.com\\\/web\\\/mas-de-1000-solicitudes-esperan-autorizacion-para-el-regreso-a-casa\\\/#primaryimage\",\"url\":\"https:\\\/\\\/www.eldiariodetucuman.com\\\/web\\\/wp-content\\\/uploads\\\/2020\\\/05\\\/regreso-a-casa-2.jpeg\",\"contentUrl\":\"https:\\\/\\\/www.eldiariodetucuman.com\\\/web\\\/wp-content\\\/uploads\\\/2020\\\/05\\\/regreso-a-casa-2.jpeg\",\"width\":750,\"height\":416},{\"@type\":\"BreadcrumbList\",\"@id\":\"https:\\\/\\\/www.eldiariodetucuman.com\\\/web\\\/mas-de-1000-solicitudes-esperan-autorizacion-para-el-regreso-a-casa\\\/#breadcrumb\",\"itemListElement\":[{\"@type\":\"ListItem\",\"position\":1,\"name\":\"Portada\",\"item\":\"https:\\\/\\\/www.eldiariodetucuman.com\\\/web\\\/\"},{\"@type\":\"ListItem\",\"position\":2,\"name\":\"M\u00e1s de 1000 solicitantes esperan autorizaci\u00f3n para regresar a casa\"}]},{\"@type\":\"WebSite\",\"@id\":\"https:\\\/\\\/www.eldiariodetucuman.com\\\/web\\\/#website\",\"url\":\"https:\\\/\\\/www.eldiariodetucuman.com\\\/web\\\/\",\"name\":\"El Diario de Tucuman\",\"description\":\"Diario Tucuman - Informaci\u00f3n y noticias\",\"publisher\":{\"@id\":\"https:\\\/\\\/www.eldiariodetucuman.com\\\/web\\\/#organization\"},\"potentialAction\":[{\"@type\":\"SearchAction\",\"target\":{\"@type\":\"EntryPoint\",\"urlTemplate\":\"https:\\\/\\\/www.eldiariodetucuman.com\\\/web\\\/?s={search_term_string}\"},\"query-input\":{\"@type\":\"PropertyValueSpecification\",\"valueRequired\":true,\"valueName\":\"search_term_string\"}}],\"inLanguage\":\"es\"},{\"@type\":\"Organization\",\"@id\":\"https:\\\/\\\/www.eldiariodetucuman.com\\\/web\\\/#organization\",\"name\":\"El Diario de Tucuman\",\"url\":\"https:\\\/\\\/www.eldiariodetucuman.com\\\/web\\\/\",\"logo\":{\"@type\":\"ImageObject\",\"inLanguage\":\"es\",\"@id\":\"https:\\\/\\\/www.eldiariodetucuman.com\\\/web\\\/#\\\/schema\\\/logo\\\/image\\\/\",\"url\":\"http:\\\/\\\/www.eldiariodetucuman.com\\\/web\\\/wp-content\\\/uploads\\\/2017\\\/12\\\/el-diario-de-tucuman.jpg\",\"contentUrl\":\"http:\\\/\\\/www.eldiariodetucuman.com\\\/web\\\/wp-content\\\/uploads\\\/2017\\\/12\\\/el-diario-de-tucuman.jpg\",\"width\":272,\"height\":92,\"caption\":\"El Diario de Tucuman\"},\"image\":{\"@id\":\"https:\\\/\\\/www.eldiariodetucuman.com\\\/web\\\/#\\\/schema\\\/logo\\\/image\\\/\"}},{\"@type\":\"Person\",\"@id\":\"https:\\\/\\\/www.eldiariodetucuman.com\\\/web\\\/#\\\/schema\\\/person\\\/7e6644a46e60888f6b868594407e08dd\",\"name\":\"Redactor Uno\",\"image\":{\"@type\":\"ImageObject\",\"inLanguage\":\"es\",\"@id\":\"https:\\\/\\\/secure.gravatar.com\\\/avatar\\\/0049b1bdf1bd548385c9ea6b9356431717930913089febd2ba904f0187d7d074?s=96&d=mm&r=g\",\"url\":\"https:\\\/\\\/secure.gravatar.com\\\/avatar\\\/0049b1bdf1bd548385c9ea6b9356431717930913089febd2ba904f0187d7d074?s=96&d=mm&r=g\",\"contentUrl\":\"https:\\\/\\\/secure.gravatar.com\\\/avatar\\\/0049b1bdf1bd548385c9ea6b9356431717930913089febd2ba904f0187d7d074?s=96&d=mm&r=g\",\"caption\":\"Redactor Uno\"},\"url\":\"https:\\\/\\\/www.eldiariodetucuman.com\\\/web\\\/author\\\/mramasco\\\/\"}]}<\/script>\n<!-- \/ Yoast SEO plugin. -->","yoast_head_json":{"title":"M\u00e1s de 1000 solicitantes esperan autorizaci\u00f3n para regresar a casa - El Diario de Tucuman","robots":{"index":"index","follow":"follow","max-snippet":"max-snippet:-1","max-image-preview":"max-image-preview:large","max-video-preview":"max-video-preview:-1"},"canonical":"https:\/\/www.eldiariodetucuman.com\/web\/mas-de-1000-solicitudes-esperan-autorizacion-para-el-regreso-a-casa\/","og_locale":"es_ES","og_type":"article","og_title":"M\u00e1s de 1000 solicitantes esperan autorizaci\u00f3n para regresar a casa - El Diario de Tucuman","og_description":"En el marco del programa \u201cRegreso a casa\u201d, que contempla el ingreso a nuestra provincia de aquellos ciudadanos tucumanos varados en diferentes partes del pa\u00eds y el exterior, el Comit\u00e9 Operativo de Emergencia (COE), recibi\u00f3 m\u00e1s de\u00a01000 formularios\u00a0 para retornar a la provincia.","og_url":"https:\/\/www.eldiariodetucuman.com\/web\/mas-de-1000-solicitudes-esperan-autorizacion-para-el-regreso-a-casa\/","og_site_name":"El Diario de Tucuman","article_published_time":"2020-05-15T15:36:55+00:00","article_modified_time":"2020-05-15T15:38:46+00:00","og_image":[{"width":750,"height":416,"url":"https:\/\/www.eldiariodetucuman.com\/web\/wp-content\/uploads\/2020\/05\/regreso-a-casa-2.jpeg","type":"image\/jpeg"}],"author":"Redactor Uno","twitter_card":"summary_large_image","twitter_misc":{"Escrito por":"Redactor Uno","Tiempo de lectura":"2 minutos"},"schema":{"@context":"https:\/\/schema.org","@graph":[{"@type":"Article","@id":"https:\/\/www.eldiariodetucuman.com\/web\/mas-de-1000-solicitudes-esperan-autorizacion-para-el-regreso-a-casa\/#article","isPartOf":{"@id":"https:\/\/www.eldiariodetucuman.com\/web\/mas-de-1000-solicitudes-esperan-autorizacion-para-el-regreso-a-casa\/"},"author":{"name":"Redactor Uno","@id":"https:\/\/www.eldiariodetucuman.com\/web\/#\/schema\/person\/7e6644a46e60888f6b868594407e08dd"},"headline":"M\u00e1s de 1000 solicitantes esperan autorizaci\u00f3n para regresar a casa","datePublished":"2020-05-15T15:36:55+00:00","dateModified":"2020-05-15T15:38:46+00:00","mainEntityOfPage":{"@id":"https:\/\/www.eldiariodetucuman.com\/web\/mas-de-1000-solicitudes-esperan-autorizacion-para-el-regreso-a-casa\/"},"wordCount":447,"publisher":{"@id":"https:\/\/www.eldiariodetucuman.com\/web\/#organization"},"image":{"@id":"https:\/\/www.eldiariodetucuman.com\/web\/mas-de-1000-solicitudes-esperan-autorizacion-para-el-regreso-a-casa\/#primaryimage"},"thumbnailUrl":"https:\/\/www.eldiariodetucuman.com\/web\/wp-content\/uploads\/2020\/05\/regreso-a-casa-2.jpeg","keywords":["cuarentena","regreso a casa","Tucuman"],"articleSection":["Politica","Portada"],"inLanguage":"es"},{"@type":"WebPage","@id":"https:\/\/www.eldiariodetucuman.com\/web\/mas-de-1000-solicitudes-esperan-autorizacion-para-el-regreso-a-casa\/","url":"https:\/\/www.eldiariodetucuman.com\/web\/mas-de-1000-solicitudes-esperan-autorizacion-para-el-regreso-a-casa\/","name":"M\u00e1s de 1000 solicitantes esperan autorizaci\u00f3n para regresar a casa - El Diario de Tucuman","isPartOf":{"@id":"https:\/\/www.eldiariodetucuman.com\/web\/#website"},"primaryImageOfPage":{"@id":"https:\/\/www.eldiariodetucuman.com\/web\/mas-de-1000-solicitudes-esperan-autorizacion-para-el-regreso-a-casa\/#primaryimage"},"image":{"@id":"https:\/\/www.eldiariodetucuman.com\/web\/mas-de-1000-solicitudes-esperan-autorizacion-para-el-regreso-a-casa\/#primaryimage"},"thumbnailUrl":"https:\/\/www.eldiariodetucuman.com\/web\/wp-content\/uploads\/2020\/05\/regreso-a-casa-2.jpeg","datePublished":"2020-05-15T15:36:55+00:00","dateModified":"2020-05-15T15:38:46+00:00","breadcrumb":{"@id":"https:\/\/www.eldiariodetucuman.com\/web\/mas-de-1000-solicitudes-esperan-autorizacion-para-el-regreso-a-casa\/#breadcrumb"},"inLanguage":"es","potentialAction":[{"@type":"ReadAction","target":["https:\/\/www.eldiariodetucuman.com\/web\/mas-de-1000-solicitudes-esperan-autorizacion-para-el-regreso-a-casa\/"]}]},{"@type":"ImageObject","inLanguage":"es","@id":"https:\/\/www.eldiariodetucuman.com\/web\/mas-de-1000-solicitudes-esperan-autorizacion-para-el-regreso-a-casa\/#primaryimage","url":"https:\/\/www.eldiariodetucuman.com\/web\/wp-content\/uploads\/2020\/05\/regreso-a-casa-2.jpeg","contentUrl":"https:\/\/www.eldiariodetucuman.com\/web\/wp-content\/uploads\/2020\/05\/regreso-a-casa-2.jpeg","width":750,"height":416},{"@type":"BreadcrumbList","@id":"https:\/\/www.eldiariodetucuman.com\/web\/mas-de-1000-solicitudes-esperan-autorizacion-para-el-regreso-a-casa\/#breadcrumb","itemListElement":[{"@type":"ListItem","position":1,"name":"Portada","item":"https:\/\/www.eldiariodetucuman.com\/web\/"},{"@type":"ListItem","position":2,"name":"M\u00e1s de 1000 solicitantes esperan autorizaci\u00f3n para regresar a casa"}]},{"@type":"WebSite","@id":"https:\/\/www.eldiariodetucuman.com\/web\/#website","url":"https:\/\/www.eldiariodetucuman.com\/web\/","name":"El Diario de Tucuman","description":"Diario Tucuman - Informaci\u00f3n y noticias","publisher":{"@id":"https:\/\/www.eldiariodetucuman.com\/web\/#organization"},"potentialAction":[{"@type":"SearchAction","target":{"@type":"EntryPoint","urlTemplate":"https:\/\/www.eldiariodetucuman.com\/web\/?s={search_term_string}"},"query-input":{"@type":"PropertyValueSpecification","valueRequired":true,"valueName":"search_term_string"}}],"inLanguage":"es"},{"@type":"Organization","@id":"https:\/\/www.eldiariodetucuman.com\/web\/#organization","name":"El Diario de Tucuman","url":"https:\/\/www.eldiariodetucuman.com\/web\/","logo":{"@type":"ImageObject","inLanguage":"es","@id":"https:\/\/www.eldiariodetucuman.com\/web\/#\/schema\/logo\/image\/","url":"http:\/\/www.eldiariodetucuman.com\/web\/wp-content\/uploads\/2017\/12\/el-diario-de-tucuman.jpg","contentUrl":"http:\/\/www.eldiariodetucuman.com\/web\/wp-content\/uploads\/2017\/12\/el-diario-de-tucuman.jpg","width":272,"height":92,"caption":"El Diario de Tucuman"},"image":{"@id":"https:\/\/www.eldiariodetucuman.com\/web\/#\/schema\/logo\/image\/"}},{"@type":"Person","@id":"https:\/\/www.eldiariodetucuman.com\/web\/#\/schema\/person\/7e6644a46e60888f6b868594407e08dd","name":"Redactor Uno","image":{"@type":"ImageObject","inLanguage":"es","@id":"https:\/\/secure.gravatar.com\/avatar\/0049b1bdf1bd548385c9ea6b9356431717930913089febd2ba904f0187d7d074?s=96&d=mm&r=g","url":"https:\/\/secure.gravatar.com\/avatar\/0049b1bdf1bd548385c9ea6b9356431717930913089febd2ba904f0187d7d074?s=96&d=mm&r=g","contentUrl":"https:\/\/secure.gravatar.com\/avatar\/0049b1bdf1bd548385c9ea6b9356431717930913089febd2ba904f0187d7d074?s=96&d=mm&r=g","caption":"Redactor Uno"},"url":"https:\/\/www.eldiariodetucuman.com\/web\/author\/mramasco\/"}]}},"_links":{"self":[{"href":"https:\/\/www.eldiariodetucuman.com\/web\/wp-json\/wp\/v2\/posts\/27463","targetHints":{"allow":["GET"]}}],"collection":[{"href":"https:\/\/www.eldiariodetucuman.com\/web\/wp-json\/wp\/v2\/posts"}],"about":[{"href":"https:\/\/www.eldiariodetucuman.com\/web\/wp-json\/wp\/v2\/types\/post"}],"author":[{"embeddable":true,"href":"https:\/\/www.eldiariodetucuman.com\/web\/wp-json\/wp\/v2\/users\/5"}],"replies":[{"embeddable":true,"href":"https:\/\/www.eldiariodetucuman.com\/web\/wp-json\/wp\/v2\/comments?post=27463"}],"version-history":[{"count":2,"href":"https:\/\/www.eldiariodetucuman.com\/web\/wp-json\/wp\/v2\/posts\/27463\/revisions"}],"predecessor-version":[{"id":27466,"href":"https:\/\/www.eldiariodetucuman.com\/web\/wp-json\/wp\/v2\/posts\/27463\/revisions\/27466"}],"wp:featuredmedia":[{"embeddable":true,"href":"https:\/\/www.eldiariodetucuman.com\/web\/wp-json\/wp\/v2\/media\/27464"}],"wp:attachment":[{"href":"https:\/\/www.eldiariodetucuman.com\/web\/wp-json\/wp\/v2\/media?parent=27463"}],"wp:term":[{"taxonomy":"category","embeddable":true,"href":"https:\/\/www.eldiariodetucuman.com\/web\/wp-json\/wp\/v2\/categories?post=27463"},{"taxonomy":"post_tag","embeddable":true,"href":"https:\/\/www.eldiariodetucuman.com\/web\/wp-json\/wp\/v2\/tags?post=27463"}],"curies":[{"name":"wp","href":"https:\/\/api.w.org\/{rel}","templated":true}]}}