{"id":27417,"date":"2020-05-13T10:40:36","date_gmt":"2020-05-13T13:40:36","guid":{"rendered":"http:\/\/www.eldiariodetucuman.com\/web\/?p=27417"},"modified":"2020-05-13T10:40:36","modified_gmt":"2020-05-13T13:40:36","slug":"con-la-aprobacion-de-la-coneau-arranca-en-agosto-la-especializacion-en-administracion-y-politicas-publicas","status":"publish","type":"post","link":"https:\/\/www.eldiariodetucuman.com\/web\/con-la-aprobacion-de-la-coneau-arranca-en-agosto-la-especializacion-en-administracion-y-politicas-publicas\/","title":{"rendered":"Con la aprobaci\u00f3n de la CONEAU, arranca en agosto la Especializaci\u00f3n en Administraci\u00f3n y Pol\u00edticas P\u00fablicas"},"content":{"rendered":"<div class=\"td-post-header\">\n<header class=\"td-post-title\">\n<p class=\"entry-title\"><strong style=\"font-size: 16px;\">En agosto comenzar\u00e1n las clases<\/strong><span style=\"font-size: 16px;\">\u00a0de la carrera de posgrado\u00a0<\/span><strong style=\"font-size: 16px;\">Especializaci\u00f3n en Administraci\u00f3n y Pol\u00edticas P\u00fablicas<\/strong><span style=\"font-size: 16px;\">, en la Facultad de Ciencias Econ\u00f3micas de la Universidad Nacional de Tucum\u00e1n . La misma fue\u00a0<\/span><strong style=\"font-size: 16px;\">aprobada por CONEAU<\/strong><span style=\"font-size: 16px;\">\u00a0el d\u00eda 9 de abril de 2020 durante su Sesi\u00f3n No 521.<\/span><\/p>\n<\/header>\n<\/div>\n<p><!--more--><\/p>\n<div class=\"td-post-content\">\n<p>Esta especializaci\u00f3n fue\u00a0<strong>fruto de un trabajo mancomunado entre la Facultad de Ciencias Econ\u00f3micas y la Escuela de Gobierno de Tucum\u00e1n\u00a0<\/strong>que depende del\u00a0<strong>Ministerio de Gobierno y Justicia<\/strong>.<\/p>\n<p>La Especializaci\u00f3n est\u00e1 <strong>destinada a agentes de la Administraci\u00f3n P\u00fablica y profesionales interesados<\/strong>. La misma tendr\u00e1 una\u00a0<strong>duraci\u00f3n de 18 meses y contar\u00e1 con 3 orientaciones<\/strong>\u00a0distintas que deber\u00e1 optar cada alumno: Orientaci\u00f3n en\u00a0<strong>gesti\u00f3n administrativa<\/strong>, orientaci\u00f3n en\u00a0<strong>gesti\u00f3n de Pol\u00edticas P\u00fablicas<\/strong>\u00a0y orientaci\u00f3n en\u00a0<strong>gesti\u00f3n electoral<\/strong>.<\/p>\n<p>Es requisito contar con t\u00edtulo de grado universitario para poder cursar.<\/p>\n<p>El decano de la Facultad, <strong>Jos\u00e9 Luis Jimenez<\/strong>, expres\u00f3: \u201ceste es un logro de un trabajo en conjunto de la Universidad P\u00fablica con la Escuela de Gobierno. Quiero agradecer la constante predisposici\u00f3n de la Sra. ministra de Gobierno y Justicia, para trabajar en conjunto con nuestra unidad acad\u00e9mica. La Facultad de Ciencias Econ\u00f3micas va seguir trabajando con las distintas \u00e1reas del Estado Nacional, Provincial y Municipal en proyectos que ayuden y mejoren a nuestra sociedad\u201d.<\/p>\n<p>Por su parte, la ministra <strong>Carolina Vargas Aignasse<\/strong>\u00a0expres\u00f3: \u201cesta concreci\u00f3n representa el final de una etapa de mucho trabajo por parte de miembros de la Facultad y la Escuela de Gobierno, pero a la vez, el inicio de un camino en donde anhelamos, que a trav\u00e9s de la formaci\u00f3n y la capacitaci\u00f3n permanente, podamos contribuir con el fortalecimiento de las capacidades estatales.\u201d Del mismo modo la Ministra reconoci\u00f3 al Decano \u201cpor su permanente vocaci\u00f3n a estrechar los v\u00ednculos entre ambas instituciones a trav\u00e9s del trabajo y con una mirada puesta siempre en las necesidades de la sociedad\u201d.<\/p>\n<p><strong>Fuente:<\/strong> <a href=\"https:\/\/face.unt.edu.ar\/web\/blog\/ultiman-detalles-para-el-inicio-de-la-especializacion-en-administracion-y-politicas-publicas\/\">https:\/\/face.unt.edu.ar\/web\/blog\/ultiman-detalles-para-el-inicio-de-la-especializacion-en-administracion-y-politicas-publicas\/<\/a><\/p>\n<\/div>\n","protected":false},"excerpt":{"rendered":"<p>En agosto comenzar\u00e1n las clases\u00a0de la carrera de posgrado\u00a0Especializaci\u00f3n en Administraci\u00f3n y Pol\u00edticas P\u00fablicas, en la Facultad de Ciencias Econ\u00f3micas de la Universidad Nacional de Tucum\u00e1n . La misma fue\u00a0aprobada por CONEAU\u00a0el d\u00eda 9 de abril de 2020 durante su Sesi\u00f3n No 521.<\/p>\n","protected":false},"author":5,"featured_media":27418,"comment_status":"closed","ping_status":"open","sticky":false,"template":"","format":"standard","meta":{"footnotes":""},"categories":[2],"tags":[101,877,61,267],"class_list":{"0":"post-27417","1":"post","2":"type-post","3":"status-publish","4":"format-standard","5":"has-post-thumbnail","7":"category-actualidad","8":"tag-escuela","9":"tag-gobierno","10":"tag-tucuman","11":"tag-unt"},"yoast_head":"<!-- This site is optimized with the Yoast SEO plugin v27.4 - https:\/\/yoast.com\/product\/yoast-seo-wordpress\/ -->\n<title>Con la aprobaci\u00f3n de la CONEAU, arranca en agosto la Especializaci\u00f3n en Administraci\u00f3n y Pol\u00edticas P\u00fablicas - El Diario de Tucuman<\/title>\n<meta name=\"robots\" content=\"index, follow, max-snippet:-1, max-image-preview:large, max-video-preview:-1\" \/>\n<link rel=\"canonical\" href=\"https:\/\/www.eldiariodetucuman.com\/web\/con-la-aprobacion-de-la-coneau-arranca-en-agosto-la-especializacion-en-administracion-y-politicas-publicas\/\" \/>\n<meta property=\"og:locale\" content=\"es_ES\" \/>\n<meta property=\"og:type\" content=\"article\" \/>\n<meta property=\"og:title\" content=\"Con la aprobaci\u00f3n de la CONEAU, arranca en agosto la Especializaci\u00f3n en Administraci\u00f3n y Pol\u00edticas P\u00fablicas - El Diario de Tucuman\" \/>\n<meta property=\"og:description\" content=\"En agosto comenzar\u00e1n las clases\u00a0de la carrera de posgrado\u00a0Especializaci\u00f3n en Administraci\u00f3n y Pol\u00edticas P\u00fablicas, en la Facultad de Ciencias Econ\u00f3micas de la Universidad Nacional de Tucum\u00e1n . La misma fue\u00a0aprobada por CONEAU\u00a0el d\u00eda 9 de abril de 2020 durante su Sesi\u00f3n No 521.\" \/>\n<meta property=\"og:url\" content=\"https:\/\/www.eldiariodetucuman.com\/web\/con-la-aprobacion-de-la-coneau-arranca-en-agosto-la-especializacion-en-administracion-y-politicas-publicas\/\" \/>\n<meta property=\"og:site_name\" content=\"El Diario de Tucuman\" \/>\n<meta property=\"article:published_time\" content=\"2020-05-13T13:40:36+00:00\" \/>\n<meta property=\"og:image\" content=\"https:\/\/www.eldiariodetucuman.com\/web\/wp-content\/uploads\/2020\/05\/especializaci\u00f3n.jpg\" \/>\n\t<meta property=\"og:image:width\" content=\"512\" \/>\n\t<meta property=\"og:image:height\" content=\"287\" \/>\n\t<meta property=\"og:image:type\" content=\"image\/jpeg\" \/>\n<meta name=\"author\" content=\"Redactor Uno\" \/>\n<meta name=\"twitter:card\" content=\"summary_large_image\" \/>\n<meta name=\"twitter:label1\" content=\"Escrito por\" \/>\n\t<meta name=\"twitter:data1\" content=\"Redactor Uno\" \/>\n\t<meta name=\"twitter:label2\" content=\"Tiempo de lectura\" \/>\n\t<meta name=\"twitter:data2\" content=\"2 minutos\" \/>\n<script type=\"application\/ld+json\" class=\"yoast-schema-graph\">{\"@context\":\"https:\\\/\\\/schema.org\",\"@graph\":[{\"@type\":\"Article\",\"@id\":\"https:\\\/\\\/www.eldiariodetucuman.com\\\/web\\\/con-la-aprobacion-de-la-coneau-arranca-en-agosto-la-especializacion-en-administracion-y-politicas-publicas\\\/#article\",\"isPartOf\":{\"@id\":\"https:\\\/\\\/www.eldiariodetucuman.com\\\/web\\\/con-la-aprobacion-de-la-coneau-arranca-en-agosto-la-especializacion-en-administracion-y-politicas-publicas\\\/\"},\"author\":{\"name\":\"Redactor Uno\",\"@id\":\"https:\\\/\\\/www.eldiariodetucuman.com\\\/web\\\/#\\\/schema\\\/person\\\/7e6644a46e60888f6b868594407e08dd\"},\"headline\":\"Con la aprobaci\u00f3n de la CONEAU, arranca en agosto la Especializaci\u00f3n en Administraci\u00f3n y Pol\u00edticas P\u00fablicas\",\"datePublished\":\"2020-05-13T13:40:36+00:00\",\"mainEntityOfPage\":{\"@id\":\"https:\\\/\\\/www.eldiariodetucuman.com\\\/web\\\/con-la-aprobacion-de-la-coneau-arranca-en-agosto-la-especializacion-en-administracion-y-politicas-publicas\\\/\"},\"wordCount\":367,\"publisher\":{\"@id\":\"https:\\\/\\\/www.eldiariodetucuman.com\\\/web\\\/#organization\"},\"image\":{\"@id\":\"https:\\\/\\\/www.eldiariodetucuman.com\\\/web\\\/con-la-aprobacion-de-la-coneau-arranca-en-agosto-la-especializacion-en-administracion-y-politicas-publicas\\\/#primaryimage\"},\"thumbnailUrl\":\"https:\\\/\\\/www.eldiariodetucuman.com\\\/web\\\/wp-content\\\/uploads\\\/2020\\\/05\\\/especializaci\u00f3n.jpg\",\"keywords\":[\"Escuela\",\"gobierno\",\"Tucuman\",\"UNT\"],\"articleSection\":[\"Actualidad\"],\"inLanguage\":\"es\"},{\"@type\":\"WebPage\",\"@id\":\"https:\\\/\\\/www.eldiariodetucuman.com\\\/web\\\/con-la-aprobacion-de-la-coneau-arranca-en-agosto-la-especializacion-en-administracion-y-politicas-publicas\\\/\",\"url\":\"https:\\\/\\\/www.eldiariodetucuman.com\\\/web\\\/con-la-aprobacion-de-la-coneau-arranca-en-agosto-la-especializacion-en-administracion-y-politicas-publicas\\\/\",\"name\":\"Con la aprobaci\u00f3n de la CONEAU, arranca en agosto la Especializaci\u00f3n en Administraci\u00f3n y Pol\u00edticas P\u00fablicas - El Diario de Tucuman\",\"isPartOf\":{\"@id\":\"https:\\\/\\\/www.eldiariodetucuman.com\\\/web\\\/#website\"},\"primaryImageOfPage\":{\"@id\":\"https:\\\/\\\/www.eldiariodetucuman.com\\\/web\\\/con-la-aprobacion-de-la-coneau-arranca-en-agosto-la-especializacion-en-administracion-y-politicas-publicas\\\/#primaryimage\"},\"image\":{\"@id\":\"https:\\\/\\\/www.eldiariodetucuman.com\\\/web\\\/con-la-aprobacion-de-la-coneau-arranca-en-agosto-la-especializacion-en-administracion-y-politicas-publicas\\\/#primaryimage\"},\"thumbnailUrl\":\"https:\\\/\\\/www.eldiariodetucuman.com\\\/web\\\/wp-content\\\/uploads\\\/2020\\\/05\\\/especializaci\u00f3n.jpg\",\"datePublished\":\"2020-05-13T13:40:36+00:00\",\"breadcrumb\":{\"@id\":\"https:\\\/\\\/www.eldiariodetucuman.com\\\/web\\\/con-la-aprobacion-de-la-coneau-arranca-en-agosto-la-especializacion-en-administracion-y-politicas-publicas\\\/#breadcrumb\"},\"inLanguage\":\"es\",\"potentialAction\":[{\"@type\":\"ReadAction\",\"target\":[\"https:\\\/\\\/www.eldiariodetucuman.com\\\/web\\\/con-la-aprobacion-de-la-coneau-arranca-en-agosto-la-especializacion-en-administracion-y-politicas-publicas\\\/\"]}]},{\"@type\":\"ImageObject\",\"inLanguage\":\"es\",\"@id\":\"https:\\\/\\\/www.eldiariodetucuman.com\\\/web\\\/con-la-aprobacion-de-la-coneau-arranca-en-agosto-la-especializacion-en-administracion-y-politicas-publicas\\\/#primaryimage\",\"url\":\"https:\\\/\\\/www.eldiariodetucuman.com\\\/web\\\/wp-content\\\/uploads\\\/2020\\\/05\\\/especializaci\u00f3n.jpg\",\"contentUrl\":\"https:\\\/\\\/www.eldiariodetucuman.com\\\/web\\\/wp-content\\\/uploads\\\/2020\\\/05\\\/especializaci\u00f3n.jpg\",\"width\":512,\"height\":287},{\"@type\":\"BreadcrumbList\",\"@id\":\"https:\\\/\\\/www.eldiariodetucuman.com\\\/web\\\/con-la-aprobacion-de-la-coneau-arranca-en-agosto-la-especializacion-en-administracion-y-politicas-publicas\\\/#breadcrumb\",\"itemListElement\":[{\"@type\":\"ListItem\",\"position\":1,\"name\":\"Portada\",\"item\":\"https:\\\/\\\/www.eldiariodetucuman.com\\\/web\\\/\"},{\"@type\":\"ListItem\",\"position\":2,\"name\":\"Con la aprobaci\u00f3n de la CONEAU, arranca en agosto la Especializaci\u00f3n en Administraci\u00f3n y Pol\u00edticas P\u00fablicas\"}]},{\"@type\":\"WebSite\",\"@id\":\"https:\\\/\\\/www.eldiariodetucuman.com\\\/web\\\/#website\",\"url\":\"https:\\\/\\\/www.eldiariodetucuman.com\\\/web\\\/\",\"name\":\"El Diario de Tucuman\",\"description\":\"Diario Tucuman - Informaci\u00f3n y noticias\",\"publisher\":{\"@id\":\"https:\\\/\\\/www.eldiariodetucuman.com\\\/web\\\/#organization\"},\"potentialAction\":[{\"@type\":\"SearchAction\",\"target\":{\"@type\":\"EntryPoint\",\"urlTemplate\":\"https:\\\/\\\/www.eldiariodetucuman.com\\\/web\\\/?s={search_term_string}\"},\"query-input\":{\"@type\":\"PropertyValueSpecification\",\"valueRequired\":true,\"valueName\":\"search_term_string\"}}],\"inLanguage\":\"es\"},{\"@type\":\"Organization\",\"@id\":\"https:\\\/\\\/www.eldiariodetucuman.com\\\/web\\\/#organization\",\"name\":\"El Diario de Tucuman\",\"url\":\"https:\\\/\\\/www.eldiariodetucuman.com\\\/web\\\/\",\"logo\":{\"@type\":\"ImageObject\",\"inLanguage\":\"es\",\"@id\":\"https:\\\/\\\/www.eldiariodetucuman.com\\\/web\\\/#\\\/schema\\\/logo\\\/image\\\/\",\"url\":\"http:\\\/\\\/www.eldiariodetucuman.com\\\/web\\\/wp-content\\\/uploads\\\/2017\\\/12\\\/el-diario-de-tucuman.jpg\",\"contentUrl\":\"http:\\\/\\\/www.eldiariodetucuman.com\\\/web\\\/wp-content\\\/uploads\\\/2017\\\/12\\\/el-diario-de-tucuman.jpg\",\"width\":272,\"height\":92,\"caption\":\"El Diario de Tucuman\"},\"image\":{\"@id\":\"https:\\\/\\\/www.eldiariodetucuman.com\\\/web\\\/#\\\/schema\\\/logo\\\/image\\\/\"}},{\"@type\":\"Person\",\"@id\":\"https:\\\/\\\/www.eldiariodetucuman.com\\\/web\\\/#\\\/schema\\\/person\\\/7e6644a46e60888f6b868594407e08dd\",\"name\":\"Redactor Uno\",\"image\":{\"@type\":\"ImageObject\",\"inLanguage\":\"es\",\"@id\":\"https:\\\/\\\/secure.gravatar.com\\\/avatar\\\/0049b1bdf1bd548385c9ea6b9356431717930913089febd2ba904f0187d7d074?s=96&d=mm&r=g\",\"url\":\"https:\\\/\\\/secure.gravatar.com\\\/avatar\\\/0049b1bdf1bd548385c9ea6b9356431717930913089febd2ba904f0187d7d074?s=96&d=mm&r=g\",\"contentUrl\":\"https:\\\/\\\/secure.gravatar.com\\\/avatar\\\/0049b1bdf1bd548385c9ea6b9356431717930913089febd2ba904f0187d7d074?s=96&d=mm&r=g\",\"caption\":\"Redactor Uno\"},\"url\":\"https:\\\/\\\/www.eldiariodetucuman.com\\\/web\\\/author\\\/mramasco\\\/\"}]}<\/script>\n<!-- \/ Yoast SEO plugin. -->","yoast_head_json":{"title":"Con la aprobaci\u00f3n de la CONEAU, arranca en agosto la Especializaci\u00f3n en Administraci\u00f3n y Pol\u00edticas P\u00fablicas - El Diario de Tucuman","robots":{"index":"index","follow":"follow","max-snippet":"max-snippet:-1","max-image-preview":"max-image-preview:large","max-video-preview":"max-video-preview:-1"},"canonical":"https:\/\/www.eldiariodetucuman.com\/web\/con-la-aprobacion-de-la-coneau-arranca-en-agosto-la-especializacion-en-administracion-y-politicas-publicas\/","og_locale":"es_ES","og_type":"article","og_title":"Con la aprobaci\u00f3n de la CONEAU, arranca en agosto la Especializaci\u00f3n en Administraci\u00f3n y Pol\u00edticas P\u00fablicas - El Diario de Tucuman","og_description":"En agosto comenzar\u00e1n las clases\u00a0de la carrera de posgrado\u00a0Especializaci\u00f3n en Administraci\u00f3n y Pol\u00edticas P\u00fablicas, en la Facultad de Ciencias Econ\u00f3micas de la Universidad Nacional de Tucum\u00e1n . La misma fue\u00a0aprobada por CONEAU\u00a0el d\u00eda 9 de abril de 2020 durante su Sesi\u00f3n No 521.","og_url":"https:\/\/www.eldiariodetucuman.com\/web\/con-la-aprobacion-de-la-coneau-arranca-en-agosto-la-especializacion-en-administracion-y-politicas-publicas\/","og_site_name":"El Diario de Tucuman","article_published_time":"2020-05-13T13:40:36+00:00","og_image":[{"width":512,"height":287,"url":"https:\/\/www.eldiariodetucuman.com\/web\/wp-content\/uploads\/2020\/05\/especializaci\u00f3n.jpg","type":"image\/jpeg"}],"author":"Redactor Uno","twitter_card":"summary_large_image","twitter_misc":{"Escrito por":"Redactor Uno","Tiempo de lectura":"2 minutos"},"schema":{"@context":"https:\/\/schema.org","@graph":[{"@type":"Article","@id":"https:\/\/www.eldiariodetucuman.com\/web\/con-la-aprobacion-de-la-coneau-arranca-en-agosto-la-especializacion-en-administracion-y-politicas-publicas\/#article","isPartOf":{"@id":"https:\/\/www.eldiariodetucuman.com\/web\/con-la-aprobacion-de-la-coneau-arranca-en-agosto-la-especializacion-en-administracion-y-politicas-publicas\/"},"author":{"name":"Redactor Uno","@id":"https:\/\/www.eldiariodetucuman.com\/web\/#\/schema\/person\/7e6644a46e60888f6b868594407e08dd"},"headline":"Con la aprobaci\u00f3n de la CONEAU, arranca en agosto la Especializaci\u00f3n en Administraci\u00f3n y Pol\u00edticas P\u00fablicas","datePublished":"2020-05-13T13:40:36+00:00","mainEntityOfPage":{"@id":"https:\/\/www.eldiariodetucuman.com\/web\/con-la-aprobacion-de-la-coneau-arranca-en-agosto-la-especializacion-en-administracion-y-politicas-publicas\/"},"wordCount":367,"publisher":{"@id":"https:\/\/www.eldiariodetucuman.com\/web\/#organization"},"image":{"@id":"https:\/\/www.eldiariodetucuman.com\/web\/con-la-aprobacion-de-la-coneau-arranca-en-agosto-la-especializacion-en-administracion-y-politicas-publicas\/#primaryimage"},"thumbnailUrl":"https:\/\/www.eldiariodetucuman.com\/web\/wp-content\/uploads\/2020\/05\/especializaci\u00f3n.jpg","keywords":["Escuela","gobierno","Tucuman","UNT"],"articleSection":["Actualidad"],"inLanguage":"es"},{"@type":"WebPage","@id":"https:\/\/www.eldiariodetucuman.com\/web\/con-la-aprobacion-de-la-coneau-arranca-en-agosto-la-especializacion-en-administracion-y-politicas-publicas\/","url":"https:\/\/www.eldiariodetucuman.com\/web\/con-la-aprobacion-de-la-coneau-arranca-en-agosto-la-especializacion-en-administracion-y-politicas-publicas\/","name":"Con la aprobaci\u00f3n de la CONEAU, arranca en agosto la Especializaci\u00f3n en Administraci\u00f3n y Pol\u00edticas P\u00fablicas - El Diario de Tucuman","isPartOf":{"@id":"https:\/\/www.eldiariodetucuman.com\/web\/#website"},"primaryImageOfPage":{"@id":"https:\/\/www.eldiariodetucuman.com\/web\/con-la-aprobacion-de-la-coneau-arranca-en-agosto-la-especializacion-en-administracion-y-politicas-publicas\/#primaryimage"},"image":{"@id":"https:\/\/www.eldiariodetucuman.com\/web\/con-la-aprobacion-de-la-coneau-arranca-en-agosto-la-especializacion-en-administracion-y-politicas-publicas\/#primaryimage"},"thumbnailUrl":"https:\/\/www.eldiariodetucuman.com\/web\/wp-content\/uploads\/2020\/05\/especializaci\u00f3n.jpg","datePublished":"2020-05-13T13:40:36+00:00","breadcrumb":{"@id":"https:\/\/www.eldiariodetucuman.com\/web\/con-la-aprobacion-de-la-coneau-arranca-en-agosto-la-especializacion-en-administracion-y-politicas-publicas\/#breadcrumb"},"inLanguage":"es","potentialAction":[{"@type":"ReadAction","target":["https:\/\/www.eldiariodetucuman.com\/web\/con-la-aprobacion-de-la-coneau-arranca-en-agosto-la-especializacion-en-administracion-y-politicas-publicas\/"]}]},{"@type":"ImageObject","inLanguage":"es","@id":"https:\/\/www.eldiariodetucuman.com\/web\/con-la-aprobacion-de-la-coneau-arranca-en-agosto-la-especializacion-en-administracion-y-politicas-publicas\/#primaryimage","url":"https:\/\/www.eldiariodetucuman.com\/web\/wp-content\/uploads\/2020\/05\/especializaci\u00f3n.jpg","contentUrl":"https:\/\/www.eldiariodetucuman.com\/web\/wp-content\/uploads\/2020\/05\/especializaci\u00f3n.jpg","width":512,"height":287},{"@type":"BreadcrumbList","@id":"https:\/\/www.eldiariodetucuman.com\/web\/con-la-aprobacion-de-la-coneau-arranca-en-agosto-la-especializacion-en-administracion-y-politicas-publicas\/#breadcrumb","itemListElement":[{"@type":"ListItem","position":1,"name":"Portada","item":"https:\/\/www.eldiariodetucuman.com\/web\/"},{"@type":"ListItem","position":2,"name":"Con la aprobaci\u00f3n de la CONEAU, arranca en agosto la Especializaci\u00f3n en Administraci\u00f3n y Pol\u00edticas P\u00fablicas"}]},{"@type":"WebSite","@id":"https:\/\/www.eldiariodetucuman.com\/web\/#website","url":"https:\/\/www.eldiariodetucuman.com\/web\/","name":"El Diario de Tucuman","description":"Diario Tucuman - Informaci\u00f3n y noticias","publisher":{"@id":"https:\/\/www.eldiariodetucuman.com\/web\/#organization"},"potentialAction":[{"@type":"SearchAction","target":{"@type":"EntryPoint","urlTemplate":"https:\/\/www.eldiariodetucuman.com\/web\/?s={search_term_string}"},"query-input":{"@type":"PropertyValueSpecification","valueRequired":true,"valueName":"search_term_string"}}],"inLanguage":"es"},{"@type":"Organization","@id":"https:\/\/www.eldiariodetucuman.com\/web\/#organization","name":"El Diario de Tucuman","url":"https:\/\/www.eldiariodetucuman.com\/web\/","logo":{"@type":"ImageObject","inLanguage":"es","@id":"https:\/\/www.eldiariodetucuman.com\/web\/#\/schema\/logo\/image\/","url":"http:\/\/www.eldiariodetucuman.com\/web\/wp-content\/uploads\/2017\/12\/el-diario-de-tucuman.jpg","contentUrl":"http:\/\/www.eldiariodetucuman.com\/web\/wp-content\/uploads\/2017\/12\/el-diario-de-tucuman.jpg","width":272,"height":92,"caption":"El Diario de Tucuman"},"image":{"@id":"https:\/\/www.eldiariodetucuman.com\/web\/#\/schema\/logo\/image\/"}},{"@type":"Person","@id":"https:\/\/www.eldiariodetucuman.com\/web\/#\/schema\/person\/7e6644a46e60888f6b868594407e08dd","name":"Redactor Uno","image":{"@type":"ImageObject","inLanguage":"es","@id":"https:\/\/secure.gravatar.com\/avatar\/0049b1bdf1bd548385c9ea6b9356431717930913089febd2ba904f0187d7d074?s=96&d=mm&r=g","url":"https:\/\/secure.gravatar.com\/avatar\/0049b1bdf1bd548385c9ea6b9356431717930913089febd2ba904f0187d7d074?s=96&d=mm&r=g","contentUrl":"https:\/\/secure.gravatar.com\/avatar\/0049b1bdf1bd548385c9ea6b9356431717930913089febd2ba904f0187d7d074?s=96&d=mm&r=g","caption":"Redactor Uno"},"url":"https:\/\/www.eldiariodetucuman.com\/web\/author\/mramasco\/"}]}},"_links":{"self":[{"href":"https:\/\/www.eldiariodetucuman.com\/web\/wp-json\/wp\/v2\/posts\/27417","targetHints":{"allow":["GET"]}}],"collection":[{"href":"https:\/\/www.eldiariodetucuman.com\/web\/wp-json\/wp\/v2\/posts"}],"about":[{"href":"https:\/\/www.eldiariodetucuman.com\/web\/wp-json\/wp\/v2\/types\/post"}],"author":[{"embeddable":true,"href":"https:\/\/www.eldiariodetucuman.com\/web\/wp-json\/wp\/v2\/users\/5"}],"replies":[{"embeddable":true,"href":"https:\/\/www.eldiariodetucuman.com\/web\/wp-json\/wp\/v2\/comments?post=27417"}],"version-history":[{"count":1,"href":"https:\/\/www.eldiariodetucuman.com\/web\/wp-json\/wp\/v2\/posts\/27417\/revisions"}],"predecessor-version":[{"id":27419,"href":"https:\/\/www.eldiariodetucuman.com\/web\/wp-json\/wp\/v2\/posts\/27417\/revisions\/27419"}],"wp:featuredmedia":[{"embeddable":true,"href":"https:\/\/www.eldiariodetucuman.com\/web\/wp-json\/wp\/v2\/media\/27418"}],"wp:attachment":[{"href":"https:\/\/www.eldiariodetucuman.com\/web\/wp-json\/wp\/v2\/media?parent=27417"}],"wp:term":[{"taxonomy":"category","embeddable":true,"href":"https:\/\/www.eldiariodetucuman.com\/web\/wp-json\/wp\/v2\/categories?post=27417"},{"taxonomy":"post_tag","embeddable":true,"href":"https:\/\/www.eldiariodetucuman.com\/web\/wp-json\/wp\/v2\/tags?post=27417"}],"curies":[{"name":"wp","href":"https:\/\/api.w.org\/{rel}","templated":true}]}}