{"id":27411,"date":"2020-05-12T18:57:48","date_gmt":"2020-05-12T21:57:48","guid":{"rendered":"http:\/\/www.eldiariodetucuman.com\/web\/?p=27411"},"modified":"2020-05-12T18:57:48","modified_gmt":"2020-05-12T21:57:48","slug":"osvaldo-jaldo-y-la-reactivacion-del-parlanoa","status":"publish","type":"post","link":"https:\/\/www.eldiariodetucuman.com\/web\/osvaldo-jaldo-y-la-reactivacion-del-parlanoa\/","title":{"rendered":"Osvaldo Jaldo y la reactivaci\u00f3n del PARLANOA"},"content":{"rendered":"<p>En el marco de las actividades correspondientes a la puesta en marcha del <strong>PARLANOA<\/strong>, el vicegobernador, <strong>Osvaldo Jaldo<\/strong>, mantuvo una videoconferencia con los vicegobernadores <strong>Antonio Marocco<\/strong> (Salta), <strong>Carlos Haquim<\/strong> (Jujuy), <strong>Rub\u00e9n Dusso<\/strong> (Catamarca), <strong>Florencia L\u00f3pez<\/strong> (La Rioja) y <strong>Carlos Silva Neder<\/strong> (Santiago del Estero).<!--more--><br \/>\nEn este primer encuentro el representante tucumano, quien estuvo acompa\u00f1ado por el secretario de la C\u00e1mara, <strong>Claudio P\u00e9rez<\/strong>, calific\u00f3 de altamente positivo el encuentro, donde manifest\u00f3 \u00abcoincidimos en darle tratamiento a temas relevantes para la regi\u00f3n, buscando dinamizar el potencial econ\u00f3mico-comercial y, a su vez, intensificar los controles en base a la pandemia global que se est\u00e1 viviendo\u00bb.<\/p>\n<p><a href=\"http:\/\/www.eldiariodetucuman.com\/web\/wp-content\/uploads\/2020\/05\/IMG-20200512-WA0135.jpg\"><img loading=\"lazy\" decoding=\"async\" class=\"aligncenter size-medium wp-image-27413\" src=\"http:\/\/www.eldiariodetucuman.com\/web\/wp-content\/uploads\/2020\/05\/IMG-20200512-WA0135-300x200.jpg\" alt=\"\" width=\"300\" height=\"200\" srcset=\"https:\/\/www.eldiariodetucuman.com\/web\/wp-content\/uploads\/2020\/05\/IMG-20200512-WA0135-300x200.jpg 300w, https:\/\/www.eldiariodetucuman.com\/web\/wp-content\/uploads\/2020\/05\/IMG-20200512-WA0135-1024x683.jpg 1024w, https:\/\/www.eldiariodetucuman.com\/web\/wp-content\/uploads\/2020\/05\/IMG-20200512-WA0135-768x512.jpg 768w, https:\/\/www.eldiariodetucuman.com\/web\/wp-content\/uploads\/2020\/05\/IMG-20200512-WA0135.jpg 1216w\" sizes=\"auto, (max-width: 300px) 100vw, 300px\" \/><\/a><br \/>\nCoincidieron en la actualizacion del reglamento y las comisiones que conforman este organismo, en pos de articular acciones fundamentales en esta \u00e9poca donde se necesita el esfuerzo conjunto. De esta manera la segunda autoridad de la provincia, Osvaldo Jaldo, suma en el trabajo de reactivaci\u00f3n de esta estructura, la cual puede generar beneficios a las distintas actividades de la provincia como de la regi\u00f3n, y a su vez dinamizar el potencial de la gesti\u00f3n como regi\u00f3n con un gobierno nacional que hoy hace mucho hincapi\u00e9 sobre el trabajo de las estructuras s\u00f3lidas.<\/p>\n","protected":false},"excerpt":{"rendered":"<p>En el marco de las actividades correspondientes a la puesta en marcha del PARLANOA, el vicegobernador, Osvaldo Jaldo, mantuvo una videoconferencia con los vicegobernadores Antonio Marocco (Salta), Carlos Haquim (Jujuy), Rub\u00e9n Dusso (Catamarca), Florencia L\u00f3pez (La Rioja) y Carlos Silva Neder (Santiago del Estero).<\/p>\n","protected":false},"author":3,"featured_media":27414,"comment_status":"closed","ping_status":"open","sticky":false,"template":"","format":"standard","meta":{"footnotes":""},"categories":[2],"tags":[],"class_list":{"0":"post-27411","1":"post","2":"type-post","3":"status-publish","4":"format-standard","5":"has-post-thumbnail","7":"category-actualidad"},"yoast_head":"<!-- This site is optimized with the Yoast SEO plugin v27.4 - https:\/\/yoast.com\/product\/yoast-seo-wordpress\/ -->\n<title>Osvaldo Jaldo y la reactivaci\u00f3n del PARLANOA - El Diario de Tucuman<\/title>\n<meta name=\"robots\" content=\"index, follow, max-snippet:-1, max-image-preview:large, max-video-preview:-1\" \/>\n<link rel=\"canonical\" href=\"https:\/\/www.eldiariodetucuman.com\/web\/osvaldo-jaldo-y-la-reactivacion-del-parlanoa\/\" \/>\n<meta property=\"og:locale\" content=\"es_ES\" \/>\n<meta property=\"og:type\" content=\"article\" \/>\n<meta property=\"og:title\" content=\"Osvaldo Jaldo y la reactivaci\u00f3n del PARLANOA - El Diario de Tucuman\" \/>\n<meta property=\"og:description\" content=\"En el marco de las actividades correspondientes a la puesta en marcha del PARLANOA, el vicegobernador, Osvaldo Jaldo, mantuvo una videoconferencia con los vicegobernadores Antonio Marocco (Salta), Carlos Haquim (Jujuy), Rub\u00e9n Dusso (Catamarca), Florencia L\u00f3pez (La Rioja) y Carlos Silva Neder (Santiago del Estero).\" \/>\n<meta property=\"og:url\" content=\"https:\/\/www.eldiariodetucuman.com\/web\/osvaldo-jaldo-y-la-reactivacion-del-parlanoa\/\" \/>\n<meta property=\"og:site_name\" content=\"El Diario de Tucuman\" \/>\n<meta property=\"article:published_time\" content=\"2020-05-12T21:57:48+00:00\" \/>\n<meta property=\"og:image\" content=\"https:\/\/www.eldiariodetucuman.com\/web\/wp-content\/uploads\/2020\/05\/IMG-20200512-WA0131.jpg\" \/>\n\t<meta property=\"og:image:width\" content=\"1280\" \/>\n\t<meta property=\"og:image:height\" content=\"813\" \/>\n\t<meta property=\"og:image:type\" content=\"image\/jpeg\" \/>\n<meta name=\"author\" content=\"El diario de Tucuman\" \/>\n<meta name=\"twitter:card\" content=\"summary_large_image\" \/>\n<meta name=\"twitter:label1\" content=\"Escrito por\" \/>\n\t<meta name=\"twitter:data1\" content=\"El diario de Tucuman\" \/>\n\t<meta name=\"twitter:label2\" content=\"Tiempo de lectura\" \/>\n\t<meta name=\"twitter:data2\" content=\"1 minuto\" \/>\n<script type=\"application\/ld+json\" class=\"yoast-schema-graph\">{\"@context\":\"https:\\\/\\\/schema.org\",\"@graph\":[{\"@type\":\"Article\",\"@id\":\"https:\\\/\\\/www.eldiariodetucuman.com\\\/web\\\/osvaldo-jaldo-y-la-reactivacion-del-parlanoa\\\/#article\",\"isPartOf\":{\"@id\":\"https:\\\/\\\/www.eldiariodetucuman.com\\\/web\\\/osvaldo-jaldo-y-la-reactivacion-del-parlanoa\\\/\"},\"author\":{\"name\":\"El diario de Tucuman\",\"@id\":\"https:\\\/\\\/www.eldiariodetucuman.com\\\/web\\\/#\\\/schema\\\/person\\\/3adbe300ecd6242af93c97dab1dc3ba1\"},\"headline\":\"Osvaldo Jaldo y la reactivaci\u00f3n del PARLANOA\",\"datePublished\":\"2020-05-12T21:57:48+00:00\",\"mainEntityOfPage\":{\"@id\":\"https:\\\/\\\/www.eldiariodetucuman.com\\\/web\\\/osvaldo-jaldo-y-la-reactivacion-del-parlanoa\\\/\"},\"wordCount\":214,\"publisher\":{\"@id\":\"https:\\\/\\\/www.eldiariodetucuman.com\\\/web\\\/#organization\"},\"image\":{\"@id\":\"https:\\\/\\\/www.eldiariodetucuman.com\\\/web\\\/osvaldo-jaldo-y-la-reactivacion-del-parlanoa\\\/#primaryimage\"},\"thumbnailUrl\":\"https:\\\/\\\/www.eldiariodetucuman.com\\\/web\\\/wp-content\\\/uploads\\\/2020\\\/05\\\/IMG-20200512-WA0131.jpg\",\"articleSection\":[\"Actualidad\"],\"inLanguage\":\"es\"},{\"@type\":\"WebPage\",\"@id\":\"https:\\\/\\\/www.eldiariodetucuman.com\\\/web\\\/osvaldo-jaldo-y-la-reactivacion-del-parlanoa\\\/\",\"url\":\"https:\\\/\\\/www.eldiariodetucuman.com\\\/web\\\/osvaldo-jaldo-y-la-reactivacion-del-parlanoa\\\/\",\"name\":\"Osvaldo Jaldo y la reactivaci\u00f3n del PARLANOA - El Diario de Tucuman\",\"isPartOf\":{\"@id\":\"https:\\\/\\\/www.eldiariodetucuman.com\\\/web\\\/#website\"},\"primaryImageOfPage\":{\"@id\":\"https:\\\/\\\/www.eldiariodetucuman.com\\\/web\\\/osvaldo-jaldo-y-la-reactivacion-del-parlanoa\\\/#primaryimage\"},\"image\":{\"@id\":\"https:\\\/\\\/www.eldiariodetucuman.com\\\/web\\\/osvaldo-jaldo-y-la-reactivacion-del-parlanoa\\\/#primaryimage\"},\"thumbnailUrl\":\"https:\\\/\\\/www.eldiariodetucuman.com\\\/web\\\/wp-content\\\/uploads\\\/2020\\\/05\\\/IMG-20200512-WA0131.jpg\",\"datePublished\":\"2020-05-12T21:57:48+00:00\",\"breadcrumb\":{\"@id\":\"https:\\\/\\\/www.eldiariodetucuman.com\\\/web\\\/osvaldo-jaldo-y-la-reactivacion-del-parlanoa\\\/#breadcrumb\"},\"inLanguage\":\"es\",\"potentialAction\":[{\"@type\":\"ReadAction\",\"target\":[\"https:\\\/\\\/www.eldiariodetucuman.com\\\/web\\\/osvaldo-jaldo-y-la-reactivacion-del-parlanoa\\\/\"]}]},{\"@type\":\"ImageObject\",\"inLanguage\":\"es\",\"@id\":\"https:\\\/\\\/www.eldiariodetucuman.com\\\/web\\\/osvaldo-jaldo-y-la-reactivacion-del-parlanoa\\\/#primaryimage\",\"url\":\"https:\\\/\\\/www.eldiariodetucuman.com\\\/web\\\/wp-content\\\/uploads\\\/2020\\\/05\\\/IMG-20200512-WA0131.jpg\",\"contentUrl\":\"https:\\\/\\\/www.eldiariodetucuman.com\\\/web\\\/wp-content\\\/uploads\\\/2020\\\/05\\\/IMG-20200512-WA0131.jpg\",\"width\":1280,\"height\":813},{\"@type\":\"BreadcrumbList\",\"@id\":\"https:\\\/\\\/www.eldiariodetucuman.com\\\/web\\\/osvaldo-jaldo-y-la-reactivacion-del-parlanoa\\\/#breadcrumb\",\"itemListElement\":[{\"@type\":\"ListItem\",\"position\":1,\"name\":\"Portada\",\"item\":\"https:\\\/\\\/www.eldiariodetucuman.com\\\/web\\\/\"},{\"@type\":\"ListItem\",\"position\":2,\"name\":\"Osvaldo Jaldo y la reactivaci\u00f3n del PARLANOA\"}]},{\"@type\":\"WebSite\",\"@id\":\"https:\\\/\\\/www.eldiariodetucuman.com\\\/web\\\/#website\",\"url\":\"https:\\\/\\\/www.eldiariodetucuman.com\\\/web\\\/\",\"name\":\"El Diario de Tucuman\",\"description\":\"Diario Tucuman - Informaci\u00f3n y noticias\",\"publisher\":{\"@id\":\"https:\\\/\\\/www.eldiariodetucuman.com\\\/web\\\/#organization\"},\"potentialAction\":[{\"@type\":\"SearchAction\",\"target\":{\"@type\":\"EntryPoint\",\"urlTemplate\":\"https:\\\/\\\/www.eldiariodetucuman.com\\\/web\\\/?s={search_term_string}\"},\"query-input\":{\"@type\":\"PropertyValueSpecification\",\"valueRequired\":true,\"valueName\":\"search_term_string\"}}],\"inLanguage\":\"es\"},{\"@type\":\"Organization\",\"@id\":\"https:\\\/\\\/www.eldiariodetucuman.com\\\/web\\\/#organization\",\"name\":\"El Diario de Tucuman\",\"url\":\"https:\\\/\\\/www.eldiariodetucuman.com\\\/web\\\/\",\"logo\":{\"@type\":\"ImageObject\",\"inLanguage\":\"es\",\"@id\":\"https:\\\/\\\/www.eldiariodetucuman.com\\\/web\\\/#\\\/schema\\\/logo\\\/image\\\/\",\"url\":\"http:\\\/\\\/www.eldiariodetucuman.com\\\/web\\\/wp-content\\\/uploads\\\/2017\\\/12\\\/el-diario-de-tucuman.jpg\",\"contentUrl\":\"http:\\\/\\\/www.eldiariodetucuman.com\\\/web\\\/wp-content\\\/uploads\\\/2017\\\/12\\\/el-diario-de-tucuman.jpg\",\"width\":272,\"height\":92,\"caption\":\"El Diario de Tucuman\"},\"image\":{\"@id\":\"https:\\\/\\\/www.eldiariodetucuman.com\\\/web\\\/#\\\/schema\\\/logo\\\/image\\\/\"}},{\"@type\":\"Person\",\"@id\":\"https:\\\/\\\/www.eldiariodetucuman.com\\\/web\\\/#\\\/schema\\\/person\\\/3adbe300ecd6242af93c97dab1dc3ba1\",\"name\":\"El diario de Tucuman\",\"image\":{\"@type\":\"ImageObject\",\"inLanguage\":\"es\",\"@id\":\"https:\\\/\\\/secure.gravatar.com\\\/avatar\\\/b7214de193b24d0bd708ac5516aa13d0f20c6560795bfbee06857d5c8ac2f0b2?s=96&d=mm&r=g\",\"url\":\"https:\\\/\\\/secure.gravatar.com\\\/avatar\\\/b7214de193b24d0bd708ac5516aa13d0f20c6560795bfbee06857d5c8ac2f0b2?s=96&d=mm&r=g\",\"contentUrl\":\"https:\\\/\\\/secure.gravatar.com\\\/avatar\\\/b7214de193b24d0bd708ac5516aa13d0f20c6560795bfbee06857d5c8ac2f0b2?s=96&d=mm&r=g\",\"caption\":\"El diario de Tucuman\"},\"url\":\"https:\\\/\\\/www.eldiariodetucuman.com\\\/web\\\/author\\\/mgiobellina\\\/\"}]}<\/script>\n<!-- \/ Yoast SEO plugin. -->","yoast_head_json":{"title":"Osvaldo Jaldo y la reactivaci\u00f3n del PARLANOA - El Diario de Tucuman","robots":{"index":"index","follow":"follow","max-snippet":"max-snippet:-1","max-image-preview":"max-image-preview:large","max-video-preview":"max-video-preview:-1"},"canonical":"https:\/\/www.eldiariodetucuman.com\/web\/osvaldo-jaldo-y-la-reactivacion-del-parlanoa\/","og_locale":"es_ES","og_type":"article","og_title":"Osvaldo Jaldo y la reactivaci\u00f3n del PARLANOA - El Diario de Tucuman","og_description":"En el marco de las actividades correspondientes a la puesta en marcha del PARLANOA, el vicegobernador, Osvaldo Jaldo, mantuvo una videoconferencia con los vicegobernadores Antonio Marocco (Salta), Carlos Haquim (Jujuy), Rub\u00e9n Dusso (Catamarca), Florencia L\u00f3pez (La Rioja) y Carlos Silva Neder (Santiago del Estero).","og_url":"https:\/\/www.eldiariodetucuman.com\/web\/osvaldo-jaldo-y-la-reactivacion-del-parlanoa\/","og_site_name":"El Diario de Tucuman","article_published_time":"2020-05-12T21:57:48+00:00","og_image":[{"width":1280,"height":813,"url":"https:\/\/www.eldiariodetucuman.com\/web\/wp-content\/uploads\/2020\/05\/IMG-20200512-WA0131.jpg","type":"image\/jpeg"}],"author":"El diario de Tucuman","twitter_card":"summary_large_image","twitter_misc":{"Escrito por":"El diario de Tucuman","Tiempo de lectura":"1 minuto"},"schema":{"@context":"https:\/\/schema.org","@graph":[{"@type":"Article","@id":"https:\/\/www.eldiariodetucuman.com\/web\/osvaldo-jaldo-y-la-reactivacion-del-parlanoa\/#article","isPartOf":{"@id":"https:\/\/www.eldiariodetucuman.com\/web\/osvaldo-jaldo-y-la-reactivacion-del-parlanoa\/"},"author":{"name":"El diario de Tucuman","@id":"https:\/\/www.eldiariodetucuman.com\/web\/#\/schema\/person\/3adbe300ecd6242af93c97dab1dc3ba1"},"headline":"Osvaldo Jaldo y la reactivaci\u00f3n del PARLANOA","datePublished":"2020-05-12T21:57:48+00:00","mainEntityOfPage":{"@id":"https:\/\/www.eldiariodetucuman.com\/web\/osvaldo-jaldo-y-la-reactivacion-del-parlanoa\/"},"wordCount":214,"publisher":{"@id":"https:\/\/www.eldiariodetucuman.com\/web\/#organization"},"image":{"@id":"https:\/\/www.eldiariodetucuman.com\/web\/osvaldo-jaldo-y-la-reactivacion-del-parlanoa\/#primaryimage"},"thumbnailUrl":"https:\/\/www.eldiariodetucuman.com\/web\/wp-content\/uploads\/2020\/05\/IMG-20200512-WA0131.jpg","articleSection":["Actualidad"],"inLanguage":"es"},{"@type":"WebPage","@id":"https:\/\/www.eldiariodetucuman.com\/web\/osvaldo-jaldo-y-la-reactivacion-del-parlanoa\/","url":"https:\/\/www.eldiariodetucuman.com\/web\/osvaldo-jaldo-y-la-reactivacion-del-parlanoa\/","name":"Osvaldo Jaldo y la reactivaci\u00f3n del PARLANOA - El Diario de Tucuman","isPartOf":{"@id":"https:\/\/www.eldiariodetucuman.com\/web\/#website"},"primaryImageOfPage":{"@id":"https:\/\/www.eldiariodetucuman.com\/web\/osvaldo-jaldo-y-la-reactivacion-del-parlanoa\/#primaryimage"},"image":{"@id":"https:\/\/www.eldiariodetucuman.com\/web\/osvaldo-jaldo-y-la-reactivacion-del-parlanoa\/#primaryimage"},"thumbnailUrl":"https:\/\/www.eldiariodetucuman.com\/web\/wp-content\/uploads\/2020\/05\/IMG-20200512-WA0131.jpg","datePublished":"2020-05-12T21:57:48+00:00","breadcrumb":{"@id":"https:\/\/www.eldiariodetucuman.com\/web\/osvaldo-jaldo-y-la-reactivacion-del-parlanoa\/#breadcrumb"},"inLanguage":"es","potentialAction":[{"@type":"ReadAction","target":["https:\/\/www.eldiariodetucuman.com\/web\/osvaldo-jaldo-y-la-reactivacion-del-parlanoa\/"]}]},{"@type":"ImageObject","inLanguage":"es","@id":"https:\/\/www.eldiariodetucuman.com\/web\/osvaldo-jaldo-y-la-reactivacion-del-parlanoa\/#primaryimage","url":"https:\/\/www.eldiariodetucuman.com\/web\/wp-content\/uploads\/2020\/05\/IMG-20200512-WA0131.jpg","contentUrl":"https:\/\/www.eldiariodetucuman.com\/web\/wp-content\/uploads\/2020\/05\/IMG-20200512-WA0131.jpg","width":1280,"height":813},{"@type":"BreadcrumbList","@id":"https:\/\/www.eldiariodetucuman.com\/web\/osvaldo-jaldo-y-la-reactivacion-del-parlanoa\/#breadcrumb","itemListElement":[{"@type":"ListItem","position":1,"name":"Portada","item":"https:\/\/www.eldiariodetucuman.com\/web\/"},{"@type":"ListItem","position":2,"name":"Osvaldo Jaldo y la reactivaci\u00f3n del PARLANOA"}]},{"@type":"WebSite","@id":"https:\/\/www.eldiariodetucuman.com\/web\/#website","url":"https:\/\/www.eldiariodetucuman.com\/web\/","name":"El Diario de Tucuman","description":"Diario Tucuman - Informaci\u00f3n y noticias","publisher":{"@id":"https:\/\/www.eldiariodetucuman.com\/web\/#organization"},"potentialAction":[{"@type":"SearchAction","target":{"@type":"EntryPoint","urlTemplate":"https:\/\/www.eldiariodetucuman.com\/web\/?s={search_term_string}"},"query-input":{"@type":"PropertyValueSpecification","valueRequired":true,"valueName":"search_term_string"}}],"inLanguage":"es"},{"@type":"Organization","@id":"https:\/\/www.eldiariodetucuman.com\/web\/#organization","name":"El Diario de Tucuman","url":"https:\/\/www.eldiariodetucuman.com\/web\/","logo":{"@type":"ImageObject","inLanguage":"es","@id":"https:\/\/www.eldiariodetucuman.com\/web\/#\/schema\/logo\/image\/","url":"http:\/\/www.eldiariodetucuman.com\/web\/wp-content\/uploads\/2017\/12\/el-diario-de-tucuman.jpg","contentUrl":"http:\/\/www.eldiariodetucuman.com\/web\/wp-content\/uploads\/2017\/12\/el-diario-de-tucuman.jpg","width":272,"height":92,"caption":"El Diario de Tucuman"},"image":{"@id":"https:\/\/www.eldiariodetucuman.com\/web\/#\/schema\/logo\/image\/"}},{"@type":"Person","@id":"https:\/\/www.eldiariodetucuman.com\/web\/#\/schema\/person\/3adbe300ecd6242af93c97dab1dc3ba1","name":"El diario de Tucuman","image":{"@type":"ImageObject","inLanguage":"es","@id":"https:\/\/secure.gravatar.com\/avatar\/b7214de193b24d0bd708ac5516aa13d0f20c6560795bfbee06857d5c8ac2f0b2?s=96&d=mm&r=g","url":"https:\/\/secure.gravatar.com\/avatar\/b7214de193b24d0bd708ac5516aa13d0f20c6560795bfbee06857d5c8ac2f0b2?s=96&d=mm&r=g","contentUrl":"https:\/\/secure.gravatar.com\/avatar\/b7214de193b24d0bd708ac5516aa13d0f20c6560795bfbee06857d5c8ac2f0b2?s=96&d=mm&r=g","caption":"El diario de Tucuman"},"url":"https:\/\/www.eldiariodetucuman.com\/web\/author\/mgiobellina\/"}]}},"_links":{"self":[{"href":"https:\/\/www.eldiariodetucuman.com\/web\/wp-json\/wp\/v2\/posts\/27411","targetHints":{"allow":["GET"]}}],"collection":[{"href":"https:\/\/www.eldiariodetucuman.com\/web\/wp-json\/wp\/v2\/posts"}],"about":[{"href":"https:\/\/www.eldiariodetucuman.com\/web\/wp-json\/wp\/v2\/types\/post"}],"author":[{"embeddable":true,"href":"https:\/\/www.eldiariodetucuman.com\/web\/wp-json\/wp\/v2\/users\/3"}],"replies":[{"embeddable":true,"href":"https:\/\/www.eldiariodetucuman.com\/web\/wp-json\/wp\/v2\/comments?post=27411"}],"version-history":[{"count":1,"href":"https:\/\/www.eldiariodetucuman.com\/web\/wp-json\/wp\/v2\/posts\/27411\/revisions"}],"predecessor-version":[{"id":27415,"href":"https:\/\/www.eldiariodetucuman.com\/web\/wp-json\/wp\/v2\/posts\/27411\/revisions\/27415"}],"wp:featuredmedia":[{"embeddable":true,"href":"https:\/\/www.eldiariodetucuman.com\/web\/wp-json\/wp\/v2\/media\/27414"}],"wp:attachment":[{"href":"https:\/\/www.eldiariodetucuman.com\/web\/wp-json\/wp\/v2\/media?parent=27411"}],"wp:term":[{"taxonomy":"category","embeddable":true,"href":"https:\/\/www.eldiariodetucuman.com\/web\/wp-json\/wp\/v2\/categories?post=27411"},{"taxonomy":"post_tag","embeddable":true,"href":"https:\/\/www.eldiariodetucuman.com\/web\/wp-json\/wp\/v2\/tags?post=27411"}],"curies":[{"name":"wp","href":"https:\/\/api.w.org\/{rel}","templated":true}]}}