{"id":27403,"date":"2020-05-12T11:32:06","date_gmt":"2020-05-12T14:32:06","guid":{"rendered":"http:\/\/www.eldiariodetucuman.com\/web\/?p=27403"},"modified":"2020-05-12T11:32:06","modified_gmt":"2020-05-12T14:32:06","slug":"mas-de-800-tucumanos-varados-esperan-poder-regresar-a-la-provincia","status":"publish","type":"post","link":"https:\/\/www.eldiariodetucuman.com\/web\/mas-de-800-tucumanos-varados-esperan-poder-regresar-a-la-provincia\/","title":{"rendered":"M\u00e1s de 800 tucumanos varados esperan poder regresar a la provincia"},"content":{"rendered":"<div class=\"feature-img\">El Comit\u00e9 Operativo de Emergencia (COE) se reuni\u00f3 para analizar el avance del programa Regreso a Casa, que el Gobierno Nacional habilit\u00f3 como permiso excepcional para quienes se encuentren varados en los distintos puntos del pa\u00eds puedan retornar a sus provincias por v\u00eda terrestre. Durante los d\u00edas mi\u00e9rcoles, jueves y viernes, se recibieron un total de 850 solicitudes para retornar a la provincia.<\/div>\n<p><!--more--><\/p>\n<div class=\"entry-content\">\n<p class=\"selectionShareable\"><strong>Emilia Tarifa<\/strong>, subsecretaria de Control de Gesti\u00f3n, explic\u00f3 que \u201csi bien ya se ven\u00eda trabajando con algunas \u00e1reas que est\u00e1n trayendo, por ejemplo a los trabajadores golondrinas o las personas que vienen repatriadas desde otro pa\u00edses, ahora particularmente desde hace una semana estamos trabajando con los tucumanos que est\u00e1n varados en otras provincias y que necesitan regresar a su hogar\u201d.<\/p>\n<p class=\"selectionShareable\">El proceso con el que deben cumplir los interesados consta de completar un formulario que es analizado por la provincia y luego elevado a naci\u00f3n, quien tiene la autorizaci\u00f3n final. \u201cEs importante remarcar que, por ejemplo, nosotros recibimos las 850 solicitudes de veh\u00edculos que pretenden regresar a la provincia, cada uno de ellos, en muchos casos, tiene m\u00e1s de un pasajero. Para nosotros es una prioridad que cada uno de ellos ingrese con la situaci\u00f3n controlada, tanto sanitaria como de seguridad\u201d, detall\u00f3 la funcionaria.<\/p>\n<p class=\"selectionShareable\">En este sentido, Tarifa explic\u00f3 hay demoras en las respuestas porque hay una administraci\u00f3n controlada de los ingresos a la provincia. \u201dNo podemos dar ingreso a todos juntos, porque nos desbordar\u00eda la capacidad de respuesta. Tratamos de priorizar los casos de mayor necesidad que consideramos urgente y tambi\u00e9n a aquellas personas que est\u00e1n en provincias con una situaci\u00f3n epidemiol\u00f3gica a la nuestra\u201d, inform\u00f3.<\/p>\n<p class=\"selectionShareable\">Para ingresar a la provincia se deben cumplir con ciertas condiciones, \u201cque ingresen solo por Ruta 9, una vez en la frontera son escoltados por la polic\u00eda de Tucum\u00e1n hasta la Terminal de \u00d3mnibus donde son controlados todos los pasajeros (ya sea que se quedan en la provincia o choferes que se vuelvan) y luego son derivados a lugares de aislamiento destinados de acuerdo a la procedencia y al estado de esas personas\u201d, enumer\u00f3 la subsecretaria.<\/p>\n<p class=\"selectionShareable\">Por \u00faltimo, tarifa llam\u00f3 a ser conscientes a quienes a\u00fan no pudieron regresar a Tucum\u00e1n \u201ctodos van a ser tra\u00eddos a la provincia. Hemos logrado que se vayan habilitando algunas cuestiones, entonces hay que cuidar esto, porque si abrimos las fronteras probablemente vayamos a pasar una situaci\u00f3n que haga retroceder en las medidas tomadas\u201d.<\/p>\n<p><strong>Fuente:<\/strong> <a href=\"http:\/\/comunicaciontucuman.gob.ar\/2020\/05\/la-provincia-trabaja-para-traer-a-todos-los-tucumanos-varados\/\">http:\/\/comunicaciontucuman.gob.ar\/2020\/05\/la-provincia-trabaja-para-traer-a-todos-los-tucumanos-varados\/<\/a><\/p>\n<\/div>\n","protected":false},"excerpt":{"rendered":"<p>El Comit\u00e9 Operativo de Emergencia (COE) se reuni\u00f3 para analizar el avance del programa Regreso a Casa, que el Gobierno Nacional habilit\u00f3 como permiso excepcional para quienes se encuentren varados en los distintos puntos del pa\u00eds puedan retornar a sus provincias por v\u00eda terrestre. Durante los d\u00edas mi\u00e9rcoles, jueves y viernes, se recibieron un total [&hellip;]<\/p>\n","protected":false},"author":5,"featured_media":27404,"comment_status":"closed","ping_status":"open","sticky":false,"template":"","format":"standard","meta":{"footnotes":""},"categories":[2],"tags":[3109,3193,61],"class_list":{"0":"post-27403","1":"post","2":"type-post","3":"status-publish","4":"format-standard","5":"has-post-thumbnail","7":"category-actualidad","8":"tag-cuarentena","9":"tag-regreso-a-casa","10":"tag-tucuman"},"yoast_head":"<!-- This site is optimized with the Yoast SEO plugin v27.4 - https:\/\/yoast.com\/product\/yoast-seo-wordpress\/ -->\n<title>M\u00e1s de 800 tucumanos varados esperan poder regresar a la provincia - El Diario de Tucuman<\/title>\n<meta name=\"robots\" content=\"index, follow, max-snippet:-1, max-image-preview:large, max-video-preview:-1\" \/>\n<link rel=\"canonical\" href=\"https:\/\/www.eldiariodetucuman.com\/web\/mas-de-800-tucumanos-varados-esperan-poder-regresar-a-la-provincia\/\" \/>\n<meta property=\"og:locale\" content=\"es_ES\" \/>\n<meta property=\"og:type\" content=\"article\" \/>\n<meta property=\"og:title\" content=\"M\u00e1s de 800 tucumanos varados esperan poder regresar a la provincia - El Diario de Tucuman\" \/>\n<meta property=\"og:description\" content=\"El Comit\u00e9 Operativo de Emergencia (COE) se reuni\u00f3 para analizar el avance del programa Regreso a Casa, que el Gobierno Nacional habilit\u00f3 como permiso excepcional para quienes se encuentren varados en los distintos puntos del pa\u00eds puedan retornar a sus provincias por v\u00eda terrestre. Durante los d\u00edas mi\u00e9rcoles, jueves y viernes, se recibieron un total [&hellip;]\" \/>\n<meta property=\"og:url\" content=\"https:\/\/www.eldiariodetucuman.com\/web\/mas-de-800-tucumanos-varados-esperan-poder-regresar-a-la-provincia\/\" \/>\n<meta property=\"og:site_name\" content=\"El Diario de Tucuman\" \/>\n<meta property=\"article:published_time\" content=\"2020-05-12T14:32:06+00:00\" \/>\n<meta property=\"og:image\" content=\"https:\/\/www.eldiariodetucuman.com\/web\/wp-content\/uploads\/2020\/05\/tucumanos-regreso.jpg\" \/>\n\t<meta property=\"og:image:width\" content=\"512\" \/>\n\t<meta property=\"og:image:height\" content=\"284\" \/>\n\t<meta property=\"og:image:type\" content=\"image\/jpeg\" \/>\n<meta name=\"author\" content=\"Redactor Uno\" \/>\n<meta name=\"twitter:card\" content=\"summary_large_image\" \/>\n<meta name=\"twitter:label1\" content=\"Escrito por\" \/>\n\t<meta name=\"twitter:data1\" content=\"Redactor Uno\" \/>\n\t<meta name=\"twitter:label2\" content=\"Tiempo de lectura\" \/>\n\t<meta name=\"twitter:data2\" content=\"2 minutos\" \/>\n<script type=\"application\/ld+json\" class=\"yoast-schema-graph\">{\"@context\":\"https:\\\/\\\/schema.org\",\"@graph\":[{\"@type\":\"Article\",\"@id\":\"https:\\\/\\\/www.eldiariodetucuman.com\\\/web\\\/mas-de-800-tucumanos-varados-esperan-poder-regresar-a-la-provincia\\\/#article\",\"isPartOf\":{\"@id\":\"https:\\\/\\\/www.eldiariodetucuman.com\\\/web\\\/mas-de-800-tucumanos-varados-esperan-poder-regresar-a-la-provincia\\\/\"},\"author\":{\"name\":\"Redactor Uno\",\"@id\":\"https:\\\/\\\/www.eldiariodetucuman.com\\\/web\\\/#\\\/schema\\\/person\\\/7e6644a46e60888f6b868594407e08dd\"},\"headline\":\"M\u00e1s de 800 tucumanos varados esperan poder regresar a la provincia\",\"datePublished\":\"2020-05-12T14:32:06+00:00\",\"mainEntityOfPage\":{\"@id\":\"https:\\\/\\\/www.eldiariodetucuman.com\\\/web\\\/mas-de-800-tucumanos-varados-esperan-poder-regresar-a-la-provincia\\\/\"},\"wordCount\":440,\"publisher\":{\"@id\":\"https:\\\/\\\/www.eldiariodetucuman.com\\\/web\\\/#organization\"},\"image\":{\"@id\":\"https:\\\/\\\/www.eldiariodetucuman.com\\\/web\\\/mas-de-800-tucumanos-varados-esperan-poder-regresar-a-la-provincia\\\/#primaryimage\"},\"thumbnailUrl\":\"https:\\\/\\\/www.eldiariodetucuman.com\\\/web\\\/wp-content\\\/uploads\\\/2020\\\/05\\\/tucumanos-regreso.jpg\",\"keywords\":[\"cuarentena\",\"regreso a casa\",\"Tucuman\"],\"articleSection\":[\"Actualidad\"],\"inLanguage\":\"es\"},{\"@type\":\"WebPage\",\"@id\":\"https:\\\/\\\/www.eldiariodetucuman.com\\\/web\\\/mas-de-800-tucumanos-varados-esperan-poder-regresar-a-la-provincia\\\/\",\"url\":\"https:\\\/\\\/www.eldiariodetucuman.com\\\/web\\\/mas-de-800-tucumanos-varados-esperan-poder-regresar-a-la-provincia\\\/\",\"name\":\"M\u00e1s de 800 tucumanos varados esperan poder regresar a la provincia - El Diario de Tucuman\",\"isPartOf\":{\"@id\":\"https:\\\/\\\/www.eldiariodetucuman.com\\\/web\\\/#website\"},\"primaryImageOfPage\":{\"@id\":\"https:\\\/\\\/www.eldiariodetucuman.com\\\/web\\\/mas-de-800-tucumanos-varados-esperan-poder-regresar-a-la-provincia\\\/#primaryimage\"},\"image\":{\"@id\":\"https:\\\/\\\/www.eldiariodetucuman.com\\\/web\\\/mas-de-800-tucumanos-varados-esperan-poder-regresar-a-la-provincia\\\/#primaryimage\"},\"thumbnailUrl\":\"https:\\\/\\\/www.eldiariodetucuman.com\\\/web\\\/wp-content\\\/uploads\\\/2020\\\/05\\\/tucumanos-regreso.jpg\",\"datePublished\":\"2020-05-12T14:32:06+00:00\",\"breadcrumb\":{\"@id\":\"https:\\\/\\\/www.eldiariodetucuman.com\\\/web\\\/mas-de-800-tucumanos-varados-esperan-poder-regresar-a-la-provincia\\\/#breadcrumb\"},\"inLanguage\":\"es\",\"potentialAction\":[{\"@type\":\"ReadAction\",\"target\":[\"https:\\\/\\\/www.eldiariodetucuman.com\\\/web\\\/mas-de-800-tucumanos-varados-esperan-poder-regresar-a-la-provincia\\\/\"]}]},{\"@type\":\"ImageObject\",\"inLanguage\":\"es\",\"@id\":\"https:\\\/\\\/www.eldiariodetucuman.com\\\/web\\\/mas-de-800-tucumanos-varados-esperan-poder-regresar-a-la-provincia\\\/#primaryimage\",\"url\":\"https:\\\/\\\/www.eldiariodetucuman.com\\\/web\\\/wp-content\\\/uploads\\\/2020\\\/05\\\/tucumanos-regreso.jpg\",\"contentUrl\":\"https:\\\/\\\/www.eldiariodetucuman.com\\\/web\\\/wp-content\\\/uploads\\\/2020\\\/05\\\/tucumanos-regreso.jpg\",\"width\":512,\"height\":284},{\"@type\":\"BreadcrumbList\",\"@id\":\"https:\\\/\\\/www.eldiariodetucuman.com\\\/web\\\/mas-de-800-tucumanos-varados-esperan-poder-regresar-a-la-provincia\\\/#breadcrumb\",\"itemListElement\":[{\"@type\":\"ListItem\",\"position\":1,\"name\":\"Portada\",\"item\":\"https:\\\/\\\/www.eldiariodetucuman.com\\\/web\\\/\"},{\"@type\":\"ListItem\",\"position\":2,\"name\":\"M\u00e1s de 800 tucumanos varados esperan poder regresar a la provincia\"}]},{\"@type\":\"WebSite\",\"@id\":\"https:\\\/\\\/www.eldiariodetucuman.com\\\/web\\\/#website\",\"url\":\"https:\\\/\\\/www.eldiariodetucuman.com\\\/web\\\/\",\"name\":\"El Diario de Tucuman\",\"description\":\"Diario Tucuman - Informaci\u00f3n y noticias\",\"publisher\":{\"@id\":\"https:\\\/\\\/www.eldiariodetucuman.com\\\/web\\\/#organization\"},\"potentialAction\":[{\"@type\":\"SearchAction\",\"target\":{\"@type\":\"EntryPoint\",\"urlTemplate\":\"https:\\\/\\\/www.eldiariodetucuman.com\\\/web\\\/?s={search_term_string}\"},\"query-input\":{\"@type\":\"PropertyValueSpecification\",\"valueRequired\":true,\"valueName\":\"search_term_string\"}}],\"inLanguage\":\"es\"},{\"@type\":\"Organization\",\"@id\":\"https:\\\/\\\/www.eldiariodetucuman.com\\\/web\\\/#organization\",\"name\":\"El Diario de Tucuman\",\"url\":\"https:\\\/\\\/www.eldiariodetucuman.com\\\/web\\\/\",\"logo\":{\"@type\":\"ImageObject\",\"inLanguage\":\"es\",\"@id\":\"https:\\\/\\\/www.eldiariodetucuman.com\\\/web\\\/#\\\/schema\\\/logo\\\/image\\\/\",\"url\":\"http:\\\/\\\/www.eldiariodetucuman.com\\\/web\\\/wp-content\\\/uploads\\\/2017\\\/12\\\/el-diario-de-tucuman.jpg\",\"contentUrl\":\"http:\\\/\\\/www.eldiariodetucuman.com\\\/web\\\/wp-content\\\/uploads\\\/2017\\\/12\\\/el-diario-de-tucuman.jpg\",\"width\":272,\"height\":92,\"caption\":\"El Diario de Tucuman\"},\"image\":{\"@id\":\"https:\\\/\\\/www.eldiariodetucuman.com\\\/web\\\/#\\\/schema\\\/logo\\\/image\\\/\"}},{\"@type\":\"Person\",\"@id\":\"https:\\\/\\\/www.eldiariodetucuman.com\\\/web\\\/#\\\/schema\\\/person\\\/7e6644a46e60888f6b868594407e08dd\",\"name\":\"Redactor Uno\",\"image\":{\"@type\":\"ImageObject\",\"inLanguage\":\"es\",\"@id\":\"https:\\\/\\\/secure.gravatar.com\\\/avatar\\\/0049b1bdf1bd548385c9ea6b9356431717930913089febd2ba904f0187d7d074?s=96&d=mm&r=g\",\"url\":\"https:\\\/\\\/secure.gravatar.com\\\/avatar\\\/0049b1bdf1bd548385c9ea6b9356431717930913089febd2ba904f0187d7d074?s=96&d=mm&r=g\",\"contentUrl\":\"https:\\\/\\\/secure.gravatar.com\\\/avatar\\\/0049b1bdf1bd548385c9ea6b9356431717930913089febd2ba904f0187d7d074?s=96&d=mm&r=g\",\"caption\":\"Redactor Uno\"},\"url\":\"https:\\\/\\\/www.eldiariodetucuman.com\\\/web\\\/author\\\/mramasco\\\/\"}]}<\/script>\n<!-- \/ Yoast SEO plugin. -->","yoast_head_json":{"title":"M\u00e1s de 800 tucumanos varados esperan poder regresar a la provincia - El Diario de Tucuman","robots":{"index":"index","follow":"follow","max-snippet":"max-snippet:-1","max-image-preview":"max-image-preview:large","max-video-preview":"max-video-preview:-1"},"canonical":"https:\/\/www.eldiariodetucuman.com\/web\/mas-de-800-tucumanos-varados-esperan-poder-regresar-a-la-provincia\/","og_locale":"es_ES","og_type":"article","og_title":"M\u00e1s de 800 tucumanos varados esperan poder regresar a la provincia - El Diario de Tucuman","og_description":"El Comit\u00e9 Operativo de Emergencia (COE) se reuni\u00f3 para analizar el avance del programa Regreso a Casa, que el Gobierno Nacional habilit\u00f3 como permiso excepcional para quienes se encuentren varados en los distintos puntos del pa\u00eds puedan retornar a sus provincias por v\u00eda terrestre. Durante los d\u00edas mi\u00e9rcoles, jueves y viernes, se recibieron un total [&hellip;]","og_url":"https:\/\/www.eldiariodetucuman.com\/web\/mas-de-800-tucumanos-varados-esperan-poder-regresar-a-la-provincia\/","og_site_name":"El Diario de Tucuman","article_published_time":"2020-05-12T14:32:06+00:00","og_image":[{"width":512,"height":284,"url":"https:\/\/www.eldiariodetucuman.com\/web\/wp-content\/uploads\/2020\/05\/tucumanos-regreso.jpg","type":"image\/jpeg"}],"author":"Redactor Uno","twitter_card":"summary_large_image","twitter_misc":{"Escrito por":"Redactor Uno","Tiempo de lectura":"2 minutos"},"schema":{"@context":"https:\/\/schema.org","@graph":[{"@type":"Article","@id":"https:\/\/www.eldiariodetucuman.com\/web\/mas-de-800-tucumanos-varados-esperan-poder-regresar-a-la-provincia\/#article","isPartOf":{"@id":"https:\/\/www.eldiariodetucuman.com\/web\/mas-de-800-tucumanos-varados-esperan-poder-regresar-a-la-provincia\/"},"author":{"name":"Redactor Uno","@id":"https:\/\/www.eldiariodetucuman.com\/web\/#\/schema\/person\/7e6644a46e60888f6b868594407e08dd"},"headline":"M\u00e1s de 800 tucumanos varados esperan poder regresar a la provincia","datePublished":"2020-05-12T14:32:06+00:00","mainEntityOfPage":{"@id":"https:\/\/www.eldiariodetucuman.com\/web\/mas-de-800-tucumanos-varados-esperan-poder-regresar-a-la-provincia\/"},"wordCount":440,"publisher":{"@id":"https:\/\/www.eldiariodetucuman.com\/web\/#organization"},"image":{"@id":"https:\/\/www.eldiariodetucuman.com\/web\/mas-de-800-tucumanos-varados-esperan-poder-regresar-a-la-provincia\/#primaryimage"},"thumbnailUrl":"https:\/\/www.eldiariodetucuman.com\/web\/wp-content\/uploads\/2020\/05\/tucumanos-regreso.jpg","keywords":["cuarentena","regreso a casa","Tucuman"],"articleSection":["Actualidad"],"inLanguage":"es"},{"@type":"WebPage","@id":"https:\/\/www.eldiariodetucuman.com\/web\/mas-de-800-tucumanos-varados-esperan-poder-regresar-a-la-provincia\/","url":"https:\/\/www.eldiariodetucuman.com\/web\/mas-de-800-tucumanos-varados-esperan-poder-regresar-a-la-provincia\/","name":"M\u00e1s de 800 tucumanos varados esperan poder regresar a la provincia - El Diario de Tucuman","isPartOf":{"@id":"https:\/\/www.eldiariodetucuman.com\/web\/#website"},"primaryImageOfPage":{"@id":"https:\/\/www.eldiariodetucuman.com\/web\/mas-de-800-tucumanos-varados-esperan-poder-regresar-a-la-provincia\/#primaryimage"},"image":{"@id":"https:\/\/www.eldiariodetucuman.com\/web\/mas-de-800-tucumanos-varados-esperan-poder-regresar-a-la-provincia\/#primaryimage"},"thumbnailUrl":"https:\/\/www.eldiariodetucuman.com\/web\/wp-content\/uploads\/2020\/05\/tucumanos-regreso.jpg","datePublished":"2020-05-12T14:32:06+00:00","breadcrumb":{"@id":"https:\/\/www.eldiariodetucuman.com\/web\/mas-de-800-tucumanos-varados-esperan-poder-regresar-a-la-provincia\/#breadcrumb"},"inLanguage":"es","potentialAction":[{"@type":"ReadAction","target":["https:\/\/www.eldiariodetucuman.com\/web\/mas-de-800-tucumanos-varados-esperan-poder-regresar-a-la-provincia\/"]}]},{"@type":"ImageObject","inLanguage":"es","@id":"https:\/\/www.eldiariodetucuman.com\/web\/mas-de-800-tucumanos-varados-esperan-poder-regresar-a-la-provincia\/#primaryimage","url":"https:\/\/www.eldiariodetucuman.com\/web\/wp-content\/uploads\/2020\/05\/tucumanos-regreso.jpg","contentUrl":"https:\/\/www.eldiariodetucuman.com\/web\/wp-content\/uploads\/2020\/05\/tucumanos-regreso.jpg","width":512,"height":284},{"@type":"BreadcrumbList","@id":"https:\/\/www.eldiariodetucuman.com\/web\/mas-de-800-tucumanos-varados-esperan-poder-regresar-a-la-provincia\/#breadcrumb","itemListElement":[{"@type":"ListItem","position":1,"name":"Portada","item":"https:\/\/www.eldiariodetucuman.com\/web\/"},{"@type":"ListItem","position":2,"name":"M\u00e1s de 800 tucumanos varados esperan poder regresar a la provincia"}]},{"@type":"WebSite","@id":"https:\/\/www.eldiariodetucuman.com\/web\/#website","url":"https:\/\/www.eldiariodetucuman.com\/web\/","name":"El Diario de Tucuman","description":"Diario Tucuman - Informaci\u00f3n y noticias","publisher":{"@id":"https:\/\/www.eldiariodetucuman.com\/web\/#organization"},"potentialAction":[{"@type":"SearchAction","target":{"@type":"EntryPoint","urlTemplate":"https:\/\/www.eldiariodetucuman.com\/web\/?s={search_term_string}"},"query-input":{"@type":"PropertyValueSpecification","valueRequired":true,"valueName":"search_term_string"}}],"inLanguage":"es"},{"@type":"Organization","@id":"https:\/\/www.eldiariodetucuman.com\/web\/#organization","name":"El Diario de Tucuman","url":"https:\/\/www.eldiariodetucuman.com\/web\/","logo":{"@type":"ImageObject","inLanguage":"es","@id":"https:\/\/www.eldiariodetucuman.com\/web\/#\/schema\/logo\/image\/","url":"http:\/\/www.eldiariodetucuman.com\/web\/wp-content\/uploads\/2017\/12\/el-diario-de-tucuman.jpg","contentUrl":"http:\/\/www.eldiariodetucuman.com\/web\/wp-content\/uploads\/2017\/12\/el-diario-de-tucuman.jpg","width":272,"height":92,"caption":"El Diario de Tucuman"},"image":{"@id":"https:\/\/www.eldiariodetucuman.com\/web\/#\/schema\/logo\/image\/"}},{"@type":"Person","@id":"https:\/\/www.eldiariodetucuman.com\/web\/#\/schema\/person\/7e6644a46e60888f6b868594407e08dd","name":"Redactor Uno","image":{"@type":"ImageObject","inLanguage":"es","@id":"https:\/\/secure.gravatar.com\/avatar\/0049b1bdf1bd548385c9ea6b9356431717930913089febd2ba904f0187d7d074?s=96&d=mm&r=g","url":"https:\/\/secure.gravatar.com\/avatar\/0049b1bdf1bd548385c9ea6b9356431717930913089febd2ba904f0187d7d074?s=96&d=mm&r=g","contentUrl":"https:\/\/secure.gravatar.com\/avatar\/0049b1bdf1bd548385c9ea6b9356431717930913089febd2ba904f0187d7d074?s=96&d=mm&r=g","caption":"Redactor Uno"},"url":"https:\/\/www.eldiariodetucuman.com\/web\/author\/mramasco\/"}]}},"_links":{"self":[{"href":"https:\/\/www.eldiariodetucuman.com\/web\/wp-json\/wp\/v2\/posts\/27403","targetHints":{"allow":["GET"]}}],"collection":[{"href":"https:\/\/www.eldiariodetucuman.com\/web\/wp-json\/wp\/v2\/posts"}],"about":[{"href":"https:\/\/www.eldiariodetucuman.com\/web\/wp-json\/wp\/v2\/types\/post"}],"author":[{"embeddable":true,"href":"https:\/\/www.eldiariodetucuman.com\/web\/wp-json\/wp\/v2\/users\/5"}],"replies":[{"embeddable":true,"href":"https:\/\/www.eldiariodetucuman.com\/web\/wp-json\/wp\/v2\/comments?post=27403"}],"version-history":[{"count":1,"href":"https:\/\/www.eldiariodetucuman.com\/web\/wp-json\/wp\/v2\/posts\/27403\/revisions"}],"predecessor-version":[{"id":27405,"href":"https:\/\/www.eldiariodetucuman.com\/web\/wp-json\/wp\/v2\/posts\/27403\/revisions\/27405"}],"wp:featuredmedia":[{"embeddable":true,"href":"https:\/\/www.eldiariodetucuman.com\/web\/wp-json\/wp\/v2\/media\/27404"}],"wp:attachment":[{"href":"https:\/\/www.eldiariodetucuman.com\/web\/wp-json\/wp\/v2\/media?parent=27403"}],"wp:term":[{"taxonomy":"category","embeddable":true,"href":"https:\/\/www.eldiariodetucuman.com\/web\/wp-json\/wp\/v2\/categories?post=27403"},{"taxonomy":"post_tag","embeddable":true,"href":"https:\/\/www.eldiariodetucuman.com\/web\/wp-json\/wp\/v2\/tags?post=27403"}],"curies":[{"name":"wp","href":"https:\/\/api.w.org\/{rel}","templated":true}]}}