{"id":27141,"date":"2020-04-21T17:33:00","date_gmt":"2020-04-21T20:33:00","guid":{"rendered":"http:\/\/www.eldiariodetucuman.com\/web\/?p=27141"},"modified":"2020-04-21T17:33:00","modified_gmt":"2020-04-21T20:33:00","slug":"la-cupula-del-pj-unida","status":"publish","type":"post","link":"https:\/\/www.eldiariodetucuman.com\/web\/la-cupula-del-pj-unida\/","title":{"rendered":"La cupula del PJ unida"},"content":{"rendered":"<p>El vicepresidente primero de la Legislatura, <strong>Regino Amado<\/strong>, ocup\u00f3 un lugar particular en estos d\u00edas dentro de la estructura gubernamental de <strong>Tucum\u00e1n<\/strong>. Tras una nota realizada por La Gaceta, donde el monterizo dio su idea sobre la sanaci\u00f3n de las diferencias en la c\u00fapula gubernamental de la provincia. Hoy esa foto se gener\u00f3 en el despacho de <strong>Juan Manzur<\/strong>, donde el encuentro con <strong>Osvaldo Jaldo<\/strong> parece ser un puente para unir nuevamente lo que es la f\u00f3rmula que desplaz\u00f3 a el alperovichismo de Tucum\u00e1n. Ser\u00e1 Amado el nexo entre ambos? Pocos los saben pero la voz del referente del Oeste hoy suena en todos los comentarios dentro del Ejecutivo y el Legislativo. <!--more--><\/p>\n<p>Se cumpli\u00f3 el mes de \u201caislamiento\u201d pol\u00edtico entre el gobernador <strong>Juan Manzur<\/strong>\u00a0y el vicegobernador<strong>\u00a0Osvaldo Jaldo<\/strong>, y en el peronismo aventuran todo tipo de diagn\u00f3sticos. Pero al margen de las especulaciones, en la mesa de autoridades del Partido Justicialista (PJ) sostienen que el mejor remedio para superar la situaci\u00f3n de malestar es -al rev\u00e9s que lo indicado contra el coronavirus- un acercamiento urgente.<\/p>\n<p>\u201cCon quienes habl\u00e9, tanto con dirigentes en general como con funcionarios con cargos institucionales, ya sea intendentes, legisladores o comisionados rurales, me manifestaron que les interesa lo mismo que a m\u00ed: la unidad del peronismo. En la conducci\u00f3n, si hacemos un repaso hist\u00f3rico, siempre hubo diferencias. Esta vez creo que pueden ser salvadas\u201d, afirm\u00f3 a LA GACETA el monterizo\u00a0<strong>Regino Amado<\/strong>, vicepresidente primero del PJ local.<\/p>\n<p>El titular subrogante de la Legislatura es el \u201ctercero\u201d de la mesa justicialista, ya que Manzur preside el partido y Jaldo es el \u201cvice\u201d. Desde ese lugar, Amado remarc\u00f3 que el contexto cr\u00edtico que atraviesan el pa\u00eds y la provincia -por la pandemia de covid-19 y por el d\u00e9ficit financiero- deber\u00eda marcarles un camino l\u00f3gico.<\/p>\n<p>\u201cHoy m\u00e1s que nunca tenemos que estar juntos. Existe un Gobierno nacional con el cual estamos alineados, y no hay diferencias en eso, y tenemos que pelear a esta situaci\u00f3n tan dif\u00edcil que estamos viviendo; no s\u00f3lo pensando en que pasa durante la pandemia, sino tambi\u00e9n en el despu\u00e9s, por las consecuencias que va a producir. Y la mejor manera de hacerlo es seguir trabajando, cada uno desde su lugar, con las tareas que tiene a su cargo el Ejecutivo, y tambi\u00e9n desde el Legislativo, que adem\u00e1s de sancionar leyes est\u00e1 escuchando a sectores de la comunidad que atraviesan distintos tipos de inconvenientes\u201d, afirm\u00f3 el legislador.<\/p>\n<p>Las se\u00f1ales pol\u00edticas de distanciamiento fueron tan evidentes que impactaron en la dirigencia justicialista. Ante una consulta de LA GACETA, la tercera autoridad del PJ provincial insisti\u00f3 con la importancia de limar asperezas en la conducci\u00f3n. \u201cMi aspiraci\u00f3n es que todos hagamos los esfuerzos que debamos hacer para que las diferencias puedan ser salvadas, puertas adentro y en el menor tiempo posible. En este caso, quienes tienen la mayor responsabilidad institucional cuentan con amplia experiencia, y seguramente podr\u00e1n sentarse y salvar cualquier diferencia que existiere. Si pasa eso, va a ser muy bueno para la comunidad en general y para quienes estamos en el partido\u201d, profundiz\u00f3 Amado.<\/p>\n","protected":false},"excerpt":{"rendered":"<p>El vicepresidente primero de la Legislatura, Regino Amado, ocup\u00f3 un lugar particular en estos d\u00edas dentro de la estructura gubernamental de Tucum\u00e1n. Tras una nota realizada por La Gaceta, donde el monterizo dio su idea sobre la sanaci\u00f3n de las diferencias en la c\u00fapula gubernamental de la provincia. Hoy esa foto se gener\u00f3 en el [&hellip;]<\/p>\n","protected":false},"author":3,"featured_media":27143,"comment_status":"closed","ping_status":"open","sticky":false,"template":"","format":"standard","meta":{"footnotes":""},"categories":[2],"tags":[216,217,1316,61],"class_list":{"0":"post-27141","1":"post","2":"type-post","3":"status-publish","4":"format-standard","5":"has-post-thumbnail","7":"category-actualidad","8":"tag-juan-manzur","9":"tag-osvaldo-jaldo","10":"tag-regino-amado","11":"tag-tucuman"},"yoast_head":"<!-- This site is optimized with the Yoast SEO plugin v27.4 - https:\/\/yoast.com\/product\/yoast-seo-wordpress\/ -->\n<title>La cupula del PJ unida - El Diario de Tucuman<\/title>\n<meta name=\"robots\" content=\"index, follow, max-snippet:-1, max-image-preview:large, max-video-preview:-1\" \/>\n<link rel=\"canonical\" href=\"https:\/\/www.eldiariodetucuman.com\/web\/la-cupula-del-pj-unida\/\" \/>\n<meta property=\"og:locale\" content=\"es_ES\" \/>\n<meta property=\"og:type\" content=\"article\" \/>\n<meta property=\"og:title\" content=\"La cupula del PJ unida - El Diario de Tucuman\" \/>\n<meta property=\"og:description\" content=\"El vicepresidente primero de la Legislatura, Regino Amado, ocup\u00f3 un lugar particular en estos d\u00edas dentro de la estructura gubernamental de Tucum\u00e1n. Tras una nota realizada por La Gaceta, donde el monterizo dio su idea sobre la sanaci\u00f3n de las diferencias en la c\u00fapula gubernamental de la provincia. Hoy esa foto se gener\u00f3 en el [&hellip;]\" \/>\n<meta property=\"og:url\" content=\"https:\/\/www.eldiariodetucuman.com\/web\/la-cupula-del-pj-unida\/\" \/>\n<meta property=\"og:site_name\" content=\"El Diario de Tucuman\" \/>\n<meta property=\"article:published_time\" content=\"2020-04-21T20:33:00+00:00\" \/>\n<meta property=\"og:image\" content=\"https:\/\/www.eldiariodetucuman.com\/web\/wp-content\/uploads\/2020\/04\/IMG-20180612-WA0124-770x470-1.jpg\" \/>\n\t<meta property=\"og:image:width\" content=\"770\" \/>\n\t<meta property=\"og:image:height\" content=\"470\" \/>\n\t<meta property=\"og:image:type\" content=\"image\/jpeg\" \/>\n<meta name=\"author\" content=\"El diario de Tucuman\" \/>\n<meta name=\"twitter:card\" content=\"summary_large_image\" \/>\n<meta name=\"twitter:label1\" content=\"Escrito por\" \/>\n\t<meta name=\"twitter:data1\" content=\"El diario de Tucuman\" \/>\n\t<meta name=\"twitter:label2\" content=\"Tiempo de lectura\" \/>\n\t<meta name=\"twitter:data2\" content=\"3 minutos\" \/>\n<script type=\"application\/ld+json\" class=\"yoast-schema-graph\">{\"@context\":\"https:\\\/\\\/schema.org\",\"@graph\":[{\"@type\":\"Article\",\"@id\":\"https:\\\/\\\/www.eldiariodetucuman.com\\\/web\\\/la-cupula-del-pj-unida\\\/#article\",\"isPartOf\":{\"@id\":\"https:\\\/\\\/www.eldiariodetucuman.com\\\/web\\\/la-cupula-del-pj-unida\\\/\"},\"author\":{\"name\":\"El diario de Tucuman\",\"@id\":\"https:\\\/\\\/www.eldiariodetucuman.com\\\/web\\\/#\\\/schema\\\/person\\\/3adbe300ecd6242af93c97dab1dc3ba1\"},\"headline\":\"La cupula del PJ unida\",\"datePublished\":\"2020-04-21T20:33:00+00:00\",\"mainEntityOfPage\":{\"@id\":\"https:\\\/\\\/www.eldiariodetucuman.com\\\/web\\\/la-cupula-del-pj-unida\\\/\"},\"wordCount\":545,\"publisher\":{\"@id\":\"https:\\\/\\\/www.eldiariodetucuman.com\\\/web\\\/#organization\"},\"image\":{\"@id\":\"https:\\\/\\\/www.eldiariodetucuman.com\\\/web\\\/la-cupula-del-pj-unida\\\/#primaryimage\"},\"thumbnailUrl\":\"https:\\\/\\\/www.eldiariodetucuman.com\\\/web\\\/wp-content\\\/uploads\\\/2020\\\/04\\\/IMG-20180612-WA0124-770x470-1.jpg\",\"keywords\":[\"juan manzur\",\"Osvaldo Jaldo\",\"Regino Amado\",\"Tucuman\"],\"articleSection\":[\"Actualidad\"],\"inLanguage\":\"es\"},{\"@type\":\"WebPage\",\"@id\":\"https:\\\/\\\/www.eldiariodetucuman.com\\\/web\\\/la-cupula-del-pj-unida\\\/\",\"url\":\"https:\\\/\\\/www.eldiariodetucuman.com\\\/web\\\/la-cupula-del-pj-unida\\\/\",\"name\":\"La cupula del PJ unida - El Diario de Tucuman\",\"isPartOf\":{\"@id\":\"https:\\\/\\\/www.eldiariodetucuman.com\\\/web\\\/#website\"},\"primaryImageOfPage\":{\"@id\":\"https:\\\/\\\/www.eldiariodetucuman.com\\\/web\\\/la-cupula-del-pj-unida\\\/#primaryimage\"},\"image\":{\"@id\":\"https:\\\/\\\/www.eldiariodetucuman.com\\\/web\\\/la-cupula-del-pj-unida\\\/#primaryimage\"},\"thumbnailUrl\":\"https:\\\/\\\/www.eldiariodetucuman.com\\\/web\\\/wp-content\\\/uploads\\\/2020\\\/04\\\/IMG-20180612-WA0124-770x470-1.jpg\",\"datePublished\":\"2020-04-21T20:33:00+00:00\",\"breadcrumb\":{\"@id\":\"https:\\\/\\\/www.eldiariodetucuman.com\\\/web\\\/la-cupula-del-pj-unida\\\/#breadcrumb\"},\"inLanguage\":\"es\",\"potentialAction\":[{\"@type\":\"ReadAction\",\"target\":[\"https:\\\/\\\/www.eldiariodetucuman.com\\\/web\\\/la-cupula-del-pj-unida\\\/\"]}]},{\"@type\":\"ImageObject\",\"inLanguage\":\"es\",\"@id\":\"https:\\\/\\\/www.eldiariodetucuman.com\\\/web\\\/la-cupula-del-pj-unida\\\/#primaryimage\",\"url\":\"https:\\\/\\\/www.eldiariodetucuman.com\\\/web\\\/wp-content\\\/uploads\\\/2020\\\/04\\\/IMG-20180612-WA0124-770x470-1.jpg\",\"contentUrl\":\"https:\\\/\\\/www.eldiariodetucuman.com\\\/web\\\/wp-content\\\/uploads\\\/2020\\\/04\\\/IMG-20180612-WA0124-770x470-1.jpg\",\"width\":770,\"height\":470},{\"@type\":\"BreadcrumbList\",\"@id\":\"https:\\\/\\\/www.eldiariodetucuman.com\\\/web\\\/la-cupula-del-pj-unida\\\/#breadcrumb\",\"itemListElement\":[{\"@type\":\"ListItem\",\"position\":1,\"name\":\"Portada\",\"item\":\"https:\\\/\\\/www.eldiariodetucuman.com\\\/web\\\/\"},{\"@type\":\"ListItem\",\"position\":2,\"name\":\"La cupula del PJ unida\"}]},{\"@type\":\"WebSite\",\"@id\":\"https:\\\/\\\/www.eldiariodetucuman.com\\\/web\\\/#website\",\"url\":\"https:\\\/\\\/www.eldiariodetucuman.com\\\/web\\\/\",\"name\":\"El Diario de Tucuman\",\"description\":\"Diario Tucuman - Informaci\u00f3n y noticias\",\"publisher\":{\"@id\":\"https:\\\/\\\/www.eldiariodetucuman.com\\\/web\\\/#organization\"},\"potentialAction\":[{\"@type\":\"SearchAction\",\"target\":{\"@type\":\"EntryPoint\",\"urlTemplate\":\"https:\\\/\\\/www.eldiariodetucuman.com\\\/web\\\/?s={search_term_string}\"},\"query-input\":{\"@type\":\"PropertyValueSpecification\",\"valueRequired\":true,\"valueName\":\"search_term_string\"}}],\"inLanguage\":\"es\"},{\"@type\":\"Organization\",\"@id\":\"https:\\\/\\\/www.eldiariodetucuman.com\\\/web\\\/#organization\",\"name\":\"El Diario de Tucuman\",\"url\":\"https:\\\/\\\/www.eldiariodetucuman.com\\\/web\\\/\",\"logo\":{\"@type\":\"ImageObject\",\"inLanguage\":\"es\",\"@id\":\"https:\\\/\\\/www.eldiariodetucuman.com\\\/web\\\/#\\\/schema\\\/logo\\\/image\\\/\",\"url\":\"http:\\\/\\\/www.eldiariodetucuman.com\\\/web\\\/wp-content\\\/uploads\\\/2017\\\/12\\\/el-diario-de-tucuman.jpg\",\"contentUrl\":\"http:\\\/\\\/www.eldiariodetucuman.com\\\/web\\\/wp-content\\\/uploads\\\/2017\\\/12\\\/el-diario-de-tucuman.jpg\",\"width\":272,\"height\":92,\"caption\":\"El Diario de Tucuman\"},\"image\":{\"@id\":\"https:\\\/\\\/www.eldiariodetucuman.com\\\/web\\\/#\\\/schema\\\/logo\\\/image\\\/\"}},{\"@type\":\"Person\",\"@id\":\"https:\\\/\\\/www.eldiariodetucuman.com\\\/web\\\/#\\\/schema\\\/person\\\/3adbe300ecd6242af93c97dab1dc3ba1\",\"name\":\"El diario de Tucuman\",\"image\":{\"@type\":\"ImageObject\",\"inLanguage\":\"es\",\"@id\":\"https:\\\/\\\/secure.gravatar.com\\\/avatar\\\/b7214de193b24d0bd708ac5516aa13d0f20c6560795bfbee06857d5c8ac2f0b2?s=96&d=mm&r=g\",\"url\":\"https:\\\/\\\/secure.gravatar.com\\\/avatar\\\/b7214de193b24d0bd708ac5516aa13d0f20c6560795bfbee06857d5c8ac2f0b2?s=96&d=mm&r=g\",\"contentUrl\":\"https:\\\/\\\/secure.gravatar.com\\\/avatar\\\/b7214de193b24d0bd708ac5516aa13d0f20c6560795bfbee06857d5c8ac2f0b2?s=96&d=mm&r=g\",\"caption\":\"El diario de Tucuman\"},\"url\":\"https:\\\/\\\/www.eldiariodetucuman.com\\\/web\\\/author\\\/mgiobellina\\\/\"}]}<\/script>\n<!-- \/ Yoast SEO plugin. -->","yoast_head_json":{"title":"La cupula del PJ unida - El Diario de Tucuman","robots":{"index":"index","follow":"follow","max-snippet":"max-snippet:-1","max-image-preview":"max-image-preview:large","max-video-preview":"max-video-preview:-1"},"canonical":"https:\/\/www.eldiariodetucuman.com\/web\/la-cupula-del-pj-unida\/","og_locale":"es_ES","og_type":"article","og_title":"La cupula del PJ unida - El Diario de Tucuman","og_description":"El vicepresidente primero de la Legislatura, Regino Amado, ocup\u00f3 un lugar particular en estos d\u00edas dentro de la estructura gubernamental de Tucum\u00e1n. Tras una nota realizada por La Gaceta, donde el monterizo dio su idea sobre la sanaci\u00f3n de las diferencias en la c\u00fapula gubernamental de la provincia. Hoy esa foto se gener\u00f3 en el [&hellip;]","og_url":"https:\/\/www.eldiariodetucuman.com\/web\/la-cupula-del-pj-unida\/","og_site_name":"El Diario de Tucuman","article_published_time":"2020-04-21T20:33:00+00:00","og_image":[{"width":770,"height":470,"url":"https:\/\/www.eldiariodetucuman.com\/web\/wp-content\/uploads\/2020\/04\/IMG-20180612-WA0124-770x470-1.jpg","type":"image\/jpeg"}],"author":"El diario de Tucuman","twitter_card":"summary_large_image","twitter_misc":{"Escrito por":"El diario de Tucuman","Tiempo de lectura":"3 minutos"},"schema":{"@context":"https:\/\/schema.org","@graph":[{"@type":"Article","@id":"https:\/\/www.eldiariodetucuman.com\/web\/la-cupula-del-pj-unida\/#article","isPartOf":{"@id":"https:\/\/www.eldiariodetucuman.com\/web\/la-cupula-del-pj-unida\/"},"author":{"name":"El diario de Tucuman","@id":"https:\/\/www.eldiariodetucuman.com\/web\/#\/schema\/person\/3adbe300ecd6242af93c97dab1dc3ba1"},"headline":"La cupula del PJ unida","datePublished":"2020-04-21T20:33:00+00:00","mainEntityOfPage":{"@id":"https:\/\/www.eldiariodetucuman.com\/web\/la-cupula-del-pj-unida\/"},"wordCount":545,"publisher":{"@id":"https:\/\/www.eldiariodetucuman.com\/web\/#organization"},"image":{"@id":"https:\/\/www.eldiariodetucuman.com\/web\/la-cupula-del-pj-unida\/#primaryimage"},"thumbnailUrl":"https:\/\/www.eldiariodetucuman.com\/web\/wp-content\/uploads\/2020\/04\/IMG-20180612-WA0124-770x470-1.jpg","keywords":["juan manzur","Osvaldo Jaldo","Regino Amado","Tucuman"],"articleSection":["Actualidad"],"inLanguage":"es"},{"@type":"WebPage","@id":"https:\/\/www.eldiariodetucuman.com\/web\/la-cupula-del-pj-unida\/","url":"https:\/\/www.eldiariodetucuman.com\/web\/la-cupula-del-pj-unida\/","name":"La cupula del PJ unida - El Diario de Tucuman","isPartOf":{"@id":"https:\/\/www.eldiariodetucuman.com\/web\/#website"},"primaryImageOfPage":{"@id":"https:\/\/www.eldiariodetucuman.com\/web\/la-cupula-del-pj-unida\/#primaryimage"},"image":{"@id":"https:\/\/www.eldiariodetucuman.com\/web\/la-cupula-del-pj-unida\/#primaryimage"},"thumbnailUrl":"https:\/\/www.eldiariodetucuman.com\/web\/wp-content\/uploads\/2020\/04\/IMG-20180612-WA0124-770x470-1.jpg","datePublished":"2020-04-21T20:33:00+00:00","breadcrumb":{"@id":"https:\/\/www.eldiariodetucuman.com\/web\/la-cupula-del-pj-unida\/#breadcrumb"},"inLanguage":"es","potentialAction":[{"@type":"ReadAction","target":["https:\/\/www.eldiariodetucuman.com\/web\/la-cupula-del-pj-unida\/"]}]},{"@type":"ImageObject","inLanguage":"es","@id":"https:\/\/www.eldiariodetucuman.com\/web\/la-cupula-del-pj-unida\/#primaryimage","url":"https:\/\/www.eldiariodetucuman.com\/web\/wp-content\/uploads\/2020\/04\/IMG-20180612-WA0124-770x470-1.jpg","contentUrl":"https:\/\/www.eldiariodetucuman.com\/web\/wp-content\/uploads\/2020\/04\/IMG-20180612-WA0124-770x470-1.jpg","width":770,"height":470},{"@type":"BreadcrumbList","@id":"https:\/\/www.eldiariodetucuman.com\/web\/la-cupula-del-pj-unida\/#breadcrumb","itemListElement":[{"@type":"ListItem","position":1,"name":"Portada","item":"https:\/\/www.eldiariodetucuman.com\/web\/"},{"@type":"ListItem","position":2,"name":"La cupula del PJ unida"}]},{"@type":"WebSite","@id":"https:\/\/www.eldiariodetucuman.com\/web\/#website","url":"https:\/\/www.eldiariodetucuman.com\/web\/","name":"El Diario de Tucuman","description":"Diario Tucuman - Informaci\u00f3n y noticias","publisher":{"@id":"https:\/\/www.eldiariodetucuman.com\/web\/#organization"},"potentialAction":[{"@type":"SearchAction","target":{"@type":"EntryPoint","urlTemplate":"https:\/\/www.eldiariodetucuman.com\/web\/?s={search_term_string}"},"query-input":{"@type":"PropertyValueSpecification","valueRequired":true,"valueName":"search_term_string"}}],"inLanguage":"es"},{"@type":"Organization","@id":"https:\/\/www.eldiariodetucuman.com\/web\/#organization","name":"El Diario de Tucuman","url":"https:\/\/www.eldiariodetucuman.com\/web\/","logo":{"@type":"ImageObject","inLanguage":"es","@id":"https:\/\/www.eldiariodetucuman.com\/web\/#\/schema\/logo\/image\/","url":"http:\/\/www.eldiariodetucuman.com\/web\/wp-content\/uploads\/2017\/12\/el-diario-de-tucuman.jpg","contentUrl":"http:\/\/www.eldiariodetucuman.com\/web\/wp-content\/uploads\/2017\/12\/el-diario-de-tucuman.jpg","width":272,"height":92,"caption":"El Diario de Tucuman"},"image":{"@id":"https:\/\/www.eldiariodetucuman.com\/web\/#\/schema\/logo\/image\/"}},{"@type":"Person","@id":"https:\/\/www.eldiariodetucuman.com\/web\/#\/schema\/person\/3adbe300ecd6242af93c97dab1dc3ba1","name":"El diario de Tucuman","image":{"@type":"ImageObject","inLanguage":"es","@id":"https:\/\/secure.gravatar.com\/avatar\/b7214de193b24d0bd708ac5516aa13d0f20c6560795bfbee06857d5c8ac2f0b2?s=96&d=mm&r=g","url":"https:\/\/secure.gravatar.com\/avatar\/b7214de193b24d0bd708ac5516aa13d0f20c6560795bfbee06857d5c8ac2f0b2?s=96&d=mm&r=g","contentUrl":"https:\/\/secure.gravatar.com\/avatar\/b7214de193b24d0bd708ac5516aa13d0f20c6560795bfbee06857d5c8ac2f0b2?s=96&d=mm&r=g","caption":"El diario de Tucuman"},"url":"https:\/\/www.eldiariodetucuman.com\/web\/author\/mgiobellina\/"}]}},"_links":{"self":[{"href":"https:\/\/www.eldiariodetucuman.com\/web\/wp-json\/wp\/v2\/posts\/27141","targetHints":{"allow":["GET"]}}],"collection":[{"href":"https:\/\/www.eldiariodetucuman.com\/web\/wp-json\/wp\/v2\/posts"}],"about":[{"href":"https:\/\/www.eldiariodetucuman.com\/web\/wp-json\/wp\/v2\/types\/post"}],"author":[{"embeddable":true,"href":"https:\/\/www.eldiariodetucuman.com\/web\/wp-json\/wp\/v2\/users\/3"}],"replies":[{"embeddable":true,"href":"https:\/\/www.eldiariodetucuman.com\/web\/wp-json\/wp\/v2\/comments?post=27141"}],"version-history":[{"count":1,"href":"https:\/\/www.eldiariodetucuman.com\/web\/wp-json\/wp\/v2\/posts\/27141\/revisions"}],"predecessor-version":[{"id":27144,"href":"https:\/\/www.eldiariodetucuman.com\/web\/wp-json\/wp\/v2\/posts\/27141\/revisions\/27144"}],"wp:featuredmedia":[{"embeddable":true,"href":"https:\/\/www.eldiariodetucuman.com\/web\/wp-json\/wp\/v2\/media\/27143"}],"wp:attachment":[{"href":"https:\/\/www.eldiariodetucuman.com\/web\/wp-json\/wp\/v2\/media?parent=27141"}],"wp:term":[{"taxonomy":"category","embeddable":true,"href":"https:\/\/www.eldiariodetucuman.com\/web\/wp-json\/wp\/v2\/categories?post=27141"},{"taxonomy":"post_tag","embeddable":true,"href":"https:\/\/www.eldiariodetucuman.com\/web\/wp-json\/wp\/v2\/tags?post=27141"}],"curies":[{"name":"wp","href":"https:\/\/api.w.org\/{rel}","templated":true}]}}