{"id":27070,"date":"2020-04-15T12:54:27","date_gmt":"2020-04-15T15:54:27","guid":{"rendered":"http:\/\/www.eldiariodetucuman.com\/web\/?p=27070"},"modified":"2020-04-15T12:54:27","modified_gmt":"2020-04-15T15:54:27","slug":"critica-situacion-de-las-pymes-tucumanas-un-60-adeuda-salarios-de-marzo","status":"publish","type":"post","link":"https:\/\/www.eldiariodetucuman.com\/web\/critica-situacion-de-las-pymes-tucumanas-un-60-adeuda-salarios-de-marzo\/","title":{"rendered":"Cr\u00edtica situaci\u00f3n de las PyMES tucumanas: Un 60% adeuda salarios de marzo"},"content":{"rendered":"<article>\n<div id=\"detail-header\" class=\"article-header\">\n<div class=\"row\">\n<div class=\"col-12\">\n<div class=\"article-title\">\n<p class=\"title\"><span style=\"font-size: 16px;\">El titular de la FET, Alberto Guardia, describi\u00f3 en una entrevista en LV12, la dif\u00edcil situaci\u00f3n que atraviesan las PYMES . Alert\u00f3 que muchas est\u00e1n en situaci\u00f3n de quebranto.<\/span><\/p>\n<\/div>\n<\/div>\n<\/div>\n<\/div>\n<\/article>\n<p><!--more--><\/p>\n<div class=\"row\">\n<div class=\"col col-8\">\n<article class=\"article-body first\">\n<p class=\"article-author\">Pasan lo d\u00edas y la situaci\u00f3n de las <strong>PYMES<\/strong>\u00a0en todo el pa\u00eds parece agravarse. La inactividad, en el marco de la cuarentena obligatoria por la\u00a0pandemia de coronavirus, afecta de sobremanera a muchos comercios que a esta altura genera incertidumbre de cara al futuro.<\/p>\n<p class=\"article-author\">El titular de la FET,\u00a0<strong>Alberto Guardia<\/strong>, describi\u00f3 en LV12, la dif\u00edcil situaci\u00f3n que atraviesan las PYMES. Comenz\u00f3 explicando que hay algunas propuestas para posponer la fecha del D\u00eda del Padre este a\u00f1o. \u00abHoy hay que atender una situaci\u00f3n agobiante\u00bb, sostuvo.<\/p>\n<p class=\"article-author\">El empresario detall\u00f3 que hasta la fecha s\u00f3lo un 10% de las pymes est\u00e1 desarrollando sus actividades con normalidad. Y mencion\u00f3 los casos de aquellas dedicadas a la alimentaci\u00f3n que trabajan habitualmente por tratarse de servicios esenciales. \u00abEst\u00e1n gozando de una gran actividad producto de la pandemia y el aislamiento que obliga a permanecer a sus hogares\u00bb, expres\u00f3.<\/p>\n<p class=\"article-author\">Guardia explic\u00f3 que un 60% de las PYMES no pudieron pagar los salarios de marzo. Y en ese sentido remarc\u00f3 que si bien los mecanismos de asistencia implementados por el Gobierno nacional en la teor\u00eda son importantes, en la pr\u00e1ctica son muy lentos. \u00abLa idea ten\u00eda un trasfondo positivo pero en la pr\u00e1ctica no se pudo llevar adelante. Sobre todo en el interior del pa\u00eds\u00bb, asever\u00f3.<\/p>\n<p class=\"article-author\">Agreg\u00f3 que el sistema bancario argentino solo presta a los sectores Pymes calificados y que no tienen dificultades. Y en cuanto a los REPRO dijo que son mecanismos muy lentos, burocr\u00e1ticos.<\/p>\n<p class=\"article-author\">El titular de la FET consider\u00f3 que \u00ablos primeros rubros que se cerraron ser\u00e1n los \u00faltimos en abrir por el contacto presencial\u00bb. Se trata de los rubros gastronom\u00eda y hoteler\u00eda, que junto con el comercio minorista y shoppings, terminaron siendo los m\u00e1s afectados.<\/p>\n<p class=\"article-author\">Por \u00faltimo, Guardia indic\u00f3 que \u00abhay un estudio bastante serio a nivel pa\u00eds que habla de aproximadamente de entre un 5 y 10% de quebranto, empresas que no reabren. Esto significa alrededor 35 a 50 mil trabajadores que van a quedar desempleados\u00bb.<\/p>\n<p><strong>Fuente:<\/strong> <a href=\"https:\/\/www.lv12.com.ar\/pymes\/un-60-pymes-no-pagaron-los-salarios-marzo-n70741\">https:\/\/www.lv12.com.ar\/pymes\/un-60-pymes-no-pagaron-los-salarios-marzo-n70741<\/a><\/p>\n<\/article>\n<\/div>\n<\/div>\n","protected":false},"excerpt":{"rendered":"<p>El titular de la FET, Alberto Guardia, describi\u00f3 en una entrevista en LV12, la dif\u00edcil situaci\u00f3n que atraviesan las PYMES . Alert\u00f3 que muchas est\u00e1n en situaci\u00f3n de quebranto.<\/p>\n","protected":false},"author":5,"featured_media":27071,"comment_status":"closed","ping_status":"open","sticky":false,"template":"","format":"standard","meta":{"footnotes":""},"categories":[2],"tags":[1854,2273,61],"class_list":{"0":"post-27070","1":"post","2":"type-post","3":"status-publish","4":"format-standard","5":"has-post-thumbnail","7":"category-actualidad","8":"tag-crisis","9":"tag-pymes","10":"tag-tucuman"},"yoast_head":"<!-- This site is optimized with the Yoast SEO plugin v27.4 - https:\/\/yoast.com\/product\/yoast-seo-wordpress\/ -->\n<title>Cr\u00edtica situaci\u00f3n de las PyMES tucumanas: Un 60% adeuda salarios de marzo - El Diario de Tucuman<\/title>\n<meta name=\"robots\" content=\"index, follow, max-snippet:-1, max-image-preview:large, max-video-preview:-1\" \/>\n<link rel=\"canonical\" href=\"https:\/\/www.eldiariodetucuman.com\/web\/critica-situacion-de-las-pymes-tucumanas-un-60-adeuda-salarios-de-marzo\/\" \/>\n<meta property=\"og:locale\" content=\"es_ES\" \/>\n<meta property=\"og:type\" content=\"article\" \/>\n<meta property=\"og:title\" content=\"Cr\u00edtica situaci\u00f3n de las PyMES tucumanas: Un 60% adeuda salarios de marzo - El Diario de Tucuman\" \/>\n<meta property=\"og:description\" content=\"El titular de la FET, Alberto Guardia, describi\u00f3 en una entrevista en LV12, la dif\u00edcil situaci\u00f3n que atraviesan las PYMES . Alert\u00f3 que muchas est\u00e1n en situaci\u00f3n de quebranto.\" \/>\n<meta property=\"og:url\" content=\"https:\/\/www.eldiariodetucuman.com\/web\/critica-situacion-de-las-pymes-tucumanas-un-60-adeuda-salarios-de-marzo\/\" \/>\n<meta property=\"og:site_name\" content=\"El Diario de Tucuman\" \/>\n<meta property=\"article:published_time\" content=\"2020-04-15T15:54:27+00:00\" \/>\n<meta property=\"og:image\" content=\"https:\/\/www.eldiariodetucuman.com\/web\/wp-content\/uploads\/2020\/04\/pymes-1.jpg\" \/>\n\t<meta property=\"og:image:width\" content=\"360\" \/>\n\t<meta property=\"og:image:height\" content=\"202\" \/>\n\t<meta property=\"og:image:type\" content=\"image\/jpeg\" \/>\n<meta name=\"author\" content=\"Redactor Uno\" \/>\n<meta name=\"twitter:card\" content=\"summary_large_image\" \/>\n<meta name=\"twitter:label1\" content=\"Escrito por\" \/>\n\t<meta name=\"twitter:data1\" content=\"Redactor Uno\" \/>\n\t<meta name=\"twitter:label2\" content=\"Tiempo de lectura\" \/>\n\t<meta name=\"twitter:data2\" content=\"2 minutos\" \/>\n<script type=\"application\/ld+json\" class=\"yoast-schema-graph\">{\"@context\":\"https:\\\/\\\/schema.org\",\"@graph\":[{\"@type\":\"Article\",\"@id\":\"https:\\\/\\\/www.eldiariodetucuman.com\\\/web\\\/critica-situacion-de-las-pymes-tucumanas-un-60-adeuda-salarios-de-marzo\\\/#article\",\"isPartOf\":{\"@id\":\"https:\\\/\\\/www.eldiariodetucuman.com\\\/web\\\/critica-situacion-de-las-pymes-tucumanas-un-60-adeuda-salarios-de-marzo\\\/\"},\"author\":{\"name\":\"Redactor Uno\",\"@id\":\"https:\\\/\\\/www.eldiariodetucuman.com\\\/web\\\/#\\\/schema\\\/person\\\/7e6644a46e60888f6b868594407e08dd\"},\"headline\":\"Cr\u00edtica situaci\u00f3n de las PyMES tucumanas: Un 60% adeuda salarios de marzo\",\"datePublished\":\"2020-04-15T15:54:27+00:00\",\"mainEntityOfPage\":{\"@id\":\"https:\\\/\\\/www.eldiariodetucuman.com\\\/web\\\/critica-situacion-de-las-pymes-tucumanas-un-60-adeuda-salarios-de-marzo\\\/\"},\"wordCount\":396,\"publisher\":{\"@id\":\"https:\\\/\\\/www.eldiariodetucuman.com\\\/web\\\/#organization\"},\"image\":{\"@id\":\"https:\\\/\\\/www.eldiariodetucuman.com\\\/web\\\/critica-situacion-de-las-pymes-tucumanas-un-60-adeuda-salarios-de-marzo\\\/#primaryimage\"},\"thumbnailUrl\":\"https:\\\/\\\/www.eldiariodetucuman.com\\\/web\\\/wp-content\\\/uploads\\\/2020\\\/04\\\/pymes-1.jpg\",\"keywords\":[\"crisis\",\"Pymes\",\"Tucuman\"],\"articleSection\":[\"Actualidad\"],\"inLanguage\":\"es\"},{\"@type\":\"WebPage\",\"@id\":\"https:\\\/\\\/www.eldiariodetucuman.com\\\/web\\\/critica-situacion-de-las-pymes-tucumanas-un-60-adeuda-salarios-de-marzo\\\/\",\"url\":\"https:\\\/\\\/www.eldiariodetucuman.com\\\/web\\\/critica-situacion-de-las-pymes-tucumanas-un-60-adeuda-salarios-de-marzo\\\/\",\"name\":\"Cr\u00edtica situaci\u00f3n de las PyMES tucumanas: Un 60% adeuda salarios de marzo - El Diario de Tucuman\",\"isPartOf\":{\"@id\":\"https:\\\/\\\/www.eldiariodetucuman.com\\\/web\\\/#website\"},\"primaryImageOfPage\":{\"@id\":\"https:\\\/\\\/www.eldiariodetucuman.com\\\/web\\\/critica-situacion-de-las-pymes-tucumanas-un-60-adeuda-salarios-de-marzo\\\/#primaryimage\"},\"image\":{\"@id\":\"https:\\\/\\\/www.eldiariodetucuman.com\\\/web\\\/critica-situacion-de-las-pymes-tucumanas-un-60-adeuda-salarios-de-marzo\\\/#primaryimage\"},\"thumbnailUrl\":\"https:\\\/\\\/www.eldiariodetucuman.com\\\/web\\\/wp-content\\\/uploads\\\/2020\\\/04\\\/pymes-1.jpg\",\"datePublished\":\"2020-04-15T15:54:27+00:00\",\"breadcrumb\":{\"@id\":\"https:\\\/\\\/www.eldiariodetucuman.com\\\/web\\\/critica-situacion-de-las-pymes-tucumanas-un-60-adeuda-salarios-de-marzo\\\/#breadcrumb\"},\"inLanguage\":\"es\",\"potentialAction\":[{\"@type\":\"ReadAction\",\"target\":[\"https:\\\/\\\/www.eldiariodetucuman.com\\\/web\\\/critica-situacion-de-las-pymes-tucumanas-un-60-adeuda-salarios-de-marzo\\\/\"]}]},{\"@type\":\"ImageObject\",\"inLanguage\":\"es\",\"@id\":\"https:\\\/\\\/www.eldiariodetucuman.com\\\/web\\\/critica-situacion-de-las-pymes-tucumanas-un-60-adeuda-salarios-de-marzo\\\/#primaryimage\",\"url\":\"https:\\\/\\\/www.eldiariodetucuman.com\\\/web\\\/wp-content\\\/uploads\\\/2020\\\/04\\\/pymes-1.jpg\",\"contentUrl\":\"https:\\\/\\\/www.eldiariodetucuman.com\\\/web\\\/wp-content\\\/uploads\\\/2020\\\/04\\\/pymes-1.jpg\",\"width\":360,\"height\":202},{\"@type\":\"BreadcrumbList\",\"@id\":\"https:\\\/\\\/www.eldiariodetucuman.com\\\/web\\\/critica-situacion-de-las-pymes-tucumanas-un-60-adeuda-salarios-de-marzo\\\/#breadcrumb\",\"itemListElement\":[{\"@type\":\"ListItem\",\"position\":1,\"name\":\"Portada\",\"item\":\"https:\\\/\\\/www.eldiariodetucuman.com\\\/web\\\/\"},{\"@type\":\"ListItem\",\"position\":2,\"name\":\"Cr\u00edtica situaci\u00f3n de las PyMES tucumanas: Un 60% adeuda salarios de marzo\"}]},{\"@type\":\"WebSite\",\"@id\":\"https:\\\/\\\/www.eldiariodetucuman.com\\\/web\\\/#website\",\"url\":\"https:\\\/\\\/www.eldiariodetucuman.com\\\/web\\\/\",\"name\":\"El Diario de Tucuman\",\"description\":\"Diario Tucuman - Informaci\u00f3n y noticias\",\"publisher\":{\"@id\":\"https:\\\/\\\/www.eldiariodetucuman.com\\\/web\\\/#organization\"},\"potentialAction\":[{\"@type\":\"SearchAction\",\"target\":{\"@type\":\"EntryPoint\",\"urlTemplate\":\"https:\\\/\\\/www.eldiariodetucuman.com\\\/web\\\/?s={search_term_string}\"},\"query-input\":{\"@type\":\"PropertyValueSpecification\",\"valueRequired\":true,\"valueName\":\"search_term_string\"}}],\"inLanguage\":\"es\"},{\"@type\":\"Organization\",\"@id\":\"https:\\\/\\\/www.eldiariodetucuman.com\\\/web\\\/#organization\",\"name\":\"El Diario de Tucuman\",\"url\":\"https:\\\/\\\/www.eldiariodetucuman.com\\\/web\\\/\",\"logo\":{\"@type\":\"ImageObject\",\"inLanguage\":\"es\",\"@id\":\"https:\\\/\\\/www.eldiariodetucuman.com\\\/web\\\/#\\\/schema\\\/logo\\\/image\\\/\",\"url\":\"http:\\\/\\\/www.eldiariodetucuman.com\\\/web\\\/wp-content\\\/uploads\\\/2017\\\/12\\\/el-diario-de-tucuman.jpg\",\"contentUrl\":\"http:\\\/\\\/www.eldiariodetucuman.com\\\/web\\\/wp-content\\\/uploads\\\/2017\\\/12\\\/el-diario-de-tucuman.jpg\",\"width\":272,\"height\":92,\"caption\":\"El Diario de Tucuman\"},\"image\":{\"@id\":\"https:\\\/\\\/www.eldiariodetucuman.com\\\/web\\\/#\\\/schema\\\/logo\\\/image\\\/\"}},{\"@type\":\"Person\",\"@id\":\"https:\\\/\\\/www.eldiariodetucuman.com\\\/web\\\/#\\\/schema\\\/person\\\/7e6644a46e60888f6b868594407e08dd\",\"name\":\"Redactor Uno\",\"image\":{\"@type\":\"ImageObject\",\"inLanguage\":\"es\",\"@id\":\"https:\\\/\\\/secure.gravatar.com\\\/avatar\\\/0049b1bdf1bd548385c9ea6b9356431717930913089febd2ba904f0187d7d074?s=96&d=mm&r=g\",\"url\":\"https:\\\/\\\/secure.gravatar.com\\\/avatar\\\/0049b1bdf1bd548385c9ea6b9356431717930913089febd2ba904f0187d7d074?s=96&d=mm&r=g\",\"contentUrl\":\"https:\\\/\\\/secure.gravatar.com\\\/avatar\\\/0049b1bdf1bd548385c9ea6b9356431717930913089febd2ba904f0187d7d074?s=96&d=mm&r=g\",\"caption\":\"Redactor Uno\"},\"url\":\"https:\\\/\\\/www.eldiariodetucuman.com\\\/web\\\/author\\\/mramasco\\\/\"}]}<\/script>\n<!-- \/ Yoast SEO plugin. -->","yoast_head_json":{"title":"Cr\u00edtica situaci\u00f3n de las PyMES tucumanas: Un 60% adeuda salarios de marzo - El Diario de Tucuman","robots":{"index":"index","follow":"follow","max-snippet":"max-snippet:-1","max-image-preview":"max-image-preview:large","max-video-preview":"max-video-preview:-1"},"canonical":"https:\/\/www.eldiariodetucuman.com\/web\/critica-situacion-de-las-pymes-tucumanas-un-60-adeuda-salarios-de-marzo\/","og_locale":"es_ES","og_type":"article","og_title":"Cr\u00edtica situaci\u00f3n de las PyMES tucumanas: Un 60% adeuda salarios de marzo - El Diario de Tucuman","og_description":"El titular de la FET, Alberto Guardia, describi\u00f3 en una entrevista en LV12, la dif\u00edcil situaci\u00f3n que atraviesan las PYMES . Alert\u00f3 que muchas est\u00e1n en situaci\u00f3n de quebranto.","og_url":"https:\/\/www.eldiariodetucuman.com\/web\/critica-situacion-de-las-pymes-tucumanas-un-60-adeuda-salarios-de-marzo\/","og_site_name":"El Diario de Tucuman","article_published_time":"2020-04-15T15:54:27+00:00","og_image":[{"width":360,"height":202,"url":"https:\/\/www.eldiariodetucuman.com\/web\/wp-content\/uploads\/2020\/04\/pymes-1.jpg","type":"image\/jpeg"}],"author":"Redactor Uno","twitter_card":"summary_large_image","twitter_misc":{"Escrito por":"Redactor Uno","Tiempo de lectura":"2 minutos"},"schema":{"@context":"https:\/\/schema.org","@graph":[{"@type":"Article","@id":"https:\/\/www.eldiariodetucuman.com\/web\/critica-situacion-de-las-pymes-tucumanas-un-60-adeuda-salarios-de-marzo\/#article","isPartOf":{"@id":"https:\/\/www.eldiariodetucuman.com\/web\/critica-situacion-de-las-pymes-tucumanas-un-60-adeuda-salarios-de-marzo\/"},"author":{"name":"Redactor Uno","@id":"https:\/\/www.eldiariodetucuman.com\/web\/#\/schema\/person\/7e6644a46e60888f6b868594407e08dd"},"headline":"Cr\u00edtica situaci\u00f3n de las PyMES tucumanas: Un 60% adeuda salarios de marzo","datePublished":"2020-04-15T15:54:27+00:00","mainEntityOfPage":{"@id":"https:\/\/www.eldiariodetucuman.com\/web\/critica-situacion-de-las-pymes-tucumanas-un-60-adeuda-salarios-de-marzo\/"},"wordCount":396,"publisher":{"@id":"https:\/\/www.eldiariodetucuman.com\/web\/#organization"},"image":{"@id":"https:\/\/www.eldiariodetucuman.com\/web\/critica-situacion-de-las-pymes-tucumanas-un-60-adeuda-salarios-de-marzo\/#primaryimage"},"thumbnailUrl":"https:\/\/www.eldiariodetucuman.com\/web\/wp-content\/uploads\/2020\/04\/pymes-1.jpg","keywords":["crisis","Pymes","Tucuman"],"articleSection":["Actualidad"],"inLanguage":"es"},{"@type":"WebPage","@id":"https:\/\/www.eldiariodetucuman.com\/web\/critica-situacion-de-las-pymes-tucumanas-un-60-adeuda-salarios-de-marzo\/","url":"https:\/\/www.eldiariodetucuman.com\/web\/critica-situacion-de-las-pymes-tucumanas-un-60-adeuda-salarios-de-marzo\/","name":"Cr\u00edtica situaci\u00f3n de las PyMES tucumanas: Un 60% adeuda salarios de marzo - El Diario de Tucuman","isPartOf":{"@id":"https:\/\/www.eldiariodetucuman.com\/web\/#website"},"primaryImageOfPage":{"@id":"https:\/\/www.eldiariodetucuman.com\/web\/critica-situacion-de-las-pymes-tucumanas-un-60-adeuda-salarios-de-marzo\/#primaryimage"},"image":{"@id":"https:\/\/www.eldiariodetucuman.com\/web\/critica-situacion-de-las-pymes-tucumanas-un-60-adeuda-salarios-de-marzo\/#primaryimage"},"thumbnailUrl":"https:\/\/www.eldiariodetucuman.com\/web\/wp-content\/uploads\/2020\/04\/pymes-1.jpg","datePublished":"2020-04-15T15:54:27+00:00","breadcrumb":{"@id":"https:\/\/www.eldiariodetucuman.com\/web\/critica-situacion-de-las-pymes-tucumanas-un-60-adeuda-salarios-de-marzo\/#breadcrumb"},"inLanguage":"es","potentialAction":[{"@type":"ReadAction","target":["https:\/\/www.eldiariodetucuman.com\/web\/critica-situacion-de-las-pymes-tucumanas-un-60-adeuda-salarios-de-marzo\/"]}]},{"@type":"ImageObject","inLanguage":"es","@id":"https:\/\/www.eldiariodetucuman.com\/web\/critica-situacion-de-las-pymes-tucumanas-un-60-adeuda-salarios-de-marzo\/#primaryimage","url":"https:\/\/www.eldiariodetucuman.com\/web\/wp-content\/uploads\/2020\/04\/pymes-1.jpg","contentUrl":"https:\/\/www.eldiariodetucuman.com\/web\/wp-content\/uploads\/2020\/04\/pymes-1.jpg","width":360,"height":202},{"@type":"BreadcrumbList","@id":"https:\/\/www.eldiariodetucuman.com\/web\/critica-situacion-de-las-pymes-tucumanas-un-60-adeuda-salarios-de-marzo\/#breadcrumb","itemListElement":[{"@type":"ListItem","position":1,"name":"Portada","item":"https:\/\/www.eldiariodetucuman.com\/web\/"},{"@type":"ListItem","position":2,"name":"Cr\u00edtica situaci\u00f3n de las PyMES tucumanas: Un 60% adeuda salarios de marzo"}]},{"@type":"WebSite","@id":"https:\/\/www.eldiariodetucuman.com\/web\/#website","url":"https:\/\/www.eldiariodetucuman.com\/web\/","name":"El Diario de Tucuman","description":"Diario Tucuman - Informaci\u00f3n y noticias","publisher":{"@id":"https:\/\/www.eldiariodetucuman.com\/web\/#organization"},"potentialAction":[{"@type":"SearchAction","target":{"@type":"EntryPoint","urlTemplate":"https:\/\/www.eldiariodetucuman.com\/web\/?s={search_term_string}"},"query-input":{"@type":"PropertyValueSpecification","valueRequired":true,"valueName":"search_term_string"}}],"inLanguage":"es"},{"@type":"Organization","@id":"https:\/\/www.eldiariodetucuman.com\/web\/#organization","name":"El Diario de Tucuman","url":"https:\/\/www.eldiariodetucuman.com\/web\/","logo":{"@type":"ImageObject","inLanguage":"es","@id":"https:\/\/www.eldiariodetucuman.com\/web\/#\/schema\/logo\/image\/","url":"http:\/\/www.eldiariodetucuman.com\/web\/wp-content\/uploads\/2017\/12\/el-diario-de-tucuman.jpg","contentUrl":"http:\/\/www.eldiariodetucuman.com\/web\/wp-content\/uploads\/2017\/12\/el-diario-de-tucuman.jpg","width":272,"height":92,"caption":"El Diario de Tucuman"},"image":{"@id":"https:\/\/www.eldiariodetucuman.com\/web\/#\/schema\/logo\/image\/"}},{"@type":"Person","@id":"https:\/\/www.eldiariodetucuman.com\/web\/#\/schema\/person\/7e6644a46e60888f6b868594407e08dd","name":"Redactor Uno","image":{"@type":"ImageObject","inLanguage":"es","@id":"https:\/\/secure.gravatar.com\/avatar\/0049b1bdf1bd548385c9ea6b9356431717930913089febd2ba904f0187d7d074?s=96&d=mm&r=g","url":"https:\/\/secure.gravatar.com\/avatar\/0049b1bdf1bd548385c9ea6b9356431717930913089febd2ba904f0187d7d074?s=96&d=mm&r=g","contentUrl":"https:\/\/secure.gravatar.com\/avatar\/0049b1bdf1bd548385c9ea6b9356431717930913089febd2ba904f0187d7d074?s=96&d=mm&r=g","caption":"Redactor Uno"},"url":"https:\/\/www.eldiariodetucuman.com\/web\/author\/mramasco\/"}]}},"_links":{"self":[{"href":"https:\/\/www.eldiariodetucuman.com\/web\/wp-json\/wp\/v2\/posts\/27070","targetHints":{"allow":["GET"]}}],"collection":[{"href":"https:\/\/www.eldiariodetucuman.com\/web\/wp-json\/wp\/v2\/posts"}],"about":[{"href":"https:\/\/www.eldiariodetucuman.com\/web\/wp-json\/wp\/v2\/types\/post"}],"author":[{"embeddable":true,"href":"https:\/\/www.eldiariodetucuman.com\/web\/wp-json\/wp\/v2\/users\/5"}],"replies":[{"embeddable":true,"href":"https:\/\/www.eldiariodetucuman.com\/web\/wp-json\/wp\/v2\/comments?post=27070"}],"version-history":[{"count":1,"href":"https:\/\/www.eldiariodetucuman.com\/web\/wp-json\/wp\/v2\/posts\/27070\/revisions"}],"predecessor-version":[{"id":27072,"href":"https:\/\/www.eldiariodetucuman.com\/web\/wp-json\/wp\/v2\/posts\/27070\/revisions\/27072"}],"wp:featuredmedia":[{"embeddable":true,"href":"https:\/\/www.eldiariodetucuman.com\/web\/wp-json\/wp\/v2\/media\/27071"}],"wp:attachment":[{"href":"https:\/\/www.eldiariodetucuman.com\/web\/wp-json\/wp\/v2\/media?parent=27070"}],"wp:term":[{"taxonomy":"category","embeddable":true,"href":"https:\/\/www.eldiariodetucuman.com\/web\/wp-json\/wp\/v2\/categories?post=27070"},{"taxonomy":"post_tag","embeddable":true,"href":"https:\/\/www.eldiariodetucuman.com\/web\/wp-json\/wp\/v2\/tags?post=27070"}],"curies":[{"name":"wp","href":"https:\/\/api.w.org\/{rel}","templated":true}]}}