{"id":27066,"date":"2020-04-15T12:47:07","date_gmt":"2020-04-15T15:47:07","guid":{"rendered":"http:\/\/www.eldiariodetucuman.com\/web\/?p=27066"},"modified":"2020-04-15T12:47:07","modified_gmt":"2020-04-15T15:47:07","slug":"350-mil-tucumanos-percibiran-el-ingreso-familiar-de-emergencia","status":"publish","type":"post","link":"https:\/\/www.eldiariodetucuman.com\/web\/350-mil-tucumanos-percibiran-el-ingreso-familiar-de-emergencia\/","title":{"rendered":"350 mil tucumanos percibir\u00e1n el Ingreso Familiar de Emergencia"},"content":{"rendered":"<p class=\"post-tile entry-title\">Los pagos del Ingreso Familiar de Emergencia (IFE) de $10.000 se comenzar\u00e1n a acreditar a partir del martes 21 de abril y hasta el 5 de mayo inclusive. Adem\u00e1s, <strong style=\"font-size: 16px;\">desde el 22 de abril podr\u00e1n inscribirse nuevamente quienes no lograron hacerlo en una primera convocatoria.<\/strong><\/p>\n<p><!--more--><\/p>\n<p class=\"post-tile entry-title\">Esto se inform\u00f3 tras una reuni\u00f3n que mantuvo el gobernador,\u00a0<strong style=\"font-size: 16px;\">Juan Manzur<\/strong><span style=\"font-size: 16px;\">, en la que recibi\u00f3 al Gerente Regional de Anses,\u00a0<\/span><strong style=\"font-size: 16px;\">Jes\u00fas Salim<\/strong><span style=\"font-size: 16px;\">\u00a0y al gerente de Anses Tucum\u00e1n,\u00a0<\/span><strong style=\"font-size: 16px;\">Enrique Salvatierra<\/strong><span style=\"font-size: 16px;\">. Durante el encuentro en el que Mandatario estuvo acompa\u00f1ado por la ministra de Gobierno y Justicia,\u00a0<\/span><strong style=\"font-size: 16px;\">Carolina Vargas Aignasse<\/strong><span style=\"font-size: 16px;\">\u00a0y el diputado nacional,\u00a0<\/span><strong style=\"font-size: 16px;\">Mario Leito<\/strong><span style=\"font-size: 16px;\">,\u00a0 se conoci\u00f3 que desde el s\u00e1bado el organismo comenz\u00f3 a informar qui\u00e9nes reunieron los requisitos para acceder al beneficio, dirigido a quienes trabajen en el sector informal, monotributistas sociales y de las categor\u00edas A y B beneficio.<\/span><\/p>\n<div class=\"entry-content\">\n<p class=\"selectionShareable\">Sobre el subsidio, Manzur opin\u00f3 que se coordinan gestiones con el organismo nacional y destac\u00f3 que en Tucum\u00e1n \u201c<strong>hay m\u00e1s de 350 mil beneficiarios de poblaciones vulnerables que recibir\u00e1n esta ayuda del Gobierno Nacional.<\/strong>\u00a0Agradecemos el esfuerzo enorme que hace la Naci\u00f3n en un momento muy dif\u00edcil que est\u00e1 viviendo la humanidad y que no escapa la Argentina. Hay una decisi\u00f3n pol\u00edtica muy fuerte de nuestro presidente\u00a0<strong>Alberto Fern\u00e1ndez<\/strong>\u00a0de proteger a los grupos sociales m\u00e1s vulnerables.\u00a0<strong>Esto implicar\u00e1 un ingreso de m\u00e1s de $3500 millones a la provincia de Tucum\u00e1n para un sector social que lo necesita mucho<\/strong>\u201d.<\/p>\n<p>Los beneficiarios del IFE, cuyo tr\u00e1mite haya sido aprobado, pueden desde el fin de semana entrar en la p\u00e1gina web de la\u00a0<a href=\"https:\/\/www.anses.gob.ar\/\">ANSES<\/a>\u00a0para ingresar su CBU y, de esta manera, acceder al cobro de este beneficio.<strong>\u00a0Los ingresos deber\u00e1n hacerse por terminaci\u00f3n de DNI en la p\u00e1gina\u00a0<a href=\"https:\/\/www.anses.gob.ar\/\">www.anses.gob.ar\u00a0<\/a>con la Clave de la Seguridad Social<\/strong>, y seguir las instrucciones para anotar su n\u00famero de CBU y cuenta bancaria.\u00a0<strong>Durante la jornada de hoy, mi\u00e9rcoles, le corresponde ingresar a los titulares de los DNI terminados en 8 y 9<\/strong>.<\/p>\n<p class=\"selectionShareable\">Por su parte, Salim se\u00f1al\u00f3 que desde la Anses \u201cestamos coordinando esfuerzos con el Gobierno provincial.\u00a0<strong>A partir del 16\u00a0 de abril pueden ingresar con la terminaci\u00f3n de documento todos los beneficiarios que no pudieron cargar su CBU<\/strong>\u00a0(Clave Bancaria Uniforme) que es la cuenta que el sistema necesita para depositar el subsidio de $10 mil. Quienes cargaron su CBU podr\u00e1n cobrar desde el 21 de abril seg\u00fan cronograma\u201d.<\/p>\n<p class=\"selectionShareable\"><strong>Segunda etapa de inscripci\u00f3n<\/strong><\/p>\n<p class=\"selectionShareable\">La novedad, dijo Salim, es que\u00a0<strong>el 22 de abril se abre una segunda etapa para aquellos que fueron rechazados en la anterior inscripci\u00f3n por inconsistencias de sus datos personales en el sistema de Anses.<\/strong>\u00a0De tal manera, podr\u00e1n volver a realizar la inscripci\u00f3n para cobrar este subsidio.<\/p>\n<p class=\"selectionShareable\">Vargas Aignasse ponder\u00f3: \u201c<strong>Hemos recibido precisas instrucciones del Gobernador para apoyar, asistir y colaborar en la difusi\u00f3n\u00a0 y operativos de los trabajos que est\u00e1n haciendo desde Anses, tanto Regional como provincial.<\/strong>\u00a0Para que toda la gente que ha salido beneficiada del Ingreso Familiar de Emergencia pueda percibir estos 10 mil pesos que la Naci\u00f3n ha dispuesto\u201d.<\/p>\n<p class=\"selectionShareable\">La directiva del Gobernador, se\u00f1al\u00f3 la funcionaria provincial, es que\u00a0<strong>el cobro del beneficio se realice \u201ccon tranquilidad, de forma ordenada y respet\u00e1ndose las normas sanitarias que est\u00e1n impuestas por esta cuarentena\u201d.<\/strong><\/p>\n<p class=\"selectionShareable\"><strong>Anses no autoriza gestor\u00edas\u00a0<\/strong><\/p>\n<p class=\"selectionShareable\">Salvatierra hizo hincapi\u00e9 en advertir a los ciudadanos que Anses no autoriza gestor\u00edas para la tramitaci\u00f3n del IFE: \u201c<strong>No hay gestores que est\u00e9n autorizados para hablar por tel\u00e9fono con los beneficiarios. Pedimos a los ciudadanos que hagan las denuncias correspondientes.<\/strong>\u00a0Que no den ning\u00fan tipo de datos. Hay que cortar este tipo de cuestiones de p\u00edcaros que se quieren beneficiar de la gente. Recomiendo seguir instrucciones brindadas de forma oficial por el organismo a trav\u00e9s de la l\u00ednea telef\u00f3nica 130 o del sitio de Anses\u201d.<\/p>\n<p class=\"selectionShareable\"><strong>Acreditaciones<\/strong><\/p>\n<p class=\"selectionShareable\">Las acreditaciones del IFE se realizar\u00e1n todos los d\u00edas h\u00e1biles del per\u00edodo indicado en las cuentas bancarias aportadas por los titulares del beneficio extraordinario.<\/p>\n<p>El orden de acreditaciones se har\u00e1 por n\u00famero de DNI: el 21 de abril cobrar\u00e1n los terminados en 0; el 22, los terminados en 1; el 23, los 2; el 24, los 3; el 27, los terminados en 4; el 28, los 5; el 29, los 6 y el 30, los finalizados en 7.<\/p>\n<p class=\"selectionShareable\">Tras el fin de semana largo del viernes 1 de mayo, las acreditaciones en las cuentas se retomar\u00e1n el 4 de mayo, fecha en la que cobrar\u00e1n los titulares con DNI terminados en 8 y, finalmente, el 5 de mayo los que terminen en 9.<\/p>\n<p class=\"selectionShareable\">El resto de los beneficiarios del Ingreso Familiar de Emergencia que opten por otro medio de pago a partir del jueves 16 de abril en las opciones que ofrezca la p\u00e1gina WEB de la ANSES, cobrar\u00e1n en las fechas que se indicar\u00e1n durante la semana pr\u00f3xima.<\/p>\n<p><strong>Fuente:<\/strong><a href=\"http:\/\/comunicaciontucuman.gob.ar\/2020\/04\/el-ingreso-familiar-de-emergencia-alcanza-a-350-mil-tucumanos\/\"> http:\/\/comunicaciontucuman.gob.ar\/2020\/04\/el-ingreso-familiar-de-emergencia-alcanza-a-350-mil-tucumanos\/<\/a><\/p>\n<\/div>\n","protected":false},"excerpt":{"rendered":"<p>Los pagos del Ingreso Familiar de Emergencia (IFE) de $10.000 se comenzar\u00e1n a acreditar a partir del martes 21 de abril y hasta el 5 de mayo inclusive. Adem\u00e1s, desde el 22 de abril podr\u00e1n inscribirse nuevamente quienes no lograron hacerlo en una primera convocatoria.<\/p>\n","protected":false},"author":5,"featured_media":27067,"comment_status":"closed","ping_status":"open","sticky":false,"template":"","format":"standard","meta":{"footnotes":""},"categories":[3,1],"tags":[1523,3151,61],"class_list":{"0":"post-27066","1":"post","2":"type-post","3":"status-publish","4":"format-standard","5":"has-post-thumbnail","7":"category-politica","8":"category-portada","9":"tag-anses","10":"tag-ife","11":"tag-tucuman"},"yoast_head":"<!-- This site is optimized with the Yoast SEO plugin v27.4 - https:\/\/yoast.com\/product\/yoast-seo-wordpress\/ -->\n<title>350 mil tucumanos percibir\u00e1n el Ingreso Familiar de Emergencia - El Diario de Tucuman<\/title>\n<meta name=\"robots\" content=\"index, follow, max-snippet:-1, max-image-preview:large, max-video-preview:-1\" \/>\n<link rel=\"canonical\" href=\"https:\/\/www.eldiariodetucuman.com\/web\/350-mil-tucumanos-percibiran-el-ingreso-familiar-de-emergencia\/\" \/>\n<meta property=\"og:locale\" content=\"es_ES\" \/>\n<meta property=\"og:type\" content=\"article\" \/>\n<meta property=\"og:title\" content=\"350 mil tucumanos percibir\u00e1n el Ingreso Familiar de Emergencia - El Diario de Tucuman\" \/>\n<meta property=\"og:description\" content=\"Los pagos del Ingreso Familiar de Emergencia (IFE) de $10.000 se comenzar\u00e1n a acreditar a partir del martes 21 de abril y hasta el 5 de mayo inclusive. Adem\u00e1s, desde el 22 de abril podr\u00e1n inscribirse nuevamente quienes no lograron hacerlo en una primera convocatoria.\" \/>\n<meta property=\"og:url\" content=\"https:\/\/www.eldiariodetucuman.com\/web\/350-mil-tucumanos-percibiran-el-ingreso-familiar-de-emergencia\/\" \/>\n<meta property=\"og:site_name\" content=\"El Diario de Tucuman\" \/>\n<meta property=\"article:published_time\" content=\"2020-04-15T15:47:07+00:00\" \/>\n<meta property=\"og:image\" content=\"https:\/\/www.eldiariodetucuman.com\/web\/wp-content\/uploads\/2020\/04\/ife-tucuman.jpg\" \/>\n\t<meta property=\"og:image:width\" content=\"641\" \/>\n\t<meta property=\"og:image:height\" content=\"360\" \/>\n\t<meta property=\"og:image:type\" content=\"image\/jpeg\" \/>\n<meta name=\"author\" content=\"Redactor Uno\" \/>\n<meta name=\"twitter:card\" content=\"summary_large_image\" \/>\n<meta name=\"twitter:label1\" content=\"Escrito por\" \/>\n\t<meta name=\"twitter:data1\" content=\"Redactor Uno\" \/>\n\t<meta name=\"twitter:label2\" content=\"Tiempo de lectura\" \/>\n\t<meta name=\"twitter:data2\" content=\"4 minutos\" \/>\n<script type=\"application\/ld+json\" class=\"yoast-schema-graph\">{\"@context\":\"https:\\\/\\\/schema.org\",\"@graph\":[{\"@type\":\"Article\",\"@id\":\"https:\\\/\\\/www.eldiariodetucuman.com\\\/web\\\/350-mil-tucumanos-percibiran-el-ingreso-familiar-de-emergencia\\\/#article\",\"isPartOf\":{\"@id\":\"https:\\\/\\\/www.eldiariodetucuman.com\\\/web\\\/350-mil-tucumanos-percibiran-el-ingreso-familiar-de-emergencia\\\/\"},\"author\":{\"name\":\"Redactor Uno\",\"@id\":\"https:\\\/\\\/www.eldiariodetucuman.com\\\/web\\\/#\\\/schema\\\/person\\\/7e6644a46e60888f6b868594407e08dd\"},\"headline\":\"350 mil tucumanos percibir\u00e1n el Ingreso Familiar de Emergencia\",\"datePublished\":\"2020-04-15T15:47:07+00:00\",\"mainEntityOfPage\":{\"@id\":\"https:\\\/\\\/www.eldiariodetucuman.com\\\/web\\\/350-mil-tucumanos-percibiran-el-ingreso-familiar-de-emergencia\\\/\"},\"wordCount\":841,\"publisher\":{\"@id\":\"https:\\\/\\\/www.eldiariodetucuman.com\\\/web\\\/#organization\"},\"image\":{\"@id\":\"https:\\\/\\\/www.eldiariodetucuman.com\\\/web\\\/350-mil-tucumanos-percibiran-el-ingreso-familiar-de-emergencia\\\/#primaryimage\"},\"thumbnailUrl\":\"https:\\\/\\\/www.eldiariodetucuman.com\\\/web\\\/wp-content\\\/uploads\\\/2020\\\/04\\\/ife-tucuman.jpg\",\"keywords\":[\"ANSES\",\"IFE\",\"Tucuman\"],\"articleSection\":[\"Politica\",\"Portada\"],\"inLanguage\":\"es\"},{\"@type\":\"WebPage\",\"@id\":\"https:\\\/\\\/www.eldiariodetucuman.com\\\/web\\\/350-mil-tucumanos-percibiran-el-ingreso-familiar-de-emergencia\\\/\",\"url\":\"https:\\\/\\\/www.eldiariodetucuman.com\\\/web\\\/350-mil-tucumanos-percibiran-el-ingreso-familiar-de-emergencia\\\/\",\"name\":\"350 mil tucumanos percibir\u00e1n el Ingreso Familiar de Emergencia - El Diario de Tucuman\",\"isPartOf\":{\"@id\":\"https:\\\/\\\/www.eldiariodetucuman.com\\\/web\\\/#website\"},\"primaryImageOfPage\":{\"@id\":\"https:\\\/\\\/www.eldiariodetucuman.com\\\/web\\\/350-mil-tucumanos-percibiran-el-ingreso-familiar-de-emergencia\\\/#primaryimage\"},\"image\":{\"@id\":\"https:\\\/\\\/www.eldiariodetucuman.com\\\/web\\\/350-mil-tucumanos-percibiran-el-ingreso-familiar-de-emergencia\\\/#primaryimage\"},\"thumbnailUrl\":\"https:\\\/\\\/www.eldiariodetucuman.com\\\/web\\\/wp-content\\\/uploads\\\/2020\\\/04\\\/ife-tucuman.jpg\",\"datePublished\":\"2020-04-15T15:47:07+00:00\",\"breadcrumb\":{\"@id\":\"https:\\\/\\\/www.eldiariodetucuman.com\\\/web\\\/350-mil-tucumanos-percibiran-el-ingreso-familiar-de-emergencia\\\/#breadcrumb\"},\"inLanguage\":\"es\",\"potentialAction\":[{\"@type\":\"ReadAction\",\"target\":[\"https:\\\/\\\/www.eldiariodetucuman.com\\\/web\\\/350-mil-tucumanos-percibiran-el-ingreso-familiar-de-emergencia\\\/\"]}]},{\"@type\":\"ImageObject\",\"inLanguage\":\"es\",\"@id\":\"https:\\\/\\\/www.eldiariodetucuman.com\\\/web\\\/350-mil-tucumanos-percibiran-el-ingreso-familiar-de-emergencia\\\/#primaryimage\",\"url\":\"https:\\\/\\\/www.eldiariodetucuman.com\\\/web\\\/wp-content\\\/uploads\\\/2020\\\/04\\\/ife-tucuman.jpg\",\"contentUrl\":\"https:\\\/\\\/www.eldiariodetucuman.com\\\/web\\\/wp-content\\\/uploads\\\/2020\\\/04\\\/ife-tucuman.jpg\",\"width\":641,\"height\":360},{\"@type\":\"BreadcrumbList\",\"@id\":\"https:\\\/\\\/www.eldiariodetucuman.com\\\/web\\\/350-mil-tucumanos-percibiran-el-ingreso-familiar-de-emergencia\\\/#breadcrumb\",\"itemListElement\":[{\"@type\":\"ListItem\",\"position\":1,\"name\":\"Portada\",\"item\":\"https:\\\/\\\/www.eldiariodetucuman.com\\\/web\\\/\"},{\"@type\":\"ListItem\",\"position\":2,\"name\":\"350 mil tucumanos percibir\u00e1n el Ingreso Familiar de Emergencia\"}]},{\"@type\":\"WebSite\",\"@id\":\"https:\\\/\\\/www.eldiariodetucuman.com\\\/web\\\/#website\",\"url\":\"https:\\\/\\\/www.eldiariodetucuman.com\\\/web\\\/\",\"name\":\"El Diario de Tucuman\",\"description\":\"Diario Tucuman - Informaci\u00f3n y noticias\",\"publisher\":{\"@id\":\"https:\\\/\\\/www.eldiariodetucuman.com\\\/web\\\/#organization\"},\"potentialAction\":[{\"@type\":\"SearchAction\",\"target\":{\"@type\":\"EntryPoint\",\"urlTemplate\":\"https:\\\/\\\/www.eldiariodetucuman.com\\\/web\\\/?s={search_term_string}\"},\"query-input\":{\"@type\":\"PropertyValueSpecification\",\"valueRequired\":true,\"valueName\":\"search_term_string\"}}],\"inLanguage\":\"es\"},{\"@type\":\"Organization\",\"@id\":\"https:\\\/\\\/www.eldiariodetucuman.com\\\/web\\\/#organization\",\"name\":\"El Diario de Tucuman\",\"url\":\"https:\\\/\\\/www.eldiariodetucuman.com\\\/web\\\/\",\"logo\":{\"@type\":\"ImageObject\",\"inLanguage\":\"es\",\"@id\":\"https:\\\/\\\/www.eldiariodetucuman.com\\\/web\\\/#\\\/schema\\\/logo\\\/image\\\/\",\"url\":\"http:\\\/\\\/www.eldiariodetucuman.com\\\/web\\\/wp-content\\\/uploads\\\/2017\\\/12\\\/el-diario-de-tucuman.jpg\",\"contentUrl\":\"http:\\\/\\\/www.eldiariodetucuman.com\\\/web\\\/wp-content\\\/uploads\\\/2017\\\/12\\\/el-diario-de-tucuman.jpg\",\"width\":272,\"height\":92,\"caption\":\"El Diario de Tucuman\"},\"image\":{\"@id\":\"https:\\\/\\\/www.eldiariodetucuman.com\\\/web\\\/#\\\/schema\\\/logo\\\/image\\\/\"}},{\"@type\":\"Person\",\"@id\":\"https:\\\/\\\/www.eldiariodetucuman.com\\\/web\\\/#\\\/schema\\\/person\\\/7e6644a46e60888f6b868594407e08dd\",\"name\":\"Redactor Uno\",\"image\":{\"@type\":\"ImageObject\",\"inLanguage\":\"es\",\"@id\":\"https:\\\/\\\/secure.gravatar.com\\\/avatar\\\/0049b1bdf1bd548385c9ea6b9356431717930913089febd2ba904f0187d7d074?s=96&d=mm&r=g\",\"url\":\"https:\\\/\\\/secure.gravatar.com\\\/avatar\\\/0049b1bdf1bd548385c9ea6b9356431717930913089febd2ba904f0187d7d074?s=96&d=mm&r=g\",\"contentUrl\":\"https:\\\/\\\/secure.gravatar.com\\\/avatar\\\/0049b1bdf1bd548385c9ea6b9356431717930913089febd2ba904f0187d7d074?s=96&d=mm&r=g\",\"caption\":\"Redactor Uno\"},\"url\":\"https:\\\/\\\/www.eldiariodetucuman.com\\\/web\\\/author\\\/mramasco\\\/\"}]}<\/script>\n<!-- \/ Yoast SEO plugin. -->","yoast_head_json":{"title":"350 mil tucumanos percibir\u00e1n el Ingreso Familiar de Emergencia - El Diario de Tucuman","robots":{"index":"index","follow":"follow","max-snippet":"max-snippet:-1","max-image-preview":"max-image-preview:large","max-video-preview":"max-video-preview:-1"},"canonical":"https:\/\/www.eldiariodetucuman.com\/web\/350-mil-tucumanos-percibiran-el-ingreso-familiar-de-emergencia\/","og_locale":"es_ES","og_type":"article","og_title":"350 mil tucumanos percibir\u00e1n el Ingreso Familiar de Emergencia - El Diario de Tucuman","og_description":"Los pagos del Ingreso Familiar de Emergencia (IFE) de $10.000 se comenzar\u00e1n a acreditar a partir del martes 21 de abril y hasta el 5 de mayo inclusive. Adem\u00e1s, desde el 22 de abril podr\u00e1n inscribirse nuevamente quienes no lograron hacerlo en una primera convocatoria.","og_url":"https:\/\/www.eldiariodetucuman.com\/web\/350-mil-tucumanos-percibiran-el-ingreso-familiar-de-emergencia\/","og_site_name":"El Diario de Tucuman","article_published_time":"2020-04-15T15:47:07+00:00","og_image":[{"width":641,"height":360,"url":"https:\/\/www.eldiariodetucuman.com\/web\/wp-content\/uploads\/2020\/04\/ife-tucuman.jpg","type":"image\/jpeg"}],"author":"Redactor Uno","twitter_card":"summary_large_image","twitter_misc":{"Escrito por":"Redactor Uno","Tiempo de lectura":"4 minutos"},"schema":{"@context":"https:\/\/schema.org","@graph":[{"@type":"Article","@id":"https:\/\/www.eldiariodetucuman.com\/web\/350-mil-tucumanos-percibiran-el-ingreso-familiar-de-emergencia\/#article","isPartOf":{"@id":"https:\/\/www.eldiariodetucuman.com\/web\/350-mil-tucumanos-percibiran-el-ingreso-familiar-de-emergencia\/"},"author":{"name":"Redactor Uno","@id":"https:\/\/www.eldiariodetucuman.com\/web\/#\/schema\/person\/7e6644a46e60888f6b868594407e08dd"},"headline":"350 mil tucumanos percibir\u00e1n el Ingreso Familiar de Emergencia","datePublished":"2020-04-15T15:47:07+00:00","mainEntityOfPage":{"@id":"https:\/\/www.eldiariodetucuman.com\/web\/350-mil-tucumanos-percibiran-el-ingreso-familiar-de-emergencia\/"},"wordCount":841,"publisher":{"@id":"https:\/\/www.eldiariodetucuman.com\/web\/#organization"},"image":{"@id":"https:\/\/www.eldiariodetucuman.com\/web\/350-mil-tucumanos-percibiran-el-ingreso-familiar-de-emergencia\/#primaryimage"},"thumbnailUrl":"https:\/\/www.eldiariodetucuman.com\/web\/wp-content\/uploads\/2020\/04\/ife-tucuman.jpg","keywords":["ANSES","IFE","Tucuman"],"articleSection":["Politica","Portada"],"inLanguage":"es"},{"@type":"WebPage","@id":"https:\/\/www.eldiariodetucuman.com\/web\/350-mil-tucumanos-percibiran-el-ingreso-familiar-de-emergencia\/","url":"https:\/\/www.eldiariodetucuman.com\/web\/350-mil-tucumanos-percibiran-el-ingreso-familiar-de-emergencia\/","name":"350 mil tucumanos percibir\u00e1n el Ingreso Familiar de Emergencia - El Diario de Tucuman","isPartOf":{"@id":"https:\/\/www.eldiariodetucuman.com\/web\/#website"},"primaryImageOfPage":{"@id":"https:\/\/www.eldiariodetucuman.com\/web\/350-mil-tucumanos-percibiran-el-ingreso-familiar-de-emergencia\/#primaryimage"},"image":{"@id":"https:\/\/www.eldiariodetucuman.com\/web\/350-mil-tucumanos-percibiran-el-ingreso-familiar-de-emergencia\/#primaryimage"},"thumbnailUrl":"https:\/\/www.eldiariodetucuman.com\/web\/wp-content\/uploads\/2020\/04\/ife-tucuman.jpg","datePublished":"2020-04-15T15:47:07+00:00","breadcrumb":{"@id":"https:\/\/www.eldiariodetucuman.com\/web\/350-mil-tucumanos-percibiran-el-ingreso-familiar-de-emergencia\/#breadcrumb"},"inLanguage":"es","potentialAction":[{"@type":"ReadAction","target":["https:\/\/www.eldiariodetucuman.com\/web\/350-mil-tucumanos-percibiran-el-ingreso-familiar-de-emergencia\/"]}]},{"@type":"ImageObject","inLanguage":"es","@id":"https:\/\/www.eldiariodetucuman.com\/web\/350-mil-tucumanos-percibiran-el-ingreso-familiar-de-emergencia\/#primaryimage","url":"https:\/\/www.eldiariodetucuman.com\/web\/wp-content\/uploads\/2020\/04\/ife-tucuman.jpg","contentUrl":"https:\/\/www.eldiariodetucuman.com\/web\/wp-content\/uploads\/2020\/04\/ife-tucuman.jpg","width":641,"height":360},{"@type":"BreadcrumbList","@id":"https:\/\/www.eldiariodetucuman.com\/web\/350-mil-tucumanos-percibiran-el-ingreso-familiar-de-emergencia\/#breadcrumb","itemListElement":[{"@type":"ListItem","position":1,"name":"Portada","item":"https:\/\/www.eldiariodetucuman.com\/web\/"},{"@type":"ListItem","position":2,"name":"350 mil tucumanos percibir\u00e1n el Ingreso Familiar de Emergencia"}]},{"@type":"WebSite","@id":"https:\/\/www.eldiariodetucuman.com\/web\/#website","url":"https:\/\/www.eldiariodetucuman.com\/web\/","name":"El Diario de Tucuman","description":"Diario Tucuman - Informaci\u00f3n y noticias","publisher":{"@id":"https:\/\/www.eldiariodetucuman.com\/web\/#organization"},"potentialAction":[{"@type":"SearchAction","target":{"@type":"EntryPoint","urlTemplate":"https:\/\/www.eldiariodetucuman.com\/web\/?s={search_term_string}"},"query-input":{"@type":"PropertyValueSpecification","valueRequired":true,"valueName":"search_term_string"}}],"inLanguage":"es"},{"@type":"Organization","@id":"https:\/\/www.eldiariodetucuman.com\/web\/#organization","name":"El Diario de Tucuman","url":"https:\/\/www.eldiariodetucuman.com\/web\/","logo":{"@type":"ImageObject","inLanguage":"es","@id":"https:\/\/www.eldiariodetucuman.com\/web\/#\/schema\/logo\/image\/","url":"http:\/\/www.eldiariodetucuman.com\/web\/wp-content\/uploads\/2017\/12\/el-diario-de-tucuman.jpg","contentUrl":"http:\/\/www.eldiariodetucuman.com\/web\/wp-content\/uploads\/2017\/12\/el-diario-de-tucuman.jpg","width":272,"height":92,"caption":"El Diario de Tucuman"},"image":{"@id":"https:\/\/www.eldiariodetucuman.com\/web\/#\/schema\/logo\/image\/"}},{"@type":"Person","@id":"https:\/\/www.eldiariodetucuman.com\/web\/#\/schema\/person\/7e6644a46e60888f6b868594407e08dd","name":"Redactor Uno","image":{"@type":"ImageObject","inLanguage":"es","@id":"https:\/\/secure.gravatar.com\/avatar\/0049b1bdf1bd548385c9ea6b9356431717930913089febd2ba904f0187d7d074?s=96&d=mm&r=g","url":"https:\/\/secure.gravatar.com\/avatar\/0049b1bdf1bd548385c9ea6b9356431717930913089febd2ba904f0187d7d074?s=96&d=mm&r=g","contentUrl":"https:\/\/secure.gravatar.com\/avatar\/0049b1bdf1bd548385c9ea6b9356431717930913089febd2ba904f0187d7d074?s=96&d=mm&r=g","caption":"Redactor Uno"},"url":"https:\/\/www.eldiariodetucuman.com\/web\/author\/mramasco\/"}]}},"_links":{"self":[{"href":"https:\/\/www.eldiariodetucuman.com\/web\/wp-json\/wp\/v2\/posts\/27066","targetHints":{"allow":["GET"]}}],"collection":[{"href":"https:\/\/www.eldiariodetucuman.com\/web\/wp-json\/wp\/v2\/posts"}],"about":[{"href":"https:\/\/www.eldiariodetucuman.com\/web\/wp-json\/wp\/v2\/types\/post"}],"author":[{"embeddable":true,"href":"https:\/\/www.eldiariodetucuman.com\/web\/wp-json\/wp\/v2\/users\/5"}],"replies":[{"embeddable":true,"href":"https:\/\/www.eldiariodetucuman.com\/web\/wp-json\/wp\/v2\/comments?post=27066"}],"version-history":[{"count":2,"href":"https:\/\/www.eldiariodetucuman.com\/web\/wp-json\/wp\/v2\/posts\/27066\/revisions"}],"predecessor-version":[{"id":27069,"href":"https:\/\/www.eldiariodetucuman.com\/web\/wp-json\/wp\/v2\/posts\/27066\/revisions\/27069"}],"wp:featuredmedia":[{"embeddable":true,"href":"https:\/\/www.eldiariodetucuman.com\/web\/wp-json\/wp\/v2\/media\/27067"}],"wp:attachment":[{"href":"https:\/\/www.eldiariodetucuman.com\/web\/wp-json\/wp\/v2\/media?parent=27066"}],"wp:term":[{"taxonomy":"category","embeddable":true,"href":"https:\/\/www.eldiariodetucuman.com\/web\/wp-json\/wp\/v2\/categories?post=27066"},{"taxonomy":"post_tag","embeddable":true,"href":"https:\/\/www.eldiariodetucuman.com\/web\/wp-json\/wp\/v2\/tags?post=27066"}],"curies":[{"name":"wp","href":"https:\/\/api.w.org\/{rel}","templated":true}]}}