{"id":27063,"date":"2020-04-15T12:34:17","date_gmt":"2020-04-15T15:34:17","guid":{"rendered":"http:\/\/www.eldiariodetucuman.com\/web\/?p=27063"},"modified":"2020-04-15T12:34:17","modified_gmt":"2020-04-15T15:34:17","slug":"el-regreso-a-clases-se-planificaria-para-despues-de-las-vacaciones-de-invierno","status":"publish","type":"post","link":"https:\/\/www.eldiariodetucuman.com\/web\/el-regreso-a-clases-se-planificaria-para-despues-de-las-vacaciones-de-invierno\/","title":{"rendered":"El regreso a clases se planificar\u00eda para despu\u00e9s de las vacaciones de invierno"},"content":{"rendered":"<p class=\"ntinfo\">\n<p class=\"ntbaj entry-summary\">Aunque a\u00fan no es un anuncio, el ministro de Educaci\u00f3n dijo que ve muy dific\u00edl que las clases sean retomadas antes de las vacaciones de julio. No ser\u00e1 una decisi\u00f3n pedag\u00f3gica sino m\u00e9dica, de acuerdo a la evoluci\u00f3n del Covid19 en el pa\u00eds.<\/p>\n<p><!--more--><\/p>\n<div class=\"nttxt entry-content\">\n<p>El ministro de Educaci\u00f3n, Nicol\u00e1s Trotta, adelant\u00f3 que es muy dif\u00edcil que las clases se retomen en las pr\u00f3ximas semanas. Lo m\u00e1s posibles es que lo hagan reci\u00e9n despu\u00e9s de las vacaciones de invierno. En ese sentido, Trotta ratific\u00f3 que la fecha del regreso de los chicos a las aulas \u00abno es una decisi\u00f3n educativa, sino epidemiol\u00f3gica\u00bb. \u00abNo tenemos certezas: no las tenemos nosotros, ni ning\u00fan otro pa\u00eds del mundo\u00bb, remarc\u00f3.<\/p>\n<p>Al ser consultado sobre c\u00f3mo ser\u00e1 el regreso a las clases, explic\u00f3 que \u00abla vuelta a la escuela se vincula adem\u00e1s con la realidad en infraestructura\u201d. Aludi\u00f3 as\u00ed a que se necesitar\u00edan, para poder hacer una cursada presencial, muchas aulas, cada una con muy poco alumnos, y varios turnos. \u201cEs imposible imaginar un esquema de distanciamiento o m\u00e1s de un turno con la infraestructura actual\u00bb, se\u00f1al\u00f3.<\/p>\n<p>De esta manera, Trotta apunt\u00f3 que las clases est\u00e1n \u00abmucho m\u00e1s cerca\u00bb de volver despu\u00e9s de las vacaciones de invierno que \u00aben las pr\u00f3ximas semanas\u00bb.<\/p>\n<p>Los alumnos concurrieron por \u00faltima vez a las aulas el 13 de marzo y desde el lunes 16 realizan educaci\u00f3n a distancia, a trav\u00e9s de cuadernillos, redes sociales, radio, televisi\u00f3n o la p\u00e1gina web Seguimos Educando. El ministerio de Educaci\u00f3n viene desarrollando contenidos de apoyo para que los docentes puedan sostener la continuidad pedag\u00f3gica, y todo indica que este seguir\u00e1 siendo el camino durante los meses del invierno.<\/p>\n<p>El regreso a las aulas es pensado como una de las \u00faltimas actividades a retomar, ya que si bien los ni\u00f1os y adolescentes no est\u00e1n entre los grupos de riesgo del coronavirus, s\u00ed pueden transmitir el virus. En este marco, una de las cosas que ya est\u00e1n claras es que en 2021 ser\u00e1n retomados los contenidos que los alumnos no hayan podido incorporar este a\u00f1o, readecuando los planes de estudio.<\/p>\n<p>En el ministerio est\u00e1n observando qu\u00e9 soluciones han encontrado en el hemisferio norte. Trotta tuvo reuniones virtuales con sus pares de Francia e Italia y esta semana tendr\u00e1 nuevas videollamadas con funcionarios de Finlandia, Noruega y Suecia, pa\u00edses que est\u00e1n analizando el retorno de las clases. Sin embargo esa posibilidad est\u00e1 favorecida en Europa por la cercan\u00eda del verano y la expectativa de que las temperaturas m\u00e1s altas pongan un freno al virus. En Argentina, el panorama es el contrario por lo que todo indica que las escuelas continuar\u00e1n sin clases hasta por lo menos el mes de agosto.<\/p>\n<div><strong>Fuente:<\/strong> <a href=\"http:\/\/primerafuente.com.ar\/noticias\/85779\/regreso-aulas-se-daria-despues-vacaciones-invierno\">Primera Fuente<\/a><\/div>\n<\/div>\n","protected":false},"excerpt":{"rendered":"<p>Aunque a\u00fan no es un anuncio, el ministro de Educaci\u00f3n dijo que ve muy dific\u00edl que las clases sean retomadas antes de las vacaciones de julio. No ser\u00e1 una decisi\u00f3n pedag\u00f3gica sino m\u00e9dica, de acuerdo a la evoluci\u00f3n del Covid19 en el pa\u00eds.<\/p>\n","protected":false},"author":5,"featured_media":27064,"comment_status":"closed","ping_status":"open","sticky":false,"template":"","format":"standard","meta":{"footnotes":""},"categories":[2],"tags":[134,1010,3104,61],"class_list":{"0":"post-27063","1":"post","2":"type-post","3":"status-publish","4":"format-standard","5":"has-post-thumbnail","7":"category-actualidad","8":"tag-argentina","9":"tag-clases","10":"tag-pandemia","11":"tag-tucuman"},"yoast_head":"<!-- This site is optimized with the Yoast SEO plugin v27.4 - https:\/\/yoast.com\/product\/yoast-seo-wordpress\/ -->\n<title>El regreso a clases se planificar\u00eda para despu\u00e9s de las vacaciones de invierno - El Diario de Tucuman<\/title>\n<meta name=\"robots\" content=\"index, follow, max-snippet:-1, max-image-preview:large, max-video-preview:-1\" \/>\n<link rel=\"canonical\" href=\"https:\/\/www.eldiariodetucuman.com\/web\/el-regreso-a-clases-se-planificaria-para-despues-de-las-vacaciones-de-invierno\/\" \/>\n<meta property=\"og:locale\" content=\"es_ES\" \/>\n<meta property=\"og:type\" content=\"article\" \/>\n<meta property=\"og:title\" content=\"El regreso a clases se planificar\u00eda para despu\u00e9s de las vacaciones de invierno - El Diario de Tucuman\" \/>\n<meta property=\"og:description\" content=\"Aunque a\u00fan no es un anuncio, el ministro de Educaci\u00f3n dijo que ve muy dific\u00edl que las clases sean retomadas antes de las vacaciones de julio. No ser\u00e1 una decisi\u00f3n pedag\u00f3gica sino m\u00e9dica, de acuerdo a la evoluci\u00f3n del Covid19 en el pa\u00eds.\" \/>\n<meta property=\"og:url\" content=\"https:\/\/www.eldiariodetucuman.com\/web\/el-regreso-a-clases-se-planificaria-para-despues-de-las-vacaciones-de-invierno\/\" \/>\n<meta property=\"og:site_name\" content=\"El Diario de Tucuman\" \/>\n<meta property=\"article:published_time\" content=\"2020-04-15T15:34:17+00:00\" \/>\n<meta property=\"og:image\" content=\"https:\/\/www.eldiariodetucuman.com\/web\/wp-content\/uploads\/2020\/04\/clases-tucuman.jpg\" \/>\n\t<meta property=\"og:image:width\" content=\"770\" \/>\n\t<meta property=\"og:image:height\" content=\"470\" \/>\n\t<meta property=\"og:image:type\" content=\"image\/jpeg\" \/>\n<meta name=\"author\" content=\"Redactor Uno\" \/>\n<meta name=\"twitter:card\" content=\"summary_large_image\" \/>\n<meta name=\"twitter:label1\" content=\"Escrito por\" \/>\n\t<meta name=\"twitter:data1\" content=\"Redactor Uno\" \/>\n\t<meta name=\"twitter:label2\" content=\"Tiempo de lectura\" \/>\n\t<meta name=\"twitter:data2\" content=\"2 minutos\" \/>\n<script type=\"application\/ld+json\" class=\"yoast-schema-graph\">{\"@context\":\"https:\\\/\\\/schema.org\",\"@graph\":[{\"@type\":\"Article\",\"@id\":\"https:\\\/\\\/www.eldiariodetucuman.com\\\/web\\\/el-regreso-a-clases-se-planificaria-para-despues-de-las-vacaciones-de-invierno\\\/#article\",\"isPartOf\":{\"@id\":\"https:\\\/\\\/www.eldiariodetucuman.com\\\/web\\\/el-regreso-a-clases-se-planificaria-para-despues-de-las-vacaciones-de-invierno\\\/\"},\"author\":{\"name\":\"Redactor Uno\",\"@id\":\"https:\\\/\\\/www.eldiariodetucuman.com\\\/web\\\/#\\\/schema\\\/person\\\/7e6644a46e60888f6b868594407e08dd\"},\"headline\":\"El regreso a clases se planificar\u00eda para despu\u00e9s de las vacaciones de invierno\",\"datePublished\":\"2020-04-15T15:34:17+00:00\",\"mainEntityOfPage\":{\"@id\":\"https:\\\/\\\/www.eldiariodetucuman.com\\\/web\\\/el-regreso-a-clases-se-planificaria-para-despues-de-las-vacaciones-de-invierno\\\/\"},\"wordCount\":502,\"publisher\":{\"@id\":\"https:\\\/\\\/www.eldiariodetucuman.com\\\/web\\\/#organization\"},\"image\":{\"@id\":\"https:\\\/\\\/www.eldiariodetucuman.com\\\/web\\\/el-regreso-a-clases-se-planificaria-para-despues-de-las-vacaciones-de-invierno\\\/#primaryimage\"},\"thumbnailUrl\":\"https:\\\/\\\/www.eldiariodetucuman.com\\\/web\\\/wp-content\\\/uploads\\\/2020\\\/04\\\/clases-tucuman.jpg\",\"keywords\":[\"Argentina\",\"clases\",\"pandemia\",\"Tucuman\"],\"articleSection\":[\"Actualidad\"],\"inLanguage\":\"es\"},{\"@type\":\"WebPage\",\"@id\":\"https:\\\/\\\/www.eldiariodetucuman.com\\\/web\\\/el-regreso-a-clases-se-planificaria-para-despues-de-las-vacaciones-de-invierno\\\/\",\"url\":\"https:\\\/\\\/www.eldiariodetucuman.com\\\/web\\\/el-regreso-a-clases-se-planificaria-para-despues-de-las-vacaciones-de-invierno\\\/\",\"name\":\"El regreso a clases se planificar\u00eda para despu\u00e9s de las vacaciones de invierno - El Diario de Tucuman\",\"isPartOf\":{\"@id\":\"https:\\\/\\\/www.eldiariodetucuman.com\\\/web\\\/#website\"},\"primaryImageOfPage\":{\"@id\":\"https:\\\/\\\/www.eldiariodetucuman.com\\\/web\\\/el-regreso-a-clases-se-planificaria-para-despues-de-las-vacaciones-de-invierno\\\/#primaryimage\"},\"image\":{\"@id\":\"https:\\\/\\\/www.eldiariodetucuman.com\\\/web\\\/el-regreso-a-clases-se-planificaria-para-despues-de-las-vacaciones-de-invierno\\\/#primaryimage\"},\"thumbnailUrl\":\"https:\\\/\\\/www.eldiariodetucuman.com\\\/web\\\/wp-content\\\/uploads\\\/2020\\\/04\\\/clases-tucuman.jpg\",\"datePublished\":\"2020-04-15T15:34:17+00:00\",\"breadcrumb\":{\"@id\":\"https:\\\/\\\/www.eldiariodetucuman.com\\\/web\\\/el-regreso-a-clases-se-planificaria-para-despues-de-las-vacaciones-de-invierno\\\/#breadcrumb\"},\"inLanguage\":\"es\",\"potentialAction\":[{\"@type\":\"ReadAction\",\"target\":[\"https:\\\/\\\/www.eldiariodetucuman.com\\\/web\\\/el-regreso-a-clases-se-planificaria-para-despues-de-las-vacaciones-de-invierno\\\/\"]}]},{\"@type\":\"ImageObject\",\"inLanguage\":\"es\",\"@id\":\"https:\\\/\\\/www.eldiariodetucuman.com\\\/web\\\/el-regreso-a-clases-se-planificaria-para-despues-de-las-vacaciones-de-invierno\\\/#primaryimage\",\"url\":\"https:\\\/\\\/www.eldiariodetucuman.com\\\/web\\\/wp-content\\\/uploads\\\/2020\\\/04\\\/clases-tucuman.jpg\",\"contentUrl\":\"https:\\\/\\\/www.eldiariodetucuman.com\\\/web\\\/wp-content\\\/uploads\\\/2020\\\/04\\\/clases-tucuman.jpg\",\"width\":770,\"height\":470},{\"@type\":\"BreadcrumbList\",\"@id\":\"https:\\\/\\\/www.eldiariodetucuman.com\\\/web\\\/el-regreso-a-clases-se-planificaria-para-despues-de-las-vacaciones-de-invierno\\\/#breadcrumb\",\"itemListElement\":[{\"@type\":\"ListItem\",\"position\":1,\"name\":\"Portada\",\"item\":\"https:\\\/\\\/www.eldiariodetucuman.com\\\/web\\\/\"},{\"@type\":\"ListItem\",\"position\":2,\"name\":\"El regreso a clases se planificar\u00eda para despu\u00e9s de las vacaciones de invierno\"}]},{\"@type\":\"WebSite\",\"@id\":\"https:\\\/\\\/www.eldiariodetucuman.com\\\/web\\\/#website\",\"url\":\"https:\\\/\\\/www.eldiariodetucuman.com\\\/web\\\/\",\"name\":\"El Diario de Tucuman\",\"description\":\"Diario Tucuman - Informaci\u00f3n y noticias\",\"publisher\":{\"@id\":\"https:\\\/\\\/www.eldiariodetucuman.com\\\/web\\\/#organization\"},\"potentialAction\":[{\"@type\":\"SearchAction\",\"target\":{\"@type\":\"EntryPoint\",\"urlTemplate\":\"https:\\\/\\\/www.eldiariodetucuman.com\\\/web\\\/?s={search_term_string}\"},\"query-input\":{\"@type\":\"PropertyValueSpecification\",\"valueRequired\":true,\"valueName\":\"search_term_string\"}}],\"inLanguage\":\"es\"},{\"@type\":\"Organization\",\"@id\":\"https:\\\/\\\/www.eldiariodetucuman.com\\\/web\\\/#organization\",\"name\":\"El Diario de Tucuman\",\"url\":\"https:\\\/\\\/www.eldiariodetucuman.com\\\/web\\\/\",\"logo\":{\"@type\":\"ImageObject\",\"inLanguage\":\"es\",\"@id\":\"https:\\\/\\\/www.eldiariodetucuman.com\\\/web\\\/#\\\/schema\\\/logo\\\/image\\\/\",\"url\":\"http:\\\/\\\/www.eldiariodetucuman.com\\\/web\\\/wp-content\\\/uploads\\\/2017\\\/12\\\/el-diario-de-tucuman.jpg\",\"contentUrl\":\"http:\\\/\\\/www.eldiariodetucuman.com\\\/web\\\/wp-content\\\/uploads\\\/2017\\\/12\\\/el-diario-de-tucuman.jpg\",\"width\":272,\"height\":92,\"caption\":\"El Diario de Tucuman\"},\"image\":{\"@id\":\"https:\\\/\\\/www.eldiariodetucuman.com\\\/web\\\/#\\\/schema\\\/logo\\\/image\\\/\"}},{\"@type\":\"Person\",\"@id\":\"https:\\\/\\\/www.eldiariodetucuman.com\\\/web\\\/#\\\/schema\\\/person\\\/7e6644a46e60888f6b868594407e08dd\",\"name\":\"Redactor Uno\",\"image\":{\"@type\":\"ImageObject\",\"inLanguage\":\"es\",\"@id\":\"https:\\\/\\\/secure.gravatar.com\\\/avatar\\\/0049b1bdf1bd548385c9ea6b9356431717930913089febd2ba904f0187d7d074?s=96&d=mm&r=g\",\"url\":\"https:\\\/\\\/secure.gravatar.com\\\/avatar\\\/0049b1bdf1bd548385c9ea6b9356431717930913089febd2ba904f0187d7d074?s=96&d=mm&r=g\",\"contentUrl\":\"https:\\\/\\\/secure.gravatar.com\\\/avatar\\\/0049b1bdf1bd548385c9ea6b9356431717930913089febd2ba904f0187d7d074?s=96&d=mm&r=g\",\"caption\":\"Redactor Uno\"},\"url\":\"https:\\\/\\\/www.eldiariodetucuman.com\\\/web\\\/author\\\/mramasco\\\/\"}]}<\/script>\n<!-- \/ Yoast SEO plugin. -->","yoast_head_json":{"title":"El regreso a clases se planificar\u00eda para despu\u00e9s de las vacaciones de invierno - El Diario de Tucuman","robots":{"index":"index","follow":"follow","max-snippet":"max-snippet:-1","max-image-preview":"max-image-preview:large","max-video-preview":"max-video-preview:-1"},"canonical":"https:\/\/www.eldiariodetucuman.com\/web\/el-regreso-a-clases-se-planificaria-para-despues-de-las-vacaciones-de-invierno\/","og_locale":"es_ES","og_type":"article","og_title":"El regreso a clases se planificar\u00eda para despu\u00e9s de las vacaciones de invierno - El Diario de Tucuman","og_description":"Aunque a\u00fan no es un anuncio, el ministro de Educaci\u00f3n dijo que ve muy dific\u00edl que las clases sean retomadas antes de las vacaciones de julio. No ser\u00e1 una decisi\u00f3n pedag\u00f3gica sino m\u00e9dica, de acuerdo a la evoluci\u00f3n del Covid19 en el pa\u00eds.","og_url":"https:\/\/www.eldiariodetucuman.com\/web\/el-regreso-a-clases-se-planificaria-para-despues-de-las-vacaciones-de-invierno\/","og_site_name":"El Diario de Tucuman","article_published_time":"2020-04-15T15:34:17+00:00","og_image":[{"width":770,"height":470,"url":"https:\/\/www.eldiariodetucuman.com\/web\/wp-content\/uploads\/2020\/04\/clases-tucuman.jpg","type":"image\/jpeg"}],"author":"Redactor Uno","twitter_card":"summary_large_image","twitter_misc":{"Escrito por":"Redactor Uno","Tiempo de lectura":"2 minutos"},"schema":{"@context":"https:\/\/schema.org","@graph":[{"@type":"Article","@id":"https:\/\/www.eldiariodetucuman.com\/web\/el-regreso-a-clases-se-planificaria-para-despues-de-las-vacaciones-de-invierno\/#article","isPartOf":{"@id":"https:\/\/www.eldiariodetucuman.com\/web\/el-regreso-a-clases-se-planificaria-para-despues-de-las-vacaciones-de-invierno\/"},"author":{"name":"Redactor Uno","@id":"https:\/\/www.eldiariodetucuman.com\/web\/#\/schema\/person\/7e6644a46e60888f6b868594407e08dd"},"headline":"El regreso a clases se planificar\u00eda para despu\u00e9s de las vacaciones de invierno","datePublished":"2020-04-15T15:34:17+00:00","mainEntityOfPage":{"@id":"https:\/\/www.eldiariodetucuman.com\/web\/el-regreso-a-clases-se-planificaria-para-despues-de-las-vacaciones-de-invierno\/"},"wordCount":502,"publisher":{"@id":"https:\/\/www.eldiariodetucuman.com\/web\/#organization"},"image":{"@id":"https:\/\/www.eldiariodetucuman.com\/web\/el-regreso-a-clases-se-planificaria-para-despues-de-las-vacaciones-de-invierno\/#primaryimage"},"thumbnailUrl":"https:\/\/www.eldiariodetucuman.com\/web\/wp-content\/uploads\/2020\/04\/clases-tucuman.jpg","keywords":["Argentina","clases","pandemia","Tucuman"],"articleSection":["Actualidad"],"inLanguage":"es"},{"@type":"WebPage","@id":"https:\/\/www.eldiariodetucuman.com\/web\/el-regreso-a-clases-se-planificaria-para-despues-de-las-vacaciones-de-invierno\/","url":"https:\/\/www.eldiariodetucuman.com\/web\/el-regreso-a-clases-se-planificaria-para-despues-de-las-vacaciones-de-invierno\/","name":"El regreso a clases se planificar\u00eda para despu\u00e9s de las vacaciones de invierno - El Diario de Tucuman","isPartOf":{"@id":"https:\/\/www.eldiariodetucuman.com\/web\/#website"},"primaryImageOfPage":{"@id":"https:\/\/www.eldiariodetucuman.com\/web\/el-regreso-a-clases-se-planificaria-para-despues-de-las-vacaciones-de-invierno\/#primaryimage"},"image":{"@id":"https:\/\/www.eldiariodetucuman.com\/web\/el-regreso-a-clases-se-planificaria-para-despues-de-las-vacaciones-de-invierno\/#primaryimage"},"thumbnailUrl":"https:\/\/www.eldiariodetucuman.com\/web\/wp-content\/uploads\/2020\/04\/clases-tucuman.jpg","datePublished":"2020-04-15T15:34:17+00:00","breadcrumb":{"@id":"https:\/\/www.eldiariodetucuman.com\/web\/el-regreso-a-clases-se-planificaria-para-despues-de-las-vacaciones-de-invierno\/#breadcrumb"},"inLanguage":"es","potentialAction":[{"@type":"ReadAction","target":["https:\/\/www.eldiariodetucuman.com\/web\/el-regreso-a-clases-se-planificaria-para-despues-de-las-vacaciones-de-invierno\/"]}]},{"@type":"ImageObject","inLanguage":"es","@id":"https:\/\/www.eldiariodetucuman.com\/web\/el-regreso-a-clases-se-planificaria-para-despues-de-las-vacaciones-de-invierno\/#primaryimage","url":"https:\/\/www.eldiariodetucuman.com\/web\/wp-content\/uploads\/2020\/04\/clases-tucuman.jpg","contentUrl":"https:\/\/www.eldiariodetucuman.com\/web\/wp-content\/uploads\/2020\/04\/clases-tucuman.jpg","width":770,"height":470},{"@type":"BreadcrumbList","@id":"https:\/\/www.eldiariodetucuman.com\/web\/el-regreso-a-clases-se-planificaria-para-despues-de-las-vacaciones-de-invierno\/#breadcrumb","itemListElement":[{"@type":"ListItem","position":1,"name":"Portada","item":"https:\/\/www.eldiariodetucuman.com\/web\/"},{"@type":"ListItem","position":2,"name":"El regreso a clases se planificar\u00eda para despu\u00e9s de las vacaciones de invierno"}]},{"@type":"WebSite","@id":"https:\/\/www.eldiariodetucuman.com\/web\/#website","url":"https:\/\/www.eldiariodetucuman.com\/web\/","name":"El Diario de Tucuman","description":"Diario Tucuman - Informaci\u00f3n y noticias","publisher":{"@id":"https:\/\/www.eldiariodetucuman.com\/web\/#organization"},"potentialAction":[{"@type":"SearchAction","target":{"@type":"EntryPoint","urlTemplate":"https:\/\/www.eldiariodetucuman.com\/web\/?s={search_term_string}"},"query-input":{"@type":"PropertyValueSpecification","valueRequired":true,"valueName":"search_term_string"}}],"inLanguage":"es"},{"@type":"Organization","@id":"https:\/\/www.eldiariodetucuman.com\/web\/#organization","name":"El Diario de Tucuman","url":"https:\/\/www.eldiariodetucuman.com\/web\/","logo":{"@type":"ImageObject","inLanguage":"es","@id":"https:\/\/www.eldiariodetucuman.com\/web\/#\/schema\/logo\/image\/","url":"http:\/\/www.eldiariodetucuman.com\/web\/wp-content\/uploads\/2017\/12\/el-diario-de-tucuman.jpg","contentUrl":"http:\/\/www.eldiariodetucuman.com\/web\/wp-content\/uploads\/2017\/12\/el-diario-de-tucuman.jpg","width":272,"height":92,"caption":"El Diario de Tucuman"},"image":{"@id":"https:\/\/www.eldiariodetucuman.com\/web\/#\/schema\/logo\/image\/"}},{"@type":"Person","@id":"https:\/\/www.eldiariodetucuman.com\/web\/#\/schema\/person\/7e6644a46e60888f6b868594407e08dd","name":"Redactor Uno","image":{"@type":"ImageObject","inLanguage":"es","@id":"https:\/\/secure.gravatar.com\/avatar\/0049b1bdf1bd548385c9ea6b9356431717930913089febd2ba904f0187d7d074?s=96&d=mm&r=g","url":"https:\/\/secure.gravatar.com\/avatar\/0049b1bdf1bd548385c9ea6b9356431717930913089febd2ba904f0187d7d074?s=96&d=mm&r=g","contentUrl":"https:\/\/secure.gravatar.com\/avatar\/0049b1bdf1bd548385c9ea6b9356431717930913089febd2ba904f0187d7d074?s=96&d=mm&r=g","caption":"Redactor Uno"},"url":"https:\/\/www.eldiariodetucuman.com\/web\/author\/mramasco\/"}]}},"_links":{"self":[{"href":"https:\/\/www.eldiariodetucuman.com\/web\/wp-json\/wp\/v2\/posts\/27063","targetHints":{"allow":["GET"]}}],"collection":[{"href":"https:\/\/www.eldiariodetucuman.com\/web\/wp-json\/wp\/v2\/posts"}],"about":[{"href":"https:\/\/www.eldiariodetucuman.com\/web\/wp-json\/wp\/v2\/types\/post"}],"author":[{"embeddable":true,"href":"https:\/\/www.eldiariodetucuman.com\/web\/wp-json\/wp\/v2\/users\/5"}],"replies":[{"embeddable":true,"href":"https:\/\/www.eldiariodetucuman.com\/web\/wp-json\/wp\/v2\/comments?post=27063"}],"version-history":[{"count":1,"href":"https:\/\/www.eldiariodetucuman.com\/web\/wp-json\/wp\/v2\/posts\/27063\/revisions"}],"predecessor-version":[{"id":27065,"href":"https:\/\/www.eldiariodetucuman.com\/web\/wp-json\/wp\/v2\/posts\/27063\/revisions\/27065"}],"wp:featuredmedia":[{"embeddable":true,"href":"https:\/\/www.eldiariodetucuman.com\/web\/wp-json\/wp\/v2\/media\/27064"}],"wp:attachment":[{"href":"https:\/\/www.eldiariodetucuman.com\/web\/wp-json\/wp\/v2\/media?parent=27063"}],"wp:term":[{"taxonomy":"category","embeddable":true,"href":"https:\/\/www.eldiariodetucuman.com\/web\/wp-json\/wp\/v2\/categories?post=27063"},{"taxonomy":"post_tag","embeddable":true,"href":"https:\/\/www.eldiariodetucuman.com\/web\/wp-json\/wp\/v2\/tags?post=27063"}],"curies":[{"name":"wp","href":"https:\/\/api.w.org\/{rel}","templated":true}]}}