{"id":27059,"date":"2020-04-15T12:26:57","date_gmt":"2020-04-15T15:26:57","guid":{"rendered":"http:\/\/www.eldiariodetucuman.com\/web\/?p=27059"},"modified":"2020-04-15T12:26:57","modified_gmt":"2020-04-15T15:26:57","slug":"dengue-la-cifra-de-infectados-sigue-en-aumento","status":"publish","type":"post","link":"https:\/\/www.eldiariodetucuman.com\/web\/dengue-la-cifra-de-infectados-sigue-en-aumento\/","title":{"rendered":"Dengue: La cifra de infectados sigue en aumento"},"content":{"rendered":"<header class=\"entry-header\"><\/header>\n<div class=\"entry-content herald-entry-content\">\n<div class=\"addtoany_share_save_container addtoany_content addtoany_content_top\">\n<div class=\"a2a_kit a2a_kit_size_32 addtoany_list\" data-a2a-url=\"http:\/\/www.losprimeros.tv\/nota\/148866\/tucuman-se-confirmaron-670-casos-dengue.html\" data-a2a-title=\"En Tucum\u00e1n se confirmaron 670 casos de dengue\">El Ministerio de Salud P\u00fablica de la Provincia informa que se confirmaron 670 casos de dengue, de los cuales 662 son aut\u00f3ctonos y 8 importados.<\/div>\n<\/div>\n<\/div>\n<p><!--more--><\/p>\n<div class=\"entry-content herald-entry-content\">\n<p>A trav\u00e9s de distintas iniciativas, Vigilancia Epidemiol\u00f3gica contin\u00faa trabajando en atenci\u00f3n de las personas afectadas y control de foco en las distintas \u00e1reas. Las medidas destinan un equipo al lugar donde se detectaron casos positivos de dengue, que se encargan de asegurar que las viviendas tengan sus patios limpios y sin espacios de posibles criaderos de mosquitos.<\/p>\n<p>Los equipos de salud adem\u00e1s contin\u00faan la labor de educaci\u00f3n para la poblaci\u00f3n con el objetivo de que se encuentren atentos ante los s\u00edntomas que pueden aparecer, para as\u00ed abordarlos de forma oportuna.<\/p>\n<p>El Ministerio de Salud P\u00fablica solicita la colaboraci\u00f3n de todos los ciudadanos para eliminar los criaderos de mosquitos, evitar acumular agua estancada, mantener limpios los patios y jardines, renovar el agua de floreros y bebederos y eliminar objetos en desuso que puedan acumular agua: Sin mosquito, no hay dengue.<\/p>\n<p><strong>Recomendaciones<\/strong><\/p>\n<ul>\n<li>Eliminar todos los recipientes en desuso que puedan acumular agua (como latas, botellas, neum\u00e1ticos).<\/li>\n<li>Dar vuelta los objetos que se encuentran en el exterior y pueden acumular agua cuando llueve (baldes, palanganas, tambores).<\/li>\n<li>Cambiar el agua de bebederos de animales, colectores de desag\u00fces de aire acondicionado o lluvia, dentro y fuera de la casa, cada 3 d\u00edas.<\/li>\n<li>Recordar frotar las paredes de los recipientes con una esponja a fin de desprender los huevos de mosquito que puedan estar adheridos.<\/li>\n<li>Rellenar los floreros y portamacetas con arena h\u00fameda.<\/li>\n<li>Mantener los patios limpios y ordenados y los jardines desmalezados.<\/li>\n<li>Limpiar canaletas y desag\u00fces de lluvia de los techos.<\/li>\n<li>Tapar los tanques y recipientes que se usan para recolectar agua.<\/li>\n<\/ul>\n<p><strong>Tambi\u00e9n es importante prevenir la picadura del mosquito:<\/strong><\/p>\n<ul>\n<li>Usando siempre repelentes siguiendo cuidadosamente las recomendaciones del envase.<\/li>\n<li>Utilizando ropa clara que cubra los brazos y las piernas, especialmente durante las actividades al aire libre.<\/li>\n<li>Colocando mosquiteros en puertas y ventanas, y cuando sea posible usar ventiladores o aire acondicionado en la habitaciones.<\/li>\n<li>Protegiendo cunas y cochecitos de beb\u00e9s con telas mosquiteras.<\/li>\n<li>Utilizando repelentes ambientales como tabletas y espirales.<\/li>\n<\/ul>\n<p>Si presenta s\u00edntomas como fiebre, dolor de cabeza, dolor muscular y de huesos, realizar la consulta en el centro sanitario m\u00e1s cercano o comun\u00edquese con nuestra l\u00ednea de Vigilancia Epidemiol\u00f3gica: 0800-555 8478.<\/p>\n<p><strong>Fuente:<\/strong> <a href=\"http:\/\/www.losprimeros.tv\/nota\/148866\/tucuman-se-confirmaron-670-casos-dengue.html\">http:\/\/www.losprimeros.tv\/nota\/148866\/tucuman-se-confirmaron-670-casos-dengue.html<\/a><\/p>\n<\/div>\n","protected":false},"excerpt":{"rendered":"<p>El Ministerio de Salud P\u00fablica de la Provincia informa que se confirmaron 670 casos de dengue, de los cuales 662 son aut\u00f3ctonos y 8 importados.<\/p>\n","protected":false},"author":5,"featured_media":27061,"comment_status":"closed","ping_status":"open","sticky":false,"template":"","format":"standard","meta":{"footnotes":""},"categories":[2],"tags":[2552,3150,79,61],"class_list":{"0":"post-27059","1":"post","2":"type-post","3":"status-publish","4":"format-standard","5":"has-post-thumbnail","7":"category-actualidad","8":"tag-dengue","9":"tag-infectados","10":"tag-salud","11":"tag-tucuman"},"yoast_head":"<!-- This site is optimized with the Yoast SEO plugin v27.4 - https:\/\/yoast.com\/product\/yoast-seo-wordpress\/ -->\n<title>Dengue: La cifra de infectados sigue en aumento - El Diario de Tucuman<\/title>\n<meta name=\"robots\" content=\"index, follow, max-snippet:-1, max-image-preview:large, max-video-preview:-1\" \/>\n<link rel=\"canonical\" href=\"https:\/\/www.eldiariodetucuman.com\/web\/dengue-la-cifra-de-infectados-sigue-en-aumento\/\" \/>\n<meta property=\"og:locale\" content=\"es_ES\" \/>\n<meta property=\"og:type\" content=\"article\" \/>\n<meta property=\"og:title\" content=\"Dengue: La cifra de infectados sigue en aumento - El Diario de Tucuman\" \/>\n<meta property=\"og:description\" content=\"El Ministerio de Salud P\u00fablica de la Provincia informa que se confirmaron 670 casos de dengue, de los cuales 662 son aut\u00f3ctonos y 8 importados.\" \/>\n<meta property=\"og:url\" content=\"https:\/\/www.eldiariodetucuman.com\/web\/dengue-la-cifra-de-infectados-sigue-en-aumento\/\" \/>\n<meta property=\"og:site_name\" content=\"El Diario de Tucuman\" \/>\n<meta property=\"article:published_time\" content=\"2020-04-15T15:26:57+00:00\" \/>\n<meta property=\"og:image\" content=\"https:\/\/www.eldiariodetucuman.com\/web\/wp-content\/uploads\/2020\/04\/dengue-1.jpg\" \/>\n\t<meta property=\"og:image:width\" content=\"818\" \/>\n\t<meta property=\"og:image:height\" content=\"460\" \/>\n\t<meta property=\"og:image:type\" content=\"image\/jpeg\" \/>\n<meta name=\"author\" content=\"Redactor Uno\" \/>\n<meta name=\"twitter:card\" content=\"summary_large_image\" \/>\n<meta name=\"twitter:label1\" content=\"Escrito por\" \/>\n\t<meta name=\"twitter:data1\" content=\"Redactor Uno\" \/>\n\t<meta name=\"twitter:label2\" content=\"Tiempo de lectura\" \/>\n\t<meta name=\"twitter:data2\" content=\"2 minutos\" \/>\n<script type=\"application\/ld+json\" class=\"yoast-schema-graph\">{\"@context\":\"https:\\\/\\\/schema.org\",\"@graph\":[{\"@type\":\"Article\",\"@id\":\"https:\\\/\\\/www.eldiariodetucuman.com\\\/web\\\/dengue-la-cifra-de-infectados-sigue-en-aumento\\\/#article\",\"isPartOf\":{\"@id\":\"https:\\\/\\\/www.eldiariodetucuman.com\\\/web\\\/dengue-la-cifra-de-infectados-sigue-en-aumento\\\/\"},\"author\":{\"name\":\"Redactor Uno\",\"@id\":\"https:\\\/\\\/www.eldiariodetucuman.com\\\/web\\\/#\\\/schema\\\/person\\\/7e6644a46e60888f6b868594407e08dd\"},\"headline\":\"Dengue: La cifra de infectados sigue en aumento\",\"datePublished\":\"2020-04-15T15:26:57+00:00\",\"mainEntityOfPage\":{\"@id\":\"https:\\\/\\\/www.eldiariodetucuman.com\\\/web\\\/dengue-la-cifra-de-infectados-sigue-en-aumento\\\/\"},\"wordCount\":419,\"publisher\":{\"@id\":\"https:\\\/\\\/www.eldiariodetucuman.com\\\/web\\\/#organization\"},\"image\":{\"@id\":\"https:\\\/\\\/www.eldiariodetucuman.com\\\/web\\\/dengue-la-cifra-de-infectados-sigue-en-aumento\\\/#primaryimage\"},\"thumbnailUrl\":\"https:\\\/\\\/www.eldiariodetucuman.com\\\/web\\\/wp-content\\\/uploads\\\/2020\\\/04\\\/dengue-1.jpg\",\"keywords\":[\"dengue\",\"infectados\",\"salud\",\"Tucuman\"],\"articleSection\":[\"Actualidad\"],\"inLanguage\":\"es\"},{\"@type\":\"WebPage\",\"@id\":\"https:\\\/\\\/www.eldiariodetucuman.com\\\/web\\\/dengue-la-cifra-de-infectados-sigue-en-aumento\\\/\",\"url\":\"https:\\\/\\\/www.eldiariodetucuman.com\\\/web\\\/dengue-la-cifra-de-infectados-sigue-en-aumento\\\/\",\"name\":\"Dengue: La cifra de infectados sigue en aumento - El Diario de Tucuman\",\"isPartOf\":{\"@id\":\"https:\\\/\\\/www.eldiariodetucuman.com\\\/web\\\/#website\"},\"primaryImageOfPage\":{\"@id\":\"https:\\\/\\\/www.eldiariodetucuman.com\\\/web\\\/dengue-la-cifra-de-infectados-sigue-en-aumento\\\/#primaryimage\"},\"image\":{\"@id\":\"https:\\\/\\\/www.eldiariodetucuman.com\\\/web\\\/dengue-la-cifra-de-infectados-sigue-en-aumento\\\/#primaryimage\"},\"thumbnailUrl\":\"https:\\\/\\\/www.eldiariodetucuman.com\\\/web\\\/wp-content\\\/uploads\\\/2020\\\/04\\\/dengue-1.jpg\",\"datePublished\":\"2020-04-15T15:26:57+00:00\",\"breadcrumb\":{\"@id\":\"https:\\\/\\\/www.eldiariodetucuman.com\\\/web\\\/dengue-la-cifra-de-infectados-sigue-en-aumento\\\/#breadcrumb\"},\"inLanguage\":\"es\",\"potentialAction\":[{\"@type\":\"ReadAction\",\"target\":[\"https:\\\/\\\/www.eldiariodetucuman.com\\\/web\\\/dengue-la-cifra-de-infectados-sigue-en-aumento\\\/\"]}]},{\"@type\":\"ImageObject\",\"inLanguage\":\"es\",\"@id\":\"https:\\\/\\\/www.eldiariodetucuman.com\\\/web\\\/dengue-la-cifra-de-infectados-sigue-en-aumento\\\/#primaryimage\",\"url\":\"https:\\\/\\\/www.eldiariodetucuman.com\\\/web\\\/wp-content\\\/uploads\\\/2020\\\/04\\\/dengue-1.jpg\",\"contentUrl\":\"https:\\\/\\\/www.eldiariodetucuman.com\\\/web\\\/wp-content\\\/uploads\\\/2020\\\/04\\\/dengue-1.jpg\",\"width\":818,\"height\":460},{\"@type\":\"BreadcrumbList\",\"@id\":\"https:\\\/\\\/www.eldiariodetucuman.com\\\/web\\\/dengue-la-cifra-de-infectados-sigue-en-aumento\\\/#breadcrumb\",\"itemListElement\":[{\"@type\":\"ListItem\",\"position\":1,\"name\":\"Portada\",\"item\":\"https:\\\/\\\/www.eldiariodetucuman.com\\\/web\\\/\"},{\"@type\":\"ListItem\",\"position\":2,\"name\":\"Dengue: La cifra de infectados sigue en aumento\"}]},{\"@type\":\"WebSite\",\"@id\":\"https:\\\/\\\/www.eldiariodetucuman.com\\\/web\\\/#website\",\"url\":\"https:\\\/\\\/www.eldiariodetucuman.com\\\/web\\\/\",\"name\":\"El Diario de Tucuman\",\"description\":\"Diario Tucuman - Informaci\u00f3n y noticias\",\"publisher\":{\"@id\":\"https:\\\/\\\/www.eldiariodetucuman.com\\\/web\\\/#organization\"},\"potentialAction\":[{\"@type\":\"SearchAction\",\"target\":{\"@type\":\"EntryPoint\",\"urlTemplate\":\"https:\\\/\\\/www.eldiariodetucuman.com\\\/web\\\/?s={search_term_string}\"},\"query-input\":{\"@type\":\"PropertyValueSpecification\",\"valueRequired\":true,\"valueName\":\"search_term_string\"}}],\"inLanguage\":\"es\"},{\"@type\":\"Organization\",\"@id\":\"https:\\\/\\\/www.eldiariodetucuman.com\\\/web\\\/#organization\",\"name\":\"El Diario de Tucuman\",\"url\":\"https:\\\/\\\/www.eldiariodetucuman.com\\\/web\\\/\",\"logo\":{\"@type\":\"ImageObject\",\"inLanguage\":\"es\",\"@id\":\"https:\\\/\\\/www.eldiariodetucuman.com\\\/web\\\/#\\\/schema\\\/logo\\\/image\\\/\",\"url\":\"http:\\\/\\\/www.eldiariodetucuman.com\\\/web\\\/wp-content\\\/uploads\\\/2017\\\/12\\\/el-diario-de-tucuman.jpg\",\"contentUrl\":\"http:\\\/\\\/www.eldiariodetucuman.com\\\/web\\\/wp-content\\\/uploads\\\/2017\\\/12\\\/el-diario-de-tucuman.jpg\",\"width\":272,\"height\":92,\"caption\":\"El Diario de Tucuman\"},\"image\":{\"@id\":\"https:\\\/\\\/www.eldiariodetucuman.com\\\/web\\\/#\\\/schema\\\/logo\\\/image\\\/\"}},{\"@type\":\"Person\",\"@id\":\"https:\\\/\\\/www.eldiariodetucuman.com\\\/web\\\/#\\\/schema\\\/person\\\/7e6644a46e60888f6b868594407e08dd\",\"name\":\"Redactor Uno\",\"image\":{\"@type\":\"ImageObject\",\"inLanguage\":\"es\",\"@id\":\"https:\\\/\\\/secure.gravatar.com\\\/avatar\\\/0049b1bdf1bd548385c9ea6b9356431717930913089febd2ba904f0187d7d074?s=96&d=mm&r=g\",\"url\":\"https:\\\/\\\/secure.gravatar.com\\\/avatar\\\/0049b1bdf1bd548385c9ea6b9356431717930913089febd2ba904f0187d7d074?s=96&d=mm&r=g\",\"contentUrl\":\"https:\\\/\\\/secure.gravatar.com\\\/avatar\\\/0049b1bdf1bd548385c9ea6b9356431717930913089febd2ba904f0187d7d074?s=96&d=mm&r=g\",\"caption\":\"Redactor Uno\"},\"url\":\"https:\\\/\\\/www.eldiariodetucuman.com\\\/web\\\/author\\\/mramasco\\\/\"}]}<\/script>\n<!-- \/ Yoast SEO plugin. -->","yoast_head_json":{"title":"Dengue: La cifra de infectados sigue en aumento - El Diario de Tucuman","robots":{"index":"index","follow":"follow","max-snippet":"max-snippet:-1","max-image-preview":"max-image-preview:large","max-video-preview":"max-video-preview:-1"},"canonical":"https:\/\/www.eldiariodetucuman.com\/web\/dengue-la-cifra-de-infectados-sigue-en-aumento\/","og_locale":"es_ES","og_type":"article","og_title":"Dengue: La cifra de infectados sigue en aumento - El Diario de Tucuman","og_description":"El Ministerio de Salud P\u00fablica de la Provincia informa que se confirmaron 670 casos de dengue, de los cuales 662 son aut\u00f3ctonos y 8 importados.","og_url":"https:\/\/www.eldiariodetucuman.com\/web\/dengue-la-cifra-de-infectados-sigue-en-aumento\/","og_site_name":"El Diario de Tucuman","article_published_time":"2020-04-15T15:26:57+00:00","og_image":[{"width":818,"height":460,"url":"https:\/\/www.eldiariodetucuman.com\/web\/wp-content\/uploads\/2020\/04\/dengue-1.jpg","type":"image\/jpeg"}],"author":"Redactor Uno","twitter_card":"summary_large_image","twitter_misc":{"Escrito por":"Redactor Uno","Tiempo de lectura":"2 minutos"},"schema":{"@context":"https:\/\/schema.org","@graph":[{"@type":"Article","@id":"https:\/\/www.eldiariodetucuman.com\/web\/dengue-la-cifra-de-infectados-sigue-en-aumento\/#article","isPartOf":{"@id":"https:\/\/www.eldiariodetucuman.com\/web\/dengue-la-cifra-de-infectados-sigue-en-aumento\/"},"author":{"name":"Redactor Uno","@id":"https:\/\/www.eldiariodetucuman.com\/web\/#\/schema\/person\/7e6644a46e60888f6b868594407e08dd"},"headline":"Dengue: La cifra de infectados sigue en aumento","datePublished":"2020-04-15T15:26:57+00:00","mainEntityOfPage":{"@id":"https:\/\/www.eldiariodetucuman.com\/web\/dengue-la-cifra-de-infectados-sigue-en-aumento\/"},"wordCount":419,"publisher":{"@id":"https:\/\/www.eldiariodetucuman.com\/web\/#organization"},"image":{"@id":"https:\/\/www.eldiariodetucuman.com\/web\/dengue-la-cifra-de-infectados-sigue-en-aumento\/#primaryimage"},"thumbnailUrl":"https:\/\/www.eldiariodetucuman.com\/web\/wp-content\/uploads\/2020\/04\/dengue-1.jpg","keywords":["dengue","infectados","salud","Tucuman"],"articleSection":["Actualidad"],"inLanguage":"es"},{"@type":"WebPage","@id":"https:\/\/www.eldiariodetucuman.com\/web\/dengue-la-cifra-de-infectados-sigue-en-aumento\/","url":"https:\/\/www.eldiariodetucuman.com\/web\/dengue-la-cifra-de-infectados-sigue-en-aumento\/","name":"Dengue: La cifra de infectados sigue en aumento - El Diario de Tucuman","isPartOf":{"@id":"https:\/\/www.eldiariodetucuman.com\/web\/#website"},"primaryImageOfPage":{"@id":"https:\/\/www.eldiariodetucuman.com\/web\/dengue-la-cifra-de-infectados-sigue-en-aumento\/#primaryimage"},"image":{"@id":"https:\/\/www.eldiariodetucuman.com\/web\/dengue-la-cifra-de-infectados-sigue-en-aumento\/#primaryimage"},"thumbnailUrl":"https:\/\/www.eldiariodetucuman.com\/web\/wp-content\/uploads\/2020\/04\/dengue-1.jpg","datePublished":"2020-04-15T15:26:57+00:00","breadcrumb":{"@id":"https:\/\/www.eldiariodetucuman.com\/web\/dengue-la-cifra-de-infectados-sigue-en-aumento\/#breadcrumb"},"inLanguage":"es","potentialAction":[{"@type":"ReadAction","target":["https:\/\/www.eldiariodetucuman.com\/web\/dengue-la-cifra-de-infectados-sigue-en-aumento\/"]}]},{"@type":"ImageObject","inLanguage":"es","@id":"https:\/\/www.eldiariodetucuman.com\/web\/dengue-la-cifra-de-infectados-sigue-en-aumento\/#primaryimage","url":"https:\/\/www.eldiariodetucuman.com\/web\/wp-content\/uploads\/2020\/04\/dengue-1.jpg","contentUrl":"https:\/\/www.eldiariodetucuman.com\/web\/wp-content\/uploads\/2020\/04\/dengue-1.jpg","width":818,"height":460},{"@type":"BreadcrumbList","@id":"https:\/\/www.eldiariodetucuman.com\/web\/dengue-la-cifra-de-infectados-sigue-en-aumento\/#breadcrumb","itemListElement":[{"@type":"ListItem","position":1,"name":"Portada","item":"https:\/\/www.eldiariodetucuman.com\/web\/"},{"@type":"ListItem","position":2,"name":"Dengue: La cifra de infectados sigue en aumento"}]},{"@type":"WebSite","@id":"https:\/\/www.eldiariodetucuman.com\/web\/#website","url":"https:\/\/www.eldiariodetucuman.com\/web\/","name":"El Diario de Tucuman","description":"Diario Tucuman - Informaci\u00f3n y noticias","publisher":{"@id":"https:\/\/www.eldiariodetucuman.com\/web\/#organization"},"potentialAction":[{"@type":"SearchAction","target":{"@type":"EntryPoint","urlTemplate":"https:\/\/www.eldiariodetucuman.com\/web\/?s={search_term_string}"},"query-input":{"@type":"PropertyValueSpecification","valueRequired":true,"valueName":"search_term_string"}}],"inLanguage":"es"},{"@type":"Organization","@id":"https:\/\/www.eldiariodetucuman.com\/web\/#organization","name":"El Diario de Tucuman","url":"https:\/\/www.eldiariodetucuman.com\/web\/","logo":{"@type":"ImageObject","inLanguage":"es","@id":"https:\/\/www.eldiariodetucuman.com\/web\/#\/schema\/logo\/image\/","url":"http:\/\/www.eldiariodetucuman.com\/web\/wp-content\/uploads\/2017\/12\/el-diario-de-tucuman.jpg","contentUrl":"http:\/\/www.eldiariodetucuman.com\/web\/wp-content\/uploads\/2017\/12\/el-diario-de-tucuman.jpg","width":272,"height":92,"caption":"El Diario de Tucuman"},"image":{"@id":"https:\/\/www.eldiariodetucuman.com\/web\/#\/schema\/logo\/image\/"}},{"@type":"Person","@id":"https:\/\/www.eldiariodetucuman.com\/web\/#\/schema\/person\/7e6644a46e60888f6b868594407e08dd","name":"Redactor Uno","image":{"@type":"ImageObject","inLanguage":"es","@id":"https:\/\/secure.gravatar.com\/avatar\/0049b1bdf1bd548385c9ea6b9356431717930913089febd2ba904f0187d7d074?s=96&d=mm&r=g","url":"https:\/\/secure.gravatar.com\/avatar\/0049b1bdf1bd548385c9ea6b9356431717930913089febd2ba904f0187d7d074?s=96&d=mm&r=g","contentUrl":"https:\/\/secure.gravatar.com\/avatar\/0049b1bdf1bd548385c9ea6b9356431717930913089febd2ba904f0187d7d074?s=96&d=mm&r=g","caption":"Redactor Uno"},"url":"https:\/\/www.eldiariodetucuman.com\/web\/author\/mramasco\/"}]}},"_links":{"self":[{"href":"https:\/\/www.eldiariodetucuman.com\/web\/wp-json\/wp\/v2\/posts\/27059","targetHints":{"allow":["GET"]}}],"collection":[{"href":"https:\/\/www.eldiariodetucuman.com\/web\/wp-json\/wp\/v2\/posts"}],"about":[{"href":"https:\/\/www.eldiariodetucuman.com\/web\/wp-json\/wp\/v2\/types\/post"}],"author":[{"embeddable":true,"href":"https:\/\/www.eldiariodetucuman.com\/web\/wp-json\/wp\/v2\/users\/5"}],"replies":[{"embeddable":true,"href":"https:\/\/www.eldiariodetucuman.com\/web\/wp-json\/wp\/v2\/comments?post=27059"}],"version-history":[{"count":1,"href":"https:\/\/www.eldiariodetucuman.com\/web\/wp-json\/wp\/v2\/posts\/27059\/revisions"}],"predecessor-version":[{"id":27062,"href":"https:\/\/www.eldiariodetucuman.com\/web\/wp-json\/wp\/v2\/posts\/27059\/revisions\/27062"}],"wp:featuredmedia":[{"embeddable":true,"href":"https:\/\/www.eldiariodetucuman.com\/web\/wp-json\/wp\/v2\/media\/27061"}],"wp:attachment":[{"href":"https:\/\/www.eldiariodetucuman.com\/web\/wp-json\/wp\/v2\/media?parent=27059"}],"wp:term":[{"taxonomy":"category","embeddable":true,"href":"https:\/\/www.eldiariodetucuman.com\/web\/wp-json\/wp\/v2\/categories?post=27059"},{"taxonomy":"post_tag","embeddable":true,"href":"https:\/\/www.eldiariodetucuman.com\/web\/wp-json\/wp\/v2\/tags?post=27059"}],"curies":[{"name":"wp","href":"https:\/\/api.w.org\/{rel}","templated":true}]}}