{"id":27056,"date":"2020-04-15T11:18:35","date_gmt":"2020-04-15T14:18:35","guid":{"rendered":"http:\/\/www.eldiariodetucuman.com\/web\/?p=27056"},"modified":"2020-04-15T11:18:35","modified_gmt":"2020-04-15T14:18:35","slug":"capturan-a-dos-sospechosos-de-robar-200-mil-a-un-preventista","status":"publish","type":"post","link":"https:\/\/www.eldiariodetucuman.com\/web\/capturan-a-dos-sospechosos-de-robar-200-mil-a-un-preventista\/","title":{"rendered":"Capturan a dos sospechosos de robar $200 mil a un preventista"},"content":{"rendered":"<div class=\"entry-content\">\n<p class=\"selectionShareable\">Dos hombres, de 27 y 30 a\u00f1os, y una mujer de 31 a\u00f1os, fueron aprehendidos en la tarde de este martes cuando intentaban huir en un taxi desde una vivienda ubicada en la ciudad de Las Talitas. All\u00ed, los sospechosos permanec\u00edan ocultos minutos despu\u00e9s de que asaltaran a un preventista de una empresa ubicada en el Barrio SOEME, quien los acus\u00f3 de haberle robado unos 200 mil pesos en efectivo.<\/p>\n<\/div>\n<p><!--more--><\/p>\n<p class=\"entry-content\">Con los datos que aport\u00f3 la v\u00edctima en su denuncia policial, los efectivos de la Divisi\u00f3n Patrulla Motorizada de Las Talitas detectaron la vivienda donde se ocultaban los sospechosos y atentos a sus movimientos, lograron aprehenderlos justo en el momento en que iban a abordar un taxi para escapar de ese lugar.<\/p>\n<p class=\"entry-content\">Tras la requisa, los uniformados le secuestraron 26 mil pesos. Desde la Fiscal\u00eda Especializada en Delitos de Robos y Hurtos de la II Nominaci\u00f3n, dispusieron que los dos hombres y la mujer , oriundos del Barrio 200 Viviendas de Las Talitas, queden en calidad de aprehendidos.<\/p>\n<p class=\"entry-content\">El procedimiento fue supervisado por el jefe de la Divisi\u00f3n Patrulla Motorizada de Las Talitas, comisario principal <strong>Rufino Medina<\/strong>\u00a0y el subcomisario,<strong>\u00a0Guillermo Del Lugo<\/strong>.<\/p>\n<p><strong>Fuente:<\/strong> <a href=\"http:\/\/comunicaciontucuman.gob.ar\/2020\/04\/atrapan-a-sospechosos-de-robar-200-mil-a-un-vendedor\/\">http:\/\/comunicaciontucuman.gob.ar\/2020\/04\/atrapan-a-sospechosos-de-robar-200-mil-a-un-vendedor\/<\/a><\/p>\n","protected":false},"excerpt":{"rendered":"<p>Dos hombres, de 27 y 30 a\u00f1os, y una mujer de 31 a\u00f1os, fueron aprehendidos en la tarde de este martes cuando intentaban huir en un taxi desde una vivienda ubicada en la ciudad de Las Talitas. All\u00ed, los sospechosos permanec\u00edan ocultos minutos despu\u00e9s de que asaltaran a un preventista de una empresa ubicada en [&hellip;]<\/p>\n","protected":false},"author":5,"featured_media":27057,"comment_status":"closed","ping_status":"open","sticky":false,"template":"","format":"standard","meta":{"footnotes":""},"categories":[2],"tags":[1402,610,61],"class_list":{"0":"post-27056","1":"post","2":"type-post","3":"status-publish","4":"format-standard","5":"has-post-thumbnail","7":"category-actualidad","8":"tag-policiales","9":"tag-robo","10":"tag-tucuman"},"yoast_head":"<!-- This site is optimized with the Yoast SEO plugin v27.4 - https:\/\/yoast.com\/product\/yoast-seo-wordpress\/ -->\n<title>Capturan a dos sospechosos de robar $200 mil a un preventista - El Diario de Tucuman<\/title>\n<meta name=\"robots\" content=\"index, follow, max-snippet:-1, max-image-preview:large, max-video-preview:-1\" \/>\n<link rel=\"canonical\" href=\"https:\/\/www.eldiariodetucuman.com\/web\/capturan-a-dos-sospechosos-de-robar-200-mil-a-un-preventista\/\" \/>\n<meta property=\"og:locale\" content=\"es_ES\" \/>\n<meta property=\"og:type\" content=\"article\" \/>\n<meta property=\"og:title\" content=\"Capturan a dos sospechosos de robar $200 mil a un preventista - El Diario de Tucuman\" \/>\n<meta property=\"og:description\" content=\"Dos hombres, de 27 y 30 a\u00f1os, y una mujer de 31 a\u00f1os, fueron aprehendidos en la tarde de este martes cuando intentaban huir en un taxi desde una vivienda ubicada en la ciudad de Las Talitas. All\u00ed, los sospechosos permanec\u00edan ocultos minutos despu\u00e9s de que asaltaran a un preventista de una empresa ubicada en [&hellip;]\" \/>\n<meta property=\"og:url\" content=\"https:\/\/www.eldiariodetucuman.com\/web\/capturan-a-dos-sospechosos-de-robar-200-mil-a-un-preventista\/\" \/>\n<meta property=\"og:site_name\" content=\"El Diario de Tucuman\" \/>\n<meta property=\"article:published_time\" content=\"2020-04-15T14:18:35+00:00\" \/>\n<meta property=\"og:image\" content=\"https:\/\/www.eldiariodetucuman.com\/web\/wp-content\/uploads\/2020\/04\/capturan.jpeg\" \/>\n\t<meta property=\"og:image:width\" content=\"750\" \/>\n\t<meta property=\"og:image:height\" content=\"416\" \/>\n\t<meta property=\"og:image:type\" content=\"image\/jpeg\" \/>\n<meta name=\"author\" content=\"Redactor Uno\" \/>\n<meta name=\"twitter:card\" content=\"summary_large_image\" \/>\n<meta name=\"twitter:label1\" content=\"Escrito por\" \/>\n\t<meta name=\"twitter:data1\" content=\"Redactor Uno\" \/>\n\t<meta name=\"twitter:label2\" content=\"Tiempo de lectura\" \/>\n\t<meta name=\"twitter:data2\" content=\"1 minuto\" \/>\n<script type=\"application\/ld+json\" class=\"yoast-schema-graph\">{\"@context\":\"https:\\\/\\\/schema.org\",\"@graph\":[{\"@type\":\"Article\",\"@id\":\"https:\\\/\\\/www.eldiariodetucuman.com\\\/web\\\/capturan-a-dos-sospechosos-de-robar-200-mil-a-un-preventista\\\/#article\",\"isPartOf\":{\"@id\":\"https:\\\/\\\/www.eldiariodetucuman.com\\\/web\\\/capturan-a-dos-sospechosos-de-robar-200-mil-a-un-preventista\\\/\"},\"author\":{\"name\":\"Redactor Uno\",\"@id\":\"https:\\\/\\\/www.eldiariodetucuman.com\\\/web\\\/#\\\/schema\\\/person\\\/7e6644a46e60888f6b868594407e08dd\"},\"headline\":\"Capturan a dos sospechosos de robar $200 mil a un preventista\",\"datePublished\":\"2020-04-15T14:18:35+00:00\",\"mainEntityOfPage\":{\"@id\":\"https:\\\/\\\/www.eldiariodetucuman.com\\\/web\\\/capturan-a-dos-sospechosos-de-robar-200-mil-a-un-preventista\\\/\"},\"wordCount\":212,\"publisher\":{\"@id\":\"https:\\\/\\\/www.eldiariodetucuman.com\\\/web\\\/#organization\"},\"image\":{\"@id\":\"https:\\\/\\\/www.eldiariodetucuman.com\\\/web\\\/capturan-a-dos-sospechosos-de-robar-200-mil-a-un-preventista\\\/#primaryimage\"},\"thumbnailUrl\":\"https:\\\/\\\/www.eldiariodetucuman.com\\\/web\\\/wp-content\\\/uploads\\\/2020\\\/04\\\/capturan.jpeg\",\"keywords\":[\"Policiales\",\"robo\",\"Tucuman\"],\"articleSection\":[\"Actualidad\"],\"inLanguage\":\"es\"},{\"@type\":\"WebPage\",\"@id\":\"https:\\\/\\\/www.eldiariodetucuman.com\\\/web\\\/capturan-a-dos-sospechosos-de-robar-200-mil-a-un-preventista\\\/\",\"url\":\"https:\\\/\\\/www.eldiariodetucuman.com\\\/web\\\/capturan-a-dos-sospechosos-de-robar-200-mil-a-un-preventista\\\/\",\"name\":\"Capturan a dos sospechosos de robar $200 mil a un preventista - El Diario de Tucuman\",\"isPartOf\":{\"@id\":\"https:\\\/\\\/www.eldiariodetucuman.com\\\/web\\\/#website\"},\"primaryImageOfPage\":{\"@id\":\"https:\\\/\\\/www.eldiariodetucuman.com\\\/web\\\/capturan-a-dos-sospechosos-de-robar-200-mil-a-un-preventista\\\/#primaryimage\"},\"image\":{\"@id\":\"https:\\\/\\\/www.eldiariodetucuman.com\\\/web\\\/capturan-a-dos-sospechosos-de-robar-200-mil-a-un-preventista\\\/#primaryimage\"},\"thumbnailUrl\":\"https:\\\/\\\/www.eldiariodetucuman.com\\\/web\\\/wp-content\\\/uploads\\\/2020\\\/04\\\/capturan.jpeg\",\"datePublished\":\"2020-04-15T14:18:35+00:00\",\"breadcrumb\":{\"@id\":\"https:\\\/\\\/www.eldiariodetucuman.com\\\/web\\\/capturan-a-dos-sospechosos-de-robar-200-mil-a-un-preventista\\\/#breadcrumb\"},\"inLanguage\":\"es\",\"potentialAction\":[{\"@type\":\"ReadAction\",\"target\":[\"https:\\\/\\\/www.eldiariodetucuman.com\\\/web\\\/capturan-a-dos-sospechosos-de-robar-200-mil-a-un-preventista\\\/\"]}]},{\"@type\":\"ImageObject\",\"inLanguage\":\"es\",\"@id\":\"https:\\\/\\\/www.eldiariodetucuman.com\\\/web\\\/capturan-a-dos-sospechosos-de-robar-200-mil-a-un-preventista\\\/#primaryimage\",\"url\":\"https:\\\/\\\/www.eldiariodetucuman.com\\\/web\\\/wp-content\\\/uploads\\\/2020\\\/04\\\/capturan.jpeg\",\"contentUrl\":\"https:\\\/\\\/www.eldiariodetucuman.com\\\/web\\\/wp-content\\\/uploads\\\/2020\\\/04\\\/capturan.jpeg\",\"width\":750,\"height\":416},{\"@type\":\"BreadcrumbList\",\"@id\":\"https:\\\/\\\/www.eldiariodetucuman.com\\\/web\\\/capturan-a-dos-sospechosos-de-robar-200-mil-a-un-preventista\\\/#breadcrumb\",\"itemListElement\":[{\"@type\":\"ListItem\",\"position\":1,\"name\":\"Portada\",\"item\":\"https:\\\/\\\/www.eldiariodetucuman.com\\\/web\\\/\"},{\"@type\":\"ListItem\",\"position\":2,\"name\":\"Capturan a dos sospechosos de robar $200 mil a un preventista\"}]},{\"@type\":\"WebSite\",\"@id\":\"https:\\\/\\\/www.eldiariodetucuman.com\\\/web\\\/#website\",\"url\":\"https:\\\/\\\/www.eldiariodetucuman.com\\\/web\\\/\",\"name\":\"El Diario de Tucuman\",\"description\":\"Diario Tucuman - Informaci\u00f3n y noticias\",\"publisher\":{\"@id\":\"https:\\\/\\\/www.eldiariodetucuman.com\\\/web\\\/#organization\"},\"potentialAction\":[{\"@type\":\"SearchAction\",\"target\":{\"@type\":\"EntryPoint\",\"urlTemplate\":\"https:\\\/\\\/www.eldiariodetucuman.com\\\/web\\\/?s={search_term_string}\"},\"query-input\":{\"@type\":\"PropertyValueSpecification\",\"valueRequired\":true,\"valueName\":\"search_term_string\"}}],\"inLanguage\":\"es\"},{\"@type\":\"Organization\",\"@id\":\"https:\\\/\\\/www.eldiariodetucuman.com\\\/web\\\/#organization\",\"name\":\"El Diario de Tucuman\",\"url\":\"https:\\\/\\\/www.eldiariodetucuman.com\\\/web\\\/\",\"logo\":{\"@type\":\"ImageObject\",\"inLanguage\":\"es\",\"@id\":\"https:\\\/\\\/www.eldiariodetucuman.com\\\/web\\\/#\\\/schema\\\/logo\\\/image\\\/\",\"url\":\"http:\\\/\\\/www.eldiariodetucuman.com\\\/web\\\/wp-content\\\/uploads\\\/2017\\\/12\\\/el-diario-de-tucuman.jpg\",\"contentUrl\":\"http:\\\/\\\/www.eldiariodetucuman.com\\\/web\\\/wp-content\\\/uploads\\\/2017\\\/12\\\/el-diario-de-tucuman.jpg\",\"width\":272,\"height\":92,\"caption\":\"El Diario de Tucuman\"},\"image\":{\"@id\":\"https:\\\/\\\/www.eldiariodetucuman.com\\\/web\\\/#\\\/schema\\\/logo\\\/image\\\/\"}},{\"@type\":\"Person\",\"@id\":\"https:\\\/\\\/www.eldiariodetucuman.com\\\/web\\\/#\\\/schema\\\/person\\\/7e6644a46e60888f6b868594407e08dd\",\"name\":\"Redactor Uno\",\"image\":{\"@type\":\"ImageObject\",\"inLanguage\":\"es\",\"@id\":\"https:\\\/\\\/secure.gravatar.com\\\/avatar\\\/0049b1bdf1bd548385c9ea6b9356431717930913089febd2ba904f0187d7d074?s=96&d=mm&r=g\",\"url\":\"https:\\\/\\\/secure.gravatar.com\\\/avatar\\\/0049b1bdf1bd548385c9ea6b9356431717930913089febd2ba904f0187d7d074?s=96&d=mm&r=g\",\"contentUrl\":\"https:\\\/\\\/secure.gravatar.com\\\/avatar\\\/0049b1bdf1bd548385c9ea6b9356431717930913089febd2ba904f0187d7d074?s=96&d=mm&r=g\",\"caption\":\"Redactor Uno\"},\"url\":\"https:\\\/\\\/www.eldiariodetucuman.com\\\/web\\\/author\\\/mramasco\\\/\"}]}<\/script>\n<!-- \/ Yoast SEO plugin. -->","yoast_head_json":{"title":"Capturan a dos sospechosos de robar $200 mil a un preventista - El Diario de Tucuman","robots":{"index":"index","follow":"follow","max-snippet":"max-snippet:-1","max-image-preview":"max-image-preview:large","max-video-preview":"max-video-preview:-1"},"canonical":"https:\/\/www.eldiariodetucuman.com\/web\/capturan-a-dos-sospechosos-de-robar-200-mil-a-un-preventista\/","og_locale":"es_ES","og_type":"article","og_title":"Capturan a dos sospechosos de robar $200 mil a un preventista - El Diario de Tucuman","og_description":"Dos hombres, de 27 y 30 a\u00f1os, y una mujer de 31 a\u00f1os, fueron aprehendidos en la tarde de este martes cuando intentaban huir en un taxi desde una vivienda ubicada en la ciudad de Las Talitas. All\u00ed, los sospechosos permanec\u00edan ocultos minutos despu\u00e9s de que asaltaran a un preventista de una empresa ubicada en [&hellip;]","og_url":"https:\/\/www.eldiariodetucuman.com\/web\/capturan-a-dos-sospechosos-de-robar-200-mil-a-un-preventista\/","og_site_name":"El Diario de Tucuman","article_published_time":"2020-04-15T14:18:35+00:00","og_image":[{"width":750,"height":416,"url":"https:\/\/www.eldiariodetucuman.com\/web\/wp-content\/uploads\/2020\/04\/capturan.jpeg","type":"image\/jpeg"}],"author":"Redactor Uno","twitter_card":"summary_large_image","twitter_misc":{"Escrito por":"Redactor Uno","Tiempo de lectura":"1 minuto"},"schema":{"@context":"https:\/\/schema.org","@graph":[{"@type":"Article","@id":"https:\/\/www.eldiariodetucuman.com\/web\/capturan-a-dos-sospechosos-de-robar-200-mil-a-un-preventista\/#article","isPartOf":{"@id":"https:\/\/www.eldiariodetucuman.com\/web\/capturan-a-dos-sospechosos-de-robar-200-mil-a-un-preventista\/"},"author":{"name":"Redactor Uno","@id":"https:\/\/www.eldiariodetucuman.com\/web\/#\/schema\/person\/7e6644a46e60888f6b868594407e08dd"},"headline":"Capturan a dos sospechosos de robar $200 mil a un preventista","datePublished":"2020-04-15T14:18:35+00:00","mainEntityOfPage":{"@id":"https:\/\/www.eldiariodetucuman.com\/web\/capturan-a-dos-sospechosos-de-robar-200-mil-a-un-preventista\/"},"wordCount":212,"publisher":{"@id":"https:\/\/www.eldiariodetucuman.com\/web\/#organization"},"image":{"@id":"https:\/\/www.eldiariodetucuman.com\/web\/capturan-a-dos-sospechosos-de-robar-200-mil-a-un-preventista\/#primaryimage"},"thumbnailUrl":"https:\/\/www.eldiariodetucuman.com\/web\/wp-content\/uploads\/2020\/04\/capturan.jpeg","keywords":["Policiales","robo","Tucuman"],"articleSection":["Actualidad"],"inLanguage":"es"},{"@type":"WebPage","@id":"https:\/\/www.eldiariodetucuman.com\/web\/capturan-a-dos-sospechosos-de-robar-200-mil-a-un-preventista\/","url":"https:\/\/www.eldiariodetucuman.com\/web\/capturan-a-dos-sospechosos-de-robar-200-mil-a-un-preventista\/","name":"Capturan a dos sospechosos de robar $200 mil a un preventista - El Diario de Tucuman","isPartOf":{"@id":"https:\/\/www.eldiariodetucuman.com\/web\/#website"},"primaryImageOfPage":{"@id":"https:\/\/www.eldiariodetucuman.com\/web\/capturan-a-dos-sospechosos-de-robar-200-mil-a-un-preventista\/#primaryimage"},"image":{"@id":"https:\/\/www.eldiariodetucuman.com\/web\/capturan-a-dos-sospechosos-de-robar-200-mil-a-un-preventista\/#primaryimage"},"thumbnailUrl":"https:\/\/www.eldiariodetucuman.com\/web\/wp-content\/uploads\/2020\/04\/capturan.jpeg","datePublished":"2020-04-15T14:18:35+00:00","breadcrumb":{"@id":"https:\/\/www.eldiariodetucuman.com\/web\/capturan-a-dos-sospechosos-de-robar-200-mil-a-un-preventista\/#breadcrumb"},"inLanguage":"es","potentialAction":[{"@type":"ReadAction","target":["https:\/\/www.eldiariodetucuman.com\/web\/capturan-a-dos-sospechosos-de-robar-200-mil-a-un-preventista\/"]}]},{"@type":"ImageObject","inLanguage":"es","@id":"https:\/\/www.eldiariodetucuman.com\/web\/capturan-a-dos-sospechosos-de-robar-200-mil-a-un-preventista\/#primaryimage","url":"https:\/\/www.eldiariodetucuman.com\/web\/wp-content\/uploads\/2020\/04\/capturan.jpeg","contentUrl":"https:\/\/www.eldiariodetucuman.com\/web\/wp-content\/uploads\/2020\/04\/capturan.jpeg","width":750,"height":416},{"@type":"BreadcrumbList","@id":"https:\/\/www.eldiariodetucuman.com\/web\/capturan-a-dos-sospechosos-de-robar-200-mil-a-un-preventista\/#breadcrumb","itemListElement":[{"@type":"ListItem","position":1,"name":"Portada","item":"https:\/\/www.eldiariodetucuman.com\/web\/"},{"@type":"ListItem","position":2,"name":"Capturan a dos sospechosos de robar $200 mil a un preventista"}]},{"@type":"WebSite","@id":"https:\/\/www.eldiariodetucuman.com\/web\/#website","url":"https:\/\/www.eldiariodetucuman.com\/web\/","name":"El Diario de Tucuman","description":"Diario Tucuman - Informaci\u00f3n y noticias","publisher":{"@id":"https:\/\/www.eldiariodetucuman.com\/web\/#organization"},"potentialAction":[{"@type":"SearchAction","target":{"@type":"EntryPoint","urlTemplate":"https:\/\/www.eldiariodetucuman.com\/web\/?s={search_term_string}"},"query-input":{"@type":"PropertyValueSpecification","valueRequired":true,"valueName":"search_term_string"}}],"inLanguage":"es"},{"@type":"Organization","@id":"https:\/\/www.eldiariodetucuman.com\/web\/#organization","name":"El Diario de Tucuman","url":"https:\/\/www.eldiariodetucuman.com\/web\/","logo":{"@type":"ImageObject","inLanguage":"es","@id":"https:\/\/www.eldiariodetucuman.com\/web\/#\/schema\/logo\/image\/","url":"http:\/\/www.eldiariodetucuman.com\/web\/wp-content\/uploads\/2017\/12\/el-diario-de-tucuman.jpg","contentUrl":"http:\/\/www.eldiariodetucuman.com\/web\/wp-content\/uploads\/2017\/12\/el-diario-de-tucuman.jpg","width":272,"height":92,"caption":"El Diario de Tucuman"},"image":{"@id":"https:\/\/www.eldiariodetucuman.com\/web\/#\/schema\/logo\/image\/"}},{"@type":"Person","@id":"https:\/\/www.eldiariodetucuman.com\/web\/#\/schema\/person\/7e6644a46e60888f6b868594407e08dd","name":"Redactor Uno","image":{"@type":"ImageObject","inLanguage":"es","@id":"https:\/\/secure.gravatar.com\/avatar\/0049b1bdf1bd548385c9ea6b9356431717930913089febd2ba904f0187d7d074?s=96&d=mm&r=g","url":"https:\/\/secure.gravatar.com\/avatar\/0049b1bdf1bd548385c9ea6b9356431717930913089febd2ba904f0187d7d074?s=96&d=mm&r=g","contentUrl":"https:\/\/secure.gravatar.com\/avatar\/0049b1bdf1bd548385c9ea6b9356431717930913089febd2ba904f0187d7d074?s=96&d=mm&r=g","caption":"Redactor Uno"},"url":"https:\/\/www.eldiariodetucuman.com\/web\/author\/mramasco\/"}]}},"_links":{"self":[{"href":"https:\/\/www.eldiariodetucuman.com\/web\/wp-json\/wp\/v2\/posts\/27056","targetHints":{"allow":["GET"]}}],"collection":[{"href":"https:\/\/www.eldiariodetucuman.com\/web\/wp-json\/wp\/v2\/posts"}],"about":[{"href":"https:\/\/www.eldiariodetucuman.com\/web\/wp-json\/wp\/v2\/types\/post"}],"author":[{"embeddable":true,"href":"https:\/\/www.eldiariodetucuman.com\/web\/wp-json\/wp\/v2\/users\/5"}],"replies":[{"embeddable":true,"href":"https:\/\/www.eldiariodetucuman.com\/web\/wp-json\/wp\/v2\/comments?post=27056"}],"version-history":[{"count":1,"href":"https:\/\/www.eldiariodetucuman.com\/web\/wp-json\/wp\/v2\/posts\/27056\/revisions"}],"predecessor-version":[{"id":27058,"href":"https:\/\/www.eldiariodetucuman.com\/web\/wp-json\/wp\/v2\/posts\/27056\/revisions\/27058"}],"wp:featuredmedia":[{"embeddable":true,"href":"https:\/\/www.eldiariodetucuman.com\/web\/wp-json\/wp\/v2\/media\/27057"}],"wp:attachment":[{"href":"https:\/\/www.eldiariodetucuman.com\/web\/wp-json\/wp\/v2\/media?parent=27056"}],"wp:term":[{"taxonomy":"category","embeddable":true,"href":"https:\/\/www.eldiariodetucuman.com\/web\/wp-json\/wp\/v2\/categories?post=27056"},{"taxonomy":"post_tag","embeddable":true,"href":"https:\/\/www.eldiariodetucuman.com\/web\/wp-json\/wp\/v2\/tags?post=27056"}],"curies":[{"name":"wp","href":"https:\/\/api.w.org\/{rel}","templated":true}]}}