{"id":26996,"date":"2020-04-08T20:26:19","date_gmt":"2020-04-08T23:26:19","guid":{"rendered":"http:\/\/www.eldiariodetucuman.com\/web\/?p=26996"},"modified":"2020-04-08T20:26:19","modified_gmt":"2020-04-08T23:26:19","slug":"atencion-se-postergan-los-vencimientos-de-marzo-del-ipv","status":"publish","type":"post","link":"https:\/\/www.eldiariodetucuman.com\/web\/atencion-se-postergan-los-vencimientos-de-marzo-del-ipv\/","title":{"rendered":"Atenci\u00f3n: Se postergan los vencimientos de marzo del IPV"},"content":{"rendered":"<div class=\"entry-content\">\n<p class=\"selectionShareable\">El Instituto Provincial de Vivienda y Desarrollo Urbano (IPV) emiti\u00f3 hoy una nueva resoluci\u00f3n, firmada por la interventora\u00a0<strong>Stella Maris C\u00f3rdoba<\/strong>, para trasladar por 14 d\u00edas el plazo de vencimiento de las cuotas correspondientes a marzo de este a\u00f1o.<\/p>\n<\/div>\n<p><!--more--><\/p>\n<div class=\"entry-content\">\n<p class=\"selectionShareable\">La medida hab\u00eda sido adoptada el 19 de marzo luego de que desde la Naci\u00f3n se hab\u00eda decretado el aislamiento social y obligatorio y hoy se renov\u00f3 con un nuevo plazo para el 20 de abril habilitando la posibilidad de pago a trav\u00e9s de medios electr\u00f3nicos.<\/p>\n<p class=\"selectionShareable\">La resoluci\u00f3n tambi\u00e9n \u201cdispensa del deber de asistencia al personal que por razones operativas no sean imprescindibles para tareas urgentes\u201d, explicando que lo hace para evitar aglomeramiento de personas en las oficinas innecesariamente. En ese sentido, la medida tambi\u00e9n suspende el registro de asistencia por medio del sistema de huellas dactilares, planillas o libros.<\/p>\n<p class=\"selectionShareable\">Adem\u00e1s se extiende la licencia del personal mayor de 60 a\u00f1os. \u201cSe deja establecido que lo dispuesto es con goce \u00edntegro de haberes- Se computar\u00e1 a todos los efectos como tiempo de servicio y no generar\u00e1 p\u00e9rdida de ninguno de los adicionales\u201d, aclara.<\/p>\n<p><strong>Fuente:<\/strong> <a href=\"http:\/\/comunicaciontucuman.gob.ar\/2020\/04\/el-ipv-traslada-otra-vez-las-fechas-de-los-vencimientos-de-marzo\/\">http:\/\/comunicaciontucuman.gob.ar\/2020\/04\/el-ipv-traslada-otra-vez-las-fechas-de-los-vencimientos-de-marzo\/<\/a><\/p>\n<\/div>\n","protected":false},"excerpt":{"rendered":"<p>El Instituto Provincial de Vivienda y Desarrollo Urbano (IPV) emiti\u00f3 hoy una nueva resoluci\u00f3n, firmada por la interventora\u00a0Stella Maris C\u00f3rdoba, para trasladar por 14 d\u00edas el plazo de vencimiento de las cuotas correspondientes a marzo de este a\u00f1o.<\/p>\n","protected":false},"author":5,"featured_media":26997,"comment_status":"closed","ping_status":"open","sticky":false,"template":"","format":"standard","meta":{"footnotes":""},"categories":[2],"tags":[3109,589,3138],"class_list":{"0":"post-26996","1":"post","2":"type-post","3":"status-publish","4":"format-standard","5":"has-post-thumbnail","7":"category-actualidad","8":"tag-cuarentena","9":"tag-ipv","10":"tag-plazos"},"yoast_head":"<!-- This site is optimized with the Yoast SEO plugin v27.4 - https:\/\/yoast.com\/product\/yoast-seo-wordpress\/ -->\n<title>Atenci\u00f3n: Se postergan los vencimientos de marzo del IPV - El Diario de Tucuman<\/title>\n<meta name=\"robots\" content=\"index, follow, max-snippet:-1, max-image-preview:large, max-video-preview:-1\" \/>\n<link rel=\"canonical\" href=\"https:\/\/www.eldiariodetucuman.com\/web\/atencion-se-postergan-los-vencimientos-de-marzo-del-ipv\/\" \/>\n<meta property=\"og:locale\" content=\"es_ES\" \/>\n<meta property=\"og:type\" content=\"article\" \/>\n<meta property=\"og:title\" content=\"Atenci\u00f3n: Se postergan los vencimientos de marzo del IPV - El Diario de Tucuman\" \/>\n<meta property=\"og:description\" content=\"El Instituto Provincial de Vivienda y Desarrollo Urbano (IPV) emiti\u00f3 hoy una nueva resoluci\u00f3n, firmada por la interventora\u00a0Stella Maris C\u00f3rdoba, para trasladar por 14 d\u00edas el plazo de vencimiento de las cuotas correspondientes a marzo de este a\u00f1o.\" \/>\n<meta property=\"og:url\" content=\"https:\/\/www.eldiariodetucuman.com\/web\/atencion-se-postergan-los-vencimientos-de-marzo-del-ipv\/\" \/>\n<meta property=\"og:site_name\" content=\"El Diario de Tucuman\" \/>\n<meta property=\"article:published_time\" content=\"2020-04-08T23:26:19+00:00\" \/>\n<meta property=\"og:image\" content=\"https:\/\/www.eldiariodetucuman.com\/web\/wp-content\/uploads\/2020\/04\/ipv-tucuman.jpg\" \/>\n\t<meta property=\"og:image:width\" content=\"818\" \/>\n\t<meta property=\"og:image:height\" content=\"460\" \/>\n\t<meta property=\"og:image:type\" content=\"image\/jpeg\" \/>\n<meta name=\"author\" content=\"Redactor Uno\" \/>\n<meta name=\"twitter:card\" content=\"summary_large_image\" \/>\n<meta name=\"twitter:label1\" content=\"Escrito por\" \/>\n\t<meta name=\"twitter:data1\" content=\"Redactor Uno\" \/>\n\t<meta name=\"twitter:label2\" content=\"Tiempo de lectura\" \/>\n\t<meta name=\"twitter:data2\" content=\"1 minuto\" \/>\n<script type=\"application\/ld+json\" class=\"yoast-schema-graph\">{\"@context\":\"https:\\\/\\\/schema.org\",\"@graph\":[{\"@type\":\"Article\",\"@id\":\"https:\\\/\\\/www.eldiariodetucuman.com\\\/web\\\/atencion-se-postergan-los-vencimientos-de-marzo-del-ipv\\\/#article\",\"isPartOf\":{\"@id\":\"https:\\\/\\\/www.eldiariodetucuman.com\\\/web\\\/atencion-se-postergan-los-vencimientos-de-marzo-del-ipv\\\/\"},\"author\":{\"name\":\"Redactor Uno\",\"@id\":\"https:\\\/\\\/www.eldiariodetucuman.com\\\/web\\\/#\\\/schema\\\/person\\\/7e6644a46e60888f6b868594407e08dd\"},\"headline\":\"Atenci\u00f3n: Se postergan los vencimientos de marzo del IPV\",\"datePublished\":\"2020-04-08T23:26:19+00:00\",\"mainEntityOfPage\":{\"@id\":\"https:\\\/\\\/www.eldiariodetucuman.com\\\/web\\\/atencion-se-postergan-los-vencimientos-de-marzo-del-ipv\\\/\"},\"wordCount\":209,\"publisher\":{\"@id\":\"https:\\\/\\\/www.eldiariodetucuman.com\\\/web\\\/#organization\"},\"image\":{\"@id\":\"https:\\\/\\\/www.eldiariodetucuman.com\\\/web\\\/atencion-se-postergan-los-vencimientos-de-marzo-del-ipv\\\/#primaryimage\"},\"thumbnailUrl\":\"https:\\\/\\\/www.eldiariodetucuman.com\\\/web\\\/wp-content\\\/uploads\\\/2020\\\/04\\\/ipv-tucuman.jpg\",\"keywords\":[\"cuarentena\",\"ipv\",\"plazos\"],\"articleSection\":[\"Actualidad\"],\"inLanguage\":\"es\"},{\"@type\":\"WebPage\",\"@id\":\"https:\\\/\\\/www.eldiariodetucuman.com\\\/web\\\/atencion-se-postergan-los-vencimientos-de-marzo-del-ipv\\\/\",\"url\":\"https:\\\/\\\/www.eldiariodetucuman.com\\\/web\\\/atencion-se-postergan-los-vencimientos-de-marzo-del-ipv\\\/\",\"name\":\"Atenci\u00f3n: Se postergan los vencimientos de marzo del IPV - El Diario de Tucuman\",\"isPartOf\":{\"@id\":\"https:\\\/\\\/www.eldiariodetucuman.com\\\/web\\\/#website\"},\"primaryImageOfPage\":{\"@id\":\"https:\\\/\\\/www.eldiariodetucuman.com\\\/web\\\/atencion-se-postergan-los-vencimientos-de-marzo-del-ipv\\\/#primaryimage\"},\"image\":{\"@id\":\"https:\\\/\\\/www.eldiariodetucuman.com\\\/web\\\/atencion-se-postergan-los-vencimientos-de-marzo-del-ipv\\\/#primaryimage\"},\"thumbnailUrl\":\"https:\\\/\\\/www.eldiariodetucuman.com\\\/web\\\/wp-content\\\/uploads\\\/2020\\\/04\\\/ipv-tucuman.jpg\",\"datePublished\":\"2020-04-08T23:26:19+00:00\",\"breadcrumb\":{\"@id\":\"https:\\\/\\\/www.eldiariodetucuman.com\\\/web\\\/atencion-se-postergan-los-vencimientos-de-marzo-del-ipv\\\/#breadcrumb\"},\"inLanguage\":\"es\",\"potentialAction\":[{\"@type\":\"ReadAction\",\"target\":[\"https:\\\/\\\/www.eldiariodetucuman.com\\\/web\\\/atencion-se-postergan-los-vencimientos-de-marzo-del-ipv\\\/\"]}]},{\"@type\":\"ImageObject\",\"inLanguage\":\"es\",\"@id\":\"https:\\\/\\\/www.eldiariodetucuman.com\\\/web\\\/atencion-se-postergan-los-vencimientos-de-marzo-del-ipv\\\/#primaryimage\",\"url\":\"https:\\\/\\\/www.eldiariodetucuman.com\\\/web\\\/wp-content\\\/uploads\\\/2020\\\/04\\\/ipv-tucuman.jpg\",\"contentUrl\":\"https:\\\/\\\/www.eldiariodetucuman.com\\\/web\\\/wp-content\\\/uploads\\\/2020\\\/04\\\/ipv-tucuman.jpg\",\"width\":818,\"height\":460},{\"@type\":\"BreadcrumbList\",\"@id\":\"https:\\\/\\\/www.eldiariodetucuman.com\\\/web\\\/atencion-se-postergan-los-vencimientos-de-marzo-del-ipv\\\/#breadcrumb\",\"itemListElement\":[{\"@type\":\"ListItem\",\"position\":1,\"name\":\"Portada\",\"item\":\"https:\\\/\\\/www.eldiariodetucuman.com\\\/web\\\/\"},{\"@type\":\"ListItem\",\"position\":2,\"name\":\"Atenci\u00f3n: Se postergan los vencimientos de marzo del IPV\"}]},{\"@type\":\"WebSite\",\"@id\":\"https:\\\/\\\/www.eldiariodetucuman.com\\\/web\\\/#website\",\"url\":\"https:\\\/\\\/www.eldiariodetucuman.com\\\/web\\\/\",\"name\":\"El Diario de Tucuman\",\"description\":\"Diario Tucuman - Informaci\u00f3n y noticias\",\"publisher\":{\"@id\":\"https:\\\/\\\/www.eldiariodetucuman.com\\\/web\\\/#organization\"},\"potentialAction\":[{\"@type\":\"SearchAction\",\"target\":{\"@type\":\"EntryPoint\",\"urlTemplate\":\"https:\\\/\\\/www.eldiariodetucuman.com\\\/web\\\/?s={search_term_string}\"},\"query-input\":{\"@type\":\"PropertyValueSpecification\",\"valueRequired\":true,\"valueName\":\"search_term_string\"}}],\"inLanguage\":\"es\"},{\"@type\":\"Organization\",\"@id\":\"https:\\\/\\\/www.eldiariodetucuman.com\\\/web\\\/#organization\",\"name\":\"El Diario de Tucuman\",\"url\":\"https:\\\/\\\/www.eldiariodetucuman.com\\\/web\\\/\",\"logo\":{\"@type\":\"ImageObject\",\"inLanguage\":\"es\",\"@id\":\"https:\\\/\\\/www.eldiariodetucuman.com\\\/web\\\/#\\\/schema\\\/logo\\\/image\\\/\",\"url\":\"http:\\\/\\\/www.eldiariodetucuman.com\\\/web\\\/wp-content\\\/uploads\\\/2017\\\/12\\\/el-diario-de-tucuman.jpg\",\"contentUrl\":\"http:\\\/\\\/www.eldiariodetucuman.com\\\/web\\\/wp-content\\\/uploads\\\/2017\\\/12\\\/el-diario-de-tucuman.jpg\",\"width\":272,\"height\":92,\"caption\":\"El Diario de Tucuman\"},\"image\":{\"@id\":\"https:\\\/\\\/www.eldiariodetucuman.com\\\/web\\\/#\\\/schema\\\/logo\\\/image\\\/\"}},{\"@type\":\"Person\",\"@id\":\"https:\\\/\\\/www.eldiariodetucuman.com\\\/web\\\/#\\\/schema\\\/person\\\/7e6644a46e60888f6b868594407e08dd\",\"name\":\"Redactor Uno\",\"image\":{\"@type\":\"ImageObject\",\"inLanguage\":\"es\",\"@id\":\"https:\\\/\\\/secure.gravatar.com\\\/avatar\\\/0049b1bdf1bd548385c9ea6b9356431717930913089febd2ba904f0187d7d074?s=96&d=mm&r=g\",\"url\":\"https:\\\/\\\/secure.gravatar.com\\\/avatar\\\/0049b1bdf1bd548385c9ea6b9356431717930913089febd2ba904f0187d7d074?s=96&d=mm&r=g\",\"contentUrl\":\"https:\\\/\\\/secure.gravatar.com\\\/avatar\\\/0049b1bdf1bd548385c9ea6b9356431717930913089febd2ba904f0187d7d074?s=96&d=mm&r=g\",\"caption\":\"Redactor Uno\"},\"url\":\"https:\\\/\\\/www.eldiariodetucuman.com\\\/web\\\/author\\\/mramasco\\\/\"}]}<\/script>\n<!-- \/ Yoast SEO plugin. -->","yoast_head_json":{"title":"Atenci\u00f3n: Se postergan los vencimientos de marzo del IPV - El Diario de Tucuman","robots":{"index":"index","follow":"follow","max-snippet":"max-snippet:-1","max-image-preview":"max-image-preview:large","max-video-preview":"max-video-preview:-1"},"canonical":"https:\/\/www.eldiariodetucuman.com\/web\/atencion-se-postergan-los-vencimientos-de-marzo-del-ipv\/","og_locale":"es_ES","og_type":"article","og_title":"Atenci\u00f3n: Se postergan los vencimientos de marzo del IPV - El Diario de Tucuman","og_description":"El Instituto Provincial de Vivienda y Desarrollo Urbano (IPV) emiti\u00f3 hoy una nueva resoluci\u00f3n, firmada por la interventora\u00a0Stella Maris C\u00f3rdoba, para trasladar por 14 d\u00edas el plazo de vencimiento de las cuotas correspondientes a marzo de este a\u00f1o.","og_url":"https:\/\/www.eldiariodetucuman.com\/web\/atencion-se-postergan-los-vencimientos-de-marzo-del-ipv\/","og_site_name":"El Diario de Tucuman","article_published_time":"2020-04-08T23:26:19+00:00","og_image":[{"width":818,"height":460,"url":"https:\/\/www.eldiariodetucuman.com\/web\/wp-content\/uploads\/2020\/04\/ipv-tucuman.jpg","type":"image\/jpeg"}],"author":"Redactor Uno","twitter_card":"summary_large_image","twitter_misc":{"Escrito por":"Redactor Uno","Tiempo de lectura":"1 minuto"},"schema":{"@context":"https:\/\/schema.org","@graph":[{"@type":"Article","@id":"https:\/\/www.eldiariodetucuman.com\/web\/atencion-se-postergan-los-vencimientos-de-marzo-del-ipv\/#article","isPartOf":{"@id":"https:\/\/www.eldiariodetucuman.com\/web\/atencion-se-postergan-los-vencimientos-de-marzo-del-ipv\/"},"author":{"name":"Redactor Uno","@id":"https:\/\/www.eldiariodetucuman.com\/web\/#\/schema\/person\/7e6644a46e60888f6b868594407e08dd"},"headline":"Atenci\u00f3n: Se postergan los vencimientos de marzo del IPV","datePublished":"2020-04-08T23:26:19+00:00","mainEntityOfPage":{"@id":"https:\/\/www.eldiariodetucuman.com\/web\/atencion-se-postergan-los-vencimientos-de-marzo-del-ipv\/"},"wordCount":209,"publisher":{"@id":"https:\/\/www.eldiariodetucuman.com\/web\/#organization"},"image":{"@id":"https:\/\/www.eldiariodetucuman.com\/web\/atencion-se-postergan-los-vencimientos-de-marzo-del-ipv\/#primaryimage"},"thumbnailUrl":"https:\/\/www.eldiariodetucuman.com\/web\/wp-content\/uploads\/2020\/04\/ipv-tucuman.jpg","keywords":["cuarentena","ipv","plazos"],"articleSection":["Actualidad"],"inLanguage":"es"},{"@type":"WebPage","@id":"https:\/\/www.eldiariodetucuman.com\/web\/atencion-se-postergan-los-vencimientos-de-marzo-del-ipv\/","url":"https:\/\/www.eldiariodetucuman.com\/web\/atencion-se-postergan-los-vencimientos-de-marzo-del-ipv\/","name":"Atenci\u00f3n: Se postergan los vencimientos de marzo del IPV - El Diario de Tucuman","isPartOf":{"@id":"https:\/\/www.eldiariodetucuman.com\/web\/#website"},"primaryImageOfPage":{"@id":"https:\/\/www.eldiariodetucuman.com\/web\/atencion-se-postergan-los-vencimientos-de-marzo-del-ipv\/#primaryimage"},"image":{"@id":"https:\/\/www.eldiariodetucuman.com\/web\/atencion-se-postergan-los-vencimientos-de-marzo-del-ipv\/#primaryimage"},"thumbnailUrl":"https:\/\/www.eldiariodetucuman.com\/web\/wp-content\/uploads\/2020\/04\/ipv-tucuman.jpg","datePublished":"2020-04-08T23:26:19+00:00","breadcrumb":{"@id":"https:\/\/www.eldiariodetucuman.com\/web\/atencion-se-postergan-los-vencimientos-de-marzo-del-ipv\/#breadcrumb"},"inLanguage":"es","potentialAction":[{"@type":"ReadAction","target":["https:\/\/www.eldiariodetucuman.com\/web\/atencion-se-postergan-los-vencimientos-de-marzo-del-ipv\/"]}]},{"@type":"ImageObject","inLanguage":"es","@id":"https:\/\/www.eldiariodetucuman.com\/web\/atencion-se-postergan-los-vencimientos-de-marzo-del-ipv\/#primaryimage","url":"https:\/\/www.eldiariodetucuman.com\/web\/wp-content\/uploads\/2020\/04\/ipv-tucuman.jpg","contentUrl":"https:\/\/www.eldiariodetucuman.com\/web\/wp-content\/uploads\/2020\/04\/ipv-tucuman.jpg","width":818,"height":460},{"@type":"BreadcrumbList","@id":"https:\/\/www.eldiariodetucuman.com\/web\/atencion-se-postergan-los-vencimientos-de-marzo-del-ipv\/#breadcrumb","itemListElement":[{"@type":"ListItem","position":1,"name":"Portada","item":"https:\/\/www.eldiariodetucuman.com\/web\/"},{"@type":"ListItem","position":2,"name":"Atenci\u00f3n: Se postergan los vencimientos de marzo del IPV"}]},{"@type":"WebSite","@id":"https:\/\/www.eldiariodetucuman.com\/web\/#website","url":"https:\/\/www.eldiariodetucuman.com\/web\/","name":"El Diario de Tucuman","description":"Diario Tucuman - Informaci\u00f3n y noticias","publisher":{"@id":"https:\/\/www.eldiariodetucuman.com\/web\/#organization"},"potentialAction":[{"@type":"SearchAction","target":{"@type":"EntryPoint","urlTemplate":"https:\/\/www.eldiariodetucuman.com\/web\/?s={search_term_string}"},"query-input":{"@type":"PropertyValueSpecification","valueRequired":true,"valueName":"search_term_string"}}],"inLanguage":"es"},{"@type":"Organization","@id":"https:\/\/www.eldiariodetucuman.com\/web\/#organization","name":"El Diario de Tucuman","url":"https:\/\/www.eldiariodetucuman.com\/web\/","logo":{"@type":"ImageObject","inLanguage":"es","@id":"https:\/\/www.eldiariodetucuman.com\/web\/#\/schema\/logo\/image\/","url":"http:\/\/www.eldiariodetucuman.com\/web\/wp-content\/uploads\/2017\/12\/el-diario-de-tucuman.jpg","contentUrl":"http:\/\/www.eldiariodetucuman.com\/web\/wp-content\/uploads\/2017\/12\/el-diario-de-tucuman.jpg","width":272,"height":92,"caption":"El Diario de Tucuman"},"image":{"@id":"https:\/\/www.eldiariodetucuman.com\/web\/#\/schema\/logo\/image\/"}},{"@type":"Person","@id":"https:\/\/www.eldiariodetucuman.com\/web\/#\/schema\/person\/7e6644a46e60888f6b868594407e08dd","name":"Redactor Uno","image":{"@type":"ImageObject","inLanguage":"es","@id":"https:\/\/secure.gravatar.com\/avatar\/0049b1bdf1bd548385c9ea6b9356431717930913089febd2ba904f0187d7d074?s=96&d=mm&r=g","url":"https:\/\/secure.gravatar.com\/avatar\/0049b1bdf1bd548385c9ea6b9356431717930913089febd2ba904f0187d7d074?s=96&d=mm&r=g","contentUrl":"https:\/\/secure.gravatar.com\/avatar\/0049b1bdf1bd548385c9ea6b9356431717930913089febd2ba904f0187d7d074?s=96&d=mm&r=g","caption":"Redactor Uno"},"url":"https:\/\/www.eldiariodetucuman.com\/web\/author\/mramasco\/"}]}},"_links":{"self":[{"href":"https:\/\/www.eldiariodetucuman.com\/web\/wp-json\/wp\/v2\/posts\/26996","targetHints":{"allow":["GET"]}}],"collection":[{"href":"https:\/\/www.eldiariodetucuman.com\/web\/wp-json\/wp\/v2\/posts"}],"about":[{"href":"https:\/\/www.eldiariodetucuman.com\/web\/wp-json\/wp\/v2\/types\/post"}],"author":[{"embeddable":true,"href":"https:\/\/www.eldiariodetucuman.com\/web\/wp-json\/wp\/v2\/users\/5"}],"replies":[{"embeddable":true,"href":"https:\/\/www.eldiariodetucuman.com\/web\/wp-json\/wp\/v2\/comments?post=26996"}],"version-history":[{"count":2,"href":"https:\/\/www.eldiariodetucuman.com\/web\/wp-json\/wp\/v2\/posts\/26996\/revisions"}],"predecessor-version":[{"id":26999,"href":"https:\/\/www.eldiariodetucuman.com\/web\/wp-json\/wp\/v2\/posts\/26996\/revisions\/26999"}],"wp:featuredmedia":[{"embeddable":true,"href":"https:\/\/www.eldiariodetucuman.com\/web\/wp-json\/wp\/v2\/media\/26997"}],"wp:attachment":[{"href":"https:\/\/www.eldiariodetucuman.com\/web\/wp-json\/wp\/v2\/media?parent=26996"}],"wp:term":[{"taxonomy":"category","embeddable":true,"href":"https:\/\/www.eldiariodetucuman.com\/web\/wp-json\/wp\/v2\/categories?post=26996"},{"taxonomy":"post_tag","embeddable":true,"href":"https:\/\/www.eldiariodetucuman.com\/web\/wp-json\/wp\/v2\/tags?post=26996"}],"curies":[{"name":"wp","href":"https:\/\/api.w.org\/{rel}","templated":true}]}}