{"id":26990,"date":"2020-04-08T18:22:04","date_gmt":"2020-04-08T21:22:04","guid":{"rendered":"http:\/\/www.eldiariodetucuman.com\/web\/?p=26990"},"modified":"2020-04-08T18:22:04","modified_gmt":"2020-04-08T21:22:04","slug":"una-cooperativa-tucumana-confecciona-10-mil-barbijos-para-donar","status":"publish","type":"post","link":"https:\/\/www.eldiariodetucuman.com\/web\/una-cooperativa-tucumana-confecciona-10-mil-barbijos-para-donar\/","title":{"rendered":"Una cooperativa tucumana confecciona 10 mil barbijos para donar"},"content":{"rendered":"<p>La iniciativa se enmarca en el trabajo articulado del\u00a0<strong>Instituto Provincial de Acci\u00f3n Cooperativa y Mutual<\/strong>\u00a0con distintos referentes de la econom\u00eda social, para cooperar con la sociedad en medio de la pandemia de coronavirus (Covid-19), y contribuir con la actividad econ\u00f3mica de las entidades que se vieron afectadas por este contexto.<\/p>\n<p><!--more--><\/p>\n<p>En este sentido, el organismo provincial coordin\u00f3 con la cooperativa de trabajo \u201cTeque Indumentaria\u201d la confecci\u00f3n de los elementos de seguridad sanitaria que ser\u00e1n destinados a instituciones y sectores vulnerables.<\/p>\n<p>\u201cEn plena Emergencia Sanitaria desde el sector debemos redoblar el compromiso social, cumpliendo con las disposiciones establecidas y sumando nuestra ayuda desde el lugar que nos toca\u201d, indic\u00f3\u00a0<strong>Regino Racedo<\/strong>, titular del IPACyM.\u00a0 El funcionario explic\u00f3 que tambi\u00e9n se est\u00e1n gestionando, a nivel nacional, facilidades para que cooperativas y mutuales tucumanas puedan acceder a los diferentes programas anunciados por el presidente\u00a0<strong>Alberto Fern\u00e1ndez<\/strong>\u00a0en pos de mitigar los efectos de la cuarentena en la econom\u00eda de todos los argentinos.<\/p>\n<p><strong>Sebasti\u00e1n Arga\u00f1ar\u00e1s<\/strong>, presidente de la cooperativa Teque, se mostr\u00f3 entusiasmado con la iniaciativa y coment\u00f3 que el grupo de trabajadores se organiz\u00f3 de manera de respetar el aislamiento y distanciamiento f\u00edsico, garantizando la producci\u00f3n de los materiales para que puedan llegar a quienes los necesitan. \u201cHemos tomado las medidas de trabajar en turnos rotativos de no m\u00e1s de ocho personas, el mantenimiento de la distancia recomendada entre uno y otro asociado, como as\u00ed tambi\u00e9n el uso permanente de barbijos, alcohol en gel, cofias, desinfecci\u00f3n peri\u00f3dica de pisos y superficies, entre otras\u201d, explic\u00f3.<\/p>\n<p><strong>La cooperativa est\u00e1 conformada por 21 socios. Naci\u00f3 en el a\u00f1o 2000, como un emprendimiento muy peque\u00f1o con grandes ambiciones. Un a\u00f1o m\u00e1s tarde ingresaron formalmente a la econom\u00eda social. Teque significa \u201cNi\u00f1o reci\u00e9n nacido\u201d en quechua. Su t\u00e9cnica por excelencia fue y sigue siendo la serigrafia, habiendo logrado al d\u00eda de hoy desarrollar altos est\u00e1ndares de calidad en sus t\u00e9cnicas. Actualmente ofrecen servicios de bordado, sublimaci\u00f3n y vinilo textil. Funciona en Juan Jos\u00e9 Paso 31 y pueden contactarse a trav\u00e9s de Facebook como<\/strong>\u00a0<a href=\"https:\/\/www.facebook.com\/Tequeindumentaria\/\">Teque Indumentaria<\/a>.<\/p>\n<p><strong>Fuente:<\/strong><a href=\"http:\/\/ipacym.gob.ar\/el-ipacym-aportara-10-mil-barbijos-hechos-por-cooperativistas\/\"> http:\/\/ipacym.gob.ar\/el-ipacym-aportara-10-mil-barbijos-hechos-por-cooperativistas\/<\/a><\/p>\n","protected":false},"excerpt":{"rendered":"<p>La iniciativa se enmarca en el trabajo articulado del\u00a0Instituto Provincial de Acci\u00f3n Cooperativa y Mutual\u00a0con distintos referentes de la econom\u00eda social, para cooperar con la sociedad en medio de la pandemia de coronavirus (Covid-19), y contribuir con la actividad econ\u00f3mica de las entidades que se vieron afectadas por este contexto.<\/p>\n","protected":false},"author":5,"featured_media":26991,"comment_status":"closed","ping_status":"open","sticky":false,"template":"","format":"standard","meta":{"footnotes":""},"categories":[2],"tags":[603,602,61],"class_list":{"0":"post-26990","1":"post","2":"type-post","3":"status-publish","4":"format-standard","5":"has-post-thumbnail","7":"category-actualidad","8":"tag-cooperativas","9":"tag-ipacym","10":"tag-tucuman"},"yoast_head":"<!-- This site is optimized with the Yoast SEO plugin v27.4 - https:\/\/yoast.com\/product\/yoast-seo-wordpress\/ -->\n<title>Una cooperativa tucumana confecciona 10 mil barbijos para donar - El Diario de Tucuman<\/title>\n<meta name=\"robots\" content=\"index, follow, max-snippet:-1, max-image-preview:large, max-video-preview:-1\" \/>\n<link rel=\"canonical\" href=\"https:\/\/www.eldiariodetucuman.com\/web\/una-cooperativa-tucumana-confecciona-10-mil-barbijos-para-donar\/\" \/>\n<meta property=\"og:locale\" content=\"es_ES\" \/>\n<meta property=\"og:type\" content=\"article\" \/>\n<meta property=\"og:title\" content=\"Una cooperativa tucumana confecciona 10 mil barbijos para donar - El Diario de Tucuman\" \/>\n<meta property=\"og:description\" content=\"La iniciativa se enmarca en el trabajo articulado del\u00a0Instituto Provincial de Acci\u00f3n Cooperativa y Mutual\u00a0con distintos referentes de la econom\u00eda social, para cooperar con la sociedad en medio de la pandemia de coronavirus (Covid-19), y contribuir con la actividad econ\u00f3mica de las entidades que se vieron afectadas por este contexto.\" \/>\n<meta property=\"og:url\" content=\"https:\/\/www.eldiariodetucuman.com\/web\/una-cooperativa-tucumana-confecciona-10-mil-barbijos-para-donar\/\" \/>\n<meta property=\"og:site_name\" content=\"El Diario de Tucuman\" \/>\n<meta property=\"article:published_time\" content=\"2020-04-08T21:22:04+00:00\" \/>\n<meta property=\"og:image\" content=\"https:\/\/www.eldiariodetucuman.com\/web\/wp-content\/uploads\/2020\/04\/coop-barbijos-ipacym-3.jpeg\" \/>\n\t<meta property=\"og:image:width\" content=\"1280\" \/>\n\t<meta property=\"og:image:height\" content=\"960\" \/>\n\t<meta property=\"og:image:type\" content=\"image\/jpeg\" \/>\n<meta name=\"author\" content=\"Redactor Uno\" \/>\n<meta name=\"twitter:card\" content=\"summary_large_image\" \/>\n<meta name=\"twitter:label1\" content=\"Escrito por\" \/>\n\t<meta name=\"twitter:data1\" content=\"Redactor Uno\" \/>\n\t<meta name=\"twitter:label2\" content=\"Tiempo de lectura\" \/>\n\t<meta name=\"twitter:data2\" content=\"2 minutos\" \/>\n<script type=\"application\/ld+json\" class=\"yoast-schema-graph\">{\"@context\":\"https:\\\/\\\/schema.org\",\"@graph\":[{\"@type\":\"Article\",\"@id\":\"https:\\\/\\\/www.eldiariodetucuman.com\\\/web\\\/una-cooperativa-tucumana-confecciona-10-mil-barbijos-para-donar\\\/#article\",\"isPartOf\":{\"@id\":\"https:\\\/\\\/www.eldiariodetucuman.com\\\/web\\\/una-cooperativa-tucumana-confecciona-10-mil-barbijos-para-donar\\\/\"},\"author\":{\"name\":\"Redactor Uno\",\"@id\":\"https:\\\/\\\/www.eldiariodetucuman.com\\\/web\\\/#\\\/schema\\\/person\\\/7e6644a46e60888f6b868594407e08dd\"},\"headline\":\"Una cooperativa tucumana confecciona 10 mil barbijos para donar\",\"datePublished\":\"2020-04-08T21:22:04+00:00\",\"mainEntityOfPage\":{\"@id\":\"https:\\\/\\\/www.eldiariodetucuman.com\\\/web\\\/una-cooperativa-tucumana-confecciona-10-mil-barbijos-para-donar\\\/\"},\"wordCount\":382,\"publisher\":{\"@id\":\"https:\\\/\\\/www.eldiariodetucuman.com\\\/web\\\/#organization\"},\"image\":{\"@id\":\"https:\\\/\\\/www.eldiariodetucuman.com\\\/web\\\/una-cooperativa-tucumana-confecciona-10-mil-barbijos-para-donar\\\/#primaryimage\"},\"thumbnailUrl\":\"https:\\\/\\\/www.eldiariodetucuman.com\\\/web\\\/wp-content\\\/uploads\\\/2020\\\/04\\\/coop-barbijos-ipacym-3.jpeg\",\"keywords\":[\"cooperativas\",\"IPACyM\",\"Tucuman\"],\"articleSection\":[\"Actualidad\"],\"inLanguage\":\"es\"},{\"@type\":\"WebPage\",\"@id\":\"https:\\\/\\\/www.eldiariodetucuman.com\\\/web\\\/una-cooperativa-tucumana-confecciona-10-mil-barbijos-para-donar\\\/\",\"url\":\"https:\\\/\\\/www.eldiariodetucuman.com\\\/web\\\/una-cooperativa-tucumana-confecciona-10-mil-barbijos-para-donar\\\/\",\"name\":\"Una cooperativa tucumana confecciona 10 mil barbijos para donar - El Diario de Tucuman\",\"isPartOf\":{\"@id\":\"https:\\\/\\\/www.eldiariodetucuman.com\\\/web\\\/#website\"},\"primaryImageOfPage\":{\"@id\":\"https:\\\/\\\/www.eldiariodetucuman.com\\\/web\\\/una-cooperativa-tucumana-confecciona-10-mil-barbijos-para-donar\\\/#primaryimage\"},\"image\":{\"@id\":\"https:\\\/\\\/www.eldiariodetucuman.com\\\/web\\\/una-cooperativa-tucumana-confecciona-10-mil-barbijos-para-donar\\\/#primaryimage\"},\"thumbnailUrl\":\"https:\\\/\\\/www.eldiariodetucuman.com\\\/web\\\/wp-content\\\/uploads\\\/2020\\\/04\\\/coop-barbijos-ipacym-3.jpeg\",\"datePublished\":\"2020-04-08T21:22:04+00:00\",\"breadcrumb\":{\"@id\":\"https:\\\/\\\/www.eldiariodetucuman.com\\\/web\\\/una-cooperativa-tucumana-confecciona-10-mil-barbijos-para-donar\\\/#breadcrumb\"},\"inLanguage\":\"es\",\"potentialAction\":[{\"@type\":\"ReadAction\",\"target\":[\"https:\\\/\\\/www.eldiariodetucuman.com\\\/web\\\/una-cooperativa-tucumana-confecciona-10-mil-barbijos-para-donar\\\/\"]}]},{\"@type\":\"ImageObject\",\"inLanguage\":\"es\",\"@id\":\"https:\\\/\\\/www.eldiariodetucuman.com\\\/web\\\/una-cooperativa-tucumana-confecciona-10-mil-barbijos-para-donar\\\/#primaryimage\",\"url\":\"https:\\\/\\\/www.eldiariodetucuman.com\\\/web\\\/wp-content\\\/uploads\\\/2020\\\/04\\\/coop-barbijos-ipacym-3.jpeg\",\"contentUrl\":\"https:\\\/\\\/www.eldiariodetucuman.com\\\/web\\\/wp-content\\\/uploads\\\/2020\\\/04\\\/coop-barbijos-ipacym-3.jpeg\",\"width\":1280,\"height\":960},{\"@type\":\"BreadcrumbList\",\"@id\":\"https:\\\/\\\/www.eldiariodetucuman.com\\\/web\\\/una-cooperativa-tucumana-confecciona-10-mil-barbijos-para-donar\\\/#breadcrumb\",\"itemListElement\":[{\"@type\":\"ListItem\",\"position\":1,\"name\":\"Portada\",\"item\":\"https:\\\/\\\/www.eldiariodetucuman.com\\\/web\\\/\"},{\"@type\":\"ListItem\",\"position\":2,\"name\":\"Una cooperativa tucumana confecciona 10 mil barbijos para donar\"}]},{\"@type\":\"WebSite\",\"@id\":\"https:\\\/\\\/www.eldiariodetucuman.com\\\/web\\\/#website\",\"url\":\"https:\\\/\\\/www.eldiariodetucuman.com\\\/web\\\/\",\"name\":\"El Diario de Tucuman\",\"description\":\"Diario Tucuman - Informaci\u00f3n y noticias\",\"publisher\":{\"@id\":\"https:\\\/\\\/www.eldiariodetucuman.com\\\/web\\\/#organization\"},\"potentialAction\":[{\"@type\":\"SearchAction\",\"target\":{\"@type\":\"EntryPoint\",\"urlTemplate\":\"https:\\\/\\\/www.eldiariodetucuman.com\\\/web\\\/?s={search_term_string}\"},\"query-input\":{\"@type\":\"PropertyValueSpecification\",\"valueRequired\":true,\"valueName\":\"search_term_string\"}}],\"inLanguage\":\"es\"},{\"@type\":\"Organization\",\"@id\":\"https:\\\/\\\/www.eldiariodetucuman.com\\\/web\\\/#organization\",\"name\":\"El Diario de Tucuman\",\"url\":\"https:\\\/\\\/www.eldiariodetucuman.com\\\/web\\\/\",\"logo\":{\"@type\":\"ImageObject\",\"inLanguage\":\"es\",\"@id\":\"https:\\\/\\\/www.eldiariodetucuman.com\\\/web\\\/#\\\/schema\\\/logo\\\/image\\\/\",\"url\":\"http:\\\/\\\/www.eldiariodetucuman.com\\\/web\\\/wp-content\\\/uploads\\\/2017\\\/12\\\/el-diario-de-tucuman.jpg\",\"contentUrl\":\"http:\\\/\\\/www.eldiariodetucuman.com\\\/web\\\/wp-content\\\/uploads\\\/2017\\\/12\\\/el-diario-de-tucuman.jpg\",\"width\":272,\"height\":92,\"caption\":\"El Diario de Tucuman\"},\"image\":{\"@id\":\"https:\\\/\\\/www.eldiariodetucuman.com\\\/web\\\/#\\\/schema\\\/logo\\\/image\\\/\"}},{\"@type\":\"Person\",\"@id\":\"https:\\\/\\\/www.eldiariodetucuman.com\\\/web\\\/#\\\/schema\\\/person\\\/7e6644a46e60888f6b868594407e08dd\",\"name\":\"Redactor Uno\",\"image\":{\"@type\":\"ImageObject\",\"inLanguage\":\"es\",\"@id\":\"https:\\\/\\\/secure.gravatar.com\\\/avatar\\\/0049b1bdf1bd548385c9ea6b9356431717930913089febd2ba904f0187d7d074?s=96&d=mm&r=g\",\"url\":\"https:\\\/\\\/secure.gravatar.com\\\/avatar\\\/0049b1bdf1bd548385c9ea6b9356431717930913089febd2ba904f0187d7d074?s=96&d=mm&r=g\",\"contentUrl\":\"https:\\\/\\\/secure.gravatar.com\\\/avatar\\\/0049b1bdf1bd548385c9ea6b9356431717930913089febd2ba904f0187d7d074?s=96&d=mm&r=g\",\"caption\":\"Redactor Uno\"},\"url\":\"https:\\\/\\\/www.eldiariodetucuman.com\\\/web\\\/author\\\/mramasco\\\/\"}]}<\/script>\n<!-- \/ Yoast SEO plugin. -->","yoast_head_json":{"title":"Una cooperativa tucumana confecciona 10 mil barbijos para donar - El Diario de Tucuman","robots":{"index":"index","follow":"follow","max-snippet":"max-snippet:-1","max-image-preview":"max-image-preview:large","max-video-preview":"max-video-preview:-1"},"canonical":"https:\/\/www.eldiariodetucuman.com\/web\/una-cooperativa-tucumana-confecciona-10-mil-barbijos-para-donar\/","og_locale":"es_ES","og_type":"article","og_title":"Una cooperativa tucumana confecciona 10 mil barbijos para donar - El Diario de Tucuman","og_description":"La iniciativa se enmarca en el trabajo articulado del\u00a0Instituto Provincial de Acci\u00f3n Cooperativa y Mutual\u00a0con distintos referentes de la econom\u00eda social, para cooperar con la sociedad en medio de la pandemia de coronavirus (Covid-19), y contribuir con la actividad econ\u00f3mica de las entidades que se vieron afectadas por este contexto.","og_url":"https:\/\/www.eldiariodetucuman.com\/web\/una-cooperativa-tucumana-confecciona-10-mil-barbijos-para-donar\/","og_site_name":"El Diario de Tucuman","article_published_time":"2020-04-08T21:22:04+00:00","og_image":[{"width":1280,"height":960,"url":"https:\/\/www.eldiariodetucuman.com\/web\/wp-content\/uploads\/2020\/04\/coop-barbijos-ipacym-3.jpeg","type":"image\/jpeg"}],"author":"Redactor Uno","twitter_card":"summary_large_image","twitter_misc":{"Escrito por":"Redactor Uno","Tiempo de lectura":"2 minutos"},"schema":{"@context":"https:\/\/schema.org","@graph":[{"@type":"Article","@id":"https:\/\/www.eldiariodetucuman.com\/web\/una-cooperativa-tucumana-confecciona-10-mil-barbijos-para-donar\/#article","isPartOf":{"@id":"https:\/\/www.eldiariodetucuman.com\/web\/una-cooperativa-tucumana-confecciona-10-mil-barbijos-para-donar\/"},"author":{"name":"Redactor Uno","@id":"https:\/\/www.eldiariodetucuman.com\/web\/#\/schema\/person\/7e6644a46e60888f6b868594407e08dd"},"headline":"Una cooperativa tucumana confecciona 10 mil barbijos para donar","datePublished":"2020-04-08T21:22:04+00:00","mainEntityOfPage":{"@id":"https:\/\/www.eldiariodetucuman.com\/web\/una-cooperativa-tucumana-confecciona-10-mil-barbijos-para-donar\/"},"wordCount":382,"publisher":{"@id":"https:\/\/www.eldiariodetucuman.com\/web\/#organization"},"image":{"@id":"https:\/\/www.eldiariodetucuman.com\/web\/una-cooperativa-tucumana-confecciona-10-mil-barbijos-para-donar\/#primaryimage"},"thumbnailUrl":"https:\/\/www.eldiariodetucuman.com\/web\/wp-content\/uploads\/2020\/04\/coop-barbijos-ipacym-3.jpeg","keywords":["cooperativas","IPACyM","Tucuman"],"articleSection":["Actualidad"],"inLanguage":"es"},{"@type":"WebPage","@id":"https:\/\/www.eldiariodetucuman.com\/web\/una-cooperativa-tucumana-confecciona-10-mil-barbijos-para-donar\/","url":"https:\/\/www.eldiariodetucuman.com\/web\/una-cooperativa-tucumana-confecciona-10-mil-barbijos-para-donar\/","name":"Una cooperativa tucumana confecciona 10 mil barbijos para donar - El Diario de Tucuman","isPartOf":{"@id":"https:\/\/www.eldiariodetucuman.com\/web\/#website"},"primaryImageOfPage":{"@id":"https:\/\/www.eldiariodetucuman.com\/web\/una-cooperativa-tucumana-confecciona-10-mil-barbijos-para-donar\/#primaryimage"},"image":{"@id":"https:\/\/www.eldiariodetucuman.com\/web\/una-cooperativa-tucumana-confecciona-10-mil-barbijos-para-donar\/#primaryimage"},"thumbnailUrl":"https:\/\/www.eldiariodetucuman.com\/web\/wp-content\/uploads\/2020\/04\/coop-barbijos-ipacym-3.jpeg","datePublished":"2020-04-08T21:22:04+00:00","breadcrumb":{"@id":"https:\/\/www.eldiariodetucuman.com\/web\/una-cooperativa-tucumana-confecciona-10-mil-barbijos-para-donar\/#breadcrumb"},"inLanguage":"es","potentialAction":[{"@type":"ReadAction","target":["https:\/\/www.eldiariodetucuman.com\/web\/una-cooperativa-tucumana-confecciona-10-mil-barbijos-para-donar\/"]}]},{"@type":"ImageObject","inLanguage":"es","@id":"https:\/\/www.eldiariodetucuman.com\/web\/una-cooperativa-tucumana-confecciona-10-mil-barbijos-para-donar\/#primaryimage","url":"https:\/\/www.eldiariodetucuman.com\/web\/wp-content\/uploads\/2020\/04\/coop-barbijos-ipacym-3.jpeg","contentUrl":"https:\/\/www.eldiariodetucuman.com\/web\/wp-content\/uploads\/2020\/04\/coop-barbijos-ipacym-3.jpeg","width":1280,"height":960},{"@type":"BreadcrumbList","@id":"https:\/\/www.eldiariodetucuman.com\/web\/una-cooperativa-tucumana-confecciona-10-mil-barbijos-para-donar\/#breadcrumb","itemListElement":[{"@type":"ListItem","position":1,"name":"Portada","item":"https:\/\/www.eldiariodetucuman.com\/web\/"},{"@type":"ListItem","position":2,"name":"Una cooperativa tucumana confecciona 10 mil barbijos para donar"}]},{"@type":"WebSite","@id":"https:\/\/www.eldiariodetucuman.com\/web\/#website","url":"https:\/\/www.eldiariodetucuman.com\/web\/","name":"El Diario de Tucuman","description":"Diario Tucuman - Informaci\u00f3n y noticias","publisher":{"@id":"https:\/\/www.eldiariodetucuman.com\/web\/#organization"},"potentialAction":[{"@type":"SearchAction","target":{"@type":"EntryPoint","urlTemplate":"https:\/\/www.eldiariodetucuman.com\/web\/?s={search_term_string}"},"query-input":{"@type":"PropertyValueSpecification","valueRequired":true,"valueName":"search_term_string"}}],"inLanguage":"es"},{"@type":"Organization","@id":"https:\/\/www.eldiariodetucuman.com\/web\/#organization","name":"El Diario de Tucuman","url":"https:\/\/www.eldiariodetucuman.com\/web\/","logo":{"@type":"ImageObject","inLanguage":"es","@id":"https:\/\/www.eldiariodetucuman.com\/web\/#\/schema\/logo\/image\/","url":"http:\/\/www.eldiariodetucuman.com\/web\/wp-content\/uploads\/2017\/12\/el-diario-de-tucuman.jpg","contentUrl":"http:\/\/www.eldiariodetucuman.com\/web\/wp-content\/uploads\/2017\/12\/el-diario-de-tucuman.jpg","width":272,"height":92,"caption":"El Diario de Tucuman"},"image":{"@id":"https:\/\/www.eldiariodetucuman.com\/web\/#\/schema\/logo\/image\/"}},{"@type":"Person","@id":"https:\/\/www.eldiariodetucuman.com\/web\/#\/schema\/person\/7e6644a46e60888f6b868594407e08dd","name":"Redactor Uno","image":{"@type":"ImageObject","inLanguage":"es","@id":"https:\/\/secure.gravatar.com\/avatar\/0049b1bdf1bd548385c9ea6b9356431717930913089febd2ba904f0187d7d074?s=96&d=mm&r=g","url":"https:\/\/secure.gravatar.com\/avatar\/0049b1bdf1bd548385c9ea6b9356431717930913089febd2ba904f0187d7d074?s=96&d=mm&r=g","contentUrl":"https:\/\/secure.gravatar.com\/avatar\/0049b1bdf1bd548385c9ea6b9356431717930913089febd2ba904f0187d7d074?s=96&d=mm&r=g","caption":"Redactor Uno"},"url":"https:\/\/www.eldiariodetucuman.com\/web\/author\/mramasco\/"}]}},"_links":{"self":[{"href":"https:\/\/www.eldiariodetucuman.com\/web\/wp-json\/wp\/v2\/posts\/26990","targetHints":{"allow":["GET"]}}],"collection":[{"href":"https:\/\/www.eldiariodetucuman.com\/web\/wp-json\/wp\/v2\/posts"}],"about":[{"href":"https:\/\/www.eldiariodetucuman.com\/web\/wp-json\/wp\/v2\/types\/post"}],"author":[{"embeddable":true,"href":"https:\/\/www.eldiariodetucuman.com\/web\/wp-json\/wp\/v2\/users\/5"}],"replies":[{"embeddable":true,"href":"https:\/\/www.eldiariodetucuman.com\/web\/wp-json\/wp\/v2\/comments?post=26990"}],"version-history":[{"count":1,"href":"https:\/\/www.eldiariodetucuman.com\/web\/wp-json\/wp\/v2\/posts\/26990\/revisions"}],"predecessor-version":[{"id":26992,"href":"https:\/\/www.eldiariodetucuman.com\/web\/wp-json\/wp\/v2\/posts\/26990\/revisions\/26992"}],"wp:featuredmedia":[{"embeddable":true,"href":"https:\/\/www.eldiariodetucuman.com\/web\/wp-json\/wp\/v2\/media\/26991"}],"wp:attachment":[{"href":"https:\/\/www.eldiariodetucuman.com\/web\/wp-json\/wp\/v2\/media?parent=26990"}],"wp:term":[{"taxonomy":"category","embeddable":true,"href":"https:\/\/www.eldiariodetucuman.com\/web\/wp-json\/wp\/v2\/categories?post=26990"},{"taxonomy":"post_tag","embeddable":true,"href":"https:\/\/www.eldiariodetucuman.com\/web\/wp-json\/wp\/v2\/tags?post=26990"}],"curies":[{"name":"wp","href":"https:\/\/api.w.org\/{rel}","templated":true}]}}