{"id":26501,"date":"2020-03-02T07:41:23","date_gmt":"2020-03-02T10:41:23","guid":{"rendered":"http:\/\/www.eldiariodetucuman.com\/web\/?p=26501"},"modified":"2020-03-02T07:41:23","modified_gmt":"2020-03-02T10:41:23","slug":"60-vigias-de-alderetes-recuperan-sus-puestos-de-trabajo-luego-de-la-intervencion-del-vicegobernador-osvaldo-jaldo","status":"publish","type":"post","link":"https:\/\/www.eldiariodetucuman.com\/web\/60-vigias-de-alderetes-recuperan-sus-puestos-de-trabajo-luego-de-la-intervencion-del-vicegobernador-osvaldo-jaldo\/","title":{"rendered":"60 Vigias de Alderetes recuperan sus puestos de trabajo luego de la intervenci\u00f3n del vicegobernador Osvaldo Jaldo"},"content":{"rendered":"<p>Luego de casi 60 d\u00edas de lucha y protestas itinerantes, los aproximadamente 60 trabajadores de la Protecci\u00f3n Ciudadana de Alderetes, volver\u00e1n a incorporarse a sus funciones. La soluci\u00f3n del conflico se logr\u00f3 luego de que el vicegobernador\u00a0<strong>Osvaldo Jaldo <\/strong>intercediera para mediar entre\u00a0 los vig\u00edas municipales y el intendente\u00a0<strong>Aldo Salom\u00f3n.<\/strong><\/p>\n<p>Seg\u00fan consign\u00f3 el portal\u00a0<a href=\"https:\/\/panorama24.com.ar\/vigias-de-la-pca-vuelven-a-trabajar-tras-el-apoyo-de-jaldo\/\" target=\"_blank\" rel=\"noopener noreferrer\">Panorama24<\/a>,\u00a0el acuerdo alcanzado significar\u00e1 que los trabajadores de la PCA percibir\u00e1n un salario de $21 mil por prestar servicios de 8 horas diarias durante 6 d\u00edas a la semana.<\/p>\n<p>La desactivaci\u00f3n del primer\u00a0 gran conflicto que tuvo que afrontar el\u00a0 intendente Salom\u00f3n al llegar a la intendencia, luego de vencer en las urnas al ex jefe municipal\u00a0<strong>Sergio Venegas,<\/strong>supone tambi\u00e9n (en este segundo mandato del binomio Manzu \u2013 Jaldo), el primer antecedente de intervenci\u00f3n directa desde el palacio legislativo para apagar un incendio institucional. No obstante, desde UTA tambi\u00e9n aseguran que el involucramiento del vicegobernador fue clave para desactivar el conflicto que el gremio de choferes mantuvo con AETAT, quedando la provincia sin transporte durante casi una semana.<\/p>\n<p>En Alderetes, los trabajadores de la PCA festejan su reincorporaci\u00f3n, porque adem\u00e1s de su vuelta a la actividad, los vigi\u00e1s consideran que la lucha les permiti\u00f3 lograr algunas mejoras en las condiciones de trabajo. En ese sentido la estandarizaci\u00f3n del pago de horas\u00a0 extras y la incorporaci\u00f3n de los aumentos salariales que otorgar\u00e1 la provincia, son una de las conquistas que beneficiar\u00e1 a los vig\u00edas de Alderetes.<\/p>\n<p>Por lo pronto, todo parece indicar que la nueva gesti\u00f3n municipal de Alderetes empezar\u00e1 a transitar la calma, cuando en las pr\u00f3ximas horas se efectivice el acuerdo.<\/p>\n","protected":false},"excerpt":{"rendered":"<p>Luego de casi 60 d\u00edas de lucha y protestas itinerantes, los aproximadamente 60 trabajadores de la Protecci\u00f3n Ciudadana de Alderetes, volver\u00e1n a incorporarse a sus funciones. La soluci\u00f3n del conflico se logr\u00f3 luego de que el vicegobernador\u00a0Osvaldo Jaldo intercediera para mediar entre\u00a0 los vig\u00edas municipales y el intendente\u00a0Aldo Salom\u00f3n. Seg\u00fan consign\u00f3 el portal\u00a0Panorama24,\u00a0el acuerdo alcanzado [&hellip;]<\/p>\n","protected":false},"author":3,"featured_media":26502,"comment_status":"closed","ping_status":"open","sticky":false,"template":"","format":"standard","meta":{"footnotes":""},"categories":[2],"tags":[2141,217,61,3091],"class_list":{"0":"post-26501","1":"post","2":"type-post","3":"status-publish","4":"format-standard","5":"has-post-thumbnail","7":"category-actualidad","8":"tag-alderetes","9":"tag-osvaldo-jaldo","10":"tag-tucuman","11":"tag-vigias"},"yoast_head":"<!-- This site is optimized with the Yoast SEO plugin v27.4 - https:\/\/yoast.com\/product\/yoast-seo-wordpress\/ -->\n<title>60 Vigias de Alderetes recuperan sus puestos de trabajo luego de la intervenci\u00f3n del vicegobernador Osvaldo Jaldo - El Diario de Tucuman<\/title>\n<meta name=\"robots\" content=\"index, follow, max-snippet:-1, max-image-preview:large, max-video-preview:-1\" \/>\n<link rel=\"canonical\" href=\"https:\/\/www.eldiariodetucuman.com\/web\/60-vigias-de-alderetes-recuperan-sus-puestos-de-trabajo-luego-de-la-intervencion-del-vicegobernador-osvaldo-jaldo\/\" \/>\n<meta property=\"og:locale\" content=\"es_ES\" \/>\n<meta property=\"og:type\" content=\"article\" \/>\n<meta property=\"og:title\" content=\"60 Vigias de Alderetes recuperan sus puestos de trabajo luego de la intervenci\u00f3n del vicegobernador Osvaldo Jaldo - El Diario de Tucuman\" \/>\n<meta property=\"og:description\" content=\"Luego de casi 60 d\u00edas de lucha y protestas itinerantes, los aproximadamente 60 trabajadores de la Protecci\u00f3n Ciudadana de Alderetes, volver\u00e1n a incorporarse a sus funciones. La soluci\u00f3n del conflico se logr\u00f3 luego de que el vicegobernador\u00a0Osvaldo Jaldo intercediera para mediar entre\u00a0 los vig\u00edas municipales y el intendente\u00a0Aldo Salom\u00f3n. Seg\u00fan consign\u00f3 el portal\u00a0Panorama24,\u00a0el acuerdo alcanzado [&hellip;]\" \/>\n<meta property=\"og:url\" content=\"https:\/\/www.eldiariodetucuman.com\/web\/60-vigias-de-alderetes-recuperan-sus-puestos-de-trabajo-luego-de-la-intervencion-del-vicegobernador-osvaldo-jaldo\/\" \/>\n<meta property=\"og:site_name\" content=\"El Diario de Tucuman\" \/>\n<meta property=\"article:published_time\" content=\"2020-03-02T10:41:23+00:00\" \/>\n<meta property=\"og:image\" content=\"https:\/\/www.eldiariodetucuman.com\/web\/wp-content\/uploads\/2020\/03\/82368447_104796661053512_9139756325046059008_n.jpg\" \/>\n\t<meta property=\"og:image:width\" content=\"960\" \/>\n\t<meta property=\"og:image:height\" content=\"598\" \/>\n\t<meta property=\"og:image:type\" content=\"image\/jpeg\" \/>\n<meta name=\"author\" content=\"El diario de Tucuman\" \/>\n<meta name=\"twitter:card\" content=\"summary_large_image\" \/>\n<meta name=\"twitter:label1\" content=\"Escrito por\" \/>\n\t<meta name=\"twitter:data1\" content=\"El diario de Tucuman\" \/>\n\t<meta name=\"twitter:label2\" content=\"Tiempo de lectura\" \/>\n\t<meta name=\"twitter:data2\" content=\"1 minuto\" \/>\n<script type=\"application\/ld+json\" class=\"yoast-schema-graph\">{\"@context\":\"https:\\\/\\\/schema.org\",\"@graph\":[{\"@type\":\"Article\",\"@id\":\"https:\\\/\\\/www.eldiariodetucuman.com\\\/web\\\/60-vigias-de-alderetes-recuperan-sus-puestos-de-trabajo-luego-de-la-intervencion-del-vicegobernador-osvaldo-jaldo\\\/#article\",\"isPartOf\":{\"@id\":\"https:\\\/\\\/www.eldiariodetucuman.com\\\/web\\\/60-vigias-de-alderetes-recuperan-sus-puestos-de-trabajo-luego-de-la-intervencion-del-vicegobernador-osvaldo-jaldo\\\/\"},\"author\":{\"name\":\"El diario de Tucuman\",\"@id\":\"https:\\\/\\\/www.eldiariodetucuman.com\\\/web\\\/#\\\/schema\\\/person\\\/3adbe300ecd6242af93c97dab1dc3ba1\"},\"headline\":\"60 Vigias de Alderetes recuperan sus puestos de trabajo luego de la intervenci\u00f3n del vicegobernador Osvaldo Jaldo\",\"datePublished\":\"2020-03-02T10:41:23+00:00\",\"mainEntityOfPage\":{\"@id\":\"https:\\\/\\\/www.eldiariodetucuman.com\\\/web\\\/60-vigias-de-alderetes-recuperan-sus-puestos-de-trabajo-luego-de-la-intervencion-del-vicegobernador-osvaldo-jaldo\\\/\"},\"wordCount\":302,\"publisher\":{\"@id\":\"https:\\\/\\\/www.eldiariodetucuman.com\\\/web\\\/#organization\"},\"image\":{\"@id\":\"https:\\\/\\\/www.eldiariodetucuman.com\\\/web\\\/60-vigias-de-alderetes-recuperan-sus-puestos-de-trabajo-luego-de-la-intervencion-del-vicegobernador-osvaldo-jaldo\\\/#primaryimage\"},\"thumbnailUrl\":\"https:\\\/\\\/www.eldiariodetucuman.com\\\/web\\\/wp-content\\\/uploads\\\/2020\\\/03\\\/82368447_104796661053512_9139756325046059008_n.jpg\",\"keywords\":[\"Alderetes\",\"Osvaldo Jaldo\",\"Tucuman\",\"Vigias\"],\"articleSection\":[\"Actualidad\"],\"inLanguage\":\"es\"},{\"@type\":\"WebPage\",\"@id\":\"https:\\\/\\\/www.eldiariodetucuman.com\\\/web\\\/60-vigias-de-alderetes-recuperan-sus-puestos-de-trabajo-luego-de-la-intervencion-del-vicegobernador-osvaldo-jaldo\\\/\",\"url\":\"https:\\\/\\\/www.eldiariodetucuman.com\\\/web\\\/60-vigias-de-alderetes-recuperan-sus-puestos-de-trabajo-luego-de-la-intervencion-del-vicegobernador-osvaldo-jaldo\\\/\",\"name\":\"60 Vigias de Alderetes recuperan sus puestos de trabajo luego de la intervenci\u00f3n del vicegobernador Osvaldo Jaldo - El Diario de Tucuman\",\"isPartOf\":{\"@id\":\"https:\\\/\\\/www.eldiariodetucuman.com\\\/web\\\/#website\"},\"primaryImageOfPage\":{\"@id\":\"https:\\\/\\\/www.eldiariodetucuman.com\\\/web\\\/60-vigias-de-alderetes-recuperan-sus-puestos-de-trabajo-luego-de-la-intervencion-del-vicegobernador-osvaldo-jaldo\\\/#primaryimage\"},\"image\":{\"@id\":\"https:\\\/\\\/www.eldiariodetucuman.com\\\/web\\\/60-vigias-de-alderetes-recuperan-sus-puestos-de-trabajo-luego-de-la-intervencion-del-vicegobernador-osvaldo-jaldo\\\/#primaryimage\"},\"thumbnailUrl\":\"https:\\\/\\\/www.eldiariodetucuman.com\\\/web\\\/wp-content\\\/uploads\\\/2020\\\/03\\\/82368447_104796661053512_9139756325046059008_n.jpg\",\"datePublished\":\"2020-03-02T10:41:23+00:00\",\"breadcrumb\":{\"@id\":\"https:\\\/\\\/www.eldiariodetucuman.com\\\/web\\\/60-vigias-de-alderetes-recuperan-sus-puestos-de-trabajo-luego-de-la-intervencion-del-vicegobernador-osvaldo-jaldo\\\/#breadcrumb\"},\"inLanguage\":\"es\",\"potentialAction\":[{\"@type\":\"ReadAction\",\"target\":[\"https:\\\/\\\/www.eldiariodetucuman.com\\\/web\\\/60-vigias-de-alderetes-recuperan-sus-puestos-de-trabajo-luego-de-la-intervencion-del-vicegobernador-osvaldo-jaldo\\\/\"]}]},{\"@type\":\"ImageObject\",\"inLanguage\":\"es\",\"@id\":\"https:\\\/\\\/www.eldiariodetucuman.com\\\/web\\\/60-vigias-de-alderetes-recuperan-sus-puestos-de-trabajo-luego-de-la-intervencion-del-vicegobernador-osvaldo-jaldo\\\/#primaryimage\",\"url\":\"https:\\\/\\\/www.eldiariodetucuman.com\\\/web\\\/wp-content\\\/uploads\\\/2020\\\/03\\\/82368447_104796661053512_9139756325046059008_n.jpg\",\"contentUrl\":\"https:\\\/\\\/www.eldiariodetucuman.com\\\/web\\\/wp-content\\\/uploads\\\/2020\\\/03\\\/82368447_104796661053512_9139756325046059008_n.jpg\",\"width\":960,\"height\":598},{\"@type\":\"BreadcrumbList\",\"@id\":\"https:\\\/\\\/www.eldiariodetucuman.com\\\/web\\\/60-vigias-de-alderetes-recuperan-sus-puestos-de-trabajo-luego-de-la-intervencion-del-vicegobernador-osvaldo-jaldo\\\/#breadcrumb\",\"itemListElement\":[{\"@type\":\"ListItem\",\"position\":1,\"name\":\"Portada\",\"item\":\"https:\\\/\\\/www.eldiariodetucuman.com\\\/web\\\/\"},{\"@type\":\"ListItem\",\"position\":2,\"name\":\"60 Vigias de Alderetes recuperan sus puestos de trabajo luego de la intervenci\u00f3n del vicegobernador Osvaldo Jaldo\"}]},{\"@type\":\"WebSite\",\"@id\":\"https:\\\/\\\/www.eldiariodetucuman.com\\\/web\\\/#website\",\"url\":\"https:\\\/\\\/www.eldiariodetucuman.com\\\/web\\\/\",\"name\":\"El Diario de Tucuman\",\"description\":\"Diario Tucuman - Informaci\u00f3n y noticias\",\"publisher\":{\"@id\":\"https:\\\/\\\/www.eldiariodetucuman.com\\\/web\\\/#organization\"},\"potentialAction\":[{\"@type\":\"SearchAction\",\"target\":{\"@type\":\"EntryPoint\",\"urlTemplate\":\"https:\\\/\\\/www.eldiariodetucuman.com\\\/web\\\/?s={search_term_string}\"},\"query-input\":{\"@type\":\"PropertyValueSpecification\",\"valueRequired\":true,\"valueName\":\"search_term_string\"}}],\"inLanguage\":\"es\"},{\"@type\":\"Organization\",\"@id\":\"https:\\\/\\\/www.eldiariodetucuman.com\\\/web\\\/#organization\",\"name\":\"El Diario de Tucuman\",\"url\":\"https:\\\/\\\/www.eldiariodetucuman.com\\\/web\\\/\",\"logo\":{\"@type\":\"ImageObject\",\"inLanguage\":\"es\",\"@id\":\"https:\\\/\\\/www.eldiariodetucuman.com\\\/web\\\/#\\\/schema\\\/logo\\\/image\\\/\",\"url\":\"http:\\\/\\\/www.eldiariodetucuman.com\\\/web\\\/wp-content\\\/uploads\\\/2017\\\/12\\\/el-diario-de-tucuman.jpg\",\"contentUrl\":\"http:\\\/\\\/www.eldiariodetucuman.com\\\/web\\\/wp-content\\\/uploads\\\/2017\\\/12\\\/el-diario-de-tucuman.jpg\",\"width\":272,\"height\":92,\"caption\":\"El Diario de Tucuman\"},\"image\":{\"@id\":\"https:\\\/\\\/www.eldiariodetucuman.com\\\/web\\\/#\\\/schema\\\/logo\\\/image\\\/\"}},{\"@type\":\"Person\",\"@id\":\"https:\\\/\\\/www.eldiariodetucuman.com\\\/web\\\/#\\\/schema\\\/person\\\/3adbe300ecd6242af93c97dab1dc3ba1\",\"name\":\"El diario de Tucuman\",\"image\":{\"@type\":\"ImageObject\",\"inLanguage\":\"es\",\"@id\":\"https:\\\/\\\/secure.gravatar.com\\\/avatar\\\/b7214de193b24d0bd708ac5516aa13d0f20c6560795bfbee06857d5c8ac2f0b2?s=96&d=mm&r=g\",\"url\":\"https:\\\/\\\/secure.gravatar.com\\\/avatar\\\/b7214de193b24d0bd708ac5516aa13d0f20c6560795bfbee06857d5c8ac2f0b2?s=96&d=mm&r=g\",\"contentUrl\":\"https:\\\/\\\/secure.gravatar.com\\\/avatar\\\/b7214de193b24d0bd708ac5516aa13d0f20c6560795bfbee06857d5c8ac2f0b2?s=96&d=mm&r=g\",\"caption\":\"El diario de Tucuman\"},\"url\":\"https:\\\/\\\/www.eldiariodetucuman.com\\\/web\\\/author\\\/mgiobellina\\\/\"}]}<\/script>\n<!-- \/ Yoast SEO plugin. -->","yoast_head_json":{"title":"60 Vigias de Alderetes recuperan sus puestos de trabajo luego de la intervenci\u00f3n del vicegobernador Osvaldo Jaldo - El Diario de Tucuman","robots":{"index":"index","follow":"follow","max-snippet":"max-snippet:-1","max-image-preview":"max-image-preview:large","max-video-preview":"max-video-preview:-1"},"canonical":"https:\/\/www.eldiariodetucuman.com\/web\/60-vigias-de-alderetes-recuperan-sus-puestos-de-trabajo-luego-de-la-intervencion-del-vicegobernador-osvaldo-jaldo\/","og_locale":"es_ES","og_type":"article","og_title":"60 Vigias de Alderetes recuperan sus puestos de trabajo luego de la intervenci\u00f3n del vicegobernador Osvaldo Jaldo - El Diario de Tucuman","og_description":"Luego de casi 60 d\u00edas de lucha y protestas itinerantes, los aproximadamente 60 trabajadores de la Protecci\u00f3n Ciudadana de Alderetes, volver\u00e1n a incorporarse a sus funciones. La soluci\u00f3n del conflico se logr\u00f3 luego de que el vicegobernador\u00a0Osvaldo Jaldo intercediera para mediar entre\u00a0 los vig\u00edas municipales y el intendente\u00a0Aldo Salom\u00f3n. Seg\u00fan consign\u00f3 el portal\u00a0Panorama24,\u00a0el acuerdo alcanzado [&hellip;]","og_url":"https:\/\/www.eldiariodetucuman.com\/web\/60-vigias-de-alderetes-recuperan-sus-puestos-de-trabajo-luego-de-la-intervencion-del-vicegobernador-osvaldo-jaldo\/","og_site_name":"El Diario de Tucuman","article_published_time":"2020-03-02T10:41:23+00:00","og_image":[{"width":960,"height":598,"url":"https:\/\/www.eldiariodetucuman.com\/web\/wp-content\/uploads\/2020\/03\/82368447_104796661053512_9139756325046059008_n.jpg","type":"image\/jpeg"}],"author":"El diario de Tucuman","twitter_card":"summary_large_image","twitter_misc":{"Escrito por":"El diario de Tucuman","Tiempo de lectura":"1 minuto"},"schema":{"@context":"https:\/\/schema.org","@graph":[{"@type":"Article","@id":"https:\/\/www.eldiariodetucuman.com\/web\/60-vigias-de-alderetes-recuperan-sus-puestos-de-trabajo-luego-de-la-intervencion-del-vicegobernador-osvaldo-jaldo\/#article","isPartOf":{"@id":"https:\/\/www.eldiariodetucuman.com\/web\/60-vigias-de-alderetes-recuperan-sus-puestos-de-trabajo-luego-de-la-intervencion-del-vicegobernador-osvaldo-jaldo\/"},"author":{"name":"El diario de Tucuman","@id":"https:\/\/www.eldiariodetucuman.com\/web\/#\/schema\/person\/3adbe300ecd6242af93c97dab1dc3ba1"},"headline":"60 Vigias de Alderetes recuperan sus puestos de trabajo luego de la intervenci\u00f3n del vicegobernador Osvaldo Jaldo","datePublished":"2020-03-02T10:41:23+00:00","mainEntityOfPage":{"@id":"https:\/\/www.eldiariodetucuman.com\/web\/60-vigias-de-alderetes-recuperan-sus-puestos-de-trabajo-luego-de-la-intervencion-del-vicegobernador-osvaldo-jaldo\/"},"wordCount":302,"publisher":{"@id":"https:\/\/www.eldiariodetucuman.com\/web\/#organization"},"image":{"@id":"https:\/\/www.eldiariodetucuman.com\/web\/60-vigias-de-alderetes-recuperan-sus-puestos-de-trabajo-luego-de-la-intervencion-del-vicegobernador-osvaldo-jaldo\/#primaryimage"},"thumbnailUrl":"https:\/\/www.eldiariodetucuman.com\/web\/wp-content\/uploads\/2020\/03\/82368447_104796661053512_9139756325046059008_n.jpg","keywords":["Alderetes","Osvaldo Jaldo","Tucuman","Vigias"],"articleSection":["Actualidad"],"inLanguage":"es"},{"@type":"WebPage","@id":"https:\/\/www.eldiariodetucuman.com\/web\/60-vigias-de-alderetes-recuperan-sus-puestos-de-trabajo-luego-de-la-intervencion-del-vicegobernador-osvaldo-jaldo\/","url":"https:\/\/www.eldiariodetucuman.com\/web\/60-vigias-de-alderetes-recuperan-sus-puestos-de-trabajo-luego-de-la-intervencion-del-vicegobernador-osvaldo-jaldo\/","name":"60 Vigias de Alderetes recuperan sus puestos de trabajo luego de la intervenci\u00f3n del vicegobernador Osvaldo Jaldo - El Diario de Tucuman","isPartOf":{"@id":"https:\/\/www.eldiariodetucuman.com\/web\/#website"},"primaryImageOfPage":{"@id":"https:\/\/www.eldiariodetucuman.com\/web\/60-vigias-de-alderetes-recuperan-sus-puestos-de-trabajo-luego-de-la-intervencion-del-vicegobernador-osvaldo-jaldo\/#primaryimage"},"image":{"@id":"https:\/\/www.eldiariodetucuman.com\/web\/60-vigias-de-alderetes-recuperan-sus-puestos-de-trabajo-luego-de-la-intervencion-del-vicegobernador-osvaldo-jaldo\/#primaryimage"},"thumbnailUrl":"https:\/\/www.eldiariodetucuman.com\/web\/wp-content\/uploads\/2020\/03\/82368447_104796661053512_9139756325046059008_n.jpg","datePublished":"2020-03-02T10:41:23+00:00","breadcrumb":{"@id":"https:\/\/www.eldiariodetucuman.com\/web\/60-vigias-de-alderetes-recuperan-sus-puestos-de-trabajo-luego-de-la-intervencion-del-vicegobernador-osvaldo-jaldo\/#breadcrumb"},"inLanguage":"es","potentialAction":[{"@type":"ReadAction","target":["https:\/\/www.eldiariodetucuman.com\/web\/60-vigias-de-alderetes-recuperan-sus-puestos-de-trabajo-luego-de-la-intervencion-del-vicegobernador-osvaldo-jaldo\/"]}]},{"@type":"ImageObject","inLanguage":"es","@id":"https:\/\/www.eldiariodetucuman.com\/web\/60-vigias-de-alderetes-recuperan-sus-puestos-de-trabajo-luego-de-la-intervencion-del-vicegobernador-osvaldo-jaldo\/#primaryimage","url":"https:\/\/www.eldiariodetucuman.com\/web\/wp-content\/uploads\/2020\/03\/82368447_104796661053512_9139756325046059008_n.jpg","contentUrl":"https:\/\/www.eldiariodetucuman.com\/web\/wp-content\/uploads\/2020\/03\/82368447_104796661053512_9139756325046059008_n.jpg","width":960,"height":598},{"@type":"BreadcrumbList","@id":"https:\/\/www.eldiariodetucuman.com\/web\/60-vigias-de-alderetes-recuperan-sus-puestos-de-trabajo-luego-de-la-intervencion-del-vicegobernador-osvaldo-jaldo\/#breadcrumb","itemListElement":[{"@type":"ListItem","position":1,"name":"Portada","item":"https:\/\/www.eldiariodetucuman.com\/web\/"},{"@type":"ListItem","position":2,"name":"60 Vigias de Alderetes recuperan sus puestos de trabajo luego de la intervenci\u00f3n del vicegobernador Osvaldo Jaldo"}]},{"@type":"WebSite","@id":"https:\/\/www.eldiariodetucuman.com\/web\/#website","url":"https:\/\/www.eldiariodetucuman.com\/web\/","name":"El Diario de Tucuman","description":"Diario Tucuman - Informaci\u00f3n y noticias","publisher":{"@id":"https:\/\/www.eldiariodetucuman.com\/web\/#organization"},"potentialAction":[{"@type":"SearchAction","target":{"@type":"EntryPoint","urlTemplate":"https:\/\/www.eldiariodetucuman.com\/web\/?s={search_term_string}"},"query-input":{"@type":"PropertyValueSpecification","valueRequired":true,"valueName":"search_term_string"}}],"inLanguage":"es"},{"@type":"Organization","@id":"https:\/\/www.eldiariodetucuman.com\/web\/#organization","name":"El Diario de Tucuman","url":"https:\/\/www.eldiariodetucuman.com\/web\/","logo":{"@type":"ImageObject","inLanguage":"es","@id":"https:\/\/www.eldiariodetucuman.com\/web\/#\/schema\/logo\/image\/","url":"http:\/\/www.eldiariodetucuman.com\/web\/wp-content\/uploads\/2017\/12\/el-diario-de-tucuman.jpg","contentUrl":"http:\/\/www.eldiariodetucuman.com\/web\/wp-content\/uploads\/2017\/12\/el-diario-de-tucuman.jpg","width":272,"height":92,"caption":"El Diario de Tucuman"},"image":{"@id":"https:\/\/www.eldiariodetucuman.com\/web\/#\/schema\/logo\/image\/"}},{"@type":"Person","@id":"https:\/\/www.eldiariodetucuman.com\/web\/#\/schema\/person\/3adbe300ecd6242af93c97dab1dc3ba1","name":"El diario de Tucuman","image":{"@type":"ImageObject","inLanguage":"es","@id":"https:\/\/secure.gravatar.com\/avatar\/b7214de193b24d0bd708ac5516aa13d0f20c6560795bfbee06857d5c8ac2f0b2?s=96&d=mm&r=g","url":"https:\/\/secure.gravatar.com\/avatar\/b7214de193b24d0bd708ac5516aa13d0f20c6560795bfbee06857d5c8ac2f0b2?s=96&d=mm&r=g","contentUrl":"https:\/\/secure.gravatar.com\/avatar\/b7214de193b24d0bd708ac5516aa13d0f20c6560795bfbee06857d5c8ac2f0b2?s=96&d=mm&r=g","caption":"El diario de Tucuman"},"url":"https:\/\/www.eldiariodetucuman.com\/web\/author\/mgiobellina\/"}]}},"_links":{"self":[{"href":"https:\/\/www.eldiariodetucuman.com\/web\/wp-json\/wp\/v2\/posts\/26501","targetHints":{"allow":["GET"]}}],"collection":[{"href":"https:\/\/www.eldiariodetucuman.com\/web\/wp-json\/wp\/v2\/posts"}],"about":[{"href":"https:\/\/www.eldiariodetucuman.com\/web\/wp-json\/wp\/v2\/types\/post"}],"author":[{"embeddable":true,"href":"https:\/\/www.eldiariodetucuman.com\/web\/wp-json\/wp\/v2\/users\/3"}],"replies":[{"embeddable":true,"href":"https:\/\/www.eldiariodetucuman.com\/web\/wp-json\/wp\/v2\/comments?post=26501"}],"version-history":[{"count":1,"href":"https:\/\/www.eldiariodetucuman.com\/web\/wp-json\/wp\/v2\/posts\/26501\/revisions"}],"predecessor-version":[{"id":26503,"href":"https:\/\/www.eldiariodetucuman.com\/web\/wp-json\/wp\/v2\/posts\/26501\/revisions\/26503"}],"wp:featuredmedia":[{"embeddable":true,"href":"https:\/\/www.eldiariodetucuman.com\/web\/wp-json\/wp\/v2\/media\/26502"}],"wp:attachment":[{"href":"https:\/\/www.eldiariodetucuman.com\/web\/wp-json\/wp\/v2\/media?parent=26501"}],"wp:term":[{"taxonomy":"category","embeddable":true,"href":"https:\/\/www.eldiariodetucuman.com\/web\/wp-json\/wp\/v2\/categories?post=26501"},{"taxonomy":"post_tag","embeddable":true,"href":"https:\/\/www.eldiariodetucuman.com\/web\/wp-json\/wp\/v2\/tags?post=26501"}],"curies":[{"name":"wp","href":"https:\/\/api.w.org\/{rel}","templated":true}]}}