{"id":2647,"date":"2017-04-13T14:48:03","date_gmt":"2017-04-13T14:48:03","guid":{"rendered":"http:\/\/www.eldiariodetucuman.com\/web\/?p=2647"},"modified":"2017-04-13T14:49:12","modified_gmt":"2017-04-13T14:49:12","slug":"robaron-los-equipos-de-sonido-de-la-pasion-del-parque-9-de-julio","status":"publish","type":"post","link":"https:\/\/www.eldiariodetucuman.com\/web\/robaron-los-equipos-de-sonido-de-la-pasion-del-parque-9-de-julio\/","title":{"rendered":"No se salvo ni Cristo | Robaron los equipos de sonido de La Pasi\u00f3n del parque 9 de Julio"},"content":{"rendered":"<p>Esta ma\u00f1ana los integrantes del elenco de La Pasi\u00f3n, la obra que se recrea desde hace 18 a\u00f1os en el parque 9 de Julio, descubrieron que los equipos de luces y sonidos hab\u00edan sido robaron y destrozados durante la noche. Desde la direcci\u00f3n de la obra confirmaron que los horarios y d\u00edas de la puesta en escena no se ver\u00e1n alterados por este incidente.\u00a0<!--more--><br \/>\nLas fotos de los los estuches y racks abiertos fueron compartidas en las redes sociales por los integrantes del elenco, que bajo la direcci\u00f3n de Carlos Kanan, ten\u00edan previsto ensayar esta noche para alistar los detalles previos a la recreaci\u00f3n del fin de semana.<\/p>\n<p>Aunque por el momento se desconoce el valor de los equipos sustra\u00eddos y destrozados, desde la producci\u00f3n mantendr\u00e1n reuniones con las autoridades municipales para establecer responsabilidades ya que el sector ten\u00eda consignada una guardia policial, que se encargar\u00eda de la seguridad de los artefactos.<\/p>\n<p>En una nota concedida a LV 7, Kanan confirm\u00f3 que, a pesar del robo de los equipos, la obra subir\u00e1 a escena ma\u00f1ana, el s\u00e1bado y el domingo, a partir de las 20, en el lago San Miguel.<\/p>\n<p>Fuente:<a href=\"http:\/\/www.lagaceta.com.ar\/nota\/725768\/actualidad\/robaron-equipos-sonido-pasion-parque-9-julio.html\">\u00a0http:\/\/www.lagaceta.com.ar\/nota\/725768\/actualidad\/robaron-equipos-sonido-pasion-parque-9-julio.html<\/a><\/p>\n","protected":false},"excerpt":{"rendered":"<p>Esta ma\u00f1ana los integrantes del elenco de La Pasi\u00f3n, la obra que se recrea desde hace 18 a\u00f1os en el parque 9 de Julio, descubrieron que los equipos de luces y sonidos hab\u00edan sido robaron y destrozados durante la noche. Desde la direcci\u00f3n de la obra confirmaron que los horarios y d\u00edas de la puesta [&hellip;]<\/p>\n","protected":false},"author":3,"featured_media":2648,"comment_status":"closed","ping_status":"open","sticky":false,"template":"","format":"standard","meta":{"footnotes":""},"categories":[2],"tags":[7,832,833,834,610],"class_list":{"0":"post-2647","1":"post","2":"type-post","3":"status-publish","4":"format-standard","5":"has-post-thumbnail","7":"category-actualidad","8":"tag-el-diario-de-tucuman","9":"tag-la-pasion-de-cristo","10":"tag-pascuas","11":"tag-que-hacer-en-tucuman","12":"tag-robo"},"yoast_head":"<!-- This site is optimized with the Yoast SEO plugin v27.4 - https:\/\/yoast.com\/product\/yoast-seo-wordpress\/ -->\n<title>No se salvo ni Cristo | Robaron los equipos de sonido de La Pasi\u00f3n del parque 9 de Julio - El Diario de Tucuman<\/title>\n<meta name=\"robots\" content=\"index, follow, max-snippet:-1, max-image-preview:large, max-video-preview:-1\" \/>\n<link rel=\"canonical\" href=\"https:\/\/www.eldiariodetucuman.com\/web\/robaron-los-equipos-de-sonido-de-la-pasion-del-parque-9-de-julio\/\" \/>\n<meta property=\"og:locale\" content=\"es_ES\" \/>\n<meta property=\"og:type\" content=\"article\" \/>\n<meta property=\"og:title\" content=\"No se salvo ni Cristo | Robaron los equipos de sonido de La Pasi\u00f3n del parque 9 de Julio - El Diario de Tucuman\" \/>\n<meta property=\"og:description\" content=\"Esta ma\u00f1ana los integrantes del elenco de La Pasi\u00f3n, la obra que se recrea desde hace 18 a\u00f1os en el parque 9 de Julio, descubrieron que los equipos de luces y sonidos hab\u00edan sido robaron y destrozados durante la noche. Desde la direcci\u00f3n de la obra confirmaron que los horarios y d\u00edas de la puesta [&hellip;]\" \/>\n<meta property=\"og:url\" content=\"https:\/\/www.eldiariodetucuman.com\/web\/robaron-los-equipos-de-sonido-de-la-pasion-del-parque-9-de-julio\/\" \/>\n<meta property=\"og:site_name\" content=\"El Diario de Tucuman\" \/>\n<meta property=\"article:published_time\" content=\"2017-04-13T14:48:03+00:00\" \/>\n<meta property=\"article:modified_time\" content=\"2017-04-13T14:49:12+00:00\" \/>\n<meta property=\"og:image\" content=\"https:\/\/www.eldiariodetucuman.com\/web\/wp-content\/uploads\/2017\/04\/la-pasion-el-diario-de-tucuman.jpg\" \/>\n\t<meta property=\"og:image:width\" content=\"500\" \/>\n\t<meta property=\"og:image:height\" content=\"281\" \/>\n\t<meta property=\"og:image:type\" content=\"image\/jpeg\" \/>\n<meta name=\"author\" content=\"El diario de Tucuman\" \/>\n<meta name=\"twitter:card\" content=\"summary_large_image\" \/>\n<meta name=\"twitter:label1\" content=\"Escrito por\" \/>\n\t<meta name=\"twitter:data1\" content=\"El diario de Tucuman\" \/>\n\t<meta name=\"twitter:label2\" content=\"Tiempo de lectura\" \/>\n\t<meta name=\"twitter:data2\" content=\"1 minuto\" \/>\n<script type=\"application\/ld+json\" class=\"yoast-schema-graph\">{\"@context\":\"https:\\\/\\\/schema.org\",\"@graph\":[{\"@type\":\"Article\",\"@id\":\"https:\\\/\\\/www.eldiariodetucuman.com\\\/web\\\/robaron-los-equipos-de-sonido-de-la-pasion-del-parque-9-de-julio\\\/#article\",\"isPartOf\":{\"@id\":\"https:\\\/\\\/www.eldiariodetucuman.com\\\/web\\\/robaron-los-equipos-de-sonido-de-la-pasion-del-parque-9-de-julio\\\/\"},\"author\":{\"name\":\"El diario de Tucuman\",\"@id\":\"https:\\\/\\\/www.eldiariodetucuman.com\\\/web\\\/#\\\/schema\\\/person\\\/3adbe300ecd6242af93c97dab1dc3ba1\"},\"headline\":\"No se salvo ni Cristo | Robaron los equipos de sonido de La Pasi\u00f3n del parque 9 de Julio\",\"datePublished\":\"2017-04-13T14:48:03+00:00\",\"dateModified\":\"2017-04-13T14:49:12+00:00\",\"mainEntityOfPage\":{\"@id\":\"https:\\\/\\\/www.eldiariodetucuman.com\\\/web\\\/robaron-los-equipos-de-sonido-de-la-pasion-del-parque-9-de-julio\\\/\"},\"wordCount\":232,\"publisher\":{\"@id\":\"https:\\\/\\\/www.eldiariodetucuman.com\\\/web\\\/#organization\"},\"image\":{\"@id\":\"https:\\\/\\\/www.eldiariodetucuman.com\\\/web\\\/robaron-los-equipos-de-sonido-de-la-pasion-del-parque-9-de-julio\\\/#primaryimage\"},\"thumbnailUrl\":\"https:\\\/\\\/www.eldiariodetucuman.com\\\/web\\\/wp-content\\\/uploads\\\/2017\\\/04\\\/la-pasion-el-diario-de-tucuman.jpg\",\"keywords\":[\"El Diario de Tucuman\",\"la pasion de cristo\",\"pascuas\",\"que hacer en tucuman\",\"robo\"],\"articleSection\":[\"Actualidad\"],\"inLanguage\":\"es\"},{\"@type\":\"WebPage\",\"@id\":\"https:\\\/\\\/www.eldiariodetucuman.com\\\/web\\\/robaron-los-equipos-de-sonido-de-la-pasion-del-parque-9-de-julio\\\/\",\"url\":\"https:\\\/\\\/www.eldiariodetucuman.com\\\/web\\\/robaron-los-equipos-de-sonido-de-la-pasion-del-parque-9-de-julio\\\/\",\"name\":\"No se salvo ni Cristo | Robaron los equipos de sonido de La Pasi\u00f3n del parque 9 de Julio - El Diario de Tucuman\",\"isPartOf\":{\"@id\":\"https:\\\/\\\/www.eldiariodetucuman.com\\\/web\\\/#website\"},\"primaryImageOfPage\":{\"@id\":\"https:\\\/\\\/www.eldiariodetucuman.com\\\/web\\\/robaron-los-equipos-de-sonido-de-la-pasion-del-parque-9-de-julio\\\/#primaryimage\"},\"image\":{\"@id\":\"https:\\\/\\\/www.eldiariodetucuman.com\\\/web\\\/robaron-los-equipos-de-sonido-de-la-pasion-del-parque-9-de-julio\\\/#primaryimage\"},\"thumbnailUrl\":\"https:\\\/\\\/www.eldiariodetucuman.com\\\/web\\\/wp-content\\\/uploads\\\/2017\\\/04\\\/la-pasion-el-diario-de-tucuman.jpg\",\"datePublished\":\"2017-04-13T14:48:03+00:00\",\"dateModified\":\"2017-04-13T14:49:12+00:00\",\"breadcrumb\":{\"@id\":\"https:\\\/\\\/www.eldiariodetucuman.com\\\/web\\\/robaron-los-equipos-de-sonido-de-la-pasion-del-parque-9-de-julio\\\/#breadcrumb\"},\"inLanguage\":\"es\",\"potentialAction\":[{\"@type\":\"ReadAction\",\"target\":[\"https:\\\/\\\/www.eldiariodetucuman.com\\\/web\\\/robaron-los-equipos-de-sonido-de-la-pasion-del-parque-9-de-julio\\\/\"]}]},{\"@type\":\"ImageObject\",\"inLanguage\":\"es\",\"@id\":\"https:\\\/\\\/www.eldiariodetucuman.com\\\/web\\\/robaron-los-equipos-de-sonido-de-la-pasion-del-parque-9-de-julio\\\/#primaryimage\",\"url\":\"https:\\\/\\\/www.eldiariodetucuman.com\\\/web\\\/wp-content\\\/uploads\\\/2017\\\/04\\\/la-pasion-el-diario-de-tucuman.jpg\",\"contentUrl\":\"https:\\\/\\\/www.eldiariodetucuman.com\\\/web\\\/wp-content\\\/uploads\\\/2017\\\/04\\\/la-pasion-el-diario-de-tucuman.jpg\",\"width\":500,\"height\":281,\"caption\":\"la pasion el diario de tucuman\"},{\"@type\":\"BreadcrumbList\",\"@id\":\"https:\\\/\\\/www.eldiariodetucuman.com\\\/web\\\/robaron-los-equipos-de-sonido-de-la-pasion-del-parque-9-de-julio\\\/#breadcrumb\",\"itemListElement\":[{\"@type\":\"ListItem\",\"position\":1,\"name\":\"Portada\",\"item\":\"https:\\\/\\\/www.eldiariodetucuman.com\\\/web\\\/\"},{\"@type\":\"ListItem\",\"position\":2,\"name\":\"No se salvo ni Cristo | Robaron los equipos de sonido de La Pasi\u00f3n del parque 9 de Julio\"}]},{\"@type\":\"WebSite\",\"@id\":\"https:\\\/\\\/www.eldiariodetucuman.com\\\/web\\\/#website\",\"url\":\"https:\\\/\\\/www.eldiariodetucuman.com\\\/web\\\/\",\"name\":\"El Diario de Tucuman\",\"description\":\"Diario Tucuman - Informaci\u00f3n y noticias\",\"publisher\":{\"@id\":\"https:\\\/\\\/www.eldiariodetucuman.com\\\/web\\\/#organization\"},\"potentialAction\":[{\"@type\":\"SearchAction\",\"target\":{\"@type\":\"EntryPoint\",\"urlTemplate\":\"https:\\\/\\\/www.eldiariodetucuman.com\\\/web\\\/?s={search_term_string}\"},\"query-input\":{\"@type\":\"PropertyValueSpecification\",\"valueRequired\":true,\"valueName\":\"search_term_string\"}}],\"inLanguage\":\"es\"},{\"@type\":\"Organization\",\"@id\":\"https:\\\/\\\/www.eldiariodetucuman.com\\\/web\\\/#organization\",\"name\":\"El Diario de Tucuman\",\"url\":\"https:\\\/\\\/www.eldiariodetucuman.com\\\/web\\\/\",\"logo\":{\"@type\":\"ImageObject\",\"inLanguage\":\"es\",\"@id\":\"https:\\\/\\\/www.eldiariodetucuman.com\\\/web\\\/#\\\/schema\\\/logo\\\/image\\\/\",\"url\":\"http:\\\/\\\/www.eldiariodetucuman.com\\\/web\\\/wp-content\\\/uploads\\\/2017\\\/12\\\/el-diario-de-tucuman.jpg\",\"contentUrl\":\"http:\\\/\\\/www.eldiariodetucuman.com\\\/web\\\/wp-content\\\/uploads\\\/2017\\\/12\\\/el-diario-de-tucuman.jpg\",\"width\":272,\"height\":92,\"caption\":\"El Diario de Tucuman\"},\"image\":{\"@id\":\"https:\\\/\\\/www.eldiariodetucuman.com\\\/web\\\/#\\\/schema\\\/logo\\\/image\\\/\"}},{\"@type\":\"Person\",\"@id\":\"https:\\\/\\\/www.eldiariodetucuman.com\\\/web\\\/#\\\/schema\\\/person\\\/3adbe300ecd6242af93c97dab1dc3ba1\",\"name\":\"El diario de Tucuman\",\"image\":{\"@type\":\"ImageObject\",\"inLanguage\":\"es\",\"@id\":\"https:\\\/\\\/secure.gravatar.com\\\/avatar\\\/b7214de193b24d0bd708ac5516aa13d0f20c6560795bfbee06857d5c8ac2f0b2?s=96&d=mm&r=g\",\"url\":\"https:\\\/\\\/secure.gravatar.com\\\/avatar\\\/b7214de193b24d0bd708ac5516aa13d0f20c6560795bfbee06857d5c8ac2f0b2?s=96&d=mm&r=g\",\"contentUrl\":\"https:\\\/\\\/secure.gravatar.com\\\/avatar\\\/b7214de193b24d0bd708ac5516aa13d0f20c6560795bfbee06857d5c8ac2f0b2?s=96&d=mm&r=g\",\"caption\":\"El diario de Tucuman\"},\"url\":\"https:\\\/\\\/www.eldiariodetucuman.com\\\/web\\\/author\\\/mgiobellina\\\/\"}]}<\/script>\n<!-- \/ Yoast SEO plugin. -->","yoast_head_json":{"title":"No se salvo ni Cristo | Robaron los equipos de sonido de La Pasi\u00f3n del parque 9 de Julio - El Diario de Tucuman","robots":{"index":"index","follow":"follow","max-snippet":"max-snippet:-1","max-image-preview":"max-image-preview:large","max-video-preview":"max-video-preview:-1"},"canonical":"https:\/\/www.eldiariodetucuman.com\/web\/robaron-los-equipos-de-sonido-de-la-pasion-del-parque-9-de-julio\/","og_locale":"es_ES","og_type":"article","og_title":"No se salvo ni Cristo | Robaron los equipos de sonido de La Pasi\u00f3n del parque 9 de Julio - El Diario de Tucuman","og_description":"Esta ma\u00f1ana los integrantes del elenco de La Pasi\u00f3n, la obra que se recrea desde hace 18 a\u00f1os en el parque 9 de Julio, descubrieron que los equipos de luces y sonidos hab\u00edan sido robaron y destrozados durante la noche. Desde la direcci\u00f3n de la obra confirmaron que los horarios y d\u00edas de la puesta [&hellip;]","og_url":"https:\/\/www.eldiariodetucuman.com\/web\/robaron-los-equipos-de-sonido-de-la-pasion-del-parque-9-de-julio\/","og_site_name":"El Diario de Tucuman","article_published_time":"2017-04-13T14:48:03+00:00","article_modified_time":"2017-04-13T14:49:12+00:00","og_image":[{"width":500,"height":281,"url":"https:\/\/www.eldiariodetucuman.com\/web\/wp-content\/uploads\/2017\/04\/la-pasion-el-diario-de-tucuman.jpg","type":"image\/jpeg"}],"author":"El diario de Tucuman","twitter_card":"summary_large_image","twitter_misc":{"Escrito por":"El diario de Tucuman","Tiempo de lectura":"1 minuto"},"schema":{"@context":"https:\/\/schema.org","@graph":[{"@type":"Article","@id":"https:\/\/www.eldiariodetucuman.com\/web\/robaron-los-equipos-de-sonido-de-la-pasion-del-parque-9-de-julio\/#article","isPartOf":{"@id":"https:\/\/www.eldiariodetucuman.com\/web\/robaron-los-equipos-de-sonido-de-la-pasion-del-parque-9-de-julio\/"},"author":{"name":"El diario de Tucuman","@id":"https:\/\/www.eldiariodetucuman.com\/web\/#\/schema\/person\/3adbe300ecd6242af93c97dab1dc3ba1"},"headline":"No se salvo ni Cristo | Robaron los equipos de sonido de La Pasi\u00f3n del parque 9 de Julio","datePublished":"2017-04-13T14:48:03+00:00","dateModified":"2017-04-13T14:49:12+00:00","mainEntityOfPage":{"@id":"https:\/\/www.eldiariodetucuman.com\/web\/robaron-los-equipos-de-sonido-de-la-pasion-del-parque-9-de-julio\/"},"wordCount":232,"publisher":{"@id":"https:\/\/www.eldiariodetucuman.com\/web\/#organization"},"image":{"@id":"https:\/\/www.eldiariodetucuman.com\/web\/robaron-los-equipos-de-sonido-de-la-pasion-del-parque-9-de-julio\/#primaryimage"},"thumbnailUrl":"https:\/\/www.eldiariodetucuman.com\/web\/wp-content\/uploads\/2017\/04\/la-pasion-el-diario-de-tucuman.jpg","keywords":["El Diario de Tucuman","la pasion de cristo","pascuas","que hacer en tucuman","robo"],"articleSection":["Actualidad"],"inLanguage":"es"},{"@type":"WebPage","@id":"https:\/\/www.eldiariodetucuman.com\/web\/robaron-los-equipos-de-sonido-de-la-pasion-del-parque-9-de-julio\/","url":"https:\/\/www.eldiariodetucuman.com\/web\/robaron-los-equipos-de-sonido-de-la-pasion-del-parque-9-de-julio\/","name":"No se salvo ni Cristo | Robaron los equipos de sonido de La Pasi\u00f3n del parque 9 de Julio - El Diario de Tucuman","isPartOf":{"@id":"https:\/\/www.eldiariodetucuman.com\/web\/#website"},"primaryImageOfPage":{"@id":"https:\/\/www.eldiariodetucuman.com\/web\/robaron-los-equipos-de-sonido-de-la-pasion-del-parque-9-de-julio\/#primaryimage"},"image":{"@id":"https:\/\/www.eldiariodetucuman.com\/web\/robaron-los-equipos-de-sonido-de-la-pasion-del-parque-9-de-julio\/#primaryimage"},"thumbnailUrl":"https:\/\/www.eldiariodetucuman.com\/web\/wp-content\/uploads\/2017\/04\/la-pasion-el-diario-de-tucuman.jpg","datePublished":"2017-04-13T14:48:03+00:00","dateModified":"2017-04-13T14:49:12+00:00","breadcrumb":{"@id":"https:\/\/www.eldiariodetucuman.com\/web\/robaron-los-equipos-de-sonido-de-la-pasion-del-parque-9-de-julio\/#breadcrumb"},"inLanguage":"es","potentialAction":[{"@type":"ReadAction","target":["https:\/\/www.eldiariodetucuman.com\/web\/robaron-los-equipos-de-sonido-de-la-pasion-del-parque-9-de-julio\/"]}]},{"@type":"ImageObject","inLanguage":"es","@id":"https:\/\/www.eldiariodetucuman.com\/web\/robaron-los-equipos-de-sonido-de-la-pasion-del-parque-9-de-julio\/#primaryimage","url":"https:\/\/www.eldiariodetucuman.com\/web\/wp-content\/uploads\/2017\/04\/la-pasion-el-diario-de-tucuman.jpg","contentUrl":"https:\/\/www.eldiariodetucuman.com\/web\/wp-content\/uploads\/2017\/04\/la-pasion-el-diario-de-tucuman.jpg","width":500,"height":281,"caption":"la pasion el diario de tucuman"},{"@type":"BreadcrumbList","@id":"https:\/\/www.eldiariodetucuman.com\/web\/robaron-los-equipos-de-sonido-de-la-pasion-del-parque-9-de-julio\/#breadcrumb","itemListElement":[{"@type":"ListItem","position":1,"name":"Portada","item":"https:\/\/www.eldiariodetucuman.com\/web\/"},{"@type":"ListItem","position":2,"name":"No se salvo ni Cristo | Robaron los equipos de sonido de La Pasi\u00f3n del parque 9 de Julio"}]},{"@type":"WebSite","@id":"https:\/\/www.eldiariodetucuman.com\/web\/#website","url":"https:\/\/www.eldiariodetucuman.com\/web\/","name":"El Diario de Tucuman","description":"Diario Tucuman - Informaci\u00f3n y noticias","publisher":{"@id":"https:\/\/www.eldiariodetucuman.com\/web\/#organization"},"potentialAction":[{"@type":"SearchAction","target":{"@type":"EntryPoint","urlTemplate":"https:\/\/www.eldiariodetucuman.com\/web\/?s={search_term_string}"},"query-input":{"@type":"PropertyValueSpecification","valueRequired":true,"valueName":"search_term_string"}}],"inLanguage":"es"},{"@type":"Organization","@id":"https:\/\/www.eldiariodetucuman.com\/web\/#organization","name":"El Diario de Tucuman","url":"https:\/\/www.eldiariodetucuman.com\/web\/","logo":{"@type":"ImageObject","inLanguage":"es","@id":"https:\/\/www.eldiariodetucuman.com\/web\/#\/schema\/logo\/image\/","url":"http:\/\/www.eldiariodetucuman.com\/web\/wp-content\/uploads\/2017\/12\/el-diario-de-tucuman.jpg","contentUrl":"http:\/\/www.eldiariodetucuman.com\/web\/wp-content\/uploads\/2017\/12\/el-diario-de-tucuman.jpg","width":272,"height":92,"caption":"El Diario de Tucuman"},"image":{"@id":"https:\/\/www.eldiariodetucuman.com\/web\/#\/schema\/logo\/image\/"}},{"@type":"Person","@id":"https:\/\/www.eldiariodetucuman.com\/web\/#\/schema\/person\/3adbe300ecd6242af93c97dab1dc3ba1","name":"El diario de Tucuman","image":{"@type":"ImageObject","inLanguage":"es","@id":"https:\/\/secure.gravatar.com\/avatar\/b7214de193b24d0bd708ac5516aa13d0f20c6560795bfbee06857d5c8ac2f0b2?s=96&d=mm&r=g","url":"https:\/\/secure.gravatar.com\/avatar\/b7214de193b24d0bd708ac5516aa13d0f20c6560795bfbee06857d5c8ac2f0b2?s=96&d=mm&r=g","contentUrl":"https:\/\/secure.gravatar.com\/avatar\/b7214de193b24d0bd708ac5516aa13d0f20c6560795bfbee06857d5c8ac2f0b2?s=96&d=mm&r=g","caption":"El diario de Tucuman"},"url":"https:\/\/www.eldiariodetucuman.com\/web\/author\/mgiobellina\/"}]}},"_links":{"self":[{"href":"https:\/\/www.eldiariodetucuman.com\/web\/wp-json\/wp\/v2\/posts\/2647","targetHints":{"allow":["GET"]}}],"collection":[{"href":"https:\/\/www.eldiariodetucuman.com\/web\/wp-json\/wp\/v2\/posts"}],"about":[{"href":"https:\/\/www.eldiariodetucuman.com\/web\/wp-json\/wp\/v2\/types\/post"}],"author":[{"embeddable":true,"href":"https:\/\/www.eldiariodetucuman.com\/web\/wp-json\/wp\/v2\/users\/3"}],"replies":[{"embeddable":true,"href":"https:\/\/www.eldiariodetucuman.com\/web\/wp-json\/wp\/v2\/comments?post=2647"}],"version-history":[{"count":2,"href":"https:\/\/www.eldiariodetucuman.com\/web\/wp-json\/wp\/v2\/posts\/2647\/revisions"}],"predecessor-version":[{"id":2651,"href":"https:\/\/www.eldiariodetucuman.com\/web\/wp-json\/wp\/v2\/posts\/2647\/revisions\/2651"}],"wp:featuredmedia":[{"embeddable":true,"href":"https:\/\/www.eldiariodetucuman.com\/web\/wp-json\/wp\/v2\/media\/2648"}],"wp:attachment":[{"href":"https:\/\/www.eldiariodetucuman.com\/web\/wp-json\/wp\/v2\/media?parent=2647"}],"wp:term":[{"taxonomy":"category","embeddable":true,"href":"https:\/\/www.eldiariodetucuman.com\/web\/wp-json\/wp\/v2\/categories?post=2647"},{"taxonomy":"post_tag","embeddable":true,"href":"https:\/\/www.eldiariodetucuman.com\/web\/wp-json\/wp\/v2\/tags?post=2647"}],"curies":[{"name":"wp","href":"https:\/\/api.w.org\/{rel}","templated":true}]}}