{"id":26421,"date":"2020-02-20T08:50:58","date_gmt":"2020-02-20T11:50:58","guid":{"rendered":"http:\/\/www.eldiariodetucuman.com\/web\/?p=26421"},"modified":"2020-02-20T08:51:29","modified_gmt":"2020-02-20T11:51:29","slug":"aborto-legal-la-marea-verde-copo-las-calles-de-todo-el-pais","status":"publish","type":"post","link":"https:\/\/www.eldiariodetucuman.com\/web\/aborto-legal-la-marea-verde-copo-las-calles-de-todo-el-pais\/","title":{"rendered":"Aborto legal: La marea verde cop\u00f3 las calles de todo el pa\u00eds"},"content":{"rendered":"<div id=\"f0FptgNLwUvSQr\" class=\"wrapper clearfix col-lg-12 pb-feature pb-layout-item pb-f-article-header col-md-12 col-sm-12 col-xs-12 no-align\">\n<div class=\"row\">\n<header class=\"article-header hed-first col-sm-12\"><span class=\"subheadline\">El #19F, \u201cD\u00eda de Acci\u00f3n Global por el acceso al Aborto Legal y Seguro\u201d, culmin\u00f3 frente al Congreso con un \u201cpa\u00f1uelazo\u201d para exigir que se trate y apruebe el proyecto de ley consensuado por los feminismos. Hubo una performance impactante, donde miles de mujeres hicieron la adaptaci\u00f3n local de \u201cUn violador en tu camino\u201d.<\/span><\/header>\n<\/div>\n<\/div>\n<p><!--more--><\/p>\n<div id=\"f04vMUbLwUvSQr\" class=\"wrapper clearfix col-lg-12 col-md-12 pb-feature pb-layout-item pb-f-article-byline col-sm-12 col-xs-12 no-align\">\n<div class=\"byline col-md-8 col-xs-12 col-print-12\">\n<div class=\"clearfix byline-entry\">\n<p class=\"byline-firstline\"><b>Por primera vez la Plaza de los dos Congresos fue toda verde<\/b>. Y la emoci\u00f3n se sinti\u00f3 en el aire. En cada abrazo. En las sonrisas anchas. En las caras repletas del\u00a0<i>glitter\u00a0<\/i>brilloso, que ya es una marca registrada. Un #19F expectante, distinto, que se celebr\u00f3 en las calles de Buenos Aires y en otras 100 ciudades del pa\u00eds para\u00a0<mark class=\"hl_yellow\"><b>exigir el tratamiento urgente y la aprobaci\u00f3n del Proyecto de Ley de Interrupci\u00f3n Voluntaria del Embarazo<\/b><\/mark>, a pocos d\u00edas de la apertura de sesiones legislativas en el Congreso.<\/p>\n<p class=\"byline-firstline\">\u201cMe llamo Milena, tengo 17 a\u00f1os y vine de Quilmes. Tengo experiencias familiares en este tema y por eso <mark class=\"hl_yellow\"><b>quiero que nos dejen decidir.<\/b><\/mark> Y quise apoyar la ley desde la Plaza porque ac\u00e1 me siento segura, protegida, no me siento sola. En la Plaza estoy con otras miles y miles de chicas que me representan y que est\u00e1n por lo mismo que yo\u201d.<\/p>\n<p class=\"byline-firstline\">Almendra la semana que viene cumple cinco a\u00f1os. Lleg\u00f3 a la Plaza con su mam\u00e1 Ludmila en el tren que atraviesa el oeste conurbano. Tiene los dedos enchastrados de algod\u00f3n azucarado color verde, al tono. Se r\u00ede del pegoteo mientras corre y anda suelta. <mark class=\"hl_yellow\"><b>\u201cVine con mi hija para que nos vea. Hoy sent\u00ed que ten\u00edamos que venir juntas<\/b><\/mark>. Y es fuerte. Estamos ac\u00e1 por ella, por m\u00ed, por nosotras. Porque\u00a0<b>mi hija fue deseada, pero hubo otros momentos en que eleg\u00ed abortar y por la clandestinidad la pas\u00e9 muy mal<\/b>\u201d.<\/p>\n<p class=\"byline-firstline\">A partir de las cinco de la tarde la marea fue tomando forma, ocupando espacios, ofreciendo los cuerpos a un movimiento en lucha. Porque \u201cahora es cuando\u201d, y <b>el clima de \u00e9poca indica que 2020 quedar\u00e1 en la historia como el a\u00f1o en que los feminismos volvieron a tomar las calles<\/b> para reclamar por la despenalizaci\u00f3n y legalizaci\u00f3n del aborto en Argentina.<\/p>\n<p class=\"byline-firstline\"><mark class=\"hl_yellow\"><b>\u201cSe avecina el final de los \u00fateros como rehenes del C\u00f3digo Penal<\/b>.<\/mark>\u00a0Pero esta deuda de la democracia con nosotras solo se va a saldar con la presi\u00f3n del feminismo en las calles\u201d. Desde Tucum\u00e1n, la que habla con\u00a0<b>Infobae\u00a0<\/b>es Soledad Deza, de la Fundaci\u00f3n Mujeres x Mujeres, donde se organizaron \u201cproyectazos\u201d y actividades en la Casa Hist\u00f3rica.<\/p>\n<p class=\"byline-firstline\">Este a\u00f1o la Campa\u00f1a Nacional por el Derecho al Aborto Legal, Seguro y Gratuito cumple 15 a\u00f1os. Y el Proyecto de Ley presentado en mayo pasado es resultado del consenso de m\u00e1s de 700 organizaciones feministas, de mujeres y disidencias, pol\u00edticas, sindicales, art\u00edsticas, acad\u00e9micas y de Derechos Humanos.<\/p>\n<p class=\"byline-firstline\">Integrante de la Campa\u00f1a desde su fundaci\u00f3n, Martha Rosemberg repasa una historia de aprendizajes: \u201cHemos aprendido la importancia de privilegiar el objetivo com\u00fan y contemplar las diferencias de manera democr\u00e1tica, participativa y a trav\u00e9s de la palabra. <b>Logramos avanzar siempre de la manera m\u00e1s inclusiva. Y eso tambi\u00e9n simboliza el verde: no solo la lucha por los derechos de las mujeres y personas gestantes, sino el desarrollo de relaciones pol\u00edticas democr\u00e1ticas, plurales y respetuosas<\/b> de opiniones distintas en otros ejes pol\u00edticos\u201d.<\/p>\n<p class=\"byline-firstline\">Memoria feminista que revisa para atr\u00e1s para construir hacia adelante: <b>\u201cSe avanz\u00f3 en la sensibilidad despenalizadora y legalizadora.<\/b>\u00a0Ese es el gran hecho pol\u00edtico. Finalmente, amplios sectores de la sociedad entienden distinto el aborto y a las personas que tienen la capacidad de decidir esta pr\u00e1ctica\u201d, se\u00f1al\u00f3 a\u00a0<b>Infobae<\/b> Ruth Zurbriggen, de la colectiva feminista La Revuelta en Neuqu\u00e9n.<\/p>\n<p class=\"byline-firstline\">Las feministas de ATE agitaron, danzaron y levantaron los pu\u00f1os poni\u00e9ndole ritmo al encuentro. \u201cBombo es lucha\u201d celebraban sus remeras estatales. A los costados de la Plaza, organizadas en carpas, se presentaron libros, <i>performances\u00a0<\/i>art\u00edsticas, se dio lugar a conversas y debates, mientras en un escenario de espaldas al Congreso circulaban discursos y canciones de arenga.<\/p>\n<p class=\"byline-firstline\">El momento m\u00e1s esperado y practicado: un pa\u00f1uelazo coordinado por Las Tesis, el colectivo art\u00edstico y multidisciplinario de mujeres y disidencias creadoras de la intervenci\u00f3n <b>\u201cUn violador en tu camino<\/b>\u201d que se difundi\u00f3 por todo el mundo desde la convulsi\u00f3n social chilena.\u00a0No cantaron la versi\u00f3n original sino una adaptada a las demandas locales. Lo hicieron desde el escenario y mirando a las participantes de frente pero\u00a0<b>se dieron vuelta y se\u00f1alaron al Congreso<\/b>\u00a0cuando cantaron: \u00ab<mark class=\"hl_yellow\"><i>Y la culpa no era m\u00eda, si me cuidaba, ni c\u00f3mo viv\u00eda. El violador eras vos. El opresor sos vos. Es el Congreso, adonde votan el aborto clandestino\u201d<\/i><\/mark><i>.<\/i><\/p>\n<p class=\"byline-firstline\">\u201cLas invitamos especialmente a sumarse no solo como manera de brindar nuestra solidaridad con la lucha del movimiento feminista chileno sino tambi\u00e9n porque <mark class=\"hl_yellow\">la Campa\u00f1a se propone generar estrategias comunes para Am\u00e9rica latina y el Caribe. Se trata as\u00ed tambi\u00e9n de una mirada hacia adelante, porque si finalmente este a\u00f1o logramos aborto legal en Argentina esperamos que eso genere un efecto contagio en otros pa\u00edses de la regi\u00f3n.<\/mark>\u00a0Y es importante ir tendiendo esos puentes, esos lazos, esas solidaridades en pos de la construcci\u00f3n de un feminismo sin fronteras\u201d, explic\u00f3 a\u00a0<b>Infobae<\/b> Laura Salom\u00e9 Canteros, otra de las integrantes de la Campa\u00f1a.<\/p>\n<p class=\"byline-firstline\">La jornada termin\u00f3 y los carteles gritaron: \u201cEl futuro es feminista\u201d, \u201cLa calle es nuestra. No le des espacio al miedo\u201d; \u201cchilenas no bajen la bandera que ac\u00e1 estamos dispuestas a cruzar la cordillera\u201d; \u201cJuntas vamos a vencer\u201d; \u201cLa maternidad ser\u00e1 deseada o no ser\u00e1\u201d. <b>Y la emoci\u00f3n se sinti\u00f3 en el aire. El proyecto ya est\u00e1 en las calles. Ahora es el turno de los representantes legislativos.<\/b><\/p>\n<p><strong>Fuente:<\/strong> <a href=\"https:\/\/www.infobae.com\/sociedad\/2020\/02\/20\/el-reclamo-por-el-aborto-legal-volvio-a-las-calles-y-una-multitud-participo-de-el-violador-sos-vos\/\">https:\/\/www.infobae.com\/sociedad\/2020\/02\/20\/el-reclamo-por-el-aborto-legal-volvio-a-las-calles-y-una-multitud-participo-de-el-violador-sos-vos\/<\/a><\/p>\n<\/div>\n<\/div>\n<\/div>\n","protected":false},"excerpt":{"rendered":"<p>El #19F, \u201cD\u00eda de Acci\u00f3n Global por el acceso al Aborto Legal y Seguro\u201d, culmin\u00f3 frente al Congreso con un \u201cpa\u00f1uelazo\u201d para exigir que se trate y apruebe el proyecto de ley consensuado por los feminismos. Hubo una performance impactante, donde miles de mujeres hicieron la adaptaci\u00f3n local de \u201cUn violador en tu camino\u201d.<\/p>\n","protected":false},"author":5,"featured_media":26422,"comment_status":"closed","ping_status":"open","sticky":false,"template":"","format":"standard","meta":{"footnotes":""},"categories":[3,1],"tags":[1790,3080,61],"class_list":{"0":"post-26421","1":"post","2":"type-post","3":"status-publish","4":"format-standard","5":"has-post-thumbnail","7":"category-politica","8":"category-portada","9":"tag-aborto-legal","10":"tag-marea-verde","11":"tag-tucuman"},"yoast_head":"<!-- This site is optimized with the Yoast SEO plugin v27.4 - https:\/\/yoast.com\/product\/yoast-seo-wordpress\/ -->\n<title>Aborto legal: La marea verde cop\u00f3 las calles de todo el pa\u00eds - El Diario de Tucuman<\/title>\n<meta name=\"robots\" content=\"index, follow, max-snippet:-1, max-image-preview:large, max-video-preview:-1\" \/>\n<link rel=\"canonical\" href=\"https:\/\/www.eldiariodetucuman.com\/web\/aborto-legal-la-marea-verde-copo-las-calles-de-todo-el-pais\/\" \/>\n<meta property=\"og:locale\" content=\"es_ES\" \/>\n<meta property=\"og:type\" content=\"article\" \/>\n<meta property=\"og:title\" content=\"Aborto legal: La marea verde cop\u00f3 las calles de todo el pa\u00eds - El Diario de Tucuman\" \/>\n<meta property=\"og:description\" content=\"El #19F, \u201cD\u00eda de Acci\u00f3n Global por el acceso al Aborto Legal y Seguro\u201d, culmin\u00f3 frente al Congreso con un \u201cpa\u00f1uelazo\u201d para exigir que se trate y apruebe el proyecto de ley consensuado por los feminismos. Hubo una performance impactante, donde miles de mujeres hicieron la adaptaci\u00f3n local de \u201cUn violador en tu camino\u201d.\" \/>\n<meta property=\"og:url\" content=\"https:\/\/www.eldiariodetucuman.com\/web\/aborto-legal-la-marea-verde-copo-las-calles-de-todo-el-pais\/\" \/>\n<meta property=\"og:site_name\" content=\"El Diario de Tucuman\" \/>\n<meta property=\"article:published_time\" content=\"2020-02-20T11:50:58+00:00\" \/>\n<meta property=\"article:modified_time\" content=\"2020-02-20T11:51:29+00:00\" \/>\n<meta property=\"og:image\" content=\"https:\/\/www.eldiariodetucuman.com\/web\/wp-content\/uploads\/2020\/02\/aboto-legal.jpg\" \/>\n\t<meta property=\"og:image:width\" content=\"750\" \/>\n\t<meta property=\"og:image:height\" content=\"422\" \/>\n\t<meta property=\"og:image:type\" content=\"image\/jpeg\" \/>\n<meta name=\"author\" content=\"Redactor Uno\" \/>\n<meta name=\"twitter:card\" content=\"summary_large_image\" \/>\n<meta name=\"twitter:label1\" content=\"Escrito por\" \/>\n\t<meta name=\"twitter:data1\" content=\"Redactor Uno\" \/>\n\t<meta name=\"twitter:label2\" content=\"Tiempo de lectura\" \/>\n\t<meta name=\"twitter:data2\" content=\"5 minutos\" \/>\n<script type=\"application\/ld+json\" class=\"yoast-schema-graph\">{\"@context\":\"https:\\\/\\\/schema.org\",\"@graph\":[{\"@type\":\"Article\",\"@id\":\"https:\\\/\\\/www.eldiariodetucuman.com\\\/web\\\/aborto-legal-la-marea-verde-copo-las-calles-de-todo-el-pais\\\/#article\",\"isPartOf\":{\"@id\":\"https:\\\/\\\/www.eldiariodetucuman.com\\\/web\\\/aborto-legal-la-marea-verde-copo-las-calles-de-todo-el-pais\\\/\"},\"author\":{\"name\":\"Redactor Uno\",\"@id\":\"https:\\\/\\\/www.eldiariodetucuman.com\\\/web\\\/#\\\/schema\\\/person\\\/7e6644a46e60888f6b868594407e08dd\"},\"headline\":\"Aborto legal: La marea verde cop\u00f3 las calles de todo el pa\u00eds\",\"datePublished\":\"2020-02-20T11:50:58+00:00\",\"dateModified\":\"2020-02-20T11:51:29+00:00\",\"mainEntityOfPage\":{\"@id\":\"https:\\\/\\\/www.eldiariodetucuman.com\\\/web\\\/aborto-legal-la-marea-verde-copo-las-calles-de-todo-el-pais\\\/\"},\"wordCount\":1020,\"publisher\":{\"@id\":\"https:\\\/\\\/www.eldiariodetucuman.com\\\/web\\\/#organization\"},\"image\":{\"@id\":\"https:\\\/\\\/www.eldiariodetucuman.com\\\/web\\\/aborto-legal-la-marea-verde-copo-las-calles-de-todo-el-pais\\\/#primaryimage\"},\"thumbnailUrl\":\"https:\\\/\\\/www.eldiariodetucuman.com\\\/web\\\/wp-content\\\/uploads\\\/2020\\\/02\\\/aboto-legal.jpg\",\"keywords\":[\"aborto legal\",\"Marea Verde\",\"Tucuman\"],\"articleSection\":[\"Politica\",\"Portada\"],\"inLanguage\":\"es\"},{\"@type\":\"WebPage\",\"@id\":\"https:\\\/\\\/www.eldiariodetucuman.com\\\/web\\\/aborto-legal-la-marea-verde-copo-las-calles-de-todo-el-pais\\\/\",\"url\":\"https:\\\/\\\/www.eldiariodetucuman.com\\\/web\\\/aborto-legal-la-marea-verde-copo-las-calles-de-todo-el-pais\\\/\",\"name\":\"Aborto legal: La marea verde cop\u00f3 las calles de todo el pa\u00eds - El Diario de Tucuman\",\"isPartOf\":{\"@id\":\"https:\\\/\\\/www.eldiariodetucuman.com\\\/web\\\/#website\"},\"primaryImageOfPage\":{\"@id\":\"https:\\\/\\\/www.eldiariodetucuman.com\\\/web\\\/aborto-legal-la-marea-verde-copo-las-calles-de-todo-el-pais\\\/#primaryimage\"},\"image\":{\"@id\":\"https:\\\/\\\/www.eldiariodetucuman.com\\\/web\\\/aborto-legal-la-marea-verde-copo-las-calles-de-todo-el-pais\\\/#primaryimage\"},\"thumbnailUrl\":\"https:\\\/\\\/www.eldiariodetucuman.com\\\/web\\\/wp-content\\\/uploads\\\/2020\\\/02\\\/aboto-legal.jpg\",\"datePublished\":\"2020-02-20T11:50:58+00:00\",\"dateModified\":\"2020-02-20T11:51:29+00:00\",\"breadcrumb\":{\"@id\":\"https:\\\/\\\/www.eldiariodetucuman.com\\\/web\\\/aborto-legal-la-marea-verde-copo-las-calles-de-todo-el-pais\\\/#breadcrumb\"},\"inLanguage\":\"es\",\"potentialAction\":[{\"@type\":\"ReadAction\",\"target\":[\"https:\\\/\\\/www.eldiariodetucuman.com\\\/web\\\/aborto-legal-la-marea-verde-copo-las-calles-de-todo-el-pais\\\/\"]}]},{\"@type\":\"ImageObject\",\"inLanguage\":\"es\",\"@id\":\"https:\\\/\\\/www.eldiariodetucuman.com\\\/web\\\/aborto-legal-la-marea-verde-copo-las-calles-de-todo-el-pais\\\/#primaryimage\",\"url\":\"https:\\\/\\\/www.eldiariodetucuman.com\\\/web\\\/wp-content\\\/uploads\\\/2020\\\/02\\\/aboto-legal.jpg\",\"contentUrl\":\"https:\\\/\\\/www.eldiariodetucuman.com\\\/web\\\/wp-content\\\/uploads\\\/2020\\\/02\\\/aboto-legal.jpg\",\"width\":750,\"height\":422},{\"@type\":\"BreadcrumbList\",\"@id\":\"https:\\\/\\\/www.eldiariodetucuman.com\\\/web\\\/aborto-legal-la-marea-verde-copo-las-calles-de-todo-el-pais\\\/#breadcrumb\",\"itemListElement\":[{\"@type\":\"ListItem\",\"position\":1,\"name\":\"Portada\",\"item\":\"https:\\\/\\\/www.eldiariodetucuman.com\\\/web\\\/\"},{\"@type\":\"ListItem\",\"position\":2,\"name\":\"Aborto legal: La marea verde cop\u00f3 las calles de todo el pa\u00eds\"}]},{\"@type\":\"WebSite\",\"@id\":\"https:\\\/\\\/www.eldiariodetucuman.com\\\/web\\\/#website\",\"url\":\"https:\\\/\\\/www.eldiariodetucuman.com\\\/web\\\/\",\"name\":\"El Diario de Tucuman\",\"description\":\"Diario Tucuman - Informaci\u00f3n y noticias\",\"publisher\":{\"@id\":\"https:\\\/\\\/www.eldiariodetucuman.com\\\/web\\\/#organization\"},\"potentialAction\":[{\"@type\":\"SearchAction\",\"target\":{\"@type\":\"EntryPoint\",\"urlTemplate\":\"https:\\\/\\\/www.eldiariodetucuman.com\\\/web\\\/?s={search_term_string}\"},\"query-input\":{\"@type\":\"PropertyValueSpecification\",\"valueRequired\":true,\"valueName\":\"search_term_string\"}}],\"inLanguage\":\"es\"},{\"@type\":\"Organization\",\"@id\":\"https:\\\/\\\/www.eldiariodetucuman.com\\\/web\\\/#organization\",\"name\":\"El Diario de Tucuman\",\"url\":\"https:\\\/\\\/www.eldiariodetucuman.com\\\/web\\\/\",\"logo\":{\"@type\":\"ImageObject\",\"inLanguage\":\"es\",\"@id\":\"https:\\\/\\\/www.eldiariodetucuman.com\\\/web\\\/#\\\/schema\\\/logo\\\/image\\\/\",\"url\":\"http:\\\/\\\/www.eldiariodetucuman.com\\\/web\\\/wp-content\\\/uploads\\\/2017\\\/12\\\/el-diario-de-tucuman.jpg\",\"contentUrl\":\"http:\\\/\\\/www.eldiariodetucuman.com\\\/web\\\/wp-content\\\/uploads\\\/2017\\\/12\\\/el-diario-de-tucuman.jpg\",\"width\":272,\"height\":92,\"caption\":\"El Diario de Tucuman\"},\"image\":{\"@id\":\"https:\\\/\\\/www.eldiariodetucuman.com\\\/web\\\/#\\\/schema\\\/logo\\\/image\\\/\"}},{\"@type\":\"Person\",\"@id\":\"https:\\\/\\\/www.eldiariodetucuman.com\\\/web\\\/#\\\/schema\\\/person\\\/7e6644a46e60888f6b868594407e08dd\",\"name\":\"Redactor Uno\",\"image\":{\"@type\":\"ImageObject\",\"inLanguage\":\"es\",\"@id\":\"https:\\\/\\\/secure.gravatar.com\\\/avatar\\\/0049b1bdf1bd548385c9ea6b9356431717930913089febd2ba904f0187d7d074?s=96&d=mm&r=g\",\"url\":\"https:\\\/\\\/secure.gravatar.com\\\/avatar\\\/0049b1bdf1bd548385c9ea6b9356431717930913089febd2ba904f0187d7d074?s=96&d=mm&r=g\",\"contentUrl\":\"https:\\\/\\\/secure.gravatar.com\\\/avatar\\\/0049b1bdf1bd548385c9ea6b9356431717930913089febd2ba904f0187d7d074?s=96&d=mm&r=g\",\"caption\":\"Redactor Uno\"},\"url\":\"https:\\\/\\\/www.eldiariodetucuman.com\\\/web\\\/author\\\/mramasco\\\/\"}]}<\/script>\n<!-- \/ Yoast SEO plugin. -->","yoast_head_json":{"title":"Aborto legal: La marea verde cop\u00f3 las calles de todo el pa\u00eds - El Diario de Tucuman","robots":{"index":"index","follow":"follow","max-snippet":"max-snippet:-1","max-image-preview":"max-image-preview:large","max-video-preview":"max-video-preview:-1"},"canonical":"https:\/\/www.eldiariodetucuman.com\/web\/aborto-legal-la-marea-verde-copo-las-calles-de-todo-el-pais\/","og_locale":"es_ES","og_type":"article","og_title":"Aborto legal: La marea verde cop\u00f3 las calles de todo el pa\u00eds - El Diario de Tucuman","og_description":"El #19F, \u201cD\u00eda de Acci\u00f3n Global por el acceso al Aborto Legal y Seguro\u201d, culmin\u00f3 frente al Congreso con un \u201cpa\u00f1uelazo\u201d para exigir que se trate y apruebe el proyecto de ley consensuado por los feminismos. Hubo una performance impactante, donde miles de mujeres hicieron la adaptaci\u00f3n local de \u201cUn violador en tu camino\u201d.","og_url":"https:\/\/www.eldiariodetucuman.com\/web\/aborto-legal-la-marea-verde-copo-las-calles-de-todo-el-pais\/","og_site_name":"El Diario de Tucuman","article_published_time":"2020-02-20T11:50:58+00:00","article_modified_time":"2020-02-20T11:51:29+00:00","og_image":[{"width":750,"height":422,"url":"https:\/\/www.eldiariodetucuman.com\/web\/wp-content\/uploads\/2020\/02\/aboto-legal.jpg","type":"image\/jpeg"}],"author":"Redactor Uno","twitter_card":"summary_large_image","twitter_misc":{"Escrito por":"Redactor Uno","Tiempo de lectura":"5 minutos"},"schema":{"@context":"https:\/\/schema.org","@graph":[{"@type":"Article","@id":"https:\/\/www.eldiariodetucuman.com\/web\/aborto-legal-la-marea-verde-copo-las-calles-de-todo-el-pais\/#article","isPartOf":{"@id":"https:\/\/www.eldiariodetucuman.com\/web\/aborto-legal-la-marea-verde-copo-las-calles-de-todo-el-pais\/"},"author":{"name":"Redactor Uno","@id":"https:\/\/www.eldiariodetucuman.com\/web\/#\/schema\/person\/7e6644a46e60888f6b868594407e08dd"},"headline":"Aborto legal: La marea verde cop\u00f3 las calles de todo el pa\u00eds","datePublished":"2020-02-20T11:50:58+00:00","dateModified":"2020-02-20T11:51:29+00:00","mainEntityOfPage":{"@id":"https:\/\/www.eldiariodetucuman.com\/web\/aborto-legal-la-marea-verde-copo-las-calles-de-todo-el-pais\/"},"wordCount":1020,"publisher":{"@id":"https:\/\/www.eldiariodetucuman.com\/web\/#organization"},"image":{"@id":"https:\/\/www.eldiariodetucuman.com\/web\/aborto-legal-la-marea-verde-copo-las-calles-de-todo-el-pais\/#primaryimage"},"thumbnailUrl":"https:\/\/www.eldiariodetucuman.com\/web\/wp-content\/uploads\/2020\/02\/aboto-legal.jpg","keywords":["aborto legal","Marea Verde","Tucuman"],"articleSection":["Politica","Portada"],"inLanguage":"es"},{"@type":"WebPage","@id":"https:\/\/www.eldiariodetucuman.com\/web\/aborto-legal-la-marea-verde-copo-las-calles-de-todo-el-pais\/","url":"https:\/\/www.eldiariodetucuman.com\/web\/aborto-legal-la-marea-verde-copo-las-calles-de-todo-el-pais\/","name":"Aborto legal: La marea verde cop\u00f3 las calles de todo el pa\u00eds - El Diario de Tucuman","isPartOf":{"@id":"https:\/\/www.eldiariodetucuman.com\/web\/#website"},"primaryImageOfPage":{"@id":"https:\/\/www.eldiariodetucuman.com\/web\/aborto-legal-la-marea-verde-copo-las-calles-de-todo-el-pais\/#primaryimage"},"image":{"@id":"https:\/\/www.eldiariodetucuman.com\/web\/aborto-legal-la-marea-verde-copo-las-calles-de-todo-el-pais\/#primaryimage"},"thumbnailUrl":"https:\/\/www.eldiariodetucuman.com\/web\/wp-content\/uploads\/2020\/02\/aboto-legal.jpg","datePublished":"2020-02-20T11:50:58+00:00","dateModified":"2020-02-20T11:51:29+00:00","breadcrumb":{"@id":"https:\/\/www.eldiariodetucuman.com\/web\/aborto-legal-la-marea-verde-copo-las-calles-de-todo-el-pais\/#breadcrumb"},"inLanguage":"es","potentialAction":[{"@type":"ReadAction","target":["https:\/\/www.eldiariodetucuman.com\/web\/aborto-legal-la-marea-verde-copo-las-calles-de-todo-el-pais\/"]}]},{"@type":"ImageObject","inLanguage":"es","@id":"https:\/\/www.eldiariodetucuman.com\/web\/aborto-legal-la-marea-verde-copo-las-calles-de-todo-el-pais\/#primaryimage","url":"https:\/\/www.eldiariodetucuman.com\/web\/wp-content\/uploads\/2020\/02\/aboto-legal.jpg","contentUrl":"https:\/\/www.eldiariodetucuman.com\/web\/wp-content\/uploads\/2020\/02\/aboto-legal.jpg","width":750,"height":422},{"@type":"BreadcrumbList","@id":"https:\/\/www.eldiariodetucuman.com\/web\/aborto-legal-la-marea-verde-copo-las-calles-de-todo-el-pais\/#breadcrumb","itemListElement":[{"@type":"ListItem","position":1,"name":"Portada","item":"https:\/\/www.eldiariodetucuman.com\/web\/"},{"@type":"ListItem","position":2,"name":"Aborto legal: La marea verde cop\u00f3 las calles de todo el pa\u00eds"}]},{"@type":"WebSite","@id":"https:\/\/www.eldiariodetucuman.com\/web\/#website","url":"https:\/\/www.eldiariodetucuman.com\/web\/","name":"El Diario de Tucuman","description":"Diario Tucuman - Informaci\u00f3n y noticias","publisher":{"@id":"https:\/\/www.eldiariodetucuman.com\/web\/#organization"},"potentialAction":[{"@type":"SearchAction","target":{"@type":"EntryPoint","urlTemplate":"https:\/\/www.eldiariodetucuman.com\/web\/?s={search_term_string}"},"query-input":{"@type":"PropertyValueSpecification","valueRequired":true,"valueName":"search_term_string"}}],"inLanguage":"es"},{"@type":"Organization","@id":"https:\/\/www.eldiariodetucuman.com\/web\/#organization","name":"El Diario de Tucuman","url":"https:\/\/www.eldiariodetucuman.com\/web\/","logo":{"@type":"ImageObject","inLanguage":"es","@id":"https:\/\/www.eldiariodetucuman.com\/web\/#\/schema\/logo\/image\/","url":"http:\/\/www.eldiariodetucuman.com\/web\/wp-content\/uploads\/2017\/12\/el-diario-de-tucuman.jpg","contentUrl":"http:\/\/www.eldiariodetucuman.com\/web\/wp-content\/uploads\/2017\/12\/el-diario-de-tucuman.jpg","width":272,"height":92,"caption":"El Diario de Tucuman"},"image":{"@id":"https:\/\/www.eldiariodetucuman.com\/web\/#\/schema\/logo\/image\/"}},{"@type":"Person","@id":"https:\/\/www.eldiariodetucuman.com\/web\/#\/schema\/person\/7e6644a46e60888f6b868594407e08dd","name":"Redactor Uno","image":{"@type":"ImageObject","inLanguage":"es","@id":"https:\/\/secure.gravatar.com\/avatar\/0049b1bdf1bd548385c9ea6b9356431717930913089febd2ba904f0187d7d074?s=96&d=mm&r=g","url":"https:\/\/secure.gravatar.com\/avatar\/0049b1bdf1bd548385c9ea6b9356431717930913089febd2ba904f0187d7d074?s=96&d=mm&r=g","contentUrl":"https:\/\/secure.gravatar.com\/avatar\/0049b1bdf1bd548385c9ea6b9356431717930913089febd2ba904f0187d7d074?s=96&d=mm&r=g","caption":"Redactor Uno"},"url":"https:\/\/www.eldiariodetucuman.com\/web\/author\/mramasco\/"}]}},"_links":{"self":[{"href":"https:\/\/www.eldiariodetucuman.com\/web\/wp-json\/wp\/v2\/posts\/26421","targetHints":{"allow":["GET"]}}],"collection":[{"href":"https:\/\/www.eldiariodetucuman.com\/web\/wp-json\/wp\/v2\/posts"}],"about":[{"href":"https:\/\/www.eldiariodetucuman.com\/web\/wp-json\/wp\/v2\/types\/post"}],"author":[{"embeddable":true,"href":"https:\/\/www.eldiariodetucuman.com\/web\/wp-json\/wp\/v2\/users\/5"}],"replies":[{"embeddable":true,"href":"https:\/\/www.eldiariodetucuman.com\/web\/wp-json\/wp\/v2\/comments?post=26421"}],"version-history":[{"count":1,"href":"https:\/\/www.eldiariodetucuman.com\/web\/wp-json\/wp\/v2\/posts\/26421\/revisions"}],"predecessor-version":[{"id":26423,"href":"https:\/\/www.eldiariodetucuman.com\/web\/wp-json\/wp\/v2\/posts\/26421\/revisions\/26423"}],"wp:featuredmedia":[{"embeddable":true,"href":"https:\/\/www.eldiariodetucuman.com\/web\/wp-json\/wp\/v2\/media\/26422"}],"wp:attachment":[{"href":"https:\/\/www.eldiariodetucuman.com\/web\/wp-json\/wp\/v2\/media?parent=26421"}],"wp:term":[{"taxonomy":"category","embeddable":true,"href":"https:\/\/www.eldiariodetucuman.com\/web\/wp-json\/wp\/v2\/categories?post=26421"},{"taxonomy":"post_tag","embeddable":true,"href":"https:\/\/www.eldiariodetucuman.com\/web\/wp-json\/wp\/v2\/tags?post=26421"}],"curies":[{"name":"wp","href":"https:\/\/api.w.org\/{rel}","templated":true}]}}