{"id":2631,"date":"2017-04-11T01:00:58","date_gmt":"2017-04-11T01:00:58","guid":{"rendered":"http:\/\/www.eldiariodetucuman.com\/web\/?p=2631"},"modified":"2017-04-11T01:29:24","modified_gmt":"2017-04-11T01:29:24","slug":"edgardo-bauza-no-seguira-como-dt-de-la-seleccion-argentina","status":"publish","type":"post","link":"https:\/\/www.eldiariodetucuman.com\/web\/edgardo-bauza-no-seguira-como-dt-de-la-seleccion-argentina\/","title":{"rendered":"Edgardo Bauza no seguir\u00e1 como DT de la Selecci\u00f3n argentina"},"content":{"rendered":"<p><b>Edgardo Bauza<\/b> se hab\u00eda presentado esta ma\u00f1ana en el predio de la AFA en Ezeiza sabiendo que era su \u00faltimo d\u00eda de trabajo. Lleg\u00f3 a las 9.27 a bordo de su camioneta y se fue un par de minutos despu\u00e9s de las 14 bajo una torrencial lluvia sin tomar contacto con los periodistas.<!--more--><\/p>\n<p>Horas m\u00e1s tarde, <b>Gustavo Lescovich<\/b>, representante del \u00abPat\u00f3n\u00bb, mantuvo una reuni\u00f3n con los nuevos dirigentes del f\u00fatbol argentino. La decisi\u00f3n ya estaba tomada, pero se ten\u00edan que acordar los n\u00fameros que percibir\u00e1 el ex t\u00e9cnico de San Lorenzo por su dr\u00e1stica salida.<\/p>\n<p>Tras el encuentro con Lescovich, <b>Claudio \u00abChiqui\u00bb Tapia<\/b> adelant\u00f3 que llegaron a un \u00abacuerdo de palabra\u00bb y en las pr\u00f3ximas horas firmar\u00e1n la desvinculaci\u00f3n. Son varias las cl\u00e1usulas que tiene el contrato de Bauza, v\u00ednculo que firm\u00f3 con la Comisi\u00f3n Normalizadora, por lo que destrabar la situaci\u00f3n no era algo sencillo.<\/p>\n<p>El mal rendimiento del seleccionado en los \u00faltimos partidos, ante Chile y Bolivia, fue lo que llev\u00f3 a tomar la determinaci\u00f3n de buscar un reemplazante para el hasta hoy director t\u00e9cnico. La AFA deber\u00e1 decidir r\u00e1pido, ya que en apenas cuatro fechas se deber\u00e1 definir si es que Argentina estar\u00e1 en Rusia 2018. Por ahora, el nombre del sucesor es una inc\u00f3gnita.<\/p>\n","protected":false},"excerpt":{"rendered":"<p>Edgardo Bauza se hab\u00eda presentado esta ma\u00f1ana en el predio de la AFA en Ezeiza sabiendo que era su \u00faltimo d\u00eda de trabajo. Lleg\u00f3 a las 9.27 a bordo de su camioneta y se fue un par de minutos despu\u00e9s de las 14 bajo una torrencial lluvia sin tomar contacto con los periodistas.<\/p>\n","protected":false},"author":3,"featured_media":2632,"comment_status":"closed","ping_status":"open","sticky":false,"template":"","format":"standard","meta":{"footnotes":""},"categories":[2,6],"tags":[7,823],"class_list":{"0":"post-2631","1":"post","2":"type-post","3":"status-publish","4":"format-standard","5":"has-post-thumbnail","7":"category-actualidad","8":"category-deporte","9":"tag-el-diario-de-tucuman","10":"tag-seleccion"},"yoast_head":"<!-- This site is optimized with the Yoast SEO plugin v27.4 - https:\/\/yoast.com\/product\/yoast-seo-wordpress\/ -->\n<title>Edgardo Bauza no seguir\u00e1 como DT de la Selecci\u00f3n argentina - El Diario de Tucuman<\/title>\n<meta name=\"robots\" content=\"index, follow, max-snippet:-1, max-image-preview:large, max-video-preview:-1\" \/>\n<link rel=\"canonical\" href=\"https:\/\/www.eldiariodetucuman.com\/web\/edgardo-bauza-no-seguira-como-dt-de-la-seleccion-argentina\/\" \/>\n<meta property=\"og:locale\" content=\"es_ES\" \/>\n<meta property=\"og:type\" content=\"article\" \/>\n<meta property=\"og:title\" content=\"Edgardo Bauza no seguir\u00e1 como DT de la Selecci\u00f3n argentina - El Diario de Tucuman\" \/>\n<meta property=\"og:description\" content=\"Edgardo Bauza se hab\u00eda presentado esta ma\u00f1ana en el predio de la AFA en Ezeiza sabiendo que era su \u00faltimo d\u00eda de trabajo. Lleg\u00f3 a las 9.27 a bordo de su camioneta y se fue un par de minutos despu\u00e9s de las 14 bajo una torrencial lluvia sin tomar contacto con los periodistas.\" \/>\n<meta property=\"og:url\" content=\"https:\/\/www.eldiariodetucuman.com\/web\/edgardo-bauza-no-seguira-como-dt-de-la-seleccion-argentina\/\" \/>\n<meta property=\"og:site_name\" content=\"El Diario de Tucuman\" \/>\n<meta property=\"article:published_time\" content=\"2017-04-11T01:00:58+00:00\" \/>\n<meta property=\"article:modified_time\" content=\"2017-04-11T01:29:24+00:00\" \/>\n<meta property=\"og:image\" content=\"https:\/\/www.eldiariodetucuman.com\/web\/wp-content\/uploads\/2017\/04\/725460_20170410205147.jpg\" \/>\n\t<meta property=\"og:image:width\" content=\"500\" \/>\n\t<meta property=\"og:image:height\" content=\"281\" \/>\n\t<meta property=\"og:image:type\" content=\"image\/jpeg\" \/>\n<meta name=\"author\" content=\"El diario de Tucuman\" \/>\n<meta name=\"twitter:card\" content=\"summary_large_image\" \/>\n<meta name=\"twitter:label1\" content=\"Escrito por\" \/>\n\t<meta name=\"twitter:data1\" content=\"El diario de Tucuman\" \/>\n\t<meta name=\"twitter:label2\" content=\"Tiempo de lectura\" \/>\n\t<meta name=\"twitter:data2\" content=\"1 minuto\" \/>\n<script type=\"application\/ld+json\" class=\"yoast-schema-graph\">{\"@context\":\"https:\\\/\\\/schema.org\",\"@graph\":[{\"@type\":\"Article\",\"@id\":\"https:\\\/\\\/www.eldiariodetucuman.com\\\/web\\\/edgardo-bauza-no-seguira-como-dt-de-la-seleccion-argentina\\\/#article\",\"isPartOf\":{\"@id\":\"https:\\\/\\\/www.eldiariodetucuman.com\\\/web\\\/edgardo-bauza-no-seguira-como-dt-de-la-seleccion-argentina\\\/\"},\"author\":{\"name\":\"El diario de Tucuman\",\"@id\":\"https:\\\/\\\/www.eldiariodetucuman.com\\\/web\\\/#\\\/schema\\\/person\\\/3adbe300ecd6242af93c97dab1dc3ba1\"},\"headline\":\"Edgardo Bauza no seguir\u00e1 como DT de la Selecci\u00f3n argentina\",\"datePublished\":\"2017-04-11T01:00:58+00:00\",\"dateModified\":\"2017-04-11T01:29:24+00:00\",\"mainEntityOfPage\":{\"@id\":\"https:\\\/\\\/www.eldiariodetucuman.com\\\/web\\\/edgardo-bauza-no-seguira-como-dt-de-la-seleccion-argentina\\\/\"},\"wordCount\":240,\"publisher\":{\"@id\":\"https:\\\/\\\/www.eldiariodetucuman.com\\\/web\\\/#organization\"},\"image\":{\"@id\":\"https:\\\/\\\/www.eldiariodetucuman.com\\\/web\\\/edgardo-bauza-no-seguira-como-dt-de-la-seleccion-argentina\\\/#primaryimage\"},\"thumbnailUrl\":\"https:\\\/\\\/www.eldiariodetucuman.com\\\/web\\\/wp-content\\\/uploads\\\/2017\\\/04\\\/725460_20170410205147.jpg\",\"keywords\":[\"El Diario de Tucuman\",\"seleccion\"],\"articleSection\":[\"Actualidad\",\"Deporte\"],\"inLanguage\":\"es\"},{\"@type\":\"WebPage\",\"@id\":\"https:\\\/\\\/www.eldiariodetucuman.com\\\/web\\\/edgardo-bauza-no-seguira-como-dt-de-la-seleccion-argentina\\\/\",\"url\":\"https:\\\/\\\/www.eldiariodetucuman.com\\\/web\\\/edgardo-bauza-no-seguira-como-dt-de-la-seleccion-argentina\\\/\",\"name\":\"Edgardo Bauza no seguir\u00e1 como DT de la Selecci\u00f3n argentina - El Diario de Tucuman\",\"isPartOf\":{\"@id\":\"https:\\\/\\\/www.eldiariodetucuman.com\\\/web\\\/#website\"},\"primaryImageOfPage\":{\"@id\":\"https:\\\/\\\/www.eldiariodetucuman.com\\\/web\\\/edgardo-bauza-no-seguira-como-dt-de-la-seleccion-argentina\\\/#primaryimage\"},\"image\":{\"@id\":\"https:\\\/\\\/www.eldiariodetucuman.com\\\/web\\\/edgardo-bauza-no-seguira-como-dt-de-la-seleccion-argentina\\\/#primaryimage\"},\"thumbnailUrl\":\"https:\\\/\\\/www.eldiariodetucuman.com\\\/web\\\/wp-content\\\/uploads\\\/2017\\\/04\\\/725460_20170410205147.jpg\",\"datePublished\":\"2017-04-11T01:00:58+00:00\",\"dateModified\":\"2017-04-11T01:29:24+00:00\",\"breadcrumb\":{\"@id\":\"https:\\\/\\\/www.eldiariodetucuman.com\\\/web\\\/edgardo-bauza-no-seguira-como-dt-de-la-seleccion-argentina\\\/#breadcrumb\"},\"inLanguage\":\"es\",\"potentialAction\":[{\"@type\":\"ReadAction\",\"target\":[\"https:\\\/\\\/www.eldiariodetucuman.com\\\/web\\\/edgardo-bauza-no-seguira-como-dt-de-la-seleccion-argentina\\\/\"]}]},{\"@type\":\"ImageObject\",\"inLanguage\":\"es\",\"@id\":\"https:\\\/\\\/www.eldiariodetucuman.com\\\/web\\\/edgardo-bauza-no-seguira-como-dt-de-la-seleccion-argentina\\\/#primaryimage\",\"url\":\"https:\\\/\\\/www.eldiariodetucuman.com\\\/web\\\/wp-content\\\/uploads\\\/2017\\\/04\\\/725460_20170410205147.jpg\",\"contentUrl\":\"https:\\\/\\\/www.eldiariodetucuman.com\\\/web\\\/wp-content\\\/uploads\\\/2017\\\/04\\\/725460_20170410205147.jpg\",\"width\":500,\"height\":281},{\"@type\":\"BreadcrumbList\",\"@id\":\"https:\\\/\\\/www.eldiariodetucuman.com\\\/web\\\/edgardo-bauza-no-seguira-como-dt-de-la-seleccion-argentina\\\/#breadcrumb\",\"itemListElement\":[{\"@type\":\"ListItem\",\"position\":1,\"name\":\"Portada\",\"item\":\"https:\\\/\\\/www.eldiariodetucuman.com\\\/web\\\/\"},{\"@type\":\"ListItem\",\"position\":2,\"name\":\"Edgardo Bauza no seguir\u00e1 como DT de la Selecci\u00f3n argentina\"}]},{\"@type\":\"WebSite\",\"@id\":\"https:\\\/\\\/www.eldiariodetucuman.com\\\/web\\\/#website\",\"url\":\"https:\\\/\\\/www.eldiariodetucuman.com\\\/web\\\/\",\"name\":\"El Diario de Tucuman\",\"description\":\"Diario Tucuman - Informaci\u00f3n y noticias\",\"publisher\":{\"@id\":\"https:\\\/\\\/www.eldiariodetucuman.com\\\/web\\\/#organization\"},\"potentialAction\":[{\"@type\":\"SearchAction\",\"target\":{\"@type\":\"EntryPoint\",\"urlTemplate\":\"https:\\\/\\\/www.eldiariodetucuman.com\\\/web\\\/?s={search_term_string}\"},\"query-input\":{\"@type\":\"PropertyValueSpecification\",\"valueRequired\":true,\"valueName\":\"search_term_string\"}}],\"inLanguage\":\"es\"},{\"@type\":\"Organization\",\"@id\":\"https:\\\/\\\/www.eldiariodetucuman.com\\\/web\\\/#organization\",\"name\":\"El Diario de Tucuman\",\"url\":\"https:\\\/\\\/www.eldiariodetucuman.com\\\/web\\\/\",\"logo\":{\"@type\":\"ImageObject\",\"inLanguage\":\"es\",\"@id\":\"https:\\\/\\\/www.eldiariodetucuman.com\\\/web\\\/#\\\/schema\\\/logo\\\/image\\\/\",\"url\":\"http:\\\/\\\/www.eldiariodetucuman.com\\\/web\\\/wp-content\\\/uploads\\\/2017\\\/12\\\/el-diario-de-tucuman.jpg\",\"contentUrl\":\"http:\\\/\\\/www.eldiariodetucuman.com\\\/web\\\/wp-content\\\/uploads\\\/2017\\\/12\\\/el-diario-de-tucuman.jpg\",\"width\":272,\"height\":92,\"caption\":\"El Diario de Tucuman\"},\"image\":{\"@id\":\"https:\\\/\\\/www.eldiariodetucuman.com\\\/web\\\/#\\\/schema\\\/logo\\\/image\\\/\"}},{\"@type\":\"Person\",\"@id\":\"https:\\\/\\\/www.eldiariodetucuman.com\\\/web\\\/#\\\/schema\\\/person\\\/3adbe300ecd6242af93c97dab1dc3ba1\",\"name\":\"El diario de Tucuman\",\"image\":{\"@type\":\"ImageObject\",\"inLanguage\":\"es\",\"@id\":\"https:\\\/\\\/secure.gravatar.com\\\/avatar\\\/b7214de193b24d0bd708ac5516aa13d0f20c6560795bfbee06857d5c8ac2f0b2?s=96&d=mm&r=g\",\"url\":\"https:\\\/\\\/secure.gravatar.com\\\/avatar\\\/b7214de193b24d0bd708ac5516aa13d0f20c6560795bfbee06857d5c8ac2f0b2?s=96&d=mm&r=g\",\"contentUrl\":\"https:\\\/\\\/secure.gravatar.com\\\/avatar\\\/b7214de193b24d0bd708ac5516aa13d0f20c6560795bfbee06857d5c8ac2f0b2?s=96&d=mm&r=g\",\"caption\":\"El diario de Tucuman\"},\"url\":\"https:\\\/\\\/www.eldiariodetucuman.com\\\/web\\\/author\\\/mgiobellina\\\/\"}]}<\/script>\n<!-- \/ Yoast SEO plugin. -->","yoast_head_json":{"title":"Edgardo Bauza no seguir\u00e1 como DT de la Selecci\u00f3n argentina - El Diario de Tucuman","robots":{"index":"index","follow":"follow","max-snippet":"max-snippet:-1","max-image-preview":"max-image-preview:large","max-video-preview":"max-video-preview:-1"},"canonical":"https:\/\/www.eldiariodetucuman.com\/web\/edgardo-bauza-no-seguira-como-dt-de-la-seleccion-argentina\/","og_locale":"es_ES","og_type":"article","og_title":"Edgardo Bauza no seguir\u00e1 como DT de la Selecci\u00f3n argentina - El Diario de Tucuman","og_description":"Edgardo Bauza se hab\u00eda presentado esta ma\u00f1ana en el predio de la AFA en Ezeiza sabiendo que era su \u00faltimo d\u00eda de trabajo. Lleg\u00f3 a las 9.27 a bordo de su camioneta y se fue un par de minutos despu\u00e9s de las 14 bajo una torrencial lluvia sin tomar contacto con los periodistas.","og_url":"https:\/\/www.eldiariodetucuman.com\/web\/edgardo-bauza-no-seguira-como-dt-de-la-seleccion-argentina\/","og_site_name":"El Diario de Tucuman","article_published_time":"2017-04-11T01:00:58+00:00","article_modified_time":"2017-04-11T01:29:24+00:00","og_image":[{"width":500,"height":281,"url":"https:\/\/www.eldiariodetucuman.com\/web\/wp-content\/uploads\/2017\/04\/725460_20170410205147.jpg","type":"image\/jpeg"}],"author":"El diario de Tucuman","twitter_card":"summary_large_image","twitter_misc":{"Escrito por":"El diario de Tucuman","Tiempo de lectura":"1 minuto"},"schema":{"@context":"https:\/\/schema.org","@graph":[{"@type":"Article","@id":"https:\/\/www.eldiariodetucuman.com\/web\/edgardo-bauza-no-seguira-como-dt-de-la-seleccion-argentina\/#article","isPartOf":{"@id":"https:\/\/www.eldiariodetucuman.com\/web\/edgardo-bauza-no-seguira-como-dt-de-la-seleccion-argentina\/"},"author":{"name":"El diario de Tucuman","@id":"https:\/\/www.eldiariodetucuman.com\/web\/#\/schema\/person\/3adbe300ecd6242af93c97dab1dc3ba1"},"headline":"Edgardo Bauza no seguir\u00e1 como DT de la Selecci\u00f3n argentina","datePublished":"2017-04-11T01:00:58+00:00","dateModified":"2017-04-11T01:29:24+00:00","mainEntityOfPage":{"@id":"https:\/\/www.eldiariodetucuman.com\/web\/edgardo-bauza-no-seguira-como-dt-de-la-seleccion-argentina\/"},"wordCount":240,"publisher":{"@id":"https:\/\/www.eldiariodetucuman.com\/web\/#organization"},"image":{"@id":"https:\/\/www.eldiariodetucuman.com\/web\/edgardo-bauza-no-seguira-como-dt-de-la-seleccion-argentina\/#primaryimage"},"thumbnailUrl":"https:\/\/www.eldiariodetucuman.com\/web\/wp-content\/uploads\/2017\/04\/725460_20170410205147.jpg","keywords":["El Diario de Tucuman","seleccion"],"articleSection":["Actualidad","Deporte"],"inLanguage":"es"},{"@type":"WebPage","@id":"https:\/\/www.eldiariodetucuman.com\/web\/edgardo-bauza-no-seguira-como-dt-de-la-seleccion-argentina\/","url":"https:\/\/www.eldiariodetucuman.com\/web\/edgardo-bauza-no-seguira-como-dt-de-la-seleccion-argentina\/","name":"Edgardo Bauza no seguir\u00e1 como DT de la Selecci\u00f3n argentina - El Diario de Tucuman","isPartOf":{"@id":"https:\/\/www.eldiariodetucuman.com\/web\/#website"},"primaryImageOfPage":{"@id":"https:\/\/www.eldiariodetucuman.com\/web\/edgardo-bauza-no-seguira-como-dt-de-la-seleccion-argentina\/#primaryimage"},"image":{"@id":"https:\/\/www.eldiariodetucuman.com\/web\/edgardo-bauza-no-seguira-como-dt-de-la-seleccion-argentina\/#primaryimage"},"thumbnailUrl":"https:\/\/www.eldiariodetucuman.com\/web\/wp-content\/uploads\/2017\/04\/725460_20170410205147.jpg","datePublished":"2017-04-11T01:00:58+00:00","dateModified":"2017-04-11T01:29:24+00:00","breadcrumb":{"@id":"https:\/\/www.eldiariodetucuman.com\/web\/edgardo-bauza-no-seguira-como-dt-de-la-seleccion-argentina\/#breadcrumb"},"inLanguage":"es","potentialAction":[{"@type":"ReadAction","target":["https:\/\/www.eldiariodetucuman.com\/web\/edgardo-bauza-no-seguira-como-dt-de-la-seleccion-argentina\/"]}]},{"@type":"ImageObject","inLanguage":"es","@id":"https:\/\/www.eldiariodetucuman.com\/web\/edgardo-bauza-no-seguira-como-dt-de-la-seleccion-argentina\/#primaryimage","url":"https:\/\/www.eldiariodetucuman.com\/web\/wp-content\/uploads\/2017\/04\/725460_20170410205147.jpg","contentUrl":"https:\/\/www.eldiariodetucuman.com\/web\/wp-content\/uploads\/2017\/04\/725460_20170410205147.jpg","width":500,"height":281},{"@type":"BreadcrumbList","@id":"https:\/\/www.eldiariodetucuman.com\/web\/edgardo-bauza-no-seguira-como-dt-de-la-seleccion-argentina\/#breadcrumb","itemListElement":[{"@type":"ListItem","position":1,"name":"Portada","item":"https:\/\/www.eldiariodetucuman.com\/web\/"},{"@type":"ListItem","position":2,"name":"Edgardo Bauza no seguir\u00e1 como DT de la Selecci\u00f3n argentina"}]},{"@type":"WebSite","@id":"https:\/\/www.eldiariodetucuman.com\/web\/#website","url":"https:\/\/www.eldiariodetucuman.com\/web\/","name":"El Diario de Tucuman","description":"Diario Tucuman - Informaci\u00f3n y noticias","publisher":{"@id":"https:\/\/www.eldiariodetucuman.com\/web\/#organization"},"potentialAction":[{"@type":"SearchAction","target":{"@type":"EntryPoint","urlTemplate":"https:\/\/www.eldiariodetucuman.com\/web\/?s={search_term_string}"},"query-input":{"@type":"PropertyValueSpecification","valueRequired":true,"valueName":"search_term_string"}}],"inLanguage":"es"},{"@type":"Organization","@id":"https:\/\/www.eldiariodetucuman.com\/web\/#organization","name":"El Diario de Tucuman","url":"https:\/\/www.eldiariodetucuman.com\/web\/","logo":{"@type":"ImageObject","inLanguage":"es","@id":"https:\/\/www.eldiariodetucuman.com\/web\/#\/schema\/logo\/image\/","url":"http:\/\/www.eldiariodetucuman.com\/web\/wp-content\/uploads\/2017\/12\/el-diario-de-tucuman.jpg","contentUrl":"http:\/\/www.eldiariodetucuman.com\/web\/wp-content\/uploads\/2017\/12\/el-diario-de-tucuman.jpg","width":272,"height":92,"caption":"El Diario de Tucuman"},"image":{"@id":"https:\/\/www.eldiariodetucuman.com\/web\/#\/schema\/logo\/image\/"}},{"@type":"Person","@id":"https:\/\/www.eldiariodetucuman.com\/web\/#\/schema\/person\/3adbe300ecd6242af93c97dab1dc3ba1","name":"El diario de Tucuman","image":{"@type":"ImageObject","inLanguage":"es","@id":"https:\/\/secure.gravatar.com\/avatar\/b7214de193b24d0bd708ac5516aa13d0f20c6560795bfbee06857d5c8ac2f0b2?s=96&d=mm&r=g","url":"https:\/\/secure.gravatar.com\/avatar\/b7214de193b24d0bd708ac5516aa13d0f20c6560795bfbee06857d5c8ac2f0b2?s=96&d=mm&r=g","contentUrl":"https:\/\/secure.gravatar.com\/avatar\/b7214de193b24d0bd708ac5516aa13d0f20c6560795bfbee06857d5c8ac2f0b2?s=96&d=mm&r=g","caption":"El diario de Tucuman"},"url":"https:\/\/www.eldiariodetucuman.com\/web\/author\/mgiobellina\/"}]}},"_links":{"self":[{"href":"https:\/\/www.eldiariodetucuman.com\/web\/wp-json\/wp\/v2\/posts\/2631","targetHints":{"allow":["GET"]}}],"collection":[{"href":"https:\/\/www.eldiariodetucuman.com\/web\/wp-json\/wp\/v2\/posts"}],"about":[{"href":"https:\/\/www.eldiariodetucuman.com\/web\/wp-json\/wp\/v2\/types\/post"}],"author":[{"embeddable":true,"href":"https:\/\/www.eldiariodetucuman.com\/web\/wp-json\/wp\/v2\/users\/3"}],"replies":[{"embeddable":true,"href":"https:\/\/www.eldiariodetucuman.com\/web\/wp-json\/wp\/v2\/comments?post=2631"}],"version-history":[{"count":1,"href":"https:\/\/www.eldiariodetucuman.com\/web\/wp-json\/wp\/v2\/posts\/2631\/revisions"}],"predecessor-version":[{"id":2633,"href":"https:\/\/www.eldiariodetucuman.com\/web\/wp-json\/wp\/v2\/posts\/2631\/revisions\/2633"}],"wp:featuredmedia":[{"embeddable":true,"href":"https:\/\/www.eldiariodetucuman.com\/web\/wp-json\/wp\/v2\/media\/2632"}],"wp:attachment":[{"href":"https:\/\/www.eldiariodetucuman.com\/web\/wp-json\/wp\/v2\/media?parent=2631"}],"wp:term":[{"taxonomy":"category","embeddable":true,"href":"https:\/\/www.eldiariodetucuman.com\/web\/wp-json\/wp\/v2\/categories?post=2631"},{"taxonomy":"post_tag","embeddable":true,"href":"https:\/\/www.eldiariodetucuman.com\/web\/wp-json\/wp\/v2\/tags?post=2631"}],"curies":[{"name":"wp","href":"https:\/\/api.w.org\/{rel}","templated":true}]}}