{"id":2604,"date":"2017-04-01T16:59:28","date_gmt":"2017-04-01T16:59:28","guid":{"rendered":"http:\/\/www.eldiariodetucuman.com\/web\/?p=2604"},"modified":"2017-04-05T16:59:49","modified_gmt":"2017-04-05T16:59:49","slug":"osvaldo-jaldo-los-empleados-legislativos-ya-tienen-su-estatuto","status":"publish","type":"post","link":"https:\/\/www.eldiariodetucuman.com\/web\/osvaldo-jaldo-los-empleados-legislativos-ya-tienen-su-estatuto\/","title":{"rendered":"Osvaldo Jaldo | Los empleados legislativos ya tienen su estatuto"},"content":{"rendered":"<p>Entre los principales beneficios establece que en caso de fallecimiento o jubilaci\u00f3n del agente, el Poder Legislativo dar\u00e1 preferencia para designar a un hijo\/a natural o adoptivo\/a del empleado jubilado o fallecido en actividad o al c\u00f3nyuge y\/o conviviente, siempre que no exista separaci\u00f3n legal o de hecho.<!--more--><\/p>\n<p>En una sesi\u00f3n hist\u00f3rica, la Legislatura a cargo de <strong>Osvalo Jaldo<\/strong>, aprob\u00f3 por unanimidad el Estatuto para el Personal legislativo. La sanci\u00f3n de la norma cont\u00f3 con el acompa\u00f1amiento de los empleados de la casa que colmaron los palcos del recinto para seguir el debate.<\/p>\n<p>La Legisladora Nancy Bulacio, en su car\u00e1cter de Presidenta de la Comisi\u00f3n de Legislaci\u00f3n Social, fue la encargada de exponer el proyecto ante los representantes de los distintos bloques pol\u00edticos: \u201cLos empleados son los verdaderos autores de esta norma, largamente anhelada, los legisladores s\u00f3lo fuimos un instrumento para concretarla\u201d. Y cont\u00f3 que con la puesta en vigencia del mismo las mujeres podr\u00e1n gozar de una licencia especial mensual de un d\u00eda al mes denominada \u201cD\u00eda Femenino\u201d, y tambi\u00e9n podr\u00e1n obtener licencia remunerada en caso de sufrir por violencia de g\u00e9nero. A su turno, el parlamentario, Roque Cativa (coautor del proyecto, junto a Eduardo Bourl\u00e9 y otros) remarc\u00f3: \u201cCon la sanci\u00f3n del estatuto estamos haciendo un hecho de reparaci\u00f3n hist\u00f3rica con los empleados legislativos para salvaguardar sus derechos ante golpes de Estado e intervenciones\u201d.<\/p>\n<p>Entre las conquistas que obtendr\u00e1 el personal legislativo a partir de la puesta en vigencia del nuevo estatuto, est\u00e1 el horario corrido: Los empleados sin extensi\u00f3n horaria cumplir\u00e1n su jornada laboral de 08 a 13 horas, los empleados con 50 % de extensi\u00f3n horaria lo har\u00e1n de 08 a 15 horas, mientras que los empleados con 100% de extensi\u00f3n horaria de de 08 a 17 horas.<\/p>\n<p>Otro de los beneficios a los cuales podr\u00e1n acceder los empleados legislativos, contempla que las personas que se encontrar\u00e1n en situaci\u00f3n de jubilarse en un plazo menor a diez a\u00f1os, desde la vigencia del presente, se promover\u00e1 a dos categor\u00edas inmediatas superiores, hasta un m\u00e1ximo de la categor\u00eda tres del escalaf\u00f3n vigente, independientemente de los ascensos que le correspondieren.<\/p>\n<p>ACUERDO DE JUECES Y MODIFICACIONES A LA LEY N\u00ba8983<\/p>\n<p>Durante la sesi\u00f3n tambi\u00e9n se prest\u00f3 acuerdo a la designaci\u00f3n de nueve jueces, fiscales, defensores oficiales solicitados por el Poder Ejecutivo para cubrir las vacantes en los centros judiciales de Capital, Monteros y Concepci\u00f3n. Y se procedi\u00f3 a la modificaci\u00f3n de la Ley N\u00ba8983 (Ministerio Pupilar y de la Defensa Y Ministerio P\u00fablico Fiscal) .<\/p>\n<p>Entre los cambios realizados a la Ley N\u00ba8983, se destaca que durante el periodo de transici\u00f3n de puesta en funcionamiento de los distintos organismos administrativos del Ministerio Pupilar, y de la defensa y del Ministerio Publico Fiscal, la gesti\u00f3n administrativa se mantendr\u00e1 en la Secretar\u00eda Administrativa de la Corte Suprema de Justicia de Tucum\u00e1n. A medida que el Ministerio de la Defensa o el Ministerio P\u00fablico Fiscal vayan conformando sus estructuras para la atenci\u00f3n de sus funciones administrativas, lo comunicar\u00e1 a la Corte Suprema de Justicia de Tucum\u00e1n y a partir de dicha comunicaci\u00f3n, asumir\u00e1 plenamente las funciones correspondientes.<\/p>\n<p>A la hora de fundamentar las modificaciones, el Legislador Fernando Juri, sostuvo que despu\u00e9s que la Corte declara inaplicable la ley N\u00aa8983 y reasumiera las funciones administrativas, se iniciaron gestiones con distintos sectores del Poder Judicial y legisladores, a los fines de lograr un entendimiento: \u201cY es nuestra responsabilidad, como parlamentarios, encontrar una instancia superadora. Es por eso que hemos consensuado con las partes que estaban en disenso aportando cambios sustanciales al proyecto de la ley anterior, a los fines que la misma tenga viabilidad\u201d.<\/p>\n<p>KIOSCOS SALUDABLES<\/p>\n<p>Con el objetivo de concientizar a los alumnos de los establecimientos educativos, tanto de educaci\u00f3n p\u00fablica como privada, sobre los da\u00f1os que produce en la salud la ingesta de alimentos hipocal\u00f3ricos, buscando en forma paulatina erradicar sus ventas en la escuela, el cuerpo legislativo estableci\u00f3 la obligatoriedad de ofrecer a la venta productos y alimentos saludables en todo kiosco, cantina y cualquier otro punto de expendio en \u00e1mbitos de establecimientos educativos y clubes de car\u00e1cter p\u00fablico o privado en todo el territorio provincial.<\/p>\n<p>La parlamentaria, Silvia Rojk\u00e9s, coautora del proyecto junto a los legisladores Claudio Vi\u00f1a y Alberto Colombres Garmendia entre otros, sostuvo: \u201cLa finalidad de los kioscos saludables es hacer prevenci\u00f3n y apuntan a que los ni\u00f1os y j\u00f3venes aprendan a que se puede comer distinto, a cuidar su cuerpo, aprender a que se puede comer saludablemente\u201d.<\/p>\n<p>La Legislatura sancion\u00f3 tambi\u00e9n, la creaci\u00f3n del Colegio de Pod\u00f3logos de la Provincia de Tucum\u00e0n y aprob\u00f3 un proyecto de Ley enviado por el Poder Ejecutivo, declarando de utilidad p\u00fablica y sujeto a expropiaci\u00f3n un inmueble ubicado en Los Pocitos, departamento Taf\u00ed Viejo destinado a la construcci\u00f3n del centro C\u00edvico de la Provincia.<\/p>\n<p>MEMORIA, VERDAD Y JUSTICIA<\/p>\n<p>En el periodo destinado a los homenajes, los representantes de los distintos bloques pol\u00edticos que componen el Cuerpo, manifestaron su repudio al golpe de Estado ocurrido el 24 de marzo de 1976, y destacaron el coraje de aquellos tucumanos como Francisco e Isauro Arancibia, Guillermo Vargas Aignasse, Jos\u00e9 Chebaia, Ana Corral, Dardo Molina, Ra\u00fal Lechesi, \u00c1ngel Pisarello y Dami\u00e1n M\u00e1rquez, que inmolaron su vida para defender a la democracia. Luego pasaron a un cuarto intermedio para participar de un acto encabezado por el Vicegobernador Osvaldo Jaldo, en el Sal\u00f3n Audit\u00f3rium donde se inaugur\u00f3 el \u00abSitio de la Memoria\u00bb en honor y reconocimiento a los legisladores tucumanos desaparecidos durante la \u00faltima dictadura militar.<\/p>\n","protected":false},"excerpt":{"rendered":"<p>Entre los principales beneficios establece que en caso de fallecimiento o jubilaci\u00f3n del agente, el Poder Legislativo dar\u00e1 preferencia para designar a un hijo\/a natural o adoptivo\/a del empleado jubilado o fallecido en actividad o al c\u00f3nyuge y\/o conviviente, siempre que no exista separaci\u00f3n legal o de hecho.<\/p>\n","protected":false},"author":3,"featured_media":2606,"comment_status":"closed","ping_status":"open","sticky":false,"template":"","format":"standard","meta":{"footnotes":""},"categories":[3],"tags":[813,812,217,61],"class_list":{"0":"post-2604","1":"post","2":"type-post","3":"status-publish","4":"format-standard","5":"has-post-thumbnail","7":"category-politica","8":"tag-estatuto","9":"tag-legislatura","10":"tag-osvaldo-jaldo","11":"tag-tucuman"},"yoast_head":"<!-- This site is optimized with the Yoast SEO plugin v27.4 - https:\/\/yoast.com\/product\/yoast-seo-wordpress\/ -->\n<title>Osvaldo Jaldo | Los empleados legislativos ya tienen su estatuto - El Diario de Tucuman<\/title>\n<meta name=\"robots\" content=\"index, follow, max-snippet:-1, max-image-preview:large, max-video-preview:-1\" \/>\n<link rel=\"canonical\" href=\"https:\/\/www.eldiariodetucuman.com\/web\/osvaldo-jaldo-los-empleados-legislativos-ya-tienen-su-estatuto\/\" \/>\n<meta property=\"og:locale\" content=\"es_ES\" \/>\n<meta property=\"og:type\" content=\"article\" \/>\n<meta property=\"og:title\" content=\"Osvaldo Jaldo | Los empleados legislativos ya tienen su estatuto - El Diario de Tucuman\" \/>\n<meta property=\"og:description\" content=\"Entre los principales beneficios establece que en caso de fallecimiento o jubilaci\u00f3n del agente, el Poder Legislativo dar\u00e1 preferencia para designar a un hijo\/a natural o adoptivo\/a del empleado jubilado o fallecido en actividad o al c\u00f3nyuge y\/o conviviente, siempre que no exista separaci\u00f3n legal o de hecho.\" \/>\n<meta property=\"og:url\" content=\"https:\/\/www.eldiariodetucuman.com\/web\/osvaldo-jaldo-los-empleados-legislativos-ya-tienen-su-estatuto\/\" \/>\n<meta property=\"og:site_name\" content=\"El Diario de Tucuman\" \/>\n<meta property=\"article:published_time\" content=\"2017-04-01T16:59:28+00:00\" \/>\n<meta property=\"article:modified_time\" content=\"2017-04-05T16:59:49+00:00\" \/>\n<meta property=\"og:image\" content=\"https:\/\/www.eldiariodetucuman.com\/web\/wp-content\/uploads\/2017\/04\/osvaldo-jaldo-legislatura-1-e1574948775873.jpg\" \/>\n\t<meta property=\"og:image:width\" content=\"358\" \/>\n\t<meta property=\"og:image:height\" content=\"252\" \/>\n\t<meta property=\"og:image:type\" content=\"image\/jpeg\" \/>\n<meta name=\"author\" content=\"El diario de Tucuman\" \/>\n<meta name=\"twitter:card\" content=\"summary_large_image\" \/>\n<meta name=\"twitter:label1\" content=\"Escrito por\" \/>\n\t<meta name=\"twitter:data1\" content=\"El diario de Tucuman\" \/>\n\t<meta name=\"twitter:label2\" content=\"Tiempo de lectura\" \/>\n\t<meta name=\"twitter:data2\" content=\"5 minutos\" \/>\n<script type=\"application\/ld+json\" class=\"yoast-schema-graph\">{\"@context\":\"https:\\\/\\\/schema.org\",\"@graph\":[{\"@type\":\"Article\",\"@id\":\"https:\\\/\\\/www.eldiariodetucuman.com\\\/web\\\/osvaldo-jaldo-los-empleados-legislativos-ya-tienen-su-estatuto\\\/#article\",\"isPartOf\":{\"@id\":\"https:\\\/\\\/www.eldiariodetucuman.com\\\/web\\\/osvaldo-jaldo-los-empleados-legislativos-ya-tienen-su-estatuto\\\/\"},\"author\":{\"name\":\"El diario de Tucuman\",\"@id\":\"https:\\\/\\\/www.eldiariodetucuman.com\\\/web\\\/#\\\/schema\\\/person\\\/3adbe300ecd6242af93c97dab1dc3ba1\"},\"headline\":\"Osvaldo Jaldo | Los empleados legislativos ya tienen su estatuto\",\"datePublished\":\"2017-04-01T16:59:28+00:00\",\"dateModified\":\"2017-04-05T16:59:49+00:00\",\"mainEntityOfPage\":{\"@id\":\"https:\\\/\\\/www.eldiariodetucuman.com\\\/web\\\/osvaldo-jaldo-los-empleados-legislativos-ya-tienen-su-estatuto\\\/\"},\"wordCount\":982,\"publisher\":{\"@id\":\"https:\\\/\\\/www.eldiariodetucuman.com\\\/web\\\/#organization\"},\"image\":{\"@id\":\"https:\\\/\\\/www.eldiariodetucuman.com\\\/web\\\/osvaldo-jaldo-los-empleados-legislativos-ya-tienen-su-estatuto\\\/#primaryimage\"},\"thumbnailUrl\":\"https:\\\/\\\/www.eldiariodetucuman.com\\\/web\\\/wp-content\\\/uploads\\\/2017\\\/04\\\/osvaldo-jaldo-legislatura-1-e1574948775873.jpg\",\"keywords\":[\"Estatuto\",\"Legislatura\",\"Osvaldo Jaldo\",\"Tucuman\"],\"articleSection\":[\"Politica\"],\"inLanguage\":\"es\"},{\"@type\":\"WebPage\",\"@id\":\"https:\\\/\\\/www.eldiariodetucuman.com\\\/web\\\/osvaldo-jaldo-los-empleados-legislativos-ya-tienen-su-estatuto\\\/\",\"url\":\"https:\\\/\\\/www.eldiariodetucuman.com\\\/web\\\/osvaldo-jaldo-los-empleados-legislativos-ya-tienen-su-estatuto\\\/\",\"name\":\"Osvaldo Jaldo | Los empleados legislativos ya tienen su estatuto - El Diario de Tucuman\",\"isPartOf\":{\"@id\":\"https:\\\/\\\/www.eldiariodetucuman.com\\\/web\\\/#website\"},\"primaryImageOfPage\":{\"@id\":\"https:\\\/\\\/www.eldiariodetucuman.com\\\/web\\\/osvaldo-jaldo-los-empleados-legislativos-ya-tienen-su-estatuto\\\/#primaryimage\"},\"image\":{\"@id\":\"https:\\\/\\\/www.eldiariodetucuman.com\\\/web\\\/osvaldo-jaldo-los-empleados-legislativos-ya-tienen-su-estatuto\\\/#primaryimage\"},\"thumbnailUrl\":\"https:\\\/\\\/www.eldiariodetucuman.com\\\/web\\\/wp-content\\\/uploads\\\/2017\\\/04\\\/osvaldo-jaldo-legislatura-1-e1574948775873.jpg\",\"datePublished\":\"2017-04-01T16:59:28+00:00\",\"dateModified\":\"2017-04-05T16:59:49+00:00\",\"breadcrumb\":{\"@id\":\"https:\\\/\\\/www.eldiariodetucuman.com\\\/web\\\/osvaldo-jaldo-los-empleados-legislativos-ya-tienen-su-estatuto\\\/#breadcrumb\"},\"inLanguage\":\"es\",\"potentialAction\":[{\"@type\":\"ReadAction\",\"target\":[\"https:\\\/\\\/www.eldiariodetucuman.com\\\/web\\\/osvaldo-jaldo-los-empleados-legislativos-ya-tienen-su-estatuto\\\/\"]}]},{\"@type\":\"ImageObject\",\"inLanguage\":\"es\",\"@id\":\"https:\\\/\\\/www.eldiariodetucuman.com\\\/web\\\/osvaldo-jaldo-los-empleados-legislativos-ya-tienen-su-estatuto\\\/#primaryimage\",\"url\":\"https:\\\/\\\/www.eldiariodetucuman.com\\\/web\\\/wp-content\\\/uploads\\\/2017\\\/04\\\/osvaldo-jaldo-legislatura-1-e1574948775873.jpg\",\"contentUrl\":\"https:\\\/\\\/www.eldiariodetucuman.com\\\/web\\\/wp-content\\\/uploads\\\/2017\\\/04\\\/osvaldo-jaldo-legislatura-1-e1574948775873.jpg\",\"width\":358,\"height\":252,\"caption\":\"osvaldo jaldo legislatura 1\"},{\"@type\":\"BreadcrumbList\",\"@id\":\"https:\\\/\\\/www.eldiariodetucuman.com\\\/web\\\/osvaldo-jaldo-los-empleados-legislativos-ya-tienen-su-estatuto\\\/#breadcrumb\",\"itemListElement\":[{\"@type\":\"ListItem\",\"position\":1,\"name\":\"Portada\",\"item\":\"https:\\\/\\\/www.eldiariodetucuman.com\\\/web\\\/\"},{\"@type\":\"ListItem\",\"position\":2,\"name\":\"Osvaldo Jaldo | Los empleados legislativos ya tienen su estatuto\"}]},{\"@type\":\"WebSite\",\"@id\":\"https:\\\/\\\/www.eldiariodetucuman.com\\\/web\\\/#website\",\"url\":\"https:\\\/\\\/www.eldiariodetucuman.com\\\/web\\\/\",\"name\":\"El Diario de Tucuman\",\"description\":\"Diario Tucuman - Informaci\u00f3n y noticias\",\"publisher\":{\"@id\":\"https:\\\/\\\/www.eldiariodetucuman.com\\\/web\\\/#organization\"},\"potentialAction\":[{\"@type\":\"SearchAction\",\"target\":{\"@type\":\"EntryPoint\",\"urlTemplate\":\"https:\\\/\\\/www.eldiariodetucuman.com\\\/web\\\/?s={search_term_string}\"},\"query-input\":{\"@type\":\"PropertyValueSpecification\",\"valueRequired\":true,\"valueName\":\"search_term_string\"}}],\"inLanguage\":\"es\"},{\"@type\":\"Organization\",\"@id\":\"https:\\\/\\\/www.eldiariodetucuman.com\\\/web\\\/#organization\",\"name\":\"El Diario de Tucuman\",\"url\":\"https:\\\/\\\/www.eldiariodetucuman.com\\\/web\\\/\",\"logo\":{\"@type\":\"ImageObject\",\"inLanguage\":\"es\",\"@id\":\"https:\\\/\\\/www.eldiariodetucuman.com\\\/web\\\/#\\\/schema\\\/logo\\\/image\\\/\",\"url\":\"http:\\\/\\\/www.eldiariodetucuman.com\\\/web\\\/wp-content\\\/uploads\\\/2017\\\/12\\\/el-diario-de-tucuman.jpg\",\"contentUrl\":\"http:\\\/\\\/www.eldiariodetucuman.com\\\/web\\\/wp-content\\\/uploads\\\/2017\\\/12\\\/el-diario-de-tucuman.jpg\",\"width\":272,\"height\":92,\"caption\":\"El Diario de Tucuman\"},\"image\":{\"@id\":\"https:\\\/\\\/www.eldiariodetucuman.com\\\/web\\\/#\\\/schema\\\/logo\\\/image\\\/\"}},{\"@type\":\"Person\",\"@id\":\"https:\\\/\\\/www.eldiariodetucuman.com\\\/web\\\/#\\\/schema\\\/person\\\/3adbe300ecd6242af93c97dab1dc3ba1\",\"name\":\"El diario de Tucuman\",\"image\":{\"@type\":\"ImageObject\",\"inLanguage\":\"es\",\"@id\":\"https:\\\/\\\/secure.gravatar.com\\\/avatar\\\/b7214de193b24d0bd708ac5516aa13d0f20c6560795bfbee06857d5c8ac2f0b2?s=96&d=mm&r=g\",\"url\":\"https:\\\/\\\/secure.gravatar.com\\\/avatar\\\/b7214de193b24d0bd708ac5516aa13d0f20c6560795bfbee06857d5c8ac2f0b2?s=96&d=mm&r=g\",\"contentUrl\":\"https:\\\/\\\/secure.gravatar.com\\\/avatar\\\/b7214de193b24d0bd708ac5516aa13d0f20c6560795bfbee06857d5c8ac2f0b2?s=96&d=mm&r=g\",\"caption\":\"El diario de Tucuman\"},\"url\":\"https:\\\/\\\/www.eldiariodetucuman.com\\\/web\\\/author\\\/mgiobellina\\\/\"}]}<\/script>\n<!-- \/ Yoast SEO plugin. -->","yoast_head_json":{"title":"Osvaldo Jaldo | Los empleados legislativos ya tienen su estatuto - El Diario de Tucuman","robots":{"index":"index","follow":"follow","max-snippet":"max-snippet:-1","max-image-preview":"max-image-preview:large","max-video-preview":"max-video-preview:-1"},"canonical":"https:\/\/www.eldiariodetucuman.com\/web\/osvaldo-jaldo-los-empleados-legislativos-ya-tienen-su-estatuto\/","og_locale":"es_ES","og_type":"article","og_title":"Osvaldo Jaldo | Los empleados legislativos ya tienen su estatuto - El Diario de Tucuman","og_description":"Entre los principales beneficios establece que en caso de fallecimiento o jubilaci\u00f3n del agente, el Poder Legislativo dar\u00e1 preferencia para designar a un hijo\/a natural o adoptivo\/a del empleado jubilado o fallecido en actividad o al c\u00f3nyuge y\/o conviviente, siempre que no exista separaci\u00f3n legal o de hecho.","og_url":"https:\/\/www.eldiariodetucuman.com\/web\/osvaldo-jaldo-los-empleados-legislativos-ya-tienen-su-estatuto\/","og_site_name":"El Diario de Tucuman","article_published_time":"2017-04-01T16:59:28+00:00","article_modified_time":"2017-04-05T16:59:49+00:00","og_image":[{"width":358,"height":252,"url":"https:\/\/www.eldiariodetucuman.com\/web\/wp-content\/uploads\/2017\/04\/osvaldo-jaldo-legislatura-1-e1574948775873.jpg","type":"image\/jpeg"}],"author":"El diario de Tucuman","twitter_card":"summary_large_image","twitter_misc":{"Escrito por":"El diario de Tucuman","Tiempo de lectura":"5 minutos"},"schema":{"@context":"https:\/\/schema.org","@graph":[{"@type":"Article","@id":"https:\/\/www.eldiariodetucuman.com\/web\/osvaldo-jaldo-los-empleados-legislativos-ya-tienen-su-estatuto\/#article","isPartOf":{"@id":"https:\/\/www.eldiariodetucuman.com\/web\/osvaldo-jaldo-los-empleados-legislativos-ya-tienen-su-estatuto\/"},"author":{"name":"El diario de Tucuman","@id":"https:\/\/www.eldiariodetucuman.com\/web\/#\/schema\/person\/3adbe300ecd6242af93c97dab1dc3ba1"},"headline":"Osvaldo Jaldo | Los empleados legislativos ya tienen su estatuto","datePublished":"2017-04-01T16:59:28+00:00","dateModified":"2017-04-05T16:59:49+00:00","mainEntityOfPage":{"@id":"https:\/\/www.eldiariodetucuman.com\/web\/osvaldo-jaldo-los-empleados-legislativos-ya-tienen-su-estatuto\/"},"wordCount":982,"publisher":{"@id":"https:\/\/www.eldiariodetucuman.com\/web\/#organization"},"image":{"@id":"https:\/\/www.eldiariodetucuman.com\/web\/osvaldo-jaldo-los-empleados-legislativos-ya-tienen-su-estatuto\/#primaryimage"},"thumbnailUrl":"https:\/\/www.eldiariodetucuman.com\/web\/wp-content\/uploads\/2017\/04\/osvaldo-jaldo-legislatura-1-e1574948775873.jpg","keywords":["Estatuto","Legislatura","Osvaldo Jaldo","Tucuman"],"articleSection":["Politica"],"inLanguage":"es"},{"@type":"WebPage","@id":"https:\/\/www.eldiariodetucuman.com\/web\/osvaldo-jaldo-los-empleados-legislativos-ya-tienen-su-estatuto\/","url":"https:\/\/www.eldiariodetucuman.com\/web\/osvaldo-jaldo-los-empleados-legislativos-ya-tienen-su-estatuto\/","name":"Osvaldo Jaldo | Los empleados legislativos ya tienen su estatuto - El Diario de Tucuman","isPartOf":{"@id":"https:\/\/www.eldiariodetucuman.com\/web\/#website"},"primaryImageOfPage":{"@id":"https:\/\/www.eldiariodetucuman.com\/web\/osvaldo-jaldo-los-empleados-legislativos-ya-tienen-su-estatuto\/#primaryimage"},"image":{"@id":"https:\/\/www.eldiariodetucuman.com\/web\/osvaldo-jaldo-los-empleados-legislativos-ya-tienen-su-estatuto\/#primaryimage"},"thumbnailUrl":"https:\/\/www.eldiariodetucuman.com\/web\/wp-content\/uploads\/2017\/04\/osvaldo-jaldo-legislatura-1-e1574948775873.jpg","datePublished":"2017-04-01T16:59:28+00:00","dateModified":"2017-04-05T16:59:49+00:00","breadcrumb":{"@id":"https:\/\/www.eldiariodetucuman.com\/web\/osvaldo-jaldo-los-empleados-legislativos-ya-tienen-su-estatuto\/#breadcrumb"},"inLanguage":"es","potentialAction":[{"@type":"ReadAction","target":["https:\/\/www.eldiariodetucuman.com\/web\/osvaldo-jaldo-los-empleados-legislativos-ya-tienen-su-estatuto\/"]}]},{"@type":"ImageObject","inLanguage":"es","@id":"https:\/\/www.eldiariodetucuman.com\/web\/osvaldo-jaldo-los-empleados-legislativos-ya-tienen-su-estatuto\/#primaryimage","url":"https:\/\/www.eldiariodetucuman.com\/web\/wp-content\/uploads\/2017\/04\/osvaldo-jaldo-legislatura-1-e1574948775873.jpg","contentUrl":"https:\/\/www.eldiariodetucuman.com\/web\/wp-content\/uploads\/2017\/04\/osvaldo-jaldo-legislatura-1-e1574948775873.jpg","width":358,"height":252,"caption":"osvaldo jaldo legislatura 1"},{"@type":"BreadcrumbList","@id":"https:\/\/www.eldiariodetucuman.com\/web\/osvaldo-jaldo-los-empleados-legislativos-ya-tienen-su-estatuto\/#breadcrumb","itemListElement":[{"@type":"ListItem","position":1,"name":"Portada","item":"https:\/\/www.eldiariodetucuman.com\/web\/"},{"@type":"ListItem","position":2,"name":"Osvaldo Jaldo | Los empleados legislativos ya tienen su estatuto"}]},{"@type":"WebSite","@id":"https:\/\/www.eldiariodetucuman.com\/web\/#website","url":"https:\/\/www.eldiariodetucuman.com\/web\/","name":"El Diario de Tucuman","description":"Diario Tucuman - Informaci\u00f3n y noticias","publisher":{"@id":"https:\/\/www.eldiariodetucuman.com\/web\/#organization"},"potentialAction":[{"@type":"SearchAction","target":{"@type":"EntryPoint","urlTemplate":"https:\/\/www.eldiariodetucuman.com\/web\/?s={search_term_string}"},"query-input":{"@type":"PropertyValueSpecification","valueRequired":true,"valueName":"search_term_string"}}],"inLanguage":"es"},{"@type":"Organization","@id":"https:\/\/www.eldiariodetucuman.com\/web\/#organization","name":"El Diario de Tucuman","url":"https:\/\/www.eldiariodetucuman.com\/web\/","logo":{"@type":"ImageObject","inLanguage":"es","@id":"https:\/\/www.eldiariodetucuman.com\/web\/#\/schema\/logo\/image\/","url":"http:\/\/www.eldiariodetucuman.com\/web\/wp-content\/uploads\/2017\/12\/el-diario-de-tucuman.jpg","contentUrl":"http:\/\/www.eldiariodetucuman.com\/web\/wp-content\/uploads\/2017\/12\/el-diario-de-tucuman.jpg","width":272,"height":92,"caption":"El Diario de Tucuman"},"image":{"@id":"https:\/\/www.eldiariodetucuman.com\/web\/#\/schema\/logo\/image\/"}},{"@type":"Person","@id":"https:\/\/www.eldiariodetucuman.com\/web\/#\/schema\/person\/3adbe300ecd6242af93c97dab1dc3ba1","name":"El diario de Tucuman","image":{"@type":"ImageObject","inLanguage":"es","@id":"https:\/\/secure.gravatar.com\/avatar\/b7214de193b24d0bd708ac5516aa13d0f20c6560795bfbee06857d5c8ac2f0b2?s=96&d=mm&r=g","url":"https:\/\/secure.gravatar.com\/avatar\/b7214de193b24d0bd708ac5516aa13d0f20c6560795bfbee06857d5c8ac2f0b2?s=96&d=mm&r=g","contentUrl":"https:\/\/secure.gravatar.com\/avatar\/b7214de193b24d0bd708ac5516aa13d0f20c6560795bfbee06857d5c8ac2f0b2?s=96&d=mm&r=g","caption":"El diario de Tucuman"},"url":"https:\/\/www.eldiariodetucuman.com\/web\/author\/mgiobellina\/"}]}},"_links":{"self":[{"href":"https:\/\/www.eldiariodetucuman.com\/web\/wp-json\/wp\/v2\/posts\/2604","targetHints":{"allow":["GET"]}}],"collection":[{"href":"https:\/\/www.eldiariodetucuman.com\/web\/wp-json\/wp\/v2\/posts"}],"about":[{"href":"https:\/\/www.eldiariodetucuman.com\/web\/wp-json\/wp\/v2\/types\/post"}],"author":[{"embeddable":true,"href":"https:\/\/www.eldiariodetucuman.com\/web\/wp-json\/wp\/v2\/users\/3"}],"replies":[{"embeddable":true,"href":"https:\/\/www.eldiariodetucuman.com\/web\/wp-json\/wp\/v2\/comments?post=2604"}],"version-history":[{"count":1,"href":"https:\/\/www.eldiariodetucuman.com\/web\/wp-json\/wp\/v2\/posts\/2604\/revisions"}],"predecessor-version":[{"id":2607,"href":"https:\/\/www.eldiariodetucuman.com\/web\/wp-json\/wp\/v2\/posts\/2604\/revisions\/2607"}],"wp:featuredmedia":[{"embeddable":true,"href":"https:\/\/www.eldiariodetucuman.com\/web\/wp-json\/wp\/v2\/media\/2606"}],"wp:attachment":[{"href":"https:\/\/www.eldiariodetucuman.com\/web\/wp-json\/wp\/v2\/media?parent=2604"}],"wp:term":[{"taxonomy":"category","embeddable":true,"href":"https:\/\/www.eldiariodetucuman.com\/web\/wp-json\/wp\/v2\/categories?post=2604"},{"taxonomy":"post_tag","embeddable":true,"href":"https:\/\/www.eldiariodetucuman.com\/web\/wp-json\/wp\/v2\/tags?post=2604"}],"curies":[{"name":"wp","href":"https:\/\/api.w.org\/{rel}","templated":true}]}}