{"id":25964,"date":"2019-12-10T08:58:04","date_gmt":"2019-12-10T11:58:04","guid":{"rendered":"http:\/\/www.eldiariodetucuman.com\/web\/?p=25964"},"modified":"2019-12-10T08:59:10","modified_gmt":"2019-12-10T11:59:10","slug":"quien-es-la-cientifica-tucumana-que-integrara-el-gabinete-de-alberto-fernandez","status":"publish","type":"post","link":"https:\/\/www.eldiariodetucuman.com\/web\/quien-es-la-cientifica-tucumana-que-integrara-el-gabinete-de-alberto-fernandez\/","title":{"rendered":"Qui\u00e9n es la cient\u00edfica tucumana que integrar\u00e1 el gabinete de Alberto Fern\u00e1ndez"},"content":{"rendered":"<header class=\"entry-header\"><\/header>\n<p id=\"breadcrumbs\"><span class=\"breadcrumb_last\" aria-current=\"page\">Una cient\u00edfica tucumana, elegida para integrar un \u00e1rea clave del gabinete de Alberto Fern\u00e1ndez.<\/span><\/p>\n<p><!--more--><\/p>\n<p class=\"post-thumbnail\">Hoy es el d\u00eda fijado para la asunci\u00f3n de Alberto Fern\u00e1ndez al frente del Ejecutivo Nacional. El pasado viernes, el pr\u00f3ximo presidente present\u00f3 a los fuincionarios que integrar\u00e1n el nuevo gabinete de Gobierno.<\/p>\n<p class=\"post-thumbnail\">La buena noticia es que una de las \u00e1reas claves para el desarrollo volver\u00e1 a ser ministerio y estar\u00e1 a cargo de <strong>Roberto Salvarezza<\/strong>: Ciencia y Tecnolog\u00eda.<\/p>\n<p class=\"post-thumbnail\">Pero, como si fuera poco, se conoci\u00f3 que la docente e investigadora\u00a0 del Conicet y la Universidad Nacional de Tucum\u00e1n, <strong>Elisa Margarita Colombo<\/strong>, ser\u00e1 la titular de la\u00a0<strong>Secretar\u00eda de Federalizaci\u00f3n de la Ciencia<\/strong>, que tiene en su \u00f3rbita el\u00a0<strong>Consejo Federal de Ciencia y Tecnolog\u00eda.\u00a0<\/strong> La tucumana tendr\u00e1 la dif\u00edcil tarea de federalizar la ciencia en todo el territorio argentino.<\/p>\n<p class=\"post-thumbnail\"><strong>\u00bfQui\u00e9n es Elisa Margarita Colombo?<\/strong><\/p>\n<p class=\"post-thumbnail\">Es tucumana, doctora en f\u00edsica, docente e investigadora de la UNT. Se ha desempe\u00f1ado adem\u00e1s como directora del Centro Cient\u00edfico y Tecnol\u00f3gico del CONICET y del Instituto de Investigaci\u00f3n en Luz, Ambiente y Visi\u00f3n de doble dependencia del Conicet y la Casa de Altos Estudios tucumana.<\/p>\n<p class=\"post-thumbnail\">Colombo es coordinadora del programa <strong>M\u00e1s Ciencia<\/strong>\u00a0del Ministerio de Educaci\u00f3n de Tucum\u00e1n, cuyo objetivo es \u201cdar continuidad y que no se queden sin trabajo los cient\u00edficos formados que no ingresan a la Carrera del Investigador (CIC) del CONICET por una cuesti\u00f3n de cupo y contribuir a establecer las bases de colaboraci\u00f3n que permitan llevar a cabo un proyecto para atender la emergencia alimentaria de comedores ubicados en zonas de alta <strong>vulnerabilidad social de la Provincia\u201d.<\/strong><\/p>\n<div class=\"entry-content\">\n<div><strong>Fuente:<\/strong> <a href=\"http:\/\/www.tucsinfiltro.com.ar\/una-cientifica-tucumana-integrara-un-area-clave-en-el-gabinete-de-alberto-fernandez\/\">http:\/\/www.tucsinfiltro.com.ar\/una-cientifica-tucumana-integrara-un-area-clave-en-el-gabinete-de-alberto-fernandez\/<\/a><\/div>\n<\/div>\n","protected":false},"excerpt":{"rendered":"<p>Una cient\u00edfica tucumana, elegida para integrar un \u00e1rea clave del gabinete de Alberto Fern\u00e1ndez.<\/p>\n","protected":false},"author":5,"featured_media":25965,"comment_status":"closed","ping_status":"open","sticky":false,"template":"","format":"standard","meta":{"footnotes":""},"categories":[2],"tags":[2695,3007,1655,61],"class_list":{"0":"post-25964","1":"post","2":"type-post","3":"status-publish","4":"format-standard","5":"has-post-thumbnail","7":"category-actualidad","8":"tag-alberto-fernandez","9":"tag-cientifica","10":"tag-conicet","11":"tag-tucuman"},"yoast_head":"<!-- This site is optimized with the Yoast SEO plugin v27.5 - https:\/\/yoast.com\/product\/yoast-seo-wordpress\/ -->\n<title>Qui\u00e9n es la cient\u00edfica tucumana que integrar\u00e1 el gabinete de Alberto Fern\u00e1ndez - El Diario de Tucuman<\/title>\n<meta name=\"robots\" content=\"index, follow, max-snippet:-1, max-image-preview:large, max-video-preview:-1\" \/>\n<link rel=\"canonical\" href=\"https:\/\/www.eldiariodetucuman.com\/web\/quien-es-la-cientifica-tucumana-que-integrara-el-gabinete-de-alberto-fernandez\/\" \/>\n<meta property=\"og:locale\" content=\"es_ES\" \/>\n<meta property=\"og:type\" content=\"article\" \/>\n<meta property=\"og:title\" content=\"Qui\u00e9n es la cient\u00edfica tucumana que integrar\u00e1 el gabinete de Alberto Fern\u00e1ndez - El Diario de Tucuman\" \/>\n<meta property=\"og:description\" content=\"Una cient\u00edfica tucumana, elegida para integrar un \u00e1rea clave del gabinete de Alberto Fern\u00e1ndez.\" \/>\n<meta property=\"og:url\" content=\"https:\/\/www.eldiariodetucuman.com\/web\/quien-es-la-cientifica-tucumana-que-integrara-el-gabinete-de-alberto-fernandez\/\" \/>\n<meta property=\"og:site_name\" content=\"El Diario de Tucuman\" \/>\n<meta property=\"article:published_time\" content=\"2019-12-10T11:58:04+00:00\" \/>\n<meta property=\"article:modified_time\" content=\"2019-12-10T11:59:10+00:00\" \/>\n<meta property=\"og:image\" content=\"https:\/\/www.eldiariodetucuman.com\/web\/wp-content\/uploads\/2019\/12\/cient\u00edfica.jpg\" \/>\n\t<meta property=\"og:image:width\" content=\"768\" \/>\n\t<meta property=\"og:image:height\" content=\"512\" \/>\n\t<meta property=\"og:image:type\" content=\"image\/jpeg\" \/>\n<meta name=\"author\" content=\"Redactor Uno\" \/>\n<meta name=\"twitter:card\" content=\"summary_large_image\" \/>\n<meta name=\"twitter:label1\" content=\"Escrito por\" \/>\n\t<meta name=\"twitter:data1\" content=\"Redactor Uno\" \/>\n\t<meta name=\"twitter:label2\" content=\"Tiempo de lectura\" \/>\n\t<meta name=\"twitter:data2\" content=\"1 minuto\" \/>\n<script type=\"application\/ld+json\" class=\"yoast-schema-graph\">{\"@context\":\"https:\\\/\\\/schema.org\",\"@graph\":[{\"@type\":\"Article\",\"@id\":\"https:\\\/\\\/www.eldiariodetucuman.com\\\/web\\\/quien-es-la-cientifica-tucumana-que-integrara-el-gabinete-de-alberto-fernandez\\\/#article\",\"isPartOf\":{\"@id\":\"https:\\\/\\\/www.eldiariodetucuman.com\\\/web\\\/quien-es-la-cientifica-tucumana-que-integrara-el-gabinete-de-alberto-fernandez\\\/\"},\"author\":{\"name\":\"Redactor Uno\",\"@id\":\"https:\\\/\\\/www.eldiariodetucuman.com\\\/web\\\/#\\\/schema\\\/person\\\/7e6644a46e60888f6b868594407e08dd\"},\"headline\":\"Qui\u00e9n es la cient\u00edfica tucumana que integrar\u00e1 el gabinete de Alberto Fern\u00e1ndez\",\"datePublished\":\"2019-12-10T11:58:04+00:00\",\"dateModified\":\"2019-12-10T11:59:10+00:00\",\"mainEntityOfPage\":{\"@id\":\"https:\\\/\\\/www.eldiariodetucuman.com\\\/web\\\/quien-es-la-cientifica-tucumana-que-integrara-el-gabinete-de-alberto-fernandez\\\/\"},\"wordCount\":311,\"publisher\":{\"@id\":\"https:\\\/\\\/www.eldiariodetucuman.com\\\/web\\\/#organization\"},\"image\":{\"@id\":\"https:\\\/\\\/www.eldiariodetucuman.com\\\/web\\\/quien-es-la-cientifica-tucumana-que-integrara-el-gabinete-de-alberto-fernandez\\\/#primaryimage\"},\"thumbnailUrl\":\"https:\\\/\\\/www.eldiariodetucuman.com\\\/web\\\/wp-content\\\/uploads\\\/2019\\\/12\\\/cient\u00edfica.jpg\",\"keywords\":[\"alberto fern\u00e1ndez\",\"Cient\u00edfica\",\"conicet\",\"Tucuman\"],\"articleSection\":[\"Actualidad\"],\"inLanguage\":\"es\"},{\"@type\":\"WebPage\",\"@id\":\"https:\\\/\\\/www.eldiariodetucuman.com\\\/web\\\/quien-es-la-cientifica-tucumana-que-integrara-el-gabinete-de-alberto-fernandez\\\/\",\"url\":\"https:\\\/\\\/www.eldiariodetucuman.com\\\/web\\\/quien-es-la-cientifica-tucumana-que-integrara-el-gabinete-de-alberto-fernandez\\\/\",\"name\":\"Qui\u00e9n es la cient\u00edfica tucumana que integrar\u00e1 el gabinete de Alberto Fern\u00e1ndez - El Diario de Tucuman\",\"isPartOf\":{\"@id\":\"https:\\\/\\\/www.eldiariodetucuman.com\\\/web\\\/#website\"},\"primaryImageOfPage\":{\"@id\":\"https:\\\/\\\/www.eldiariodetucuman.com\\\/web\\\/quien-es-la-cientifica-tucumana-que-integrara-el-gabinete-de-alberto-fernandez\\\/#primaryimage\"},\"image\":{\"@id\":\"https:\\\/\\\/www.eldiariodetucuman.com\\\/web\\\/quien-es-la-cientifica-tucumana-que-integrara-el-gabinete-de-alberto-fernandez\\\/#primaryimage\"},\"thumbnailUrl\":\"https:\\\/\\\/www.eldiariodetucuman.com\\\/web\\\/wp-content\\\/uploads\\\/2019\\\/12\\\/cient\u00edfica.jpg\",\"datePublished\":\"2019-12-10T11:58:04+00:00\",\"dateModified\":\"2019-12-10T11:59:10+00:00\",\"breadcrumb\":{\"@id\":\"https:\\\/\\\/www.eldiariodetucuman.com\\\/web\\\/quien-es-la-cientifica-tucumana-que-integrara-el-gabinete-de-alberto-fernandez\\\/#breadcrumb\"},\"inLanguage\":\"es\",\"potentialAction\":[{\"@type\":\"ReadAction\",\"target\":[\"https:\\\/\\\/www.eldiariodetucuman.com\\\/web\\\/quien-es-la-cientifica-tucumana-que-integrara-el-gabinete-de-alberto-fernandez\\\/\"]}]},{\"@type\":\"ImageObject\",\"inLanguage\":\"es\",\"@id\":\"https:\\\/\\\/www.eldiariodetucuman.com\\\/web\\\/quien-es-la-cientifica-tucumana-que-integrara-el-gabinete-de-alberto-fernandez\\\/#primaryimage\",\"url\":\"https:\\\/\\\/www.eldiariodetucuman.com\\\/web\\\/wp-content\\\/uploads\\\/2019\\\/12\\\/cient\u00edfica.jpg\",\"contentUrl\":\"https:\\\/\\\/www.eldiariodetucuman.com\\\/web\\\/wp-content\\\/uploads\\\/2019\\\/12\\\/cient\u00edfica.jpg\",\"width\":768,\"height\":512},{\"@type\":\"BreadcrumbList\",\"@id\":\"https:\\\/\\\/www.eldiariodetucuman.com\\\/web\\\/quien-es-la-cientifica-tucumana-que-integrara-el-gabinete-de-alberto-fernandez\\\/#breadcrumb\",\"itemListElement\":[{\"@type\":\"ListItem\",\"position\":1,\"name\":\"Portada\",\"item\":\"https:\\\/\\\/www.eldiariodetucuman.com\\\/web\\\/\"},{\"@type\":\"ListItem\",\"position\":2,\"name\":\"Qui\u00e9n es la cient\u00edfica tucumana que integrar\u00e1 el gabinete de Alberto Fern\u00e1ndez\"}]},{\"@type\":\"WebSite\",\"@id\":\"https:\\\/\\\/www.eldiariodetucuman.com\\\/web\\\/#website\",\"url\":\"https:\\\/\\\/www.eldiariodetucuman.com\\\/web\\\/\",\"name\":\"El Diario de Tucuman\",\"description\":\"Diario Tucuman - Informaci\u00f3n y noticias\",\"publisher\":{\"@id\":\"https:\\\/\\\/www.eldiariodetucuman.com\\\/web\\\/#organization\"},\"potentialAction\":[{\"@type\":\"SearchAction\",\"target\":{\"@type\":\"EntryPoint\",\"urlTemplate\":\"https:\\\/\\\/www.eldiariodetucuman.com\\\/web\\\/?s={search_term_string}\"},\"query-input\":{\"@type\":\"PropertyValueSpecification\",\"valueRequired\":true,\"valueName\":\"search_term_string\"}}],\"inLanguage\":\"es\"},{\"@type\":\"Organization\",\"@id\":\"https:\\\/\\\/www.eldiariodetucuman.com\\\/web\\\/#organization\",\"name\":\"El Diario de Tucuman\",\"url\":\"https:\\\/\\\/www.eldiariodetucuman.com\\\/web\\\/\",\"logo\":{\"@type\":\"ImageObject\",\"inLanguage\":\"es\",\"@id\":\"https:\\\/\\\/www.eldiariodetucuman.com\\\/web\\\/#\\\/schema\\\/logo\\\/image\\\/\",\"url\":\"http:\\\/\\\/www.eldiariodetucuman.com\\\/web\\\/wp-content\\\/uploads\\\/2017\\\/12\\\/el-diario-de-tucuman.jpg\",\"contentUrl\":\"http:\\\/\\\/www.eldiariodetucuman.com\\\/web\\\/wp-content\\\/uploads\\\/2017\\\/12\\\/el-diario-de-tucuman.jpg\",\"width\":272,\"height\":92,\"caption\":\"El Diario de Tucuman\"},\"image\":{\"@id\":\"https:\\\/\\\/www.eldiariodetucuman.com\\\/web\\\/#\\\/schema\\\/logo\\\/image\\\/\"}},{\"@type\":\"Person\",\"@id\":\"https:\\\/\\\/www.eldiariodetucuman.com\\\/web\\\/#\\\/schema\\\/person\\\/7e6644a46e60888f6b868594407e08dd\",\"name\":\"Redactor Uno\",\"image\":{\"@type\":\"ImageObject\",\"inLanguage\":\"es\",\"@id\":\"https:\\\/\\\/secure.gravatar.com\\\/avatar\\\/0049b1bdf1bd548385c9ea6b9356431717930913089febd2ba904f0187d7d074?s=96&d=mm&r=g\",\"url\":\"https:\\\/\\\/secure.gravatar.com\\\/avatar\\\/0049b1bdf1bd548385c9ea6b9356431717930913089febd2ba904f0187d7d074?s=96&d=mm&r=g\",\"contentUrl\":\"https:\\\/\\\/secure.gravatar.com\\\/avatar\\\/0049b1bdf1bd548385c9ea6b9356431717930913089febd2ba904f0187d7d074?s=96&d=mm&r=g\",\"caption\":\"Redactor Uno\"},\"url\":\"https:\\\/\\\/www.eldiariodetucuman.com\\\/web\\\/author\\\/mramasco\\\/\"}]}<\/script>\n<!-- \/ Yoast SEO plugin. -->","yoast_head_json":{"title":"Qui\u00e9n es la cient\u00edfica tucumana que integrar\u00e1 el gabinete de Alberto Fern\u00e1ndez - El Diario de Tucuman","robots":{"index":"index","follow":"follow","max-snippet":"max-snippet:-1","max-image-preview":"max-image-preview:large","max-video-preview":"max-video-preview:-1"},"canonical":"https:\/\/www.eldiariodetucuman.com\/web\/quien-es-la-cientifica-tucumana-que-integrara-el-gabinete-de-alberto-fernandez\/","og_locale":"es_ES","og_type":"article","og_title":"Qui\u00e9n es la cient\u00edfica tucumana que integrar\u00e1 el gabinete de Alberto Fern\u00e1ndez - El Diario de Tucuman","og_description":"Una cient\u00edfica tucumana, elegida para integrar un \u00e1rea clave del gabinete de Alberto Fern\u00e1ndez.","og_url":"https:\/\/www.eldiariodetucuman.com\/web\/quien-es-la-cientifica-tucumana-que-integrara-el-gabinete-de-alberto-fernandez\/","og_site_name":"El Diario de Tucuman","article_published_time":"2019-12-10T11:58:04+00:00","article_modified_time":"2019-12-10T11:59:10+00:00","og_image":[{"width":768,"height":512,"url":"https:\/\/www.eldiariodetucuman.com\/web\/wp-content\/uploads\/2019\/12\/cient\u00edfica.jpg","type":"image\/jpeg"}],"author":"Redactor Uno","twitter_card":"summary_large_image","twitter_misc":{"Escrito por":"Redactor Uno","Tiempo de lectura":"1 minuto"},"schema":{"@context":"https:\/\/schema.org","@graph":[{"@type":"Article","@id":"https:\/\/www.eldiariodetucuman.com\/web\/quien-es-la-cientifica-tucumana-que-integrara-el-gabinete-de-alberto-fernandez\/#article","isPartOf":{"@id":"https:\/\/www.eldiariodetucuman.com\/web\/quien-es-la-cientifica-tucumana-que-integrara-el-gabinete-de-alberto-fernandez\/"},"author":{"name":"Redactor Uno","@id":"https:\/\/www.eldiariodetucuman.com\/web\/#\/schema\/person\/7e6644a46e60888f6b868594407e08dd"},"headline":"Qui\u00e9n es la cient\u00edfica tucumana que integrar\u00e1 el gabinete de Alberto Fern\u00e1ndez","datePublished":"2019-12-10T11:58:04+00:00","dateModified":"2019-12-10T11:59:10+00:00","mainEntityOfPage":{"@id":"https:\/\/www.eldiariodetucuman.com\/web\/quien-es-la-cientifica-tucumana-que-integrara-el-gabinete-de-alberto-fernandez\/"},"wordCount":311,"publisher":{"@id":"https:\/\/www.eldiariodetucuman.com\/web\/#organization"},"image":{"@id":"https:\/\/www.eldiariodetucuman.com\/web\/quien-es-la-cientifica-tucumana-que-integrara-el-gabinete-de-alberto-fernandez\/#primaryimage"},"thumbnailUrl":"https:\/\/www.eldiariodetucuman.com\/web\/wp-content\/uploads\/2019\/12\/cient\u00edfica.jpg","keywords":["alberto fern\u00e1ndez","Cient\u00edfica","conicet","Tucuman"],"articleSection":["Actualidad"],"inLanguage":"es"},{"@type":"WebPage","@id":"https:\/\/www.eldiariodetucuman.com\/web\/quien-es-la-cientifica-tucumana-que-integrara-el-gabinete-de-alberto-fernandez\/","url":"https:\/\/www.eldiariodetucuman.com\/web\/quien-es-la-cientifica-tucumana-que-integrara-el-gabinete-de-alberto-fernandez\/","name":"Qui\u00e9n es la cient\u00edfica tucumana que integrar\u00e1 el gabinete de Alberto Fern\u00e1ndez - El Diario de Tucuman","isPartOf":{"@id":"https:\/\/www.eldiariodetucuman.com\/web\/#website"},"primaryImageOfPage":{"@id":"https:\/\/www.eldiariodetucuman.com\/web\/quien-es-la-cientifica-tucumana-que-integrara-el-gabinete-de-alberto-fernandez\/#primaryimage"},"image":{"@id":"https:\/\/www.eldiariodetucuman.com\/web\/quien-es-la-cientifica-tucumana-que-integrara-el-gabinete-de-alberto-fernandez\/#primaryimage"},"thumbnailUrl":"https:\/\/www.eldiariodetucuman.com\/web\/wp-content\/uploads\/2019\/12\/cient\u00edfica.jpg","datePublished":"2019-12-10T11:58:04+00:00","dateModified":"2019-12-10T11:59:10+00:00","breadcrumb":{"@id":"https:\/\/www.eldiariodetucuman.com\/web\/quien-es-la-cientifica-tucumana-que-integrara-el-gabinete-de-alberto-fernandez\/#breadcrumb"},"inLanguage":"es","potentialAction":[{"@type":"ReadAction","target":["https:\/\/www.eldiariodetucuman.com\/web\/quien-es-la-cientifica-tucumana-que-integrara-el-gabinete-de-alberto-fernandez\/"]}]},{"@type":"ImageObject","inLanguage":"es","@id":"https:\/\/www.eldiariodetucuman.com\/web\/quien-es-la-cientifica-tucumana-que-integrara-el-gabinete-de-alberto-fernandez\/#primaryimage","url":"https:\/\/www.eldiariodetucuman.com\/web\/wp-content\/uploads\/2019\/12\/cient\u00edfica.jpg","contentUrl":"https:\/\/www.eldiariodetucuman.com\/web\/wp-content\/uploads\/2019\/12\/cient\u00edfica.jpg","width":768,"height":512},{"@type":"BreadcrumbList","@id":"https:\/\/www.eldiariodetucuman.com\/web\/quien-es-la-cientifica-tucumana-que-integrara-el-gabinete-de-alberto-fernandez\/#breadcrumb","itemListElement":[{"@type":"ListItem","position":1,"name":"Portada","item":"https:\/\/www.eldiariodetucuman.com\/web\/"},{"@type":"ListItem","position":2,"name":"Qui\u00e9n es la cient\u00edfica tucumana que integrar\u00e1 el gabinete de Alberto Fern\u00e1ndez"}]},{"@type":"WebSite","@id":"https:\/\/www.eldiariodetucuman.com\/web\/#website","url":"https:\/\/www.eldiariodetucuman.com\/web\/","name":"El Diario de Tucuman","description":"Diario Tucuman - Informaci\u00f3n y noticias","publisher":{"@id":"https:\/\/www.eldiariodetucuman.com\/web\/#organization"},"potentialAction":[{"@type":"SearchAction","target":{"@type":"EntryPoint","urlTemplate":"https:\/\/www.eldiariodetucuman.com\/web\/?s={search_term_string}"},"query-input":{"@type":"PropertyValueSpecification","valueRequired":true,"valueName":"search_term_string"}}],"inLanguage":"es"},{"@type":"Organization","@id":"https:\/\/www.eldiariodetucuman.com\/web\/#organization","name":"El Diario de Tucuman","url":"https:\/\/www.eldiariodetucuman.com\/web\/","logo":{"@type":"ImageObject","inLanguage":"es","@id":"https:\/\/www.eldiariodetucuman.com\/web\/#\/schema\/logo\/image\/","url":"http:\/\/www.eldiariodetucuman.com\/web\/wp-content\/uploads\/2017\/12\/el-diario-de-tucuman.jpg","contentUrl":"http:\/\/www.eldiariodetucuman.com\/web\/wp-content\/uploads\/2017\/12\/el-diario-de-tucuman.jpg","width":272,"height":92,"caption":"El Diario de Tucuman"},"image":{"@id":"https:\/\/www.eldiariodetucuman.com\/web\/#\/schema\/logo\/image\/"}},{"@type":"Person","@id":"https:\/\/www.eldiariodetucuman.com\/web\/#\/schema\/person\/7e6644a46e60888f6b868594407e08dd","name":"Redactor Uno","image":{"@type":"ImageObject","inLanguage":"es","@id":"https:\/\/secure.gravatar.com\/avatar\/0049b1bdf1bd548385c9ea6b9356431717930913089febd2ba904f0187d7d074?s=96&d=mm&r=g","url":"https:\/\/secure.gravatar.com\/avatar\/0049b1bdf1bd548385c9ea6b9356431717930913089febd2ba904f0187d7d074?s=96&d=mm&r=g","contentUrl":"https:\/\/secure.gravatar.com\/avatar\/0049b1bdf1bd548385c9ea6b9356431717930913089febd2ba904f0187d7d074?s=96&d=mm&r=g","caption":"Redactor Uno"},"url":"https:\/\/www.eldiariodetucuman.com\/web\/author\/mramasco\/"}]}},"_links":{"self":[{"href":"https:\/\/www.eldiariodetucuman.com\/web\/wp-json\/wp\/v2\/posts\/25964","targetHints":{"allow":["GET"]}}],"collection":[{"href":"https:\/\/www.eldiariodetucuman.com\/web\/wp-json\/wp\/v2\/posts"}],"about":[{"href":"https:\/\/www.eldiariodetucuman.com\/web\/wp-json\/wp\/v2\/types\/post"}],"author":[{"embeddable":true,"href":"https:\/\/www.eldiariodetucuman.com\/web\/wp-json\/wp\/v2\/users\/5"}],"replies":[{"embeddable":true,"href":"https:\/\/www.eldiariodetucuman.com\/web\/wp-json\/wp\/v2\/comments?post=25964"}],"version-history":[{"count":2,"href":"https:\/\/www.eldiariodetucuman.com\/web\/wp-json\/wp\/v2\/posts\/25964\/revisions"}],"predecessor-version":[{"id":25967,"href":"https:\/\/www.eldiariodetucuman.com\/web\/wp-json\/wp\/v2\/posts\/25964\/revisions\/25967"}],"wp:featuredmedia":[{"embeddable":true,"href":"https:\/\/www.eldiariodetucuman.com\/web\/wp-json\/wp\/v2\/media\/25965"}],"wp:attachment":[{"href":"https:\/\/www.eldiariodetucuman.com\/web\/wp-json\/wp\/v2\/media?parent=25964"}],"wp:term":[{"taxonomy":"category","embeddable":true,"href":"https:\/\/www.eldiariodetucuman.com\/web\/wp-json\/wp\/v2\/categories?post=25964"},{"taxonomy":"post_tag","embeddable":true,"href":"https:\/\/www.eldiariodetucuman.com\/web\/wp-json\/wp\/v2\/tags?post=25964"}],"curies":[{"name":"wp","href":"https:\/\/api.w.org\/{rel}","templated":true}]}}