{"id":25931,"date":"2019-12-08T00:03:21","date_gmt":"2019-12-08T03:03:21","guid":{"rendered":"http:\/\/www.eldiariodetucuman.com\/web\/?p=25931"},"modified":"2019-12-08T00:03:21","modified_gmt":"2019-12-08T03:03:21","slug":"vecinos-de-yacuchina-realizan-la-ceremonia-de-vesticion-de-la-virgen-del-valle","status":"publish","type":"post","link":"https:\/\/www.eldiariodetucuman.com\/web\/vecinos-de-yacuchina-realizan-la-ceremonia-de-vesticion-de-la-virgen-del-valle\/","title":{"rendered":"Vecinos de Yacuchina realizan la Ceremonia de Vestici\u00f3n de la Virgen Del Valle"},"content":{"rendered":"<p>En todo el mundo la celebraci\u00f3n de la Inmaculada Concepci\u00f3n de Mar\u00eda es muy acompa\u00f1ada. En Tucum\u00e1n miles de peregrinos recorren las rutas para llegar a alguna Virgencita para dar gracias, y una de las m\u00e1s visitadas y venerada en esta fecha es la Virgen del Valle.<!--more--><\/p>\n<p>&nbsp;<\/p>\n<p>Vecinos de la localidad de Yacuchina en Capit\u00e1n C\u00e1ceres, se comunicaron con nuestra redacci\u00f3n para contarnos sobre c\u00f3mo viven esta festividad.<\/p>\n<blockquote><p>Ana, una vecina del pueblo nos cont\u00f3 que desde hace 5 a\u00f1os vienen realizando una ceremonia que convoca a vecinos del pueblo y de otras comunidades. \u201cLa imagen tiene la medida exacta de la Virgen del Valle de Catamarca. Junto a un grupo de vecinos organizamos los festejos cada a\u00f1o. Empezamos con la novena, donde la Virgen Morena visita los hogares y el d\u00eda 8, realizamos la Ceremonia de Vestici\u00f3n delante de los presentes. La vestici\u00f3n consiste en la realizaci\u00f3n del ritual completo de colocaci\u00f3n de algodones, vestidos, manto y coronaci\u00f3n. Luego cerramos la noche con la procesi\u00f3n, y les obsequiamos a los presentes, los algodones que formaron parte de la Virgen el a\u00f1o pasado. Con esto dejamos a Mar\u00eda en cada hogar\u201d concluy\u00f3 la vecina.<\/p><\/blockquote>\n<p><img decoding=\"async\" class=\"alignnone size-full wp-image-15718\" src=\"https:\/\/enteratetucuman.files.wordpress.com\/2019\/12\/fb_img_1575764933335154002261791066679.jpg?w=700\" sizes=\"(max-width: 700px) 100vw, 700px\" srcset=\"https:\/\/enteratetucuman.files.wordpress.com\/2019\/12\/fb_img_1575764933335154002261791066679.jpg?w=700 700w, https:\/\/enteratetucuman.files.wordpress.com\/2019\/12\/fb_img_1575764933335154002261791066679.jpg?w=150 150w, https:\/\/enteratetucuman.files.wordpress.com\/2019\/12\/fb_img_1575764933335154002261791066679.jpg?w=300 300w, https:\/\/enteratetucuman.files.wordpress.com\/2019\/12\/fb_img_1575764933335154002261791066679.jpg 720w\" data-attachment-id=\"15718\" data-permalink=\"https:\/\/enteratetucuman.com\/fb_img_1575764933335154002261791066679\/\" data-orig-file=\"https:\/\/enteratetucuman.files.wordpress.com\/2019\/12\/fb_img_1575764933335154002261791066679.jpg\" data-orig-size=\"720,540\" data-comments-opened=\"1\" data-image-meta=\"{&quot;aperture&quot;:&quot;0&quot;,&quot;credit&quot;:&quot;&quot;,&quot;camera&quot;:&quot;&quot;,&quot;caption&quot;:&quot;&quot;,&quot;created_timestamp&quot;:&quot;0&quot;,&quot;copyright&quot;:&quot;&quot;,&quot;focal_length&quot;:&quot;0&quot;,&quot;iso&quot;:&quot;0&quot;,&quot;shutter_speed&quot;:&quot;0&quot;,&quot;title&quot;:&quot;&quot;,&quot;orientation&quot;:&quot;0&quot;}\" data-image-title=\"fb_img_1575764933335154002261791066679.jpg\" data-image-description=\"\" data-medium-file=\"https:\/\/enteratetucuman.files.wordpress.com\/2019\/12\/fb_img_1575764933335154002261791066679.jpg?w=300\" data-large-file=\"https:\/\/enteratetucuman.files.wordpress.com\/2019\/12\/fb_img_1575764933335154002261791066679.jpg?w=700\" \/><\/p>\n<p>La Ceremonia y Festividad tendr\u00e1 lugar este 8 de diciembre a horas 19.00 en Yacuchina.<\/p>\n<p>La localidad est\u00e1 ubicada sobre la ruta 325 hacia el Oeste de la ciudad de Monteros.<\/p>\n<p>Los vecinos invitan a quienes quieran participar y disfrutar de una experiencia \u00fanica.<\/p>\n<p><img decoding=\"async\" class=\"alignnone size-full wp-image-15719\" src=\"https:\/\/enteratetucuman.files.wordpress.com\/2019\/12\/inshot_20191207_2149296016275940367549828553.jpg?w=700\" sizes=\"(max-width: 700px) 100vw, 700px\" srcset=\"https:\/\/enteratetucuman.files.wordpress.com\/2019\/12\/inshot_20191207_2149296016275940367549828553.jpg?w=700 700w, https:\/\/enteratetucuman.files.wordpress.com\/2019\/12\/inshot_20191207_2149296016275940367549828553.jpg?w=1400 1400w, https:\/\/enteratetucuman.files.wordpress.com\/2019\/12\/inshot_20191207_2149296016275940367549828553.jpg?w=150 150w, https:\/\/enteratetucuman.files.wordpress.com\/2019\/12\/inshot_20191207_2149296016275940367549828553.jpg?w=300 300w, https:\/\/enteratetucuman.files.wordpress.com\/2019\/12\/inshot_20191207_2149296016275940367549828553.jpg?w=768 768w, https:\/\/enteratetucuman.files.wordpress.com\/2019\/12\/inshot_20191207_2149296016275940367549828553.jpg?w=1024 1024w\" data-attachment-id=\"15719\" data-permalink=\"https:\/\/enteratetucuman.com\/inshot_20191207_2149296016275940367549828553\/\" data-orig-file=\"https:\/\/enteratetucuman.files.wordpress.com\/2019\/12\/inshot_20191207_2149296016275940367549828553.jpg\" data-orig-size=\"1920,1920\" data-comments-opened=\"1\" data-image-meta=\"{&quot;aperture&quot;:&quot;0&quot;,&quot;credit&quot;:&quot;&quot;,&quot;camera&quot;:&quot;&quot;,&quot;caption&quot;:&quot;&quot;,&quot;created_timestamp&quot;:&quot;0&quot;,&quot;copyright&quot;:&quot;&quot;,&quot;focal_length&quot;:&quot;0&quot;,&quot;iso&quot;:&quot;0&quot;,&quot;shutter_speed&quot;:&quot;0&quot;,&quot;title&quot;:&quot;&quot;,&quot;orientation&quot;:&quot;0&quot;}\" data-image-title=\"inshot_20191207_2149296016275940367549828553.jpg\" data-image-description=\"\" data-medium-file=\"https:\/\/enteratetucuman.files.wordpress.com\/2019\/12\/inshot_20191207_2149296016275940367549828553.jpg?w=300\" data-large-file=\"https:\/\/enteratetucuman.files.wordpress.com\/2019\/12\/inshot_20191207_2149296016275940367549828553.jpg?w=700\" \/><\/p>\n<p>&nbsp;<\/p>\n<p>Fuente: https:\/\/enteratetucuman.com\/2019\/12\/07\/vecinos-de-yacuchina-realizan-la-ceremonia-de-vesticion-de-la-virgen-del-valle-te-la-vas-a-perder\/<\/p>\n","protected":false},"excerpt":{"rendered":"<p>En todo el mundo la celebraci\u00f3n de la Inmaculada Concepci\u00f3n de Mar\u00eda es muy acompa\u00f1ada. En Tucum\u00e1n miles de peregrinos recorren las rutas para llegar a alguna Virgencita para dar gracias, y una de las m\u00e1s visitadas y venerada en esta fecha es la Virgen del Valle.<\/p>\n","protected":false},"author":3,"featured_media":25932,"comment_status":"closed","ping_status":"open","sticky":false,"template":"","format":"standard","meta":{"footnotes":""},"categories":[2],"tags":[3000,134,3001],"class_list":{"0":"post-25931","1":"post","2":"type-post","3":"status-publish","4":"format-standard","5":"has-post-thumbnail","7":"category-actualidad","8":"tag-8-de-diciembre","9":"tag-argentina","10":"tag-virgen"},"yoast_head":"<!-- This site is optimized with the Yoast SEO plugin v27.4 - https:\/\/yoast.com\/product\/yoast-seo-wordpress\/ -->\n<title>Vecinos de Yacuchina realizan la Ceremonia de Vestici\u00f3n de la Virgen Del Valle - El Diario de Tucuman<\/title>\n<meta name=\"robots\" content=\"index, follow, max-snippet:-1, max-image-preview:large, max-video-preview:-1\" \/>\n<link rel=\"canonical\" href=\"https:\/\/www.eldiariodetucuman.com\/web\/vecinos-de-yacuchina-realizan-la-ceremonia-de-vesticion-de-la-virgen-del-valle\/\" \/>\n<meta property=\"og:locale\" content=\"es_ES\" \/>\n<meta property=\"og:type\" content=\"article\" \/>\n<meta property=\"og:title\" content=\"Vecinos de Yacuchina realizan la Ceremonia de Vestici\u00f3n de la Virgen Del Valle - El Diario de Tucuman\" \/>\n<meta property=\"og:description\" content=\"En todo el mundo la celebraci\u00f3n de la Inmaculada Concepci\u00f3n de Mar\u00eda es muy acompa\u00f1ada. En Tucum\u00e1n miles de peregrinos recorren las rutas para llegar a alguna Virgencita para dar gracias, y una de las m\u00e1s visitadas y venerada en esta fecha es la Virgen del Valle.\" \/>\n<meta property=\"og:url\" content=\"https:\/\/www.eldiariodetucuman.com\/web\/vecinos-de-yacuchina-realizan-la-ceremonia-de-vesticion-de-la-virgen-del-valle\/\" \/>\n<meta property=\"og:site_name\" content=\"El Diario de Tucuman\" \/>\n<meta property=\"article:published_time\" content=\"2019-12-08T03:03:21+00:00\" \/>\n<meta property=\"og:image\" content=\"https:\/\/www.eldiariodetucuman.com\/web\/wp-content\/uploads\/2019\/12\/fb_img_15757653618465120221161125948859.jpg\" \/>\n\t<meta property=\"og:image:width\" content=\"720\" \/>\n\t<meta property=\"og:image:height\" content=\"960\" \/>\n\t<meta property=\"og:image:type\" content=\"image\/jpeg\" \/>\n<meta name=\"author\" content=\"El diario de Tucuman\" \/>\n<meta name=\"twitter:card\" content=\"summary_large_image\" \/>\n<meta name=\"twitter:label1\" content=\"Escrito por\" \/>\n\t<meta name=\"twitter:data1\" content=\"El diario de Tucuman\" \/>\n\t<meta name=\"twitter:label2\" content=\"Tiempo de lectura\" \/>\n\t<meta name=\"twitter:data2\" content=\"1 minuto\" \/>\n<script type=\"application\/ld+json\" class=\"yoast-schema-graph\">{\"@context\":\"https:\\\/\\\/schema.org\",\"@graph\":[{\"@type\":\"Article\",\"@id\":\"https:\\\/\\\/www.eldiariodetucuman.com\\\/web\\\/vecinos-de-yacuchina-realizan-la-ceremonia-de-vesticion-de-la-virgen-del-valle\\\/#article\",\"isPartOf\":{\"@id\":\"https:\\\/\\\/www.eldiariodetucuman.com\\\/web\\\/vecinos-de-yacuchina-realizan-la-ceremonia-de-vesticion-de-la-virgen-del-valle\\\/\"},\"author\":{\"name\":\"El diario de Tucuman\",\"@id\":\"https:\\\/\\\/www.eldiariodetucuman.com\\\/web\\\/#\\\/schema\\\/person\\\/3adbe300ecd6242af93c97dab1dc3ba1\"},\"headline\":\"Vecinos de Yacuchina realizan la Ceremonia de Vestici\u00f3n de la Virgen Del Valle\",\"datePublished\":\"2019-12-08T03:03:21+00:00\",\"mainEntityOfPage\":{\"@id\":\"https:\\\/\\\/www.eldiariodetucuman.com\\\/web\\\/vecinos-de-yacuchina-realizan-la-ceremonia-de-vesticion-de-la-virgen-del-valle\\\/\"},\"wordCount\":275,\"publisher\":{\"@id\":\"https:\\\/\\\/www.eldiariodetucuman.com\\\/web\\\/#organization\"},\"image\":{\"@id\":\"https:\\\/\\\/www.eldiariodetucuman.com\\\/web\\\/vecinos-de-yacuchina-realizan-la-ceremonia-de-vesticion-de-la-virgen-del-valle\\\/#primaryimage\"},\"thumbnailUrl\":\"https:\\\/\\\/www.eldiariodetucuman.com\\\/web\\\/wp-content\\\/uploads\\\/2019\\\/12\\\/fb_img_15757653618465120221161125948859.jpg\",\"keywords\":[\"8 de diciembre\",\"Argentina\",\"Virgen\"],\"articleSection\":[\"Actualidad\"],\"inLanguage\":\"es\"},{\"@type\":\"WebPage\",\"@id\":\"https:\\\/\\\/www.eldiariodetucuman.com\\\/web\\\/vecinos-de-yacuchina-realizan-la-ceremonia-de-vesticion-de-la-virgen-del-valle\\\/\",\"url\":\"https:\\\/\\\/www.eldiariodetucuman.com\\\/web\\\/vecinos-de-yacuchina-realizan-la-ceremonia-de-vesticion-de-la-virgen-del-valle\\\/\",\"name\":\"Vecinos de Yacuchina realizan la Ceremonia de Vestici\u00f3n de la Virgen Del Valle - El Diario de Tucuman\",\"isPartOf\":{\"@id\":\"https:\\\/\\\/www.eldiariodetucuman.com\\\/web\\\/#website\"},\"primaryImageOfPage\":{\"@id\":\"https:\\\/\\\/www.eldiariodetucuman.com\\\/web\\\/vecinos-de-yacuchina-realizan-la-ceremonia-de-vesticion-de-la-virgen-del-valle\\\/#primaryimage\"},\"image\":{\"@id\":\"https:\\\/\\\/www.eldiariodetucuman.com\\\/web\\\/vecinos-de-yacuchina-realizan-la-ceremonia-de-vesticion-de-la-virgen-del-valle\\\/#primaryimage\"},\"thumbnailUrl\":\"https:\\\/\\\/www.eldiariodetucuman.com\\\/web\\\/wp-content\\\/uploads\\\/2019\\\/12\\\/fb_img_15757653618465120221161125948859.jpg\",\"datePublished\":\"2019-12-08T03:03:21+00:00\",\"breadcrumb\":{\"@id\":\"https:\\\/\\\/www.eldiariodetucuman.com\\\/web\\\/vecinos-de-yacuchina-realizan-la-ceremonia-de-vesticion-de-la-virgen-del-valle\\\/#breadcrumb\"},\"inLanguage\":\"es\",\"potentialAction\":[{\"@type\":\"ReadAction\",\"target\":[\"https:\\\/\\\/www.eldiariodetucuman.com\\\/web\\\/vecinos-de-yacuchina-realizan-la-ceremonia-de-vesticion-de-la-virgen-del-valle\\\/\"]}]},{\"@type\":\"ImageObject\",\"inLanguage\":\"es\",\"@id\":\"https:\\\/\\\/www.eldiariodetucuman.com\\\/web\\\/vecinos-de-yacuchina-realizan-la-ceremonia-de-vesticion-de-la-virgen-del-valle\\\/#primaryimage\",\"url\":\"https:\\\/\\\/www.eldiariodetucuman.com\\\/web\\\/wp-content\\\/uploads\\\/2019\\\/12\\\/fb_img_15757653618465120221161125948859.jpg\",\"contentUrl\":\"https:\\\/\\\/www.eldiariodetucuman.com\\\/web\\\/wp-content\\\/uploads\\\/2019\\\/12\\\/fb_img_15757653618465120221161125948859.jpg\",\"width\":720,\"height\":960},{\"@type\":\"BreadcrumbList\",\"@id\":\"https:\\\/\\\/www.eldiariodetucuman.com\\\/web\\\/vecinos-de-yacuchina-realizan-la-ceremonia-de-vesticion-de-la-virgen-del-valle\\\/#breadcrumb\",\"itemListElement\":[{\"@type\":\"ListItem\",\"position\":1,\"name\":\"Portada\",\"item\":\"https:\\\/\\\/www.eldiariodetucuman.com\\\/web\\\/\"},{\"@type\":\"ListItem\",\"position\":2,\"name\":\"Vecinos de Yacuchina realizan la Ceremonia de Vestici\u00f3n de la Virgen Del Valle\"}]},{\"@type\":\"WebSite\",\"@id\":\"https:\\\/\\\/www.eldiariodetucuman.com\\\/web\\\/#website\",\"url\":\"https:\\\/\\\/www.eldiariodetucuman.com\\\/web\\\/\",\"name\":\"El Diario de Tucuman\",\"description\":\"Diario Tucuman - Informaci\u00f3n y noticias\",\"publisher\":{\"@id\":\"https:\\\/\\\/www.eldiariodetucuman.com\\\/web\\\/#organization\"},\"potentialAction\":[{\"@type\":\"SearchAction\",\"target\":{\"@type\":\"EntryPoint\",\"urlTemplate\":\"https:\\\/\\\/www.eldiariodetucuman.com\\\/web\\\/?s={search_term_string}\"},\"query-input\":{\"@type\":\"PropertyValueSpecification\",\"valueRequired\":true,\"valueName\":\"search_term_string\"}}],\"inLanguage\":\"es\"},{\"@type\":\"Organization\",\"@id\":\"https:\\\/\\\/www.eldiariodetucuman.com\\\/web\\\/#organization\",\"name\":\"El Diario de Tucuman\",\"url\":\"https:\\\/\\\/www.eldiariodetucuman.com\\\/web\\\/\",\"logo\":{\"@type\":\"ImageObject\",\"inLanguage\":\"es\",\"@id\":\"https:\\\/\\\/www.eldiariodetucuman.com\\\/web\\\/#\\\/schema\\\/logo\\\/image\\\/\",\"url\":\"http:\\\/\\\/www.eldiariodetucuman.com\\\/web\\\/wp-content\\\/uploads\\\/2017\\\/12\\\/el-diario-de-tucuman.jpg\",\"contentUrl\":\"http:\\\/\\\/www.eldiariodetucuman.com\\\/web\\\/wp-content\\\/uploads\\\/2017\\\/12\\\/el-diario-de-tucuman.jpg\",\"width\":272,\"height\":92,\"caption\":\"El Diario de Tucuman\"},\"image\":{\"@id\":\"https:\\\/\\\/www.eldiariodetucuman.com\\\/web\\\/#\\\/schema\\\/logo\\\/image\\\/\"}},{\"@type\":\"Person\",\"@id\":\"https:\\\/\\\/www.eldiariodetucuman.com\\\/web\\\/#\\\/schema\\\/person\\\/3adbe300ecd6242af93c97dab1dc3ba1\",\"name\":\"El diario de Tucuman\",\"image\":{\"@type\":\"ImageObject\",\"inLanguage\":\"es\",\"@id\":\"https:\\\/\\\/secure.gravatar.com\\\/avatar\\\/b7214de193b24d0bd708ac5516aa13d0f20c6560795bfbee06857d5c8ac2f0b2?s=96&d=mm&r=g\",\"url\":\"https:\\\/\\\/secure.gravatar.com\\\/avatar\\\/b7214de193b24d0bd708ac5516aa13d0f20c6560795bfbee06857d5c8ac2f0b2?s=96&d=mm&r=g\",\"contentUrl\":\"https:\\\/\\\/secure.gravatar.com\\\/avatar\\\/b7214de193b24d0bd708ac5516aa13d0f20c6560795bfbee06857d5c8ac2f0b2?s=96&d=mm&r=g\",\"caption\":\"El diario de Tucuman\"},\"url\":\"https:\\\/\\\/www.eldiariodetucuman.com\\\/web\\\/author\\\/mgiobellina\\\/\"}]}<\/script>\n<!-- \/ Yoast SEO plugin. -->","yoast_head_json":{"title":"Vecinos de Yacuchina realizan la Ceremonia de Vestici\u00f3n de la Virgen Del Valle - El Diario de Tucuman","robots":{"index":"index","follow":"follow","max-snippet":"max-snippet:-1","max-image-preview":"max-image-preview:large","max-video-preview":"max-video-preview:-1"},"canonical":"https:\/\/www.eldiariodetucuman.com\/web\/vecinos-de-yacuchina-realizan-la-ceremonia-de-vesticion-de-la-virgen-del-valle\/","og_locale":"es_ES","og_type":"article","og_title":"Vecinos de Yacuchina realizan la Ceremonia de Vestici\u00f3n de la Virgen Del Valle - El Diario de Tucuman","og_description":"En todo el mundo la celebraci\u00f3n de la Inmaculada Concepci\u00f3n de Mar\u00eda es muy acompa\u00f1ada. En Tucum\u00e1n miles de peregrinos recorren las rutas para llegar a alguna Virgencita para dar gracias, y una de las m\u00e1s visitadas y venerada en esta fecha es la Virgen del Valle.","og_url":"https:\/\/www.eldiariodetucuman.com\/web\/vecinos-de-yacuchina-realizan-la-ceremonia-de-vesticion-de-la-virgen-del-valle\/","og_site_name":"El Diario de Tucuman","article_published_time":"2019-12-08T03:03:21+00:00","og_image":[{"width":720,"height":960,"url":"https:\/\/www.eldiariodetucuman.com\/web\/wp-content\/uploads\/2019\/12\/fb_img_15757653618465120221161125948859.jpg","type":"image\/jpeg"}],"author":"El diario de Tucuman","twitter_card":"summary_large_image","twitter_misc":{"Escrito por":"El diario de Tucuman","Tiempo de lectura":"1 minuto"},"schema":{"@context":"https:\/\/schema.org","@graph":[{"@type":"Article","@id":"https:\/\/www.eldiariodetucuman.com\/web\/vecinos-de-yacuchina-realizan-la-ceremonia-de-vesticion-de-la-virgen-del-valle\/#article","isPartOf":{"@id":"https:\/\/www.eldiariodetucuman.com\/web\/vecinos-de-yacuchina-realizan-la-ceremonia-de-vesticion-de-la-virgen-del-valle\/"},"author":{"name":"El diario de Tucuman","@id":"https:\/\/www.eldiariodetucuman.com\/web\/#\/schema\/person\/3adbe300ecd6242af93c97dab1dc3ba1"},"headline":"Vecinos de Yacuchina realizan la Ceremonia de Vestici\u00f3n de la Virgen Del Valle","datePublished":"2019-12-08T03:03:21+00:00","mainEntityOfPage":{"@id":"https:\/\/www.eldiariodetucuman.com\/web\/vecinos-de-yacuchina-realizan-la-ceremonia-de-vesticion-de-la-virgen-del-valle\/"},"wordCount":275,"publisher":{"@id":"https:\/\/www.eldiariodetucuman.com\/web\/#organization"},"image":{"@id":"https:\/\/www.eldiariodetucuman.com\/web\/vecinos-de-yacuchina-realizan-la-ceremonia-de-vesticion-de-la-virgen-del-valle\/#primaryimage"},"thumbnailUrl":"https:\/\/www.eldiariodetucuman.com\/web\/wp-content\/uploads\/2019\/12\/fb_img_15757653618465120221161125948859.jpg","keywords":["8 de diciembre","Argentina","Virgen"],"articleSection":["Actualidad"],"inLanguage":"es"},{"@type":"WebPage","@id":"https:\/\/www.eldiariodetucuman.com\/web\/vecinos-de-yacuchina-realizan-la-ceremonia-de-vesticion-de-la-virgen-del-valle\/","url":"https:\/\/www.eldiariodetucuman.com\/web\/vecinos-de-yacuchina-realizan-la-ceremonia-de-vesticion-de-la-virgen-del-valle\/","name":"Vecinos de Yacuchina realizan la Ceremonia de Vestici\u00f3n de la Virgen Del Valle - El Diario de Tucuman","isPartOf":{"@id":"https:\/\/www.eldiariodetucuman.com\/web\/#website"},"primaryImageOfPage":{"@id":"https:\/\/www.eldiariodetucuman.com\/web\/vecinos-de-yacuchina-realizan-la-ceremonia-de-vesticion-de-la-virgen-del-valle\/#primaryimage"},"image":{"@id":"https:\/\/www.eldiariodetucuman.com\/web\/vecinos-de-yacuchina-realizan-la-ceremonia-de-vesticion-de-la-virgen-del-valle\/#primaryimage"},"thumbnailUrl":"https:\/\/www.eldiariodetucuman.com\/web\/wp-content\/uploads\/2019\/12\/fb_img_15757653618465120221161125948859.jpg","datePublished":"2019-12-08T03:03:21+00:00","breadcrumb":{"@id":"https:\/\/www.eldiariodetucuman.com\/web\/vecinos-de-yacuchina-realizan-la-ceremonia-de-vesticion-de-la-virgen-del-valle\/#breadcrumb"},"inLanguage":"es","potentialAction":[{"@type":"ReadAction","target":["https:\/\/www.eldiariodetucuman.com\/web\/vecinos-de-yacuchina-realizan-la-ceremonia-de-vesticion-de-la-virgen-del-valle\/"]}]},{"@type":"ImageObject","inLanguage":"es","@id":"https:\/\/www.eldiariodetucuman.com\/web\/vecinos-de-yacuchina-realizan-la-ceremonia-de-vesticion-de-la-virgen-del-valle\/#primaryimage","url":"https:\/\/www.eldiariodetucuman.com\/web\/wp-content\/uploads\/2019\/12\/fb_img_15757653618465120221161125948859.jpg","contentUrl":"https:\/\/www.eldiariodetucuman.com\/web\/wp-content\/uploads\/2019\/12\/fb_img_15757653618465120221161125948859.jpg","width":720,"height":960},{"@type":"BreadcrumbList","@id":"https:\/\/www.eldiariodetucuman.com\/web\/vecinos-de-yacuchina-realizan-la-ceremonia-de-vesticion-de-la-virgen-del-valle\/#breadcrumb","itemListElement":[{"@type":"ListItem","position":1,"name":"Portada","item":"https:\/\/www.eldiariodetucuman.com\/web\/"},{"@type":"ListItem","position":2,"name":"Vecinos de Yacuchina realizan la Ceremonia de Vestici\u00f3n de la Virgen Del Valle"}]},{"@type":"WebSite","@id":"https:\/\/www.eldiariodetucuman.com\/web\/#website","url":"https:\/\/www.eldiariodetucuman.com\/web\/","name":"El Diario de Tucuman","description":"Diario Tucuman - Informaci\u00f3n y noticias","publisher":{"@id":"https:\/\/www.eldiariodetucuman.com\/web\/#organization"},"potentialAction":[{"@type":"SearchAction","target":{"@type":"EntryPoint","urlTemplate":"https:\/\/www.eldiariodetucuman.com\/web\/?s={search_term_string}"},"query-input":{"@type":"PropertyValueSpecification","valueRequired":true,"valueName":"search_term_string"}}],"inLanguage":"es"},{"@type":"Organization","@id":"https:\/\/www.eldiariodetucuman.com\/web\/#organization","name":"El Diario de Tucuman","url":"https:\/\/www.eldiariodetucuman.com\/web\/","logo":{"@type":"ImageObject","inLanguage":"es","@id":"https:\/\/www.eldiariodetucuman.com\/web\/#\/schema\/logo\/image\/","url":"http:\/\/www.eldiariodetucuman.com\/web\/wp-content\/uploads\/2017\/12\/el-diario-de-tucuman.jpg","contentUrl":"http:\/\/www.eldiariodetucuman.com\/web\/wp-content\/uploads\/2017\/12\/el-diario-de-tucuman.jpg","width":272,"height":92,"caption":"El Diario de Tucuman"},"image":{"@id":"https:\/\/www.eldiariodetucuman.com\/web\/#\/schema\/logo\/image\/"}},{"@type":"Person","@id":"https:\/\/www.eldiariodetucuman.com\/web\/#\/schema\/person\/3adbe300ecd6242af93c97dab1dc3ba1","name":"El diario de Tucuman","image":{"@type":"ImageObject","inLanguage":"es","@id":"https:\/\/secure.gravatar.com\/avatar\/b7214de193b24d0bd708ac5516aa13d0f20c6560795bfbee06857d5c8ac2f0b2?s=96&d=mm&r=g","url":"https:\/\/secure.gravatar.com\/avatar\/b7214de193b24d0bd708ac5516aa13d0f20c6560795bfbee06857d5c8ac2f0b2?s=96&d=mm&r=g","contentUrl":"https:\/\/secure.gravatar.com\/avatar\/b7214de193b24d0bd708ac5516aa13d0f20c6560795bfbee06857d5c8ac2f0b2?s=96&d=mm&r=g","caption":"El diario de Tucuman"},"url":"https:\/\/www.eldiariodetucuman.com\/web\/author\/mgiobellina\/"}]}},"_links":{"self":[{"href":"https:\/\/www.eldiariodetucuman.com\/web\/wp-json\/wp\/v2\/posts\/25931","targetHints":{"allow":["GET"]}}],"collection":[{"href":"https:\/\/www.eldiariodetucuman.com\/web\/wp-json\/wp\/v2\/posts"}],"about":[{"href":"https:\/\/www.eldiariodetucuman.com\/web\/wp-json\/wp\/v2\/types\/post"}],"author":[{"embeddable":true,"href":"https:\/\/www.eldiariodetucuman.com\/web\/wp-json\/wp\/v2\/users\/3"}],"replies":[{"embeddable":true,"href":"https:\/\/www.eldiariodetucuman.com\/web\/wp-json\/wp\/v2\/comments?post=25931"}],"version-history":[{"count":1,"href":"https:\/\/www.eldiariodetucuman.com\/web\/wp-json\/wp\/v2\/posts\/25931\/revisions"}],"predecessor-version":[{"id":25933,"href":"https:\/\/www.eldiariodetucuman.com\/web\/wp-json\/wp\/v2\/posts\/25931\/revisions\/25933"}],"wp:featuredmedia":[{"embeddable":true,"href":"https:\/\/www.eldiariodetucuman.com\/web\/wp-json\/wp\/v2\/media\/25932"}],"wp:attachment":[{"href":"https:\/\/www.eldiariodetucuman.com\/web\/wp-json\/wp\/v2\/media?parent=25931"}],"wp:term":[{"taxonomy":"category","embeddable":true,"href":"https:\/\/www.eldiariodetucuman.com\/web\/wp-json\/wp\/v2\/categories?post=25931"},{"taxonomy":"post_tag","embeddable":true,"href":"https:\/\/www.eldiariodetucuman.com\/web\/wp-json\/wp\/v2\/tags?post=25931"}],"curies":[{"name":"wp","href":"https:\/\/api.w.org\/{rel}","templated":true}]}}