{"id":2593,"date":"2017-04-04T13:55:25","date_gmt":"2017-04-04T13:55:25","guid":{"rendered":"http:\/\/www.eldiariodetucuman.com\/web\/?p=2593"},"modified":"2017-04-04T13:55:25","modified_gmt":"2017-04-04T13:55:25","slug":"el-gobierno-orienta-las-donaciones-para-los-damnificados","status":"publish","type":"post","link":"https:\/\/www.eldiariodetucuman.com\/web\/el-gobierno-orienta-las-donaciones-para-los-damnificados\/","title":{"rendered":"El Gobierno orienta las donaciones para los damnificados"},"content":{"rendered":"<p class=\"selectionShareable\">El Comit\u00e9 de Emergencias del Gobierno informa que los centros de evacuados ubicados en las distintas ciudades del sur de la provincia se encuentran abastecidos y no ser\u00e1 necesario el env\u00edo de donaciones durante las pr\u00f3ximas 24 a 48 horas.<\/p>\n<p class=\"selectionShareable\">\u201cQueremos orientar las donaciones y primero agradecerles a todos por el esp\u00edritu solidario del pueblo tucumano\u201d, dijo en este sentido, el secretario general de la Gobernaci\u00f3n,<strong> Pablo Yedlin<\/strong>, luego de la reuni\u00f3n del Comit\u00e9 esta ma\u00f1ana. \u201cLes pedimos que en este momento <strong>se abstengan de ir a la ruta 157<\/strong> porque debi\u00f3 ser cortada para la evacuaci\u00f3n del agua de La Madrid y, por un lado es imposible llegar, y por otro la gente all\u00ed est\u00e1 asistida. El Gobierno, a trav\u00e9s de los ministerios de Desarrollo Social, Salud e Interior, brinda tanto lo que es comida, como agua y atenci\u00f3n m\u00e9dica\u201d.<\/p>\n<div class=\"base-box news-box mom_box_sc_custom mom_box_sc clear \">\n<p class=\"selectionShareable\">El Gobierno est\u00e1 trabajando junto a varias ONG y C\u00e1ritas para ordenar las donaciones. Se est\u00e1 recibiendo:<\/p>\n<p class=\"selectionShareable\">\u2013 alimentos no perecederos<\/p>\n<p class=\"selectionShareable\">\u2013 leche en polvo<\/p>\n<p class=\"selectionShareable\">\u2013 agua<\/p>\n<p class=\"selectionShareable\">\u2013 ropa (en lo posible se solicita a la gente que la pre clasifique por tama\u00f1os)<\/p>\n<p class=\"selectionShareable\">\u2013 repelentes<\/p>\n<p class=\"selectionShareable\">\u2013 art\u00edculos de limpieza<\/p>\n<p class=\"selectionShareable\">Quienes reciban donaciones trabajar\u00e1n en coordinaci\u00f3n con la Secretar\u00eda de Gobierno, a cargo de <strong>Carolina Vargas Aginasse<\/strong>, quien se encarga de la log\u00edstica para distribuir las cosas.<\/p>\n<\/div>\n<p class=\"selectionShareable\">\u201cLamentablemente, el pron\u00f3stico para esta semana todav\u00eda es de lluvias intensas tanto en Tucum\u00e1n como en Catamarca, as\u00ed que prevemos que la gente va a estar volviendo a sus casas reci\u00e9n en las pr\u00f3ximas semanas. En ese momento, todos los aportes van a ser muy necesarios\u201d, indic\u00f3 y agreg\u00f3: \u201cLe agradecemos a todos los que se han sumado donando y ofreciendo su tiempo, veh\u00edculos y trabajo\u201d.<\/p>\n<p class=\"selectionShareable\"><strong>Falsas cadenas en redes sociales<\/strong><\/p>\n<p class=\"selectionShareable\">Durante los \u00faltimos d\u00edas se han difundido a trav\u00e9s de WhatsApp y las redes sociales<strong> falsos audios y testimonios<\/strong> de gente que dice estar pasando hambre. Yedlin explic\u00f3 al respecto que \u201cesto no esta ocurriendo. La gente est\u00e1 asistida. Hemos visto fotos de puentes rotos en inundaciones de otros lugares y otros a\u00f1os. Lo bueno es la enorme respuesta solidaria que se ha generado a trav\u00e9s de las redes y lo malo es la gente que sin escr\u00fapulos genera esta situaci\u00f3n\u201d.<\/p>\n<blockquote class=\"mom_quote \"><p>Los equipos del Gobierno est\u00e1n trabajando todos los d\u00edas en la zona, nadie ha quedado desatendido, la situaci\u00f3n es de gravedad y hay mucha preocupaci\u00f3n por la gente, pero queremos pedirles a todos que pongamos solidaridad tambi\u00e9n en las redes sociales y <strong>nos mantengamos en lo que es la informaci\u00f3n oficial<\/strong> que ser\u00e1 precisa, clara y transparente\u201d.<\/p><\/blockquote>\n","protected":false},"excerpt":{"rendered":"<p>El Comit\u00e9 de Emergencias del Gobierno informa que los centros de evacuados ubicados en las distintas ciudades del sur de la provincia se encuentran abastecidos y no ser\u00e1 necesario el env\u00edo de donaciones durante las pr\u00f3ximas 24 a 48 horas. \u201cQueremos orientar las donaciones y primero agradecerles a todos por el esp\u00edritu solidario del pueblo [&hellip;]<\/p>\n","protected":false},"author":3,"featured_media":2594,"comment_status":"closed","ping_status":"open","sticky":false,"template":"","format":"standard","meta":{"footnotes":""},"categories":[2],"tags":[7,19,61],"class_list":{"0":"post-2593","1":"post","2":"type-post","3":"status-publish","4":"format-standard","5":"has-post-thumbnail","7":"category-actualidad","8":"tag-el-diario-de-tucuman","9":"tag-inundaciones","10":"tag-tucuman"},"yoast_head":"<!-- This site is optimized with the Yoast SEO plugin v27.4 - https:\/\/yoast.com\/product\/yoast-seo-wordpress\/ -->\n<title>El Gobierno orienta las donaciones para los damnificados - El Diario de Tucuman<\/title>\n<meta name=\"robots\" content=\"index, follow, max-snippet:-1, max-image-preview:large, max-video-preview:-1\" \/>\n<link rel=\"canonical\" href=\"https:\/\/www.eldiariodetucuman.com\/web\/el-gobierno-orienta-las-donaciones-para-los-damnificados\/\" \/>\n<meta property=\"og:locale\" content=\"es_ES\" \/>\n<meta property=\"og:type\" content=\"article\" \/>\n<meta property=\"og:title\" content=\"El Gobierno orienta las donaciones para los damnificados - El Diario de Tucuman\" \/>\n<meta property=\"og:description\" content=\"El Comit\u00e9 de Emergencias del Gobierno informa que los centros de evacuados ubicados en las distintas ciudades del sur de la provincia se encuentran abastecidos y no ser\u00e1 necesario el env\u00edo de donaciones durante las pr\u00f3ximas 24 a 48 horas. \u201cQueremos orientar las donaciones y primero agradecerles a todos por el esp\u00edritu solidario del pueblo [&hellip;]\" \/>\n<meta property=\"og:url\" content=\"https:\/\/www.eldiariodetucuman.com\/web\/el-gobierno-orienta-las-donaciones-para-los-damnificados\/\" \/>\n<meta property=\"og:site_name\" content=\"El Diario de Tucuman\" \/>\n<meta property=\"article:published_time\" content=\"2017-04-04T13:55:25+00:00\" \/>\n<meta property=\"og:image\" content=\"https:\/\/www.eldiariodetucuman.com\/web\/wp-content\/uploads\/2017\/04\/el-diario-de-tucuman-inundaciones.jpeg\" \/>\n\t<meta property=\"og:image:width\" content=\"500\" \/>\n\t<meta property=\"og:image:height\" content=\"277\" \/>\n\t<meta property=\"og:image:type\" content=\"image\/jpeg\" \/>\n<meta name=\"author\" content=\"El diario de Tucuman\" \/>\n<meta name=\"twitter:card\" content=\"summary_large_image\" \/>\n<meta name=\"twitter:label1\" content=\"Escrito por\" \/>\n\t<meta name=\"twitter:data1\" content=\"El diario de Tucuman\" \/>\n\t<meta name=\"twitter:label2\" content=\"Tiempo de lectura\" \/>\n\t<meta name=\"twitter:data2\" content=\"2 minutos\" \/>\n<script type=\"application\/ld+json\" class=\"yoast-schema-graph\">{\"@context\":\"https:\\\/\\\/schema.org\",\"@graph\":[{\"@type\":\"Article\",\"@id\":\"https:\\\/\\\/www.eldiariodetucuman.com\\\/web\\\/el-gobierno-orienta-las-donaciones-para-los-damnificados\\\/#article\",\"isPartOf\":{\"@id\":\"https:\\\/\\\/www.eldiariodetucuman.com\\\/web\\\/el-gobierno-orienta-las-donaciones-para-los-damnificados\\\/\"},\"author\":{\"name\":\"El diario de Tucuman\",\"@id\":\"https:\\\/\\\/www.eldiariodetucuman.com\\\/web\\\/#\\\/schema\\\/person\\\/3adbe300ecd6242af93c97dab1dc3ba1\"},\"headline\":\"El Gobierno orienta las donaciones para los damnificados\",\"datePublished\":\"2017-04-04T13:55:25+00:00\",\"mainEntityOfPage\":{\"@id\":\"https:\\\/\\\/www.eldiariodetucuman.com\\\/web\\\/el-gobierno-orienta-las-donaciones-para-los-damnificados\\\/\"},\"wordCount\":460,\"publisher\":{\"@id\":\"https:\\\/\\\/www.eldiariodetucuman.com\\\/web\\\/#organization\"},\"image\":{\"@id\":\"https:\\\/\\\/www.eldiariodetucuman.com\\\/web\\\/el-gobierno-orienta-las-donaciones-para-los-damnificados\\\/#primaryimage\"},\"thumbnailUrl\":\"https:\\\/\\\/www.eldiariodetucuman.com\\\/web\\\/wp-content\\\/uploads\\\/2017\\\/04\\\/el-diario-de-tucuman-inundaciones.jpeg\",\"keywords\":[\"El Diario de Tucuman\",\"Inundaciones\",\"Tucuman\"],\"articleSection\":[\"Actualidad\"],\"inLanguage\":\"es\"},{\"@type\":\"WebPage\",\"@id\":\"https:\\\/\\\/www.eldiariodetucuman.com\\\/web\\\/el-gobierno-orienta-las-donaciones-para-los-damnificados\\\/\",\"url\":\"https:\\\/\\\/www.eldiariodetucuman.com\\\/web\\\/el-gobierno-orienta-las-donaciones-para-los-damnificados\\\/\",\"name\":\"El Gobierno orienta las donaciones para los damnificados - El Diario de Tucuman\",\"isPartOf\":{\"@id\":\"https:\\\/\\\/www.eldiariodetucuman.com\\\/web\\\/#website\"},\"primaryImageOfPage\":{\"@id\":\"https:\\\/\\\/www.eldiariodetucuman.com\\\/web\\\/el-gobierno-orienta-las-donaciones-para-los-damnificados\\\/#primaryimage\"},\"image\":{\"@id\":\"https:\\\/\\\/www.eldiariodetucuman.com\\\/web\\\/el-gobierno-orienta-las-donaciones-para-los-damnificados\\\/#primaryimage\"},\"thumbnailUrl\":\"https:\\\/\\\/www.eldiariodetucuman.com\\\/web\\\/wp-content\\\/uploads\\\/2017\\\/04\\\/el-diario-de-tucuman-inundaciones.jpeg\",\"datePublished\":\"2017-04-04T13:55:25+00:00\",\"breadcrumb\":{\"@id\":\"https:\\\/\\\/www.eldiariodetucuman.com\\\/web\\\/el-gobierno-orienta-las-donaciones-para-los-damnificados\\\/#breadcrumb\"},\"inLanguage\":\"es\",\"potentialAction\":[{\"@type\":\"ReadAction\",\"target\":[\"https:\\\/\\\/www.eldiariodetucuman.com\\\/web\\\/el-gobierno-orienta-las-donaciones-para-los-damnificados\\\/\"]}]},{\"@type\":\"ImageObject\",\"inLanguage\":\"es\",\"@id\":\"https:\\\/\\\/www.eldiariodetucuman.com\\\/web\\\/el-gobierno-orienta-las-donaciones-para-los-damnificados\\\/#primaryimage\",\"url\":\"https:\\\/\\\/www.eldiariodetucuman.com\\\/web\\\/wp-content\\\/uploads\\\/2017\\\/04\\\/el-diario-de-tucuman-inundaciones.jpeg\",\"contentUrl\":\"https:\\\/\\\/www.eldiariodetucuman.com\\\/web\\\/wp-content\\\/uploads\\\/2017\\\/04\\\/el-diario-de-tucuman-inundaciones.jpeg\",\"width\":500,\"height\":277,\"caption\":\"el diario de tucuman inundaciones\"},{\"@type\":\"BreadcrumbList\",\"@id\":\"https:\\\/\\\/www.eldiariodetucuman.com\\\/web\\\/el-gobierno-orienta-las-donaciones-para-los-damnificados\\\/#breadcrumb\",\"itemListElement\":[{\"@type\":\"ListItem\",\"position\":1,\"name\":\"Portada\",\"item\":\"https:\\\/\\\/www.eldiariodetucuman.com\\\/web\\\/\"},{\"@type\":\"ListItem\",\"position\":2,\"name\":\"El Gobierno orienta las donaciones para los damnificados\"}]},{\"@type\":\"WebSite\",\"@id\":\"https:\\\/\\\/www.eldiariodetucuman.com\\\/web\\\/#website\",\"url\":\"https:\\\/\\\/www.eldiariodetucuman.com\\\/web\\\/\",\"name\":\"El Diario de Tucuman\",\"description\":\"Diario Tucuman - Informaci\u00f3n y noticias\",\"publisher\":{\"@id\":\"https:\\\/\\\/www.eldiariodetucuman.com\\\/web\\\/#organization\"},\"potentialAction\":[{\"@type\":\"SearchAction\",\"target\":{\"@type\":\"EntryPoint\",\"urlTemplate\":\"https:\\\/\\\/www.eldiariodetucuman.com\\\/web\\\/?s={search_term_string}\"},\"query-input\":{\"@type\":\"PropertyValueSpecification\",\"valueRequired\":true,\"valueName\":\"search_term_string\"}}],\"inLanguage\":\"es\"},{\"@type\":\"Organization\",\"@id\":\"https:\\\/\\\/www.eldiariodetucuman.com\\\/web\\\/#organization\",\"name\":\"El Diario de Tucuman\",\"url\":\"https:\\\/\\\/www.eldiariodetucuman.com\\\/web\\\/\",\"logo\":{\"@type\":\"ImageObject\",\"inLanguage\":\"es\",\"@id\":\"https:\\\/\\\/www.eldiariodetucuman.com\\\/web\\\/#\\\/schema\\\/logo\\\/image\\\/\",\"url\":\"http:\\\/\\\/www.eldiariodetucuman.com\\\/web\\\/wp-content\\\/uploads\\\/2017\\\/12\\\/el-diario-de-tucuman.jpg\",\"contentUrl\":\"http:\\\/\\\/www.eldiariodetucuman.com\\\/web\\\/wp-content\\\/uploads\\\/2017\\\/12\\\/el-diario-de-tucuman.jpg\",\"width\":272,\"height\":92,\"caption\":\"El Diario de Tucuman\"},\"image\":{\"@id\":\"https:\\\/\\\/www.eldiariodetucuman.com\\\/web\\\/#\\\/schema\\\/logo\\\/image\\\/\"}},{\"@type\":\"Person\",\"@id\":\"https:\\\/\\\/www.eldiariodetucuman.com\\\/web\\\/#\\\/schema\\\/person\\\/3adbe300ecd6242af93c97dab1dc3ba1\",\"name\":\"El diario de Tucuman\",\"image\":{\"@type\":\"ImageObject\",\"inLanguage\":\"es\",\"@id\":\"https:\\\/\\\/secure.gravatar.com\\\/avatar\\\/b7214de193b24d0bd708ac5516aa13d0f20c6560795bfbee06857d5c8ac2f0b2?s=96&d=mm&r=g\",\"url\":\"https:\\\/\\\/secure.gravatar.com\\\/avatar\\\/b7214de193b24d0bd708ac5516aa13d0f20c6560795bfbee06857d5c8ac2f0b2?s=96&d=mm&r=g\",\"contentUrl\":\"https:\\\/\\\/secure.gravatar.com\\\/avatar\\\/b7214de193b24d0bd708ac5516aa13d0f20c6560795bfbee06857d5c8ac2f0b2?s=96&d=mm&r=g\",\"caption\":\"El diario de Tucuman\"},\"url\":\"https:\\\/\\\/www.eldiariodetucuman.com\\\/web\\\/author\\\/mgiobellina\\\/\"}]}<\/script>\n<!-- \/ Yoast SEO plugin. -->","yoast_head_json":{"title":"El Gobierno orienta las donaciones para los damnificados - El Diario de Tucuman","robots":{"index":"index","follow":"follow","max-snippet":"max-snippet:-1","max-image-preview":"max-image-preview:large","max-video-preview":"max-video-preview:-1"},"canonical":"https:\/\/www.eldiariodetucuman.com\/web\/el-gobierno-orienta-las-donaciones-para-los-damnificados\/","og_locale":"es_ES","og_type":"article","og_title":"El Gobierno orienta las donaciones para los damnificados - El Diario de Tucuman","og_description":"El Comit\u00e9 de Emergencias del Gobierno informa que los centros de evacuados ubicados en las distintas ciudades del sur de la provincia se encuentran abastecidos y no ser\u00e1 necesario el env\u00edo de donaciones durante las pr\u00f3ximas 24 a 48 horas. \u201cQueremos orientar las donaciones y primero agradecerles a todos por el esp\u00edritu solidario del pueblo [&hellip;]","og_url":"https:\/\/www.eldiariodetucuman.com\/web\/el-gobierno-orienta-las-donaciones-para-los-damnificados\/","og_site_name":"El Diario de Tucuman","article_published_time":"2017-04-04T13:55:25+00:00","og_image":[{"width":500,"height":277,"url":"https:\/\/www.eldiariodetucuman.com\/web\/wp-content\/uploads\/2017\/04\/el-diario-de-tucuman-inundaciones.jpeg","type":"image\/jpeg"}],"author":"El diario de Tucuman","twitter_card":"summary_large_image","twitter_misc":{"Escrito por":"El diario de Tucuman","Tiempo de lectura":"2 minutos"},"schema":{"@context":"https:\/\/schema.org","@graph":[{"@type":"Article","@id":"https:\/\/www.eldiariodetucuman.com\/web\/el-gobierno-orienta-las-donaciones-para-los-damnificados\/#article","isPartOf":{"@id":"https:\/\/www.eldiariodetucuman.com\/web\/el-gobierno-orienta-las-donaciones-para-los-damnificados\/"},"author":{"name":"El diario de Tucuman","@id":"https:\/\/www.eldiariodetucuman.com\/web\/#\/schema\/person\/3adbe300ecd6242af93c97dab1dc3ba1"},"headline":"El Gobierno orienta las donaciones para los damnificados","datePublished":"2017-04-04T13:55:25+00:00","mainEntityOfPage":{"@id":"https:\/\/www.eldiariodetucuman.com\/web\/el-gobierno-orienta-las-donaciones-para-los-damnificados\/"},"wordCount":460,"publisher":{"@id":"https:\/\/www.eldiariodetucuman.com\/web\/#organization"},"image":{"@id":"https:\/\/www.eldiariodetucuman.com\/web\/el-gobierno-orienta-las-donaciones-para-los-damnificados\/#primaryimage"},"thumbnailUrl":"https:\/\/www.eldiariodetucuman.com\/web\/wp-content\/uploads\/2017\/04\/el-diario-de-tucuman-inundaciones.jpeg","keywords":["El Diario de Tucuman","Inundaciones","Tucuman"],"articleSection":["Actualidad"],"inLanguage":"es"},{"@type":"WebPage","@id":"https:\/\/www.eldiariodetucuman.com\/web\/el-gobierno-orienta-las-donaciones-para-los-damnificados\/","url":"https:\/\/www.eldiariodetucuman.com\/web\/el-gobierno-orienta-las-donaciones-para-los-damnificados\/","name":"El Gobierno orienta las donaciones para los damnificados - El Diario de Tucuman","isPartOf":{"@id":"https:\/\/www.eldiariodetucuman.com\/web\/#website"},"primaryImageOfPage":{"@id":"https:\/\/www.eldiariodetucuman.com\/web\/el-gobierno-orienta-las-donaciones-para-los-damnificados\/#primaryimage"},"image":{"@id":"https:\/\/www.eldiariodetucuman.com\/web\/el-gobierno-orienta-las-donaciones-para-los-damnificados\/#primaryimage"},"thumbnailUrl":"https:\/\/www.eldiariodetucuman.com\/web\/wp-content\/uploads\/2017\/04\/el-diario-de-tucuman-inundaciones.jpeg","datePublished":"2017-04-04T13:55:25+00:00","breadcrumb":{"@id":"https:\/\/www.eldiariodetucuman.com\/web\/el-gobierno-orienta-las-donaciones-para-los-damnificados\/#breadcrumb"},"inLanguage":"es","potentialAction":[{"@type":"ReadAction","target":["https:\/\/www.eldiariodetucuman.com\/web\/el-gobierno-orienta-las-donaciones-para-los-damnificados\/"]}]},{"@type":"ImageObject","inLanguage":"es","@id":"https:\/\/www.eldiariodetucuman.com\/web\/el-gobierno-orienta-las-donaciones-para-los-damnificados\/#primaryimage","url":"https:\/\/www.eldiariodetucuman.com\/web\/wp-content\/uploads\/2017\/04\/el-diario-de-tucuman-inundaciones.jpeg","contentUrl":"https:\/\/www.eldiariodetucuman.com\/web\/wp-content\/uploads\/2017\/04\/el-diario-de-tucuman-inundaciones.jpeg","width":500,"height":277,"caption":"el diario de tucuman inundaciones"},{"@type":"BreadcrumbList","@id":"https:\/\/www.eldiariodetucuman.com\/web\/el-gobierno-orienta-las-donaciones-para-los-damnificados\/#breadcrumb","itemListElement":[{"@type":"ListItem","position":1,"name":"Portada","item":"https:\/\/www.eldiariodetucuman.com\/web\/"},{"@type":"ListItem","position":2,"name":"El Gobierno orienta las donaciones para los damnificados"}]},{"@type":"WebSite","@id":"https:\/\/www.eldiariodetucuman.com\/web\/#website","url":"https:\/\/www.eldiariodetucuman.com\/web\/","name":"El Diario de Tucuman","description":"Diario Tucuman - Informaci\u00f3n y noticias","publisher":{"@id":"https:\/\/www.eldiariodetucuman.com\/web\/#organization"},"potentialAction":[{"@type":"SearchAction","target":{"@type":"EntryPoint","urlTemplate":"https:\/\/www.eldiariodetucuman.com\/web\/?s={search_term_string}"},"query-input":{"@type":"PropertyValueSpecification","valueRequired":true,"valueName":"search_term_string"}}],"inLanguage":"es"},{"@type":"Organization","@id":"https:\/\/www.eldiariodetucuman.com\/web\/#organization","name":"El Diario de Tucuman","url":"https:\/\/www.eldiariodetucuman.com\/web\/","logo":{"@type":"ImageObject","inLanguage":"es","@id":"https:\/\/www.eldiariodetucuman.com\/web\/#\/schema\/logo\/image\/","url":"http:\/\/www.eldiariodetucuman.com\/web\/wp-content\/uploads\/2017\/12\/el-diario-de-tucuman.jpg","contentUrl":"http:\/\/www.eldiariodetucuman.com\/web\/wp-content\/uploads\/2017\/12\/el-diario-de-tucuman.jpg","width":272,"height":92,"caption":"El Diario de Tucuman"},"image":{"@id":"https:\/\/www.eldiariodetucuman.com\/web\/#\/schema\/logo\/image\/"}},{"@type":"Person","@id":"https:\/\/www.eldiariodetucuman.com\/web\/#\/schema\/person\/3adbe300ecd6242af93c97dab1dc3ba1","name":"El diario de Tucuman","image":{"@type":"ImageObject","inLanguage":"es","@id":"https:\/\/secure.gravatar.com\/avatar\/b7214de193b24d0bd708ac5516aa13d0f20c6560795bfbee06857d5c8ac2f0b2?s=96&d=mm&r=g","url":"https:\/\/secure.gravatar.com\/avatar\/b7214de193b24d0bd708ac5516aa13d0f20c6560795bfbee06857d5c8ac2f0b2?s=96&d=mm&r=g","contentUrl":"https:\/\/secure.gravatar.com\/avatar\/b7214de193b24d0bd708ac5516aa13d0f20c6560795bfbee06857d5c8ac2f0b2?s=96&d=mm&r=g","caption":"El diario de Tucuman"},"url":"https:\/\/www.eldiariodetucuman.com\/web\/author\/mgiobellina\/"}]}},"_links":{"self":[{"href":"https:\/\/www.eldiariodetucuman.com\/web\/wp-json\/wp\/v2\/posts\/2593","targetHints":{"allow":["GET"]}}],"collection":[{"href":"https:\/\/www.eldiariodetucuman.com\/web\/wp-json\/wp\/v2\/posts"}],"about":[{"href":"https:\/\/www.eldiariodetucuman.com\/web\/wp-json\/wp\/v2\/types\/post"}],"author":[{"embeddable":true,"href":"https:\/\/www.eldiariodetucuman.com\/web\/wp-json\/wp\/v2\/users\/3"}],"replies":[{"embeddable":true,"href":"https:\/\/www.eldiariodetucuman.com\/web\/wp-json\/wp\/v2\/comments?post=2593"}],"version-history":[{"count":1,"href":"https:\/\/www.eldiariodetucuman.com\/web\/wp-json\/wp\/v2\/posts\/2593\/revisions"}],"predecessor-version":[{"id":2595,"href":"https:\/\/www.eldiariodetucuman.com\/web\/wp-json\/wp\/v2\/posts\/2593\/revisions\/2595"}],"wp:featuredmedia":[{"embeddable":true,"href":"https:\/\/www.eldiariodetucuman.com\/web\/wp-json\/wp\/v2\/media\/2594"}],"wp:attachment":[{"href":"https:\/\/www.eldiariodetucuman.com\/web\/wp-json\/wp\/v2\/media?parent=2593"}],"wp:term":[{"taxonomy":"category","embeddable":true,"href":"https:\/\/www.eldiariodetucuman.com\/web\/wp-json\/wp\/v2\/categories?post=2593"},{"taxonomy":"post_tag","embeddable":true,"href":"https:\/\/www.eldiariodetucuman.com\/web\/wp-json\/wp\/v2\/tags?post=2593"}],"curies":[{"name":"wp","href":"https:\/\/api.w.org\/{rel}","templated":true}]}}