{"id":2590,"date":"2017-03-28T16:32:44","date_gmt":"2017-03-28T16:32:44","guid":{"rendered":"http:\/\/www.eldiariodetucuman.com\/web\/?p=2590"},"modified":"2017-03-28T16:32:44","modified_gmt":"2017-03-28T16:32:44","slug":"separan-de-su-cargo-a-maestras-y-directora-de-escuela-por-reivindicar-el-terrorismo-de-estado-en-buenos-aires","status":"publish","type":"post","link":"https:\/\/www.eldiariodetucuman.com\/web\/separan-de-su-cargo-a-maestras-y-directora-de-escuela-por-reivindicar-el-terrorismo-de-estado-en-buenos-aires\/","title":{"rendered":"Separan de su cargo a maestras y directora de escuela por reivindicar el terrorismo de Estado en Buenos Aires"},"content":{"rendered":"<p>BUENOS AIRES.- El colegio Carlos Della Penna, del barrio porte\u00f1o de La Boca, eligi\u00f3 participar de los actos por el Dia de la Memoria con la reproducci\u00f3n de un video ante los alumnos de sexto grado un video que reivindica el terrorismo de Estado, llama \u00abh\u00e9roes\u00bb a los genocidas y cuestiona la pol\u00edtica de Derechos Humanos durante los gobiernos kirchneristas. <!--more--><br \/>\nLas docentes de sexto grado y la directora de esa instituci\u00f3n p\u00fablica fueron separadas de sus cargos luego de que un numeroso grupo de padres se autoconvocara en la puerta \u00abpara un abrazo en desagravio por la memoria de los 30.000 desaparecidos y denunciar la apolog\u00eda de cr\u00edmenes de lesa humanidad\u00bb.<\/p>\n<p>Durante el corto, que dura cuatro minutos, una voz en off dice \u00abEste 24 de marzo, ped\u00ed que te ense\u00f1en la historia completa: En la d\u00e9cada del \u201970 la Argentina viv\u00eda d\u00eda a d\u00eda bajo atentados terroristas, matando a ni\u00f1os, civiles y miembros de las Fuerzas Armadas. La poblaci\u00f3n no quer\u00eda vivir m\u00e1s as\u00ed; los terroristas pon\u00edan un promedio de dos bombas al d\u00eda, sin importar qui\u00e9nes mor\u00edan\u201c.<\/p>\n<p>Luego, argumenta que las fuerzas de seguridad reaccionaron \u00abaniquiliando a quienes sembraron el miedo\u00bb y culpa a los gobiernos de N\u00e9stor Kirchner y Cristina Fern\u00e1ndez de Kirchner por encarcelar a sus \u201ch\u00e9roes\u201d.<\/p>\n<p>Despu\u00e9s del esc\u00e1ndalo, los directivos de la escuela mandaron una nota a los padres en la que reconocen que fue \u00abinapropiado\u00bb mostrar ese video a los chicos durante el acto escolar.<\/p>\n<p class=\"SubTitulo\"><strong>\u201cVendan el relato\u201d<\/strong><\/p>\n<div class=\"inlineBanner\">\n<div id=\"sas_20895\">La pol\u00e9mica surgi\u00f3 en un acto por el D\u00eda Nacional de la Memoria por la Verdad y la Justicia organizado por las docentes de sexto grado en el que pasaron un video de 4 minutos y 15 segundos en el que se insta a los estudiantes a que le pidan a sus maestros que les cuenten \u00abla historia completa\u00bb y no les \u00abvendan relato\u00bb.<\/div>\n<\/div>\n<p>En el video se llama \u00abterroristas\u00bb a los desaparecidos y se reivindica sus asesinatos, se\u00f1alando que los militares \u00abaccionaron repeliendo y aniquilando a quienes sembraron el terrorismo y el miedo en nuestra querida Argentina\u00bb. \u00abPor el gran negocio de los Kirchner, nuestros h\u00e9roes se est\u00e1n muriendo lejos de sus familias y de sus hijos\u00bb, expresa el video con la Marcha de San Lorenzo de fondo.<\/p>\n","protected":false},"excerpt":{"rendered":"<p>BUENOS AIRES.- El colegio Carlos Della Penna, del barrio porte\u00f1o de La Boca, eligi\u00f3 participar de los actos por el Dia de la Memoria con la reproducci\u00f3n de un video ante los alumnos de sexto grado un video que reivindica el terrorismo de Estado, llama \u00abh\u00e9roes\u00bb a los genocidas y cuestiona la pol\u00edtica de Derechos [&hellip;]<\/p>\n","protected":false},"author":3,"featured_media":2591,"comment_status":"closed","ping_status":"open","sticky":false,"template":"","format":"standard","meta":{"footnotes":""},"categories":[1],"tags":[134,804,805,803,101,460],"class_list":{"0":"post-2590","1":"post","2":"type-post","3":"status-publish","4":"format-standard","5":"has-post-thumbnail","7":"category-portada","8":"tag-argentina","9":"tag-desaparecidos","10":"tag-dia-nacional-de-la-memoria-por-la-verdad","11":"tag-eldiario-de-tucuman","12":"tag-escuela","13":"tag-video"},"yoast_head":"<!-- This site is optimized with the Yoast SEO plugin v27.4 - https:\/\/yoast.com\/product\/yoast-seo-wordpress\/ -->\n<title>Separan de su cargo a maestras y directora de escuela por reivindicar el terrorismo de Estado en Buenos Aires - El Diario de Tucuman<\/title>\n<meta name=\"robots\" content=\"index, follow, max-snippet:-1, max-image-preview:large, max-video-preview:-1\" \/>\n<link rel=\"canonical\" href=\"https:\/\/www.eldiariodetucuman.com\/web\/separan-de-su-cargo-a-maestras-y-directora-de-escuela-por-reivindicar-el-terrorismo-de-estado-en-buenos-aires\/\" \/>\n<meta property=\"og:locale\" content=\"es_ES\" \/>\n<meta property=\"og:type\" content=\"article\" \/>\n<meta property=\"og:title\" content=\"Separan de su cargo a maestras y directora de escuela por reivindicar el terrorismo de Estado en Buenos Aires - El Diario de Tucuman\" \/>\n<meta property=\"og:description\" content=\"BUENOS AIRES.- El colegio Carlos Della Penna, del barrio porte\u00f1o de La Boca, eligi\u00f3 participar de los actos por el Dia de la Memoria con la reproducci\u00f3n de un video ante los alumnos de sexto grado un video que reivindica el terrorismo de Estado, llama \u00abh\u00e9roes\u00bb a los genocidas y cuestiona la pol\u00edtica de Derechos [&hellip;]\" \/>\n<meta property=\"og:url\" content=\"https:\/\/www.eldiariodetucuman.com\/web\/separan-de-su-cargo-a-maestras-y-directora-de-escuela-por-reivindicar-el-terrorismo-de-estado-en-buenos-aires\/\" \/>\n<meta property=\"og:site_name\" content=\"El Diario de Tucuman\" \/>\n<meta property=\"article:published_time\" content=\"2017-03-28T16:32:44+00:00\" \/>\n<meta property=\"og:image\" content=\"https:\/\/www.eldiariodetucuman.com\/web\/wp-content\/uploads\/2017\/03\/Escuela-1_7.jpg\" \/>\n\t<meta property=\"og:image:width\" content=\"500\" \/>\n\t<meta property=\"og:image:height\" content=\"281\" \/>\n\t<meta property=\"og:image:type\" content=\"image\/jpeg\" \/>\n<meta name=\"author\" content=\"El diario de Tucuman\" \/>\n<meta name=\"twitter:card\" content=\"summary_large_image\" \/>\n<meta name=\"twitter:label1\" content=\"Escrito por\" \/>\n\t<meta name=\"twitter:data1\" content=\"El diario de Tucuman\" \/>\n\t<meta name=\"twitter:label2\" content=\"Tiempo de lectura\" \/>\n\t<meta name=\"twitter:data2\" content=\"2 minutos\" \/>\n<script type=\"application\/ld+json\" class=\"yoast-schema-graph\">{\"@context\":\"https:\\\/\\\/schema.org\",\"@graph\":[{\"@type\":\"Article\",\"@id\":\"https:\\\/\\\/www.eldiariodetucuman.com\\\/web\\\/separan-de-su-cargo-a-maestras-y-directora-de-escuela-por-reivindicar-el-terrorismo-de-estado-en-buenos-aires\\\/#article\",\"isPartOf\":{\"@id\":\"https:\\\/\\\/www.eldiariodetucuman.com\\\/web\\\/separan-de-su-cargo-a-maestras-y-directora-de-escuela-por-reivindicar-el-terrorismo-de-estado-en-buenos-aires\\\/\"},\"author\":{\"name\":\"El diario de Tucuman\",\"@id\":\"https:\\\/\\\/www.eldiariodetucuman.com\\\/web\\\/#\\\/schema\\\/person\\\/3adbe300ecd6242af93c97dab1dc3ba1\"},\"headline\":\"Separan de su cargo a maestras y directora de escuela por reivindicar el terrorismo de Estado en Buenos Aires\",\"datePublished\":\"2017-03-28T16:32:44+00:00\",\"mainEntityOfPage\":{\"@id\":\"https:\\\/\\\/www.eldiariodetucuman.com\\\/web\\\/separan-de-su-cargo-a-maestras-y-directora-de-escuela-por-reivindicar-el-terrorismo-de-estado-en-buenos-aires\\\/\"},\"wordCount\":420,\"publisher\":{\"@id\":\"https:\\\/\\\/www.eldiariodetucuman.com\\\/web\\\/#organization\"},\"image\":{\"@id\":\"https:\\\/\\\/www.eldiariodetucuman.com\\\/web\\\/separan-de-su-cargo-a-maestras-y-directora-de-escuela-por-reivindicar-el-terrorismo-de-estado-en-buenos-aires\\\/#primaryimage\"},\"thumbnailUrl\":\"https:\\\/\\\/www.eldiariodetucuman.com\\\/web\\\/wp-content\\\/uploads\\\/2017\\\/03\\\/Escuela-1_7.jpg\",\"keywords\":[\"Argentina\",\"desaparecidos\",\"dia nacional de la memoria por la verdad\",\"eldiario de tucuman\",\"Escuela\",\"video\"],\"articleSection\":[\"Portada\"],\"inLanguage\":\"es\"},{\"@type\":\"WebPage\",\"@id\":\"https:\\\/\\\/www.eldiariodetucuman.com\\\/web\\\/separan-de-su-cargo-a-maestras-y-directora-de-escuela-por-reivindicar-el-terrorismo-de-estado-en-buenos-aires\\\/\",\"url\":\"https:\\\/\\\/www.eldiariodetucuman.com\\\/web\\\/separan-de-su-cargo-a-maestras-y-directora-de-escuela-por-reivindicar-el-terrorismo-de-estado-en-buenos-aires\\\/\",\"name\":\"Separan de su cargo a maestras y directora de escuela por reivindicar el terrorismo de Estado en Buenos Aires - El Diario de Tucuman\",\"isPartOf\":{\"@id\":\"https:\\\/\\\/www.eldiariodetucuman.com\\\/web\\\/#website\"},\"primaryImageOfPage\":{\"@id\":\"https:\\\/\\\/www.eldiariodetucuman.com\\\/web\\\/separan-de-su-cargo-a-maestras-y-directora-de-escuela-por-reivindicar-el-terrorismo-de-estado-en-buenos-aires\\\/#primaryimage\"},\"image\":{\"@id\":\"https:\\\/\\\/www.eldiariodetucuman.com\\\/web\\\/separan-de-su-cargo-a-maestras-y-directora-de-escuela-por-reivindicar-el-terrorismo-de-estado-en-buenos-aires\\\/#primaryimage\"},\"thumbnailUrl\":\"https:\\\/\\\/www.eldiariodetucuman.com\\\/web\\\/wp-content\\\/uploads\\\/2017\\\/03\\\/Escuela-1_7.jpg\",\"datePublished\":\"2017-03-28T16:32:44+00:00\",\"breadcrumb\":{\"@id\":\"https:\\\/\\\/www.eldiariodetucuman.com\\\/web\\\/separan-de-su-cargo-a-maestras-y-directora-de-escuela-por-reivindicar-el-terrorismo-de-estado-en-buenos-aires\\\/#breadcrumb\"},\"inLanguage\":\"es\",\"potentialAction\":[{\"@type\":\"ReadAction\",\"target\":[\"https:\\\/\\\/www.eldiariodetucuman.com\\\/web\\\/separan-de-su-cargo-a-maestras-y-directora-de-escuela-por-reivindicar-el-terrorismo-de-estado-en-buenos-aires\\\/\"]}]},{\"@type\":\"ImageObject\",\"inLanguage\":\"es\",\"@id\":\"https:\\\/\\\/www.eldiariodetucuman.com\\\/web\\\/separan-de-su-cargo-a-maestras-y-directora-de-escuela-por-reivindicar-el-terrorismo-de-estado-en-buenos-aires\\\/#primaryimage\",\"url\":\"https:\\\/\\\/www.eldiariodetucuman.com\\\/web\\\/wp-content\\\/uploads\\\/2017\\\/03\\\/Escuela-1_7.jpg\",\"contentUrl\":\"https:\\\/\\\/www.eldiariodetucuman.com\\\/web\\\/wp-content\\\/uploads\\\/2017\\\/03\\\/Escuela-1_7.jpg\",\"width\":500,\"height\":281},{\"@type\":\"BreadcrumbList\",\"@id\":\"https:\\\/\\\/www.eldiariodetucuman.com\\\/web\\\/separan-de-su-cargo-a-maestras-y-directora-de-escuela-por-reivindicar-el-terrorismo-de-estado-en-buenos-aires\\\/#breadcrumb\",\"itemListElement\":[{\"@type\":\"ListItem\",\"position\":1,\"name\":\"Portada\",\"item\":\"https:\\\/\\\/www.eldiariodetucuman.com\\\/web\\\/\"},{\"@type\":\"ListItem\",\"position\":2,\"name\":\"Separan de su cargo a maestras y directora de escuela por reivindicar el terrorismo de Estado en Buenos Aires\"}]},{\"@type\":\"WebSite\",\"@id\":\"https:\\\/\\\/www.eldiariodetucuman.com\\\/web\\\/#website\",\"url\":\"https:\\\/\\\/www.eldiariodetucuman.com\\\/web\\\/\",\"name\":\"El Diario de Tucuman\",\"description\":\"Diario Tucuman - Informaci\u00f3n y noticias\",\"publisher\":{\"@id\":\"https:\\\/\\\/www.eldiariodetucuman.com\\\/web\\\/#organization\"},\"potentialAction\":[{\"@type\":\"SearchAction\",\"target\":{\"@type\":\"EntryPoint\",\"urlTemplate\":\"https:\\\/\\\/www.eldiariodetucuman.com\\\/web\\\/?s={search_term_string}\"},\"query-input\":{\"@type\":\"PropertyValueSpecification\",\"valueRequired\":true,\"valueName\":\"search_term_string\"}}],\"inLanguage\":\"es\"},{\"@type\":\"Organization\",\"@id\":\"https:\\\/\\\/www.eldiariodetucuman.com\\\/web\\\/#organization\",\"name\":\"El Diario de Tucuman\",\"url\":\"https:\\\/\\\/www.eldiariodetucuman.com\\\/web\\\/\",\"logo\":{\"@type\":\"ImageObject\",\"inLanguage\":\"es\",\"@id\":\"https:\\\/\\\/www.eldiariodetucuman.com\\\/web\\\/#\\\/schema\\\/logo\\\/image\\\/\",\"url\":\"http:\\\/\\\/www.eldiariodetucuman.com\\\/web\\\/wp-content\\\/uploads\\\/2017\\\/12\\\/el-diario-de-tucuman.jpg\",\"contentUrl\":\"http:\\\/\\\/www.eldiariodetucuman.com\\\/web\\\/wp-content\\\/uploads\\\/2017\\\/12\\\/el-diario-de-tucuman.jpg\",\"width\":272,\"height\":92,\"caption\":\"El Diario de Tucuman\"},\"image\":{\"@id\":\"https:\\\/\\\/www.eldiariodetucuman.com\\\/web\\\/#\\\/schema\\\/logo\\\/image\\\/\"}},{\"@type\":\"Person\",\"@id\":\"https:\\\/\\\/www.eldiariodetucuman.com\\\/web\\\/#\\\/schema\\\/person\\\/3adbe300ecd6242af93c97dab1dc3ba1\",\"name\":\"El diario de Tucuman\",\"image\":{\"@type\":\"ImageObject\",\"inLanguage\":\"es\",\"@id\":\"https:\\\/\\\/secure.gravatar.com\\\/avatar\\\/b7214de193b24d0bd708ac5516aa13d0f20c6560795bfbee06857d5c8ac2f0b2?s=96&d=mm&r=g\",\"url\":\"https:\\\/\\\/secure.gravatar.com\\\/avatar\\\/b7214de193b24d0bd708ac5516aa13d0f20c6560795bfbee06857d5c8ac2f0b2?s=96&d=mm&r=g\",\"contentUrl\":\"https:\\\/\\\/secure.gravatar.com\\\/avatar\\\/b7214de193b24d0bd708ac5516aa13d0f20c6560795bfbee06857d5c8ac2f0b2?s=96&d=mm&r=g\",\"caption\":\"El diario de Tucuman\"},\"url\":\"https:\\\/\\\/www.eldiariodetucuman.com\\\/web\\\/author\\\/mgiobellina\\\/\"}]}<\/script>\n<!-- \/ Yoast SEO plugin. -->","yoast_head_json":{"title":"Separan de su cargo a maestras y directora de escuela por reivindicar el terrorismo de Estado en Buenos Aires - El Diario de Tucuman","robots":{"index":"index","follow":"follow","max-snippet":"max-snippet:-1","max-image-preview":"max-image-preview:large","max-video-preview":"max-video-preview:-1"},"canonical":"https:\/\/www.eldiariodetucuman.com\/web\/separan-de-su-cargo-a-maestras-y-directora-de-escuela-por-reivindicar-el-terrorismo-de-estado-en-buenos-aires\/","og_locale":"es_ES","og_type":"article","og_title":"Separan de su cargo a maestras y directora de escuela por reivindicar el terrorismo de Estado en Buenos Aires - El Diario de Tucuman","og_description":"BUENOS AIRES.- El colegio Carlos Della Penna, del barrio porte\u00f1o de La Boca, eligi\u00f3 participar de los actos por el Dia de la Memoria con la reproducci\u00f3n de un video ante los alumnos de sexto grado un video que reivindica el terrorismo de Estado, llama \u00abh\u00e9roes\u00bb a los genocidas y cuestiona la pol\u00edtica de Derechos [&hellip;]","og_url":"https:\/\/www.eldiariodetucuman.com\/web\/separan-de-su-cargo-a-maestras-y-directora-de-escuela-por-reivindicar-el-terrorismo-de-estado-en-buenos-aires\/","og_site_name":"El Diario de Tucuman","article_published_time":"2017-03-28T16:32:44+00:00","og_image":[{"width":500,"height":281,"url":"https:\/\/www.eldiariodetucuman.com\/web\/wp-content\/uploads\/2017\/03\/Escuela-1_7.jpg","type":"image\/jpeg"}],"author":"El diario de Tucuman","twitter_card":"summary_large_image","twitter_misc":{"Escrito por":"El diario de Tucuman","Tiempo de lectura":"2 minutos"},"schema":{"@context":"https:\/\/schema.org","@graph":[{"@type":"Article","@id":"https:\/\/www.eldiariodetucuman.com\/web\/separan-de-su-cargo-a-maestras-y-directora-de-escuela-por-reivindicar-el-terrorismo-de-estado-en-buenos-aires\/#article","isPartOf":{"@id":"https:\/\/www.eldiariodetucuman.com\/web\/separan-de-su-cargo-a-maestras-y-directora-de-escuela-por-reivindicar-el-terrorismo-de-estado-en-buenos-aires\/"},"author":{"name":"El diario de Tucuman","@id":"https:\/\/www.eldiariodetucuman.com\/web\/#\/schema\/person\/3adbe300ecd6242af93c97dab1dc3ba1"},"headline":"Separan de su cargo a maestras y directora de escuela por reivindicar el terrorismo de Estado en Buenos Aires","datePublished":"2017-03-28T16:32:44+00:00","mainEntityOfPage":{"@id":"https:\/\/www.eldiariodetucuman.com\/web\/separan-de-su-cargo-a-maestras-y-directora-de-escuela-por-reivindicar-el-terrorismo-de-estado-en-buenos-aires\/"},"wordCount":420,"publisher":{"@id":"https:\/\/www.eldiariodetucuman.com\/web\/#organization"},"image":{"@id":"https:\/\/www.eldiariodetucuman.com\/web\/separan-de-su-cargo-a-maestras-y-directora-de-escuela-por-reivindicar-el-terrorismo-de-estado-en-buenos-aires\/#primaryimage"},"thumbnailUrl":"https:\/\/www.eldiariodetucuman.com\/web\/wp-content\/uploads\/2017\/03\/Escuela-1_7.jpg","keywords":["Argentina","desaparecidos","dia nacional de la memoria por la verdad","eldiario de tucuman","Escuela","video"],"articleSection":["Portada"],"inLanguage":"es"},{"@type":"WebPage","@id":"https:\/\/www.eldiariodetucuman.com\/web\/separan-de-su-cargo-a-maestras-y-directora-de-escuela-por-reivindicar-el-terrorismo-de-estado-en-buenos-aires\/","url":"https:\/\/www.eldiariodetucuman.com\/web\/separan-de-su-cargo-a-maestras-y-directora-de-escuela-por-reivindicar-el-terrorismo-de-estado-en-buenos-aires\/","name":"Separan de su cargo a maestras y directora de escuela por reivindicar el terrorismo de Estado en Buenos Aires - El Diario de Tucuman","isPartOf":{"@id":"https:\/\/www.eldiariodetucuman.com\/web\/#website"},"primaryImageOfPage":{"@id":"https:\/\/www.eldiariodetucuman.com\/web\/separan-de-su-cargo-a-maestras-y-directora-de-escuela-por-reivindicar-el-terrorismo-de-estado-en-buenos-aires\/#primaryimage"},"image":{"@id":"https:\/\/www.eldiariodetucuman.com\/web\/separan-de-su-cargo-a-maestras-y-directora-de-escuela-por-reivindicar-el-terrorismo-de-estado-en-buenos-aires\/#primaryimage"},"thumbnailUrl":"https:\/\/www.eldiariodetucuman.com\/web\/wp-content\/uploads\/2017\/03\/Escuela-1_7.jpg","datePublished":"2017-03-28T16:32:44+00:00","breadcrumb":{"@id":"https:\/\/www.eldiariodetucuman.com\/web\/separan-de-su-cargo-a-maestras-y-directora-de-escuela-por-reivindicar-el-terrorismo-de-estado-en-buenos-aires\/#breadcrumb"},"inLanguage":"es","potentialAction":[{"@type":"ReadAction","target":["https:\/\/www.eldiariodetucuman.com\/web\/separan-de-su-cargo-a-maestras-y-directora-de-escuela-por-reivindicar-el-terrorismo-de-estado-en-buenos-aires\/"]}]},{"@type":"ImageObject","inLanguage":"es","@id":"https:\/\/www.eldiariodetucuman.com\/web\/separan-de-su-cargo-a-maestras-y-directora-de-escuela-por-reivindicar-el-terrorismo-de-estado-en-buenos-aires\/#primaryimage","url":"https:\/\/www.eldiariodetucuman.com\/web\/wp-content\/uploads\/2017\/03\/Escuela-1_7.jpg","contentUrl":"https:\/\/www.eldiariodetucuman.com\/web\/wp-content\/uploads\/2017\/03\/Escuela-1_7.jpg","width":500,"height":281},{"@type":"BreadcrumbList","@id":"https:\/\/www.eldiariodetucuman.com\/web\/separan-de-su-cargo-a-maestras-y-directora-de-escuela-por-reivindicar-el-terrorismo-de-estado-en-buenos-aires\/#breadcrumb","itemListElement":[{"@type":"ListItem","position":1,"name":"Portada","item":"https:\/\/www.eldiariodetucuman.com\/web\/"},{"@type":"ListItem","position":2,"name":"Separan de su cargo a maestras y directora de escuela por reivindicar el terrorismo de Estado en Buenos Aires"}]},{"@type":"WebSite","@id":"https:\/\/www.eldiariodetucuman.com\/web\/#website","url":"https:\/\/www.eldiariodetucuman.com\/web\/","name":"El Diario de Tucuman","description":"Diario Tucuman - Informaci\u00f3n y noticias","publisher":{"@id":"https:\/\/www.eldiariodetucuman.com\/web\/#organization"},"potentialAction":[{"@type":"SearchAction","target":{"@type":"EntryPoint","urlTemplate":"https:\/\/www.eldiariodetucuman.com\/web\/?s={search_term_string}"},"query-input":{"@type":"PropertyValueSpecification","valueRequired":true,"valueName":"search_term_string"}}],"inLanguage":"es"},{"@type":"Organization","@id":"https:\/\/www.eldiariodetucuman.com\/web\/#organization","name":"El Diario de Tucuman","url":"https:\/\/www.eldiariodetucuman.com\/web\/","logo":{"@type":"ImageObject","inLanguage":"es","@id":"https:\/\/www.eldiariodetucuman.com\/web\/#\/schema\/logo\/image\/","url":"http:\/\/www.eldiariodetucuman.com\/web\/wp-content\/uploads\/2017\/12\/el-diario-de-tucuman.jpg","contentUrl":"http:\/\/www.eldiariodetucuman.com\/web\/wp-content\/uploads\/2017\/12\/el-diario-de-tucuman.jpg","width":272,"height":92,"caption":"El Diario de Tucuman"},"image":{"@id":"https:\/\/www.eldiariodetucuman.com\/web\/#\/schema\/logo\/image\/"}},{"@type":"Person","@id":"https:\/\/www.eldiariodetucuman.com\/web\/#\/schema\/person\/3adbe300ecd6242af93c97dab1dc3ba1","name":"El diario de Tucuman","image":{"@type":"ImageObject","inLanguage":"es","@id":"https:\/\/secure.gravatar.com\/avatar\/b7214de193b24d0bd708ac5516aa13d0f20c6560795bfbee06857d5c8ac2f0b2?s=96&d=mm&r=g","url":"https:\/\/secure.gravatar.com\/avatar\/b7214de193b24d0bd708ac5516aa13d0f20c6560795bfbee06857d5c8ac2f0b2?s=96&d=mm&r=g","contentUrl":"https:\/\/secure.gravatar.com\/avatar\/b7214de193b24d0bd708ac5516aa13d0f20c6560795bfbee06857d5c8ac2f0b2?s=96&d=mm&r=g","caption":"El diario de Tucuman"},"url":"https:\/\/www.eldiariodetucuman.com\/web\/author\/mgiobellina\/"}]}},"_links":{"self":[{"href":"https:\/\/www.eldiariodetucuman.com\/web\/wp-json\/wp\/v2\/posts\/2590","targetHints":{"allow":["GET"]}}],"collection":[{"href":"https:\/\/www.eldiariodetucuman.com\/web\/wp-json\/wp\/v2\/posts"}],"about":[{"href":"https:\/\/www.eldiariodetucuman.com\/web\/wp-json\/wp\/v2\/types\/post"}],"author":[{"embeddable":true,"href":"https:\/\/www.eldiariodetucuman.com\/web\/wp-json\/wp\/v2\/users\/3"}],"replies":[{"embeddable":true,"href":"https:\/\/www.eldiariodetucuman.com\/web\/wp-json\/wp\/v2\/comments?post=2590"}],"version-history":[{"count":1,"href":"https:\/\/www.eldiariodetucuman.com\/web\/wp-json\/wp\/v2\/posts\/2590\/revisions"}],"predecessor-version":[{"id":2592,"href":"https:\/\/www.eldiariodetucuman.com\/web\/wp-json\/wp\/v2\/posts\/2590\/revisions\/2592"}],"wp:featuredmedia":[{"embeddable":true,"href":"https:\/\/www.eldiariodetucuman.com\/web\/wp-json\/wp\/v2\/media\/2591"}],"wp:attachment":[{"href":"https:\/\/www.eldiariodetucuman.com\/web\/wp-json\/wp\/v2\/media?parent=2590"}],"wp:term":[{"taxonomy":"category","embeddable":true,"href":"https:\/\/www.eldiariodetucuman.com\/web\/wp-json\/wp\/v2\/categories?post=2590"},{"taxonomy":"post_tag","embeddable":true,"href":"https:\/\/www.eldiariodetucuman.com\/web\/wp-json\/wp\/v2\/tags?post=2590"}],"curies":[{"name":"wp","href":"https:\/\/api.w.org\/{rel}","templated":true}]}}