{"id":2587,"date":"2017-03-28T16:25:33","date_gmt":"2017-03-28T16:25:33","guid":{"rendered":"http:\/\/www.eldiariodetucuman.com\/web\/?p=2587"},"modified":"2017-03-28T16:25:33","modified_gmt":"2017-03-28T16:25:33","slug":"el-pesimismo-social-se-elevo-por-la-inflacion-y-la-recesion","status":"publish","type":"post","link":"https:\/\/www.eldiariodetucuman.com\/web\/el-pesimismo-social-se-elevo-por-la-inflacion-y-la-recesion\/","title":{"rendered":"El pesimismo social se elevo por la inflaci\u00f3n y la recesi\u00f3n"},"content":{"rendered":"<p>La aceleraci\u00f3n de la inflaci\u00f3n y el estancamiento de la econom\u00eda real generaron un aumento del pesimismo, y de la conflictividad social. Sin cambios esperables de funcionarios, ni de pol\u00edtica econ\u00f3mica, esta din\u00e1mica puede erosionar la credibilidad del Gobierno de <b>Mauricio Macri <\/b>y reducir la probabilidad de un triunfo de Cambiemos en las elecciones legislativas de este a\u00f1o.<!--more--><\/p>\n<p>Esta conclusi\u00f3n corresponde al Informe Econ\u00f3mico Mensual (IEM) del Instituto de Investigaci\u00f3n de la Facultad de Ciencias Econ\u00f3micas y Empresariales de la Universidad del Salvador. El IEM fue elaborado por <b>H\u00e9ctor Rubini<\/b>, en su car\u00e1cter de editor.<\/p>\n<p><b>Sin recuperaci\u00f3n<\/b><\/p>\n<p>Rubini se\u00f1al\u00f3 que en contradicci\u00f3n con la persistente pr\u00e9dica del ministro de Hacienda, <b>Nicol\u00e1s Dujovne<\/b>, los indicadores de la econom\u00eda real muestran que no hay suficiente evidencia emp\u00edrica de recuperaci\u00f3n de la actividad econ\u00f3mica ni del empleo. \u201cEsto se refleja en la percepci\u00f3n general del p\u00fablico respecto de su situaci\u00f3n actual y en sus expectativas. Tambi\u00e9n hay otros indicadores que son, en extremo, preocupantes: la pobreza aument\u00f3 de 29% al 32,9%, y la indigencia de 5,4% a 6,9%; la ocupaci\u00f3n laboral plena cay\u00f3 de 43% a 41,4% y la inflaci\u00f3n anualizada ascendi\u00f3 al 40,9%, seg\u00fan el Indec\u201d, puntualiz\u00f3.<\/p>\n<p>El editor del IEM dijo tambi\u00e9n que, si bien algunos indicadores como el empleo y la actividad de la construcci\u00f3n mostraron un giro positivo en el \u00faltimo cuatrimestre de 2016, buena parte sigue sin mostrar signos de genuina reactivaci\u00f3n. \u201cLa actividad manufacturera no exhibe signos de recuperaci\u00f3n y en febrero el uso de la capacidad instalada fue de 60,6%, inferior al de enero (63%)\u201d, precis\u00f3.<\/p>\n<p><b>La amarga inflaci\u00f3n<\/b><\/p>\n<p>\u201cEl dato de inflaci\u00f3n de febrero (2,5% mensual) puso en jaque la credibilidad del Banco Central para lograr su meta de inflaci\u00f3n del 17% anual en diciembre de este a\u00f1o. La inflaci\u00f3n estimada a trav\u00e9s distintos indicadores privados y p\u00fablicos muestra lo dif\u00edcil que resultar\u00e1 cumplir el objetivo, pero que es posible acercarse y mantener la credibilidad de las pol\u00edticas anti inflaci\u00f3n si se toman algunas decisiones cruciales\u201d, asever\u00f3 <b>Gustavo Mart\u00edn<\/b>, integrante del programa de investigaci\u00f3n del IEM.<\/p>\n<p>El informe de la Universidad del Salvador explic\u00f3 que la suba de precios regulados (tarifas de luz, gas y agua) tiene una din\u00e1mica independiente de lo que haga la autoridad monetaria, y con ajustes desfasados.<\/p>\n<p><b>Paritarias<\/b><\/p>\n<p>Seg\u00fan el reporte, las actuales discusiones entre sindicatos, Estado y empresarios no son sobre indexar o no salarios a la inflaci\u00f3n. \u201cLos sindicatos desean aumentos salariales mirando a la inflaci\u00f3n del \u00faltimo a\u00f1o, y no el \u2018techo\u2019 de la meta de inflaci\u00f3n del BCRA, como sugirieron algunos funcionarios macristas. Los sindicalistas exigen reponer la p\u00e9rdida de salario real de 2016 en torno de 7 puntos porcentuales y tienen la expectativa de que la inflaci\u00f3n de este a\u00f1o ser\u00eda de no menos de 25%\u201d, a\u00f1adi\u00f3.<\/p>\n<p>El estudio afirm\u00f3 -a modo de conclusi\u00f3n- que el BCRA tiene el objetivo bajar la tasa a la cual se incrementan los precios y deber\u00e1 hacerlo de forma cre\u00edble. \u201cMantener un ritmo bajo de inflaci\u00f3n sin una pol\u00edtica fiscal m\u00e1s disciplinada y menos gradualista, ser\u00e1 un gran logro del Gobierno nacional. Excepto que se produzcan eventos disruptivos en lo que queda del a\u00f1o (paritarias que deriven en subas de precios, tarifazos m\u00e1s acentuadas o devaluaci\u00f3n imprevista) existen chances de que la inflaci\u00f3n baje a niveles m\u00e1s acordes con un sendero de estabilizaci\u00f3n de la misma\u201d, finaliz\u00f3.<\/p>\n<p>&nbsp;<\/p>\n<p>Fuente:\u00a0<a href=\"http:\/\/www.lagaceta.com.ar\/nota\/723694\/actualidad\/inflacion-recesion-elevaron-pesimismo-social.html\">http:\/\/www.lagaceta.com.ar\/nota\/723694\/actualidad\/inflacion-recesion-elevaron-pesimismo-social.html<\/a><\/p>\n","protected":false},"excerpt":{"rendered":"<p>La aceleraci\u00f3n de la inflaci\u00f3n y el estancamiento de la econom\u00eda real generaron un aumento del pesimismo, y de la conflictividad social. Sin cambios esperables de funcionarios, ni de pol\u00edtica econ\u00f3mica, esta din\u00e1mica puede erosionar la credibilidad del Gobierno de Mauricio Macri y reducir la probabilidad de un triunfo de Cambiemos en las elecciones legislativas [&hellip;]<\/p>\n","protected":false},"author":3,"featured_media":2588,"comment_status":"closed","ping_status":"open","sticky":false,"template":"","format":"standard","meta":{"footnotes":""},"categories":[152],"tags":[134,7,802,801],"class_list":{"0":"post-2587","1":"post","2":"type-post","3":"status-publish","4":"format-standard","5":"has-post-thumbnail","7":"category-argentina","8":"tag-argentina","9":"tag-el-diario-de-tucuman","10":"tag-inflacion","11":"tag-pesimismo"},"yoast_head":"<!-- This site is optimized with the Yoast SEO plugin v27.5 - https:\/\/yoast.com\/product\/yoast-seo-wordpress\/ -->\n<title>El pesimismo social se elevo por la inflaci\u00f3n y la recesi\u00f3n - El Diario de Tucuman<\/title>\n<meta name=\"robots\" content=\"index, follow, max-snippet:-1, max-image-preview:large, max-video-preview:-1\" \/>\n<link rel=\"canonical\" href=\"https:\/\/www.eldiariodetucuman.com\/web\/el-pesimismo-social-se-elevo-por-la-inflacion-y-la-recesion\/\" \/>\n<meta property=\"og:locale\" content=\"es_ES\" \/>\n<meta property=\"og:type\" content=\"article\" \/>\n<meta property=\"og:title\" content=\"El pesimismo social se elevo por la inflaci\u00f3n y la recesi\u00f3n - El Diario de Tucuman\" \/>\n<meta property=\"og:description\" content=\"La aceleraci\u00f3n de la inflaci\u00f3n y el estancamiento de la econom\u00eda real generaron un aumento del pesimismo, y de la conflictividad social. Sin cambios esperables de funcionarios, ni de pol\u00edtica econ\u00f3mica, esta din\u00e1mica puede erosionar la credibilidad del Gobierno de Mauricio Macri y reducir la probabilidad de un triunfo de Cambiemos en las elecciones legislativas [&hellip;]\" \/>\n<meta property=\"og:url\" content=\"https:\/\/www.eldiariodetucuman.com\/web\/el-pesimismo-social-se-elevo-por-la-inflacion-y-la-recesion\/\" \/>\n<meta property=\"og:site_name\" content=\"El Diario de Tucuman\" \/>\n<meta property=\"article:published_time\" content=\"2017-03-28T16:25:33+00:00\" \/>\n<meta property=\"og:image\" content=\"https:\/\/www.eldiariodetucuman.com\/web\/wp-content\/uploads\/2017\/03\/PESIMISMO.jpg\" \/>\n\t<meta property=\"og:image:width\" content=\"445\" \/>\n\t<meta property=\"og:image:height\" content=\"233\" \/>\n\t<meta property=\"og:image:type\" content=\"image\/jpeg\" \/>\n<meta name=\"author\" content=\"El diario de Tucuman\" \/>\n<meta name=\"twitter:card\" content=\"summary_large_image\" \/>\n<meta name=\"twitter:label1\" content=\"Escrito por\" \/>\n\t<meta name=\"twitter:data1\" content=\"El diario de Tucuman\" \/>\n\t<meta name=\"twitter:label2\" content=\"Tiempo de lectura\" \/>\n\t<meta name=\"twitter:data2\" content=\"3 minutos\" \/>\n<script type=\"application\/ld+json\" class=\"yoast-schema-graph\">{\"@context\":\"https:\\\/\\\/schema.org\",\"@graph\":[{\"@type\":\"Article\",\"@id\":\"https:\\\/\\\/www.eldiariodetucuman.com\\\/web\\\/el-pesimismo-social-se-elevo-por-la-inflacion-y-la-recesion\\\/#article\",\"isPartOf\":{\"@id\":\"https:\\\/\\\/www.eldiariodetucuman.com\\\/web\\\/el-pesimismo-social-se-elevo-por-la-inflacion-y-la-recesion\\\/\"},\"author\":{\"name\":\"El diario de Tucuman\",\"@id\":\"https:\\\/\\\/www.eldiariodetucuman.com\\\/web\\\/#\\\/schema\\\/person\\\/3adbe300ecd6242af93c97dab1dc3ba1\"},\"headline\":\"El pesimismo social se elevo por la inflaci\u00f3n y la recesi\u00f3n\",\"datePublished\":\"2017-03-28T16:25:33+00:00\",\"mainEntityOfPage\":{\"@id\":\"https:\\\/\\\/www.eldiariodetucuman.com\\\/web\\\/el-pesimismo-social-se-elevo-por-la-inflacion-y-la-recesion\\\/\"},\"wordCount\":633,\"publisher\":{\"@id\":\"https:\\\/\\\/www.eldiariodetucuman.com\\\/web\\\/#organization\"},\"image\":{\"@id\":\"https:\\\/\\\/www.eldiariodetucuman.com\\\/web\\\/el-pesimismo-social-se-elevo-por-la-inflacion-y-la-recesion\\\/#primaryimage\"},\"thumbnailUrl\":\"https:\\\/\\\/www.eldiariodetucuman.com\\\/web\\\/wp-content\\\/uploads\\\/2017\\\/03\\\/PESIMISMO.jpg\",\"keywords\":[\"Argentina\",\"El Diario de Tucuman\",\"inflacion\",\"pesimismo\"],\"articleSection\":[\"Argentina\"],\"inLanguage\":\"es\"},{\"@type\":\"WebPage\",\"@id\":\"https:\\\/\\\/www.eldiariodetucuman.com\\\/web\\\/el-pesimismo-social-se-elevo-por-la-inflacion-y-la-recesion\\\/\",\"url\":\"https:\\\/\\\/www.eldiariodetucuman.com\\\/web\\\/el-pesimismo-social-se-elevo-por-la-inflacion-y-la-recesion\\\/\",\"name\":\"El pesimismo social se elevo por la inflaci\u00f3n y la recesi\u00f3n - El Diario de Tucuman\",\"isPartOf\":{\"@id\":\"https:\\\/\\\/www.eldiariodetucuman.com\\\/web\\\/#website\"},\"primaryImageOfPage\":{\"@id\":\"https:\\\/\\\/www.eldiariodetucuman.com\\\/web\\\/el-pesimismo-social-se-elevo-por-la-inflacion-y-la-recesion\\\/#primaryimage\"},\"image\":{\"@id\":\"https:\\\/\\\/www.eldiariodetucuman.com\\\/web\\\/el-pesimismo-social-se-elevo-por-la-inflacion-y-la-recesion\\\/#primaryimage\"},\"thumbnailUrl\":\"https:\\\/\\\/www.eldiariodetucuman.com\\\/web\\\/wp-content\\\/uploads\\\/2017\\\/03\\\/PESIMISMO.jpg\",\"datePublished\":\"2017-03-28T16:25:33+00:00\",\"breadcrumb\":{\"@id\":\"https:\\\/\\\/www.eldiariodetucuman.com\\\/web\\\/el-pesimismo-social-se-elevo-por-la-inflacion-y-la-recesion\\\/#breadcrumb\"},\"inLanguage\":\"es\",\"potentialAction\":[{\"@type\":\"ReadAction\",\"target\":[\"https:\\\/\\\/www.eldiariodetucuman.com\\\/web\\\/el-pesimismo-social-se-elevo-por-la-inflacion-y-la-recesion\\\/\"]}]},{\"@type\":\"ImageObject\",\"inLanguage\":\"es\",\"@id\":\"https:\\\/\\\/www.eldiariodetucuman.com\\\/web\\\/el-pesimismo-social-se-elevo-por-la-inflacion-y-la-recesion\\\/#primaryimage\",\"url\":\"https:\\\/\\\/www.eldiariodetucuman.com\\\/web\\\/wp-content\\\/uploads\\\/2017\\\/03\\\/PESIMISMO.jpg\",\"contentUrl\":\"https:\\\/\\\/www.eldiariodetucuman.com\\\/web\\\/wp-content\\\/uploads\\\/2017\\\/03\\\/PESIMISMO.jpg\",\"width\":445,\"height\":233},{\"@type\":\"BreadcrumbList\",\"@id\":\"https:\\\/\\\/www.eldiariodetucuman.com\\\/web\\\/el-pesimismo-social-se-elevo-por-la-inflacion-y-la-recesion\\\/#breadcrumb\",\"itemListElement\":[{\"@type\":\"ListItem\",\"position\":1,\"name\":\"Portada\",\"item\":\"https:\\\/\\\/www.eldiariodetucuman.com\\\/web\\\/\"},{\"@type\":\"ListItem\",\"position\":2,\"name\":\"El pesimismo social se elevo por la inflaci\u00f3n y la recesi\u00f3n\"}]},{\"@type\":\"WebSite\",\"@id\":\"https:\\\/\\\/www.eldiariodetucuman.com\\\/web\\\/#website\",\"url\":\"https:\\\/\\\/www.eldiariodetucuman.com\\\/web\\\/\",\"name\":\"El Diario de Tucuman\",\"description\":\"Diario Tucuman - Informaci\u00f3n y noticias\",\"publisher\":{\"@id\":\"https:\\\/\\\/www.eldiariodetucuman.com\\\/web\\\/#organization\"},\"potentialAction\":[{\"@type\":\"SearchAction\",\"target\":{\"@type\":\"EntryPoint\",\"urlTemplate\":\"https:\\\/\\\/www.eldiariodetucuman.com\\\/web\\\/?s={search_term_string}\"},\"query-input\":{\"@type\":\"PropertyValueSpecification\",\"valueRequired\":true,\"valueName\":\"search_term_string\"}}],\"inLanguage\":\"es\"},{\"@type\":\"Organization\",\"@id\":\"https:\\\/\\\/www.eldiariodetucuman.com\\\/web\\\/#organization\",\"name\":\"El Diario de Tucuman\",\"url\":\"https:\\\/\\\/www.eldiariodetucuman.com\\\/web\\\/\",\"logo\":{\"@type\":\"ImageObject\",\"inLanguage\":\"es\",\"@id\":\"https:\\\/\\\/www.eldiariodetucuman.com\\\/web\\\/#\\\/schema\\\/logo\\\/image\\\/\",\"url\":\"http:\\\/\\\/www.eldiariodetucuman.com\\\/web\\\/wp-content\\\/uploads\\\/2017\\\/12\\\/el-diario-de-tucuman.jpg\",\"contentUrl\":\"http:\\\/\\\/www.eldiariodetucuman.com\\\/web\\\/wp-content\\\/uploads\\\/2017\\\/12\\\/el-diario-de-tucuman.jpg\",\"width\":272,\"height\":92,\"caption\":\"El Diario de Tucuman\"},\"image\":{\"@id\":\"https:\\\/\\\/www.eldiariodetucuman.com\\\/web\\\/#\\\/schema\\\/logo\\\/image\\\/\"}},{\"@type\":\"Person\",\"@id\":\"https:\\\/\\\/www.eldiariodetucuman.com\\\/web\\\/#\\\/schema\\\/person\\\/3adbe300ecd6242af93c97dab1dc3ba1\",\"name\":\"El diario de Tucuman\",\"image\":{\"@type\":\"ImageObject\",\"inLanguage\":\"es\",\"@id\":\"https:\\\/\\\/secure.gravatar.com\\\/avatar\\\/b7214de193b24d0bd708ac5516aa13d0f20c6560795bfbee06857d5c8ac2f0b2?s=96&d=mm&r=g\",\"url\":\"https:\\\/\\\/secure.gravatar.com\\\/avatar\\\/b7214de193b24d0bd708ac5516aa13d0f20c6560795bfbee06857d5c8ac2f0b2?s=96&d=mm&r=g\",\"contentUrl\":\"https:\\\/\\\/secure.gravatar.com\\\/avatar\\\/b7214de193b24d0bd708ac5516aa13d0f20c6560795bfbee06857d5c8ac2f0b2?s=96&d=mm&r=g\",\"caption\":\"El diario de Tucuman\"},\"url\":\"https:\\\/\\\/www.eldiariodetucuman.com\\\/web\\\/author\\\/mgiobellina\\\/\"}]}<\/script>\n<!-- \/ Yoast SEO plugin. -->","yoast_head_json":{"title":"El pesimismo social se elevo por la inflaci\u00f3n y la recesi\u00f3n - El Diario de Tucuman","robots":{"index":"index","follow":"follow","max-snippet":"max-snippet:-1","max-image-preview":"max-image-preview:large","max-video-preview":"max-video-preview:-1"},"canonical":"https:\/\/www.eldiariodetucuman.com\/web\/el-pesimismo-social-se-elevo-por-la-inflacion-y-la-recesion\/","og_locale":"es_ES","og_type":"article","og_title":"El pesimismo social se elevo por la inflaci\u00f3n y la recesi\u00f3n - El Diario de Tucuman","og_description":"La aceleraci\u00f3n de la inflaci\u00f3n y el estancamiento de la econom\u00eda real generaron un aumento del pesimismo, y de la conflictividad social. Sin cambios esperables de funcionarios, ni de pol\u00edtica econ\u00f3mica, esta din\u00e1mica puede erosionar la credibilidad del Gobierno de Mauricio Macri y reducir la probabilidad de un triunfo de Cambiemos en las elecciones legislativas [&hellip;]","og_url":"https:\/\/www.eldiariodetucuman.com\/web\/el-pesimismo-social-se-elevo-por-la-inflacion-y-la-recesion\/","og_site_name":"El Diario de Tucuman","article_published_time":"2017-03-28T16:25:33+00:00","og_image":[{"width":445,"height":233,"url":"https:\/\/www.eldiariodetucuman.com\/web\/wp-content\/uploads\/2017\/03\/PESIMISMO.jpg","type":"image\/jpeg"}],"author":"El diario de Tucuman","twitter_card":"summary_large_image","twitter_misc":{"Escrito por":"El diario de Tucuman","Tiempo de lectura":"3 minutos"},"schema":{"@context":"https:\/\/schema.org","@graph":[{"@type":"Article","@id":"https:\/\/www.eldiariodetucuman.com\/web\/el-pesimismo-social-se-elevo-por-la-inflacion-y-la-recesion\/#article","isPartOf":{"@id":"https:\/\/www.eldiariodetucuman.com\/web\/el-pesimismo-social-se-elevo-por-la-inflacion-y-la-recesion\/"},"author":{"name":"El diario de Tucuman","@id":"https:\/\/www.eldiariodetucuman.com\/web\/#\/schema\/person\/3adbe300ecd6242af93c97dab1dc3ba1"},"headline":"El pesimismo social se elevo por la inflaci\u00f3n y la recesi\u00f3n","datePublished":"2017-03-28T16:25:33+00:00","mainEntityOfPage":{"@id":"https:\/\/www.eldiariodetucuman.com\/web\/el-pesimismo-social-se-elevo-por-la-inflacion-y-la-recesion\/"},"wordCount":633,"publisher":{"@id":"https:\/\/www.eldiariodetucuman.com\/web\/#organization"},"image":{"@id":"https:\/\/www.eldiariodetucuman.com\/web\/el-pesimismo-social-se-elevo-por-la-inflacion-y-la-recesion\/#primaryimage"},"thumbnailUrl":"https:\/\/www.eldiariodetucuman.com\/web\/wp-content\/uploads\/2017\/03\/PESIMISMO.jpg","keywords":["Argentina","El Diario de Tucuman","inflacion","pesimismo"],"articleSection":["Argentina"],"inLanguage":"es"},{"@type":"WebPage","@id":"https:\/\/www.eldiariodetucuman.com\/web\/el-pesimismo-social-se-elevo-por-la-inflacion-y-la-recesion\/","url":"https:\/\/www.eldiariodetucuman.com\/web\/el-pesimismo-social-se-elevo-por-la-inflacion-y-la-recesion\/","name":"El pesimismo social se elevo por la inflaci\u00f3n y la recesi\u00f3n - El Diario de Tucuman","isPartOf":{"@id":"https:\/\/www.eldiariodetucuman.com\/web\/#website"},"primaryImageOfPage":{"@id":"https:\/\/www.eldiariodetucuman.com\/web\/el-pesimismo-social-se-elevo-por-la-inflacion-y-la-recesion\/#primaryimage"},"image":{"@id":"https:\/\/www.eldiariodetucuman.com\/web\/el-pesimismo-social-se-elevo-por-la-inflacion-y-la-recesion\/#primaryimage"},"thumbnailUrl":"https:\/\/www.eldiariodetucuman.com\/web\/wp-content\/uploads\/2017\/03\/PESIMISMO.jpg","datePublished":"2017-03-28T16:25:33+00:00","breadcrumb":{"@id":"https:\/\/www.eldiariodetucuman.com\/web\/el-pesimismo-social-se-elevo-por-la-inflacion-y-la-recesion\/#breadcrumb"},"inLanguage":"es","potentialAction":[{"@type":"ReadAction","target":["https:\/\/www.eldiariodetucuman.com\/web\/el-pesimismo-social-se-elevo-por-la-inflacion-y-la-recesion\/"]}]},{"@type":"ImageObject","inLanguage":"es","@id":"https:\/\/www.eldiariodetucuman.com\/web\/el-pesimismo-social-se-elevo-por-la-inflacion-y-la-recesion\/#primaryimage","url":"https:\/\/www.eldiariodetucuman.com\/web\/wp-content\/uploads\/2017\/03\/PESIMISMO.jpg","contentUrl":"https:\/\/www.eldiariodetucuman.com\/web\/wp-content\/uploads\/2017\/03\/PESIMISMO.jpg","width":445,"height":233},{"@type":"BreadcrumbList","@id":"https:\/\/www.eldiariodetucuman.com\/web\/el-pesimismo-social-se-elevo-por-la-inflacion-y-la-recesion\/#breadcrumb","itemListElement":[{"@type":"ListItem","position":1,"name":"Portada","item":"https:\/\/www.eldiariodetucuman.com\/web\/"},{"@type":"ListItem","position":2,"name":"El pesimismo social se elevo por la inflaci\u00f3n y la recesi\u00f3n"}]},{"@type":"WebSite","@id":"https:\/\/www.eldiariodetucuman.com\/web\/#website","url":"https:\/\/www.eldiariodetucuman.com\/web\/","name":"El Diario de Tucuman","description":"Diario Tucuman - Informaci\u00f3n y noticias","publisher":{"@id":"https:\/\/www.eldiariodetucuman.com\/web\/#organization"},"potentialAction":[{"@type":"SearchAction","target":{"@type":"EntryPoint","urlTemplate":"https:\/\/www.eldiariodetucuman.com\/web\/?s={search_term_string}"},"query-input":{"@type":"PropertyValueSpecification","valueRequired":true,"valueName":"search_term_string"}}],"inLanguage":"es"},{"@type":"Organization","@id":"https:\/\/www.eldiariodetucuman.com\/web\/#organization","name":"El Diario de Tucuman","url":"https:\/\/www.eldiariodetucuman.com\/web\/","logo":{"@type":"ImageObject","inLanguage":"es","@id":"https:\/\/www.eldiariodetucuman.com\/web\/#\/schema\/logo\/image\/","url":"http:\/\/www.eldiariodetucuman.com\/web\/wp-content\/uploads\/2017\/12\/el-diario-de-tucuman.jpg","contentUrl":"http:\/\/www.eldiariodetucuman.com\/web\/wp-content\/uploads\/2017\/12\/el-diario-de-tucuman.jpg","width":272,"height":92,"caption":"El Diario de Tucuman"},"image":{"@id":"https:\/\/www.eldiariodetucuman.com\/web\/#\/schema\/logo\/image\/"}},{"@type":"Person","@id":"https:\/\/www.eldiariodetucuman.com\/web\/#\/schema\/person\/3adbe300ecd6242af93c97dab1dc3ba1","name":"El diario de Tucuman","image":{"@type":"ImageObject","inLanguage":"es","@id":"https:\/\/secure.gravatar.com\/avatar\/b7214de193b24d0bd708ac5516aa13d0f20c6560795bfbee06857d5c8ac2f0b2?s=96&d=mm&r=g","url":"https:\/\/secure.gravatar.com\/avatar\/b7214de193b24d0bd708ac5516aa13d0f20c6560795bfbee06857d5c8ac2f0b2?s=96&d=mm&r=g","contentUrl":"https:\/\/secure.gravatar.com\/avatar\/b7214de193b24d0bd708ac5516aa13d0f20c6560795bfbee06857d5c8ac2f0b2?s=96&d=mm&r=g","caption":"El diario de Tucuman"},"url":"https:\/\/www.eldiariodetucuman.com\/web\/author\/mgiobellina\/"}]}},"_links":{"self":[{"href":"https:\/\/www.eldiariodetucuman.com\/web\/wp-json\/wp\/v2\/posts\/2587","targetHints":{"allow":["GET"]}}],"collection":[{"href":"https:\/\/www.eldiariodetucuman.com\/web\/wp-json\/wp\/v2\/posts"}],"about":[{"href":"https:\/\/www.eldiariodetucuman.com\/web\/wp-json\/wp\/v2\/types\/post"}],"author":[{"embeddable":true,"href":"https:\/\/www.eldiariodetucuman.com\/web\/wp-json\/wp\/v2\/users\/3"}],"replies":[{"embeddable":true,"href":"https:\/\/www.eldiariodetucuman.com\/web\/wp-json\/wp\/v2\/comments?post=2587"}],"version-history":[{"count":1,"href":"https:\/\/www.eldiariodetucuman.com\/web\/wp-json\/wp\/v2\/posts\/2587\/revisions"}],"predecessor-version":[{"id":2589,"href":"https:\/\/www.eldiariodetucuman.com\/web\/wp-json\/wp\/v2\/posts\/2587\/revisions\/2589"}],"wp:featuredmedia":[{"embeddable":true,"href":"https:\/\/www.eldiariodetucuman.com\/web\/wp-json\/wp\/v2\/media\/2588"}],"wp:attachment":[{"href":"https:\/\/www.eldiariodetucuman.com\/web\/wp-json\/wp\/v2\/media?parent=2587"}],"wp:term":[{"taxonomy":"category","embeddable":true,"href":"https:\/\/www.eldiariodetucuman.com\/web\/wp-json\/wp\/v2\/categories?post=2587"},{"taxonomy":"post_tag","embeddable":true,"href":"https:\/\/www.eldiariodetucuman.com\/web\/wp-json\/wp\/v2\/tags?post=2587"}],"curies":[{"name":"wp","href":"https:\/\/api.w.org\/{rel}","templated":true}]}}