{"id":2582,"date":"2017-03-27T18:04:03","date_gmt":"2017-03-27T18:04:03","guid":{"rendered":"http:\/\/www.eldiariodetucuman.com\/web\/?p=2582"},"modified":"2017-03-27T18:04:03","modified_gmt":"2017-03-27T18:04:03","slug":"el-diario-de-tucuman-la-corte-suprema-de-tucuman-absolvio-a-belen","status":"publish","type":"post","link":"https:\/\/www.eldiariodetucuman.com\/web\/el-diario-de-tucuman-la-corte-suprema-de-tucuman-absolvio-a-belen\/","title":{"rendered":"El Diario de Tucuman | La Corte Suprema de Tucum\u00e1n absolvi\u00f3 a \u00abBel\u00e9n\u00bb"},"content":{"rendered":"<p>Se conoci\u00f3 hoy que, por mayor\u00eda, la Corte Suprema de Justicia de Tucum\u00e1n absolvi\u00f3 a \u00ab<b>Bel\u00e9n<\/b>\u00ab, la joven que hab\u00eda sido condenada en 2014 a ocho a\u00f1os de prisi\u00f3n por la muerte de su beb\u00e9 y <a href=\"http:\/\/www.lagaceta.com.ar\/nota\/694871\/policiales\/defensa-belen-celebro-fallo-corte-denuncio-sala-condeno.html\" target=\"_blank\">liberada dos a\u00f1os despu\u00e9s<\/a>. Hasta el momento no de conocieron detalles del fallo del m\u00e1ximo tribunal.<!--more--><\/p>\n<p>\u00abBel\u00e9n\u00bb lleg\u00f3 el 21 de marzo de 2014, junto a su madre, al hospital Avellaneda con dolores estomacales y los m\u00e9dicos le administraron calmantes, adem\u00e1s de recomendar que permanezca internada en la guardia.<\/p>\n<p>La joven sufri\u00f3 una hemorragia, le diagnosticaron un \u00ababorto espont\u00e1neo incompleto sin complicaciones\u00bb, seg\u00fan consta en la historia cl\u00ednica elaborada por el primer m\u00e9dico que la atendi\u00f3, pero a partir de ah\u00ed comenz\u00f3 un proceso judicial y la condenaron a ocho a\u00f1os de prisi\u00f3n.<\/p>\n<p>En un ba\u00f1o del hospital encontraron un feto que m\u00e9dicos, polic\u00edas y funcionarios judiciales le adjudicaron a \u00abBel\u00e9n\u00bb pese a que nunca se realiz\u00f3 un estudio de ADN que demuestre su relaci\u00f3n con la joven, seg\u00fan denunci\u00f3 la abogada defensora <b>Soledad Deza<\/b>.<\/p>\n<p>Los jueces le dictaron prisi\u00f3n preventiva y fue llevada detenida al Penal de Santa Ester donde permaneci\u00f3 durante m\u00e1s de dos a\u00f1os.<\/p>\n<p>La joven tucumana recuper\u00f3 la libertad el 18 de agosto pasado por un dictamen del m\u00e1ximo tribunal que dej\u00f3 sin efecto la prisi\u00f3n preventiva dispuesta por la sala III de la C\u00e1mara penal integrada por los jueces <b>Dante Ib\u00e1\u00f1ez<\/b>, <b>N\u00e9stor Rafael Macoritto<\/b> y <b>Fabi\u00e1n Adolfo Fradejas<\/b>, quienes la hab\u00edan condenado al considerar que se trat\u00f3 de \u00abhomicidio agravado por el v\u00ednculo\u00bb.<\/p>\n<p>Fuente:\u00a0<a href=\"http:\/\/www.lagaceta.com.ar\/nota\/723603\/actualidad\/corte-suprema-tucuman-absolvio-belen.html\">http:\/\/www.lagaceta.com.ar\/nota\/723603\/actualidad\/corte-suprema-tucuman-absolvio-belen.html<\/a><\/p>\n","protected":false},"excerpt":{"rendered":"<p>Se conoci\u00f3 hoy que, por mayor\u00eda, la Corte Suprema de Justicia de Tucum\u00e1n absolvi\u00f3 a \u00abBel\u00e9n\u00ab, la joven que hab\u00eda sido condenada en 2014 a ocho a\u00f1os de prisi\u00f3n por la muerte de su beb\u00e9 y liberada dos a\u00f1os despu\u00e9s. Hasta el momento no de conocieron detalles del fallo del m\u00e1ximo tribunal.<\/p>\n","protected":false},"author":3,"featured_media":2583,"comment_status":"closed","ping_status":"open","sticky":false,"template":"","format":"standard","meta":{"footnotes":""},"categories":[1],"tags":[7,61],"class_list":{"0":"post-2582","1":"post","2":"type-post","3":"status-publish","4":"format-standard","5":"has-post-thumbnail","7":"category-portada","8":"tag-el-diario-de-tucuman","9":"tag-tucuman"},"yoast_head":"<!-- This site is optimized with the Yoast SEO plugin v27.5 - https:\/\/yoast.com\/product\/yoast-seo-wordpress\/ -->\n<title>El Diario de Tucuman | La Corte Suprema de Tucum\u00e1n absolvi\u00f3 a &quot;Bel\u00e9n&quot; - El Diario de Tucuman<\/title>\n<meta name=\"robots\" content=\"index, follow, max-snippet:-1, max-image-preview:large, max-video-preview:-1\" \/>\n<link rel=\"canonical\" href=\"https:\/\/www.eldiariodetucuman.com\/web\/el-diario-de-tucuman-la-corte-suprema-de-tucuman-absolvio-a-belen\/\" \/>\n<meta property=\"og:locale\" content=\"es_ES\" \/>\n<meta property=\"og:type\" content=\"article\" \/>\n<meta property=\"og:title\" content=\"El Diario de Tucuman | La Corte Suprema de Tucum\u00e1n absolvi\u00f3 a &quot;Bel\u00e9n&quot; - El Diario de Tucuman\" \/>\n<meta property=\"og:description\" content=\"Se conoci\u00f3 hoy que, por mayor\u00eda, la Corte Suprema de Justicia de Tucum\u00e1n absolvi\u00f3 a \u00abBel\u00e9n\u00ab, la joven que hab\u00eda sido condenada en 2014 a ocho a\u00f1os de prisi\u00f3n por la muerte de su beb\u00e9 y liberada dos a\u00f1os despu\u00e9s. Hasta el momento no de conocieron detalles del fallo del m\u00e1ximo tribunal.\" \/>\n<meta property=\"og:url\" content=\"https:\/\/www.eldiariodetucuman.com\/web\/el-diario-de-tucuman-la-corte-suprema-de-tucuman-absolvio-a-belen\/\" \/>\n<meta property=\"og:site_name\" content=\"El Diario de Tucuman\" \/>\n<meta property=\"article:published_time\" content=\"2017-03-27T18:04:03+00:00\" \/>\n<meta property=\"og:image\" content=\"https:\/\/www.eldiariodetucuman.com\/web\/wp-content\/uploads\/2017\/03\/el-diario-de-tucuman-belen.jpg\" \/>\n\t<meta property=\"og:image:width\" content=\"500\" \/>\n\t<meta property=\"og:image:height\" content=\"281\" \/>\n\t<meta property=\"og:image:type\" content=\"image\/jpeg\" \/>\n<meta name=\"author\" content=\"El diario de Tucuman\" \/>\n<meta name=\"twitter:card\" content=\"summary_large_image\" \/>\n<meta name=\"twitter:label1\" content=\"Escrito por\" \/>\n\t<meta name=\"twitter:data1\" content=\"El diario de Tucuman\" \/>\n\t<meta name=\"twitter:label2\" content=\"Tiempo de lectura\" \/>\n\t<meta name=\"twitter:data2\" content=\"1 minuto\" \/>\n<script type=\"application\/ld+json\" class=\"yoast-schema-graph\">{\"@context\":\"https:\\\/\\\/schema.org\",\"@graph\":[{\"@type\":\"Article\",\"@id\":\"https:\\\/\\\/www.eldiariodetucuman.com\\\/web\\\/el-diario-de-tucuman-la-corte-suprema-de-tucuman-absolvio-a-belen\\\/#article\",\"isPartOf\":{\"@id\":\"https:\\\/\\\/www.eldiariodetucuman.com\\\/web\\\/el-diario-de-tucuman-la-corte-suprema-de-tucuman-absolvio-a-belen\\\/\"},\"author\":{\"name\":\"El diario de Tucuman\",\"@id\":\"https:\\\/\\\/www.eldiariodetucuman.com\\\/web\\\/#\\\/schema\\\/person\\\/3adbe300ecd6242af93c97dab1dc3ba1\"},\"headline\":\"El Diario de Tucuman | La Corte Suprema de Tucum\u00e1n absolvi\u00f3 a \u00abBel\u00e9n\u00bb\",\"datePublished\":\"2017-03-27T18:04:03+00:00\",\"mainEntityOfPage\":{\"@id\":\"https:\\\/\\\/www.eldiariodetucuman.com\\\/web\\\/el-diario-de-tucuman-la-corte-suprema-de-tucuman-absolvio-a-belen\\\/\"},\"wordCount\":309,\"publisher\":{\"@id\":\"https:\\\/\\\/www.eldiariodetucuman.com\\\/web\\\/#organization\"},\"image\":{\"@id\":\"https:\\\/\\\/www.eldiariodetucuman.com\\\/web\\\/el-diario-de-tucuman-la-corte-suprema-de-tucuman-absolvio-a-belen\\\/#primaryimage\"},\"thumbnailUrl\":\"https:\\\/\\\/www.eldiariodetucuman.com\\\/web\\\/wp-content\\\/uploads\\\/2017\\\/03\\\/el-diario-de-tucuman-belen.jpg\",\"keywords\":[\"El Diario de Tucuman\",\"Tucuman\"],\"articleSection\":[\"Portada\"],\"inLanguage\":\"es\"},{\"@type\":\"WebPage\",\"@id\":\"https:\\\/\\\/www.eldiariodetucuman.com\\\/web\\\/el-diario-de-tucuman-la-corte-suprema-de-tucuman-absolvio-a-belen\\\/\",\"url\":\"https:\\\/\\\/www.eldiariodetucuman.com\\\/web\\\/el-diario-de-tucuman-la-corte-suprema-de-tucuman-absolvio-a-belen\\\/\",\"name\":\"El Diario de Tucuman | La Corte Suprema de Tucum\u00e1n absolvi\u00f3 a \\\"Bel\u00e9n\\\" - El Diario de Tucuman\",\"isPartOf\":{\"@id\":\"https:\\\/\\\/www.eldiariodetucuman.com\\\/web\\\/#website\"},\"primaryImageOfPage\":{\"@id\":\"https:\\\/\\\/www.eldiariodetucuman.com\\\/web\\\/el-diario-de-tucuman-la-corte-suprema-de-tucuman-absolvio-a-belen\\\/#primaryimage\"},\"image\":{\"@id\":\"https:\\\/\\\/www.eldiariodetucuman.com\\\/web\\\/el-diario-de-tucuman-la-corte-suprema-de-tucuman-absolvio-a-belen\\\/#primaryimage\"},\"thumbnailUrl\":\"https:\\\/\\\/www.eldiariodetucuman.com\\\/web\\\/wp-content\\\/uploads\\\/2017\\\/03\\\/el-diario-de-tucuman-belen.jpg\",\"datePublished\":\"2017-03-27T18:04:03+00:00\",\"breadcrumb\":{\"@id\":\"https:\\\/\\\/www.eldiariodetucuman.com\\\/web\\\/el-diario-de-tucuman-la-corte-suprema-de-tucuman-absolvio-a-belen\\\/#breadcrumb\"},\"inLanguage\":\"es\",\"potentialAction\":[{\"@type\":\"ReadAction\",\"target\":[\"https:\\\/\\\/www.eldiariodetucuman.com\\\/web\\\/el-diario-de-tucuman-la-corte-suprema-de-tucuman-absolvio-a-belen\\\/\"]}]},{\"@type\":\"ImageObject\",\"inLanguage\":\"es\",\"@id\":\"https:\\\/\\\/www.eldiariodetucuman.com\\\/web\\\/el-diario-de-tucuman-la-corte-suprema-de-tucuman-absolvio-a-belen\\\/#primaryimage\",\"url\":\"https:\\\/\\\/www.eldiariodetucuman.com\\\/web\\\/wp-content\\\/uploads\\\/2017\\\/03\\\/el-diario-de-tucuman-belen.jpg\",\"contentUrl\":\"https:\\\/\\\/www.eldiariodetucuman.com\\\/web\\\/wp-content\\\/uploads\\\/2017\\\/03\\\/el-diario-de-tucuman-belen.jpg\",\"width\":500,\"height\":281,\"caption\":\"el diario de tucuman belen\"},{\"@type\":\"BreadcrumbList\",\"@id\":\"https:\\\/\\\/www.eldiariodetucuman.com\\\/web\\\/el-diario-de-tucuman-la-corte-suprema-de-tucuman-absolvio-a-belen\\\/#breadcrumb\",\"itemListElement\":[{\"@type\":\"ListItem\",\"position\":1,\"name\":\"Portada\",\"item\":\"https:\\\/\\\/www.eldiariodetucuman.com\\\/web\\\/\"},{\"@type\":\"ListItem\",\"position\":2,\"name\":\"El Diario de Tucuman | La Corte Suprema de Tucum\u00e1n absolvi\u00f3 a \u00abBel\u00e9n\u00bb\"}]},{\"@type\":\"WebSite\",\"@id\":\"https:\\\/\\\/www.eldiariodetucuman.com\\\/web\\\/#website\",\"url\":\"https:\\\/\\\/www.eldiariodetucuman.com\\\/web\\\/\",\"name\":\"El Diario de Tucuman\",\"description\":\"Diario Tucuman - Informaci\u00f3n y noticias\",\"publisher\":{\"@id\":\"https:\\\/\\\/www.eldiariodetucuman.com\\\/web\\\/#organization\"},\"potentialAction\":[{\"@type\":\"SearchAction\",\"target\":{\"@type\":\"EntryPoint\",\"urlTemplate\":\"https:\\\/\\\/www.eldiariodetucuman.com\\\/web\\\/?s={search_term_string}\"},\"query-input\":{\"@type\":\"PropertyValueSpecification\",\"valueRequired\":true,\"valueName\":\"search_term_string\"}}],\"inLanguage\":\"es\"},{\"@type\":\"Organization\",\"@id\":\"https:\\\/\\\/www.eldiariodetucuman.com\\\/web\\\/#organization\",\"name\":\"El Diario de Tucuman\",\"url\":\"https:\\\/\\\/www.eldiariodetucuman.com\\\/web\\\/\",\"logo\":{\"@type\":\"ImageObject\",\"inLanguage\":\"es\",\"@id\":\"https:\\\/\\\/www.eldiariodetucuman.com\\\/web\\\/#\\\/schema\\\/logo\\\/image\\\/\",\"url\":\"http:\\\/\\\/www.eldiariodetucuman.com\\\/web\\\/wp-content\\\/uploads\\\/2017\\\/12\\\/el-diario-de-tucuman.jpg\",\"contentUrl\":\"http:\\\/\\\/www.eldiariodetucuman.com\\\/web\\\/wp-content\\\/uploads\\\/2017\\\/12\\\/el-diario-de-tucuman.jpg\",\"width\":272,\"height\":92,\"caption\":\"El Diario de Tucuman\"},\"image\":{\"@id\":\"https:\\\/\\\/www.eldiariodetucuman.com\\\/web\\\/#\\\/schema\\\/logo\\\/image\\\/\"}},{\"@type\":\"Person\",\"@id\":\"https:\\\/\\\/www.eldiariodetucuman.com\\\/web\\\/#\\\/schema\\\/person\\\/3adbe300ecd6242af93c97dab1dc3ba1\",\"name\":\"El diario de Tucuman\",\"image\":{\"@type\":\"ImageObject\",\"inLanguage\":\"es\",\"@id\":\"https:\\\/\\\/secure.gravatar.com\\\/avatar\\\/b7214de193b24d0bd708ac5516aa13d0f20c6560795bfbee06857d5c8ac2f0b2?s=96&d=mm&r=g\",\"url\":\"https:\\\/\\\/secure.gravatar.com\\\/avatar\\\/b7214de193b24d0bd708ac5516aa13d0f20c6560795bfbee06857d5c8ac2f0b2?s=96&d=mm&r=g\",\"contentUrl\":\"https:\\\/\\\/secure.gravatar.com\\\/avatar\\\/b7214de193b24d0bd708ac5516aa13d0f20c6560795bfbee06857d5c8ac2f0b2?s=96&d=mm&r=g\",\"caption\":\"El diario de Tucuman\"},\"url\":\"https:\\\/\\\/www.eldiariodetucuman.com\\\/web\\\/author\\\/mgiobellina\\\/\"}]}<\/script>\n<!-- \/ Yoast SEO plugin. -->","yoast_head_json":{"title":"El Diario de Tucuman | La Corte Suprema de Tucum\u00e1n absolvi\u00f3 a \"Bel\u00e9n\" - El Diario de Tucuman","robots":{"index":"index","follow":"follow","max-snippet":"max-snippet:-1","max-image-preview":"max-image-preview:large","max-video-preview":"max-video-preview:-1"},"canonical":"https:\/\/www.eldiariodetucuman.com\/web\/el-diario-de-tucuman-la-corte-suprema-de-tucuman-absolvio-a-belen\/","og_locale":"es_ES","og_type":"article","og_title":"El Diario de Tucuman | La Corte Suprema de Tucum\u00e1n absolvi\u00f3 a \"Bel\u00e9n\" - El Diario de Tucuman","og_description":"Se conoci\u00f3 hoy que, por mayor\u00eda, la Corte Suprema de Justicia de Tucum\u00e1n absolvi\u00f3 a \u00abBel\u00e9n\u00ab, la joven que hab\u00eda sido condenada en 2014 a ocho a\u00f1os de prisi\u00f3n por la muerte de su beb\u00e9 y liberada dos a\u00f1os despu\u00e9s. Hasta el momento no de conocieron detalles del fallo del m\u00e1ximo tribunal.","og_url":"https:\/\/www.eldiariodetucuman.com\/web\/el-diario-de-tucuman-la-corte-suprema-de-tucuman-absolvio-a-belen\/","og_site_name":"El Diario de Tucuman","article_published_time":"2017-03-27T18:04:03+00:00","og_image":[{"width":500,"height":281,"url":"https:\/\/www.eldiariodetucuman.com\/web\/wp-content\/uploads\/2017\/03\/el-diario-de-tucuman-belen.jpg","type":"image\/jpeg"}],"author":"El diario de Tucuman","twitter_card":"summary_large_image","twitter_misc":{"Escrito por":"El diario de Tucuman","Tiempo de lectura":"1 minuto"},"schema":{"@context":"https:\/\/schema.org","@graph":[{"@type":"Article","@id":"https:\/\/www.eldiariodetucuman.com\/web\/el-diario-de-tucuman-la-corte-suprema-de-tucuman-absolvio-a-belen\/#article","isPartOf":{"@id":"https:\/\/www.eldiariodetucuman.com\/web\/el-diario-de-tucuman-la-corte-suprema-de-tucuman-absolvio-a-belen\/"},"author":{"name":"El diario de Tucuman","@id":"https:\/\/www.eldiariodetucuman.com\/web\/#\/schema\/person\/3adbe300ecd6242af93c97dab1dc3ba1"},"headline":"El Diario de Tucuman | La Corte Suprema de Tucum\u00e1n absolvi\u00f3 a \u00abBel\u00e9n\u00bb","datePublished":"2017-03-27T18:04:03+00:00","mainEntityOfPage":{"@id":"https:\/\/www.eldiariodetucuman.com\/web\/el-diario-de-tucuman-la-corte-suprema-de-tucuman-absolvio-a-belen\/"},"wordCount":309,"publisher":{"@id":"https:\/\/www.eldiariodetucuman.com\/web\/#organization"},"image":{"@id":"https:\/\/www.eldiariodetucuman.com\/web\/el-diario-de-tucuman-la-corte-suprema-de-tucuman-absolvio-a-belen\/#primaryimage"},"thumbnailUrl":"https:\/\/www.eldiariodetucuman.com\/web\/wp-content\/uploads\/2017\/03\/el-diario-de-tucuman-belen.jpg","keywords":["El Diario de Tucuman","Tucuman"],"articleSection":["Portada"],"inLanguage":"es"},{"@type":"WebPage","@id":"https:\/\/www.eldiariodetucuman.com\/web\/el-diario-de-tucuman-la-corte-suprema-de-tucuman-absolvio-a-belen\/","url":"https:\/\/www.eldiariodetucuman.com\/web\/el-diario-de-tucuman-la-corte-suprema-de-tucuman-absolvio-a-belen\/","name":"El Diario de Tucuman | La Corte Suprema de Tucum\u00e1n absolvi\u00f3 a \"Bel\u00e9n\" - El Diario de Tucuman","isPartOf":{"@id":"https:\/\/www.eldiariodetucuman.com\/web\/#website"},"primaryImageOfPage":{"@id":"https:\/\/www.eldiariodetucuman.com\/web\/el-diario-de-tucuman-la-corte-suprema-de-tucuman-absolvio-a-belen\/#primaryimage"},"image":{"@id":"https:\/\/www.eldiariodetucuman.com\/web\/el-diario-de-tucuman-la-corte-suprema-de-tucuman-absolvio-a-belen\/#primaryimage"},"thumbnailUrl":"https:\/\/www.eldiariodetucuman.com\/web\/wp-content\/uploads\/2017\/03\/el-diario-de-tucuman-belen.jpg","datePublished":"2017-03-27T18:04:03+00:00","breadcrumb":{"@id":"https:\/\/www.eldiariodetucuman.com\/web\/el-diario-de-tucuman-la-corte-suprema-de-tucuman-absolvio-a-belen\/#breadcrumb"},"inLanguage":"es","potentialAction":[{"@type":"ReadAction","target":["https:\/\/www.eldiariodetucuman.com\/web\/el-diario-de-tucuman-la-corte-suprema-de-tucuman-absolvio-a-belen\/"]}]},{"@type":"ImageObject","inLanguage":"es","@id":"https:\/\/www.eldiariodetucuman.com\/web\/el-diario-de-tucuman-la-corte-suprema-de-tucuman-absolvio-a-belen\/#primaryimage","url":"https:\/\/www.eldiariodetucuman.com\/web\/wp-content\/uploads\/2017\/03\/el-diario-de-tucuman-belen.jpg","contentUrl":"https:\/\/www.eldiariodetucuman.com\/web\/wp-content\/uploads\/2017\/03\/el-diario-de-tucuman-belen.jpg","width":500,"height":281,"caption":"el diario de tucuman belen"},{"@type":"BreadcrumbList","@id":"https:\/\/www.eldiariodetucuman.com\/web\/el-diario-de-tucuman-la-corte-suprema-de-tucuman-absolvio-a-belen\/#breadcrumb","itemListElement":[{"@type":"ListItem","position":1,"name":"Portada","item":"https:\/\/www.eldiariodetucuman.com\/web\/"},{"@type":"ListItem","position":2,"name":"El Diario de Tucuman | La Corte Suprema de Tucum\u00e1n absolvi\u00f3 a \u00abBel\u00e9n\u00bb"}]},{"@type":"WebSite","@id":"https:\/\/www.eldiariodetucuman.com\/web\/#website","url":"https:\/\/www.eldiariodetucuman.com\/web\/","name":"El Diario de Tucuman","description":"Diario Tucuman - Informaci\u00f3n y noticias","publisher":{"@id":"https:\/\/www.eldiariodetucuman.com\/web\/#organization"},"potentialAction":[{"@type":"SearchAction","target":{"@type":"EntryPoint","urlTemplate":"https:\/\/www.eldiariodetucuman.com\/web\/?s={search_term_string}"},"query-input":{"@type":"PropertyValueSpecification","valueRequired":true,"valueName":"search_term_string"}}],"inLanguage":"es"},{"@type":"Organization","@id":"https:\/\/www.eldiariodetucuman.com\/web\/#organization","name":"El Diario de Tucuman","url":"https:\/\/www.eldiariodetucuman.com\/web\/","logo":{"@type":"ImageObject","inLanguage":"es","@id":"https:\/\/www.eldiariodetucuman.com\/web\/#\/schema\/logo\/image\/","url":"http:\/\/www.eldiariodetucuman.com\/web\/wp-content\/uploads\/2017\/12\/el-diario-de-tucuman.jpg","contentUrl":"http:\/\/www.eldiariodetucuman.com\/web\/wp-content\/uploads\/2017\/12\/el-diario-de-tucuman.jpg","width":272,"height":92,"caption":"El Diario de Tucuman"},"image":{"@id":"https:\/\/www.eldiariodetucuman.com\/web\/#\/schema\/logo\/image\/"}},{"@type":"Person","@id":"https:\/\/www.eldiariodetucuman.com\/web\/#\/schema\/person\/3adbe300ecd6242af93c97dab1dc3ba1","name":"El diario de Tucuman","image":{"@type":"ImageObject","inLanguage":"es","@id":"https:\/\/secure.gravatar.com\/avatar\/b7214de193b24d0bd708ac5516aa13d0f20c6560795bfbee06857d5c8ac2f0b2?s=96&d=mm&r=g","url":"https:\/\/secure.gravatar.com\/avatar\/b7214de193b24d0bd708ac5516aa13d0f20c6560795bfbee06857d5c8ac2f0b2?s=96&d=mm&r=g","contentUrl":"https:\/\/secure.gravatar.com\/avatar\/b7214de193b24d0bd708ac5516aa13d0f20c6560795bfbee06857d5c8ac2f0b2?s=96&d=mm&r=g","caption":"El diario de Tucuman"},"url":"https:\/\/www.eldiariodetucuman.com\/web\/author\/mgiobellina\/"}]}},"_links":{"self":[{"href":"https:\/\/www.eldiariodetucuman.com\/web\/wp-json\/wp\/v2\/posts\/2582","targetHints":{"allow":["GET"]}}],"collection":[{"href":"https:\/\/www.eldiariodetucuman.com\/web\/wp-json\/wp\/v2\/posts"}],"about":[{"href":"https:\/\/www.eldiariodetucuman.com\/web\/wp-json\/wp\/v2\/types\/post"}],"author":[{"embeddable":true,"href":"https:\/\/www.eldiariodetucuman.com\/web\/wp-json\/wp\/v2\/users\/3"}],"replies":[{"embeddable":true,"href":"https:\/\/www.eldiariodetucuman.com\/web\/wp-json\/wp\/v2\/comments?post=2582"}],"version-history":[{"count":1,"href":"https:\/\/www.eldiariodetucuman.com\/web\/wp-json\/wp\/v2\/posts\/2582\/revisions"}],"predecessor-version":[{"id":2584,"href":"https:\/\/www.eldiariodetucuman.com\/web\/wp-json\/wp\/v2\/posts\/2582\/revisions\/2584"}],"wp:featuredmedia":[{"embeddable":true,"href":"https:\/\/www.eldiariodetucuman.com\/web\/wp-json\/wp\/v2\/media\/2583"}],"wp:attachment":[{"href":"https:\/\/www.eldiariodetucuman.com\/web\/wp-json\/wp\/v2\/media?parent=2582"}],"wp:term":[{"taxonomy":"category","embeddable":true,"href":"https:\/\/www.eldiariodetucuman.com\/web\/wp-json\/wp\/v2\/categories?post=2582"},{"taxonomy":"post_tag","embeddable":true,"href":"https:\/\/www.eldiariodetucuman.com\/web\/wp-json\/wp\/v2\/tags?post=2582"}],"curies":[{"name":"wp","href":"https:\/\/api.w.org\/{rel}","templated":true}]}}