{"id":25517,"date":"2019-11-04T08:53:44","date_gmt":"2019-11-04T11:53:44","guid":{"rendered":"http:\/\/www.eldiariodetucuman.com\/web\/?p=25517"},"modified":"2019-11-04T08:53:44","modified_gmt":"2019-11-04T11:53:44","slug":"con-inhibidores-robaron-una-camioneta-del-estacionamiento-de-un-supermercado","status":"publish","type":"post","link":"https:\/\/www.eldiariodetucuman.com\/web\/con-inhibidores-robaron-una-camioneta-del-estacionamiento-de-un-supermercado\/","title":{"rendered":"Con inhibidores, robaron una camioneta del estacionamiento de un supermercado"},"content":{"rendered":"<header class=\"entry-header\">\n<p class=\"entry-title h1\"><span style=\"font-size: 16px;\">Ocurri\u00f3 este domingo por la tarde en un supermercado ubicado en la <\/span><strong style=\"font-size: 16px;\">avenida Camino del Per\u00fa al 900<\/strong><span style=\"font-size: 16px;\">.<\/span><\/p>\n<\/header>\n<p><!--more--><\/p>\n<div class=\"entry-content herald-entry-content\">\n<p><strong>C\u00e9sar Occhipintti<\/strong>\u00a0lleg\u00f3 al lugar junto a su familia en una\u00a0<strong>camioneta Toyota\u00a0Hilux<\/strong>\u00a0de color negro (dominio: KZO948), la cual dej\u00f3 estacionada en la playa del centro de compras.<\/p>\n<p>Cuando terminaron los tr\u00e1mites, fueron a buscar el veh\u00edculo para regresar a casa pero ya no estaba.<\/p>\n<p>Seg\u00fan relataron algunos testigos, eran dos j\u00f3venes ladrones quienes habr\u00edan utilizado un\u00a0inhibidor de alarmas.<\/p>\n<p><img loading=\"lazy\" decoding=\"async\" class=\"size-full wp-image-127398 aligncenter\" src=\"http:\/\/www.losprimeros.tv\/wp-content\/uploads\/2019\/11\/0000-42.jpg\" sizes=\"auto, (max-width: 720px) 100vw, 720px\" srcset=\"http:\/\/www.losprimeros.tv\/wp-content\/uploads\/2019\/11\/0000-42.jpg 720w, http:\/\/www.losprimeros.tv\/wp-content\/uploads\/2019\/11\/0000-42-150x91.jpg 150w, http:\/\/www.losprimeros.tv\/wp-content\/uploads\/2019\/11\/0000-42-300x182.jpg 300w\" alt=\"\" width=\"720\" height=\"437\" \/><\/p>\n<p><strong>Fuente:<\/strong> <a href=\"http:\/\/www.losprimeros.tv\/nota\/127397\/robaron-una-camioneta-del-estacionamiento-supermercado.html\">http:\/\/www.losprimeros.tv\/nota\/127397\/robaron-una-camioneta-del-estacionamiento-supermercado.html<\/a><\/p>\n<\/div>\n","protected":false},"excerpt":{"rendered":"<p>Ocurri\u00f3 este domingo por la tarde en un supermercado ubicado en la avenida Camino del Per\u00fa al 900.<\/p>\n","protected":false},"author":5,"featured_media":25518,"comment_status":"closed","ping_status":"open","sticky":false,"template":"","format":"standard","meta":{"footnotes":""},"categories":[2],"tags":[1402,610,1997],"class_list":{"0":"post-25517","1":"post","2":"type-post","3":"status-publish","4":"format-standard","5":"has-post-thumbnail","7":"category-actualidad","8":"tag-policiales","9":"tag-robo","10":"tag-supermercado"},"yoast_head":"<!-- This site is optimized with the Yoast SEO plugin v27.4 - https:\/\/yoast.com\/product\/yoast-seo-wordpress\/ -->\n<title>Con inhibidores, robaron una camioneta del estacionamiento de un supermercado - El Diario de Tucuman<\/title>\n<meta name=\"robots\" content=\"index, follow, max-snippet:-1, max-image-preview:large, max-video-preview:-1\" \/>\n<link rel=\"canonical\" href=\"https:\/\/www.eldiariodetucuman.com\/web\/con-inhibidores-robaron-una-camioneta-del-estacionamiento-de-un-supermercado\/\" \/>\n<meta property=\"og:locale\" content=\"es_ES\" \/>\n<meta property=\"og:type\" content=\"article\" \/>\n<meta property=\"og:title\" content=\"Con inhibidores, robaron una camioneta del estacionamiento de un supermercado - El Diario de Tucuman\" \/>\n<meta property=\"og:description\" content=\"Ocurri\u00f3 este domingo por la tarde en un supermercado ubicado en la avenida Camino del Per\u00fa al 900.\" \/>\n<meta property=\"og:url\" content=\"https:\/\/www.eldiariodetucuman.com\/web\/con-inhibidores-robaron-una-camioneta-del-estacionamiento-de-un-supermercado\/\" \/>\n<meta property=\"og:site_name\" content=\"El Diario de Tucuman\" \/>\n<meta property=\"article:published_time\" content=\"2019-11-04T11:53:44+00:00\" \/>\n<meta property=\"og:image\" content=\"https:\/\/www.eldiariodetucuman.com\/web\/wp-content\/uploads\/2019\/11\/toyota.jpg\" \/>\n\t<meta property=\"og:image:width\" content=\"990\" \/>\n\t<meta property=\"og:image:height\" content=\"556\" \/>\n\t<meta property=\"og:image:type\" content=\"image\/jpeg\" \/>\n<meta name=\"author\" content=\"Redactor Uno\" \/>\n<meta name=\"twitter:card\" content=\"summary_large_image\" \/>\n<meta name=\"twitter:label1\" content=\"Escrito por\" \/>\n\t<meta name=\"twitter:data1\" content=\"Redactor Uno\" \/>\n<script type=\"application\/ld+json\" class=\"yoast-schema-graph\">{\"@context\":\"https:\\\/\\\/schema.org\",\"@graph\":[{\"@type\":\"Article\",\"@id\":\"https:\\\/\\\/www.eldiariodetucuman.com\\\/web\\\/con-inhibidores-robaron-una-camioneta-del-estacionamiento-de-un-supermercado\\\/#article\",\"isPartOf\":{\"@id\":\"https:\\\/\\\/www.eldiariodetucuman.com\\\/web\\\/con-inhibidores-robaron-una-camioneta-del-estacionamiento-de-un-supermercado\\\/\"},\"author\":{\"name\":\"Redactor Uno\",\"@id\":\"https:\\\/\\\/www.eldiariodetucuman.com\\\/web\\\/#\\\/schema\\\/person\\\/7e6644a46e60888f6b868594407e08dd\"},\"headline\":\"Con inhibidores, robaron una camioneta del estacionamiento de un supermercado\",\"datePublished\":\"2019-11-04T11:53:44+00:00\",\"mainEntityOfPage\":{\"@id\":\"https:\\\/\\\/www.eldiariodetucuman.com\\\/web\\\/con-inhibidores-robaron-una-camioneta-del-estacionamiento-de-un-supermercado\\\/\"},\"wordCount\":103,\"publisher\":{\"@id\":\"https:\\\/\\\/www.eldiariodetucuman.com\\\/web\\\/#organization\"},\"image\":{\"@id\":\"https:\\\/\\\/www.eldiariodetucuman.com\\\/web\\\/con-inhibidores-robaron-una-camioneta-del-estacionamiento-de-un-supermercado\\\/#primaryimage\"},\"thumbnailUrl\":\"https:\\\/\\\/www.eldiariodetucuman.com\\\/web\\\/wp-content\\\/uploads\\\/2019\\\/11\\\/toyota.jpg\",\"keywords\":[\"Policiales\",\"robo\",\"supermercado\"],\"articleSection\":[\"Actualidad\"],\"inLanguage\":\"es\"},{\"@type\":\"WebPage\",\"@id\":\"https:\\\/\\\/www.eldiariodetucuman.com\\\/web\\\/con-inhibidores-robaron-una-camioneta-del-estacionamiento-de-un-supermercado\\\/\",\"url\":\"https:\\\/\\\/www.eldiariodetucuman.com\\\/web\\\/con-inhibidores-robaron-una-camioneta-del-estacionamiento-de-un-supermercado\\\/\",\"name\":\"Con inhibidores, robaron una camioneta del estacionamiento de un supermercado - El Diario de Tucuman\",\"isPartOf\":{\"@id\":\"https:\\\/\\\/www.eldiariodetucuman.com\\\/web\\\/#website\"},\"primaryImageOfPage\":{\"@id\":\"https:\\\/\\\/www.eldiariodetucuman.com\\\/web\\\/con-inhibidores-robaron-una-camioneta-del-estacionamiento-de-un-supermercado\\\/#primaryimage\"},\"image\":{\"@id\":\"https:\\\/\\\/www.eldiariodetucuman.com\\\/web\\\/con-inhibidores-robaron-una-camioneta-del-estacionamiento-de-un-supermercado\\\/#primaryimage\"},\"thumbnailUrl\":\"https:\\\/\\\/www.eldiariodetucuman.com\\\/web\\\/wp-content\\\/uploads\\\/2019\\\/11\\\/toyota.jpg\",\"datePublished\":\"2019-11-04T11:53:44+00:00\",\"breadcrumb\":{\"@id\":\"https:\\\/\\\/www.eldiariodetucuman.com\\\/web\\\/con-inhibidores-robaron-una-camioneta-del-estacionamiento-de-un-supermercado\\\/#breadcrumb\"},\"inLanguage\":\"es\",\"potentialAction\":[{\"@type\":\"ReadAction\",\"target\":[\"https:\\\/\\\/www.eldiariodetucuman.com\\\/web\\\/con-inhibidores-robaron-una-camioneta-del-estacionamiento-de-un-supermercado\\\/\"]}]},{\"@type\":\"ImageObject\",\"inLanguage\":\"es\",\"@id\":\"https:\\\/\\\/www.eldiariodetucuman.com\\\/web\\\/con-inhibidores-robaron-una-camioneta-del-estacionamiento-de-un-supermercado\\\/#primaryimage\",\"url\":\"https:\\\/\\\/www.eldiariodetucuman.com\\\/web\\\/wp-content\\\/uploads\\\/2019\\\/11\\\/toyota.jpg\",\"contentUrl\":\"https:\\\/\\\/www.eldiariodetucuman.com\\\/web\\\/wp-content\\\/uploads\\\/2019\\\/11\\\/toyota.jpg\",\"width\":990,\"height\":556},{\"@type\":\"BreadcrumbList\",\"@id\":\"https:\\\/\\\/www.eldiariodetucuman.com\\\/web\\\/con-inhibidores-robaron-una-camioneta-del-estacionamiento-de-un-supermercado\\\/#breadcrumb\",\"itemListElement\":[{\"@type\":\"ListItem\",\"position\":1,\"name\":\"Portada\",\"item\":\"https:\\\/\\\/www.eldiariodetucuman.com\\\/web\\\/\"},{\"@type\":\"ListItem\",\"position\":2,\"name\":\"Con inhibidores, robaron una camioneta del estacionamiento de un supermercado\"}]},{\"@type\":\"WebSite\",\"@id\":\"https:\\\/\\\/www.eldiariodetucuman.com\\\/web\\\/#website\",\"url\":\"https:\\\/\\\/www.eldiariodetucuman.com\\\/web\\\/\",\"name\":\"El Diario de Tucuman\",\"description\":\"Diario Tucuman - Informaci\u00f3n y noticias\",\"publisher\":{\"@id\":\"https:\\\/\\\/www.eldiariodetucuman.com\\\/web\\\/#organization\"},\"potentialAction\":[{\"@type\":\"SearchAction\",\"target\":{\"@type\":\"EntryPoint\",\"urlTemplate\":\"https:\\\/\\\/www.eldiariodetucuman.com\\\/web\\\/?s={search_term_string}\"},\"query-input\":{\"@type\":\"PropertyValueSpecification\",\"valueRequired\":true,\"valueName\":\"search_term_string\"}}],\"inLanguage\":\"es\"},{\"@type\":\"Organization\",\"@id\":\"https:\\\/\\\/www.eldiariodetucuman.com\\\/web\\\/#organization\",\"name\":\"El Diario de Tucuman\",\"url\":\"https:\\\/\\\/www.eldiariodetucuman.com\\\/web\\\/\",\"logo\":{\"@type\":\"ImageObject\",\"inLanguage\":\"es\",\"@id\":\"https:\\\/\\\/www.eldiariodetucuman.com\\\/web\\\/#\\\/schema\\\/logo\\\/image\\\/\",\"url\":\"http:\\\/\\\/www.eldiariodetucuman.com\\\/web\\\/wp-content\\\/uploads\\\/2017\\\/12\\\/el-diario-de-tucuman.jpg\",\"contentUrl\":\"http:\\\/\\\/www.eldiariodetucuman.com\\\/web\\\/wp-content\\\/uploads\\\/2017\\\/12\\\/el-diario-de-tucuman.jpg\",\"width\":272,\"height\":92,\"caption\":\"El Diario de Tucuman\"},\"image\":{\"@id\":\"https:\\\/\\\/www.eldiariodetucuman.com\\\/web\\\/#\\\/schema\\\/logo\\\/image\\\/\"}},{\"@type\":\"Person\",\"@id\":\"https:\\\/\\\/www.eldiariodetucuman.com\\\/web\\\/#\\\/schema\\\/person\\\/7e6644a46e60888f6b868594407e08dd\",\"name\":\"Redactor Uno\",\"image\":{\"@type\":\"ImageObject\",\"inLanguage\":\"es\",\"@id\":\"https:\\\/\\\/secure.gravatar.com\\\/avatar\\\/0049b1bdf1bd548385c9ea6b9356431717930913089febd2ba904f0187d7d074?s=96&d=mm&r=g\",\"url\":\"https:\\\/\\\/secure.gravatar.com\\\/avatar\\\/0049b1bdf1bd548385c9ea6b9356431717930913089febd2ba904f0187d7d074?s=96&d=mm&r=g\",\"contentUrl\":\"https:\\\/\\\/secure.gravatar.com\\\/avatar\\\/0049b1bdf1bd548385c9ea6b9356431717930913089febd2ba904f0187d7d074?s=96&d=mm&r=g\",\"caption\":\"Redactor Uno\"},\"url\":\"https:\\\/\\\/www.eldiariodetucuman.com\\\/web\\\/author\\\/mramasco\\\/\"}]}<\/script>\n<!-- \/ Yoast SEO plugin. -->","yoast_head_json":{"title":"Con inhibidores, robaron una camioneta del estacionamiento de un supermercado - El Diario de Tucuman","robots":{"index":"index","follow":"follow","max-snippet":"max-snippet:-1","max-image-preview":"max-image-preview:large","max-video-preview":"max-video-preview:-1"},"canonical":"https:\/\/www.eldiariodetucuman.com\/web\/con-inhibidores-robaron-una-camioneta-del-estacionamiento-de-un-supermercado\/","og_locale":"es_ES","og_type":"article","og_title":"Con inhibidores, robaron una camioneta del estacionamiento de un supermercado - El Diario de Tucuman","og_description":"Ocurri\u00f3 este domingo por la tarde en un supermercado ubicado en la avenida Camino del Per\u00fa al 900.","og_url":"https:\/\/www.eldiariodetucuman.com\/web\/con-inhibidores-robaron-una-camioneta-del-estacionamiento-de-un-supermercado\/","og_site_name":"El Diario de Tucuman","article_published_time":"2019-11-04T11:53:44+00:00","og_image":[{"width":990,"height":556,"url":"https:\/\/www.eldiariodetucuman.com\/web\/wp-content\/uploads\/2019\/11\/toyota.jpg","type":"image\/jpeg"}],"author":"Redactor Uno","twitter_card":"summary_large_image","twitter_misc":{"Escrito por":"Redactor Uno"},"schema":{"@context":"https:\/\/schema.org","@graph":[{"@type":"Article","@id":"https:\/\/www.eldiariodetucuman.com\/web\/con-inhibidores-robaron-una-camioneta-del-estacionamiento-de-un-supermercado\/#article","isPartOf":{"@id":"https:\/\/www.eldiariodetucuman.com\/web\/con-inhibidores-robaron-una-camioneta-del-estacionamiento-de-un-supermercado\/"},"author":{"name":"Redactor Uno","@id":"https:\/\/www.eldiariodetucuman.com\/web\/#\/schema\/person\/7e6644a46e60888f6b868594407e08dd"},"headline":"Con inhibidores, robaron una camioneta del estacionamiento de un supermercado","datePublished":"2019-11-04T11:53:44+00:00","mainEntityOfPage":{"@id":"https:\/\/www.eldiariodetucuman.com\/web\/con-inhibidores-robaron-una-camioneta-del-estacionamiento-de-un-supermercado\/"},"wordCount":103,"publisher":{"@id":"https:\/\/www.eldiariodetucuman.com\/web\/#organization"},"image":{"@id":"https:\/\/www.eldiariodetucuman.com\/web\/con-inhibidores-robaron-una-camioneta-del-estacionamiento-de-un-supermercado\/#primaryimage"},"thumbnailUrl":"https:\/\/www.eldiariodetucuman.com\/web\/wp-content\/uploads\/2019\/11\/toyota.jpg","keywords":["Policiales","robo","supermercado"],"articleSection":["Actualidad"],"inLanguage":"es"},{"@type":"WebPage","@id":"https:\/\/www.eldiariodetucuman.com\/web\/con-inhibidores-robaron-una-camioneta-del-estacionamiento-de-un-supermercado\/","url":"https:\/\/www.eldiariodetucuman.com\/web\/con-inhibidores-robaron-una-camioneta-del-estacionamiento-de-un-supermercado\/","name":"Con inhibidores, robaron una camioneta del estacionamiento de un supermercado - El Diario de Tucuman","isPartOf":{"@id":"https:\/\/www.eldiariodetucuman.com\/web\/#website"},"primaryImageOfPage":{"@id":"https:\/\/www.eldiariodetucuman.com\/web\/con-inhibidores-robaron-una-camioneta-del-estacionamiento-de-un-supermercado\/#primaryimage"},"image":{"@id":"https:\/\/www.eldiariodetucuman.com\/web\/con-inhibidores-robaron-una-camioneta-del-estacionamiento-de-un-supermercado\/#primaryimage"},"thumbnailUrl":"https:\/\/www.eldiariodetucuman.com\/web\/wp-content\/uploads\/2019\/11\/toyota.jpg","datePublished":"2019-11-04T11:53:44+00:00","breadcrumb":{"@id":"https:\/\/www.eldiariodetucuman.com\/web\/con-inhibidores-robaron-una-camioneta-del-estacionamiento-de-un-supermercado\/#breadcrumb"},"inLanguage":"es","potentialAction":[{"@type":"ReadAction","target":["https:\/\/www.eldiariodetucuman.com\/web\/con-inhibidores-robaron-una-camioneta-del-estacionamiento-de-un-supermercado\/"]}]},{"@type":"ImageObject","inLanguage":"es","@id":"https:\/\/www.eldiariodetucuman.com\/web\/con-inhibidores-robaron-una-camioneta-del-estacionamiento-de-un-supermercado\/#primaryimage","url":"https:\/\/www.eldiariodetucuman.com\/web\/wp-content\/uploads\/2019\/11\/toyota.jpg","contentUrl":"https:\/\/www.eldiariodetucuman.com\/web\/wp-content\/uploads\/2019\/11\/toyota.jpg","width":990,"height":556},{"@type":"BreadcrumbList","@id":"https:\/\/www.eldiariodetucuman.com\/web\/con-inhibidores-robaron-una-camioneta-del-estacionamiento-de-un-supermercado\/#breadcrumb","itemListElement":[{"@type":"ListItem","position":1,"name":"Portada","item":"https:\/\/www.eldiariodetucuman.com\/web\/"},{"@type":"ListItem","position":2,"name":"Con inhibidores, robaron una camioneta del estacionamiento de un supermercado"}]},{"@type":"WebSite","@id":"https:\/\/www.eldiariodetucuman.com\/web\/#website","url":"https:\/\/www.eldiariodetucuman.com\/web\/","name":"El Diario de Tucuman","description":"Diario Tucuman - Informaci\u00f3n y noticias","publisher":{"@id":"https:\/\/www.eldiariodetucuman.com\/web\/#organization"},"potentialAction":[{"@type":"SearchAction","target":{"@type":"EntryPoint","urlTemplate":"https:\/\/www.eldiariodetucuman.com\/web\/?s={search_term_string}"},"query-input":{"@type":"PropertyValueSpecification","valueRequired":true,"valueName":"search_term_string"}}],"inLanguage":"es"},{"@type":"Organization","@id":"https:\/\/www.eldiariodetucuman.com\/web\/#organization","name":"El Diario de Tucuman","url":"https:\/\/www.eldiariodetucuman.com\/web\/","logo":{"@type":"ImageObject","inLanguage":"es","@id":"https:\/\/www.eldiariodetucuman.com\/web\/#\/schema\/logo\/image\/","url":"http:\/\/www.eldiariodetucuman.com\/web\/wp-content\/uploads\/2017\/12\/el-diario-de-tucuman.jpg","contentUrl":"http:\/\/www.eldiariodetucuman.com\/web\/wp-content\/uploads\/2017\/12\/el-diario-de-tucuman.jpg","width":272,"height":92,"caption":"El Diario de Tucuman"},"image":{"@id":"https:\/\/www.eldiariodetucuman.com\/web\/#\/schema\/logo\/image\/"}},{"@type":"Person","@id":"https:\/\/www.eldiariodetucuman.com\/web\/#\/schema\/person\/7e6644a46e60888f6b868594407e08dd","name":"Redactor Uno","image":{"@type":"ImageObject","inLanguage":"es","@id":"https:\/\/secure.gravatar.com\/avatar\/0049b1bdf1bd548385c9ea6b9356431717930913089febd2ba904f0187d7d074?s=96&d=mm&r=g","url":"https:\/\/secure.gravatar.com\/avatar\/0049b1bdf1bd548385c9ea6b9356431717930913089febd2ba904f0187d7d074?s=96&d=mm&r=g","contentUrl":"https:\/\/secure.gravatar.com\/avatar\/0049b1bdf1bd548385c9ea6b9356431717930913089febd2ba904f0187d7d074?s=96&d=mm&r=g","caption":"Redactor Uno"},"url":"https:\/\/www.eldiariodetucuman.com\/web\/author\/mramasco\/"}]}},"_links":{"self":[{"href":"https:\/\/www.eldiariodetucuman.com\/web\/wp-json\/wp\/v2\/posts\/25517","targetHints":{"allow":["GET"]}}],"collection":[{"href":"https:\/\/www.eldiariodetucuman.com\/web\/wp-json\/wp\/v2\/posts"}],"about":[{"href":"https:\/\/www.eldiariodetucuman.com\/web\/wp-json\/wp\/v2\/types\/post"}],"author":[{"embeddable":true,"href":"https:\/\/www.eldiariodetucuman.com\/web\/wp-json\/wp\/v2\/users\/5"}],"replies":[{"embeddable":true,"href":"https:\/\/www.eldiariodetucuman.com\/web\/wp-json\/wp\/v2\/comments?post=25517"}],"version-history":[{"count":1,"href":"https:\/\/www.eldiariodetucuman.com\/web\/wp-json\/wp\/v2\/posts\/25517\/revisions"}],"predecessor-version":[{"id":25519,"href":"https:\/\/www.eldiariodetucuman.com\/web\/wp-json\/wp\/v2\/posts\/25517\/revisions\/25519"}],"wp:featuredmedia":[{"embeddable":true,"href":"https:\/\/www.eldiariodetucuman.com\/web\/wp-json\/wp\/v2\/media\/25518"}],"wp:attachment":[{"href":"https:\/\/www.eldiariodetucuman.com\/web\/wp-json\/wp\/v2\/media?parent=25517"}],"wp:term":[{"taxonomy":"category","embeddable":true,"href":"https:\/\/www.eldiariodetucuman.com\/web\/wp-json\/wp\/v2\/categories?post=25517"},{"taxonomy":"post_tag","embeddable":true,"href":"https:\/\/www.eldiariodetucuman.com\/web\/wp-json\/wp\/v2\/tags?post=25517"}],"curies":[{"name":"wp","href":"https:\/\/api.w.org\/{rel}","templated":true}]}}