{"id":25451,"date":"2019-10-29T09:15:03","date_gmt":"2019-10-29T12:15:03","guid":{"rendered":"http:\/\/www.eldiariodetucuman.com\/web\/?p=25451"},"modified":"2019-10-29T09:16:56","modified_gmt":"2019-10-29T12:16:56","slug":"que-es-la-otitis-y-como-prevenirla","status":"publish","type":"post","link":"https:\/\/www.eldiariodetucuman.com\/web\/que-es-la-otitis-y-como-prevenirla\/","title":{"rendered":"Qu\u00e9 es la otitis y c\u00f3mo prevenirla"},"content":{"rendered":"<div class=\"entry-content\">\n<p class=\"selectionShareable\">Las infecciones del o\u00eddo son una de las razones m\u00e1s frecuentes por la que los padres llevan a sus hijos al Sistema de Salud. El tipo m\u00e1s com\u00fan de infecci\u00f3n del o\u00eddo se denomina otitis media y es causada por inflamaci\u00f3n e infecci\u00f3n del o\u00eddo medio, el cual se encuentra localizado justo detr\u00e1s del t\u00edmpano.<\/p>\n<\/div>\n<p><!--more--><\/p>\n<div class=\"entry-content\">\n<p class=\"selectionShareable\">El jefe de la Unidad de Otorrinolaringolog\u00eda del hospital N\u00e9stor Kirchner,\u00a0<strong>Adriano Valdivieso<\/strong>, explica los tipos de patolog\u00eda que existen, a qui\u00e9nes afecta y c\u00f3mo cuidarse de la misma.<\/p>\n<p class=\"selectionShareable\">Una infecci\u00f3n aguda en el o\u00eddo se desarrolla r\u00e1pidamente y es dolorosa. Las infecciones del o\u00eddo que duran mucho tiempo o que aparecen y desaparecen se denominan infecciones cr\u00f3nicas del o\u00eddo.<\/p>\n<p class=\"selectionShareable\">\u201cJusto en esta \u00e9poca del a\u00f1o, los chicos son los primeros que llegan al agua y los \u00faltimos que se van, y eso acarrea dolores, infecciones; por ello ser\u00eda bueno primero saber la diferencia entre una otitis de invierno y una de verano. Se llaman igual pero una es una otitis externa y otra media. El conducto auditivo externo es la piel del conducto, es la que se inflama por el agua. Y la otitis media es cuando est\u00e1 acatarrado, con moco que viene de la nariz y va hacia el o\u00eddo\u201d, comienza diciendo el referente.<\/p>\n<blockquote>\n<p class=\"selectionShareable\"><strong>\u201cLa otitis media aguda es m\u00e1s frecuente en el invierno porque los chicos se resfr\u00edan m\u00e1s, pero la otitis externa es m\u00e1s com\u00fan en el verano porque los chicos est\u00e1n mucho tiempo en la pileta. El agua macera la piel y eso hace que \u00e9sta \u00faltima pierda su integridad, su impermeabilidad y favorece que entren bacterias y ah\u00ed se produce la otitis\u201d.<\/strong><\/p>\n<\/blockquote>\n<p class=\"selectionShareable\">Entonces, afirma el m\u00e9dico, toda madre sabe si su hijo padece habitualmente otitis: \u201cHay chicos que nunca hicieron otitis y no lo har\u00e1n, porque la anatom\u00eda les favorece, porque tienen un conducto amplio, porque la piel es sana, entonces el agua entra y sale y no pasa nada. Hay otros ni\u00f1os que no est\u00e1n favorecidos de esta forma, porque presentan conductos m\u00e1s peque\u00f1os o tienen una piel que se descama f\u00e1cilmente, y eso permite la entrada de bacterias\u201d.<\/p>\n<p class=\"selectionShareable\">Entre las recomendaciones, el profesional enumera:<\/p>\n<ul>\n<li>Usar tapones al entrar a la pileta, sobre todo los menores que suelen tener la patolog\u00eda<\/li>\n<li>Como remedio casero, al terminar el d\u00eda de pileta con el secador en pelo en fr\u00edo, secar ambos o\u00eddos del ni\u00f1o<\/li>\n<li>No usar alcohol u otros aceites caseros<\/li>\n<li>No utilizar hisopos o cotonetes de o\u00eddo, que favorecen la aparici\u00f3n de la enfermedad<\/li>\n<\/ul>\n<ul>\n<li>Ante la menor duda, consultar con el especialista<\/li>\n<\/ul>\n<p><strong>Fuente:<\/strong> <a href=\"http:\/\/comunicaciontucuman.gob.ar\/2019\/10\/llego-el-verano-que-es-la-otitis-y-como-prevenirla\/\">http:\/\/comunicaciontucuman.gob.ar\/2019\/10\/llego-el-verano-que-es-la-otitis-y-como-prevenirla\/<\/a><\/p>\n<\/div>\n","protected":false},"excerpt":{"rendered":"<p>Las infecciones del o\u00eddo son una de las razones m\u00e1s frecuentes por la que los padres llevan a sus hijos al Sistema de Salud. El tipo m\u00e1s com\u00fan de infecci\u00f3n del o\u00eddo se denomina otitis media y es causada por inflamaci\u00f3n e infecci\u00f3n del o\u00eddo medio, el cual se encuentra localizado justo detr\u00e1s del t\u00edmpano.<\/p>\n","protected":false},"author":5,"featured_media":25452,"comment_status":"closed","ping_status":"open","sticky":false,"template":"","format":"standard","meta":{"footnotes":""},"categories":[578],"tags":[2937,79,61],"class_list":{"0":"post-25451","1":"post","2":"type-post","3":"status-publish","4":"format-standard","5":"has-post-thumbnail","7":"category-salud","8":"tag-otitis","9":"tag-salud","10":"tag-tucuman"},"yoast_head":"<!-- This site is optimized with the Yoast SEO plugin v27.4 - https:\/\/yoast.com\/product\/yoast-seo-wordpress\/ -->\n<title>Qu\u00e9 es la otitis y c\u00f3mo prevenirla - El Diario de Tucuman<\/title>\n<meta name=\"robots\" content=\"index, follow, max-snippet:-1, max-image-preview:large, max-video-preview:-1\" \/>\n<link rel=\"canonical\" href=\"https:\/\/www.eldiariodetucuman.com\/web\/que-es-la-otitis-y-como-prevenirla\/\" \/>\n<meta property=\"og:locale\" content=\"es_ES\" \/>\n<meta property=\"og:type\" content=\"article\" \/>\n<meta property=\"og:title\" content=\"Qu\u00e9 es la otitis y c\u00f3mo prevenirla - El Diario de Tucuman\" \/>\n<meta property=\"og:description\" content=\"Las infecciones del o\u00eddo son una de las razones m\u00e1s frecuentes por la que los padres llevan a sus hijos al Sistema de Salud. El tipo m\u00e1s com\u00fan de infecci\u00f3n del o\u00eddo se denomina otitis media y es causada por inflamaci\u00f3n e infecci\u00f3n del o\u00eddo medio, el cual se encuentra localizado justo detr\u00e1s del t\u00edmpano.\" \/>\n<meta property=\"og:url\" content=\"https:\/\/www.eldiariodetucuman.com\/web\/que-es-la-otitis-y-como-prevenirla\/\" \/>\n<meta property=\"og:site_name\" content=\"El Diario de Tucuman\" \/>\n<meta property=\"article:published_time\" content=\"2019-10-29T12:15:03+00:00\" \/>\n<meta property=\"article:modified_time\" content=\"2019-10-29T12:16:56+00:00\" \/>\n<meta property=\"og:image\" content=\"https:\/\/www.eldiariodetucuman.com\/web\/wp-content\/uploads\/2019\/10\/otitis.jpg\" \/>\n\t<meta property=\"og:image:width\" content=\"970\" \/>\n\t<meta property=\"og:image:height\" content=\"721\" \/>\n\t<meta property=\"og:image:type\" content=\"image\/jpeg\" \/>\n<meta name=\"author\" content=\"Redactor Uno\" \/>\n<meta name=\"twitter:card\" content=\"summary_large_image\" \/>\n<meta name=\"twitter:label1\" content=\"Escrito por\" \/>\n\t<meta name=\"twitter:data1\" content=\"Redactor Uno\" \/>\n\t<meta name=\"twitter:label2\" content=\"Tiempo de lectura\" \/>\n\t<meta name=\"twitter:data2\" content=\"2 minutos\" \/>\n<script type=\"application\/ld+json\" class=\"yoast-schema-graph\">{\"@context\":\"https:\\\/\\\/schema.org\",\"@graph\":[{\"@type\":\"Article\",\"@id\":\"https:\\\/\\\/www.eldiariodetucuman.com\\\/web\\\/que-es-la-otitis-y-como-prevenirla\\\/#article\",\"isPartOf\":{\"@id\":\"https:\\\/\\\/www.eldiariodetucuman.com\\\/web\\\/que-es-la-otitis-y-como-prevenirla\\\/\"},\"author\":{\"name\":\"Redactor Uno\",\"@id\":\"https:\\\/\\\/www.eldiariodetucuman.com\\\/web\\\/#\\\/schema\\\/person\\\/7e6644a46e60888f6b868594407e08dd\"},\"headline\":\"Qu\u00e9 es la otitis y c\u00f3mo prevenirla\",\"datePublished\":\"2019-10-29T12:15:03+00:00\",\"dateModified\":\"2019-10-29T12:16:56+00:00\",\"mainEntityOfPage\":{\"@id\":\"https:\\\/\\\/www.eldiariodetucuman.com\\\/web\\\/que-es-la-otitis-y-como-prevenirla\\\/\"},\"wordCount\":483,\"publisher\":{\"@id\":\"https:\\\/\\\/www.eldiariodetucuman.com\\\/web\\\/#organization\"},\"image\":{\"@id\":\"https:\\\/\\\/www.eldiariodetucuman.com\\\/web\\\/que-es-la-otitis-y-como-prevenirla\\\/#primaryimage\"},\"thumbnailUrl\":\"https:\\\/\\\/www.eldiariodetucuman.com\\\/web\\\/wp-content\\\/uploads\\\/2019\\\/10\\\/otitis.jpg\",\"keywords\":[\"otitis\",\"salud\",\"Tucuman\"],\"articleSection\":[\"Salud\"],\"inLanguage\":\"es\"},{\"@type\":\"WebPage\",\"@id\":\"https:\\\/\\\/www.eldiariodetucuman.com\\\/web\\\/que-es-la-otitis-y-como-prevenirla\\\/\",\"url\":\"https:\\\/\\\/www.eldiariodetucuman.com\\\/web\\\/que-es-la-otitis-y-como-prevenirla\\\/\",\"name\":\"Qu\u00e9 es la otitis y c\u00f3mo prevenirla - El Diario de Tucuman\",\"isPartOf\":{\"@id\":\"https:\\\/\\\/www.eldiariodetucuman.com\\\/web\\\/#website\"},\"primaryImageOfPage\":{\"@id\":\"https:\\\/\\\/www.eldiariodetucuman.com\\\/web\\\/que-es-la-otitis-y-como-prevenirla\\\/#primaryimage\"},\"image\":{\"@id\":\"https:\\\/\\\/www.eldiariodetucuman.com\\\/web\\\/que-es-la-otitis-y-como-prevenirla\\\/#primaryimage\"},\"thumbnailUrl\":\"https:\\\/\\\/www.eldiariodetucuman.com\\\/web\\\/wp-content\\\/uploads\\\/2019\\\/10\\\/otitis.jpg\",\"datePublished\":\"2019-10-29T12:15:03+00:00\",\"dateModified\":\"2019-10-29T12:16:56+00:00\",\"breadcrumb\":{\"@id\":\"https:\\\/\\\/www.eldiariodetucuman.com\\\/web\\\/que-es-la-otitis-y-como-prevenirla\\\/#breadcrumb\"},\"inLanguage\":\"es\",\"potentialAction\":[{\"@type\":\"ReadAction\",\"target\":[\"https:\\\/\\\/www.eldiariodetucuman.com\\\/web\\\/que-es-la-otitis-y-como-prevenirla\\\/\"]}]},{\"@type\":\"ImageObject\",\"inLanguage\":\"es\",\"@id\":\"https:\\\/\\\/www.eldiariodetucuman.com\\\/web\\\/que-es-la-otitis-y-como-prevenirla\\\/#primaryimage\",\"url\":\"https:\\\/\\\/www.eldiariodetucuman.com\\\/web\\\/wp-content\\\/uploads\\\/2019\\\/10\\\/otitis.jpg\",\"contentUrl\":\"https:\\\/\\\/www.eldiariodetucuman.com\\\/web\\\/wp-content\\\/uploads\\\/2019\\\/10\\\/otitis.jpg\",\"width\":970,\"height\":721},{\"@type\":\"BreadcrumbList\",\"@id\":\"https:\\\/\\\/www.eldiariodetucuman.com\\\/web\\\/que-es-la-otitis-y-como-prevenirla\\\/#breadcrumb\",\"itemListElement\":[{\"@type\":\"ListItem\",\"position\":1,\"name\":\"Portada\",\"item\":\"https:\\\/\\\/www.eldiariodetucuman.com\\\/web\\\/\"},{\"@type\":\"ListItem\",\"position\":2,\"name\":\"Qu\u00e9 es la otitis y c\u00f3mo prevenirla\"}]},{\"@type\":\"WebSite\",\"@id\":\"https:\\\/\\\/www.eldiariodetucuman.com\\\/web\\\/#website\",\"url\":\"https:\\\/\\\/www.eldiariodetucuman.com\\\/web\\\/\",\"name\":\"El Diario de Tucuman\",\"description\":\"Diario Tucuman - Informaci\u00f3n y noticias\",\"publisher\":{\"@id\":\"https:\\\/\\\/www.eldiariodetucuman.com\\\/web\\\/#organization\"},\"potentialAction\":[{\"@type\":\"SearchAction\",\"target\":{\"@type\":\"EntryPoint\",\"urlTemplate\":\"https:\\\/\\\/www.eldiariodetucuman.com\\\/web\\\/?s={search_term_string}\"},\"query-input\":{\"@type\":\"PropertyValueSpecification\",\"valueRequired\":true,\"valueName\":\"search_term_string\"}}],\"inLanguage\":\"es\"},{\"@type\":\"Organization\",\"@id\":\"https:\\\/\\\/www.eldiariodetucuman.com\\\/web\\\/#organization\",\"name\":\"El Diario de Tucuman\",\"url\":\"https:\\\/\\\/www.eldiariodetucuman.com\\\/web\\\/\",\"logo\":{\"@type\":\"ImageObject\",\"inLanguage\":\"es\",\"@id\":\"https:\\\/\\\/www.eldiariodetucuman.com\\\/web\\\/#\\\/schema\\\/logo\\\/image\\\/\",\"url\":\"http:\\\/\\\/www.eldiariodetucuman.com\\\/web\\\/wp-content\\\/uploads\\\/2017\\\/12\\\/el-diario-de-tucuman.jpg\",\"contentUrl\":\"http:\\\/\\\/www.eldiariodetucuman.com\\\/web\\\/wp-content\\\/uploads\\\/2017\\\/12\\\/el-diario-de-tucuman.jpg\",\"width\":272,\"height\":92,\"caption\":\"El Diario de Tucuman\"},\"image\":{\"@id\":\"https:\\\/\\\/www.eldiariodetucuman.com\\\/web\\\/#\\\/schema\\\/logo\\\/image\\\/\"}},{\"@type\":\"Person\",\"@id\":\"https:\\\/\\\/www.eldiariodetucuman.com\\\/web\\\/#\\\/schema\\\/person\\\/7e6644a46e60888f6b868594407e08dd\",\"name\":\"Redactor Uno\",\"image\":{\"@type\":\"ImageObject\",\"inLanguage\":\"es\",\"@id\":\"https:\\\/\\\/secure.gravatar.com\\\/avatar\\\/0049b1bdf1bd548385c9ea6b9356431717930913089febd2ba904f0187d7d074?s=96&d=mm&r=g\",\"url\":\"https:\\\/\\\/secure.gravatar.com\\\/avatar\\\/0049b1bdf1bd548385c9ea6b9356431717930913089febd2ba904f0187d7d074?s=96&d=mm&r=g\",\"contentUrl\":\"https:\\\/\\\/secure.gravatar.com\\\/avatar\\\/0049b1bdf1bd548385c9ea6b9356431717930913089febd2ba904f0187d7d074?s=96&d=mm&r=g\",\"caption\":\"Redactor Uno\"},\"url\":\"https:\\\/\\\/www.eldiariodetucuman.com\\\/web\\\/author\\\/mramasco\\\/\"}]}<\/script>\n<!-- \/ Yoast SEO plugin. -->","yoast_head_json":{"title":"Qu\u00e9 es la otitis y c\u00f3mo prevenirla - El Diario de Tucuman","robots":{"index":"index","follow":"follow","max-snippet":"max-snippet:-1","max-image-preview":"max-image-preview:large","max-video-preview":"max-video-preview:-1"},"canonical":"https:\/\/www.eldiariodetucuman.com\/web\/que-es-la-otitis-y-como-prevenirla\/","og_locale":"es_ES","og_type":"article","og_title":"Qu\u00e9 es la otitis y c\u00f3mo prevenirla - El Diario de Tucuman","og_description":"Las infecciones del o\u00eddo son una de las razones m\u00e1s frecuentes por la que los padres llevan a sus hijos al Sistema de Salud. El tipo m\u00e1s com\u00fan de infecci\u00f3n del o\u00eddo se denomina otitis media y es causada por inflamaci\u00f3n e infecci\u00f3n del o\u00eddo medio, el cual se encuentra localizado justo detr\u00e1s del t\u00edmpano.","og_url":"https:\/\/www.eldiariodetucuman.com\/web\/que-es-la-otitis-y-como-prevenirla\/","og_site_name":"El Diario de Tucuman","article_published_time":"2019-10-29T12:15:03+00:00","article_modified_time":"2019-10-29T12:16:56+00:00","og_image":[{"width":970,"height":721,"url":"https:\/\/www.eldiariodetucuman.com\/web\/wp-content\/uploads\/2019\/10\/otitis.jpg","type":"image\/jpeg"}],"author":"Redactor Uno","twitter_card":"summary_large_image","twitter_misc":{"Escrito por":"Redactor Uno","Tiempo de lectura":"2 minutos"},"schema":{"@context":"https:\/\/schema.org","@graph":[{"@type":"Article","@id":"https:\/\/www.eldiariodetucuman.com\/web\/que-es-la-otitis-y-como-prevenirla\/#article","isPartOf":{"@id":"https:\/\/www.eldiariodetucuman.com\/web\/que-es-la-otitis-y-como-prevenirla\/"},"author":{"name":"Redactor Uno","@id":"https:\/\/www.eldiariodetucuman.com\/web\/#\/schema\/person\/7e6644a46e60888f6b868594407e08dd"},"headline":"Qu\u00e9 es la otitis y c\u00f3mo prevenirla","datePublished":"2019-10-29T12:15:03+00:00","dateModified":"2019-10-29T12:16:56+00:00","mainEntityOfPage":{"@id":"https:\/\/www.eldiariodetucuman.com\/web\/que-es-la-otitis-y-como-prevenirla\/"},"wordCount":483,"publisher":{"@id":"https:\/\/www.eldiariodetucuman.com\/web\/#organization"},"image":{"@id":"https:\/\/www.eldiariodetucuman.com\/web\/que-es-la-otitis-y-como-prevenirla\/#primaryimage"},"thumbnailUrl":"https:\/\/www.eldiariodetucuman.com\/web\/wp-content\/uploads\/2019\/10\/otitis.jpg","keywords":["otitis","salud","Tucuman"],"articleSection":["Salud"],"inLanguage":"es"},{"@type":"WebPage","@id":"https:\/\/www.eldiariodetucuman.com\/web\/que-es-la-otitis-y-como-prevenirla\/","url":"https:\/\/www.eldiariodetucuman.com\/web\/que-es-la-otitis-y-como-prevenirla\/","name":"Qu\u00e9 es la otitis y c\u00f3mo prevenirla - El Diario de Tucuman","isPartOf":{"@id":"https:\/\/www.eldiariodetucuman.com\/web\/#website"},"primaryImageOfPage":{"@id":"https:\/\/www.eldiariodetucuman.com\/web\/que-es-la-otitis-y-como-prevenirla\/#primaryimage"},"image":{"@id":"https:\/\/www.eldiariodetucuman.com\/web\/que-es-la-otitis-y-como-prevenirla\/#primaryimage"},"thumbnailUrl":"https:\/\/www.eldiariodetucuman.com\/web\/wp-content\/uploads\/2019\/10\/otitis.jpg","datePublished":"2019-10-29T12:15:03+00:00","dateModified":"2019-10-29T12:16:56+00:00","breadcrumb":{"@id":"https:\/\/www.eldiariodetucuman.com\/web\/que-es-la-otitis-y-como-prevenirla\/#breadcrumb"},"inLanguage":"es","potentialAction":[{"@type":"ReadAction","target":["https:\/\/www.eldiariodetucuman.com\/web\/que-es-la-otitis-y-como-prevenirla\/"]}]},{"@type":"ImageObject","inLanguage":"es","@id":"https:\/\/www.eldiariodetucuman.com\/web\/que-es-la-otitis-y-como-prevenirla\/#primaryimage","url":"https:\/\/www.eldiariodetucuman.com\/web\/wp-content\/uploads\/2019\/10\/otitis.jpg","contentUrl":"https:\/\/www.eldiariodetucuman.com\/web\/wp-content\/uploads\/2019\/10\/otitis.jpg","width":970,"height":721},{"@type":"BreadcrumbList","@id":"https:\/\/www.eldiariodetucuman.com\/web\/que-es-la-otitis-y-como-prevenirla\/#breadcrumb","itemListElement":[{"@type":"ListItem","position":1,"name":"Portada","item":"https:\/\/www.eldiariodetucuman.com\/web\/"},{"@type":"ListItem","position":2,"name":"Qu\u00e9 es la otitis y c\u00f3mo prevenirla"}]},{"@type":"WebSite","@id":"https:\/\/www.eldiariodetucuman.com\/web\/#website","url":"https:\/\/www.eldiariodetucuman.com\/web\/","name":"El Diario de Tucuman","description":"Diario Tucuman - Informaci\u00f3n y noticias","publisher":{"@id":"https:\/\/www.eldiariodetucuman.com\/web\/#organization"},"potentialAction":[{"@type":"SearchAction","target":{"@type":"EntryPoint","urlTemplate":"https:\/\/www.eldiariodetucuman.com\/web\/?s={search_term_string}"},"query-input":{"@type":"PropertyValueSpecification","valueRequired":true,"valueName":"search_term_string"}}],"inLanguage":"es"},{"@type":"Organization","@id":"https:\/\/www.eldiariodetucuman.com\/web\/#organization","name":"El Diario de Tucuman","url":"https:\/\/www.eldiariodetucuman.com\/web\/","logo":{"@type":"ImageObject","inLanguage":"es","@id":"https:\/\/www.eldiariodetucuman.com\/web\/#\/schema\/logo\/image\/","url":"http:\/\/www.eldiariodetucuman.com\/web\/wp-content\/uploads\/2017\/12\/el-diario-de-tucuman.jpg","contentUrl":"http:\/\/www.eldiariodetucuman.com\/web\/wp-content\/uploads\/2017\/12\/el-diario-de-tucuman.jpg","width":272,"height":92,"caption":"El Diario de Tucuman"},"image":{"@id":"https:\/\/www.eldiariodetucuman.com\/web\/#\/schema\/logo\/image\/"}},{"@type":"Person","@id":"https:\/\/www.eldiariodetucuman.com\/web\/#\/schema\/person\/7e6644a46e60888f6b868594407e08dd","name":"Redactor Uno","image":{"@type":"ImageObject","inLanguage":"es","@id":"https:\/\/secure.gravatar.com\/avatar\/0049b1bdf1bd548385c9ea6b9356431717930913089febd2ba904f0187d7d074?s=96&d=mm&r=g","url":"https:\/\/secure.gravatar.com\/avatar\/0049b1bdf1bd548385c9ea6b9356431717930913089febd2ba904f0187d7d074?s=96&d=mm&r=g","contentUrl":"https:\/\/secure.gravatar.com\/avatar\/0049b1bdf1bd548385c9ea6b9356431717930913089febd2ba904f0187d7d074?s=96&d=mm&r=g","caption":"Redactor Uno"},"url":"https:\/\/www.eldiariodetucuman.com\/web\/author\/mramasco\/"}]}},"_links":{"self":[{"href":"https:\/\/www.eldiariodetucuman.com\/web\/wp-json\/wp\/v2\/posts\/25451","targetHints":{"allow":["GET"]}}],"collection":[{"href":"https:\/\/www.eldiariodetucuman.com\/web\/wp-json\/wp\/v2\/posts"}],"about":[{"href":"https:\/\/www.eldiariodetucuman.com\/web\/wp-json\/wp\/v2\/types\/post"}],"author":[{"embeddable":true,"href":"https:\/\/www.eldiariodetucuman.com\/web\/wp-json\/wp\/v2\/users\/5"}],"replies":[{"embeddable":true,"href":"https:\/\/www.eldiariodetucuman.com\/web\/wp-json\/wp\/v2\/comments?post=25451"}],"version-history":[{"count":1,"href":"https:\/\/www.eldiariodetucuman.com\/web\/wp-json\/wp\/v2\/posts\/25451\/revisions"}],"predecessor-version":[{"id":25453,"href":"https:\/\/www.eldiariodetucuman.com\/web\/wp-json\/wp\/v2\/posts\/25451\/revisions\/25453"}],"wp:featuredmedia":[{"embeddable":true,"href":"https:\/\/www.eldiariodetucuman.com\/web\/wp-json\/wp\/v2\/media\/25452"}],"wp:attachment":[{"href":"https:\/\/www.eldiariodetucuman.com\/web\/wp-json\/wp\/v2\/media?parent=25451"}],"wp:term":[{"taxonomy":"category","embeddable":true,"href":"https:\/\/www.eldiariodetucuman.com\/web\/wp-json\/wp\/v2\/categories?post=25451"},{"taxonomy":"post_tag","embeddable":true,"href":"https:\/\/www.eldiariodetucuman.com\/web\/wp-json\/wp\/v2\/tags?post=25451"}],"curies":[{"name":"wp","href":"https:\/\/api.w.org\/{rel}","templated":true}]}}