{"id":25447,"date":"2019-10-29T09:03:19","date_gmt":"2019-10-29T12:03:19","guid":{"rendered":"http:\/\/www.eldiariodetucuman.com\/web\/?p=25447"},"modified":"2019-10-29T09:03:31","modified_gmt":"2019-10-29T12:03:31","slug":"en-una-semana-los-electrodomesticos-subieron-20","status":"publish","type":"post","link":"https:\/\/www.eldiariodetucuman.com\/web\/en-una-semana-los-electrodomesticos-subieron-20\/","title":{"rendered":"En una semana los electrodom\u00e9sticos subieron 20%"},"content":{"rendered":"<p><span id=\"copete\">Es por la incertidumbre que genera un cambio de gobierno. Adem\u00e1s, Alberto Fern\u00e1ndez prometi\u00f3 pacto social con congelamiento de precios.<\/span><\/p>\n<p><!--more--><\/p>\n<div>\n<div class=\"stBubble\">En medio de un clima electoral, las cadenas de electrodom\u00e9sticos, aprovecharon la distracci\u00f3n de los clientes para incrementar en promedio un 20% los precios en s\u00f3lo una semana. Es que ante el cambio de gobierno, la suba de la divisa estadounidense, la inflaci\u00f3n de septiembre que cerr\u00f3 en un 5,9% y las promesas del presidente electo de un pacto social, el retail quiere estar \u201cpreparado\u201d para los meses que se vienen.<\/div>\n<\/div>\n<p>\u201cEl aumento promedio fue de un 20% si tomamos precio de hoy versus precio promedio de 30 d\u00edas contando desde hace una semana. Y los aumentos los empezamos a notar desde aproximadamente el lunes o martes de la semana pasada\u201d, explic\u00f3 Santiago Botta, de Comparacity, un sitio que se encarga de ver la evoluci\u00f3n de los precios de los productos de electr\u00f3nica.<\/p>\n<p>Dentro de las promesas de campa\u00f1a, el electo presidente por el Frente de Todos, Alberto Fern\u00e1ndez, describi\u00f3 el desarrollo de un acuerdo social. El pacto, seg\u00fan se pudo saber, se enfocar\u00e1 en los salarios, impuestos, tarifas, tasas de inter\u00e9s y precios. Y es por eso que ante la posibilidad de un congelamiento de precios, los empresarios quieren \u201ctener espalda\u201d para enfrentar las nuevas medidas.<\/p>\n<p>Y a pesar del incremento de precios, el fin de semana previo a las elecciones presidenciales, se vio mayor movimiento en los locales de electr\u00f3nica. \u201cComo sucedi\u00f3 antes de las PASO se registr\u00f3 mayor cantidad de compras previo a las elecciones\u201d, detallaron desde la C\u00e1mara Argentina de Comercio, aunque aseguraron que a\u00fan no cuentan con los datos precisos.<\/p>\n<p>Es que muchos de los consumidores buscaron adquirir aquel producto que necesitaban antes de las elecciones por el coletazo que pudiera traer su resultado. De esta forma hubo muchos clientes que decidieron comprar un producto con la tarjeta, hacerse de d\u00f3lares, para luego venderlos en el mercado blue a la hora del vencimiento de la misma y as\u00ed ahorrarse algunos pesos.<\/p>\n<p>Ante el nuevo escenario y el nuevo control de cambio que permite la compra de s\u00f3lo u$s 200 por mes, puede haber un cambio en el comportamiento de los clientes. \u201cEstamos esperando c\u00f3mo se va a comportar los consumidores que Quiz\u00e1s ten\u00edan un margen de ahorro y que ahora no pueden comprar d\u00f3lares, si van a volcar ese excedente en la compra de electrodom\u00e9sticos y bienes durables\u201d, indic\u00f3 Botta.<\/p>\n<p>Lo cierto es que el escenario de desconcierto que se evidencia estos d\u00edas ya se tradujo en un incremento de precios. A eso se suma el Cyber Monday que se celebrar\u00e1 la pr\u00f3xima semana. \u201cEs un cl\u00e1sico: las empresas incrementan sus precios previo a los festivales de descuentos para parecer que las rebajas son m\u00e1s importante de lo que realmente son\u201d, explic\u00f3 un especialista en consumo.<\/p>\n<p>Dentro de los productos que m\u00e1s se incrementaron est\u00e1n las computadoras. \u201cLas subas llegaron al 50% sobre todo en aquellas importadas\u201d, detall\u00f3 Botta.<\/p>\n<p>Otro de los comportamientos que comenz\u00f3 a verse las \u00faltima semana es el fin de las cuotas sin intereses o la disminuci\u00f3n de las mismas. Por ejemplo hace s\u00f3lo 10 d\u00edas hab\u00eda productos que se ofrec\u00edan con 18 cuotas, hoy no solo los precios son m\u00e1s altos sino que se redujo la financiaci\u00f3n a 6 cuotas.<\/p>\n<p><strong>Fuente:<\/strong> <a href=\"http:\/\/www.tucumanoticias.com.ar\/noticia\/actualidad\/efecto-elecciones-en-una-semana-suben-20-los-electrodomesticos-200830.html\">http:\/\/www.tucumanoticias.com.ar\/noticia\/actualidad\/efecto-elecciones-en-una-semana-suben-20-los-electrodomesticos-200830.html<\/a><\/p>\n","protected":false},"excerpt":{"rendered":"<p>Es por la incertidumbre que genera un cambio de gobierno. Adem\u00e1s, Alberto Fern\u00e1ndez prometi\u00f3 pacto social con congelamiento de precios.<\/p>\n","protected":false},"author":5,"featured_media":25448,"comment_status":"closed","ping_status":"open","sticky":false,"template":"","format":"standard","meta":{"footnotes":""},"categories":[2],"tags":[],"class_list":{"0":"post-25447","1":"post","2":"type-post","3":"status-publish","4":"format-standard","5":"has-post-thumbnail","7":"category-actualidad"},"yoast_head":"<!-- This site is optimized with the Yoast SEO plugin v27.4 - https:\/\/yoast.com\/product\/yoast-seo-wordpress\/ -->\n<title>En una semana los electrodom\u00e9sticos subieron 20% - El Diario de Tucuman<\/title>\n<meta name=\"robots\" content=\"index, follow, max-snippet:-1, max-image-preview:large, max-video-preview:-1\" \/>\n<link rel=\"canonical\" href=\"https:\/\/www.eldiariodetucuman.com\/web\/en-una-semana-los-electrodomesticos-subieron-20\/\" \/>\n<meta property=\"og:locale\" content=\"es_ES\" \/>\n<meta property=\"og:type\" content=\"article\" \/>\n<meta property=\"og:title\" content=\"En una semana los electrodom\u00e9sticos subieron 20% - El Diario de Tucuman\" \/>\n<meta property=\"og:description\" content=\"Es por la incertidumbre que genera un cambio de gobierno. Adem\u00e1s, Alberto Fern\u00e1ndez prometi\u00f3 pacto social con congelamiento de precios.\" \/>\n<meta property=\"og:url\" content=\"https:\/\/www.eldiariodetucuman.com\/web\/en-una-semana-los-electrodomesticos-subieron-20\/\" \/>\n<meta property=\"og:site_name\" content=\"El Diario de Tucuman\" \/>\n<meta property=\"article:published_time\" content=\"2019-10-29T12:03:19+00:00\" \/>\n<meta property=\"article:modified_time\" content=\"2019-10-29T12:03:31+00:00\" \/>\n<meta property=\"og:image\" content=\"https:\/\/www.eldiariodetucuman.com\/web\/wp-content\/uploads\/2019\/10\/electrodomesticos.jpg\" \/>\n\t<meta property=\"og:image:width\" content=\"1140\" \/>\n\t<meta property=\"og:image:height\" content=\"640\" \/>\n\t<meta property=\"og:image:type\" content=\"image\/jpeg\" \/>\n<meta name=\"author\" content=\"Redactor Uno\" \/>\n<meta name=\"twitter:card\" content=\"summary_large_image\" \/>\n<meta name=\"twitter:label1\" content=\"Escrito por\" \/>\n\t<meta name=\"twitter:data1\" content=\"Redactor Uno\" \/>\n\t<meta name=\"twitter:label2\" content=\"Tiempo de lectura\" \/>\n\t<meta name=\"twitter:data2\" content=\"3 minutos\" \/>\n<script type=\"application\/ld+json\" class=\"yoast-schema-graph\">{\"@context\":\"https:\\\/\\\/schema.org\",\"@graph\":[{\"@type\":\"Article\",\"@id\":\"https:\\\/\\\/www.eldiariodetucuman.com\\\/web\\\/en-una-semana-los-electrodomesticos-subieron-20\\\/#article\",\"isPartOf\":{\"@id\":\"https:\\\/\\\/www.eldiariodetucuman.com\\\/web\\\/en-una-semana-los-electrodomesticos-subieron-20\\\/\"},\"author\":{\"name\":\"Redactor Uno\",\"@id\":\"https:\\\/\\\/www.eldiariodetucuman.com\\\/web\\\/#\\\/schema\\\/person\\\/7e6644a46e60888f6b868594407e08dd\"},\"headline\":\"En una semana los electrodom\u00e9sticos subieron 20%\",\"datePublished\":\"2019-10-29T12:03:19+00:00\",\"dateModified\":\"2019-10-29T12:03:31+00:00\",\"mainEntityOfPage\":{\"@id\":\"https:\\\/\\\/www.eldiariodetucuman.com\\\/web\\\/en-una-semana-los-electrodomesticos-subieron-20\\\/\"},\"wordCount\":596,\"publisher\":{\"@id\":\"https:\\\/\\\/www.eldiariodetucuman.com\\\/web\\\/#organization\"},\"image\":{\"@id\":\"https:\\\/\\\/www.eldiariodetucuman.com\\\/web\\\/en-una-semana-los-electrodomesticos-subieron-20\\\/#primaryimage\"},\"thumbnailUrl\":\"https:\\\/\\\/www.eldiariodetucuman.com\\\/web\\\/wp-content\\\/uploads\\\/2019\\\/10\\\/electrodomesticos.jpg\",\"articleSection\":[\"Actualidad\"],\"inLanguage\":\"es\"},{\"@type\":\"WebPage\",\"@id\":\"https:\\\/\\\/www.eldiariodetucuman.com\\\/web\\\/en-una-semana-los-electrodomesticos-subieron-20\\\/\",\"url\":\"https:\\\/\\\/www.eldiariodetucuman.com\\\/web\\\/en-una-semana-los-electrodomesticos-subieron-20\\\/\",\"name\":\"En una semana los electrodom\u00e9sticos subieron 20% - El Diario de Tucuman\",\"isPartOf\":{\"@id\":\"https:\\\/\\\/www.eldiariodetucuman.com\\\/web\\\/#website\"},\"primaryImageOfPage\":{\"@id\":\"https:\\\/\\\/www.eldiariodetucuman.com\\\/web\\\/en-una-semana-los-electrodomesticos-subieron-20\\\/#primaryimage\"},\"image\":{\"@id\":\"https:\\\/\\\/www.eldiariodetucuman.com\\\/web\\\/en-una-semana-los-electrodomesticos-subieron-20\\\/#primaryimage\"},\"thumbnailUrl\":\"https:\\\/\\\/www.eldiariodetucuman.com\\\/web\\\/wp-content\\\/uploads\\\/2019\\\/10\\\/electrodomesticos.jpg\",\"datePublished\":\"2019-10-29T12:03:19+00:00\",\"dateModified\":\"2019-10-29T12:03:31+00:00\",\"breadcrumb\":{\"@id\":\"https:\\\/\\\/www.eldiariodetucuman.com\\\/web\\\/en-una-semana-los-electrodomesticos-subieron-20\\\/#breadcrumb\"},\"inLanguage\":\"es\",\"potentialAction\":[{\"@type\":\"ReadAction\",\"target\":[\"https:\\\/\\\/www.eldiariodetucuman.com\\\/web\\\/en-una-semana-los-electrodomesticos-subieron-20\\\/\"]}]},{\"@type\":\"ImageObject\",\"inLanguage\":\"es\",\"@id\":\"https:\\\/\\\/www.eldiariodetucuman.com\\\/web\\\/en-una-semana-los-electrodomesticos-subieron-20\\\/#primaryimage\",\"url\":\"https:\\\/\\\/www.eldiariodetucuman.com\\\/web\\\/wp-content\\\/uploads\\\/2019\\\/10\\\/electrodomesticos.jpg\",\"contentUrl\":\"https:\\\/\\\/www.eldiariodetucuman.com\\\/web\\\/wp-content\\\/uploads\\\/2019\\\/10\\\/electrodomesticos.jpg\",\"width\":1140,\"height\":640},{\"@type\":\"BreadcrumbList\",\"@id\":\"https:\\\/\\\/www.eldiariodetucuman.com\\\/web\\\/en-una-semana-los-electrodomesticos-subieron-20\\\/#breadcrumb\",\"itemListElement\":[{\"@type\":\"ListItem\",\"position\":1,\"name\":\"Portada\",\"item\":\"https:\\\/\\\/www.eldiariodetucuman.com\\\/web\\\/\"},{\"@type\":\"ListItem\",\"position\":2,\"name\":\"En una semana los electrodom\u00e9sticos subieron 20%\"}]},{\"@type\":\"WebSite\",\"@id\":\"https:\\\/\\\/www.eldiariodetucuman.com\\\/web\\\/#website\",\"url\":\"https:\\\/\\\/www.eldiariodetucuman.com\\\/web\\\/\",\"name\":\"El Diario de Tucuman\",\"description\":\"Diario Tucuman - Informaci\u00f3n y noticias\",\"publisher\":{\"@id\":\"https:\\\/\\\/www.eldiariodetucuman.com\\\/web\\\/#organization\"},\"potentialAction\":[{\"@type\":\"SearchAction\",\"target\":{\"@type\":\"EntryPoint\",\"urlTemplate\":\"https:\\\/\\\/www.eldiariodetucuman.com\\\/web\\\/?s={search_term_string}\"},\"query-input\":{\"@type\":\"PropertyValueSpecification\",\"valueRequired\":true,\"valueName\":\"search_term_string\"}}],\"inLanguage\":\"es\"},{\"@type\":\"Organization\",\"@id\":\"https:\\\/\\\/www.eldiariodetucuman.com\\\/web\\\/#organization\",\"name\":\"El Diario de Tucuman\",\"url\":\"https:\\\/\\\/www.eldiariodetucuman.com\\\/web\\\/\",\"logo\":{\"@type\":\"ImageObject\",\"inLanguage\":\"es\",\"@id\":\"https:\\\/\\\/www.eldiariodetucuman.com\\\/web\\\/#\\\/schema\\\/logo\\\/image\\\/\",\"url\":\"http:\\\/\\\/www.eldiariodetucuman.com\\\/web\\\/wp-content\\\/uploads\\\/2017\\\/12\\\/el-diario-de-tucuman.jpg\",\"contentUrl\":\"http:\\\/\\\/www.eldiariodetucuman.com\\\/web\\\/wp-content\\\/uploads\\\/2017\\\/12\\\/el-diario-de-tucuman.jpg\",\"width\":272,\"height\":92,\"caption\":\"El Diario de Tucuman\"},\"image\":{\"@id\":\"https:\\\/\\\/www.eldiariodetucuman.com\\\/web\\\/#\\\/schema\\\/logo\\\/image\\\/\"}},{\"@type\":\"Person\",\"@id\":\"https:\\\/\\\/www.eldiariodetucuman.com\\\/web\\\/#\\\/schema\\\/person\\\/7e6644a46e60888f6b868594407e08dd\",\"name\":\"Redactor Uno\",\"image\":{\"@type\":\"ImageObject\",\"inLanguage\":\"es\",\"@id\":\"https:\\\/\\\/secure.gravatar.com\\\/avatar\\\/0049b1bdf1bd548385c9ea6b9356431717930913089febd2ba904f0187d7d074?s=96&d=mm&r=g\",\"url\":\"https:\\\/\\\/secure.gravatar.com\\\/avatar\\\/0049b1bdf1bd548385c9ea6b9356431717930913089febd2ba904f0187d7d074?s=96&d=mm&r=g\",\"contentUrl\":\"https:\\\/\\\/secure.gravatar.com\\\/avatar\\\/0049b1bdf1bd548385c9ea6b9356431717930913089febd2ba904f0187d7d074?s=96&d=mm&r=g\",\"caption\":\"Redactor Uno\"},\"url\":\"https:\\\/\\\/www.eldiariodetucuman.com\\\/web\\\/author\\\/mramasco\\\/\"}]}<\/script>\n<!-- \/ Yoast SEO plugin. -->","yoast_head_json":{"title":"En una semana los electrodom\u00e9sticos subieron 20% - El Diario de Tucuman","robots":{"index":"index","follow":"follow","max-snippet":"max-snippet:-1","max-image-preview":"max-image-preview:large","max-video-preview":"max-video-preview:-1"},"canonical":"https:\/\/www.eldiariodetucuman.com\/web\/en-una-semana-los-electrodomesticos-subieron-20\/","og_locale":"es_ES","og_type":"article","og_title":"En una semana los electrodom\u00e9sticos subieron 20% - El Diario de Tucuman","og_description":"Es por la incertidumbre que genera un cambio de gobierno. Adem\u00e1s, Alberto Fern\u00e1ndez prometi\u00f3 pacto social con congelamiento de precios.","og_url":"https:\/\/www.eldiariodetucuman.com\/web\/en-una-semana-los-electrodomesticos-subieron-20\/","og_site_name":"El Diario de Tucuman","article_published_time":"2019-10-29T12:03:19+00:00","article_modified_time":"2019-10-29T12:03:31+00:00","og_image":[{"width":1140,"height":640,"url":"https:\/\/www.eldiariodetucuman.com\/web\/wp-content\/uploads\/2019\/10\/electrodomesticos.jpg","type":"image\/jpeg"}],"author":"Redactor Uno","twitter_card":"summary_large_image","twitter_misc":{"Escrito por":"Redactor Uno","Tiempo de lectura":"3 minutos"},"schema":{"@context":"https:\/\/schema.org","@graph":[{"@type":"Article","@id":"https:\/\/www.eldiariodetucuman.com\/web\/en-una-semana-los-electrodomesticos-subieron-20\/#article","isPartOf":{"@id":"https:\/\/www.eldiariodetucuman.com\/web\/en-una-semana-los-electrodomesticos-subieron-20\/"},"author":{"name":"Redactor Uno","@id":"https:\/\/www.eldiariodetucuman.com\/web\/#\/schema\/person\/7e6644a46e60888f6b868594407e08dd"},"headline":"En una semana los electrodom\u00e9sticos subieron 20%","datePublished":"2019-10-29T12:03:19+00:00","dateModified":"2019-10-29T12:03:31+00:00","mainEntityOfPage":{"@id":"https:\/\/www.eldiariodetucuman.com\/web\/en-una-semana-los-electrodomesticos-subieron-20\/"},"wordCount":596,"publisher":{"@id":"https:\/\/www.eldiariodetucuman.com\/web\/#organization"},"image":{"@id":"https:\/\/www.eldiariodetucuman.com\/web\/en-una-semana-los-electrodomesticos-subieron-20\/#primaryimage"},"thumbnailUrl":"https:\/\/www.eldiariodetucuman.com\/web\/wp-content\/uploads\/2019\/10\/electrodomesticos.jpg","articleSection":["Actualidad"],"inLanguage":"es"},{"@type":"WebPage","@id":"https:\/\/www.eldiariodetucuman.com\/web\/en-una-semana-los-electrodomesticos-subieron-20\/","url":"https:\/\/www.eldiariodetucuman.com\/web\/en-una-semana-los-electrodomesticos-subieron-20\/","name":"En una semana los electrodom\u00e9sticos subieron 20% - El Diario de Tucuman","isPartOf":{"@id":"https:\/\/www.eldiariodetucuman.com\/web\/#website"},"primaryImageOfPage":{"@id":"https:\/\/www.eldiariodetucuman.com\/web\/en-una-semana-los-electrodomesticos-subieron-20\/#primaryimage"},"image":{"@id":"https:\/\/www.eldiariodetucuman.com\/web\/en-una-semana-los-electrodomesticos-subieron-20\/#primaryimage"},"thumbnailUrl":"https:\/\/www.eldiariodetucuman.com\/web\/wp-content\/uploads\/2019\/10\/electrodomesticos.jpg","datePublished":"2019-10-29T12:03:19+00:00","dateModified":"2019-10-29T12:03:31+00:00","breadcrumb":{"@id":"https:\/\/www.eldiariodetucuman.com\/web\/en-una-semana-los-electrodomesticos-subieron-20\/#breadcrumb"},"inLanguage":"es","potentialAction":[{"@type":"ReadAction","target":["https:\/\/www.eldiariodetucuman.com\/web\/en-una-semana-los-electrodomesticos-subieron-20\/"]}]},{"@type":"ImageObject","inLanguage":"es","@id":"https:\/\/www.eldiariodetucuman.com\/web\/en-una-semana-los-electrodomesticos-subieron-20\/#primaryimage","url":"https:\/\/www.eldiariodetucuman.com\/web\/wp-content\/uploads\/2019\/10\/electrodomesticos.jpg","contentUrl":"https:\/\/www.eldiariodetucuman.com\/web\/wp-content\/uploads\/2019\/10\/electrodomesticos.jpg","width":1140,"height":640},{"@type":"BreadcrumbList","@id":"https:\/\/www.eldiariodetucuman.com\/web\/en-una-semana-los-electrodomesticos-subieron-20\/#breadcrumb","itemListElement":[{"@type":"ListItem","position":1,"name":"Portada","item":"https:\/\/www.eldiariodetucuman.com\/web\/"},{"@type":"ListItem","position":2,"name":"En una semana los electrodom\u00e9sticos subieron 20%"}]},{"@type":"WebSite","@id":"https:\/\/www.eldiariodetucuman.com\/web\/#website","url":"https:\/\/www.eldiariodetucuman.com\/web\/","name":"El Diario de Tucuman","description":"Diario Tucuman - Informaci\u00f3n y noticias","publisher":{"@id":"https:\/\/www.eldiariodetucuman.com\/web\/#organization"},"potentialAction":[{"@type":"SearchAction","target":{"@type":"EntryPoint","urlTemplate":"https:\/\/www.eldiariodetucuman.com\/web\/?s={search_term_string}"},"query-input":{"@type":"PropertyValueSpecification","valueRequired":true,"valueName":"search_term_string"}}],"inLanguage":"es"},{"@type":"Organization","@id":"https:\/\/www.eldiariodetucuman.com\/web\/#organization","name":"El Diario de Tucuman","url":"https:\/\/www.eldiariodetucuman.com\/web\/","logo":{"@type":"ImageObject","inLanguage":"es","@id":"https:\/\/www.eldiariodetucuman.com\/web\/#\/schema\/logo\/image\/","url":"http:\/\/www.eldiariodetucuman.com\/web\/wp-content\/uploads\/2017\/12\/el-diario-de-tucuman.jpg","contentUrl":"http:\/\/www.eldiariodetucuman.com\/web\/wp-content\/uploads\/2017\/12\/el-diario-de-tucuman.jpg","width":272,"height":92,"caption":"El Diario de Tucuman"},"image":{"@id":"https:\/\/www.eldiariodetucuman.com\/web\/#\/schema\/logo\/image\/"}},{"@type":"Person","@id":"https:\/\/www.eldiariodetucuman.com\/web\/#\/schema\/person\/7e6644a46e60888f6b868594407e08dd","name":"Redactor Uno","image":{"@type":"ImageObject","inLanguage":"es","@id":"https:\/\/secure.gravatar.com\/avatar\/0049b1bdf1bd548385c9ea6b9356431717930913089febd2ba904f0187d7d074?s=96&d=mm&r=g","url":"https:\/\/secure.gravatar.com\/avatar\/0049b1bdf1bd548385c9ea6b9356431717930913089febd2ba904f0187d7d074?s=96&d=mm&r=g","contentUrl":"https:\/\/secure.gravatar.com\/avatar\/0049b1bdf1bd548385c9ea6b9356431717930913089febd2ba904f0187d7d074?s=96&d=mm&r=g","caption":"Redactor Uno"},"url":"https:\/\/www.eldiariodetucuman.com\/web\/author\/mramasco\/"}]}},"_links":{"self":[{"href":"https:\/\/www.eldiariodetucuman.com\/web\/wp-json\/wp\/v2\/posts\/25447","targetHints":{"allow":["GET"]}}],"collection":[{"href":"https:\/\/www.eldiariodetucuman.com\/web\/wp-json\/wp\/v2\/posts"}],"about":[{"href":"https:\/\/www.eldiariodetucuman.com\/web\/wp-json\/wp\/v2\/types\/post"}],"author":[{"embeddable":true,"href":"https:\/\/www.eldiariodetucuman.com\/web\/wp-json\/wp\/v2\/users\/5"}],"replies":[{"embeddable":true,"href":"https:\/\/www.eldiariodetucuman.com\/web\/wp-json\/wp\/v2\/comments?post=25447"}],"version-history":[{"count":2,"href":"https:\/\/www.eldiariodetucuman.com\/web\/wp-json\/wp\/v2\/posts\/25447\/revisions"}],"predecessor-version":[{"id":25450,"href":"https:\/\/www.eldiariodetucuman.com\/web\/wp-json\/wp\/v2\/posts\/25447\/revisions\/25450"}],"wp:featuredmedia":[{"embeddable":true,"href":"https:\/\/www.eldiariodetucuman.com\/web\/wp-json\/wp\/v2\/media\/25448"}],"wp:attachment":[{"href":"https:\/\/www.eldiariodetucuman.com\/web\/wp-json\/wp\/v2\/media?parent=25447"}],"wp:term":[{"taxonomy":"category","embeddable":true,"href":"https:\/\/www.eldiariodetucuman.com\/web\/wp-json\/wp\/v2\/categories?post=25447"},{"taxonomy":"post_tag","embeddable":true,"href":"https:\/\/www.eldiariodetucuman.com\/web\/wp-json\/wp\/v2\/tags?post=25447"}],"curies":[{"name":"wp","href":"https:\/\/api.w.org\/{rel}","templated":true}]}}