{"id":25444,"date":"2019-10-29T08:56:17","date_gmt":"2019-10-29T11:56:17","guid":{"rendered":"http:\/\/www.eldiariodetucuman.com\/web\/?p=25444"},"modified":"2019-10-29T08:56:17","modified_gmt":"2019-10-29T11:56:17","slug":"operadores-turisticos-de-peru-quedaron-sorprendidos-con-tucuman","status":"publish","type":"post","link":"https:\/\/www.eldiariodetucuman.com\/web\/operadores-turisticos-de-peru-quedaron-sorprendidos-con-tucuman\/","title":{"rendered":"Operadores tur\u00edsticos de Per\u00fa quedaron sorprendidos con Tucum\u00e1n"},"content":{"rendered":"<p class=\"post-tile entry-title\"><span style=\"font-size: 16px;\">Sorpresa\u201d, \u201cnaturaleza\u201d y \u201cexperiencia inolvidable\u201d fueron algunas de las definiciones m\u00e1s repetidas por cinco profesionales del turismo emisivo de Per\u00fa que estuvieron entre el 26 y el 28 de este mes en Tucum\u00e1n, en el marco de un recorrido por algunos puntos de inter\u00e9s que incluy\u00f3 Valles Calchaqu\u00edes y la Ciudad Hist\u00f3rica en modalidad tour de familiarizaci\u00f3n o fam tour.<\/span><\/p>\n<p><!--more--><\/p>\n<div class=\"entry-content\">\n<p class=\"selectionShareable\">La visita, coordinada por el Ente Tucum\u00e1n Turismo y junto con el Ministerio de Cultura y Turismo de Salta y LATAM Airlines, cont\u00f3 con algunos de los principales ejecutivos de los operadores mayoristas m\u00e1s relevantes de ese pa\u00eds y forma parte de la agenda estrat\u00e9gica que la cartera de Turismo tucumana lleva adelante desde que se implement\u00f3 la conexi\u00f3n a\u00e9rea directa entre Lima y Tucum\u00e1n, gestionada por el Gobierno de Tucum\u00e1n.<\/p>\n<p class=\"selectionShareable\">El presidente del Ente,\u00a0<strong>Sebastian Giobellina<\/strong>, celebr\u00f3 la concreci\u00f3n de esta iniciativa, que defini\u00f3 como consecuencia directa de las presentaciones y misiones comerciales que vino efectuando el organismo y encabezaron en algunas oportunidades junto al propio gobernador de Tucum\u00e1n,<strong>\u00a0Juan Manzur<\/strong>. \u201cCada acci\u00f3n que realizamos tiene una l\u00f3gica y obedeci\u00f3 desde un principio a fortalecer esta conexi\u00f3n a\u00e9rea para desarrollar todo su potencial\u201d, remarc\u00f3 Giobellina.<\/p>\n<p class=\"selectionShareable\">El funcionario calific\u00f3 la acci\u00f3n como \u201cun excelente comienzo de relaciones comerciales, en las que acercamos conocimiento a operadores a trav\u00e9s de una concreci\u00f3n superadora a todas las presentaciones audiovisuales y degustaciones de nuestros productos t\u00edpicos realizadas hasta ahora en Lima. Pudieron vivenciar en primera persona todo eso en el marco de algunos de nuestros productos tur\u00edsticos\u201d. Por otro lado, Giobellina adelant\u00f3 que durante la pr\u00f3xima visita a la capital peruana el Tucum\u00e1n Bureau firmar\u00e1 un convenio con su par de este pa\u00eds.<\/p>\n<p class=\"selectionShareable\"><strong>Calidez y Calidad<\/strong><\/p>\n<p class=\"selectionShareable\">Los operadores tuvieron un itinerario de actividades y alojamiento que incluy\u00f3 a la bodega Las Arcas de Tolomb\u00f3n; la Ciudad Sagrada de Quilmes y su Centro de Interpretaci\u00f3n; el Complejo (conocido tambi\u00e9n como Museo) de la Pachamama; Estancia Las Carreras; Ruta del Artesano; visita al hotel Waynay Killa; Arismendi Restaurante de Monta\u00f1a; Sol San Javier Spa Eco Resort; Sheraton y Hilton Garden Inn.<\/p>\n<p class=\"selectionShareable\"><strong>Cyndi Rubio J\u00e1uregui,<\/strong>\u00a0de Trujillo \u2013 tercera ciudad en importancia de Per\u00fa-, asistente de ventas de la agencia Costamar Travel, se\u00f1al\u00f3 al t\u00e9rmino del viaje: \u201cMe llevo grandes cosas. Me llevo grandes sentimientos. La gente es muy amable y nos han hecho sentir que ha sido como una semana entera de viaje\u201d. Acerca de las caracter\u00edsticas que pudo destacar, expres\u00f3 que \u201cest\u00e1n para lo que el cliente realmente quiere. Es lo mejor que nosotros nos podemos llevar: ser\u00e1n bien atendidos ac\u00e1\u201d, y defini\u00f3 con \u201cTranquilidad\u201d, \u201cAmor\u201d, \u201cAmigos\u201d y \u201cuna experiencia inolvidable\u201d al efecto que le gener\u00f3 Tucum\u00e1n.<\/p>\n<p class=\"selectionShareable\">Falabella Viajes, una de las empresas m\u00e1s grandes de Per\u00fa con 14 locales y parte del Grupo Despegar, estuvo representada por\u00a0<strong>Jos\u00e9 Carlos G\u00f3mez Ch\u00eda,<\/strong>\u00a0coordinador de capacitaci\u00f3n comercial, quien manifest\u00f3 que \u201cvinimos casi a ciegas al destino. No se conoce mucho en nuestro mercado y nos sorprendi\u00f3 mucho la calidez de la gente, la calidad del servicio hotelero, de la gastronom\u00eda, el contacto con la naturaleza y las actividades que ofrecen que son muy interesantes. Es asombroso y como dice el slogan \u2018Sent\u00ed Tucum\u00e1n\u2019, es realmente un lugar donde puedes sentir esa conexi\u00f3n con la gente y la cultura que se requiere\u201d. El operador postul\u00f3 a su compa\u00f1\u00eda para recibir capacitaci\u00f3n sobre la Cuna de la Independencia de Argentina en la pr\u00f3xima visita que realizar\u00e1 el Ente en Lima.<\/p>\n<p class=\"selectionShareable\">Tambi\u00e9n form\u00f3 parte del grupo<strong>\u00a0Luzmila Toledo Salazar,<\/strong>\u00a0gerente del \u00e1rea emisiva de Contactus Reps, subsidiaria de Turismo y Multiservicios Contactus, compa\u00f1\u00eda con 18 a\u00f1os de trayectoria. Socia fundadora del grupo, la operadora se hizo cargo de Reps para poder impulsar espec\u00edficamente el segmento emisivo. \u201cMe gener\u00f3 muy buenas expectativas para hacer negocios, es un destino completamente novedoso\u201d, precis\u00f3 sobre Tucum\u00e1n.<br \/>\n\u201cDefinitivamente queremos impulsar la Ruta del Vino que (en Argentina) son conocidos por \u00e9l, pero no de esta parte\u201d, apunt\u00f3 la ejecutiva, quien subray\u00f3 su sorpresa sobre la cultura de los Pueblos Originarios presente en los Valles: \u201cLo que no pens\u00e1bamos encontrar aqu\u00ed fue la Ciudad Sagrada de Quilmes, no ten\u00eda conocimiento de ella. Yo soy amante de la cultura ancestral que nos une y no ten\u00eda conocimiento como operadora del desarrollo que tuvieron los Quilmes\u201d, cont\u00f3 y anticip\u00f3: \u201cdaremos a conocer a mis compatriotas que tenemos mucho m\u00e1s que Bariloche, Iguaz\u00fa, Ushuaia por conocer en Argentina y que definitivamente les va a encantar\u201d, cerr\u00f3.<\/p>\n<p class=\"selectionShareable\">El grupo estuvo tambi\u00e9n integrado por<strong>\u00a0Roxana Arrisue\u00f1o, de Latam Travel\u00a0<\/strong>y<strong>\u00a0Fernando M\u00e1rquez,<\/strong>\u00a0de Continental Travel.<\/p>\n<p class=\"selectionShareable\"><strong>Un relato en primera persona<\/strong><\/p>\n<p class=\"selectionShareable\">Con el fin de impulsar el posicionamiento en el mercado emisivo peruano, en los \u00faltimos meses se firmaron diversos convenios tendientes a establecer una alianza estrat\u00e9gica entre ambos destinos, haciendo foco en las acciones promocionales conjuntas. Ejemplo de ello son la rubricada en diciembre de 2018 con la C\u00e1mara Nacional de Turismo de Per\u00fa, y recientemente con la Asociaci\u00f3n Peruana de Agencias de Viajes, en el marco de la Feria Turismo Per\u00fa.<\/p>\n<p class=\"selectionShareable\">Adem\u00e1s, en Tucum\u00e1n el Ente firm\u00f3 un convenio con la Asociaci\u00f3n de Hoteles de Turismo de la Rep\u00fablica Argentina a trav\u00e9s del cual benefician con early check-in a los pasajeros que arriben por v\u00eda a\u00e9rea procedentes de aquel pa\u00eds, al cual se adhirieron hoteles y otros establecimientos hoteleros locales.<\/p>\n<p class=\"selectionShareable\">En el marco de la \u00faltima noche, en una recepci\u00f3n con participaci\u00f3n de referentes locales encabezados por la vicepresidenta de Ente,<strong>\u00a0Elena Colombres Garmendia,<\/strong>\u00a0se fijaron los pr\u00f3ximos pasos. \u201cLa promoci\u00f3n que hacemos es un relato, pero un viaje se vive en primera persona. Hoy hacemos carne la propuesta de Tucum\u00e1n a quienes vinieron a conocer todo lo que tenemos para ofrecer. Est\u00e1n gratamente sorprendidos\u201d, se\u00f1al\u00f3 la funcionaria y agreg\u00f3 que \u201cla devoluci\u00f3n de nuestra propuesta y de su experiencia es magn\u00edfica y la cerramos con este encuentro puntual entre el sector p\u00fablico, el privado y los operadores para acercar las posibilidades de negocios que redundan en un beneficio y oportunidades de trabajo para Tucum\u00e1n como destino\u201d, explic\u00f3.<\/p>\n<p class=\"selectionShareable\">Por otro lado, destac\u00f3 los esfuerzos que se vienen realizando, especialmente desde el sector p\u00fablico, al sostener: \u201cEl presidente del Ente desde hace un tiempo y el propio gobernador encabezaron una visita para captar el inter\u00e9s de ese mercado, y eso se logra sosteniendo el esfuerzo\u201d. Con un acumulado de seis incursiones en total hasta hoy, Tucum\u00e1n prepara su pr\u00f3ximo viaje a Lima para fines de noviembre de este a\u00f1o.<\/p>\n<p><strong>Fuente:<\/strong> <a href=\"http:\/\/comunicaciontucuman.gob.ar\/2019\/10\/tucuman-sorprendio-a-operadores-turisticos-de-peru\/\">http:\/\/comunicaciontucuman.gob.ar\/2019\/10\/tucuman-sorprendio-a-operadores-turisticos-de-peru\/<\/a><\/p>\n<\/div>\n","protected":false},"excerpt":{"rendered":"<p>Sorpresa\u201d, \u201cnaturaleza\u201d y \u201cexperiencia inolvidable\u201d fueron algunas de las definiciones m\u00e1s repetidas por cinco profesionales del turismo emisivo de Per\u00fa que estuvieron entre el 26 y el 28 de este mes en Tucum\u00e1n, en el marco de un recorrido por algunos puntos de inter\u00e9s que incluy\u00f3 Valles Calchaqu\u00edes y la Ciudad Hist\u00f3rica en modalidad tour [&hellip;]<\/p>\n","protected":false},"author":5,"featured_media":25445,"comment_status":"closed","ping_status":"open","sticky":false,"template":"","format":"standard","meta":{"footnotes":""},"categories":[2],"tags":[2876,61,117],"class_list":{"0":"post-25444","1":"post","2":"type-post","3":"status-publish","4":"format-standard","5":"has-post-thumbnail","7":"category-actualidad","8":"tag-peru","9":"tag-tucuman","10":"tag-turismo"},"yoast_head":"<!-- This site is optimized with the Yoast SEO plugin v27.4 - https:\/\/yoast.com\/product\/yoast-seo-wordpress\/ -->\n<title>Operadores tur\u00edsticos de Per\u00fa quedaron sorprendidos con Tucum\u00e1n - El Diario de Tucuman<\/title>\n<meta name=\"robots\" content=\"index, follow, max-snippet:-1, max-image-preview:large, max-video-preview:-1\" \/>\n<link rel=\"canonical\" href=\"https:\/\/www.eldiariodetucuman.com\/web\/operadores-turisticos-de-peru-quedaron-sorprendidos-con-tucuman\/\" \/>\n<meta property=\"og:locale\" content=\"es_ES\" \/>\n<meta property=\"og:type\" content=\"article\" \/>\n<meta property=\"og:title\" content=\"Operadores tur\u00edsticos de Per\u00fa quedaron sorprendidos con Tucum\u00e1n - El Diario de Tucuman\" \/>\n<meta property=\"og:description\" content=\"Sorpresa\u201d, \u201cnaturaleza\u201d y \u201cexperiencia inolvidable\u201d fueron algunas de las definiciones m\u00e1s repetidas por cinco profesionales del turismo emisivo de Per\u00fa que estuvieron entre el 26 y el 28 de este mes en Tucum\u00e1n, en el marco de un recorrido por algunos puntos de inter\u00e9s que incluy\u00f3 Valles Calchaqu\u00edes y la Ciudad Hist\u00f3rica en modalidad tour [&hellip;]\" \/>\n<meta property=\"og:url\" content=\"https:\/\/www.eldiariodetucuman.com\/web\/operadores-turisticos-de-peru-quedaron-sorprendidos-con-tucuman\/\" \/>\n<meta property=\"og:site_name\" content=\"El Diario de Tucuman\" \/>\n<meta property=\"article:published_time\" content=\"2019-10-29T11:56:17+00:00\" \/>\n<meta property=\"og:image\" content=\"https:\/\/www.eldiariodetucuman.com\/web\/wp-content\/uploads\/2019\/10\/tucuman.jpg\" \/>\n\t<meta property=\"og:image:width\" content=\"818\" \/>\n\t<meta property=\"og:image:height\" content=\"460\" \/>\n\t<meta property=\"og:image:type\" content=\"image\/jpeg\" \/>\n<meta name=\"author\" content=\"Redactor Uno\" \/>\n<meta name=\"twitter:card\" content=\"summary_large_image\" \/>\n<meta name=\"twitter:label1\" content=\"Escrito por\" \/>\n\t<meta name=\"twitter:data1\" content=\"Redactor Uno\" \/>\n\t<meta name=\"twitter:label2\" content=\"Tiempo de lectura\" \/>\n\t<meta name=\"twitter:data2\" content=\"6 minutos\" \/>\n<script type=\"application\/ld+json\" class=\"yoast-schema-graph\">{\"@context\":\"https:\\\/\\\/schema.org\",\"@graph\":[{\"@type\":\"Article\",\"@id\":\"https:\\\/\\\/www.eldiariodetucuman.com\\\/web\\\/operadores-turisticos-de-peru-quedaron-sorprendidos-con-tucuman\\\/#article\",\"isPartOf\":{\"@id\":\"https:\\\/\\\/www.eldiariodetucuman.com\\\/web\\\/operadores-turisticos-de-peru-quedaron-sorprendidos-con-tucuman\\\/\"},\"author\":{\"name\":\"Redactor Uno\",\"@id\":\"https:\\\/\\\/www.eldiariodetucuman.com\\\/web\\\/#\\\/schema\\\/person\\\/7e6644a46e60888f6b868594407e08dd\"},\"headline\":\"Operadores tur\u00edsticos de Per\u00fa quedaron sorprendidos con Tucum\u00e1n\",\"datePublished\":\"2019-10-29T11:56:17+00:00\",\"mainEntityOfPage\":{\"@id\":\"https:\\\/\\\/www.eldiariodetucuman.com\\\/web\\\/operadores-turisticos-de-peru-quedaron-sorprendidos-con-tucuman\\\/\"},\"wordCount\":1168,\"publisher\":{\"@id\":\"https:\\\/\\\/www.eldiariodetucuman.com\\\/web\\\/#organization\"},\"image\":{\"@id\":\"https:\\\/\\\/www.eldiariodetucuman.com\\\/web\\\/operadores-turisticos-de-peru-quedaron-sorprendidos-con-tucuman\\\/#primaryimage\"},\"thumbnailUrl\":\"https:\\\/\\\/www.eldiariodetucuman.com\\\/web\\\/wp-content\\\/uploads\\\/2019\\\/10\\\/tucuman.jpg\",\"keywords\":[\"Per\u00fa\",\"Tucuman\",\"Turismo\"],\"articleSection\":[\"Actualidad\"],\"inLanguage\":\"es\"},{\"@type\":\"WebPage\",\"@id\":\"https:\\\/\\\/www.eldiariodetucuman.com\\\/web\\\/operadores-turisticos-de-peru-quedaron-sorprendidos-con-tucuman\\\/\",\"url\":\"https:\\\/\\\/www.eldiariodetucuman.com\\\/web\\\/operadores-turisticos-de-peru-quedaron-sorprendidos-con-tucuman\\\/\",\"name\":\"Operadores tur\u00edsticos de Per\u00fa quedaron sorprendidos con Tucum\u00e1n - El Diario de Tucuman\",\"isPartOf\":{\"@id\":\"https:\\\/\\\/www.eldiariodetucuman.com\\\/web\\\/#website\"},\"primaryImageOfPage\":{\"@id\":\"https:\\\/\\\/www.eldiariodetucuman.com\\\/web\\\/operadores-turisticos-de-peru-quedaron-sorprendidos-con-tucuman\\\/#primaryimage\"},\"image\":{\"@id\":\"https:\\\/\\\/www.eldiariodetucuman.com\\\/web\\\/operadores-turisticos-de-peru-quedaron-sorprendidos-con-tucuman\\\/#primaryimage\"},\"thumbnailUrl\":\"https:\\\/\\\/www.eldiariodetucuman.com\\\/web\\\/wp-content\\\/uploads\\\/2019\\\/10\\\/tucuman.jpg\",\"datePublished\":\"2019-10-29T11:56:17+00:00\",\"breadcrumb\":{\"@id\":\"https:\\\/\\\/www.eldiariodetucuman.com\\\/web\\\/operadores-turisticos-de-peru-quedaron-sorprendidos-con-tucuman\\\/#breadcrumb\"},\"inLanguage\":\"es\",\"potentialAction\":[{\"@type\":\"ReadAction\",\"target\":[\"https:\\\/\\\/www.eldiariodetucuman.com\\\/web\\\/operadores-turisticos-de-peru-quedaron-sorprendidos-con-tucuman\\\/\"]}]},{\"@type\":\"ImageObject\",\"inLanguage\":\"es\",\"@id\":\"https:\\\/\\\/www.eldiariodetucuman.com\\\/web\\\/operadores-turisticos-de-peru-quedaron-sorprendidos-con-tucuman\\\/#primaryimage\",\"url\":\"https:\\\/\\\/www.eldiariodetucuman.com\\\/web\\\/wp-content\\\/uploads\\\/2019\\\/10\\\/tucuman.jpg\",\"contentUrl\":\"https:\\\/\\\/www.eldiariodetucuman.com\\\/web\\\/wp-content\\\/uploads\\\/2019\\\/10\\\/tucuman.jpg\",\"width\":818,\"height\":460},{\"@type\":\"BreadcrumbList\",\"@id\":\"https:\\\/\\\/www.eldiariodetucuman.com\\\/web\\\/operadores-turisticos-de-peru-quedaron-sorprendidos-con-tucuman\\\/#breadcrumb\",\"itemListElement\":[{\"@type\":\"ListItem\",\"position\":1,\"name\":\"Portada\",\"item\":\"https:\\\/\\\/www.eldiariodetucuman.com\\\/web\\\/\"},{\"@type\":\"ListItem\",\"position\":2,\"name\":\"Operadores tur\u00edsticos de Per\u00fa quedaron sorprendidos con Tucum\u00e1n\"}]},{\"@type\":\"WebSite\",\"@id\":\"https:\\\/\\\/www.eldiariodetucuman.com\\\/web\\\/#website\",\"url\":\"https:\\\/\\\/www.eldiariodetucuman.com\\\/web\\\/\",\"name\":\"El Diario de Tucuman\",\"description\":\"Diario Tucuman - Informaci\u00f3n y noticias\",\"publisher\":{\"@id\":\"https:\\\/\\\/www.eldiariodetucuman.com\\\/web\\\/#organization\"},\"potentialAction\":[{\"@type\":\"SearchAction\",\"target\":{\"@type\":\"EntryPoint\",\"urlTemplate\":\"https:\\\/\\\/www.eldiariodetucuman.com\\\/web\\\/?s={search_term_string}\"},\"query-input\":{\"@type\":\"PropertyValueSpecification\",\"valueRequired\":true,\"valueName\":\"search_term_string\"}}],\"inLanguage\":\"es\"},{\"@type\":\"Organization\",\"@id\":\"https:\\\/\\\/www.eldiariodetucuman.com\\\/web\\\/#organization\",\"name\":\"El Diario de Tucuman\",\"url\":\"https:\\\/\\\/www.eldiariodetucuman.com\\\/web\\\/\",\"logo\":{\"@type\":\"ImageObject\",\"inLanguage\":\"es\",\"@id\":\"https:\\\/\\\/www.eldiariodetucuman.com\\\/web\\\/#\\\/schema\\\/logo\\\/image\\\/\",\"url\":\"http:\\\/\\\/www.eldiariodetucuman.com\\\/web\\\/wp-content\\\/uploads\\\/2017\\\/12\\\/el-diario-de-tucuman.jpg\",\"contentUrl\":\"http:\\\/\\\/www.eldiariodetucuman.com\\\/web\\\/wp-content\\\/uploads\\\/2017\\\/12\\\/el-diario-de-tucuman.jpg\",\"width\":272,\"height\":92,\"caption\":\"El Diario de Tucuman\"},\"image\":{\"@id\":\"https:\\\/\\\/www.eldiariodetucuman.com\\\/web\\\/#\\\/schema\\\/logo\\\/image\\\/\"}},{\"@type\":\"Person\",\"@id\":\"https:\\\/\\\/www.eldiariodetucuman.com\\\/web\\\/#\\\/schema\\\/person\\\/7e6644a46e60888f6b868594407e08dd\",\"name\":\"Redactor Uno\",\"image\":{\"@type\":\"ImageObject\",\"inLanguage\":\"es\",\"@id\":\"https:\\\/\\\/secure.gravatar.com\\\/avatar\\\/0049b1bdf1bd548385c9ea6b9356431717930913089febd2ba904f0187d7d074?s=96&d=mm&r=g\",\"url\":\"https:\\\/\\\/secure.gravatar.com\\\/avatar\\\/0049b1bdf1bd548385c9ea6b9356431717930913089febd2ba904f0187d7d074?s=96&d=mm&r=g\",\"contentUrl\":\"https:\\\/\\\/secure.gravatar.com\\\/avatar\\\/0049b1bdf1bd548385c9ea6b9356431717930913089febd2ba904f0187d7d074?s=96&d=mm&r=g\",\"caption\":\"Redactor Uno\"},\"url\":\"https:\\\/\\\/www.eldiariodetucuman.com\\\/web\\\/author\\\/mramasco\\\/\"}]}<\/script>\n<!-- \/ Yoast SEO plugin. -->","yoast_head_json":{"title":"Operadores tur\u00edsticos de Per\u00fa quedaron sorprendidos con Tucum\u00e1n - El Diario de Tucuman","robots":{"index":"index","follow":"follow","max-snippet":"max-snippet:-1","max-image-preview":"max-image-preview:large","max-video-preview":"max-video-preview:-1"},"canonical":"https:\/\/www.eldiariodetucuman.com\/web\/operadores-turisticos-de-peru-quedaron-sorprendidos-con-tucuman\/","og_locale":"es_ES","og_type":"article","og_title":"Operadores tur\u00edsticos de Per\u00fa quedaron sorprendidos con Tucum\u00e1n - El Diario de Tucuman","og_description":"Sorpresa\u201d, \u201cnaturaleza\u201d y \u201cexperiencia inolvidable\u201d fueron algunas de las definiciones m\u00e1s repetidas por cinco profesionales del turismo emisivo de Per\u00fa que estuvieron entre el 26 y el 28 de este mes en Tucum\u00e1n, en el marco de un recorrido por algunos puntos de inter\u00e9s que incluy\u00f3 Valles Calchaqu\u00edes y la Ciudad Hist\u00f3rica en modalidad tour [&hellip;]","og_url":"https:\/\/www.eldiariodetucuman.com\/web\/operadores-turisticos-de-peru-quedaron-sorprendidos-con-tucuman\/","og_site_name":"El Diario de Tucuman","article_published_time":"2019-10-29T11:56:17+00:00","og_image":[{"width":818,"height":460,"url":"https:\/\/www.eldiariodetucuman.com\/web\/wp-content\/uploads\/2019\/10\/tucuman.jpg","type":"image\/jpeg"}],"author":"Redactor Uno","twitter_card":"summary_large_image","twitter_misc":{"Escrito por":"Redactor Uno","Tiempo de lectura":"6 minutos"},"schema":{"@context":"https:\/\/schema.org","@graph":[{"@type":"Article","@id":"https:\/\/www.eldiariodetucuman.com\/web\/operadores-turisticos-de-peru-quedaron-sorprendidos-con-tucuman\/#article","isPartOf":{"@id":"https:\/\/www.eldiariodetucuman.com\/web\/operadores-turisticos-de-peru-quedaron-sorprendidos-con-tucuman\/"},"author":{"name":"Redactor Uno","@id":"https:\/\/www.eldiariodetucuman.com\/web\/#\/schema\/person\/7e6644a46e60888f6b868594407e08dd"},"headline":"Operadores tur\u00edsticos de Per\u00fa quedaron sorprendidos con Tucum\u00e1n","datePublished":"2019-10-29T11:56:17+00:00","mainEntityOfPage":{"@id":"https:\/\/www.eldiariodetucuman.com\/web\/operadores-turisticos-de-peru-quedaron-sorprendidos-con-tucuman\/"},"wordCount":1168,"publisher":{"@id":"https:\/\/www.eldiariodetucuman.com\/web\/#organization"},"image":{"@id":"https:\/\/www.eldiariodetucuman.com\/web\/operadores-turisticos-de-peru-quedaron-sorprendidos-con-tucuman\/#primaryimage"},"thumbnailUrl":"https:\/\/www.eldiariodetucuman.com\/web\/wp-content\/uploads\/2019\/10\/tucuman.jpg","keywords":["Per\u00fa","Tucuman","Turismo"],"articleSection":["Actualidad"],"inLanguage":"es"},{"@type":"WebPage","@id":"https:\/\/www.eldiariodetucuman.com\/web\/operadores-turisticos-de-peru-quedaron-sorprendidos-con-tucuman\/","url":"https:\/\/www.eldiariodetucuman.com\/web\/operadores-turisticos-de-peru-quedaron-sorprendidos-con-tucuman\/","name":"Operadores tur\u00edsticos de Per\u00fa quedaron sorprendidos con Tucum\u00e1n - El Diario de Tucuman","isPartOf":{"@id":"https:\/\/www.eldiariodetucuman.com\/web\/#website"},"primaryImageOfPage":{"@id":"https:\/\/www.eldiariodetucuman.com\/web\/operadores-turisticos-de-peru-quedaron-sorprendidos-con-tucuman\/#primaryimage"},"image":{"@id":"https:\/\/www.eldiariodetucuman.com\/web\/operadores-turisticos-de-peru-quedaron-sorprendidos-con-tucuman\/#primaryimage"},"thumbnailUrl":"https:\/\/www.eldiariodetucuman.com\/web\/wp-content\/uploads\/2019\/10\/tucuman.jpg","datePublished":"2019-10-29T11:56:17+00:00","breadcrumb":{"@id":"https:\/\/www.eldiariodetucuman.com\/web\/operadores-turisticos-de-peru-quedaron-sorprendidos-con-tucuman\/#breadcrumb"},"inLanguage":"es","potentialAction":[{"@type":"ReadAction","target":["https:\/\/www.eldiariodetucuman.com\/web\/operadores-turisticos-de-peru-quedaron-sorprendidos-con-tucuman\/"]}]},{"@type":"ImageObject","inLanguage":"es","@id":"https:\/\/www.eldiariodetucuman.com\/web\/operadores-turisticos-de-peru-quedaron-sorprendidos-con-tucuman\/#primaryimage","url":"https:\/\/www.eldiariodetucuman.com\/web\/wp-content\/uploads\/2019\/10\/tucuman.jpg","contentUrl":"https:\/\/www.eldiariodetucuman.com\/web\/wp-content\/uploads\/2019\/10\/tucuman.jpg","width":818,"height":460},{"@type":"BreadcrumbList","@id":"https:\/\/www.eldiariodetucuman.com\/web\/operadores-turisticos-de-peru-quedaron-sorprendidos-con-tucuman\/#breadcrumb","itemListElement":[{"@type":"ListItem","position":1,"name":"Portada","item":"https:\/\/www.eldiariodetucuman.com\/web\/"},{"@type":"ListItem","position":2,"name":"Operadores tur\u00edsticos de Per\u00fa quedaron sorprendidos con Tucum\u00e1n"}]},{"@type":"WebSite","@id":"https:\/\/www.eldiariodetucuman.com\/web\/#website","url":"https:\/\/www.eldiariodetucuman.com\/web\/","name":"El Diario de Tucuman","description":"Diario Tucuman - Informaci\u00f3n y noticias","publisher":{"@id":"https:\/\/www.eldiariodetucuman.com\/web\/#organization"},"potentialAction":[{"@type":"SearchAction","target":{"@type":"EntryPoint","urlTemplate":"https:\/\/www.eldiariodetucuman.com\/web\/?s={search_term_string}"},"query-input":{"@type":"PropertyValueSpecification","valueRequired":true,"valueName":"search_term_string"}}],"inLanguage":"es"},{"@type":"Organization","@id":"https:\/\/www.eldiariodetucuman.com\/web\/#organization","name":"El Diario de Tucuman","url":"https:\/\/www.eldiariodetucuman.com\/web\/","logo":{"@type":"ImageObject","inLanguage":"es","@id":"https:\/\/www.eldiariodetucuman.com\/web\/#\/schema\/logo\/image\/","url":"http:\/\/www.eldiariodetucuman.com\/web\/wp-content\/uploads\/2017\/12\/el-diario-de-tucuman.jpg","contentUrl":"http:\/\/www.eldiariodetucuman.com\/web\/wp-content\/uploads\/2017\/12\/el-diario-de-tucuman.jpg","width":272,"height":92,"caption":"El Diario de Tucuman"},"image":{"@id":"https:\/\/www.eldiariodetucuman.com\/web\/#\/schema\/logo\/image\/"}},{"@type":"Person","@id":"https:\/\/www.eldiariodetucuman.com\/web\/#\/schema\/person\/7e6644a46e60888f6b868594407e08dd","name":"Redactor Uno","image":{"@type":"ImageObject","inLanguage":"es","@id":"https:\/\/secure.gravatar.com\/avatar\/0049b1bdf1bd548385c9ea6b9356431717930913089febd2ba904f0187d7d074?s=96&d=mm&r=g","url":"https:\/\/secure.gravatar.com\/avatar\/0049b1bdf1bd548385c9ea6b9356431717930913089febd2ba904f0187d7d074?s=96&d=mm&r=g","contentUrl":"https:\/\/secure.gravatar.com\/avatar\/0049b1bdf1bd548385c9ea6b9356431717930913089febd2ba904f0187d7d074?s=96&d=mm&r=g","caption":"Redactor Uno"},"url":"https:\/\/www.eldiariodetucuman.com\/web\/author\/mramasco\/"}]}},"_links":{"self":[{"href":"https:\/\/www.eldiariodetucuman.com\/web\/wp-json\/wp\/v2\/posts\/25444","targetHints":{"allow":["GET"]}}],"collection":[{"href":"https:\/\/www.eldiariodetucuman.com\/web\/wp-json\/wp\/v2\/posts"}],"about":[{"href":"https:\/\/www.eldiariodetucuman.com\/web\/wp-json\/wp\/v2\/types\/post"}],"author":[{"embeddable":true,"href":"https:\/\/www.eldiariodetucuman.com\/web\/wp-json\/wp\/v2\/users\/5"}],"replies":[{"embeddable":true,"href":"https:\/\/www.eldiariodetucuman.com\/web\/wp-json\/wp\/v2\/comments?post=25444"}],"version-history":[{"count":1,"href":"https:\/\/www.eldiariodetucuman.com\/web\/wp-json\/wp\/v2\/posts\/25444\/revisions"}],"predecessor-version":[{"id":25446,"href":"https:\/\/www.eldiariodetucuman.com\/web\/wp-json\/wp\/v2\/posts\/25444\/revisions\/25446"}],"wp:featuredmedia":[{"embeddable":true,"href":"https:\/\/www.eldiariodetucuman.com\/web\/wp-json\/wp\/v2\/media\/25445"}],"wp:attachment":[{"href":"https:\/\/www.eldiariodetucuman.com\/web\/wp-json\/wp\/v2\/media?parent=25444"}],"wp:term":[{"taxonomy":"category","embeddable":true,"href":"https:\/\/www.eldiariodetucuman.com\/web\/wp-json\/wp\/v2\/categories?post=25444"},{"taxonomy":"post_tag","embeddable":true,"href":"https:\/\/www.eldiariodetucuman.com\/web\/wp-json\/wp\/v2\/tags?post=25444"}],"curies":[{"name":"wp","href":"https:\/\/api.w.org\/{rel}","templated":true}]}}