{"id":24959,"date":"2019-09-25T12:03:31","date_gmt":"2019-09-25T15:03:31","guid":{"rendered":"http:\/\/www.eldiariodetucuman.com\/web\/?p=24959"},"modified":"2019-09-25T12:11:58","modified_gmt":"2019-09-25T15:11:58","slug":"la-unt-estrecha-el-vinculo-con-el-city-college-de-nueva-york","status":"publish","type":"post","link":"https:\/\/www.eldiariodetucuman.com\/web\/la-unt-estrecha-el-vinculo-con-el-city-college-de-nueva-york\/","title":{"rendered":"La UNT estrecha el v\u00ednculo con el City College de Nueva York"},"content":{"rendered":"<div class=\"td-post-header\">En el marco de la gira de la comitiva tucumana en EEUU, autoridades encabezadas por el gobernador <strong>Juan Manzur<\/strong>, visitaron el\u00a0<strong>City College de Nueva York.<\/strong><\/div>\n<p><!--more--><\/p>\n<div class=\"td-post-content\">\n<p>El Rector de la Universidad Nacional de Tucum\u00e1n, Ing. Agr.\u00a0<strong>Jos\u00e9 Garc\u00eda<\/strong> y el Decano de la Facultad de Ciencias Econ\u00f3micas, Mg. <strong>Jos\u00e9 Luis Jim\u00e9nez<\/strong>, participaron de la visita y asistieron a la conferencia que dio el Gobernador, sobre la <strong>Situaci\u00f3n Pol\u00edtica y Econ\u00f3mica de Argentina<\/strong>.<\/p>\n<p>Posteriormente se llev\u00f3 a cabo una reuni\u00f3n con las autoridades del City College para avanzar en la firma de convenios, en las distintas \u00e1reas de conocimiento de la Universidad.<\/p>\n<p>Las autoridades de la UNT lograron tambi\u00e9n, el compromiso de tener la\u00a0<strong>visita de Docentes del City College, en nuestra Casa de Estudios.<\/strong><\/p>\n<p>De esta manera la Universidad Nacional de Tucum\u00e1n estuvo mostrando su potencial en EEUU y recibiendo elogios por la formaci\u00f3n de sus profesionales.<\/p>\n<p>\u201cEs un orgullo representar a nuestra Universidad. Quiero agradecer la invitaci\u00f3n de nuestro Gobernador, que nos permite hacer conocer todo lo que nuestra Universidad tiene y hace\u201d, expres\u00f3 el Mg. Jim\u00e9nez, Decano de la Facultad.<\/p>\n<div id='gallery-1' class='gallery galleryid-24959 gallery-columns-3 gallery-size-thumbnail'><figure class='gallery-item'>\n\t\t\t<div class='gallery-icon landscape'>\n\t\t\t\t<a href='https:\/\/www.eldiariodetucuman.com\/web\/la-unt-estrecha-el-vinculo-con-el-city-college-de-nueva-york\/1-2\/'><img loading=\"lazy\" decoding=\"async\" width=\"150\" height=\"150\" src=\"https:\/\/www.eldiariodetucuman.com\/web\/wp-content\/uploads\/2019\/09\/1-150x150.jpeg\" class=\"attachment-thumbnail size-thumbnail\" alt=\"\" \/><\/a>\n\t\t\t<\/div><\/figure><figure class='gallery-item'>\n\t\t\t<div class='gallery-icon landscape'>\n\t\t\t\t<a href='https:\/\/www.eldiariodetucuman.com\/web\/la-unt-estrecha-el-vinculo-con-el-city-college-de-nueva-york\/2-2\/'><img loading=\"lazy\" decoding=\"async\" width=\"150\" height=\"150\" src=\"https:\/\/www.eldiariodetucuman.com\/web\/wp-content\/uploads\/2019\/09\/2-150x150.jpeg\" class=\"attachment-thumbnail size-thumbnail\" alt=\"\" \/><\/a>\n\t\t\t<\/div><\/figure><figure class='gallery-item'>\n\t\t\t<div class='gallery-icon landscape'>\n\t\t\t\t<a href='https:\/\/www.eldiariodetucuman.com\/web\/la-unt-estrecha-el-vinculo-con-el-city-college-de-nueva-york\/attachment\/3\/'><img loading=\"lazy\" decoding=\"async\" width=\"150\" height=\"150\" src=\"https:\/\/www.eldiariodetucuman.com\/web\/wp-content\/uploads\/2019\/09\/3-150x150.jpeg\" class=\"attachment-thumbnail size-thumbnail\" alt=\"\" \/><\/a>\n\t\t\t<\/div><\/figure>\n\t\t<\/div>\n\n<p>&nbsp;<\/p>\n<\/div>\n<p>&nbsp;<\/p>\n<p><strong>Fuente:<\/strong> <a href=\"https:\/\/face.unt.edu.ar\/web\/blog\/se-afianza-el-vinculo-entre-nuestra-universidad-y-el-city-college\/\">https:\/\/face.unt.edu.ar\/web\/blog\/se-afianza-el-vinculo-entre-nuestra-universidad-y-el-city-college\/<\/a><\/p>\n","protected":false},"excerpt":{"rendered":"<p>En el marco de la gira de la comitiva tucumana en EEUU, autoridades encabezadas por el gobernador Juan Manzur, visitaron el\u00a0City College de Nueva York.<\/p>\n","protected":false},"author":5,"featured_media":24961,"comment_status":"closed","ping_status":"open","sticky":false,"template":"","format":"standard","meta":{"footnotes":""},"categories":[2],"tags":[2869,216,61,267],"class_list":{"0":"post-24959","1":"post","2":"type-post","3":"status-publish","4":"format-standard","5":"has-post-thumbnail","7":"category-actualidad","8":"tag-city-collage","9":"tag-juan-manzur","10":"tag-tucuman","11":"tag-unt"},"yoast_head":"<!-- This site is optimized with the Yoast SEO plugin v27.4 - https:\/\/yoast.com\/product\/yoast-seo-wordpress\/ -->\n<title>La UNT estrecha el v\u00ednculo con el City College de Nueva York - El Diario de Tucuman<\/title>\n<meta name=\"robots\" content=\"index, follow, max-snippet:-1, max-image-preview:large, max-video-preview:-1\" \/>\n<link rel=\"canonical\" href=\"https:\/\/www.eldiariodetucuman.com\/web\/la-unt-estrecha-el-vinculo-con-el-city-college-de-nueva-york\/\" \/>\n<meta property=\"og:locale\" content=\"es_ES\" \/>\n<meta property=\"og:type\" content=\"article\" \/>\n<meta property=\"og:title\" content=\"La UNT estrecha el v\u00ednculo con el City College de Nueva York - El Diario de Tucuman\" \/>\n<meta property=\"og:description\" content=\"En el marco de la gira de la comitiva tucumana en EEUU, autoridades encabezadas por el gobernador Juan Manzur, visitaron el\u00a0City College de Nueva York.\" \/>\n<meta property=\"og:url\" content=\"https:\/\/www.eldiariodetucuman.com\/web\/la-unt-estrecha-el-vinculo-con-el-city-college-de-nueva-york\/\" \/>\n<meta property=\"og:site_name\" content=\"El Diario de Tucuman\" \/>\n<meta property=\"article:published_time\" content=\"2019-09-25T15:03:31+00:00\" \/>\n<meta property=\"article:modified_time\" content=\"2019-09-25T15:11:58+00:00\" \/>\n<meta property=\"og:image\" content=\"https:\/\/www.eldiariodetucuman.com\/web\/wp-content\/uploads\/2019\/09\/city.jpg\" \/>\n\t<meta property=\"og:image:width\" content=\"640\" \/>\n\t<meta property=\"og:image:height\" content=\"425\" \/>\n\t<meta property=\"og:image:type\" content=\"image\/jpeg\" \/>\n<meta name=\"author\" content=\"Redactor Uno\" \/>\n<meta name=\"twitter:card\" content=\"summary_large_image\" \/>\n<meta name=\"twitter:label1\" content=\"Escrito por\" \/>\n\t<meta name=\"twitter:data1\" content=\"Redactor Uno\" \/>\n\t<meta name=\"twitter:label2\" content=\"Tiempo de lectura\" \/>\n\t<meta name=\"twitter:data2\" content=\"1 minuto\" \/>\n<script type=\"application\/ld+json\" class=\"yoast-schema-graph\">{\"@context\":\"https:\\\/\\\/schema.org\",\"@graph\":[{\"@type\":\"Article\",\"@id\":\"https:\\\/\\\/www.eldiariodetucuman.com\\\/web\\\/la-unt-estrecha-el-vinculo-con-el-city-college-de-nueva-york\\\/#article\",\"isPartOf\":{\"@id\":\"https:\\\/\\\/www.eldiariodetucuman.com\\\/web\\\/la-unt-estrecha-el-vinculo-con-el-city-college-de-nueva-york\\\/\"},\"author\":{\"name\":\"Redactor Uno\",\"@id\":\"https:\\\/\\\/www.eldiariodetucuman.com\\\/web\\\/#\\\/schema\\\/person\\\/7e6644a46e60888f6b868594407e08dd\"},\"headline\":\"La UNT estrecha el v\u00ednculo con el City College de Nueva York\",\"datePublished\":\"2019-09-25T15:03:31+00:00\",\"dateModified\":\"2019-09-25T15:11:58+00:00\",\"mainEntityOfPage\":{\"@id\":\"https:\\\/\\\/www.eldiariodetucuman.com\\\/web\\\/la-unt-estrecha-el-vinculo-con-el-city-college-de-nueva-york\\\/\"},\"wordCount\":221,\"publisher\":{\"@id\":\"https:\\\/\\\/www.eldiariodetucuman.com\\\/web\\\/#organization\"},\"image\":{\"@id\":\"https:\\\/\\\/www.eldiariodetucuman.com\\\/web\\\/la-unt-estrecha-el-vinculo-con-el-city-college-de-nueva-york\\\/#primaryimage\"},\"thumbnailUrl\":\"https:\\\/\\\/www.eldiariodetucuman.com\\\/web\\\/wp-content\\\/uploads\\\/2019\\\/09\\\/city.jpg\",\"keywords\":[\"City Collage\",\"juan manzur\",\"Tucuman\",\"UNT\"],\"articleSection\":[\"Actualidad\"],\"inLanguage\":\"es\"},{\"@type\":\"WebPage\",\"@id\":\"https:\\\/\\\/www.eldiariodetucuman.com\\\/web\\\/la-unt-estrecha-el-vinculo-con-el-city-college-de-nueva-york\\\/\",\"url\":\"https:\\\/\\\/www.eldiariodetucuman.com\\\/web\\\/la-unt-estrecha-el-vinculo-con-el-city-college-de-nueva-york\\\/\",\"name\":\"La UNT estrecha el v\u00ednculo con el City College de Nueva York - El Diario de Tucuman\",\"isPartOf\":{\"@id\":\"https:\\\/\\\/www.eldiariodetucuman.com\\\/web\\\/#website\"},\"primaryImageOfPage\":{\"@id\":\"https:\\\/\\\/www.eldiariodetucuman.com\\\/web\\\/la-unt-estrecha-el-vinculo-con-el-city-college-de-nueva-york\\\/#primaryimage\"},\"image\":{\"@id\":\"https:\\\/\\\/www.eldiariodetucuman.com\\\/web\\\/la-unt-estrecha-el-vinculo-con-el-city-college-de-nueva-york\\\/#primaryimage\"},\"thumbnailUrl\":\"https:\\\/\\\/www.eldiariodetucuman.com\\\/web\\\/wp-content\\\/uploads\\\/2019\\\/09\\\/city.jpg\",\"datePublished\":\"2019-09-25T15:03:31+00:00\",\"dateModified\":\"2019-09-25T15:11:58+00:00\",\"breadcrumb\":{\"@id\":\"https:\\\/\\\/www.eldiariodetucuman.com\\\/web\\\/la-unt-estrecha-el-vinculo-con-el-city-college-de-nueva-york\\\/#breadcrumb\"},\"inLanguage\":\"es\",\"potentialAction\":[{\"@type\":\"ReadAction\",\"target\":[\"https:\\\/\\\/www.eldiariodetucuman.com\\\/web\\\/la-unt-estrecha-el-vinculo-con-el-city-college-de-nueva-york\\\/\"]}]},{\"@type\":\"ImageObject\",\"inLanguage\":\"es\",\"@id\":\"https:\\\/\\\/www.eldiariodetucuman.com\\\/web\\\/la-unt-estrecha-el-vinculo-con-el-city-college-de-nueva-york\\\/#primaryimage\",\"url\":\"https:\\\/\\\/www.eldiariodetucuman.com\\\/web\\\/wp-content\\\/uploads\\\/2019\\\/09\\\/city.jpg\",\"contentUrl\":\"https:\\\/\\\/www.eldiariodetucuman.com\\\/web\\\/wp-content\\\/uploads\\\/2019\\\/09\\\/city.jpg\",\"width\":640,\"height\":425},{\"@type\":\"BreadcrumbList\",\"@id\":\"https:\\\/\\\/www.eldiariodetucuman.com\\\/web\\\/la-unt-estrecha-el-vinculo-con-el-city-college-de-nueva-york\\\/#breadcrumb\",\"itemListElement\":[{\"@type\":\"ListItem\",\"position\":1,\"name\":\"Portada\",\"item\":\"https:\\\/\\\/www.eldiariodetucuman.com\\\/web\\\/\"},{\"@type\":\"ListItem\",\"position\":2,\"name\":\"La UNT estrecha el v\u00ednculo con el City College de Nueva York\"}]},{\"@type\":\"WebSite\",\"@id\":\"https:\\\/\\\/www.eldiariodetucuman.com\\\/web\\\/#website\",\"url\":\"https:\\\/\\\/www.eldiariodetucuman.com\\\/web\\\/\",\"name\":\"El Diario de Tucuman\",\"description\":\"Diario Tucuman - Informaci\u00f3n y noticias\",\"publisher\":{\"@id\":\"https:\\\/\\\/www.eldiariodetucuman.com\\\/web\\\/#organization\"},\"potentialAction\":[{\"@type\":\"SearchAction\",\"target\":{\"@type\":\"EntryPoint\",\"urlTemplate\":\"https:\\\/\\\/www.eldiariodetucuman.com\\\/web\\\/?s={search_term_string}\"},\"query-input\":{\"@type\":\"PropertyValueSpecification\",\"valueRequired\":true,\"valueName\":\"search_term_string\"}}],\"inLanguage\":\"es\"},{\"@type\":\"Organization\",\"@id\":\"https:\\\/\\\/www.eldiariodetucuman.com\\\/web\\\/#organization\",\"name\":\"El Diario de Tucuman\",\"url\":\"https:\\\/\\\/www.eldiariodetucuman.com\\\/web\\\/\",\"logo\":{\"@type\":\"ImageObject\",\"inLanguage\":\"es\",\"@id\":\"https:\\\/\\\/www.eldiariodetucuman.com\\\/web\\\/#\\\/schema\\\/logo\\\/image\\\/\",\"url\":\"http:\\\/\\\/www.eldiariodetucuman.com\\\/web\\\/wp-content\\\/uploads\\\/2017\\\/12\\\/el-diario-de-tucuman.jpg\",\"contentUrl\":\"http:\\\/\\\/www.eldiariodetucuman.com\\\/web\\\/wp-content\\\/uploads\\\/2017\\\/12\\\/el-diario-de-tucuman.jpg\",\"width\":272,\"height\":92,\"caption\":\"El Diario de Tucuman\"},\"image\":{\"@id\":\"https:\\\/\\\/www.eldiariodetucuman.com\\\/web\\\/#\\\/schema\\\/logo\\\/image\\\/\"}},{\"@type\":\"Person\",\"@id\":\"https:\\\/\\\/www.eldiariodetucuman.com\\\/web\\\/#\\\/schema\\\/person\\\/7e6644a46e60888f6b868594407e08dd\",\"name\":\"Redactor Uno\",\"image\":{\"@type\":\"ImageObject\",\"inLanguage\":\"es\",\"@id\":\"https:\\\/\\\/secure.gravatar.com\\\/avatar\\\/0049b1bdf1bd548385c9ea6b9356431717930913089febd2ba904f0187d7d074?s=96&d=mm&r=g\",\"url\":\"https:\\\/\\\/secure.gravatar.com\\\/avatar\\\/0049b1bdf1bd548385c9ea6b9356431717930913089febd2ba904f0187d7d074?s=96&d=mm&r=g\",\"contentUrl\":\"https:\\\/\\\/secure.gravatar.com\\\/avatar\\\/0049b1bdf1bd548385c9ea6b9356431717930913089febd2ba904f0187d7d074?s=96&d=mm&r=g\",\"caption\":\"Redactor Uno\"},\"url\":\"https:\\\/\\\/www.eldiariodetucuman.com\\\/web\\\/author\\\/mramasco\\\/\"}]}<\/script>\n<!-- \/ Yoast SEO plugin. -->","yoast_head_json":{"title":"La UNT estrecha el v\u00ednculo con el City College de Nueva York - El Diario de Tucuman","robots":{"index":"index","follow":"follow","max-snippet":"max-snippet:-1","max-image-preview":"max-image-preview:large","max-video-preview":"max-video-preview:-1"},"canonical":"https:\/\/www.eldiariodetucuman.com\/web\/la-unt-estrecha-el-vinculo-con-el-city-college-de-nueva-york\/","og_locale":"es_ES","og_type":"article","og_title":"La UNT estrecha el v\u00ednculo con el City College de Nueva York - El Diario de Tucuman","og_description":"En el marco de la gira de la comitiva tucumana en EEUU, autoridades encabezadas por el gobernador Juan Manzur, visitaron el\u00a0City College de Nueva York.","og_url":"https:\/\/www.eldiariodetucuman.com\/web\/la-unt-estrecha-el-vinculo-con-el-city-college-de-nueva-york\/","og_site_name":"El Diario de Tucuman","article_published_time":"2019-09-25T15:03:31+00:00","article_modified_time":"2019-09-25T15:11:58+00:00","og_image":[{"width":640,"height":425,"url":"https:\/\/www.eldiariodetucuman.com\/web\/wp-content\/uploads\/2019\/09\/city.jpg","type":"image\/jpeg"}],"author":"Redactor Uno","twitter_card":"summary_large_image","twitter_misc":{"Escrito por":"Redactor Uno","Tiempo de lectura":"1 minuto"},"schema":{"@context":"https:\/\/schema.org","@graph":[{"@type":"Article","@id":"https:\/\/www.eldiariodetucuman.com\/web\/la-unt-estrecha-el-vinculo-con-el-city-college-de-nueva-york\/#article","isPartOf":{"@id":"https:\/\/www.eldiariodetucuman.com\/web\/la-unt-estrecha-el-vinculo-con-el-city-college-de-nueva-york\/"},"author":{"name":"Redactor Uno","@id":"https:\/\/www.eldiariodetucuman.com\/web\/#\/schema\/person\/7e6644a46e60888f6b868594407e08dd"},"headline":"La UNT estrecha el v\u00ednculo con el City College de Nueva York","datePublished":"2019-09-25T15:03:31+00:00","dateModified":"2019-09-25T15:11:58+00:00","mainEntityOfPage":{"@id":"https:\/\/www.eldiariodetucuman.com\/web\/la-unt-estrecha-el-vinculo-con-el-city-college-de-nueva-york\/"},"wordCount":221,"publisher":{"@id":"https:\/\/www.eldiariodetucuman.com\/web\/#organization"},"image":{"@id":"https:\/\/www.eldiariodetucuman.com\/web\/la-unt-estrecha-el-vinculo-con-el-city-college-de-nueva-york\/#primaryimage"},"thumbnailUrl":"https:\/\/www.eldiariodetucuman.com\/web\/wp-content\/uploads\/2019\/09\/city.jpg","keywords":["City Collage","juan manzur","Tucuman","UNT"],"articleSection":["Actualidad"],"inLanguage":"es"},{"@type":"WebPage","@id":"https:\/\/www.eldiariodetucuman.com\/web\/la-unt-estrecha-el-vinculo-con-el-city-college-de-nueva-york\/","url":"https:\/\/www.eldiariodetucuman.com\/web\/la-unt-estrecha-el-vinculo-con-el-city-college-de-nueva-york\/","name":"La UNT estrecha el v\u00ednculo con el City College de Nueva York - El Diario de Tucuman","isPartOf":{"@id":"https:\/\/www.eldiariodetucuman.com\/web\/#website"},"primaryImageOfPage":{"@id":"https:\/\/www.eldiariodetucuman.com\/web\/la-unt-estrecha-el-vinculo-con-el-city-college-de-nueva-york\/#primaryimage"},"image":{"@id":"https:\/\/www.eldiariodetucuman.com\/web\/la-unt-estrecha-el-vinculo-con-el-city-college-de-nueva-york\/#primaryimage"},"thumbnailUrl":"https:\/\/www.eldiariodetucuman.com\/web\/wp-content\/uploads\/2019\/09\/city.jpg","datePublished":"2019-09-25T15:03:31+00:00","dateModified":"2019-09-25T15:11:58+00:00","breadcrumb":{"@id":"https:\/\/www.eldiariodetucuman.com\/web\/la-unt-estrecha-el-vinculo-con-el-city-college-de-nueva-york\/#breadcrumb"},"inLanguage":"es","potentialAction":[{"@type":"ReadAction","target":["https:\/\/www.eldiariodetucuman.com\/web\/la-unt-estrecha-el-vinculo-con-el-city-college-de-nueva-york\/"]}]},{"@type":"ImageObject","inLanguage":"es","@id":"https:\/\/www.eldiariodetucuman.com\/web\/la-unt-estrecha-el-vinculo-con-el-city-college-de-nueva-york\/#primaryimage","url":"https:\/\/www.eldiariodetucuman.com\/web\/wp-content\/uploads\/2019\/09\/city.jpg","contentUrl":"https:\/\/www.eldiariodetucuman.com\/web\/wp-content\/uploads\/2019\/09\/city.jpg","width":640,"height":425},{"@type":"BreadcrumbList","@id":"https:\/\/www.eldiariodetucuman.com\/web\/la-unt-estrecha-el-vinculo-con-el-city-college-de-nueva-york\/#breadcrumb","itemListElement":[{"@type":"ListItem","position":1,"name":"Portada","item":"https:\/\/www.eldiariodetucuman.com\/web\/"},{"@type":"ListItem","position":2,"name":"La UNT estrecha el v\u00ednculo con el City College de Nueva York"}]},{"@type":"WebSite","@id":"https:\/\/www.eldiariodetucuman.com\/web\/#website","url":"https:\/\/www.eldiariodetucuman.com\/web\/","name":"El Diario de Tucuman","description":"Diario Tucuman - Informaci\u00f3n y noticias","publisher":{"@id":"https:\/\/www.eldiariodetucuman.com\/web\/#organization"},"potentialAction":[{"@type":"SearchAction","target":{"@type":"EntryPoint","urlTemplate":"https:\/\/www.eldiariodetucuman.com\/web\/?s={search_term_string}"},"query-input":{"@type":"PropertyValueSpecification","valueRequired":true,"valueName":"search_term_string"}}],"inLanguage":"es"},{"@type":"Organization","@id":"https:\/\/www.eldiariodetucuman.com\/web\/#organization","name":"El Diario de Tucuman","url":"https:\/\/www.eldiariodetucuman.com\/web\/","logo":{"@type":"ImageObject","inLanguage":"es","@id":"https:\/\/www.eldiariodetucuman.com\/web\/#\/schema\/logo\/image\/","url":"http:\/\/www.eldiariodetucuman.com\/web\/wp-content\/uploads\/2017\/12\/el-diario-de-tucuman.jpg","contentUrl":"http:\/\/www.eldiariodetucuman.com\/web\/wp-content\/uploads\/2017\/12\/el-diario-de-tucuman.jpg","width":272,"height":92,"caption":"El Diario de Tucuman"},"image":{"@id":"https:\/\/www.eldiariodetucuman.com\/web\/#\/schema\/logo\/image\/"}},{"@type":"Person","@id":"https:\/\/www.eldiariodetucuman.com\/web\/#\/schema\/person\/7e6644a46e60888f6b868594407e08dd","name":"Redactor Uno","image":{"@type":"ImageObject","inLanguage":"es","@id":"https:\/\/secure.gravatar.com\/avatar\/0049b1bdf1bd548385c9ea6b9356431717930913089febd2ba904f0187d7d074?s=96&d=mm&r=g","url":"https:\/\/secure.gravatar.com\/avatar\/0049b1bdf1bd548385c9ea6b9356431717930913089febd2ba904f0187d7d074?s=96&d=mm&r=g","contentUrl":"https:\/\/secure.gravatar.com\/avatar\/0049b1bdf1bd548385c9ea6b9356431717930913089febd2ba904f0187d7d074?s=96&d=mm&r=g","caption":"Redactor Uno"},"url":"https:\/\/www.eldiariodetucuman.com\/web\/author\/mramasco\/"}]}},"_links":{"self":[{"href":"https:\/\/www.eldiariodetucuman.com\/web\/wp-json\/wp\/v2\/posts\/24959","targetHints":{"allow":["GET"]}}],"collection":[{"href":"https:\/\/www.eldiariodetucuman.com\/web\/wp-json\/wp\/v2\/posts"}],"about":[{"href":"https:\/\/www.eldiariodetucuman.com\/web\/wp-json\/wp\/v2\/types\/post"}],"author":[{"embeddable":true,"href":"https:\/\/www.eldiariodetucuman.com\/web\/wp-json\/wp\/v2\/users\/5"}],"replies":[{"embeddable":true,"href":"https:\/\/www.eldiariodetucuman.com\/web\/wp-json\/wp\/v2\/comments?post=24959"}],"version-history":[{"count":4,"href":"https:\/\/www.eldiariodetucuman.com\/web\/wp-json\/wp\/v2\/posts\/24959\/revisions"}],"predecessor-version":[{"id":24968,"href":"https:\/\/www.eldiariodetucuman.com\/web\/wp-json\/wp\/v2\/posts\/24959\/revisions\/24968"}],"wp:featuredmedia":[{"embeddable":true,"href":"https:\/\/www.eldiariodetucuman.com\/web\/wp-json\/wp\/v2\/media\/24961"}],"wp:attachment":[{"href":"https:\/\/www.eldiariodetucuman.com\/web\/wp-json\/wp\/v2\/media?parent=24959"}],"wp:term":[{"taxonomy":"category","embeddable":true,"href":"https:\/\/www.eldiariodetucuman.com\/web\/wp-json\/wp\/v2\/categories?post=24959"},{"taxonomy":"post_tag","embeddable":true,"href":"https:\/\/www.eldiariodetucuman.com\/web\/wp-json\/wp\/v2\/tags?post=24959"}],"curies":[{"name":"wp","href":"https:\/\/api.w.org\/{rel}","templated":true}]}}