{"id":24955,"date":"2019-09-25T09:36:42","date_gmt":"2019-09-25T12:36:42","guid":{"rendered":"http:\/\/www.eldiariodetucuman.com\/web\/?p=24955"},"modified":"2019-09-25T09:40:25","modified_gmt":"2019-09-25T12:40:25","slug":"cordoba-legalizo-la-guia-del-aborto-no-punible","status":"publish","type":"post","link":"https:\/\/www.eldiariodetucuman.com\/web\/cordoba-legalizo-la-guia-del-aborto-no-punible\/","title":{"rendered":"C\u00f3rdoba legaliz\u00f3 la gu\u00eda del aborto no punible"},"content":{"rendered":"<div class=\"titulo\">El Tribunal Superior de Justicia de la Provincia rechaz\u00f3 este martes, por inadmisible, el recurso extraordinario federal que hab\u00eda planteado la asociaci\u00f3n civil Portal de Bel\u00e9n.<\/div>\n<div class=\"bajada\">\n<p><!--more--><\/p>\n<p>El Tribunal Superior de Justicia de C\u00f3rdoba (TSJ) rechaz\u00f3 este martes, por inadmisible, el recurso extraordinario federal (REF) que hab\u00eda planteado la asociaci\u00f3n civil Portal de Bel\u00e9n, con el fin de que la Corte Suprema de Justicia de la Naci\u00f3n (CSJN) revisara la sentencia dictada por el Alto Cuerpo el 18 de diciembre del a\u00f1o pasado, la cual hab\u00eda habilitado la <a href=\"https:\/\/www.cadena3.com\/pagina\/tag\/?q=Gu%C3%ADa%20del%20aborto%20no%20punible\">Gu\u00eda del aborto no punible<\/a>, suspendida desde 2012 en C\u00f3rdoba por un amparo de esa entidad.<\/p>\n<p>En aquella ocasi\u00f3n, por mayor\u00eda, el TSJ hab\u00eda concluido que la asociaci\u00f3n no hab\u00eda planteado un caso judicial en propiedad que permitiera examinar la constitucionalidad de la Resoluci\u00f3n n.\u00ba 93\/12, en virtud de la cual el Ministerio de Salud de la Provincia fij\u00f3 un procedimiento o gu\u00eda para las mujeres que, en C\u00f3rdoba, demandaran la pr\u00e1ctica de un aborto no punible. Esto es, la interrupci\u00f3n de la gestaci\u00f3n sin consecuencias penales cuando esta fuera fruto de una violaci\u00f3n o cuando la salud o la vida de la gestante corrieran peligro.<\/p>\n<p>Como consecuencia de la decisi\u00f3n adoptada, en otra resoluci\u00f3n (auto n.\u00b0 62), el TSJ tambi\u00e9n consider\u00f3 que ya se hab\u00eda tornado abstracto tratar el recurso de casaci\u00f3n e inconstitucionalidad que la Asociaci\u00f3n Mujeres por el Derecho a Decidir hab\u00eda promovido.<\/p>\n<p>Esta \u00faltima pretend\u00eda que se dejara sin efecto la orden cautelar que, desde el a\u00f1o 2012, manten\u00eda paralizada la Resoluci\u00f3n n.\u00ba 93\/12 y, con ella, la aplicaci\u00f3n de la gu\u00eda o protocolo dictada para que los hospitales provinciales garantizaran la pr\u00e1ctica de los abortos no punibles.<\/p>\n<p>No obstante, el TSJ entendi\u00f3 que lo decidido en diciembre pasado, cuando fue rechazada la acci\u00f3n de amparo entablada por Portal de Bel\u00e9n, \u201carrastra consigo, inexorablemente, la de la medida cautelar que hab\u00eda sido dictada en el curso de los presentes autos\u201d.<\/p>\n<p>Respecto del REF, por mayor\u00eda, los vocales A\u00edda Tarditti, Domingo Sesin, Mercedes Blanc de Arabel y Silvana Chiapero esgrimieron que Portal de Bel\u00e9n no ha cumplido con los requisitos formales que regulan la admisibilidad de un recurso de tal trascendencia.<\/p>\n<p>Al mismo tiempo agregaron que, \u201clejos de haber refutado todos y cada uno de los fundamentos de la sentencia impugnada\u201d, como lo exige la normativa vigente, la asociaci\u00f3n \u201cinsisti\u00f3 en reiterar sus propios puntos de vista en funci\u00f3n de la cosmovisi\u00f3n y del esquema formal de valores que defiende, en virtud de la cual el aborto no es admisible en ninguna hip\u00f3tesis, pese a lo establecido por el art\u00edculo 86 (incisos 1 y 2) del C\u00f3digo Penal\u201d.<\/p>\n<p>De acuerdo con el voto de la mayor\u00eda, Portal de Bel\u00e9n no se preocup\u00f3 en desmontar los argumentos por los que, en la sentencia de diciembre, se hab\u00eda concluido que no hab\u00eda un caso judicial en propiedad, sino la mera discrepancia de la asociaci\u00f3n con las hip\u00f3tesis de no punibilidad del aborto que prev\u00e9 el C\u00f3digo Penal, raz\u00f3n por la que no se le pod\u00eda reconocer legitimaci\u00f3n a dicha instituci\u00f3n para una acci\u00f3n de amparo como la que hab\u00eda intentado contra la Resoluci\u00f3n n.\u00b0 93\/12 y contra el propio art\u00edculo 86 del C\u00f3digo Penal, cuya declaraci\u00f3n de inconstitucionalidad tambi\u00e9n pretend\u00eda.<\/p>\n<p>Los magistrados insistieron: \u201cReconocerle legitimaci\u00f3n a Portal de Bel\u00e9n, que sostiene que el aborto es punible en todos los casos, ser\u00eda como admitir que la persona gestante podr\u00eda ser forzada indirectamente a actuar en contra de la posibilidad de valorar o de resignificar el sentido de su propia vida, algo que le reconoce el C\u00f3digo Penal al declarar fuera de la persecuci\u00f3n penal, por ejemplo, la decisi\u00f3n de interrumpir la gestaci\u00f3n que pudiera adoptar la v\u00edctima de un abuso sexual con acceso carnal que fuera la causa de ese embarazo\u201d.<\/p>\n<\/div>\n<div class=\"overflowhidden\">\n<div class=\"columna-principal\">\n<div id=\"cuerpo-nota\">\n<p>En la misma direcci\u00f3n, recalcaron: \u201cSi en los t\u00e9rminos del art\u00edculo 86 del C\u00f3digo penal (incisos 1 y 2) se parte de que la mujer no desea estar en grave estado de salud ni ser violada y si se tiene en cuenta que las obligaciones son racionales si est\u00e1n al alcance de lo que se puede hacer, puede concluirse que Portal de Bel\u00e9n, al insistir en que la \u2018mujer violada deber\u00e1 continuar con el embarazo\u2019 y que esta es la lectura correcta de las disposiciones de nuestro bloque de constitucionalidad y de convencionalidad, est\u00e1 reclamando algo que ni la moral demanda a sus agentes, con mayor raz\u00f3n cuando se trata de situaciones no buscadas ni deseadas por las propias afectadas\u201d.<\/p>\n<p><b>Argumentos de la minor\u00eda<\/b><\/p>\n<p>En minor\u00eda, Luis Rubio, Claudia Zalazar y Julio S\u00e1nchez Torres hab\u00edan sostenido que, en virtud de la magnitud de los derechos en disputa, el recurso resultaba admisible para habilitar la intervenci\u00f3n de la Corte Suprema.<\/p>\n<p>Esto, porque est\u00e1n en juego dos cl\u00e1usulas de la Constituci\u00f3n de la Naci\u00f3n (arts. 43 y 18), \u201cen la medida en que pudieran vulnerarse los derechos de accionar y de defensa de la clase formada por las personas por nacer, que ha resultado damnificada por la Resoluci\u00f3n n.\u00b0 93\/12\u201d.<\/p>\n<p>Los tres vocales \u2013con algunas consideraciones propias de S\u00e1nchez Torres- subrayaron que hab\u00eda que prestar atenci\u00f3n al car\u00e1cter especialmente vulnerable del \u201ccolectivo de las personas por nacer, por su falta de madurez f\u00edsica y mental\u201d y esta perspectiva, que resulta obligatoria para el Estado argentino -por numerosos tratados internacionales suscriptos- se vuelve m\u00e1s urgente \u201ccuando estuvieran en debate los derechos de la persona humana en el momento m\u00e1s delicado, que es el del comienzo de la vida\u201d.<\/p>\n<p>En definitiva, como consecuencia de las resoluciones adoptadas por el TSJ, ha quedado sin efecto la medida cautelar que imped\u00eda la ejecuci\u00f3n de la gu\u00eda o protocolo para atender a quienes demandaran la interrupci\u00f3n de la gestaci\u00f3n en las excepcionales hip\u00f3tesis en que tal pr\u00e1ctica es admisible sin consecuencias penales.<\/p>\n<p><strong>Fuente:<\/strong> <a href=\"https:\/\/www.cadena3.com\/noticia\/sociedad\/es-legal-en-cordoba-la-guia-del-aborto-no-punible_242043\">https:\/\/www.cadena3.com\/noticia\/sociedad\/es-legal-en-cordoba-la-guia-del-aborto-no-punible_242043<\/a><\/p>\n<\/div>\n<\/div>\n<\/div>\n","protected":false},"excerpt":{"rendered":"<p>El Tribunal Superior de Justicia de la Provincia rechaz\u00f3 este martes, por inadmisible, el recurso extraordinario federal que hab\u00eda planteado la asociaci\u00f3n civil Portal de Bel\u00e9n.<\/p>\n","protected":false},"author":5,"featured_media":24956,"comment_status":"closed","ping_status":"open","sticky":false,"template":"","format":"standard","meta":{"footnotes":""},"categories":[3,1],"tags":[1734,20],"class_list":{"0":"post-24955","1":"post","2":"type-post","3":"status-publish","4":"format-standard","5":"has-post-thumbnail","7":"category-politica","8":"category-portada","9":"tag-aborto","10":"tag-cordoba"},"yoast_head":"<!-- This site is optimized with the Yoast SEO plugin v27.4 - https:\/\/yoast.com\/product\/yoast-seo-wordpress\/ -->\n<title>C\u00f3rdoba legaliz\u00f3 la gu\u00eda del aborto no punible - El Diario de Tucuman<\/title>\n<meta name=\"robots\" content=\"index, follow, max-snippet:-1, max-image-preview:large, max-video-preview:-1\" \/>\n<link rel=\"canonical\" href=\"https:\/\/www.eldiariodetucuman.com\/web\/cordoba-legalizo-la-guia-del-aborto-no-punible\/\" \/>\n<meta property=\"og:locale\" content=\"es_ES\" \/>\n<meta property=\"og:type\" content=\"article\" \/>\n<meta property=\"og:title\" content=\"C\u00f3rdoba legaliz\u00f3 la gu\u00eda del aborto no punible - El Diario de Tucuman\" \/>\n<meta property=\"og:description\" content=\"El Tribunal Superior de Justicia de la Provincia rechaz\u00f3 este martes, por inadmisible, el recurso extraordinario federal que hab\u00eda planteado la asociaci\u00f3n civil Portal de Bel\u00e9n.\" \/>\n<meta property=\"og:url\" content=\"https:\/\/www.eldiariodetucuman.com\/web\/cordoba-legalizo-la-guia-del-aborto-no-punible\/\" \/>\n<meta property=\"og:site_name\" content=\"El Diario de Tucuman\" \/>\n<meta property=\"article:published_time\" content=\"2019-09-25T12:36:42+00:00\" \/>\n<meta property=\"article:modified_time\" content=\"2019-09-25T12:40:25+00:00\" \/>\n<meta property=\"og:image\" content=\"https:\/\/www.eldiariodetucuman.com\/web\/wp-content\/uploads\/2019\/09\/aborto.jpg\" \/>\n\t<meta property=\"og:image:width\" content=\"760\" \/>\n\t<meta property=\"og:image:height\" content=\"570\" \/>\n\t<meta property=\"og:image:type\" content=\"image\/jpeg\" \/>\n<meta name=\"author\" content=\"Redactor Uno\" \/>\n<meta name=\"twitter:card\" content=\"summary_large_image\" \/>\n<meta name=\"twitter:label1\" content=\"Escrito por\" \/>\n\t<meta name=\"twitter:data1\" content=\"Redactor Uno\" \/>\n\t<meta name=\"twitter:label2\" content=\"Tiempo de lectura\" \/>\n\t<meta name=\"twitter:data2\" content=\"5 minutos\" \/>\n<script type=\"application\/ld+json\" class=\"yoast-schema-graph\">{\"@context\":\"https:\\\/\\\/schema.org\",\"@graph\":[{\"@type\":\"Article\",\"@id\":\"https:\\\/\\\/www.eldiariodetucuman.com\\\/web\\\/cordoba-legalizo-la-guia-del-aborto-no-punible\\\/#article\",\"isPartOf\":{\"@id\":\"https:\\\/\\\/www.eldiariodetucuman.com\\\/web\\\/cordoba-legalizo-la-guia-del-aborto-no-punible\\\/\"},\"author\":{\"name\":\"Redactor Uno\",\"@id\":\"https:\\\/\\\/www.eldiariodetucuman.com\\\/web\\\/#\\\/schema\\\/person\\\/7e6644a46e60888f6b868594407e08dd\"},\"headline\":\"C\u00f3rdoba legaliz\u00f3 la gu\u00eda del aborto no punible\",\"datePublished\":\"2019-09-25T12:36:42+00:00\",\"dateModified\":\"2019-09-25T12:40:25+00:00\",\"mainEntityOfPage\":{\"@id\":\"https:\\\/\\\/www.eldiariodetucuman.com\\\/web\\\/cordoba-legalizo-la-guia-del-aborto-no-punible\\\/\"},\"wordCount\":1073,\"publisher\":{\"@id\":\"https:\\\/\\\/www.eldiariodetucuman.com\\\/web\\\/#organization\"},\"image\":{\"@id\":\"https:\\\/\\\/www.eldiariodetucuman.com\\\/web\\\/cordoba-legalizo-la-guia-del-aborto-no-punible\\\/#primaryimage\"},\"thumbnailUrl\":\"https:\\\/\\\/www.eldiariodetucuman.com\\\/web\\\/wp-content\\\/uploads\\\/2019\\\/09\\\/aborto.jpg\",\"keywords\":[\"aborto\",\"Cordoba\"],\"articleSection\":[\"Politica\",\"Portada\"],\"inLanguage\":\"es\"},{\"@type\":\"WebPage\",\"@id\":\"https:\\\/\\\/www.eldiariodetucuman.com\\\/web\\\/cordoba-legalizo-la-guia-del-aborto-no-punible\\\/\",\"url\":\"https:\\\/\\\/www.eldiariodetucuman.com\\\/web\\\/cordoba-legalizo-la-guia-del-aborto-no-punible\\\/\",\"name\":\"C\u00f3rdoba legaliz\u00f3 la gu\u00eda del aborto no punible - El Diario de Tucuman\",\"isPartOf\":{\"@id\":\"https:\\\/\\\/www.eldiariodetucuman.com\\\/web\\\/#website\"},\"primaryImageOfPage\":{\"@id\":\"https:\\\/\\\/www.eldiariodetucuman.com\\\/web\\\/cordoba-legalizo-la-guia-del-aborto-no-punible\\\/#primaryimage\"},\"image\":{\"@id\":\"https:\\\/\\\/www.eldiariodetucuman.com\\\/web\\\/cordoba-legalizo-la-guia-del-aborto-no-punible\\\/#primaryimage\"},\"thumbnailUrl\":\"https:\\\/\\\/www.eldiariodetucuman.com\\\/web\\\/wp-content\\\/uploads\\\/2019\\\/09\\\/aborto.jpg\",\"datePublished\":\"2019-09-25T12:36:42+00:00\",\"dateModified\":\"2019-09-25T12:40:25+00:00\",\"breadcrumb\":{\"@id\":\"https:\\\/\\\/www.eldiariodetucuman.com\\\/web\\\/cordoba-legalizo-la-guia-del-aborto-no-punible\\\/#breadcrumb\"},\"inLanguage\":\"es\",\"potentialAction\":[{\"@type\":\"ReadAction\",\"target\":[\"https:\\\/\\\/www.eldiariodetucuman.com\\\/web\\\/cordoba-legalizo-la-guia-del-aborto-no-punible\\\/\"]}]},{\"@type\":\"ImageObject\",\"inLanguage\":\"es\",\"@id\":\"https:\\\/\\\/www.eldiariodetucuman.com\\\/web\\\/cordoba-legalizo-la-guia-del-aborto-no-punible\\\/#primaryimage\",\"url\":\"https:\\\/\\\/www.eldiariodetucuman.com\\\/web\\\/wp-content\\\/uploads\\\/2019\\\/09\\\/aborto.jpg\",\"contentUrl\":\"https:\\\/\\\/www.eldiariodetucuman.com\\\/web\\\/wp-content\\\/uploads\\\/2019\\\/09\\\/aborto.jpg\",\"width\":760,\"height\":570},{\"@type\":\"BreadcrumbList\",\"@id\":\"https:\\\/\\\/www.eldiariodetucuman.com\\\/web\\\/cordoba-legalizo-la-guia-del-aborto-no-punible\\\/#breadcrumb\",\"itemListElement\":[{\"@type\":\"ListItem\",\"position\":1,\"name\":\"Portada\",\"item\":\"https:\\\/\\\/www.eldiariodetucuman.com\\\/web\\\/\"},{\"@type\":\"ListItem\",\"position\":2,\"name\":\"C\u00f3rdoba legaliz\u00f3 la gu\u00eda del aborto no punible\"}]},{\"@type\":\"WebSite\",\"@id\":\"https:\\\/\\\/www.eldiariodetucuman.com\\\/web\\\/#website\",\"url\":\"https:\\\/\\\/www.eldiariodetucuman.com\\\/web\\\/\",\"name\":\"El Diario de Tucuman\",\"description\":\"Diario Tucuman - Informaci\u00f3n y noticias\",\"publisher\":{\"@id\":\"https:\\\/\\\/www.eldiariodetucuman.com\\\/web\\\/#organization\"},\"potentialAction\":[{\"@type\":\"SearchAction\",\"target\":{\"@type\":\"EntryPoint\",\"urlTemplate\":\"https:\\\/\\\/www.eldiariodetucuman.com\\\/web\\\/?s={search_term_string}\"},\"query-input\":{\"@type\":\"PropertyValueSpecification\",\"valueRequired\":true,\"valueName\":\"search_term_string\"}}],\"inLanguage\":\"es\"},{\"@type\":\"Organization\",\"@id\":\"https:\\\/\\\/www.eldiariodetucuman.com\\\/web\\\/#organization\",\"name\":\"El Diario de Tucuman\",\"url\":\"https:\\\/\\\/www.eldiariodetucuman.com\\\/web\\\/\",\"logo\":{\"@type\":\"ImageObject\",\"inLanguage\":\"es\",\"@id\":\"https:\\\/\\\/www.eldiariodetucuman.com\\\/web\\\/#\\\/schema\\\/logo\\\/image\\\/\",\"url\":\"http:\\\/\\\/www.eldiariodetucuman.com\\\/web\\\/wp-content\\\/uploads\\\/2017\\\/12\\\/el-diario-de-tucuman.jpg\",\"contentUrl\":\"http:\\\/\\\/www.eldiariodetucuman.com\\\/web\\\/wp-content\\\/uploads\\\/2017\\\/12\\\/el-diario-de-tucuman.jpg\",\"width\":272,\"height\":92,\"caption\":\"El Diario de Tucuman\"},\"image\":{\"@id\":\"https:\\\/\\\/www.eldiariodetucuman.com\\\/web\\\/#\\\/schema\\\/logo\\\/image\\\/\"}},{\"@type\":\"Person\",\"@id\":\"https:\\\/\\\/www.eldiariodetucuman.com\\\/web\\\/#\\\/schema\\\/person\\\/7e6644a46e60888f6b868594407e08dd\",\"name\":\"Redactor Uno\",\"image\":{\"@type\":\"ImageObject\",\"inLanguage\":\"es\",\"@id\":\"https:\\\/\\\/secure.gravatar.com\\\/avatar\\\/0049b1bdf1bd548385c9ea6b9356431717930913089febd2ba904f0187d7d074?s=96&d=mm&r=g\",\"url\":\"https:\\\/\\\/secure.gravatar.com\\\/avatar\\\/0049b1bdf1bd548385c9ea6b9356431717930913089febd2ba904f0187d7d074?s=96&d=mm&r=g\",\"contentUrl\":\"https:\\\/\\\/secure.gravatar.com\\\/avatar\\\/0049b1bdf1bd548385c9ea6b9356431717930913089febd2ba904f0187d7d074?s=96&d=mm&r=g\",\"caption\":\"Redactor Uno\"},\"url\":\"https:\\\/\\\/www.eldiariodetucuman.com\\\/web\\\/author\\\/mramasco\\\/\"}]}<\/script>\n<!-- \/ Yoast SEO plugin. -->","yoast_head_json":{"title":"C\u00f3rdoba legaliz\u00f3 la gu\u00eda del aborto no punible - El Diario de Tucuman","robots":{"index":"index","follow":"follow","max-snippet":"max-snippet:-1","max-image-preview":"max-image-preview:large","max-video-preview":"max-video-preview:-1"},"canonical":"https:\/\/www.eldiariodetucuman.com\/web\/cordoba-legalizo-la-guia-del-aborto-no-punible\/","og_locale":"es_ES","og_type":"article","og_title":"C\u00f3rdoba legaliz\u00f3 la gu\u00eda del aborto no punible - El Diario de Tucuman","og_description":"El Tribunal Superior de Justicia de la Provincia rechaz\u00f3 este martes, por inadmisible, el recurso extraordinario federal que hab\u00eda planteado la asociaci\u00f3n civil Portal de Bel\u00e9n.","og_url":"https:\/\/www.eldiariodetucuman.com\/web\/cordoba-legalizo-la-guia-del-aborto-no-punible\/","og_site_name":"El Diario de Tucuman","article_published_time":"2019-09-25T12:36:42+00:00","article_modified_time":"2019-09-25T12:40:25+00:00","og_image":[{"width":760,"height":570,"url":"https:\/\/www.eldiariodetucuman.com\/web\/wp-content\/uploads\/2019\/09\/aborto.jpg","type":"image\/jpeg"}],"author":"Redactor Uno","twitter_card":"summary_large_image","twitter_misc":{"Escrito por":"Redactor Uno","Tiempo de lectura":"5 minutos"},"schema":{"@context":"https:\/\/schema.org","@graph":[{"@type":"Article","@id":"https:\/\/www.eldiariodetucuman.com\/web\/cordoba-legalizo-la-guia-del-aborto-no-punible\/#article","isPartOf":{"@id":"https:\/\/www.eldiariodetucuman.com\/web\/cordoba-legalizo-la-guia-del-aborto-no-punible\/"},"author":{"name":"Redactor Uno","@id":"https:\/\/www.eldiariodetucuman.com\/web\/#\/schema\/person\/7e6644a46e60888f6b868594407e08dd"},"headline":"C\u00f3rdoba legaliz\u00f3 la gu\u00eda del aborto no punible","datePublished":"2019-09-25T12:36:42+00:00","dateModified":"2019-09-25T12:40:25+00:00","mainEntityOfPage":{"@id":"https:\/\/www.eldiariodetucuman.com\/web\/cordoba-legalizo-la-guia-del-aborto-no-punible\/"},"wordCount":1073,"publisher":{"@id":"https:\/\/www.eldiariodetucuman.com\/web\/#organization"},"image":{"@id":"https:\/\/www.eldiariodetucuman.com\/web\/cordoba-legalizo-la-guia-del-aborto-no-punible\/#primaryimage"},"thumbnailUrl":"https:\/\/www.eldiariodetucuman.com\/web\/wp-content\/uploads\/2019\/09\/aborto.jpg","keywords":["aborto","Cordoba"],"articleSection":["Politica","Portada"],"inLanguage":"es"},{"@type":"WebPage","@id":"https:\/\/www.eldiariodetucuman.com\/web\/cordoba-legalizo-la-guia-del-aborto-no-punible\/","url":"https:\/\/www.eldiariodetucuman.com\/web\/cordoba-legalizo-la-guia-del-aborto-no-punible\/","name":"C\u00f3rdoba legaliz\u00f3 la gu\u00eda del aborto no punible - El Diario de Tucuman","isPartOf":{"@id":"https:\/\/www.eldiariodetucuman.com\/web\/#website"},"primaryImageOfPage":{"@id":"https:\/\/www.eldiariodetucuman.com\/web\/cordoba-legalizo-la-guia-del-aborto-no-punible\/#primaryimage"},"image":{"@id":"https:\/\/www.eldiariodetucuman.com\/web\/cordoba-legalizo-la-guia-del-aborto-no-punible\/#primaryimage"},"thumbnailUrl":"https:\/\/www.eldiariodetucuman.com\/web\/wp-content\/uploads\/2019\/09\/aborto.jpg","datePublished":"2019-09-25T12:36:42+00:00","dateModified":"2019-09-25T12:40:25+00:00","breadcrumb":{"@id":"https:\/\/www.eldiariodetucuman.com\/web\/cordoba-legalizo-la-guia-del-aborto-no-punible\/#breadcrumb"},"inLanguage":"es","potentialAction":[{"@type":"ReadAction","target":["https:\/\/www.eldiariodetucuman.com\/web\/cordoba-legalizo-la-guia-del-aborto-no-punible\/"]}]},{"@type":"ImageObject","inLanguage":"es","@id":"https:\/\/www.eldiariodetucuman.com\/web\/cordoba-legalizo-la-guia-del-aborto-no-punible\/#primaryimage","url":"https:\/\/www.eldiariodetucuman.com\/web\/wp-content\/uploads\/2019\/09\/aborto.jpg","contentUrl":"https:\/\/www.eldiariodetucuman.com\/web\/wp-content\/uploads\/2019\/09\/aborto.jpg","width":760,"height":570},{"@type":"BreadcrumbList","@id":"https:\/\/www.eldiariodetucuman.com\/web\/cordoba-legalizo-la-guia-del-aborto-no-punible\/#breadcrumb","itemListElement":[{"@type":"ListItem","position":1,"name":"Portada","item":"https:\/\/www.eldiariodetucuman.com\/web\/"},{"@type":"ListItem","position":2,"name":"C\u00f3rdoba legaliz\u00f3 la gu\u00eda del aborto no punible"}]},{"@type":"WebSite","@id":"https:\/\/www.eldiariodetucuman.com\/web\/#website","url":"https:\/\/www.eldiariodetucuman.com\/web\/","name":"El Diario de Tucuman","description":"Diario Tucuman - Informaci\u00f3n y noticias","publisher":{"@id":"https:\/\/www.eldiariodetucuman.com\/web\/#organization"},"potentialAction":[{"@type":"SearchAction","target":{"@type":"EntryPoint","urlTemplate":"https:\/\/www.eldiariodetucuman.com\/web\/?s={search_term_string}"},"query-input":{"@type":"PropertyValueSpecification","valueRequired":true,"valueName":"search_term_string"}}],"inLanguage":"es"},{"@type":"Organization","@id":"https:\/\/www.eldiariodetucuman.com\/web\/#organization","name":"El Diario de Tucuman","url":"https:\/\/www.eldiariodetucuman.com\/web\/","logo":{"@type":"ImageObject","inLanguage":"es","@id":"https:\/\/www.eldiariodetucuman.com\/web\/#\/schema\/logo\/image\/","url":"http:\/\/www.eldiariodetucuman.com\/web\/wp-content\/uploads\/2017\/12\/el-diario-de-tucuman.jpg","contentUrl":"http:\/\/www.eldiariodetucuman.com\/web\/wp-content\/uploads\/2017\/12\/el-diario-de-tucuman.jpg","width":272,"height":92,"caption":"El Diario de Tucuman"},"image":{"@id":"https:\/\/www.eldiariodetucuman.com\/web\/#\/schema\/logo\/image\/"}},{"@type":"Person","@id":"https:\/\/www.eldiariodetucuman.com\/web\/#\/schema\/person\/7e6644a46e60888f6b868594407e08dd","name":"Redactor Uno","image":{"@type":"ImageObject","inLanguage":"es","@id":"https:\/\/secure.gravatar.com\/avatar\/0049b1bdf1bd548385c9ea6b9356431717930913089febd2ba904f0187d7d074?s=96&d=mm&r=g","url":"https:\/\/secure.gravatar.com\/avatar\/0049b1bdf1bd548385c9ea6b9356431717930913089febd2ba904f0187d7d074?s=96&d=mm&r=g","contentUrl":"https:\/\/secure.gravatar.com\/avatar\/0049b1bdf1bd548385c9ea6b9356431717930913089febd2ba904f0187d7d074?s=96&d=mm&r=g","caption":"Redactor Uno"},"url":"https:\/\/www.eldiariodetucuman.com\/web\/author\/mramasco\/"}]}},"_links":{"self":[{"href":"https:\/\/www.eldiariodetucuman.com\/web\/wp-json\/wp\/v2\/posts\/24955","targetHints":{"allow":["GET"]}}],"collection":[{"href":"https:\/\/www.eldiariodetucuman.com\/web\/wp-json\/wp\/v2\/posts"}],"about":[{"href":"https:\/\/www.eldiariodetucuman.com\/web\/wp-json\/wp\/v2\/types\/post"}],"author":[{"embeddable":true,"href":"https:\/\/www.eldiariodetucuman.com\/web\/wp-json\/wp\/v2\/users\/5"}],"replies":[{"embeddable":true,"href":"https:\/\/www.eldiariodetucuman.com\/web\/wp-json\/wp\/v2\/comments?post=24955"}],"version-history":[{"count":2,"href":"https:\/\/www.eldiariodetucuman.com\/web\/wp-json\/wp\/v2\/posts\/24955\/revisions"}],"predecessor-version":[{"id":24958,"href":"https:\/\/www.eldiariodetucuman.com\/web\/wp-json\/wp\/v2\/posts\/24955\/revisions\/24958"}],"wp:featuredmedia":[{"embeddable":true,"href":"https:\/\/www.eldiariodetucuman.com\/web\/wp-json\/wp\/v2\/media\/24956"}],"wp:attachment":[{"href":"https:\/\/www.eldiariodetucuman.com\/web\/wp-json\/wp\/v2\/media?parent=24955"}],"wp:term":[{"taxonomy":"category","embeddable":true,"href":"https:\/\/www.eldiariodetucuman.com\/web\/wp-json\/wp\/v2\/categories?post=24955"},{"taxonomy":"post_tag","embeddable":true,"href":"https:\/\/www.eldiariodetucuman.com\/web\/wp-json\/wp\/v2\/tags?post=24955"}],"curies":[{"name":"wp","href":"https:\/\/api.w.org\/{rel}","templated":true}]}}