{"id":24469,"date":"2019-08-17T17:00:28","date_gmt":"2019-08-17T20:00:28","guid":{"rendered":"http:\/\/www.eldiariodetucuman.com\/web\/?p=24469"},"modified":"2019-08-17T18:00:15","modified_gmt":"2019-08-17T21:00:15","slug":"cadenas-de-supermercados-ofreceran-desde-hoy-los-alimentos-basicos-sin-iva","status":"publish","type":"post","link":"https:\/\/www.eldiariodetucuman.com\/web\/cadenas-de-supermercados-ofreceran-desde-hoy-los-alimentos-basicos-sin-iva\/","title":{"rendered":"Cadenas de supermercados ofrecer\u00e1n desde hoy los alimentos b\u00e1sicos sin IVA"},"content":{"rendered":"<p>El empresario precis\u00f3 que el promedio de aumentos de precios en los productos b\u00e1sicos \u201ces del 20%\u201d<!--more--><\/p>\n<p>Las cadenas de supermercados minoristas\u00a0<strong>Carrefour y Walmart<\/strong>, entre otras se comprometieron a este beneficio que incluye las categor\u00edas de aceite de girasol, ma\u00edz y mezcla; arroz; az\u00facar; conservas de frutas, hortalizas y legumbres; harina de ma\u00edz y trigo; huevos; leche; pan; pan rallado y\/o rebozador, pastas secas; yerba mate, mate cocido, t\u00e9; y yogur entero y\/o descremado.<\/p>\n<p>El presidente de la Asociaci\u00f3n de Supermercados Unidos (ASU, que agrupa a las cadenas m\u00e1s grandes del pa\u00eds), Juan Vasco Mart\u00ednez, se\u00f1al\u00f3 que \u201chay que hacer toda una operaci\u00f3n con sistemas y analizar casi referencia por referencia\u201d, pero estim\u00f3 que algunas cadenas podr\u00edan aplicarla ma\u00f1ana.<\/p>\n<p>\u201cSeg\u00fan las cadenas y formatos (la medida) debe estar afectando a 4.000 o m\u00e1s referencias\u201d y la idea del Gobierno es que la rebaja del IVA \u201cpueda ser usada como colch\u00f3n ante las listas de precios que se reciban a partir del lunes\u201d, dijo Vasco Mart\u00ednez a radio Milenium.<\/p>\n<p>El empresario precis\u00f3 que el promedio de aumentos de precios en los productos b\u00e1sicos \u201ces del 20%\u201d, pero la compensaci\u00f3n no alcanzar\u00e1 a productos \u201ccomo el aceite, que subi\u00f3 25% o un poco m\u00e1s\u201d.<\/p>\n<p>En l\u00edneas generales, agreg\u00f3 Vasco Mart\u00ednez, \u201cse espera que esto permita absorber las nuevas listas de precios, con algunas variaciones\u201d, y evalu\u00f3 que el anuncio oficial \u201ces una se\u00f1al para el resto de los integrantes de la cadena, como para que se serenen los \u00e1nimos\u201d.<\/p>\n<p>El titular de ASU record\u00f3 que en julio pasado la ca\u00edda en el volumen de ventas fue del 10% interanual, con lo cual \u201cno hay mercado que pueda convalidar ning\u00fan delirio ni una picard\u00eda\u201d en materia de remarcaci\u00f3n de precios.<\/p>\n<p>\u201cCon n\u00fameros en rojo hace m\u00e1s de un a\u00f1o no hay lugar para ning\u00fan tipo de especulaci\u00f3n en ese sentido\u201d, asegur\u00f3.<\/p>\n<p>Vasco Mart\u00ednez anticip\u00f3 que falta a\u00fan una norma complementaria de la AFIP sobre la rebaja del IVA, que se conocer\u00eda el pr\u00f3ximo lunes.<\/p>\n<p>Consider\u00f3, de todos modos, que algunas cadenas de supermercados podr\u00e1n aplicar las disminuciones \u201cdesde ma\u00f1ana\u201d y el resto a comienzos de la semana pr\u00f3xima.<\/p>\n<p>Seg\u00fan Vasco Mart\u00ednez, en los \u00faltimos d\u00edas \u201chubo algo de stockeo por parte de los consumidores, en compras con tarjetas de cr\u00e9dito, pero no una situaci\u00f3n de p\u00e1nico o en los vol\u00famenes de otras oportunidades, porque las familias tampoco tienen mucho margen\u201d.<\/p>\n<p>El empresario explic\u00f3 por \u00faltimo que el traslado de la devaluaci\u00f3n del peso obedece a que \u201clas commodities est\u00e1n atadas al precio internacional, mientras hay insumos b\u00e1sicos de la industria importados o dolarizados, como la chapa, el cart\u00f3n, los envases tetra o de vidrio\u201d.<\/p>\n<p>Fuente: <a href=\"https:\/\/www.tucumanalas7.com.ar\/nacional\/2019\/8\/17\/cadenas-de-supermercados-ofreceran-desde-hoy-los-alimentos-basicos-sin-iva-185800.html\">Tucum\u00e1n a las\u00a0<\/a>7<\/p>\n<div class=\"row\">\n<div class=\"col-md-1 col-sticky\">\n<div class=\"inner-share-bar cf\">\n<div class=\"item\"><\/div>\n<\/div>\n<\/div>\n<\/div>\n","protected":false},"excerpt":{"rendered":"<p>El empresario precis\u00f3 que el promedio de aumentos de precios en los productos b\u00e1sicos \u201ces del 20%\u201d<\/p>\n","protected":false},"author":5,"featured_media":24470,"comment_status":"closed","ping_status":"open","sticky":false,"template":"","format":"standard","meta":{"footnotes":""},"categories":[3],"tags":[],"class_list":{"0":"post-24469","1":"post","2":"type-post","3":"status-publish","4":"format-standard","5":"has-post-thumbnail","7":"category-politica"},"yoast_head":"<!-- This site is optimized with the Yoast SEO plugin v27.5 - https:\/\/yoast.com\/product\/yoast-seo-wordpress\/ -->\n<title>Cadenas de supermercados ofrecer\u00e1n desde hoy los alimentos b\u00e1sicos sin IVA - El Diario de Tucuman<\/title>\n<meta name=\"robots\" content=\"index, follow, max-snippet:-1, max-image-preview:large, max-video-preview:-1\" \/>\n<link rel=\"canonical\" href=\"https:\/\/www.eldiariodetucuman.com\/web\/cadenas-de-supermercados-ofreceran-desde-hoy-los-alimentos-basicos-sin-iva\/\" \/>\n<meta property=\"og:locale\" content=\"es_ES\" \/>\n<meta property=\"og:type\" content=\"article\" \/>\n<meta property=\"og:title\" content=\"Cadenas de supermercados ofrecer\u00e1n desde hoy los alimentos b\u00e1sicos sin IVA - El Diario de Tucuman\" \/>\n<meta property=\"og:description\" content=\"El empresario precis\u00f3 que el promedio de aumentos de precios en los productos b\u00e1sicos \u201ces del 20%\u201d\" \/>\n<meta property=\"og:url\" content=\"https:\/\/www.eldiariodetucuman.com\/web\/cadenas-de-supermercados-ofreceran-desde-hoy-los-alimentos-basicos-sin-iva\/\" \/>\n<meta property=\"og:site_name\" content=\"El Diario de Tucuman\" \/>\n<meta property=\"article:published_time\" content=\"2019-08-17T20:00:28+00:00\" \/>\n<meta property=\"article:modified_time\" content=\"2019-08-17T21:00:15+00:00\" \/>\n<meta property=\"og:image\" content=\"https:\/\/www.eldiariodetucuman.com\/web\/wp-content\/uploads\/2019\/08\/f800x450-91707_143153_13.jpg\" \/>\n\t<meta property=\"og:image:width\" content=\"800\" \/>\n\t<meta property=\"og:image:height\" content=\"450\" \/>\n\t<meta property=\"og:image:type\" content=\"image\/jpeg\" \/>\n<meta name=\"author\" content=\"Redactor Uno\" \/>\n<meta name=\"twitter:card\" content=\"summary_large_image\" \/>\n<meta name=\"twitter:label1\" content=\"Escrito por\" \/>\n\t<meta name=\"twitter:data1\" content=\"Redactor Uno\" \/>\n\t<meta name=\"twitter:label2\" content=\"Tiempo de lectura\" \/>\n\t<meta name=\"twitter:data2\" content=\"2 minutos\" \/>\n<script type=\"application\/ld+json\" class=\"yoast-schema-graph\">{\"@context\":\"https:\\\/\\\/schema.org\",\"@graph\":[{\"@type\":\"Article\",\"@id\":\"https:\\\/\\\/www.eldiariodetucuman.com\\\/web\\\/cadenas-de-supermercados-ofreceran-desde-hoy-los-alimentos-basicos-sin-iva\\\/#article\",\"isPartOf\":{\"@id\":\"https:\\\/\\\/www.eldiariodetucuman.com\\\/web\\\/cadenas-de-supermercados-ofreceran-desde-hoy-los-alimentos-basicos-sin-iva\\\/\"},\"author\":{\"name\":\"Redactor Uno\",\"@id\":\"https:\\\/\\\/www.eldiariodetucuman.com\\\/web\\\/#\\\/schema\\\/person\\\/7e6644a46e60888f6b868594407e08dd\"},\"headline\":\"Cadenas de supermercados ofrecer\u00e1n desde hoy los alimentos b\u00e1sicos sin IVA\",\"datePublished\":\"2019-08-17T20:00:28+00:00\",\"dateModified\":\"2019-08-17T21:00:15+00:00\",\"mainEntityOfPage\":{\"@id\":\"https:\\\/\\\/www.eldiariodetucuman.com\\\/web\\\/cadenas-de-supermercados-ofreceran-desde-hoy-los-alimentos-basicos-sin-iva\\\/\"},\"wordCount\":507,\"publisher\":{\"@id\":\"https:\\\/\\\/www.eldiariodetucuman.com\\\/web\\\/#organization\"},\"image\":{\"@id\":\"https:\\\/\\\/www.eldiariodetucuman.com\\\/web\\\/cadenas-de-supermercados-ofreceran-desde-hoy-los-alimentos-basicos-sin-iva\\\/#primaryimage\"},\"thumbnailUrl\":\"https:\\\/\\\/www.eldiariodetucuman.com\\\/web\\\/wp-content\\\/uploads\\\/2019\\\/08\\\/f800x450-91707_143153_13.jpg\",\"articleSection\":[\"Politica\"],\"inLanguage\":\"es\"},{\"@type\":\"WebPage\",\"@id\":\"https:\\\/\\\/www.eldiariodetucuman.com\\\/web\\\/cadenas-de-supermercados-ofreceran-desde-hoy-los-alimentos-basicos-sin-iva\\\/\",\"url\":\"https:\\\/\\\/www.eldiariodetucuman.com\\\/web\\\/cadenas-de-supermercados-ofreceran-desde-hoy-los-alimentos-basicos-sin-iva\\\/\",\"name\":\"Cadenas de supermercados ofrecer\u00e1n desde hoy los alimentos b\u00e1sicos sin IVA - El Diario de Tucuman\",\"isPartOf\":{\"@id\":\"https:\\\/\\\/www.eldiariodetucuman.com\\\/web\\\/#website\"},\"primaryImageOfPage\":{\"@id\":\"https:\\\/\\\/www.eldiariodetucuman.com\\\/web\\\/cadenas-de-supermercados-ofreceran-desde-hoy-los-alimentos-basicos-sin-iva\\\/#primaryimage\"},\"image\":{\"@id\":\"https:\\\/\\\/www.eldiariodetucuman.com\\\/web\\\/cadenas-de-supermercados-ofreceran-desde-hoy-los-alimentos-basicos-sin-iva\\\/#primaryimage\"},\"thumbnailUrl\":\"https:\\\/\\\/www.eldiariodetucuman.com\\\/web\\\/wp-content\\\/uploads\\\/2019\\\/08\\\/f800x450-91707_143153_13.jpg\",\"datePublished\":\"2019-08-17T20:00:28+00:00\",\"dateModified\":\"2019-08-17T21:00:15+00:00\",\"breadcrumb\":{\"@id\":\"https:\\\/\\\/www.eldiariodetucuman.com\\\/web\\\/cadenas-de-supermercados-ofreceran-desde-hoy-los-alimentos-basicos-sin-iva\\\/#breadcrumb\"},\"inLanguage\":\"es\",\"potentialAction\":[{\"@type\":\"ReadAction\",\"target\":[\"https:\\\/\\\/www.eldiariodetucuman.com\\\/web\\\/cadenas-de-supermercados-ofreceran-desde-hoy-los-alimentos-basicos-sin-iva\\\/\"]}]},{\"@type\":\"ImageObject\",\"inLanguage\":\"es\",\"@id\":\"https:\\\/\\\/www.eldiariodetucuman.com\\\/web\\\/cadenas-de-supermercados-ofreceran-desde-hoy-los-alimentos-basicos-sin-iva\\\/#primaryimage\",\"url\":\"https:\\\/\\\/www.eldiariodetucuman.com\\\/web\\\/wp-content\\\/uploads\\\/2019\\\/08\\\/f800x450-91707_143153_13.jpg\",\"contentUrl\":\"https:\\\/\\\/www.eldiariodetucuman.com\\\/web\\\/wp-content\\\/uploads\\\/2019\\\/08\\\/f800x450-91707_143153_13.jpg\",\"width\":800,\"height\":450},{\"@type\":\"BreadcrumbList\",\"@id\":\"https:\\\/\\\/www.eldiariodetucuman.com\\\/web\\\/cadenas-de-supermercados-ofreceran-desde-hoy-los-alimentos-basicos-sin-iva\\\/#breadcrumb\",\"itemListElement\":[{\"@type\":\"ListItem\",\"position\":1,\"name\":\"Portada\",\"item\":\"https:\\\/\\\/www.eldiariodetucuman.com\\\/web\\\/\"},{\"@type\":\"ListItem\",\"position\":2,\"name\":\"Cadenas de supermercados ofrecer\u00e1n desde hoy los alimentos b\u00e1sicos sin IVA\"}]},{\"@type\":\"WebSite\",\"@id\":\"https:\\\/\\\/www.eldiariodetucuman.com\\\/web\\\/#website\",\"url\":\"https:\\\/\\\/www.eldiariodetucuman.com\\\/web\\\/\",\"name\":\"El Diario de Tucuman\",\"description\":\"Diario Tucuman - Informaci\u00f3n y noticias\",\"publisher\":{\"@id\":\"https:\\\/\\\/www.eldiariodetucuman.com\\\/web\\\/#organization\"},\"potentialAction\":[{\"@type\":\"SearchAction\",\"target\":{\"@type\":\"EntryPoint\",\"urlTemplate\":\"https:\\\/\\\/www.eldiariodetucuman.com\\\/web\\\/?s={search_term_string}\"},\"query-input\":{\"@type\":\"PropertyValueSpecification\",\"valueRequired\":true,\"valueName\":\"search_term_string\"}}],\"inLanguage\":\"es\"},{\"@type\":\"Organization\",\"@id\":\"https:\\\/\\\/www.eldiariodetucuman.com\\\/web\\\/#organization\",\"name\":\"El Diario de Tucuman\",\"url\":\"https:\\\/\\\/www.eldiariodetucuman.com\\\/web\\\/\",\"logo\":{\"@type\":\"ImageObject\",\"inLanguage\":\"es\",\"@id\":\"https:\\\/\\\/www.eldiariodetucuman.com\\\/web\\\/#\\\/schema\\\/logo\\\/image\\\/\",\"url\":\"http:\\\/\\\/www.eldiariodetucuman.com\\\/web\\\/wp-content\\\/uploads\\\/2017\\\/12\\\/el-diario-de-tucuman.jpg\",\"contentUrl\":\"http:\\\/\\\/www.eldiariodetucuman.com\\\/web\\\/wp-content\\\/uploads\\\/2017\\\/12\\\/el-diario-de-tucuman.jpg\",\"width\":272,\"height\":92,\"caption\":\"El Diario de Tucuman\"},\"image\":{\"@id\":\"https:\\\/\\\/www.eldiariodetucuman.com\\\/web\\\/#\\\/schema\\\/logo\\\/image\\\/\"}},{\"@type\":\"Person\",\"@id\":\"https:\\\/\\\/www.eldiariodetucuman.com\\\/web\\\/#\\\/schema\\\/person\\\/7e6644a46e60888f6b868594407e08dd\",\"name\":\"Redactor Uno\",\"image\":{\"@type\":\"ImageObject\",\"inLanguage\":\"es\",\"@id\":\"https:\\\/\\\/secure.gravatar.com\\\/avatar\\\/0049b1bdf1bd548385c9ea6b9356431717930913089febd2ba904f0187d7d074?s=96&d=mm&r=g\",\"url\":\"https:\\\/\\\/secure.gravatar.com\\\/avatar\\\/0049b1bdf1bd548385c9ea6b9356431717930913089febd2ba904f0187d7d074?s=96&d=mm&r=g\",\"contentUrl\":\"https:\\\/\\\/secure.gravatar.com\\\/avatar\\\/0049b1bdf1bd548385c9ea6b9356431717930913089febd2ba904f0187d7d074?s=96&d=mm&r=g\",\"caption\":\"Redactor Uno\"},\"url\":\"https:\\\/\\\/www.eldiariodetucuman.com\\\/web\\\/author\\\/mramasco\\\/\"}]}<\/script>\n<!-- \/ Yoast SEO plugin. -->","yoast_head_json":{"title":"Cadenas de supermercados ofrecer\u00e1n desde hoy los alimentos b\u00e1sicos sin IVA - El Diario de Tucuman","robots":{"index":"index","follow":"follow","max-snippet":"max-snippet:-1","max-image-preview":"max-image-preview:large","max-video-preview":"max-video-preview:-1"},"canonical":"https:\/\/www.eldiariodetucuman.com\/web\/cadenas-de-supermercados-ofreceran-desde-hoy-los-alimentos-basicos-sin-iva\/","og_locale":"es_ES","og_type":"article","og_title":"Cadenas de supermercados ofrecer\u00e1n desde hoy los alimentos b\u00e1sicos sin IVA - El Diario de Tucuman","og_description":"El empresario precis\u00f3 que el promedio de aumentos de precios en los productos b\u00e1sicos \u201ces del 20%\u201d","og_url":"https:\/\/www.eldiariodetucuman.com\/web\/cadenas-de-supermercados-ofreceran-desde-hoy-los-alimentos-basicos-sin-iva\/","og_site_name":"El Diario de Tucuman","article_published_time":"2019-08-17T20:00:28+00:00","article_modified_time":"2019-08-17T21:00:15+00:00","og_image":[{"width":800,"height":450,"url":"https:\/\/www.eldiariodetucuman.com\/web\/wp-content\/uploads\/2019\/08\/f800x450-91707_143153_13.jpg","type":"image\/jpeg"}],"author":"Redactor Uno","twitter_card":"summary_large_image","twitter_misc":{"Escrito por":"Redactor Uno","Tiempo de lectura":"2 minutos"},"schema":{"@context":"https:\/\/schema.org","@graph":[{"@type":"Article","@id":"https:\/\/www.eldiariodetucuman.com\/web\/cadenas-de-supermercados-ofreceran-desde-hoy-los-alimentos-basicos-sin-iva\/#article","isPartOf":{"@id":"https:\/\/www.eldiariodetucuman.com\/web\/cadenas-de-supermercados-ofreceran-desde-hoy-los-alimentos-basicos-sin-iva\/"},"author":{"name":"Redactor Uno","@id":"https:\/\/www.eldiariodetucuman.com\/web\/#\/schema\/person\/7e6644a46e60888f6b868594407e08dd"},"headline":"Cadenas de supermercados ofrecer\u00e1n desde hoy los alimentos b\u00e1sicos sin IVA","datePublished":"2019-08-17T20:00:28+00:00","dateModified":"2019-08-17T21:00:15+00:00","mainEntityOfPage":{"@id":"https:\/\/www.eldiariodetucuman.com\/web\/cadenas-de-supermercados-ofreceran-desde-hoy-los-alimentos-basicos-sin-iva\/"},"wordCount":507,"publisher":{"@id":"https:\/\/www.eldiariodetucuman.com\/web\/#organization"},"image":{"@id":"https:\/\/www.eldiariodetucuman.com\/web\/cadenas-de-supermercados-ofreceran-desde-hoy-los-alimentos-basicos-sin-iva\/#primaryimage"},"thumbnailUrl":"https:\/\/www.eldiariodetucuman.com\/web\/wp-content\/uploads\/2019\/08\/f800x450-91707_143153_13.jpg","articleSection":["Politica"],"inLanguage":"es"},{"@type":"WebPage","@id":"https:\/\/www.eldiariodetucuman.com\/web\/cadenas-de-supermercados-ofreceran-desde-hoy-los-alimentos-basicos-sin-iva\/","url":"https:\/\/www.eldiariodetucuman.com\/web\/cadenas-de-supermercados-ofreceran-desde-hoy-los-alimentos-basicos-sin-iva\/","name":"Cadenas de supermercados ofrecer\u00e1n desde hoy los alimentos b\u00e1sicos sin IVA - El Diario de Tucuman","isPartOf":{"@id":"https:\/\/www.eldiariodetucuman.com\/web\/#website"},"primaryImageOfPage":{"@id":"https:\/\/www.eldiariodetucuman.com\/web\/cadenas-de-supermercados-ofreceran-desde-hoy-los-alimentos-basicos-sin-iva\/#primaryimage"},"image":{"@id":"https:\/\/www.eldiariodetucuman.com\/web\/cadenas-de-supermercados-ofreceran-desde-hoy-los-alimentos-basicos-sin-iva\/#primaryimage"},"thumbnailUrl":"https:\/\/www.eldiariodetucuman.com\/web\/wp-content\/uploads\/2019\/08\/f800x450-91707_143153_13.jpg","datePublished":"2019-08-17T20:00:28+00:00","dateModified":"2019-08-17T21:00:15+00:00","breadcrumb":{"@id":"https:\/\/www.eldiariodetucuman.com\/web\/cadenas-de-supermercados-ofreceran-desde-hoy-los-alimentos-basicos-sin-iva\/#breadcrumb"},"inLanguage":"es","potentialAction":[{"@type":"ReadAction","target":["https:\/\/www.eldiariodetucuman.com\/web\/cadenas-de-supermercados-ofreceran-desde-hoy-los-alimentos-basicos-sin-iva\/"]}]},{"@type":"ImageObject","inLanguage":"es","@id":"https:\/\/www.eldiariodetucuman.com\/web\/cadenas-de-supermercados-ofreceran-desde-hoy-los-alimentos-basicos-sin-iva\/#primaryimage","url":"https:\/\/www.eldiariodetucuman.com\/web\/wp-content\/uploads\/2019\/08\/f800x450-91707_143153_13.jpg","contentUrl":"https:\/\/www.eldiariodetucuman.com\/web\/wp-content\/uploads\/2019\/08\/f800x450-91707_143153_13.jpg","width":800,"height":450},{"@type":"BreadcrumbList","@id":"https:\/\/www.eldiariodetucuman.com\/web\/cadenas-de-supermercados-ofreceran-desde-hoy-los-alimentos-basicos-sin-iva\/#breadcrumb","itemListElement":[{"@type":"ListItem","position":1,"name":"Portada","item":"https:\/\/www.eldiariodetucuman.com\/web\/"},{"@type":"ListItem","position":2,"name":"Cadenas de supermercados ofrecer\u00e1n desde hoy los alimentos b\u00e1sicos sin IVA"}]},{"@type":"WebSite","@id":"https:\/\/www.eldiariodetucuman.com\/web\/#website","url":"https:\/\/www.eldiariodetucuman.com\/web\/","name":"El Diario de Tucuman","description":"Diario Tucuman - Informaci\u00f3n y noticias","publisher":{"@id":"https:\/\/www.eldiariodetucuman.com\/web\/#organization"},"potentialAction":[{"@type":"SearchAction","target":{"@type":"EntryPoint","urlTemplate":"https:\/\/www.eldiariodetucuman.com\/web\/?s={search_term_string}"},"query-input":{"@type":"PropertyValueSpecification","valueRequired":true,"valueName":"search_term_string"}}],"inLanguage":"es"},{"@type":"Organization","@id":"https:\/\/www.eldiariodetucuman.com\/web\/#organization","name":"El Diario de Tucuman","url":"https:\/\/www.eldiariodetucuman.com\/web\/","logo":{"@type":"ImageObject","inLanguage":"es","@id":"https:\/\/www.eldiariodetucuman.com\/web\/#\/schema\/logo\/image\/","url":"http:\/\/www.eldiariodetucuman.com\/web\/wp-content\/uploads\/2017\/12\/el-diario-de-tucuman.jpg","contentUrl":"http:\/\/www.eldiariodetucuman.com\/web\/wp-content\/uploads\/2017\/12\/el-diario-de-tucuman.jpg","width":272,"height":92,"caption":"El Diario de Tucuman"},"image":{"@id":"https:\/\/www.eldiariodetucuman.com\/web\/#\/schema\/logo\/image\/"}},{"@type":"Person","@id":"https:\/\/www.eldiariodetucuman.com\/web\/#\/schema\/person\/7e6644a46e60888f6b868594407e08dd","name":"Redactor Uno","image":{"@type":"ImageObject","inLanguage":"es","@id":"https:\/\/secure.gravatar.com\/avatar\/0049b1bdf1bd548385c9ea6b9356431717930913089febd2ba904f0187d7d074?s=96&d=mm&r=g","url":"https:\/\/secure.gravatar.com\/avatar\/0049b1bdf1bd548385c9ea6b9356431717930913089febd2ba904f0187d7d074?s=96&d=mm&r=g","contentUrl":"https:\/\/secure.gravatar.com\/avatar\/0049b1bdf1bd548385c9ea6b9356431717930913089febd2ba904f0187d7d074?s=96&d=mm&r=g","caption":"Redactor Uno"},"url":"https:\/\/www.eldiariodetucuman.com\/web\/author\/mramasco\/"}]}},"_links":{"self":[{"href":"https:\/\/www.eldiariodetucuman.com\/web\/wp-json\/wp\/v2\/posts\/24469","targetHints":{"allow":["GET"]}}],"collection":[{"href":"https:\/\/www.eldiariodetucuman.com\/web\/wp-json\/wp\/v2\/posts"}],"about":[{"href":"https:\/\/www.eldiariodetucuman.com\/web\/wp-json\/wp\/v2\/types\/post"}],"author":[{"embeddable":true,"href":"https:\/\/www.eldiariodetucuman.com\/web\/wp-json\/wp\/v2\/users\/5"}],"replies":[{"embeddable":true,"href":"https:\/\/www.eldiariodetucuman.com\/web\/wp-json\/wp\/v2\/comments?post=24469"}],"version-history":[{"count":3,"href":"https:\/\/www.eldiariodetucuman.com\/web\/wp-json\/wp\/v2\/posts\/24469\/revisions"}],"predecessor-version":[{"id":24472,"href":"https:\/\/www.eldiariodetucuman.com\/web\/wp-json\/wp\/v2\/posts\/24469\/revisions\/24472"}],"wp:featuredmedia":[{"embeddable":true,"href":"https:\/\/www.eldiariodetucuman.com\/web\/wp-json\/wp\/v2\/media\/24470"}],"wp:attachment":[{"href":"https:\/\/www.eldiariodetucuman.com\/web\/wp-json\/wp\/v2\/media?parent=24469"}],"wp:term":[{"taxonomy":"category","embeddable":true,"href":"https:\/\/www.eldiariodetucuman.com\/web\/wp-json\/wp\/v2\/categories?post=24469"},{"taxonomy":"post_tag","embeddable":true,"href":"https:\/\/www.eldiariodetucuman.com\/web\/wp-json\/wp\/v2\/tags?post=24469"}],"curies":[{"name":"wp","href":"https:\/\/api.w.org\/{rel}","templated":true}]}}