{"id":24457,"date":"2019-08-16T15:33:14","date_gmt":"2019-08-16T18:33:14","guid":{"rendered":"http:\/\/www.eldiariodetucuman.com\/web\/?p=24457"},"modified":"2019-08-16T15:33:14","modified_gmt":"2019-08-16T18:33:14","slug":"escrutinio-definitivo-alberto-fernandez-le-saco-mas-de-330-000-votos-a-macri-en-tucuman","status":"publish","type":"post","link":"https:\/\/www.eldiariodetucuman.com\/web\/escrutinio-definitivo-alberto-fernandez-le-saco-mas-de-330-000-votos-a-macri-en-tucuman\/","title":{"rendered":"Escrutinio definitivo: Alberto Fern\u00e1ndez le sac\u00f3 m\u00e1s de 330.000 votos a Macri en Tucum\u00e1n"},"content":{"rendered":"<p>Si se comparan los votos de los comicios generales de octubre de 2015 con los de las Primarias del \u00faltimo domingo, el resultado muestra que el presidente,\u00a0<strong>Mauricio Macri<\/strong>, pr\u00e1cticamente no cedi\u00f3 votos en Tucum\u00e1n. En cambio, s\u00ed increment\u00f3 sustancialmente sus sufragios la f\u00f3rmula peronista.<\/p>\n<p>La Justicia Electoral Nacional finaliz\u00f3 ya el escrutinio definitivo de las m\u00e1s de 3.700 mesas en las que se vot\u00f3 el domingo. El conteo confirma que el Frente de Todos se adjudic\u00f3\u00a0<a href=\"https:\/\/569.809\/\">569.809<\/a>\u00a0en la categor\u00eda presidente y\u00a0<a href=\"https:\/\/501.873\/\">501.873<\/a>\u00a0en diputados. En segundo lugar, Juntos por el Cambio se alz\u00f3 con\u00a0<a href=\"https:\/\/239.0.0.21\/\">239.025<\/a>\u00a0votos para Presidente y\u00a0<a href=\"https:\/\/226.0.3.159\/\">226.927<\/a>\u00a0en la compulsa para cargos legislativos.<\/p>\n<p>Mucho m\u00e1s atr\u00e1s aparecen Consenso Federal, con\u00a0<a href=\"https:\/\/65.0.2.173\/\">65.685<\/a>\u00a0(presidente) y\u00a0<a href=\"https:\/\/64.0.0.146\/\">64.146<\/a>(diputados); y Fuerza Republicana, con\u00a0<a href=\"https:\/\/56.0.3.222\/\">56.990<\/a>\u00a0adhesiones.<\/p>\n<p>En total, se emitieron el domingo\u00a0<a href=\"https:\/\/969.844\/\">969.844<\/a>\u00a0votos (77,69% del padr\u00f3n). Lo curioso es que hubo muchos m\u00e1s votos en blanco en la categor\u00eda Diputados que en la de f\u00f3rmulas presidenciales:\u00a0<a href=\"https:\/\/85.0.2.162\/\">85.674<\/a>\u00a0no escogieron ninguna de las n\u00f3minas legislativas y apenas\u00a0<a href=\"https:\/\/16.0.1.80\/\">16.336<\/a>\u00a0esquivaron las boletas presidenciales.<\/p>\n<p>Haciendo un paralelismo con los comicios de 2015, se observa que el macrismo en Tucum\u00e1n pr\u00e1cticamente sostuvos sus n\u00fameros. En las PASO de hace cuatro a\u00f1os, el PJ hab\u00eda obtenido\u00a0<a href=\"https:\/\/501.039\/\">501.039<\/a>\u00a0votos y Cambiemos\u00a0<a href=\"https:\/\/175.049\/\">175.049<\/a>. Tres meses despu\u00e9s, en octubre de ese a\u00f1o, las cifras cambiaron:\u00a0<strong>Daniel Scioli\u00a0<\/strong>recogi\u00f3 456.055 adhesiones en Tucum\u00e1n y Macri,\u00a0<a href=\"https:\/\/251.0.1.43\/\">251.299<\/a>\u00a0votos.<\/p>\n<p>Fuente: <a href=\"https:\/\/www.lagaceta.com.ar\/nota\/815507\/actualidad\/escrutinio-definitivo-alberto-fernandez-le-saco-mas-330000-votos-macri-tucuman.html\">La Gaceta<\/a><\/p>\n","protected":false},"excerpt":{"rendered":"<p>Si se comparan los votos de los comicios generales de octubre de 2015 con los de las Primarias del \u00faltimo domingo, el resultado muestra que el presidente,\u00a0Mauricio Macri, pr\u00e1cticamente no cedi\u00f3 votos en Tucum\u00e1n. En cambio, s\u00ed increment\u00f3 sustancialmente sus sufragios la f\u00f3rmula peronista. La Justicia Electoral Nacional finaliz\u00f3 ya el escrutinio definitivo de las [&hellip;]<\/p>\n","protected":false},"author":5,"featured_media":24458,"comment_status":"closed","ping_status":"open","sticky":false,"template":"","format":"standard","meta":{"footnotes":""},"categories":[3],"tags":[],"class_list":{"0":"post-24457","1":"post","2":"type-post","3":"status-publish","4":"format-standard","5":"has-post-thumbnail","7":"category-politica"},"yoast_head":"<!-- This site is optimized with the Yoast SEO plugin v27.5 - https:\/\/yoast.com\/product\/yoast-seo-wordpress\/ -->\n<title>Escrutinio definitivo: Alberto Fern\u00e1ndez le sac\u00f3 m\u00e1s de 330.000 votos a Macri en Tucum\u00e1n - El Diario de Tucuman<\/title>\n<meta name=\"robots\" content=\"index, follow, max-snippet:-1, max-image-preview:large, max-video-preview:-1\" \/>\n<link rel=\"canonical\" href=\"https:\/\/www.eldiariodetucuman.com\/web\/escrutinio-definitivo-alberto-fernandez-le-saco-mas-de-330-000-votos-a-macri-en-tucuman\/\" \/>\n<meta property=\"og:locale\" content=\"es_ES\" \/>\n<meta property=\"og:type\" content=\"article\" \/>\n<meta property=\"og:title\" content=\"Escrutinio definitivo: Alberto Fern\u00e1ndez le sac\u00f3 m\u00e1s de 330.000 votos a Macri en Tucum\u00e1n - El Diario de Tucuman\" \/>\n<meta property=\"og:description\" content=\"Si se comparan los votos de los comicios generales de octubre de 2015 con los de las Primarias del \u00faltimo domingo, el resultado muestra que el presidente,\u00a0Mauricio Macri, pr\u00e1cticamente no cedi\u00f3 votos en Tucum\u00e1n. En cambio, s\u00ed increment\u00f3 sustancialmente sus sufragios la f\u00f3rmula peronista. La Justicia Electoral Nacional finaliz\u00f3 ya el escrutinio definitivo de las [&hellip;]\" \/>\n<meta property=\"og:url\" content=\"https:\/\/www.eldiariodetucuman.com\/web\/escrutinio-definitivo-alberto-fernandez-le-saco-mas-de-330-000-votos-a-macri-en-tucuman\/\" \/>\n<meta property=\"og:site_name\" content=\"El Diario de Tucuman\" \/>\n<meta property=\"article:published_time\" content=\"2019-08-16T18:33:14+00:00\" \/>\n<meta property=\"og:image\" content=\"https:\/\/www.eldiariodetucuman.com\/web\/wp-content\/uploads\/2019\/08\/alberto-fernandez-1.png\" \/>\n\t<meta property=\"og:image:width\" content=\"673\" \/>\n\t<meta property=\"og:image:height\" content=\"376\" \/>\n\t<meta property=\"og:image:type\" content=\"image\/png\" \/>\n<meta name=\"author\" content=\"Redactor Uno\" \/>\n<meta name=\"twitter:card\" content=\"summary_large_image\" \/>\n<meta name=\"twitter:label1\" content=\"Escrito por\" \/>\n\t<meta name=\"twitter:data1\" content=\"Redactor Uno\" \/>\n\t<meta name=\"twitter:label2\" content=\"Tiempo de lectura\" \/>\n\t<meta name=\"twitter:data2\" content=\"1 minuto\" \/>\n<script type=\"application\/ld+json\" class=\"yoast-schema-graph\">{\"@context\":\"https:\\\/\\\/schema.org\",\"@graph\":[{\"@type\":\"Article\",\"@id\":\"https:\\\/\\\/www.eldiariodetucuman.com\\\/web\\\/escrutinio-definitivo-alberto-fernandez-le-saco-mas-de-330-000-votos-a-macri-en-tucuman\\\/#article\",\"isPartOf\":{\"@id\":\"https:\\\/\\\/www.eldiariodetucuman.com\\\/web\\\/escrutinio-definitivo-alberto-fernandez-le-saco-mas-de-330-000-votos-a-macri-en-tucuman\\\/\"},\"author\":{\"name\":\"Redactor Uno\",\"@id\":\"https:\\\/\\\/www.eldiariodetucuman.com\\\/web\\\/#\\\/schema\\\/person\\\/7e6644a46e60888f6b868594407e08dd\"},\"headline\":\"Escrutinio definitivo: Alberto Fern\u00e1ndez le sac\u00f3 m\u00e1s de 330.000 votos a Macri en Tucum\u00e1n\",\"datePublished\":\"2019-08-16T18:33:14+00:00\",\"mainEntityOfPage\":{\"@id\":\"https:\\\/\\\/www.eldiariodetucuman.com\\\/web\\\/escrutinio-definitivo-alberto-fernandez-le-saco-mas-de-330-000-votos-a-macri-en-tucuman\\\/\"},\"wordCount\":250,\"publisher\":{\"@id\":\"https:\\\/\\\/www.eldiariodetucuman.com\\\/web\\\/#organization\"},\"image\":{\"@id\":\"https:\\\/\\\/www.eldiariodetucuman.com\\\/web\\\/escrutinio-definitivo-alberto-fernandez-le-saco-mas-de-330-000-votos-a-macri-en-tucuman\\\/#primaryimage\"},\"thumbnailUrl\":\"https:\\\/\\\/www.eldiariodetucuman.com\\\/web\\\/wp-content\\\/uploads\\\/2019\\\/08\\\/alberto-fernandez-1.png\",\"articleSection\":[\"Politica\"],\"inLanguage\":\"es\"},{\"@type\":\"WebPage\",\"@id\":\"https:\\\/\\\/www.eldiariodetucuman.com\\\/web\\\/escrutinio-definitivo-alberto-fernandez-le-saco-mas-de-330-000-votos-a-macri-en-tucuman\\\/\",\"url\":\"https:\\\/\\\/www.eldiariodetucuman.com\\\/web\\\/escrutinio-definitivo-alberto-fernandez-le-saco-mas-de-330-000-votos-a-macri-en-tucuman\\\/\",\"name\":\"Escrutinio definitivo: Alberto Fern\u00e1ndez le sac\u00f3 m\u00e1s de 330.000 votos a Macri en Tucum\u00e1n - El Diario de Tucuman\",\"isPartOf\":{\"@id\":\"https:\\\/\\\/www.eldiariodetucuman.com\\\/web\\\/#website\"},\"primaryImageOfPage\":{\"@id\":\"https:\\\/\\\/www.eldiariodetucuman.com\\\/web\\\/escrutinio-definitivo-alberto-fernandez-le-saco-mas-de-330-000-votos-a-macri-en-tucuman\\\/#primaryimage\"},\"image\":{\"@id\":\"https:\\\/\\\/www.eldiariodetucuman.com\\\/web\\\/escrutinio-definitivo-alberto-fernandez-le-saco-mas-de-330-000-votos-a-macri-en-tucuman\\\/#primaryimage\"},\"thumbnailUrl\":\"https:\\\/\\\/www.eldiariodetucuman.com\\\/web\\\/wp-content\\\/uploads\\\/2019\\\/08\\\/alberto-fernandez-1.png\",\"datePublished\":\"2019-08-16T18:33:14+00:00\",\"breadcrumb\":{\"@id\":\"https:\\\/\\\/www.eldiariodetucuman.com\\\/web\\\/escrutinio-definitivo-alberto-fernandez-le-saco-mas-de-330-000-votos-a-macri-en-tucuman\\\/#breadcrumb\"},\"inLanguage\":\"es\",\"potentialAction\":[{\"@type\":\"ReadAction\",\"target\":[\"https:\\\/\\\/www.eldiariodetucuman.com\\\/web\\\/escrutinio-definitivo-alberto-fernandez-le-saco-mas-de-330-000-votos-a-macri-en-tucuman\\\/\"]}]},{\"@type\":\"ImageObject\",\"inLanguage\":\"es\",\"@id\":\"https:\\\/\\\/www.eldiariodetucuman.com\\\/web\\\/escrutinio-definitivo-alberto-fernandez-le-saco-mas-de-330-000-votos-a-macri-en-tucuman\\\/#primaryimage\",\"url\":\"https:\\\/\\\/www.eldiariodetucuman.com\\\/web\\\/wp-content\\\/uploads\\\/2019\\\/08\\\/alberto-fernandez-1.png\",\"contentUrl\":\"https:\\\/\\\/www.eldiariodetucuman.com\\\/web\\\/wp-content\\\/uploads\\\/2019\\\/08\\\/alberto-fernandez-1.png\",\"width\":673,\"height\":376},{\"@type\":\"BreadcrumbList\",\"@id\":\"https:\\\/\\\/www.eldiariodetucuman.com\\\/web\\\/escrutinio-definitivo-alberto-fernandez-le-saco-mas-de-330-000-votos-a-macri-en-tucuman\\\/#breadcrumb\",\"itemListElement\":[{\"@type\":\"ListItem\",\"position\":1,\"name\":\"Portada\",\"item\":\"https:\\\/\\\/www.eldiariodetucuman.com\\\/web\\\/\"},{\"@type\":\"ListItem\",\"position\":2,\"name\":\"Escrutinio definitivo: Alberto Fern\u00e1ndez le sac\u00f3 m\u00e1s de 330.000 votos a Macri en Tucum\u00e1n\"}]},{\"@type\":\"WebSite\",\"@id\":\"https:\\\/\\\/www.eldiariodetucuman.com\\\/web\\\/#website\",\"url\":\"https:\\\/\\\/www.eldiariodetucuman.com\\\/web\\\/\",\"name\":\"El Diario de Tucuman\",\"description\":\"Diario Tucuman - Informaci\u00f3n y noticias\",\"publisher\":{\"@id\":\"https:\\\/\\\/www.eldiariodetucuman.com\\\/web\\\/#organization\"},\"potentialAction\":[{\"@type\":\"SearchAction\",\"target\":{\"@type\":\"EntryPoint\",\"urlTemplate\":\"https:\\\/\\\/www.eldiariodetucuman.com\\\/web\\\/?s={search_term_string}\"},\"query-input\":{\"@type\":\"PropertyValueSpecification\",\"valueRequired\":true,\"valueName\":\"search_term_string\"}}],\"inLanguage\":\"es\"},{\"@type\":\"Organization\",\"@id\":\"https:\\\/\\\/www.eldiariodetucuman.com\\\/web\\\/#organization\",\"name\":\"El Diario de Tucuman\",\"url\":\"https:\\\/\\\/www.eldiariodetucuman.com\\\/web\\\/\",\"logo\":{\"@type\":\"ImageObject\",\"inLanguage\":\"es\",\"@id\":\"https:\\\/\\\/www.eldiariodetucuman.com\\\/web\\\/#\\\/schema\\\/logo\\\/image\\\/\",\"url\":\"http:\\\/\\\/www.eldiariodetucuman.com\\\/web\\\/wp-content\\\/uploads\\\/2017\\\/12\\\/el-diario-de-tucuman.jpg\",\"contentUrl\":\"http:\\\/\\\/www.eldiariodetucuman.com\\\/web\\\/wp-content\\\/uploads\\\/2017\\\/12\\\/el-diario-de-tucuman.jpg\",\"width\":272,\"height\":92,\"caption\":\"El Diario de Tucuman\"},\"image\":{\"@id\":\"https:\\\/\\\/www.eldiariodetucuman.com\\\/web\\\/#\\\/schema\\\/logo\\\/image\\\/\"}},{\"@type\":\"Person\",\"@id\":\"https:\\\/\\\/www.eldiariodetucuman.com\\\/web\\\/#\\\/schema\\\/person\\\/7e6644a46e60888f6b868594407e08dd\",\"name\":\"Redactor Uno\",\"image\":{\"@type\":\"ImageObject\",\"inLanguage\":\"es\",\"@id\":\"https:\\\/\\\/secure.gravatar.com\\\/avatar\\\/0049b1bdf1bd548385c9ea6b9356431717930913089febd2ba904f0187d7d074?s=96&d=mm&r=g\",\"url\":\"https:\\\/\\\/secure.gravatar.com\\\/avatar\\\/0049b1bdf1bd548385c9ea6b9356431717930913089febd2ba904f0187d7d074?s=96&d=mm&r=g\",\"contentUrl\":\"https:\\\/\\\/secure.gravatar.com\\\/avatar\\\/0049b1bdf1bd548385c9ea6b9356431717930913089febd2ba904f0187d7d074?s=96&d=mm&r=g\",\"caption\":\"Redactor Uno\"},\"url\":\"https:\\\/\\\/www.eldiariodetucuman.com\\\/web\\\/author\\\/mramasco\\\/\"}]}<\/script>\n<!-- \/ Yoast SEO plugin. -->","yoast_head_json":{"title":"Escrutinio definitivo: Alberto Fern\u00e1ndez le sac\u00f3 m\u00e1s de 330.000 votos a Macri en Tucum\u00e1n - El Diario de Tucuman","robots":{"index":"index","follow":"follow","max-snippet":"max-snippet:-1","max-image-preview":"max-image-preview:large","max-video-preview":"max-video-preview:-1"},"canonical":"https:\/\/www.eldiariodetucuman.com\/web\/escrutinio-definitivo-alberto-fernandez-le-saco-mas-de-330-000-votos-a-macri-en-tucuman\/","og_locale":"es_ES","og_type":"article","og_title":"Escrutinio definitivo: Alberto Fern\u00e1ndez le sac\u00f3 m\u00e1s de 330.000 votos a Macri en Tucum\u00e1n - El Diario de Tucuman","og_description":"Si se comparan los votos de los comicios generales de octubre de 2015 con los de las Primarias del \u00faltimo domingo, el resultado muestra que el presidente,\u00a0Mauricio Macri, pr\u00e1cticamente no cedi\u00f3 votos en Tucum\u00e1n. En cambio, s\u00ed increment\u00f3 sustancialmente sus sufragios la f\u00f3rmula peronista. La Justicia Electoral Nacional finaliz\u00f3 ya el escrutinio definitivo de las [&hellip;]","og_url":"https:\/\/www.eldiariodetucuman.com\/web\/escrutinio-definitivo-alberto-fernandez-le-saco-mas-de-330-000-votos-a-macri-en-tucuman\/","og_site_name":"El Diario de Tucuman","article_published_time":"2019-08-16T18:33:14+00:00","og_image":[{"width":673,"height":376,"url":"https:\/\/www.eldiariodetucuman.com\/web\/wp-content\/uploads\/2019\/08\/alberto-fernandez-1.png","type":"image\/png"}],"author":"Redactor Uno","twitter_card":"summary_large_image","twitter_misc":{"Escrito por":"Redactor Uno","Tiempo de lectura":"1 minuto"},"schema":{"@context":"https:\/\/schema.org","@graph":[{"@type":"Article","@id":"https:\/\/www.eldiariodetucuman.com\/web\/escrutinio-definitivo-alberto-fernandez-le-saco-mas-de-330-000-votos-a-macri-en-tucuman\/#article","isPartOf":{"@id":"https:\/\/www.eldiariodetucuman.com\/web\/escrutinio-definitivo-alberto-fernandez-le-saco-mas-de-330-000-votos-a-macri-en-tucuman\/"},"author":{"name":"Redactor Uno","@id":"https:\/\/www.eldiariodetucuman.com\/web\/#\/schema\/person\/7e6644a46e60888f6b868594407e08dd"},"headline":"Escrutinio definitivo: Alberto Fern\u00e1ndez le sac\u00f3 m\u00e1s de 330.000 votos a Macri en Tucum\u00e1n","datePublished":"2019-08-16T18:33:14+00:00","mainEntityOfPage":{"@id":"https:\/\/www.eldiariodetucuman.com\/web\/escrutinio-definitivo-alberto-fernandez-le-saco-mas-de-330-000-votos-a-macri-en-tucuman\/"},"wordCount":250,"publisher":{"@id":"https:\/\/www.eldiariodetucuman.com\/web\/#organization"},"image":{"@id":"https:\/\/www.eldiariodetucuman.com\/web\/escrutinio-definitivo-alberto-fernandez-le-saco-mas-de-330-000-votos-a-macri-en-tucuman\/#primaryimage"},"thumbnailUrl":"https:\/\/www.eldiariodetucuman.com\/web\/wp-content\/uploads\/2019\/08\/alberto-fernandez-1.png","articleSection":["Politica"],"inLanguage":"es"},{"@type":"WebPage","@id":"https:\/\/www.eldiariodetucuman.com\/web\/escrutinio-definitivo-alberto-fernandez-le-saco-mas-de-330-000-votos-a-macri-en-tucuman\/","url":"https:\/\/www.eldiariodetucuman.com\/web\/escrutinio-definitivo-alberto-fernandez-le-saco-mas-de-330-000-votos-a-macri-en-tucuman\/","name":"Escrutinio definitivo: Alberto Fern\u00e1ndez le sac\u00f3 m\u00e1s de 330.000 votos a Macri en Tucum\u00e1n - El Diario de Tucuman","isPartOf":{"@id":"https:\/\/www.eldiariodetucuman.com\/web\/#website"},"primaryImageOfPage":{"@id":"https:\/\/www.eldiariodetucuman.com\/web\/escrutinio-definitivo-alberto-fernandez-le-saco-mas-de-330-000-votos-a-macri-en-tucuman\/#primaryimage"},"image":{"@id":"https:\/\/www.eldiariodetucuman.com\/web\/escrutinio-definitivo-alberto-fernandez-le-saco-mas-de-330-000-votos-a-macri-en-tucuman\/#primaryimage"},"thumbnailUrl":"https:\/\/www.eldiariodetucuman.com\/web\/wp-content\/uploads\/2019\/08\/alberto-fernandez-1.png","datePublished":"2019-08-16T18:33:14+00:00","breadcrumb":{"@id":"https:\/\/www.eldiariodetucuman.com\/web\/escrutinio-definitivo-alberto-fernandez-le-saco-mas-de-330-000-votos-a-macri-en-tucuman\/#breadcrumb"},"inLanguage":"es","potentialAction":[{"@type":"ReadAction","target":["https:\/\/www.eldiariodetucuman.com\/web\/escrutinio-definitivo-alberto-fernandez-le-saco-mas-de-330-000-votos-a-macri-en-tucuman\/"]}]},{"@type":"ImageObject","inLanguage":"es","@id":"https:\/\/www.eldiariodetucuman.com\/web\/escrutinio-definitivo-alberto-fernandez-le-saco-mas-de-330-000-votos-a-macri-en-tucuman\/#primaryimage","url":"https:\/\/www.eldiariodetucuman.com\/web\/wp-content\/uploads\/2019\/08\/alberto-fernandez-1.png","contentUrl":"https:\/\/www.eldiariodetucuman.com\/web\/wp-content\/uploads\/2019\/08\/alberto-fernandez-1.png","width":673,"height":376},{"@type":"BreadcrumbList","@id":"https:\/\/www.eldiariodetucuman.com\/web\/escrutinio-definitivo-alberto-fernandez-le-saco-mas-de-330-000-votos-a-macri-en-tucuman\/#breadcrumb","itemListElement":[{"@type":"ListItem","position":1,"name":"Portada","item":"https:\/\/www.eldiariodetucuman.com\/web\/"},{"@type":"ListItem","position":2,"name":"Escrutinio definitivo: Alberto Fern\u00e1ndez le sac\u00f3 m\u00e1s de 330.000 votos a Macri en Tucum\u00e1n"}]},{"@type":"WebSite","@id":"https:\/\/www.eldiariodetucuman.com\/web\/#website","url":"https:\/\/www.eldiariodetucuman.com\/web\/","name":"El Diario de Tucuman","description":"Diario Tucuman - Informaci\u00f3n y noticias","publisher":{"@id":"https:\/\/www.eldiariodetucuman.com\/web\/#organization"},"potentialAction":[{"@type":"SearchAction","target":{"@type":"EntryPoint","urlTemplate":"https:\/\/www.eldiariodetucuman.com\/web\/?s={search_term_string}"},"query-input":{"@type":"PropertyValueSpecification","valueRequired":true,"valueName":"search_term_string"}}],"inLanguage":"es"},{"@type":"Organization","@id":"https:\/\/www.eldiariodetucuman.com\/web\/#organization","name":"El Diario de Tucuman","url":"https:\/\/www.eldiariodetucuman.com\/web\/","logo":{"@type":"ImageObject","inLanguage":"es","@id":"https:\/\/www.eldiariodetucuman.com\/web\/#\/schema\/logo\/image\/","url":"http:\/\/www.eldiariodetucuman.com\/web\/wp-content\/uploads\/2017\/12\/el-diario-de-tucuman.jpg","contentUrl":"http:\/\/www.eldiariodetucuman.com\/web\/wp-content\/uploads\/2017\/12\/el-diario-de-tucuman.jpg","width":272,"height":92,"caption":"El Diario de Tucuman"},"image":{"@id":"https:\/\/www.eldiariodetucuman.com\/web\/#\/schema\/logo\/image\/"}},{"@type":"Person","@id":"https:\/\/www.eldiariodetucuman.com\/web\/#\/schema\/person\/7e6644a46e60888f6b868594407e08dd","name":"Redactor Uno","image":{"@type":"ImageObject","inLanguage":"es","@id":"https:\/\/secure.gravatar.com\/avatar\/0049b1bdf1bd548385c9ea6b9356431717930913089febd2ba904f0187d7d074?s=96&d=mm&r=g","url":"https:\/\/secure.gravatar.com\/avatar\/0049b1bdf1bd548385c9ea6b9356431717930913089febd2ba904f0187d7d074?s=96&d=mm&r=g","contentUrl":"https:\/\/secure.gravatar.com\/avatar\/0049b1bdf1bd548385c9ea6b9356431717930913089febd2ba904f0187d7d074?s=96&d=mm&r=g","caption":"Redactor Uno"},"url":"https:\/\/www.eldiariodetucuman.com\/web\/author\/mramasco\/"}]}},"_links":{"self":[{"href":"https:\/\/www.eldiariodetucuman.com\/web\/wp-json\/wp\/v2\/posts\/24457","targetHints":{"allow":["GET"]}}],"collection":[{"href":"https:\/\/www.eldiariodetucuman.com\/web\/wp-json\/wp\/v2\/posts"}],"about":[{"href":"https:\/\/www.eldiariodetucuman.com\/web\/wp-json\/wp\/v2\/types\/post"}],"author":[{"embeddable":true,"href":"https:\/\/www.eldiariodetucuman.com\/web\/wp-json\/wp\/v2\/users\/5"}],"replies":[{"embeddable":true,"href":"https:\/\/www.eldiariodetucuman.com\/web\/wp-json\/wp\/v2\/comments?post=24457"}],"version-history":[{"count":2,"href":"https:\/\/www.eldiariodetucuman.com\/web\/wp-json\/wp\/v2\/posts\/24457\/revisions"}],"predecessor-version":[{"id":24460,"href":"https:\/\/www.eldiariodetucuman.com\/web\/wp-json\/wp\/v2\/posts\/24457\/revisions\/24460"}],"wp:featuredmedia":[{"embeddable":true,"href":"https:\/\/www.eldiariodetucuman.com\/web\/wp-json\/wp\/v2\/media\/24458"}],"wp:attachment":[{"href":"https:\/\/www.eldiariodetucuman.com\/web\/wp-json\/wp\/v2\/media?parent=24457"}],"wp:term":[{"taxonomy":"category","embeddable":true,"href":"https:\/\/www.eldiariodetucuman.com\/web\/wp-json\/wp\/v2\/categories?post=24457"},{"taxonomy":"post_tag","embeddable":true,"href":"https:\/\/www.eldiariodetucuman.com\/web\/wp-json\/wp\/v2\/tags?post=24457"}],"curies":[{"name":"wp","href":"https:\/\/api.w.org\/{rel}","templated":true}]}}