{"id":24453,"date":"2019-08-16T15:17:53","date_gmt":"2019-08-16T18:17:53","guid":{"rendered":"http:\/\/www.eldiariodetucuman.com\/web\/?p=24453"},"modified":"2019-08-16T15:18:26","modified_gmt":"2019-08-16T18:18:26","slug":"whatsapp-pondra-limites-y-bloqueara-a-los-usuarios-menores-de-13-anos","status":"publish","type":"post","link":"https:\/\/www.eldiariodetucuman.com\/web\/whatsapp-pondra-limites-y-bloqueara-a-los-usuarios-menores-de-13-anos\/","title":{"rendered":"WhatsApp pondr\u00e1 l\u00edmites y bloquear\u00e1 a los usuarios menores de 13 a\u00f1os"},"content":{"rendered":"<p><strong>WhatsApp planea lanzar una actualizaci\u00f3n que exigir\u00e1 a los usuarios tener una edad m\u00ednima para poder utilizar la App de mensajer\u00eda.<\/strong><\/p>\n<p>De acuerdo al portal WABetainfo, la App perteneciente a Facebook est\u00e1 desarrollando una nueva estrategia para supervisar a los usuarios, y as\u00ed evitar a quienes no cuenten con el m\u00ednimo de edad<strong>\u00a0-16 a\u00f1os para Europa y 13 a\u00f1os en el resto del mundo-.<\/strong><\/p>\n<p>B\u00e1sicamente, lo que se busca es cuidar los datos personales de los menores, as\u00ed como tambi\u00e9n protegerlos ante posibles acosadores.<\/p>\n<p><strong>\u201cDebes tener por lo menos 13 a\u00f1os de edad para poder usar nuestros Servicios (o la edad m\u00ednima requerida en tu pa\u00eds para tener autorizaci\u00f3n para usar nuestros servicios sin aprobaci\u00f3n de tus padres)\u201d<\/strong>, se\u00f1ala la aplicaci\u00f3n en su blog oficial.<\/p>\n<p>Esta restricci\u00f3n ser ver\u00e1 en la actualizaci\u00f3n 2.19.222 y se espera que el primer sistema operativo en recibirla ser\u00e1 iOS, pero a\u00fan se desconoce cu\u00e1ndo se lanzar\u00e1 en el sistema Android.<\/p>\n<p>Fuente: <a href=\"https:\/\/www.tucumanalas7.com.ar\/novedades\/2019\/8\/15\/whatsapp-pondra-limites-bloqueara-los-usuarios-menores-de-13-anos-185769.html\">Tucum\u00e1n a las 7<\/a><\/p>\n","protected":false},"excerpt":{"rendered":"<p>WhatsApp planea lanzar una actualizaci\u00f3n que exigir\u00e1 a los usuarios tener una edad m\u00ednima para poder utilizar la App de mensajer\u00eda. De acuerdo al portal WABetainfo, la App perteneciente a Facebook est\u00e1 desarrollando una nueva estrategia para supervisar a los usuarios, y as\u00ed evitar a quienes no cuenten con el m\u00ednimo de edad\u00a0-16 a\u00f1os para [&hellip;]<\/p>\n","protected":false},"author":5,"featured_media":24454,"comment_status":"closed","ping_status":"open","sticky":false,"template":"","format":"standard","meta":{"footnotes":""},"categories":[2],"tags":[],"class_list":{"0":"post-24453","1":"post","2":"type-post","3":"status-publish","4":"format-standard","5":"has-post-thumbnail","7":"category-actualidad"},"yoast_head":"<!-- This site is optimized with the Yoast SEO plugin v27.5 - https:\/\/yoast.com\/product\/yoast-seo-wordpress\/ -->\n<title>WhatsApp pondr\u00e1 l\u00edmites y bloquear\u00e1 a los usuarios menores de 13 a\u00f1os - El Diario de Tucuman<\/title>\n<meta name=\"robots\" content=\"index, follow, max-snippet:-1, max-image-preview:large, max-video-preview:-1\" \/>\n<link rel=\"canonical\" href=\"https:\/\/www.eldiariodetucuman.com\/web\/whatsapp-pondra-limites-y-bloqueara-a-los-usuarios-menores-de-13-anos\/\" \/>\n<meta property=\"og:locale\" content=\"es_ES\" \/>\n<meta property=\"og:type\" content=\"article\" \/>\n<meta property=\"og:title\" content=\"WhatsApp pondr\u00e1 l\u00edmites y bloquear\u00e1 a los usuarios menores de 13 a\u00f1os - El Diario de Tucuman\" \/>\n<meta property=\"og:description\" content=\"WhatsApp planea lanzar una actualizaci\u00f3n que exigir\u00e1 a los usuarios tener una edad m\u00ednima para poder utilizar la App de mensajer\u00eda. De acuerdo al portal WABetainfo, la App perteneciente a Facebook est\u00e1 desarrollando una nueva estrategia para supervisar a los usuarios, y as\u00ed evitar a quienes no cuenten con el m\u00ednimo de edad\u00a0-16 a\u00f1os para [&hellip;]\" \/>\n<meta property=\"og:url\" content=\"https:\/\/www.eldiariodetucuman.com\/web\/whatsapp-pondra-limites-y-bloqueara-a-los-usuarios-menores-de-13-anos\/\" \/>\n<meta property=\"og:site_name\" content=\"El Diario de Tucuman\" \/>\n<meta property=\"article:published_time\" content=\"2019-08-16T18:17:53+00:00\" \/>\n<meta property=\"article:modified_time\" content=\"2019-08-16T18:18:26+00:00\" \/>\n<meta property=\"og:image\" content=\"https:\/\/www.eldiariodetucuman.com\/web\/wp-content\/uploads\/2019\/08\/f800x450-91678_143124_0.jpg\" \/>\n\t<meta property=\"og:image:width\" content=\"800\" \/>\n\t<meta property=\"og:image:height\" content=\"450\" \/>\n\t<meta property=\"og:image:type\" content=\"image\/jpeg\" \/>\n<meta name=\"author\" content=\"Redactor Uno\" \/>\n<meta name=\"twitter:card\" content=\"summary_large_image\" \/>\n<meta name=\"twitter:label1\" content=\"Escrito por\" \/>\n\t<meta name=\"twitter:data1\" content=\"Redactor Uno\" \/>\n\t<meta name=\"twitter:label2\" content=\"Tiempo de lectura\" \/>\n\t<meta name=\"twitter:data2\" content=\"1 minuto\" \/>\n<script type=\"application\/ld+json\" class=\"yoast-schema-graph\">{\"@context\":\"https:\\\/\\\/schema.org\",\"@graph\":[{\"@type\":\"Article\",\"@id\":\"https:\\\/\\\/www.eldiariodetucuman.com\\\/web\\\/whatsapp-pondra-limites-y-bloqueara-a-los-usuarios-menores-de-13-anos\\\/#article\",\"isPartOf\":{\"@id\":\"https:\\\/\\\/www.eldiariodetucuman.com\\\/web\\\/whatsapp-pondra-limites-y-bloqueara-a-los-usuarios-menores-de-13-anos\\\/\"},\"author\":{\"name\":\"Redactor Uno\",\"@id\":\"https:\\\/\\\/www.eldiariodetucuman.com\\\/web\\\/#\\\/schema\\\/person\\\/7e6644a46e60888f6b868594407e08dd\"},\"headline\":\"WhatsApp pondr\u00e1 l\u00edmites y bloquear\u00e1 a los usuarios menores de 13 a\u00f1os\",\"datePublished\":\"2019-08-16T18:17:53+00:00\",\"dateModified\":\"2019-08-16T18:18:26+00:00\",\"mainEntityOfPage\":{\"@id\":\"https:\\\/\\\/www.eldiariodetucuman.com\\\/web\\\/whatsapp-pondra-limites-y-bloqueara-a-los-usuarios-menores-de-13-anos\\\/\"},\"wordCount\":191,\"publisher\":{\"@id\":\"https:\\\/\\\/www.eldiariodetucuman.com\\\/web\\\/#organization\"},\"image\":{\"@id\":\"https:\\\/\\\/www.eldiariodetucuman.com\\\/web\\\/whatsapp-pondra-limites-y-bloqueara-a-los-usuarios-menores-de-13-anos\\\/#primaryimage\"},\"thumbnailUrl\":\"https:\\\/\\\/www.eldiariodetucuman.com\\\/web\\\/wp-content\\\/uploads\\\/2019\\\/08\\\/f800x450-91678_143124_0.jpg\",\"articleSection\":[\"Actualidad\"],\"inLanguage\":\"es\"},{\"@type\":\"WebPage\",\"@id\":\"https:\\\/\\\/www.eldiariodetucuman.com\\\/web\\\/whatsapp-pondra-limites-y-bloqueara-a-los-usuarios-menores-de-13-anos\\\/\",\"url\":\"https:\\\/\\\/www.eldiariodetucuman.com\\\/web\\\/whatsapp-pondra-limites-y-bloqueara-a-los-usuarios-menores-de-13-anos\\\/\",\"name\":\"WhatsApp pondr\u00e1 l\u00edmites y bloquear\u00e1 a los usuarios menores de 13 a\u00f1os - El Diario de Tucuman\",\"isPartOf\":{\"@id\":\"https:\\\/\\\/www.eldiariodetucuman.com\\\/web\\\/#website\"},\"primaryImageOfPage\":{\"@id\":\"https:\\\/\\\/www.eldiariodetucuman.com\\\/web\\\/whatsapp-pondra-limites-y-bloqueara-a-los-usuarios-menores-de-13-anos\\\/#primaryimage\"},\"image\":{\"@id\":\"https:\\\/\\\/www.eldiariodetucuman.com\\\/web\\\/whatsapp-pondra-limites-y-bloqueara-a-los-usuarios-menores-de-13-anos\\\/#primaryimage\"},\"thumbnailUrl\":\"https:\\\/\\\/www.eldiariodetucuman.com\\\/web\\\/wp-content\\\/uploads\\\/2019\\\/08\\\/f800x450-91678_143124_0.jpg\",\"datePublished\":\"2019-08-16T18:17:53+00:00\",\"dateModified\":\"2019-08-16T18:18:26+00:00\",\"breadcrumb\":{\"@id\":\"https:\\\/\\\/www.eldiariodetucuman.com\\\/web\\\/whatsapp-pondra-limites-y-bloqueara-a-los-usuarios-menores-de-13-anos\\\/#breadcrumb\"},\"inLanguage\":\"es\",\"potentialAction\":[{\"@type\":\"ReadAction\",\"target\":[\"https:\\\/\\\/www.eldiariodetucuman.com\\\/web\\\/whatsapp-pondra-limites-y-bloqueara-a-los-usuarios-menores-de-13-anos\\\/\"]}]},{\"@type\":\"ImageObject\",\"inLanguage\":\"es\",\"@id\":\"https:\\\/\\\/www.eldiariodetucuman.com\\\/web\\\/whatsapp-pondra-limites-y-bloqueara-a-los-usuarios-menores-de-13-anos\\\/#primaryimage\",\"url\":\"https:\\\/\\\/www.eldiariodetucuman.com\\\/web\\\/wp-content\\\/uploads\\\/2019\\\/08\\\/f800x450-91678_143124_0.jpg\",\"contentUrl\":\"https:\\\/\\\/www.eldiariodetucuman.com\\\/web\\\/wp-content\\\/uploads\\\/2019\\\/08\\\/f800x450-91678_143124_0.jpg\",\"width\":800,\"height\":450},{\"@type\":\"BreadcrumbList\",\"@id\":\"https:\\\/\\\/www.eldiariodetucuman.com\\\/web\\\/whatsapp-pondra-limites-y-bloqueara-a-los-usuarios-menores-de-13-anos\\\/#breadcrumb\",\"itemListElement\":[{\"@type\":\"ListItem\",\"position\":1,\"name\":\"Portada\",\"item\":\"https:\\\/\\\/www.eldiariodetucuman.com\\\/web\\\/\"},{\"@type\":\"ListItem\",\"position\":2,\"name\":\"WhatsApp pondr\u00e1 l\u00edmites y bloquear\u00e1 a los usuarios menores de 13 a\u00f1os\"}]},{\"@type\":\"WebSite\",\"@id\":\"https:\\\/\\\/www.eldiariodetucuman.com\\\/web\\\/#website\",\"url\":\"https:\\\/\\\/www.eldiariodetucuman.com\\\/web\\\/\",\"name\":\"El Diario de Tucuman\",\"description\":\"Diario Tucuman - Informaci\u00f3n y noticias\",\"publisher\":{\"@id\":\"https:\\\/\\\/www.eldiariodetucuman.com\\\/web\\\/#organization\"},\"potentialAction\":[{\"@type\":\"SearchAction\",\"target\":{\"@type\":\"EntryPoint\",\"urlTemplate\":\"https:\\\/\\\/www.eldiariodetucuman.com\\\/web\\\/?s={search_term_string}\"},\"query-input\":{\"@type\":\"PropertyValueSpecification\",\"valueRequired\":true,\"valueName\":\"search_term_string\"}}],\"inLanguage\":\"es\"},{\"@type\":\"Organization\",\"@id\":\"https:\\\/\\\/www.eldiariodetucuman.com\\\/web\\\/#organization\",\"name\":\"El Diario de Tucuman\",\"url\":\"https:\\\/\\\/www.eldiariodetucuman.com\\\/web\\\/\",\"logo\":{\"@type\":\"ImageObject\",\"inLanguage\":\"es\",\"@id\":\"https:\\\/\\\/www.eldiariodetucuman.com\\\/web\\\/#\\\/schema\\\/logo\\\/image\\\/\",\"url\":\"http:\\\/\\\/www.eldiariodetucuman.com\\\/web\\\/wp-content\\\/uploads\\\/2017\\\/12\\\/el-diario-de-tucuman.jpg\",\"contentUrl\":\"http:\\\/\\\/www.eldiariodetucuman.com\\\/web\\\/wp-content\\\/uploads\\\/2017\\\/12\\\/el-diario-de-tucuman.jpg\",\"width\":272,\"height\":92,\"caption\":\"El Diario de Tucuman\"},\"image\":{\"@id\":\"https:\\\/\\\/www.eldiariodetucuman.com\\\/web\\\/#\\\/schema\\\/logo\\\/image\\\/\"}},{\"@type\":\"Person\",\"@id\":\"https:\\\/\\\/www.eldiariodetucuman.com\\\/web\\\/#\\\/schema\\\/person\\\/7e6644a46e60888f6b868594407e08dd\",\"name\":\"Redactor Uno\",\"image\":{\"@type\":\"ImageObject\",\"inLanguage\":\"es\",\"@id\":\"https:\\\/\\\/secure.gravatar.com\\\/avatar\\\/0049b1bdf1bd548385c9ea6b9356431717930913089febd2ba904f0187d7d074?s=96&d=mm&r=g\",\"url\":\"https:\\\/\\\/secure.gravatar.com\\\/avatar\\\/0049b1bdf1bd548385c9ea6b9356431717930913089febd2ba904f0187d7d074?s=96&d=mm&r=g\",\"contentUrl\":\"https:\\\/\\\/secure.gravatar.com\\\/avatar\\\/0049b1bdf1bd548385c9ea6b9356431717930913089febd2ba904f0187d7d074?s=96&d=mm&r=g\",\"caption\":\"Redactor Uno\"},\"url\":\"https:\\\/\\\/www.eldiariodetucuman.com\\\/web\\\/author\\\/mramasco\\\/\"}]}<\/script>\n<!-- \/ Yoast SEO plugin. -->","yoast_head_json":{"title":"WhatsApp pondr\u00e1 l\u00edmites y bloquear\u00e1 a los usuarios menores de 13 a\u00f1os - El Diario de Tucuman","robots":{"index":"index","follow":"follow","max-snippet":"max-snippet:-1","max-image-preview":"max-image-preview:large","max-video-preview":"max-video-preview:-1"},"canonical":"https:\/\/www.eldiariodetucuman.com\/web\/whatsapp-pondra-limites-y-bloqueara-a-los-usuarios-menores-de-13-anos\/","og_locale":"es_ES","og_type":"article","og_title":"WhatsApp pondr\u00e1 l\u00edmites y bloquear\u00e1 a los usuarios menores de 13 a\u00f1os - El Diario de Tucuman","og_description":"WhatsApp planea lanzar una actualizaci\u00f3n que exigir\u00e1 a los usuarios tener una edad m\u00ednima para poder utilizar la App de mensajer\u00eda. De acuerdo al portal WABetainfo, la App perteneciente a Facebook est\u00e1 desarrollando una nueva estrategia para supervisar a los usuarios, y as\u00ed evitar a quienes no cuenten con el m\u00ednimo de edad\u00a0-16 a\u00f1os para [&hellip;]","og_url":"https:\/\/www.eldiariodetucuman.com\/web\/whatsapp-pondra-limites-y-bloqueara-a-los-usuarios-menores-de-13-anos\/","og_site_name":"El Diario de Tucuman","article_published_time":"2019-08-16T18:17:53+00:00","article_modified_time":"2019-08-16T18:18:26+00:00","og_image":[{"width":800,"height":450,"url":"https:\/\/www.eldiariodetucuman.com\/web\/wp-content\/uploads\/2019\/08\/f800x450-91678_143124_0.jpg","type":"image\/jpeg"}],"author":"Redactor Uno","twitter_card":"summary_large_image","twitter_misc":{"Escrito por":"Redactor Uno","Tiempo de lectura":"1 minuto"},"schema":{"@context":"https:\/\/schema.org","@graph":[{"@type":"Article","@id":"https:\/\/www.eldiariodetucuman.com\/web\/whatsapp-pondra-limites-y-bloqueara-a-los-usuarios-menores-de-13-anos\/#article","isPartOf":{"@id":"https:\/\/www.eldiariodetucuman.com\/web\/whatsapp-pondra-limites-y-bloqueara-a-los-usuarios-menores-de-13-anos\/"},"author":{"name":"Redactor Uno","@id":"https:\/\/www.eldiariodetucuman.com\/web\/#\/schema\/person\/7e6644a46e60888f6b868594407e08dd"},"headline":"WhatsApp pondr\u00e1 l\u00edmites y bloquear\u00e1 a los usuarios menores de 13 a\u00f1os","datePublished":"2019-08-16T18:17:53+00:00","dateModified":"2019-08-16T18:18:26+00:00","mainEntityOfPage":{"@id":"https:\/\/www.eldiariodetucuman.com\/web\/whatsapp-pondra-limites-y-bloqueara-a-los-usuarios-menores-de-13-anos\/"},"wordCount":191,"publisher":{"@id":"https:\/\/www.eldiariodetucuman.com\/web\/#organization"},"image":{"@id":"https:\/\/www.eldiariodetucuman.com\/web\/whatsapp-pondra-limites-y-bloqueara-a-los-usuarios-menores-de-13-anos\/#primaryimage"},"thumbnailUrl":"https:\/\/www.eldiariodetucuman.com\/web\/wp-content\/uploads\/2019\/08\/f800x450-91678_143124_0.jpg","articleSection":["Actualidad"],"inLanguage":"es"},{"@type":"WebPage","@id":"https:\/\/www.eldiariodetucuman.com\/web\/whatsapp-pondra-limites-y-bloqueara-a-los-usuarios-menores-de-13-anos\/","url":"https:\/\/www.eldiariodetucuman.com\/web\/whatsapp-pondra-limites-y-bloqueara-a-los-usuarios-menores-de-13-anos\/","name":"WhatsApp pondr\u00e1 l\u00edmites y bloquear\u00e1 a los usuarios menores de 13 a\u00f1os - El Diario de Tucuman","isPartOf":{"@id":"https:\/\/www.eldiariodetucuman.com\/web\/#website"},"primaryImageOfPage":{"@id":"https:\/\/www.eldiariodetucuman.com\/web\/whatsapp-pondra-limites-y-bloqueara-a-los-usuarios-menores-de-13-anos\/#primaryimage"},"image":{"@id":"https:\/\/www.eldiariodetucuman.com\/web\/whatsapp-pondra-limites-y-bloqueara-a-los-usuarios-menores-de-13-anos\/#primaryimage"},"thumbnailUrl":"https:\/\/www.eldiariodetucuman.com\/web\/wp-content\/uploads\/2019\/08\/f800x450-91678_143124_0.jpg","datePublished":"2019-08-16T18:17:53+00:00","dateModified":"2019-08-16T18:18:26+00:00","breadcrumb":{"@id":"https:\/\/www.eldiariodetucuman.com\/web\/whatsapp-pondra-limites-y-bloqueara-a-los-usuarios-menores-de-13-anos\/#breadcrumb"},"inLanguage":"es","potentialAction":[{"@type":"ReadAction","target":["https:\/\/www.eldiariodetucuman.com\/web\/whatsapp-pondra-limites-y-bloqueara-a-los-usuarios-menores-de-13-anos\/"]}]},{"@type":"ImageObject","inLanguage":"es","@id":"https:\/\/www.eldiariodetucuman.com\/web\/whatsapp-pondra-limites-y-bloqueara-a-los-usuarios-menores-de-13-anos\/#primaryimage","url":"https:\/\/www.eldiariodetucuman.com\/web\/wp-content\/uploads\/2019\/08\/f800x450-91678_143124_0.jpg","contentUrl":"https:\/\/www.eldiariodetucuman.com\/web\/wp-content\/uploads\/2019\/08\/f800x450-91678_143124_0.jpg","width":800,"height":450},{"@type":"BreadcrumbList","@id":"https:\/\/www.eldiariodetucuman.com\/web\/whatsapp-pondra-limites-y-bloqueara-a-los-usuarios-menores-de-13-anos\/#breadcrumb","itemListElement":[{"@type":"ListItem","position":1,"name":"Portada","item":"https:\/\/www.eldiariodetucuman.com\/web\/"},{"@type":"ListItem","position":2,"name":"WhatsApp pondr\u00e1 l\u00edmites y bloquear\u00e1 a los usuarios menores de 13 a\u00f1os"}]},{"@type":"WebSite","@id":"https:\/\/www.eldiariodetucuman.com\/web\/#website","url":"https:\/\/www.eldiariodetucuman.com\/web\/","name":"El Diario de Tucuman","description":"Diario Tucuman - Informaci\u00f3n y noticias","publisher":{"@id":"https:\/\/www.eldiariodetucuman.com\/web\/#organization"},"potentialAction":[{"@type":"SearchAction","target":{"@type":"EntryPoint","urlTemplate":"https:\/\/www.eldiariodetucuman.com\/web\/?s={search_term_string}"},"query-input":{"@type":"PropertyValueSpecification","valueRequired":true,"valueName":"search_term_string"}}],"inLanguage":"es"},{"@type":"Organization","@id":"https:\/\/www.eldiariodetucuman.com\/web\/#organization","name":"El Diario de Tucuman","url":"https:\/\/www.eldiariodetucuman.com\/web\/","logo":{"@type":"ImageObject","inLanguage":"es","@id":"https:\/\/www.eldiariodetucuman.com\/web\/#\/schema\/logo\/image\/","url":"http:\/\/www.eldiariodetucuman.com\/web\/wp-content\/uploads\/2017\/12\/el-diario-de-tucuman.jpg","contentUrl":"http:\/\/www.eldiariodetucuman.com\/web\/wp-content\/uploads\/2017\/12\/el-diario-de-tucuman.jpg","width":272,"height":92,"caption":"El Diario de Tucuman"},"image":{"@id":"https:\/\/www.eldiariodetucuman.com\/web\/#\/schema\/logo\/image\/"}},{"@type":"Person","@id":"https:\/\/www.eldiariodetucuman.com\/web\/#\/schema\/person\/7e6644a46e60888f6b868594407e08dd","name":"Redactor Uno","image":{"@type":"ImageObject","inLanguage":"es","@id":"https:\/\/secure.gravatar.com\/avatar\/0049b1bdf1bd548385c9ea6b9356431717930913089febd2ba904f0187d7d074?s=96&d=mm&r=g","url":"https:\/\/secure.gravatar.com\/avatar\/0049b1bdf1bd548385c9ea6b9356431717930913089febd2ba904f0187d7d074?s=96&d=mm&r=g","contentUrl":"https:\/\/secure.gravatar.com\/avatar\/0049b1bdf1bd548385c9ea6b9356431717930913089febd2ba904f0187d7d074?s=96&d=mm&r=g","caption":"Redactor Uno"},"url":"https:\/\/www.eldiariodetucuman.com\/web\/author\/mramasco\/"}]}},"_links":{"self":[{"href":"https:\/\/www.eldiariodetucuman.com\/web\/wp-json\/wp\/v2\/posts\/24453","targetHints":{"allow":["GET"]}}],"collection":[{"href":"https:\/\/www.eldiariodetucuman.com\/web\/wp-json\/wp\/v2\/posts"}],"about":[{"href":"https:\/\/www.eldiariodetucuman.com\/web\/wp-json\/wp\/v2\/types\/post"}],"author":[{"embeddable":true,"href":"https:\/\/www.eldiariodetucuman.com\/web\/wp-json\/wp\/v2\/users\/5"}],"replies":[{"embeddable":true,"href":"https:\/\/www.eldiariodetucuman.com\/web\/wp-json\/wp\/v2\/comments?post=24453"}],"version-history":[{"count":1,"href":"https:\/\/www.eldiariodetucuman.com\/web\/wp-json\/wp\/v2\/posts\/24453\/revisions"}],"predecessor-version":[{"id":24455,"href":"https:\/\/www.eldiariodetucuman.com\/web\/wp-json\/wp\/v2\/posts\/24453\/revisions\/24455"}],"wp:featuredmedia":[{"embeddable":true,"href":"https:\/\/www.eldiariodetucuman.com\/web\/wp-json\/wp\/v2\/media\/24454"}],"wp:attachment":[{"href":"https:\/\/www.eldiariodetucuman.com\/web\/wp-json\/wp\/v2\/media?parent=24453"}],"wp:term":[{"taxonomy":"category","embeddable":true,"href":"https:\/\/www.eldiariodetucuman.com\/web\/wp-json\/wp\/v2\/categories?post=24453"},{"taxonomy":"post_tag","embeddable":true,"href":"https:\/\/www.eldiariodetucuman.com\/web\/wp-json\/wp\/v2\/tags?post=24453"}],"curies":[{"name":"wp","href":"https:\/\/api.w.org\/{rel}","templated":true}]}}