{"id":24449,"date":"2019-08-16T15:12:08","date_gmt":"2019-08-16T18:12:08","guid":{"rendered":"http:\/\/www.eldiariodetucuman.com\/web\/?p=24449"},"modified":"2019-08-16T15:27:36","modified_gmt":"2019-08-16T18:27:36","slug":"estos-son-los-13-productos-que-no-pagaran-iva-hasta-diciembre","status":"publish","type":"post","link":"https:\/\/www.eldiariodetucuman.com\/web\/estos-son-los-13-productos-que-no-pagaran-iva-hasta-diciembre\/","title":{"rendered":"Estos son los 13 productos que no pagar\u00e1n IVA hasta diciembre"},"content":{"rendered":"<h2 id=\"spksumary\">El decreto de emergencia social busca reducir el impacto de la devaluaci\u00f3n del peso.<\/h2>\n<div class=\"info\">\n<div class=\"clear\"><\/div>\n<\/div>\n<div id=\"spktext\" class=\"newsBody js-texto\">\n<p>El Gobierno nacional elimin\u00f3 el Impuesto al Valor Agregado (IVA), que grava a los productos en un 21%, a 13 alimentos de la canasta b\u00e1sica hasta fin de a\u00f1o, a trav\u00e9s del decreto 567\/2019 publicado hoy en el Bolet\u00edn Oficial.<\/p>\n<p>Se trata de aceite de girasol, ma\u00edz y mezcla, arroz, az\u00facar, conservas de frutas, hortalizas y legumbres, harina de ma\u00edz, harinas de trigo, huevos, leche fluida entera o descremada con aditivos, pan, pan rallado y rebozador, pastas secas, yerba mate, mate cocido y t\u00e9, yogur entero y descremado.<\/p>\n<p class=\"style frase\">El decreto precis\u00f3 que la medida comenzar\u00e1 a regir a partir de su publicaci\u00f3n en el Bolet\u00edn Oficial hasta el 31 de diciembre de 2019 inclusive.<\/p>\n<p>La norma establece que el Ministerio de Producci\u00f3n y Trabajo est\u00e1 facultado para intervenir en los mercados \u00aben los casos en que su funcionamiento perjudique la lealtad comercial, el bienestar de los usuarios y consumidores y el normal desenvolvimiento de la econom\u00eda de acuerdo a los objetivos del desarrollo nacional\u00bb.<\/p>\n<p>Se se\u00f1ala adem\u00e1s la vigencia hasta fin de a\u00f1o de la ley 27.345, de emergencia social, \u00abcon miras a garantizar alimentaci\u00f3n adecuada, vivienda digna, educaci\u00f3n, vestuario, cobertura m\u00e9dica, transporte y esparcimiento, vacaciones y protecci\u00f3n previsional\u00bb, con fundamento en las garant\u00edas otorgadas al \u00abtrabajo en sus diversas formas\u00bb por el art\u00edculo 14 bis y al mandato de procurar \u00abel progreso econ\u00f3mico con justicia social\u00bb establecido en el art\u00edculo 75, inciso 19, ambos de la Constituci\u00f3n nacional.<\/p>\n<p>En ese marco, indic\u00f3 el decreto, \u00abcorresponde velar y garantizar el abastecimiento normal y habitual en el mercado interno a efectos de cubrir las necesidades del pueblo argentino\u00bb.<\/p>\n<p>La medida indica asimismo que la falta de suministro de productos en el mercado \u00abprovoca un grave impacto, con el consiguiente perjuicio de la sociedad toda, requiriendo la adopci\u00f3n de medidas urgentes por parte del Gobierno nacional\u00bb.<br \/>\n<strong><br \/>\nIncluye alimentos de todas las marcas:<\/strong><\/p>\n<p>&#8211; Leche<\/p>\n<p>&#8211; Pan<\/p>\n<p>&#8211; Pastas<\/p>\n<p>&#8211; Yerba mate<\/p>\n<p>&#8211; Arroz<\/p>\n<p>&#8211; Az\u00facar<\/p>\n<p>&#8211; Aceite girasol<\/p>\n<p>&#8211; Aceite mezcla<\/p>\n<p>&#8211; Polenta<\/p>\n<p>&#8211; Legumbres<\/p>\n<p>&#8211; Rebozador<\/p>\n<p>&#8211; Pan rallado<\/p>\n<p>&#8211; Harinas de trigo<\/p>\n<p>&#8211; T\u00e9<\/p>\n<p>&#8211; Mate cocido<\/p>\n<p>&#8211; Huevos<\/p>\n<p>&#8211; Conservas de fruta<\/p>\n<\/div>\n<p>Fuente: <a href=\"https:\/\/www.lagaceta.com.ar\/nota\/815491\/actualidad\/estos-son-13-productos-no-pagaran-iva-hasta-diciembre.html\">La Gaceta<\/a><\/p>\n","protected":false},"excerpt":{"rendered":"<p>El decreto de emergencia social busca reducir el impacto de la devaluaci\u00f3n del peso. El Gobierno nacional elimin\u00f3 el Impuesto al Valor Agregado (IVA), que grava a los productos en un 21%, a 13 alimentos de la canasta b\u00e1sica hasta fin de a\u00f1o, a trav\u00e9s del decreto 567\/2019 publicado hoy en el Bolet\u00edn Oficial. Se [&hellip;]<\/p>\n","protected":false},"author":5,"featured_media":24450,"comment_status":"closed","ping_status":"open","sticky":false,"template":"","format":"standard","meta":{"footnotes":""},"categories":[3],"tags":[],"class_list":{"0":"post-24449","1":"post","2":"type-post","3":"status-publish","4":"format-standard","5":"has-post-thumbnail","7":"category-politica"},"yoast_head":"<!-- This site is optimized with the Yoast SEO plugin v27.5 - https:\/\/yoast.com\/product\/yoast-seo-wordpress\/ -->\n<title>Estos son los 13 productos que no pagar\u00e1n IVA hasta diciembre - El Diario de Tucuman<\/title>\n<meta name=\"robots\" content=\"index, follow, max-snippet:-1, max-image-preview:large, max-video-preview:-1\" \/>\n<link rel=\"canonical\" href=\"https:\/\/www.eldiariodetucuman.com\/web\/estos-son-los-13-productos-que-no-pagaran-iva-hasta-diciembre\/\" \/>\n<meta property=\"og:locale\" content=\"es_ES\" \/>\n<meta property=\"og:type\" content=\"article\" \/>\n<meta property=\"og:title\" content=\"Estos son los 13 productos que no pagar\u00e1n IVA hasta diciembre - El Diario de Tucuman\" \/>\n<meta property=\"og:description\" content=\"El decreto de emergencia social busca reducir el impacto de la devaluaci\u00f3n del peso. El Gobierno nacional elimin\u00f3 el Impuesto al Valor Agregado (IVA), que grava a los productos en un 21%, a 13 alimentos de la canasta b\u00e1sica hasta fin de a\u00f1o, a trav\u00e9s del decreto 567\/2019 publicado hoy en el Bolet\u00edn Oficial. Se [&hellip;]\" \/>\n<meta property=\"og:url\" content=\"https:\/\/www.eldiariodetucuman.com\/web\/estos-son-los-13-productos-que-no-pagaran-iva-hasta-diciembre\/\" \/>\n<meta property=\"og:site_name\" content=\"El Diario de Tucuman\" \/>\n<meta property=\"article:published_time\" content=\"2019-08-16T18:12:08+00:00\" \/>\n<meta property=\"article:modified_time\" content=\"2019-08-16T18:27:36+00:00\" \/>\n<meta property=\"og:image\" content=\"https:\/\/www.eldiariodetucuman.com\/web\/wp-content\/uploads\/2019\/08\/changuito2.jpg\" \/>\n\t<meta property=\"og:image:width\" content=\"1366\" \/>\n\t<meta property=\"og:image:height\" content=\"765\" \/>\n\t<meta property=\"og:image:type\" content=\"image\/jpeg\" \/>\n<meta name=\"author\" content=\"Redactor Uno\" \/>\n<meta name=\"twitter:card\" content=\"summary_large_image\" \/>\n<meta name=\"twitter:label1\" content=\"Escrito por\" \/>\n\t<meta name=\"twitter:data1\" content=\"Redactor Uno\" \/>\n\t<meta name=\"twitter:label2\" content=\"Tiempo de lectura\" \/>\n\t<meta name=\"twitter:data2\" content=\"2 minutos\" \/>\n<script type=\"application\/ld+json\" class=\"yoast-schema-graph\">{\"@context\":\"https:\\\/\\\/schema.org\",\"@graph\":[{\"@type\":\"Article\",\"@id\":\"https:\\\/\\\/www.eldiariodetucuman.com\\\/web\\\/estos-son-los-13-productos-que-no-pagaran-iva-hasta-diciembre\\\/#article\",\"isPartOf\":{\"@id\":\"https:\\\/\\\/www.eldiariodetucuman.com\\\/web\\\/estos-son-los-13-productos-que-no-pagaran-iva-hasta-diciembre\\\/\"},\"author\":{\"name\":\"Redactor Uno\",\"@id\":\"https:\\\/\\\/www.eldiariodetucuman.com\\\/web\\\/#\\\/schema\\\/person\\\/7e6644a46e60888f6b868594407e08dd\"},\"headline\":\"Estos son los 13 productos que no pagar\u00e1n IVA hasta diciembre\",\"datePublished\":\"2019-08-16T18:12:08+00:00\",\"dateModified\":\"2019-08-16T18:27:36+00:00\",\"mainEntityOfPage\":{\"@id\":\"https:\\\/\\\/www.eldiariodetucuman.com\\\/web\\\/estos-son-los-13-productos-que-no-pagaran-iva-hasta-diciembre\\\/\"},\"wordCount\":398,\"publisher\":{\"@id\":\"https:\\\/\\\/www.eldiariodetucuman.com\\\/web\\\/#organization\"},\"image\":{\"@id\":\"https:\\\/\\\/www.eldiariodetucuman.com\\\/web\\\/estos-son-los-13-productos-que-no-pagaran-iva-hasta-diciembre\\\/#primaryimage\"},\"thumbnailUrl\":\"https:\\\/\\\/www.eldiariodetucuman.com\\\/web\\\/wp-content\\\/uploads\\\/2019\\\/08\\\/changuito2.jpg\",\"articleSection\":[\"Politica\"],\"inLanguage\":\"es\"},{\"@type\":\"WebPage\",\"@id\":\"https:\\\/\\\/www.eldiariodetucuman.com\\\/web\\\/estos-son-los-13-productos-que-no-pagaran-iva-hasta-diciembre\\\/\",\"url\":\"https:\\\/\\\/www.eldiariodetucuman.com\\\/web\\\/estos-son-los-13-productos-que-no-pagaran-iva-hasta-diciembre\\\/\",\"name\":\"Estos son los 13 productos que no pagar\u00e1n IVA hasta diciembre - El Diario de Tucuman\",\"isPartOf\":{\"@id\":\"https:\\\/\\\/www.eldiariodetucuman.com\\\/web\\\/#website\"},\"primaryImageOfPage\":{\"@id\":\"https:\\\/\\\/www.eldiariodetucuman.com\\\/web\\\/estos-son-los-13-productos-que-no-pagaran-iva-hasta-diciembre\\\/#primaryimage\"},\"image\":{\"@id\":\"https:\\\/\\\/www.eldiariodetucuman.com\\\/web\\\/estos-son-los-13-productos-que-no-pagaran-iva-hasta-diciembre\\\/#primaryimage\"},\"thumbnailUrl\":\"https:\\\/\\\/www.eldiariodetucuman.com\\\/web\\\/wp-content\\\/uploads\\\/2019\\\/08\\\/changuito2.jpg\",\"datePublished\":\"2019-08-16T18:12:08+00:00\",\"dateModified\":\"2019-08-16T18:27:36+00:00\",\"breadcrumb\":{\"@id\":\"https:\\\/\\\/www.eldiariodetucuman.com\\\/web\\\/estos-son-los-13-productos-que-no-pagaran-iva-hasta-diciembre\\\/#breadcrumb\"},\"inLanguage\":\"es\",\"potentialAction\":[{\"@type\":\"ReadAction\",\"target\":[\"https:\\\/\\\/www.eldiariodetucuman.com\\\/web\\\/estos-son-los-13-productos-que-no-pagaran-iva-hasta-diciembre\\\/\"]}]},{\"@type\":\"ImageObject\",\"inLanguage\":\"es\",\"@id\":\"https:\\\/\\\/www.eldiariodetucuman.com\\\/web\\\/estos-son-los-13-productos-que-no-pagaran-iva-hasta-diciembre\\\/#primaryimage\",\"url\":\"https:\\\/\\\/www.eldiariodetucuman.com\\\/web\\\/wp-content\\\/uploads\\\/2019\\\/08\\\/changuito2.jpg\",\"contentUrl\":\"https:\\\/\\\/www.eldiariodetucuman.com\\\/web\\\/wp-content\\\/uploads\\\/2019\\\/08\\\/changuito2.jpg\",\"width\":1366,\"height\":765},{\"@type\":\"BreadcrumbList\",\"@id\":\"https:\\\/\\\/www.eldiariodetucuman.com\\\/web\\\/estos-son-los-13-productos-que-no-pagaran-iva-hasta-diciembre\\\/#breadcrumb\",\"itemListElement\":[{\"@type\":\"ListItem\",\"position\":1,\"name\":\"Portada\",\"item\":\"https:\\\/\\\/www.eldiariodetucuman.com\\\/web\\\/\"},{\"@type\":\"ListItem\",\"position\":2,\"name\":\"Estos son los 13 productos que no pagar\u00e1n IVA hasta diciembre\"}]},{\"@type\":\"WebSite\",\"@id\":\"https:\\\/\\\/www.eldiariodetucuman.com\\\/web\\\/#website\",\"url\":\"https:\\\/\\\/www.eldiariodetucuman.com\\\/web\\\/\",\"name\":\"El Diario de Tucuman\",\"description\":\"Diario Tucuman - Informaci\u00f3n y noticias\",\"publisher\":{\"@id\":\"https:\\\/\\\/www.eldiariodetucuman.com\\\/web\\\/#organization\"},\"potentialAction\":[{\"@type\":\"SearchAction\",\"target\":{\"@type\":\"EntryPoint\",\"urlTemplate\":\"https:\\\/\\\/www.eldiariodetucuman.com\\\/web\\\/?s={search_term_string}\"},\"query-input\":{\"@type\":\"PropertyValueSpecification\",\"valueRequired\":true,\"valueName\":\"search_term_string\"}}],\"inLanguage\":\"es\"},{\"@type\":\"Organization\",\"@id\":\"https:\\\/\\\/www.eldiariodetucuman.com\\\/web\\\/#organization\",\"name\":\"El Diario de Tucuman\",\"url\":\"https:\\\/\\\/www.eldiariodetucuman.com\\\/web\\\/\",\"logo\":{\"@type\":\"ImageObject\",\"inLanguage\":\"es\",\"@id\":\"https:\\\/\\\/www.eldiariodetucuman.com\\\/web\\\/#\\\/schema\\\/logo\\\/image\\\/\",\"url\":\"http:\\\/\\\/www.eldiariodetucuman.com\\\/web\\\/wp-content\\\/uploads\\\/2017\\\/12\\\/el-diario-de-tucuman.jpg\",\"contentUrl\":\"http:\\\/\\\/www.eldiariodetucuman.com\\\/web\\\/wp-content\\\/uploads\\\/2017\\\/12\\\/el-diario-de-tucuman.jpg\",\"width\":272,\"height\":92,\"caption\":\"El Diario de Tucuman\"},\"image\":{\"@id\":\"https:\\\/\\\/www.eldiariodetucuman.com\\\/web\\\/#\\\/schema\\\/logo\\\/image\\\/\"}},{\"@type\":\"Person\",\"@id\":\"https:\\\/\\\/www.eldiariodetucuman.com\\\/web\\\/#\\\/schema\\\/person\\\/7e6644a46e60888f6b868594407e08dd\",\"name\":\"Redactor Uno\",\"image\":{\"@type\":\"ImageObject\",\"inLanguage\":\"es\",\"@id\":\"https:\\\/\\\/secure.gravatar.com\\\/avatar\\\/0049b1bdf1bd548385c9ea6b9356431717930913089febd2ba904f0187d7d074?s=96&d=mm&r=g\",\"url\":\"https:\\\/\\\/secure.gravatar.com\\\/avatar\\\/0049b1bdf1bd548385c9ea6b9356431717930913089febd2ba904f0187d7d074?s=96&d=mm&r=g\",\"contentUrl\":\"https:\\\/\\\/secure.gravatar.com\\\/avatar\\\/0049b1bdf1bd548385c9ea6b9356431717930913089febd2ba904f0187d7d074?s=96&d=mm&r=g\",\"caption\":\"Redactor Uno\"},\"url\":\"https:\\\/\\\/www.eldiariodetucuman.com\\\/web\\\/author\\\/mramasco\\\/\"}]}<\/script>\n<!-- \/ Yoast SEO plugin. -->","yoast_head_json":{"title":"Estos son los 13 productos que no pagar\u00e1n IVA hasta diciembre - El Diario de Tucuman","robots":{"index":"index","follow":"follow","max-snippet":"max-snippet:-1","max-image-preview":"max-image-preview:large","max-video-preview":"max-video-preview:-1"},"canonical":"https:\/\/www.eldiariodetucuman.com\/web\/estos-son-los-13-productos-que-no-pagaran-iva-hasta-diciembre\/","og_locale":"es_ES","og_type":"article","og_title":"Estos son los 13 productos que no pagar\u00e1n IVA hasta diciembre - El Diario de Tucuman","og_description":"El decreto de emergencia social busca reducir el impacto de la devaluaci\u00f3n del peso. El Gobierno nacional elimin\u00f3 el Impuesto al Valor Agregado (IVA), que grava a los productos en un 21%, a 13 alimentos de la canasta b\u00e1sica hasta fin de a\u00f1o, a trav\u00e9s del decreto 567\/2019 publicado hoy en el Bolet\u00edn Oficial. Se [&hellip;]","og_url":"https:\/\/www.eldiariodetucuman.com\/web\/estos-son-los-13-productos-que-no-pagaran-iva-hasta-diciembre\/","og_site_name":"El Diario de Tucuman","article_published_time":"2019-08-16T18:12:08+00:00","article_modified_time":"2019-08-16T18:27:36+00:00","og_image":[{"width":1366,"height":765,"url":"https:\/\/www.eldiariodetucuman.com\/web\/wp-content\/uploads\/2019\/08\/changuito2.jpg","type":"image\/jpeg"}],"author":"Redactor Uno","twitter_card":"summary_large_image","twitter_misc":{"Escrito por":"Redactor Uno","Tiempo de lectura":"2 minutos"},"schema":{"@context":"https:\/\/schema.org","@graph":[{"@type":"Article","@id":"https:\/\/www.eldiariodetucuman.com\/web\/estos-son-los-13-productos-que-no-pagaran-iva-hasta-diciembre\/#article","isPartOf":{"@id":"https:\/\/www.eldiariodetucuman.com\/web\/estos-son-los-13-productos-que-no-pagaran-iva-hasta-diciembre\/"},"author":{"name":"Redactor Uno","@id":"https:\/\/www.eldiariodetucuman.com\/web\/#\/schema\/person\/7e6644a46e60888f6b868594407e08dd"},"headline":"Estos son los 13 productos que no pagar\u00e1n IVA hasta diciembre","datePublished":"2019-08-16T18:12:08+00:00","dateModified":"2019-08-16T18:27:36+00:00","mainEntityOfPage":{"@id":"https:\/\/www.eldiariodetucuman.com\/web\/estos-son-los-13-productos-que-no-pagaran-iva-hasta-diciembre\/"},"wordCount":398,"publisher":{"@id":"https:\/\/www.eldiariodetucuman.com\/web\/#organization"},"image":{"@id":"https:\/\/www.eldiariodetucuman.com\/web\/estos-son-los-13-productos-que-no-pagaran-iva-hasta-diciembre\/#primaryimage"},"thumbnailUrl":"https:\/\/www.eldiariodetucuman.com\/web\/wp-content\/uploads\/2019\/08\/changuito2.jpg","articleSection":["Politica"],"inLanguage":"es"},{"@type":"WebPage","@id":"https:\/\/www.eldiariodetucuman.com\/web\/estos-son-los-13-productos-que-no-pagaran-iva-hasta-diciembre\/","url":"https:\/\/www.eldiariodetucuman.com\/web\/estos-son-los-13-productos-que-no-pagaran-iva-hasta-diciembre\/","name":"Estos son los 13 productos que no pagar\u00e1n IVA hasta diciembre - El Diario de Tucuman","isPartOf":{"@id":"https:\/\/www.eldiariodetucuman.com\/web\/#website"},"primaryImageOfPage":{"@id":"https:\/\/www.eldiariodetucuman.com\/web\/estos-son-los-13-productos-que-no-pagaran-iva-hasta-diciembre\/#primaryimage"},"image":{"@id":"https:\/\/www.eldiariodetucuman.com\/web\/estos-son-los-13-productos-que-no-pagaran-iva-hasta-diciembre\/#primaryimage"},"thumbnailUrl":"https:\/\/www.eldiariodetucuman.com\/web\/wp-content\/uploads\/2019\/08\/changuito2.jpg","datePublished":"2019-08-16T18:12:08+00:00","dateModified":"2019-08-16T18:27:36+00:00","breadcrumb":{"@id":"https:\/\/www.eldiariodetucuman.com\/web\/estos-son-los-13-productos-que-no-pagaran-iva-hasta-diciembre\/#breadcrumb"},"inLanguage":"es","potentialAction":[{"@type":"ReadAction","target":["https:\/\/www.eldiariodetucuman.com\/web\/estos-son-los-13-productos-que-no-pagaran-iva-hasta-diciembre\/"]}]},{"@type":"ImageObject","inLanguage":"es","@id":"https:\/\/www.eldiariodetucuman.com\/web\/estos-son-los-13-productos-que-no-pagaran-iva-hasta-diciembre\/#primaryimage","url":"https:\/\/www.eldiariodetucuman.com\/web\/wp-content\/uploads\/2019\/08\/changuito2.jpg","contentUrl":"https:\/\/www.eldiariodetucuman.com\/web\/wp-content\/uploads\/2019\/08\/changuito2.jpg","width":1366,"height":765},{"@type":"BreadcrumbList","@id":"https:\/\/www.eldiariodetucuman.com\/web\/estos-son-los-13-productos-que-no-pagaran-iva-hasta-diciembre\/#breadcrumb","itemListElement":[{"@type":"ListItem","position":1,"name":"Portada","item":"https:\/\/www.eldiariodetucuman.com\/web\/"},{"@type":"ListItem","position":2,"name":"Estos son los 13 productos que no pagar\u00e1n IVA hasta diciembre"}]},{"@type":"WebSite","@id":"https:\/\/www.eldiariodetucuman.com\/web\/#website","url":"https:\/\/www.eldiariodetucuman.com\/web\/","name":"El Diario de Tucuman","description":"Diario Tucuman - Informaci\u00f3n y noticias","publisher":{"@id":"https:\/\/www.eldiariodetucuman.com\/web\/#organization"},"potentialAction":[{"@type":"SearchAction","target":{"@type":"EntryPoint","urlTemplate":"https:\/\/www.eldiariodetucuman.com\/web\/?s={search_term_string}"},"query-input":{"@type":"PropertyValueSpecification","valueRequired":true,"valueName":"search_term_string"}}],"inLanguage":"es"},{"@type":"Organization","@id":"https:\/\/www.eldiariodetucuman.com\/web\/#organization","name":"El Diario de Tucuman","url":"https:\/\/www.eldiariodetucuman.com\/web\/","logo":{"@type":"ImageObject","inLanguage":"es","@id":"https:\/\/www.eldiariodetucuman.com\/web\/#\/schema\/logo\/image\/","url":"http:\/\/www.eldiariodetucuman.com\/web\/wp-content\/uploads\/2017\/12\/el-diario-de-tucuman.jpg","contentUrl":"http:\/\/www.eldiariodetucuman.com\/web\/wp-content\/uploads\/2017\/12\/el-diario-de-tucuman.jpg","width":272,"height":92,"caption":"El Diario de Tucuman"},"image":{"@id":"https:\/\/www.eldiariodetucuman.com\/web\/#\/schema\/logo\/image\/"}},{"@type":"Person","@id":"https:\/\/www.eldiariodetucuman.com\/web\/#\/schema\/person\/7e6644a46e60888f6b868594407e08dd","name":"Redactor Uno","image":{"@type":"ImageObject","inLanguage":"es","@id":"https:\/\/secure.gravatar.com\/avatar\/0049b1bdf1bd548385c9ea6b9356431717930913089febd2ba904f0187d7d074?s=96&d=mm&r=g","url":"https:\/\/secure.gravatar.com\/avatar\/0049b1bdf1bd548385c9ea6b9356431717930913089febd2ba904f0187d7d074?s=96&d=mm&r=g","contentUrl":"https:\/\/secure.gravatar.com\/avatar\/0049b1bdf1bd548385c9ea6b9356431717930913089febd2ba904f0187d7d074?s=96&d=mm&r=g","caption":"Redactor Uno"},"url":"https:\/\/www.eldiariodetucuman.com\/web\/author\/mramasco\/"}]}},"_links":{"self":[{"href":"https:\/\/www.eldiariodetucuman.com\/web\/wp-json\/wp\/v2\/posts\/24449","targetHints":{"allow":["GET"]}}],"collection":[{"href":"https:\/\/www.eldiariodetucuman.com\/web\/wp-json\/wp\/v2\/posts"}],"about":[{"href":"https:\/\/www.eldiariodetucuman.com\/web\/wp-json\/wp\/v2\/types\/post"}],"author":[{"embeddable":true,"href":"https:\/\/www.eldiariodetucuman.com\/web\/wp-json\/wp\/v2\/users\/5"}],"replies":[{"embeddable":true,"href":"https:\/\/www.eldiariodetucuman.com\/web\/wp-json\/wp\/v2\/comments?post=24449"}],"version-history":[{"count":2,"href":"https:\/\/www.eldiariodetucuman.com\/web\/wp-json\/wp\/v2\/posts\/24449\/revisions"}],"predecessor-version":[{"id":24456,"href":"https:\/\/www.eldiariodetucuman.com\/web\/wp-json\/wp\/v2\/posts\/24449\/revisions\/24456"}],"wp:featuredmedia":[{"embeddable":true,"href":"https:\/\/www.eldiariodetucuman.com\/web\/wp-json\/wp\/v2\/media\/24450"}],"wp:attachment":[{"href":"https:\/\/www.eldiariodetucuman.com\/web\/wp-json\/wp\/v2\/media?parent=24449"}],"wp:term":[{"taxonomy":"category","embeddable":true,"href":"https:\/\/www.eldiariodetucuman.com\/web\/wp-json\/wp\/v2\/categories?post=24449"},{"taxonomy":"post_tag","embeddable":true,"href":"https:\/\/www.eldiariodetucuman.com\/web\/wp-json\/wp\/v2\/tags?post=24449"}],"curies":[{"name":"wp","href":"https:\/\/api.w.org\/{rel}","templated":true}]}}