{"id":24445,"date":"2019-08-15T16:13:15","date_gmt":"2019-08-15T19:13:15","guid":{"rendered":"http:\/\/www.eldiariodetucuman.com\/web\/?p=24445"},"modified":"2019-08-15T16:13:15","modified_gmt":"2019-08-15T19:13:15","slug":"pichetto-se-muestra-confiado-aca-no-hay-ninguna-transicion","status":"publish","type":"post","link":"https:\/\/www.eldiariodetucuman.com\/web\/pichetto-se-muestra-confiado-aca-no-hay-ninguna-transicion\/","title":{"rendered":"Pichetto se muestra confiado: \u00abac\u00e1 no hay ninguna transici\u00f3n\u00bb"},"content":{"rendered":"<p id=\"spksumary\">El compa\u00f1ero de f\u00f3rmula de Macri dijo que el Gobierno entendi\u00f3 el mensaje de las urnas.<!--more--><\/p>\n<div id=\"spktext\" class=\"newsBody js-texto\">\n<p>El senador y candidato a vicepresidente de Juntos por el Cambio,\u00a0<strong>Miguel Pichetto<\/strong>, destac\u00f3 hoy que el presidente\u00a0<strong>Mauricio Macr<\/strong>i \u00abtom\u00f3 nota del mensaje\u00bb de las urnas en las PASO del domingo y \u00abtom\u00f3 medidas\u00bb, aunque aclar\u00f3 que en medio de la carrera electoral hacia octubre \u00abac\u00e1 no hay ninguna transici\u00f3n\u00bb.<\/p>\n<p>Adem\u00e1s ratific\u00f3 que consideraba un \u00abhonor\u00bb acompa\u00f1ar al presidente Macri en busca de su reelecci\u00f3n para el 27 de octubre, al hablar en la reuni\u00f3n de Gabinete ampliado que se realiz\u00f3 en el CCK, encabezada por el presidente de la Naci\u00f3n.<\/p>\n<p>Pichetto pidi\u00f3 hoy \u00abhablarle a la gente que est\u00e1 en dificultades\u00bb y tomar \u00abtodas las medidas necesarias para ganar en octubre\u00bb.<\/p>\n<p>\u00abQuiero ratificar que para m\u00ed es un honor acompa\u00f1ar a un hombre de bien, a un dem\u00f3crata como el presidente Macri, que tom\u00f3 nota del mensaje y tom\u00f3 medidas\u00bb en consecuencia, arranc\u00f3 en su breve discurso Pichetto.<\/p>\n<p>Tambi\u00e9n asegur\u00f3 que \u00aben este momento pol\u00edtico, que es el de la lucha por el poder, el Presidente est\u00e1 en control del Gobierno Nacional\u00bb y consider\u00f3 que \u00abla lucha es para que haya balotaje\u00bb en octubre.<\/p>\n<p>\u00abAc\u00e1 no empez\u00f3 ninguna transici\u00f3n\u00bb, apunt\u00f3 el senador, de acuerdo a lo explicado a T\u00e9lam funcionarios presentes, cerrada a la prensa.<\/p>\n<p>Tambi\u00e9n dijo que \u00abestando en el poder no puede haber ninguna justificaci\u00f3n de que no tuvimos fiscales\u00bb, luego de que el oficialismo recibiera diferentes denuncias de su propio equipo por una mala fiscalizaci\u00f3n en distintos lugares.<\/p>\n<p>Pichetto opin\u00f3 que \u00aben la econom\u00eda hay situaciones de gran complejidad\u00bb y tambi\u00e9n en el Mercosur, ante lo cual se\u00f1al\u00f3 que \u00abpor eso hay que fortalecer la figura del presidente Macri y el Gobierno Nacional e ir a pelear para recuperar en octubre los puntos\u00bb, que perdieron con respecto a 2015.<\/p>\n<p>\u00abTenemos que hablarle a la gente en dificultades, tenemos que tomar todas las medidas que sean necesarias para anclar el dolar y que no haya corrida bancaria, hay que tomar todas las medidas necesarias para ganar en octubre\u00bb, concluy\u00f3, seg\u00fan las fuentes.<\/p>\n<p>Pichetto hizo estas declaraciones en la reuni\u00f3n de Gabinete ampliado que se realiz\u00f3 en el CCK, encabezada por Macri, donde tambi\u00e9n fueron oradores la vicepresidenta\u00a0<strong>Gabriela Michetti,\u00a0<\/strong>la diputada\u00a0<strong>Elisa Carri\u00f3<\/strong>, la gobernadora bonaerense<strong>\u00a0Mar\u00eda Eugenia Vidal<\/strong>, el jefe del gobierno porte\u00f1o\u00a0<strong>Horacio Rodr\u00edguez Larreta<\/strong>, junto a los jefes del las bancadas del oficialismo en el Congreso. (T\u00e9lam)<\/p>\n<\/div>\n<div class=\"tags\"><\/div>\n","protected":false},"excerpt":{"rendered":"<p>El compa\u00f1ero de f\u00f3rmula de Macri dijo que el Gobierno entendi\u00f3 el mensaje de las urnas.<\/p>\n","protected":false},"author":5,"featured_media":24446,"comment_status":"closed","ping_status":"open","sticky":false,"template":"","format":"standard","meta":{"footnotes":""},"categories":[3],"tags":[],"class_list":{"0":"post-24445","1":"post","2":"type-post","3":"status-publish","4":"format-standard","5":"has-post-thumbnail","7":"category-politica"},"yoast_head":"<!-- This site is optimized with the Yoast SEO plugin v27.5 - https:\/\/yoast.com\/product\/yoast-seo-wordpress\/ -->\n<title>Pichetto se muestra confiado: &quot;ac\u00e1 no hay ninguna transici\u00f3n&quot; - El Diario de Tucuman<\/title>\n<meta name=\"robots\" content=\"index, follow, max-snippet:-1, max-image-preview:large, max-video-preview:-1\" \/>\n<link rel=\"canonical\" href=\"https:\/\/www.eldiariodetucuman.com\/web\/pichetto-se-muestra-confiado-aca-no-hay-ninguna-transicion\/\" \/>\n<meta property=\"og:locale\" content=\"es_ES\" \/>\n<meta property=\"og:type\" content=\"article\" \/>\n<meta property=\"og:title\" content=\"Pichetto se muestra confiado: &quot;ac\u00e1 no hay ninguna transici\u00f3n&quot; - El Diario de Tucuman\" \/>\n<meta property=\"og:description\" content=\"El compa\u00f1ero de f\u00f3rmula de Macri dijo que el Gobierno entendi\u00f3 el mensaje de las urnas.\" \/>\n<meta property=\"og:url\" content=\"https:\/\/www.eldiariodetucuman.com\/web\/pichetto-se-muestra-confiado-aca-no-hay-ninguna-transicion\/\" \/>\n<meta property=\"og:site_name\" content=\"El Diario de Tucuman\" \/>\n<meta property=\"article:published_time\" content=\"2019-08-15T19:13:15+00:00\" \/>\n<meta property=\"og:image\" content=\"https:\/\/www.eldiariodetucuman.com\/web\/wp-content\/uploads\/2019\/08\/815138_201908122149100000001.jpg\" \/>\n\t<meta property=\"og:image:width\" content=\"970\" \/>\n\t<meta property=\"og:image:height\" content=\"654\" \/>\n\t<meta property=\"og:image:type\" content=\"image\/jpeg\" \/>\n<meta name=\"author\" content=\"Redactor Uno\" \/>\n<meta name=\"twitter:card\" content=\"summary_large_image\" \/>\n<meta name=\"twitter:label1\" content=\"Escrito por\" \/>\n\t<meta name=\"twitter:data1\" content=\"Redactor Uno\" \/>\n\t<meta name=\"twitter:label2\" content=\"Tiempo de lectura\" \/>\n\t<meta name=\"twitter:data2\" content=\"2 minutos\" \/>\n<script type=\"application\/ld+json\" class=\"yoast-schema-graph\">{\"@context\":\"https:\\\/\\\/schema.org\",\"@graph\":[{\"@type\":\"Article\",\"@id\":\"https:\\\/\\\/www.eldiariodetucuman.com\\\/web\\\/pichetto-se-muestra-confiado-aca-no-hay-ninguna-transicion\\\/#article\",\"isPartOf\":{\"@id\":\"https:\\\/\\\/www.eldiariodetucuman.com\\\/web\\\/pichetto-se-muestra-confiado-aca-no-hay-ninguna-transicion\\\/\"},\"author\":{\"name\":\"Redactor Uno\",\"@id\":\"https:\\\/\\\/www.eldiariodetucuman.com\\\/web\\\/#\\\/schema\\\/person\\\/7e6644a46e60888f6b868594407e08dd\"},\"headline\":\"Pichetto se muestra confiado: \u00abac\u00e1 no hay ninguna transici\u00f3n\u00bb\",\"datePublished\":\"2019-08-15T19:13:15+00:00\",\"mainEntityOfPage\":{\"@id\":\"https:\\\/\\\/www.eldiariodetucuman.com\\\/web\\\/pichetto-se-muestra-confiado-aca-no-hay-ninguna-transicion\\\/\"},\"wordCount\":445,\"publisher\":{\"@id\":\"https:\\\/\\\/www.eldiariodetucuman.com\\\/web\\\/#organization\"},\"image\":{\"@id\":\"https:\\\/\\\/www.eldiariodetucuman.com\\\/web\\\/pichetto-se-muestra-confiado-aca-no-hay-ninguna-transicion\\\/#primaryimage\"},\"thumbnailUrl\":\"https:\\\/\\\/www.eldiariodetucuman.com\\\/web\\\/wp-content\\\/uploads\\\/2019\\\/08\\\/815138_201908122149100000001.jpg\",\"articleSection\":[\"Politica\"],\"inLanguage\":\"es\"},{\"@type\":\"WebPage\",\"@id\":\"https:\\\/\\\/www.eldiariodetucuman.com\\\/web\\\/pichetto-se-muestra-confiado-aca-no-hay-ninguna-transicion\\\/\",\"url\":\"https:\\\/\\\/www.eldiariodetucuman.com\\\/web\\\/pichetto-se-muestra-confiado-aca-no-hay-ninguna-transicion\\\/\",\"name\":\"Pichetto se muestra confiado: \\\"ac\u00e1 no hay ninguna transici\u00f3n\\\" - El Diario de Tucuman\",\"isPartOf\":{\"@id\":\"https:\\\/\\\/www.eldiariodetucuman.com\\\/web\\\/#website\"},\"primaryImageOfPage\":{\"@id\":\"https:\\\/\\\/www.eldiariodetucuman.com\\\/web\\\/pichetto-se-muestra-confiado-aca-no-hay-ninguna-transicion\\\/#primaryimage\"},\"image\":{\"@id\":\"https:\\\/\\\/www.eldiariodetucuman.com\\\/web\\\/pichetto-se-muestra-confiado-aca-no-hay-ninguna-transicion\\\/#primaryimage\"},\"thumbnailUrl\":\"https:\\\/\\\/www.eldiariodetucuman.com\\\/web\\\/wp-content\\\/uploads\\\/2019\\\/08\\\/815138_201908122149100000001.jpg\",\"datePublished\":\"2019-08-15T19:13:15+00:00\",\"breadcrumb\":{\"@id\":\"https:\\\/\\\/www.eldiariodetucuman.com\\\/web\\\/pichetto-se-muestra-confiado-aca-no-hay-ninguna-transicion\\\/#breadcrumb\"},\"inLanguage\":\"es\",\"potentialAction\":[{\"@type\":\"ReadAction\",\"target\":[\"https:\\\/\\\/www.eldiariodetucuman.com\\\/web\\\/pichetto-se-muestra-confiado-aca-no-hay-ninguna-transicion\\\/\"]}]},{\"@type\":\"ImageObject\",\"inLanguage\":\"es\",\"@id\":\"https:\\\/\\\/www.eldiariodetucuman.com\\\/web\\\/pichetto-se-muestra-confiado-aca-no-hay-ninguna-transicion\\\/#primaryimage\",\"url\":\"https:\\\/\\\/www.eldiariodetucuman.com\\\/web\\\/wp-content\\\/uploads\\\/2019\\\/08\\\/815138_201908122149100000001.jpg\",\"contentUrl\":\"https:\\\/\\\/www.eldiariodetucuman.com\\\/web\\\/wp-content\\\/uploads\\\/2019\\\/08\\\/815138_201908122149100000001.jpg\",\"width\":970,\"height\":654},{\"@type\":\"BreadcrumbList\",\"@id\":\"https:\\\/\\\/www.eldiariodetucuman.com\\\/web\\\/pichetto-se-muestra-confiado-aca-no-hay-ninguna-transicion\\\/#breadcrumb\",\"itemListElement\":[{\"@type\":\"ListItem\",\"position\":1,\"name\":\"Portada\",\"item\":\"https:\\\/\\\/www.eldiariodetucuman.com\\\/web\\\/\"},{\"@type\":\"ListItem\",\"position\":2,\"name\":\"Pichetto se muestra confiado: \u00abac\u00e1 no hay ninguna transici\u00f3n\u00bb\"}]},{\"@type\":\"WebSite\",\"@id\":\"https:\\\/\\\/www.eldiariodetucuman.com\\\/web\\\/#website\",\"url\":\"https:\\\/\\\/www.eldiariodetucuman.com\\\/web\\\/\",\"name\":\"El Diario de Tucuman\",\"description\":\"Diario Tucuman - Informaci\u00f3n y noticias\",\"publisher\":{\"@id\":\"https:\\\/\\\/www.eldiariodetucuman.com\\\/web\\\/#organization\"},\"potentialAction\":[{\"@type\":\"SearchAction\",\"target\":{\"@type\":\"EntryPoint\",\"urlTemplate\":\"https:\\\/\\\/www.eldiariodetucuman.com\\\/web\\\/?s={search_term_string}\"},\"query-input\":{\"@type\":\"PropertyValueSpecification\",\"valueRequired\":true,\"valueName\":\"search_term_string\"}}],\"inLanguage\":\"es\"},{\"@type\":\"Organization\",\"@id\":\"https:\\\/\\\/www.eldiariodetucuman.com\\\/web\\\/#organization\",\"name\":\"El Diario de Tucuman\",\"url\":\"https:\\\/\\\/www.eldiariodetucuman.com\\\/web\\\/\",\"logo\":{\"@type\":\"ImageObject\",\"inLanguage\":\"es\",\"@id\":\"https:\\\/\\\/www.eldiariodetucuman.com\\\/web\\\/#\\\/schema\\\/logo\\\/image\\\/\",\"url\":\"http:\\\/\\\/www.eldiariodetucuman.com\\\/web\\\/wp-content\\\/uploads\\\/2017\\\/12\\\/el-diario-de-tucuman.jpg\",\"contentUrl\":\"http:\\\/\\\/www.eldiariodetucuman.com\\\/web\\\/wp-content\\\/uploads\\\/2017\\\/12\\\/el-diario-de-tucuman.jpg\",\"width\":272,\"height\":92,\"caption\":\"El Diario de Tucuman\"},\"image\":{\"@id\":\"https:\\\/\\\/www.eldiariodetucuman.com\\\/web\\\/#\\\/schema\\\/logo\\\/image\\\/\"}},{\"@type\":\"Person\",\"@id\":\"https:\\\/\\\/www.eldiariodetucuman.com\\\/web\\\/#\\\/schema\\\/person\\\/7e6644a46e60888f6b868594407e08dd\",\"name\":\"Redactor Uno\",\"image\":{\"@type\":\"ImageObject\",\"inLanguage\":\"es\",\"@id\":\"https:\\\/\\\/secure.gravatar.com\\\/avatar\\\/0049b1bdf1bd548385c9ea6b9356431717930913089febd2ba904f0187d7d074?s=96&d=mm&r=g\",\"url\":\"https:\\\/\\\/secure.gravatar.com\\\/avatar\\\/0049b1bdf1bd548385c9ea6b9356431717930913089febd2ba904f0187d7d074?s=96&d=mm&r=g\",\"contentUrl\":\"https:\\\/\\\/secure.gravatar.com\\\/avatar\\\/0049b1bdf1bd548385c9ea6b9356431717930913089febd2ba904f0187d7d074?s=96&d=mm&r=g\",\"caption\":\"Redactor Uno\"},\"url\":\"https:\\\/\\\/www.eldiariodetucuman.com\\\/web\\\/author\\\/mramasco\\\/\"}]}<\/script>\n<!-- \/ Yoast SEO plugin. -->","yoast_head_json":{"title":"Pichetto se muestra confiado: \"ac\u00e1 no hay ninguna transici\u00f3n\" - El Diario de Tucuman","robots":{"index":"index","follow":"follow","max-snippet":"max-snippet:-1","max-image-preview":"max-image-preview:large","max-video-preview":"max-video-preview:-1"},"canonical":"https:\/\/www.eldiariodetucuman.com\/web\/pichetto-se-muestra-confiado-aca-no-hay-ninguna-transicion\/","og_locale":"es_ES","og_type":"article","og_title":"Pichetto se muestra confiado: \"ac\u00e1 no hay ninguna transici\u00f3n\" - El Diario de Tucuman","og_description":"El compa\u00f1ero de f\u00f3rmula de Macri dijo que el Gobierno entendi\u00f3 el mensaje de las urnas.","og_url":"https:\/\/www.eldiariodetucuman.com\/web\/pichetto-se-muestra-confiado-aca-no-hay-ninguna-transicion\/","og_site_name":"El Diario de Tucuman","article_published_time":"2019-08-15T19:13:15+00:00","og_image":[{"width":970,"height":654,"url":"https:\/\/www.eldiariodetucuman.com\/web\/wp-content\/uploads\/2019\/08\/815138_201908122149100000001.jpg","type":"image\/jpeg"}],"author":"Redactor Uno","twitter_card":"summary_large_image","twitter_misc":{"Escrito por":"Redactor Uno","Tiempo de lectura":"2 minutos"},"schema":{"@context":"https:\/\/schema.org","@graph":[{"@type":"Article","@id":"https:\/\/www.eldiariodetucuman.com\/web\/pichetto-se-muestra-confiado-aca-no-hay-ninguna-transicion\/#article","isPartOf":{"@id":"https:\/\/www.eldiariodetucuman.com\/web\/pichetto-se-muestra-confiado-aca-no-hay-ninguna-transicion\/"},"author":{"name":"Redactor Uno","@id":"https:\/\/www.eldiariodetucuman.com\/web\/#\/schema\/person\/7e6644a46e60888f6b868594407e08dd"},"headline":"Pichetto se muestra confiado: \u00abac\u00e1 no hay ninguna transici\u00f3n\u00bb","datePublished":"2019-08-15T19:13:15+00:00","mainEntityOfPage":{"@id":"https:\/\/www.eldiariodetucuman.com\/web\/pichetto-se-muestra-confiado-aca-no-hay-ninguna-transicion\/"},"wordCount":445,"publisher":{"@id":"https:\/\/www.eldiariodetucuman.com\/web\/#organization"},"image":{"@id":"https:\/\/www.eldiariodetucuman.com\/web\/pichetto-se-muestra-confiado-aca-no-hay-ninguna-transicion\/#primaryimage"},"thumbnailUrl":"https:\/\/www.eldiariodetucuman.com\/web\/wp-content\/uploads\/2019\/08\/815138_201908122149100000001.jpg","articleSection":["Politica"],"inLanguage":"es"},{"@type":"WebPage","@id":"https:\/\/www.eldiariodetucuman.com\/web\/pichetto-se-muestra-confiado-aca-no-hay-ninguna-transicion\/","url":"https:\/\/www.eldiariodetucuman.com\/web\/pichetto-se-muestra-confiado-aca-no-hay-ninguna-transicion\/","name":"Pichetto se muestra confiado: \"ac\u00e1 no hay ninguna transici\u00f3n\" - El Diario de Tucuman","isPartOf":{"@id":"https:\/\/www.eldiariodetucuman.com\/web\/#website"},"primaryImageOfPage":{"@id":"https:\/\/www.eldiariodetucuman.com\/web\/pichetto-se-muestra-confiado-aca-no-hay-ninguna-transicion\/#primaryimage"},"image":{"@id":"https:\/\/www.eldiariodetucuman.com\/web\/pichetto-se-muestra-confiado-aca-no-hay-ninguna-transicion\/#primaryimage"},"thumbnailUrl":"https:\/\/www.eldiariodetucuman.com\/web\/wp-content\/uploads\/2019\/08\/815138_201908122149100000001.jpg","datePublished":"2019-08-15T19:13:15+00:00","breadcrumb":{"@id":"https:\/\/www.eldiariodetucuman.com\/web\/pichetto-se-muestra-confiado-aca-no-hay-ninguna-transicion\/#breadcrumb"},"inLanguage":"es","potentialAction":[{"@type":"ReadAction","target":["https:\/\/www.eldiariodetucuman.com\/web\/pichetto-se-muestra-confiado-aca-no-hay-ninguna-transicion\/"]}]},{"@type":"ImageObject","inLanguage":"es","@id":"https:\/\/www.eldiariodetucuman.com\/web\/pichetto-se-muestra-confiado-aca-no-hay-ninguna-transicion\/#primaryimage","url":"https:\/\/www.eldiariodetucuman.com\/web\/wp-content\/uploads\/2019\/08\/815138_201908122149100000001.jpg","contentUrl":"https:\/\/www.eldiariodetucuman.com\/web\/wp-content\/uploads\/2019\/08\/815138_201908122149100000001.jpg","width":970,"height":654},{"@type":"BreadcrumbList","@id":"https:\/\/www.eldiariodetucuman.com\/web\/pichetto-se-muestra-confiado-aca-no-hay-ninguna-transicion\/#breadcrumb","itemListElement":[{"@type":"ListItem","position":1,"name":"Portada","item":"https:\/\/www.eldiariodetucuman.com\/web\/"},{"@type":"ListItem","position":2,"name":"Pichetto se muestra confiado: \u00abac\u00e1 no hay ninguna transici\u00f3n\u00bb"}]},{"@type":"WebSite","@id":"https:\/\/www.eldiariodetucuman.com\/web\/#website","url":"https:\/\/www.eldiariodetucuman.com\/web\/","name":"El Diario de Tucuman","description":"Diario Tucuman - Informaci\u00f3n y noticias","publisher":{"@id":"https:\/\/www.eldiariodetucuman.com\/web\/#organization"},"potentialAction":[{"@type":"SearchAction","target":{"@type":"EntryPoint","urlTemplate":"https:\/\/www.eldiariodetucuman.com\/web\/?s={search_term_string}"},"query-input":{"@type":"PropertyValueSpecification","valueRequired":true,"valueName":"search_term_string"}}],"inLanguage":"es"},{"@type":"Organization","@id":"https:\/\/www.eldiariodetucuman.com\/web\/#organization","name":"El Diario de Tucuman","url":"https:\/\/www.eldiariodetucuman.com\/web\/","logo":{"@type":"ImageObject","inLanguage":"es","@id":"https:\/\/www.eldiariodetucuman.com\/web\/#\/schema\/logo\/image\/","url":"http:\/\/www.eldiariodetucuman.com\/web\/wp-content\/uploads\/2017\/12\/el-diario-de-tucuman.jpg","contentUrl":"http:\/\/www.eldiariodetucuman.com\/web\/wp-content\/uploads\/2017\/12\/el-diario-de-tucuman.jpg","width":272,"height":92,"caption":"El Diario de Tucuman"},"image":{"@id":"https:\/\/www.eldiariodetucuman.com\/web\/#\/schema\/logo\/image\/"}},{"@type":"Person","@id":"https:\/\/www.eldiariodetucuman.com\/web\/#\/schema\/person\/7e6644a46e60888f6b868594407e08dd","name":"Redactor Uno","image":{"@type":"ImageObject","inLanguage":"es","@id":"https:\/\/secure.gravatar.com\/avatar\/0049b1bdf1bd548385c9ea6b9356431717930913089febd2ba904f0187d7d074?s=96&d=mm&r=g","url":"https:\/\/secure.gravatar.com\/avatar\/0049b1bdf1bd548385c9ea6b9356431717930913089febd2ba904f0187d7d074?s=96&d=mm&r=g","contentUrl":"https:\/\/secure.gravatar.com\/avatar\/0049b1bdf1bd548385c9ea6b9356431717930913089febd2ba904f0187d7d074?s=96&d=mm&r=g","caption":"Redactor Uno"},"url":"https:\/\/www.eldiariodetucuman.com\/web\/author\/mramasco\/"}]}},"_links":{"self":[{"href":"https:\/\/www.eldiariodetucuman.com\/web\/wp-json\/wp\/v2\/posts\/24445","targetHints":{"allow":["GET"]}}],"collection":[{"href":"https:\/\/www.eldiariodetucuman.com\/web\/wp-json\/wp\/v2\/posts"}],"about":[{"href":"https:\/\/www.eldiariodetucuman.com\/web\/wp-json\/wp\/v2\/types\/post"}],"author":[{"embeddable":true,"href":"https:\/\/www.eldiariodetucuman.com\/web\/wp-json\/wp\/v2\/users\/5"}],"replies":[{"embeddable":true,"href":"https:\/\/www.eldiariodetucuman.com\/web\/wp-json\/wp\/v2\/comments?post=24445"}],"version-history":[{"count":1,"href":"https:\/\/www.eldiariodetucuman.com\/web\/wp-json\/wp\/v2\/posts\/24445\/revisions"}],"predecessor-version":[{"id":24447,"href":"https:\/\/www.eldiariodetucuman.com\/web\/wp-json\/wp\/v2\/posts\/24445\/revisions\/24447"}],"wp:featuredmedia":[{"embeddable":true,"href":"https:\/\/www.eldiariodetucuman.com\/web\/wp-json\/wp\/v2\/media\/24446"}],"wp:attachment":[{"href":"https:\/\/www.eldiariodetucuman.com\/web\/wp-json\/wp\/v2\/media?parent=24445"}],"wp:term":[{"taxonomy":"category","embeddable":true,"href":"https:\/\/www.eldiariodetucuman.com\/web\/wp-json\/wp\/v2\/categories?post=24445"},{"taxonomy":"post_tag","embeddable":true,"href":"https:\/\/www.eldiariodetucuman.com\/web\/wp-json\/wp\/v2\/tags?post=24445"}],"curies":[{"name":"wp","href":"https:\/\/api.w.org\/{rel}","templated":true}]}}