{"id":24442,"date":"2019-08-15T16:06:16","date_gmt":"2019-08-15T19:06:16","guid":{"rendered":"http:\/\/www.eldiariodetucuman.com\/web\/?p=24442"},"modified":"2019-08-15T16:06:16","modified_gmt":"2019-08-15T19:06:16","slug":"fijan-fecha-para-el-sorteo-de-las-166-casas-pendientes-en-lomas-de-tafi","status":"publish","type":"post","link":"https:\/\/www.eldiariodetucuman.com\/web\/fijan-fecha-para-el-sorteo-de-las-166-casas-pendientes-en-lomas-de-tafi\/","title":{"rendered":"Fijan fecha para el sorteo de las 166 casas pendientes en Lomas de Taf\u00ed"},"content":{"rendered":"<p id=\"spksumary\">El listado de beneficiarios ser\u00e1 publicado en la web del organismo. Acto ante escribano.<\/p>\n<p><!--more--><\/p>\n<div id=\"spktext\" class=\"newsBody js-texto\">\n<p>El Instituto Provincial de Vivienda y Desarrollo Urbano (Ipvdu) inform\u00f3 que el sorteo p\u00fablico de selecci\u00f3n de inscriptos para el emprendimiento \u201c166 Viviendas e Infraestructura en Lomas de Taf\u00ed\u201d, se realizar\u00e1 el viernes 23 a las 10.<\/p>\n<p>El acto se llevar\u00e1 a cabo ante escribano p\u00fablico, en las instalaciones del predio ubicado en calle Mart\u00edn Blanco y avenida Raya del Barrio Lomas de Taf\u00ed. Desde el organismo anticiparon que no es necesaria la presencia de los interesados. Sin perjuicio de ello, podr\u00e1 asistir solo una persona por grupo familiar.<\/p>\n<p>El listado de personas favorecidas en el sorteo ser\u00e1 publicad\u00f3 luego en la p\u00e1gina web www.ipvtuc.gov.ar.<\/p>\n<p>Las construcciones son tipo d\u00faplex y est\u00e1n agrupadas en los sectores XVII y XVIII de Lomas de Taf\u00ed. Est\u00e1n emplazadas sobre las avenidas N\u00e9stor Kirchner y Rivas Jord\u00e1n, conformando bulevares de ambos lados. En los padrones provisorios se hab\u00edan anotado casi\u00a0<a href=\"https:\/\/17.0.0.0\/\">17.000<\/a>\u00a0familias.<\/p>\n<\/div>\n<div class=\"tags\">Fuente: <a href=\"https:\/\/www.lagaceta.com.ar\/nota\/815412\/actualidad\/fijan-fecha-para-sorteo-166-casas-pendientes-lomas-tafi.html\">La Gaceta<\/a><\/div>\n","protected":false},"excerpt":{"rendered":"<p>El listado de beneficiarios ser\u00e1 publicado en la web del organismo. Acto ante escribano.<\/p>\n","protected":false},"author":5,"featured_media":24443,"comment_status":"closed","ping_status":"open","sticky":false,"template":"","format":"standard","meta":{"footnotes":""},"categories":[2],"tags":[],"class_list":{"0":"post-24442","1":"post","2":"type-post","3":"status-publish","4":"format-standard","5":"has-post-thumbnail","7":"category-actualidad"},"yoast_head":"<!-- This site is optimized with the Yoast SEO plugin v27.5 - https:\/\/yoast.com\/product\/yoast-seo-wordpress\/ -->\n<title>Fijan fecha para el sorteo de las 166 casas pendientes en Lomas de Taf\u00ed - El Diario de Tucuman<\/title>\n<meta name=\"robots\" content=\"index, follow, max-snippet:-1, max-image-preview:large, max-video-preview:-1\" \/>\n<link rel=\"canonical\" href=\"https:\/\/www.eldiariodetucuman.com\/web\/fijan-fecha-para-el-sorteo-de-las-166-casas-pendientes-en-lomas-de-tafi\/\" \/>\n<meta property=\"og:locale\" content=\"es_ES\" \/>\n<meta property=\"og:type\" content=\"article\" \/>\n<meta property=\"og:title\" content=\"Fijan fecha para el sorteo de las 166 casas pendientes en Lomas de Taf\u00ed - El Diario de Tucuman\" \/>\n<meta property=\"og:description\" content=\"El listado de beneficiarios ser\u00e1 publicado en la web del organismo. Acto ante escribano.\" \/>\n<meta property=\"og:url\" content=\"https:\/\/www.eldiariodetucuman.com\/web\/fijan-fecha-para-el-sorteo-de-las-166-casas-pendientes-en-lomas-de-tafi\/\" \/>\n<meta property=\"og:site_name\" content=\"El Diario de Tucuman\" \/>\n<meta property=\"article:published_time\" content=\"2019-08-15T19:06:16+00:00\" \/>\n<meta property=\"og:image\" content=\"https:\/\/www.eldiariodetucuman.com\/web\/wp-content\/uploads\/2019\/08\/fijan-fecha-para-sorteo-166-casas-pendientes-lomas-tafi-815412-154617.jpg\" \/>\n\t<meta property=\"og:image:width\" content=\"1500\" \/>\n\t<meta property=\"og:image:height\" content=\"850\" \/>\n\t<meta property=\"og:image:type\" content=\"image\/jpeg\" \/>\n<meta name=\"author\" content=\"Redactor Uno\" \/>\n<meta name=\"twitter:card\" content=\"summary_large_image\" \/>\n<meta name=\"twitter:label1\" content=\"Escrito por\" \/>\n\t<meta name=\"twitter:data1\" content=\"Redactor Uno\" \/>\n\t<meta name=\"twitter:label2\" content=\"Tiempo de lectura\" \/>\n\t<meta name=\"twitter:data2\" content=\"1 minuto\" \/>\n<script type=\"application\/ld+json\" class=\"yoast-schema-graph\">{\"@context\":\"https:\\\/\\\/schema.org\",\"@graph\":[{\"@type\":\"Article\",\"@id\":\"https:\\\/\\\/www.eldiariodetucuman.com\\\/web\\\/fijan-fecha-para-el-sorteo-de-las-166-casas-pendientes-en-lomas-de-tafi\\\/#article\",\"isPartOf\":{\"@id\":\"https:\\\/\\\/www.eldiariodetucuman.com\\\/web\\\/fijan-fecha-para-el-sorteo-de-las-166-casas-pendientes-en-lomas-de-tafi\\\/\"},\"author\":{\"name\":\"Redactor Uno\",\"@id\":\"https:\\\/\\\/www.eldiariodetucuman.com\\\/web\\\/#\\\/schema\\\/person\\\/7e6644a46e60888f6b868594407e08dd\"},\"headline\":\"Fijan fecha para el sorteo de las 166 casas pendientes en Lomas de Taf\u00ed\",\"datePublished\":\"2019-08-15T19:06:16+00:00\",\"mainEntityOfPage\":{\"@id\":\"https:\\\/\\\/www.eldiariodetucuman.com\\\/web\\\/fijan-fecha-para-el-sorteo-de-las-166-casas-pendientes-en-lomas-de-tafi\\\/\"},\"wordCount\":188,\"publisher\":{\"@id\":\"https:\\\/\\\/www.eldiariodetucuman.com\\\/web\\\/#organization\"},\"image\":{\"@id\":\"https:\\\/\\\/www.eldiariodetucuman.com\\\/web\\\/fijan-fecha-para-el-sorteo-de-las-166-casas-pendientes-en-lomas-de-tafi\\\/#primaryimage\"},\"thumbnailUrl\":\"https:\\\/\\\/www.eldiariodetucuman.com\\\/web\\\/wp-content\\\/uploads\\\/2019\\\/08\\\/fijan-fecha-para-sorteo-166-casas-pendientes-lomas-tafi-815412-154617.jpg\",\"articleSection\":[\"Actualidad\"],\"inLanguage\":\"es\"},{\"@type\":\"WebPage\",\"@id\":\"https:\\\/\\\/www.eldiariodetucuman.com\\\/web\\\/fijan-fecha-para-el-sorteo-de-las-166-casas-pendientes-en-lomas-de-tafi\\\/\",\"url\":\"https:\\\/\\\/www.eldiariodetucuman.com\\\/web\\\/fijan-fecha-para-el-sorteo-de-las-166-casas-pendientes-en-lomas-de-tafi\\\/\",\"name\":\"Fijan fecha para el sorteo de las 166 casas pendientes en Lomas de Taf\u00ed - El Diario de Tucuman\",\"isPartOf\":{\"@id\":\"https:\\\/\\\/www.eldiariodetucuman.com\\\/web\\\/#website\"},\"primaryImageOfPage\":{\"@id\":\"https:\\\/\\\/www.eldiariodetucuman.com\\\/web\\\/fijan-fecha-para-el-sorteo-de-las-166-casas-pendientes-en-lomas-de-tafi\\\/#primaryimage\"},\"image\":{\"@id\":\"https:\\\/\\\/www.eldiariodetucuman.com\\\/web\\\/fijan-fecha-para-el-sorteo-de-las-166-casas-pendientes-en-lomas-de-tafi\\\/#primaryimage\"},\"thumbnailUrl\":\"https:\\\/\\\/www.eldiariodetucuman.com\\\/web\\\/wp-content\\\/uploads\\\/2019\\\/08\\\/fijan-fecha-para-sorteo-166-casas-pendientes-lomas-tafi-815412-154617.jpg\",\"datePublished\":\"2019-08-15T19:06:16+00:00\",\"breadcrumb\":{\"@id\":\"https:\\\/\\\/www.eldiariodetucuman.com\\\/web\\\/fijan-fecha-para-el-sorteo-de-las-166-casas-pendientes-en-lomas-de-tafi\\\/#breadcrumb\"},\"inLanguage\":\"es\",\"potentialAction\":[{\"@type\":\"ReadAction\",\"target\":[\"https:\\\/\\\/www.eldiariodetucuman.com\\\/web\\\/fijan-fecha-para-el-sorteo-de-las-166-casas-pendientes-en-lomas-de-tafi\\\/\"]}]},{\"@type\":\"ImageObject\",\"inLanguage\":\"es\",\"@id\":\"https:\\\/\\\/www.eldiariodetucuman.com\\\/web\\\/fijan-fecha-para-el-sorteo-de-las-166-casas-pendientes-en-lomas-de-tafi\\\/#primaryimage\",\"url\":\"https:\\\/\\\/www.eldiariodetucuman.com\\\/web\\\/wp-content\\\/uploads\\\/2019\\\/08\\\/fijan-fecha-para-sorteo-166-casas-pendientes-lomas-tafi-815412-154617.jpg\",\"contentUrl\":\"https:\\\/\\\/www.eldiariodetucuman.com\\\/web\\\/wp-content\\\/uploads\\\/2019\\\/08\\\/fijan-fecha-para-sorteo-166-casas-pendientes-lomas-tafi-815412-154617.jpg\",\"width\":1500,\"height\":850},{\"@type\":\"BreadcrumbList\",\"@id\":\"https:\\\/\\\/www.eldiariodetucuman.com\\\/web\\\/fijan-fecha-para-el-sorteo-de-las-166-casas-pendientes-en-lomas-de-tafi\\\/#breadcrumb\",\"itemListElement\":[{\"@type\":\"ListItem\",\"position\":1,\"name\":\"Portada\",\"item\":\"https:\\\/\\\/www.eldiariodetucuman.com\\\/web\\\/\"},{\"@type\":\"ListItem\",\"position\":2,\"name\":\"Fijan fecha para el sorteo de las 166 casas pendientes en Lomas de Taf\u00ed\"}]},{\"@type\":\"WebSite\",\"@id\":\"https:\\\/\\\/www.eldiariodetucuman.com\\\/web\\\/#website\",\"url\":\"https:\\\/\\\/www.eldiariodetucuman.com\\\/web\\\/\",\"name\":\"El Diario de Tucuman\",\"description\":\"Diario Tucuman - Informaci\u00f3n y noticias\",\"publisher\":{\"@id\":\"https:\\\/\\\/www.eldiariodetucuman.com\\\/web\\\/#organization\"},\"potentialAction\":[{\"@type\":\"SearchAction\",\"target\":{\"@type\":\"EntryPoint\",\"urlTemplate\":\"https:\\\/\\\/www.eldiariodetucuman.com\\\/web\\\/?s={search_term_string}\"},\"query-input\":{\"@type\":\"PropertyValueSpecification\",\"valueRequired\":true,\"valueName\":\"search_term_string\"}}],\"inLanguage\":\"es\"},{\"@type\":\"Organization\",\"@id\":\"https:\\\/\\\/www.eldiariodetucuman.com\\\/web\\\/#organization\",\"name\":\"El Diario de Tucuman\",\"url\":\"https:\\\/\\\/www.eldiariodetucuman.com\\\/web\\\/\",\"logo\":{\"@type\":\"ImageObject\",\"inLanguage\":\"es\",\"@id\":\"https:\\\/\\\/www.eldiariodetucuman.com\\\/web\\\/#\\\/schema\\\/logo\\\/image\\\/\",\"url\":\"http:\\\/\\\/www.eldiariodetucuman.com\\\/web\\\/wp-content\\\/uploads\\\/2017\\\/12\\\/el-diario-de-tucuman.jpg\",\"contentUrl\":\"http:\\\/\\\/www.eldiariodetucuman.com\\\/web\\\/wp-content\\\/uploads\\\/2017\\\/12\\\/el-diario-de-tucuman.jpg\",\"width\":272,\"height\":92,\"caption\":\"El Diario de Tucuman\"},\"image\":{\"@id\":\"https:\\\/\\\/www.eldiariodetucuman.com\\\/web\\\/#\\\/schema\\\/logo\\\/image\\\/\"}},{\"@type\":\"Person\",\"@id\":\"https:\\\/\\\/www.eldiariodetucuman.com\\\/web\\\/#\\\/schema\\\/person\\\/7e6644a46e60888f6b868594407e08dd\",\"name\":\"Redactor Uno\",\"image\":{\"@type\":\"ImageObject\",\"inLanguage\":\"es\",\"@id\":\"https:\\\/\\\/secure.gravatar.com\\\/avatar\\\/0049b1bdf1bd548385c9ea6b9356431717930913089febd2ba904f0187d7d074?s=96&d=mm&r=g\",\"url\":\"https:\\\/\\\/secure.gravatar.com\\\/avatar\\\/0049b1bdf1bd548385c9ea6b9356431717930913089febd2ba904f0187d7d074?s=96&d=mm&r=g\",\"contentUrl\":\"https:\\\/\\\/secure.gravatar.com\\\/avatar\\\/0049b1bdf1bd548385c9ea6b9356431717930913089febd2ba904f0187d7d074?s=96&d=mm&r=g\",\"caption\":\"Redactor Uno\"},\"url\":\"https:\\\/\\\/www.eldiariodetucuman.com\\\/web\\\/author\\\/mramasco\\\/\"}]}<\/script>\n<!-- \/ Yoast SEO plugin. -->","yoast_head_json":{"title":"Fijan fecha para el sorteo de las 166 casas pendientes en Lomas de Taf\u00ed - El Diario de Tucuman","robots":{"index":"index","follow":"follow","max-snippet":"max-snippet:-1","max-image-preview":"max-image-preview:large","max-video-preview":"max-video-preview:-1"},"canonical":"https:\/\/www.eldiariodetucuman.com\/web\/fijan-fecha-para-el-sorteo-de-las-166-casas-pendientes-en-lomas-de-tafi\/","og_locale":"es_ES","og_type":"article","og_title":"Fijan fecha para el sorteo de las 166 casas pendientes en Lomas de Taf\u00ed - El Diario de Tucuman","og_description":"El listado de beneficiarios ser\u00e1 publicado en la web del organismo. Acto ante escribano.","og_url":"https:\/\/www.eldiariodetucuman.com\/web\/fijan-fecha-para-el-sorteo-de-las-166-casas-pendientes-en-lomas-de-tafi\/","og_site_name":"El Diario de Tucuman","article_published_time":"2019-08-15T19:06:16+00:00","og_image":[{"width":1500,"height":850,"url":"https:\/\/www.eldiariodetucuman.com\/web\/wp-content\/uploads\/2019\/08\/fijan-fecha-para-sorteo-166-casas-pendientes-lomas-tafi-815412-154617.jpg","type":"image\/jpeg"}],"author":"Redactor Uno","twitter_card":"summary_large_image","twitter_misc":{"Escrito por":"Redactor Uno","Tiempo de lectura":"1 minuto"},"schema":{"@context":"https:\/\/schema.org","@graph":[{"@type":"Article","@id":"https:\/\/www.eldiariodetucuman.com\/web\/fijan-fecha-para-el-sorteo-de-las-166-casas-pendientes-en-lomas-de-tafi\/#article","isPartOf":{"@id":"https:\/\/www.eldiariodetucuman.com\/web\/fijan-fecha-para-el-sorteo-de-las-166-casas-pendientes-en-lomas-de-tafi\/"},"author":{"name":"Redactor Uno","@id":"https:\/\/www.eldiariodetucuman.com\/web\/#\/schema\/person\/7e6644a46e60888f6b868594407e08dd"},"headline":"Fijan fecha para el sorteo de las 166 casas pendientes en Lomas de Taf\u00ed","datePublished":"2019-08-15T19:06:16+00:00","mainEntityOfPage":{"@id":"https:\/\/www.eldiariodetucuman.com\/web\/fijan-fecha-para-el-sorteo-de-las-166-casas-pendientes-en-lomas-de-tafi\/"},"wordCount":188,"publisher":{"@id":"https:\/\/www.eldiariodetucuman.com\/web\/#organization"},"image":{"@id":"https:\/\/www.eldiariodetucuman.com\/web\/fijan-fecha-para-el-sorteo-de-las-166-casas-pendientes-en-lomas-de-tafi\/#primaryimage"},"thumbnailUrl":"https:\/\/www.eldiariodetucuman.com\/web\/wp-content\/uploads\/2019\/08\/fijan-fecha-para-sorteo-166-casas-pendientes-lomas-tafi-815412-154617.jpg","articleSection":["Actualidad"],"inLanguage":"es"},{"@type":"WebPage","@id":"https:\/\/www.eldiariodetucuman.com\/web\/fijan-fecha-para-el-sorteo-de-las-166-casas-pendientes-en-lomas-de-tafi\/","url":"https:\/\/www.eldiariodetucuman.com\/web\/fijan-fecha-para-el-sorteo-de-las-166-casas-pendientes-en-lomas-de-tafi\/","name":"Fijan fecha para el sorteo de las 166 casas pendientes en Lomas de Taf\u00ed - El Diario de Tucuman","isPartOf":{"@id":"https:\/\/www.eldiariodetucuman.com\/web\/#website"},"primaryImageOfPage":{"@id":"https:\/\/www.eldiariodetucuman.com\/web\/fijan-fecha-para-el-sorteo-de-las-166-casas-pendientes-en-lomas-de-tafi\/#primaryimage"},"image":{"@id":"https:\/\/www.eldiariodetucuman.com\/web\/fijan-fecha-para-el-sorteo-de-las-166-casas-pendientes-en-lomas-de-tafi\/#primaryimage"},"thumbnailUrl":"https:\/\/www.eldiariodetucuman.com\/web\/wp-content\/uploads\/2019\/08\/fijan-fecha-para-sorteo-166-casas-pendientes-lomas-tafi-815412-154617.jpg","datePublished":"2019-08-15T19:06:16+00:00","breadcrumb":{"@id":"https:\/\/www.eldiariodetucuman.com\/web\/fijan-fecha-para-el-sorteo-de-las-166-casas-pendientes-en-lomas-de-tafi\/#breadcrumb"},"inLanguage":"es","potentialAction":[{"@type":"ReadAction","target":["https:\/\/www.eldiariodetucuman.com\/web\/fijan-fecha-para-el-sorteo-de-las-166-casas-pendientes-en-lomas-de-tafi\/"]}]},{"@type":"ImageObject","inLanguage":"es","@id":"https:\/\/www.eldiariodetucuman.com\/web\/fijan-fecha-para-el-sorteo-de-las-166-casas-pendientes-en-lomas-de-tafi\/#primaryimage","url":"https:\/\/www.eldiariodetucuman.com\/web\/wp-content\/uploads\/2019\/08\/fijan-fecha-para-sorteo-166-casas-pendientes-lomas-tafi-815412-154617.jpg","contentUrl":"https:\/\/www.eldiariodetucuman.com\/web\/wp-content\/uploads\/2019\/08\/fijan-fecha-para-sorteo-166-casas-pendientes-lomas-tafi-815412-154617.jpg","width":1500,"height":850},{"@type":"BreadcrumbList","@id":"https:\/\/www.eldiariodetucuman.com\/web\/fijan-fecha-para-el-sorteo-de-las-166-casas-pendientes-en-lomas-de-tafi\/#breadcrumb","itemListElement":[{"@type":"ListItem","position":1,"name":"Portada","item":"https:\/\/www.eldiariodetucuman.com\/web\/"},{"@type":"ListItem","position":2,"name":"Fijan fecha para el sorteo de las 166 casas pendientes en Lomas de Taf\u00ed"}]},{"@type":"WebSite","@id":"https:\/\/www.eldiariodetucuman.com\/web\/#website","url":"https:\/\/www.eldiariodetucuman.com\/web\/","name":"El Diario de Tucuman","description":"Diario Tucuman - Informaci\u00f3n y noticias","publisher":{"@id":"https:\/\/www.eldiariodetucuman.com\/web\/#organization"},"potentialAction":[{"@type":"SearchAction","target":{"@type":"EntryPoint","urlTemplate":"https:\/\/www.eldiariodetucuman.com\/web\/?s={search_term_string}"},"query-input":{"@type":"PropertyValueSpecification","valueRequired":true,"valueName":"search_term_string"}}],"inLanguage":"es"},{"@type":"Organization","@id":"https:\/\/www.eldiariodetucuman.com\/web\/#organization","name":"El Diario de Tucuman","url":"https:\/\/www.eldiariodetucuman.com\/web\/","logo":{"@type":"ImageObject","inLanguage":"es","@id":"https:\/\/www.eldiariodetucuman.com\/web\/#\/schema\/logo\/image\/","url":"http:\/\/www.eldiariodetucuman.com\/web\/wp-content\/uploads\/2017\/12\/el-diario-de-tucuman.jpg","contentUrl":"http:\/\/www.eldiariodetucuman.com\/web\/wp-content\/uploads\/2017\/12\/el-diario-de-tucuman.jpg","width":272,"height":92,"caption":"El Diario de Tucuman"},"image":{"@id":"https:\/\/www.eldiariodetucuman.com\/web\/#\/schema\/logo\/image\/"}},{"@type":"Person","@id":"https:\/\/www.eldiariodetucuman.com\/web\/#\/schema\/person\/7e6644a46e60888f6b868594407e08dd","name":"Redactor Uno","image":{"@type":"ImageObject","inLanguage":"es","@id":"https:\/\/secure.gravatar.com\/avatar\/0049b1bdf1bd548385c9ea6b9356431717930913089febd2ba904f0187d7d074?s=96&d=mm&r=g","url":"https:\/\/secure.gravatar.com\/avatar\/0049b1bdf1bd548385c9ea6b9356431717930913089febd2ba904f0187d7d074?s=96&d=mm&r=g","contentUrl":"https:\/\/secure.gravatar.com\/avatar\/0049b1bdf1bd548385c9ea6b9356431717930913089febd2ba904f0187d7d074?s=96&d=mm&r=g","caption":"Redactor Uno"},"url":"https:\/\/www.eldiariodetucuman.com\/web\/author\/mramasco\/"}]}},"_links":{"self":[{"href":"https:\/\/www.eldiariodetucuman.com\/web\/wp-json\/wp\/v2\/posts\/24442","targetHints":{"allow":["GET"]}}],"collection":[{"href":"https:\/\/www.eldiariodetucuman.com\/web\/wp-json\/wp\/v2\/posts"}],"about":[{"href":"https:\/\/www.eldiariodetucuman.com\/web\/wp-json\/wp\/v2\/types\/post"}],"author":[{"embeddable":true,"href":"https:\/\/www.eldiariodetucuman.com\/web\/wp-json\/wp\/v2\/users\/5"}],"replies":[{"embeddable":true,"href":"https:\/\/www.eldiariodetucuman.com\/web\/wp-json\/wp\/v2\/comments?post=24442"}],"version-history":[{"count":1,"href":"https:\/\/www.eldiariodetucuman.com\/web\/wp-json\/wp\/v2\/posts\/24442\/revisions"}],"predecessor-version":[{"id":24444,"href":"https:\/\/www.eldiariodetucuman.com\/web\/wp-json\/wp\/v2\/posts\/24442\/revisions\/24444"}],"wp:featuredmedia":[{"embeddable":true,"href":"https:\/\/www.eldiariodetucuman.com\/web\/wp-json\/wp\/v2\/media\/24443"}],"wp:attachment":[{"href":"https:\/\/www.eldiariodetucuman.com\/web\/wp-json\/wp\/v2\/media?parent=24442"}],"wp:term":[{"taxonomy":"category","embeddable":true,"href":"https:\/\/www.eldiariodetucuman.com\/web\/wp-json\/wp\/v2\/categories?post=24442"},{"taxonomy":"post_tag","embeddable":true,"href":"https:\/\/www.eldiariodetucuman.com\/web\/wp-json\/wp\/v2\/tags?post=24442"}],"curies":[{"name":"wp","href":"https:\/\/api.w.org\/{rel}","templated":true}]}}