{"id":24434,"date":"2019-08-15T16:00:23","date_gmt":"2019-08-15T19:00:23","guid":{"rendered":"http:\/\/www.eldiariodetucuman.com\/web\/?p=24434"},"modified":"2019-08-15T16:03:06","modified_gmt":"2019-08-15T19:03:06","slug":"que-dice-la-ley-de-abastecimiento-que-utilizara-el-gobierno-para-congelar-el-precio-de-las-naftas","status":"publish","type":"post","link":"https:\/\/www.eldiariodetucuman.com\/web\/que-dice-la-ley-de-abastecimiento-que-utilizara-el-gobierno-para-congelar-el-precio-de-las-naftas\/","title":{"rendered":"Qu\u00e9 dice la Ley de Abastecimiento que utilizar\u00e1 el Gobierno para congelar el precio de las naftas"},"content":{"rendered":"<div class=\"row pb-content-type-text\">\n<div class=\"col-xs-12 col-print-12\">\n<p class=\"element element-paragraph\"><a href=\"https:\/\/www.infobae.com\/economia\/2019\/08\/15\/el-gobierno-no-acordo-con-la-petroleras-y-aplicara-la-ley-de-abastecimiento-para-congelar-el-precio-de-los-combustibles\/\" target=\"_blank\" rel=\"noopener noreferrer\">El gobierno nacional aplicar\u00e1 la ley de abastecimiento para garantizar el congelamiento de precios de las naftas que anunci\u00f3 el Presidente<\/a>. La resoluci\u00f3n, que se publicar\u00e1 ma\u00f1ana en el Bolet\u00edn Oficial, fijar\u00e1 los valores del 9 de agosto como referencia.<\/p>\n<\/div>\n<\/div>\n<div class=\"row pb-content-type-text\">\n<div class=\"col-xs-12 col-print-12\">\n<p class=\"element element-paragraph\">La norma que utilizar\u00e1 el Poder Ejecutivo fue sancionada en 1974 y modificada por el kirchnerismo en el 2014. A continuaci\u00f3n, el texto completo:<\/p>\n<\/div>\n<\/div>\n<div class=\"row pb-content-type-raw_html\">\n<div class=\"element element-rawhtml col-xs-12\"><\/div>\n<\/div>\n<div class=\"row pb-content-type-text\">\n<div class=\"col-xs-12 col-print-12\">\n<p class=\"element element-paragraph\"><strong>Normas que regir\u00e1n con respecto a la compraventa, permuta y locaci\u00f3n de cosas muebles, obras y servicios.<\/strong><\/p>\n<\/div>\n<\/div>\n<div class=\"row pb-content-type-text\">\n<div id=\"\" class=\"wrapper clearfix pb-feature pb-layout-item pb-f-ads-dfp left-align\">\n<div id=\"inline\" class=\"ad-slot\">\n<div id=\"inline_ad\" data-google-query-id=\"CO6O3oPHheQCFQcVhgodlfIIDA\">\n<div id=\"google_ads_iframe_\/1058609\/infobae\/economia\/nota\/inline_0__container__\"><iframe id=\"google_ads_iframe_\/1058609\/infobae\/economia\/nota\/inline_0\" title=\"3rd party ad content\" name=\"google_ads_iframe_\/1058609\/infobae\/economia\/nota\/inline_0\" width=\"1\" height=\"1\" frameborder=\"0\" marginwidth=\"0\" marginheight=\"0\" scrolling=\"no\" data-google-container-id=\"6\" data-load-complete=\"true\" data-mce-fragment=\"1\"><\/iframe><\/div>\n<\/div>\n<\/div>\n<\/div>\n<div class=\"col-xs-12 col-print-12\">\n<p class=\"element element-paragraph\"><em>Ley N\u00ba 20.680<\/em><\/p>\n<\/div>\n<\/div>\n<div class=\"row pb-content-type-text\">\n<div class=\"col-xs-12 col-print-12\">\n<p class=\"element element-paragraph\"><em>Sancionada: 20 de junio de 1974<\/em><\/p>\n<\/div>\n<\/div>\n<div class=\"row pb-content-type-text\">\n<div class=\"col-xs-12 col-print-12\">\n<p class=\"element element-paragraph\"><em>Promulgada: 24 de junio de 1974<\/em><\/p>\n<\/div>\n<\/div>\n<div class=\"row pb-content-type-raw_html\">\n<div class=\"element element-rawhtml col-xs-12\"><\/div>\n<\/div>\n<div class=\"row pb-content-type-text\">\n<div class=\"col-xs-12 col-print-12\">\n<p class=\"element element-paragraph\">ARTICULO 1\u00ba \u2014\u00a0<strong>La presente ley regir\u00e1 con respecto a la compraventa, permuta y locaci\u00f3n de cosas muebles, obras y servicios \u2014sus materias primas directas o indirectas y sus insumos\u2014 lo mismo que a las prestaciones \u2014cualquiera fuere su naturaleza, contrato o relaci\u00f3n jur\u00eddica que las hubiere originado, de car\u00e1cter gratuito u oneroso, habitual u ocasional\u2014 que se destinen a la producci\u00f3n, construcci\u00f3n, procesamiento, comercializaci\u00f3n, sanidad, alimentaci\u00f3n, vestimenta, higiene, vivienda, deporte, cultura, transporte y log\u00edstica, esparcimiento, as\u00ed como cualquier otro bien mueble o servicio que satisfaga \u2014directamente o indirectamente\u2014 necesidades b\u00e1sicas o esenciales orientadas al bienestar general de la poblaci\u00f3n.<\/strong><\/p>\n<\/div>\n<\/div>\n<div class=\"row pb-content-type-text\">\n<div class=\"col-xs-12 col-print-12\">\n<p class=\"element element-paragraph\"><strong>El \u00e1mbito de aplicaci\u00f3n de esta ley comprende todos los procesos econ\u00f3micos relativos a dichos bienes, prestaciones y servicios y toda otra etapa de la actividad econ\u00f3mica vinculada directamente o indirectamente a los mismos.<\/strong><\/p>\n<\/div>\n<\/div>\n<div class=\"row pb-content-type-text\">\n<div class=\"col-xs-12 col-print-12\">\n<p class=\"element element-paragraph\">Quedan exceptuados del r\u00e9gimen establecido en la presente ley, los agentes econ\u00f3micos considerados micro, peque\u00f1as o medianas empresas (MIPyMEs), de conformidad con lo previsto en la ley 25.300, siempre que no detenten posici\u00f3n dominante en los t\u00e9rminos de los art\u00edculos 4\u00b0 y 5\u00b0 de la ley 25.156.<\/p>\n<\/div>\n<\/div>\n<div class=\"row pb-content-type-text\">\n<div class=\"col-xs-12 col-print-12\">\n<p class=\"element element-paragraph\"><em>(Art\u00edculo sustituido por art. 1\u00b0 de la Ley N\u00b0 26.991 B.O. 19\/09\/2014)<\/em><br \/>\nARTICULO 2\u00ba \u2014 En relaci\u00f3n a todo lo comprendido en el art\u00edculo 1\u00b0, en caso de configurarse alguno de los supuestos previstos en los incisos a), b), c), d), e), f) y g) del art\u00edculo 4\u00b0, la autoridad de aplicaci\u00f3n podr\u00e1:<\/p>\n<\/div>\n<\/div>\n<div class=\"row pb-content-type-text\">\n<div class=\"col-xs-12 col-print-12\">\n<p class=\"element element-paragraph\"><strong>a) Establecer, para cualquier etapa del proceso econ\u00f3mico, m\u00e1rgenes de utilidad, precios de referencia, niveles m\u00e1ximos y m\u00ednimos de precios, o todas o algunas de estas medidas;<\/strong><\/p>\n<\/div>\n<\/div>\n<div class=\"row pb-content-type-text\">\n<div class=\"col-xs-12 col-print-12\">\n<p class=\"element element-paragraph\"><strong>b) Dictar normas reglamentarias que rijan la comercializaci\u00f3n, intermediaci\u00f3n, distribuci\u00f3n y\/o producci\u00f3n, a excepci\u00f3n de las cuestiones relativas a infracciones a los deberes formales previstos en la ley 11.683, t. o. 1998, y sus modificaciones;<\/strong><\/p>\n<\/div>\n<\/div>\n<div class=\"row pb-content-type-text\">\n<div class=\"col-xs-12 col-print-12\">\n<p class=\"element element-paragraph\"><strong>c) Disponer la continuidad en la producci\u00f3n, industrializaci\u00f3n, comercializaci\u00f3n, transporte, distribuci\u00f3n o prestaci\u00f3n de servicios, como tambi\u00e9n en la fabricaci\u00f3n de determinados productos, dentro de los niveles o cuotas m\u00ednimas que estableciere la autoridad de aplicaci\u00f3n. A los efectos de la fijaci\u00f3n de dichos niveles o cuotas m\u00ednimas, la autoridad de aplicaci\u00f3n tendr\u00e1 en cuenta, respecto de los obligados, los siguientes datos y elementos:<\/strong><\/p>\n<\/div>\n<\/div>\n<div class=\"row pb-content-type-text\">\n<div class=\"col-xs-12 col-print-12\">\n<p class=\"element element-paragraph\">I) Volumen habitual de producci\u00f3n, fabricaci\u00f3n, ventas o prestaci\u00f3n de servicios.<\/p>\n<\/div>\n<\/div>\n<div class=\"row pb-content-type-text\">\n<div class=\"col-xs-12 col-print-12\">\n<p class=\"element element-paragraph\">II) Capacidad productiva, situaci\u00f3n econ\u00f3mica del sujeto obligado y ecuaci\u00f3n econ\u00f3mica del proceso o actividad.<\/p>\n<\/div>\n<\/div>\n<div class=\"row pb-content-type-text\">\n<div class=\"col-xs-12 col-print-12\">\n<p class=\"element element-paragraph\">La autoridad de aplicaci\u00f3n en la disposici\u00f3n de la presente medida, deber\u00e1 contemplar que la continuidad en la producci\u00f3n, industrializaci\u00f3n, comercializaci\u00f3n, transporte, distribuci\u00f3n o prestaci\u00f3n de servicios, como tambi\u00e9n en la fabricaci\u00f3n de determinados productos, resulte econ\u00f3micamente viable, en su defecto, establecer\u00e1 una justa y oportuna compensaci\u00f3n;<\/p>\n<\/div>\n<\/div>\n<div class=\"row pb-content-type-text\">\n<div class=\"col-xs-12 col-print-12\">\n<p class=\"element element-paragraph\"><strong>d) Acordar subsidios, cuando ello sea necesario para asegurar el abastecimiento y\/o la prestaci\u00f3n de servicios;<\/strong><\/p>\n<\/div>\n<\/div>\n<div class=\"row pb-content-type-text\">\n<div class=\"col-xs-12 col-print-12\">\n<p class=\"element element-paragraph\">e) Requerir toda documentaci\u00f3n relativa al giro comercial de la empresa o agente econ\u00f3mico; dicha informaci\u00f3n tendr\u00e1 car\u00e1cter reservado y confidencial, y ser\u00e1 de uso exclusivo en el marco de las competencias asignadas a la autoridad de aplicaci\u00f3n.<\/p>\n<\/div>\n<\/div>\n<div class=\"row pb-content-type-text\">\n<div class=\"col-xs-12 col-print-12\">\n<p class=\"element element-paragraph\">Asimismo, podr\u00e1 requerir informaci\u00f3n sobre los precios de venta de los bienes o servicios producidos y prestados, como as\u00ed tambi\u00e9n su disponibilidad de venta;<\/p>\n<\/div>\n<\/div>\n<div class=\"row pb-content-type-text\">\n<div class=\"col-xs-12 col-print-12\">\n<p class=\"element element-paragraph\">f) Exigir la presentaci\u00f3n o exhibici\u00f3n de todo tipo de libros, documentos, correspondencia, papeles de comercio y todo otro elemento relativo a la administraci\u00f3n de los negocios; realizar pericias t\u00e9cnicas;<\/p>\n<\/div>\n<\/div>\n<div class=\"row pb-content-type-text\">\n<div class=\"col-xs-12 col-print-12\">\n<p class=\"element element-paragraph\"><strong>g) Proceder, de ser necesario, al secuestro de todos los elementos aludidos en los incisos f) y h), por un plazo m\u00e1ximo de treinta (30) d\u00edas h\u00e1biles;<\/strong><\/p>\n<\/div>\n<\/div>\n<div class=\"row pb-content-type-text\">\n<div class=\"col-xs-12 col-print-12\">\n<p class=\"element element-paragraph\">h) Crear los registros y obligar a llevar los libros especiales que se establecieren;<\/p>\n<\/div>\n<\/div>\n<div class=\"row pb-content-type-text\">\n<div class=\"col-xs-12 col-print-12\">\n<p class=\"element element-paragraph\">i) Establecer reg\u00edmenes de licencias comerciales.<\/p>\n<\/div>\n<\/div>\n<div class=\"row pb-content-type-text\">\n<div class=\"col-xs-12 col-print-12\">\n<p class=\"element element-paragraph\">Los que resulten obligados por la aplicaci\u00f3n de la presente norma y que estimen que a consecuencia de ello sufrir\u00e1n grave e irreparable perjuicio econ\u00f3mico, podr\u00e1n solicitar la revisi\u00f3n parcial o total de las medidas que los afectan. Sin embargo, ello no los excusar\u00e1 de dar estricto cumplimiento a las obligaciones impuestas, en tanto no se adopte resoluci\u00f3n en relaci\u00f3n a su petici\u00f3n, la cual deber\u00e1 dictarse dentro de los quince (15) d\u00edas h\u00e1biles del reclamo. En caso contario quedar\u00e1 sin efecto la medida.<br \/>\n<em>(Art\u00edculo sustituido por art. 2\u00b0 de la Ley N\u00b0 26.991 B.O. 19\/09\/2014)<\/em><\/p>\n<\/div>\n<\/div>\n<div class=\"row pb-content-type-text\">\n<div class=\"col-xs-12 col-print-12\">\n<p class=\"element element-paragraph\">ARTICULO 3\u00ba \u2014 Los Gobernadores de Provincia y\/o el Jefe de Gobierno de la Ciudad Aut\u00f3noma de Buenos Aires, por s\u00ed o por intermedio de los organismos y\/o funcionarios que determinen,<strong>\u00a0podr\u00e1n fijar \u2014dentro de sus respectivas jurisdicciones\u2014 precios m\u00e1ximos y las pertinentes medidas complementarias<\/strong>, mientras el Poder Ejecutivo o el organismo nacional de aplicaci\u00f3n no los establecieren, dando cuenta de inmediato a este \u00faltimo. Dichos precios subsistir\u00e1n en tanto el Poder Ejecutivo no haga uso de las facultades que a ese objeto le acuerda esta ley. Tambi\u00e9n podr\u00e1n disponer las medidas autorizadas en los incisos e), f), g) y h) del art\u00edculo 2\u00b0.<\/p>\n<\/div>\n<\/div>\n<div class=\"row pb-content-type-text\">\n<div class=\"col-xs-12 col-print-12\">\n<p class=\"element element-paragraph\">Asimismo las mencionadas autoridades, y \u00fanicamente en cuanto se refiere al abastecimiento dentro de sus respectivas jurisdicciones,\u00a0<strong>podr\u00e1n modificar los precios fijados por la autoridad nacional de aplicaci\u00f3n, en tanto la localizaci\u00f3n de la fuente de producci\u00f3n, la menor incidencia de los fletes o cualquier otra circunstancia o factor permitan una reducci\u00f3n de los mismos<\/strong>. En caso de que a la inversa, dichos factores determinaran la necesidad de incrementar aqu\u00e9llos, deber\u00e1 requerirse previa autorizaci\u00f3n al organismo nacional de aplicaci\u00f3n; quien deber\u00e1 expedirse en el t\u00e9rmino de quince (15) d\u00edas h\u00e1biles; en caso contrario quedar\u00e1 aprobado el precio propuesto por la autoridad local.<\/p>\n<\/div>\n<\/div>\n<div class=\"row pb-content-type-text\">\n<div class=\"col-xs-12 col-print-12\">\n<p class=\"element element-paragraph\"><em>(Art\u00edculo sustituido por art. 2\u00b0 de la Ley N\u00b0 26.991 B.O. 19\/09\/2014)<\/em><\/p>\n<\/div>\n<\/div>\n<div class=\"row pb-content-type-text\">\n<div class=\"col-xs-12 col-print-12\">\n<p class=\"element element-paragraph\"><strong>ARTICULO 4\u00ba \u2014 Ser\u00e1n pasibles de las sanciones que se establecen en el art\u00edculo 5\u00b0 y, en su caso, en el art\u00edculo 6\u00b0, quienes:<\/strong><\/p>\n<\/div>\n<\/div>\n<div class=\"row pb-content-type-text\">\n<div class=\"col-xs-12 col-print-12\">\n<p class=\"element element-paragraph\"><strong>a) Elevaren artificial o injustificadamente los precios en forma que no responda proporcionalmente a los aumentos de los costos, u obtuvieren ganancias abusivas;<\/strong><\/p>\n<\/div>\n<\/div>\n<div class=\"row pb-content-type-text\">\n<div class=\"col-xs-12 col-print-12\">\n<p class=\"element element-paragraph\"><strong>b) Revaluaren existencias, salvo autorizaci\u00f3n expresa de la autoridad de aplicaci\u00f3n;<\/strong><\/p>\n<\/div>\n<\/div>\n<div class=\"row pb-content-type-text\">\n<div class=\"col-xs-12 col-print-12\">\n<p class=\"element element-paragraph\"><strong>c) Acapararen materias primas o productos, o formaren existencias superiores a las necesarias, sean actos de naturaleza monop\u00f3lica o no, para responder a los planes habituales de producci\u00f3n o demanda;<\/strong><\/p>\n<\/div>\n<\/div>\n<div class=\"row pb-content-type-text\">\n<div class=\"col-xs-12 col-print-12\">\n<p class=\"element element-paragraph\"><strong>d) Intermediaren o permitieren intermediar innecesariamente o crearen artificialmente etapas en la distribuci\u00f3n y comercializaci\u00f3n;<\/strong><\/p>\n<\/div>\n<\/div>\n<div class=\"row pb-content-type-text\">\n<div class=\"col-xs-12 col-print-12\">\n<p class=\"element element-paragraph\"><strong>e) Destruyeren mercader\u00edas o bienes; o impidieren la prestaci\u00f3n de servicios o realizaren cualquier otro acto, sea de naturaleza monop\u00f3lica o no, que tienda a hacer escasear su producci\u00f3n, venta o transporte;<\/strong><\/p>\n<\/div>\n<\/div>\n<div class=\"row pb-content-type-text\">\n<div class=\"col-xs-12 col-print-12\">\n<p class=\"element element-paragraph\"><strong>f) Negaren o restringieren injustificadamente la venta de bienes o la prestaci\u00f3n de servicios, o redujeren sin causa la producci\u00f3n habitual o no la incrementaren, habiendo sido intimados por la autoridad de aplicaci\u00f3n a tal efecto con cinco (5) d\u00edas h\u00e1biles de anticipaci\u00f3n, en caso de tener capacidad productiva, para responder a la demanda;<\/strong><\/p>\n<\/div>\n<\/div>\n<div class=\"row pb-content-type-text\">\n<div class=\"col-xs-12 col-print-12\">\n<p class=\"element element-paragraph\"><strong>g) Desviaren o discontinuaren el abastecimiento normal y habitual de una zona a otra sin causa justificada;<\/strong><\/p>\n<\/div>\n<\/div>\n<div class=\"row pb-content-type-text\">\n<div class=\"col-xs-12 col-print-12\">\n<p class=\"element element-paragraph\"><strong>h) No tuvieren para su venta o discontinuaren, seg\u00fan el ramo comercial respectivo, la producci\u00f3n de mercader\u00edas y prestaci\u00f3n de servicios con niveles de precios m\u00e1ximos y m\u00ednimos, o m\u00e1rgenes de utilidad fijados, salvo los eximentes justificados que se establezcan por v\u00eda reglamentaria, teniendo en cuenta ramo, habitualidad, modalidad, situaci\u00f3n de mercado y dem\u00e1s circunstancias propias de cada caso;<\/strong><\/p>\n<\/div>\n<\/div>\n<div class=\"row pb-content-type-text\">\n<div class=\"col-xs-12 col-print-12\">\n<p class=\"element element-paragraph\"><strong>i) No entregaren factura o comprobante de venta, la informaci\u00f3n o documentaci\u00f3n previstas en el art\u00edculo 2\u00b0, incisos e) y f) de la presente, o ejercieran su actividad fuera de los registros y licencias previstos en el art\u00edculo 2\u00b0, incisos h) e i) de esta ley, en caso de corresponder, todo ello en la forma y condiciones que establezcan las disposiciones reglamentarias;<\/strong><\/p>\n<\/div>\n<\/div>\n<div class=\"row pb-content-type-text\">\n<div class=\"col-xs-12 col-print-12\">\n<p class=\"element element-paragraph\"><strong>j) Vulneraren cualesquiera de las disposiciones que se adoptaren en ejercicio de las atribuciones que se confieren por los art\u00edculos 2\u00b0 y 3\u00ba de esta ley.<\/strong><\/p>\n<\/div>\n<\/div>\n<div class=\"row pb-content-type-text\">\n<div class=\"col-xs-12 col-print-12\">\n<p class=\"element element-paragraph\"><em>(Art\u00edculo sustituido por art. 3\u00b0 de la Ley N\u00b0 26.991 B.O. 19\/09\/2014)<\/em><\/p>\n<\/div>\n<\/div>\n<div class=\"row pb-content-type-text\">\n<div class=\"col-xs-12 col-print-12\">\n<p class=\"element element-paragraph\"><strong>ARTICULO 5\u00ba \u2014 Quienes incurrieren en los actos u omisiones previstos en el art\u00edculo 4\u00b0, ser\u00e1n pasibles de las siguientes sanciones:<\/strong><\/p>\n<\/div>\n<\/div>\n<div class=\"row pb-content-type-text\">\n<div class=\"col-xs-12 col-print-12\">\n<p class=\"element element-paragraph\"><strong>a) Multa de pesos quinientos ($500) a pesos diez millones ($ 10.000.000). Este \u00faltimo l\u00edmite podr\u00e1 aumentarse hasta alcanzar el triple de la ganancia obtenida en infracci\u00f3n;<\/strong><\/p>\n<\/div>\n<\/div>\n<div class=\"row pb-content-type-text\">\n<div class=\"col-xs-12 col-print-12\">\n<p class=\"element element-paragraph\"><strong>b) Clausura del establecimiento por un plazo de hasta noventa (90) d\u00edas. Durante la clausura, y por otro per\u00edodo igual, no podr\u00e1 transferirse el fondo de comercio ni los bienes afectados;<\/strong><\/p>\n<\/div>\n<\/div>\n<div class=\"row pb-content-type-text\">\n<div class=\"col-xs-12 col-print-12\">\n<p class=\"element element-paragraph\"><strong>c) Inhabilitaci\u00f3n de hasta dos (2) a\u00f1os para el uso o renovaci\u00f3n de cr\u00e9ditos que otorguen las entidades p\u00fablicas sujetas a la ley 21.526 de Entidades Financieras, y sus modificatorias;<\/strong><\/p>\n<\/div>\n<\/div>\n<div class=\"row pb-content-type-text\">\n<div class=\"col-xs-12 col-print-12\">\n<p class=\"element element-paragraph\"><strong>d) Comiso de las mercader\u00edas y productos objeto de la infracci\u00f3n;<\/strong><\/p>\n<\/div>\n<\/div>\n<div class=\"row pb-content-type-text\">\n<div class=\"col-xs-12 col-print-12\">\n<p class=\"element element-paragraph\"><strong>e) Inhabilitaci\u00f3n especial de hasta cinco (5) a\u00f1os para ejercer el comercio y la funci\u00f3n p\u00fablica;<\/strong><\/p>\n<\/div>\n<\/div>\n<div class=\"row pb-content-type-text\">\n<div class=\"col-xs-12 col-print-12\">\n<p class=\"element element-paragraph\"><strong>f) Suspensi\u00f3n de hasta cinco (5) a\u00f1os en los registros de proveedores del Estado;<\/strong><\/p>\n<\/div>\n<\/div>\n<div class=\"row pb-content-type-text\">\n<div class=\"col-xs-12 col-print-12\">\n<p class=\"element element-paragraph\"><strong>g) P\u00e9rdida de concesiones, privilegios, reg\u00edmenes impositivos o crediticios especiales de que gozare.<\/strong><\/p>\n<\/div>\n<\/div>\n<div class=\"row pb-content-type-text\">\n<div class=\"col-xs-12 col-print-12\">\n<p class=\"element element-paragraph\">Las sanciones previstas en este art\u00edculo podr\u00e1n imponerse en forma independiente o conjunta, seg\u00fan las circunstancias del caso.<br \/>\n(Art\u00edculo sustituido por art. 4\u00b0 de la Ley N\u00b0 26.991 B.O. 19\/09\/2014)<\/p>\n<\/div>\n<\/div>\n<div class=\"row pb-content-type-text\">\n<div class=\"col-xs-12 col-print-12\">\n<p class=\"element element-paragraph\">ARTICULO 6\u00ba \u2014 En caso de reincidencia los l\u00edmites m\u00e1ximos de los montos del inciso a) del art\u00edculo 5\u00b0 y los t\u00e9rminos de sus incisos b), c), e) y f) podr\u00e1n elevarse hasta el doble de la sanci\u00f3n originaria.<\/p>\n<\/div>\n<\/div>\n<div class=\"row pb-content-type-text\">\n<div class=\"col-xs-12 col-print-12\">\n<p class=\"element element-paragraph\">(Art\u00edculo sustituido por art. 5\u00b0 de la Ley N\u00b0 26.991 B.O. 19\/09\/2014)<\/p>\n<\/div>\n<\/div>\n<div class=\"row pb-content-type-text\">\n<div class=\"col-xs-12 col-print-12\">\n<p class=\"element element-paragraph\">ARTICULO 7\u00ba \u2014 Para la fijaci\u00f3n de las sanciones de toda \u00edndole, pecuniarias o personales, se tomar\u00e1 en cuenta, en cada caso:<\/p>\n<\/div>\n<\/div>\n<div class=\"row pb-content-type-text\">\n<div class=\"col-xs-12 col-print-12\">\n<p class=\"element element-paragraph\">a) La dimensi\u00f3n econ\u00f3mica de la empresa, negocio o explotaci\u00f3n, atendiendo en especial al capital en giro;<\/p>\n<\/div>\n<\/div>\n<div class=\"row pb-content-type-text\">\n<div class=\"col-xs-12 col-print-12\">\n<p class=\"element element-paragraph\">b) La posici\u00f3n en el mercado del infractor;<\/p>\n<\/div>\n<\/div>\n<div class=\"row pb-content-type-text\">\n<div class=\"col-xs-12 col-print-12\">\n<p class=\"element element-paragraph\">c) El efecto e importancia socio-econ\u00f3mica de la infracci\u00f3n;<\/p>\n<\/div>\n<\/div>\n<div class=\"row pb-content-type-text\">\n<div class=\"col-xs-12 col-print-12\">\n<p class=\"element element-paragraph\">d) El lucro generado con la conducta sancionada y su duraci\u00f3n temporal;<\/p>\n<\/div>\n<\/div>\n<div class=\"row pb-content-type-text\">\n<div class=\"col-xs-12 col-print-12\">\n<p class=\"element element-paragraph\">e) El perjuicio provocado al mercado o a los consumidores.<\/p>\n<\/div>\n<\/div>\n<div class=\"row pb-content-type-text\">\n<div class=\"col-xs-12 col-print-12\">\n<p class=\"element element-paragraph\"><em>(Art\u00edculo sustituido por art. 6\u00b0 de la Ley N\u00b0 26.991 B.O. 19\/09\/2014)<\/em><\/p>\n<\/div>\n<\/div>\n<div class=\"row pb-content-type-text\">\n<div class=\"col-xs-12 col-print-12\">\n<p class=\"element element-paragraph\">ARTICULO 8\u00ba \u2014 Cuando las infracciones que se sancionan en esta ley hubieren sido cometidas en beneficio de una persona jur\u00eddica, asociaci\u00f3n o sociedad, se le dar\u00e1 car\u00e1cter de parte, sin perjuicio de la responsabilidad personal de los autores. En los casos de condena a una persona jur\u00eddica, asociaci\u00f3n o sociedad se podr\u00e1 imponer como sanci\u00f3n complementaria la p\u00e9rdida de la personer\u00eda y la caducidad de las prerrogativas que se le hubiesen acordado. Los directores, administradores, gerentes y miembros de tales entidades que hubieren participado en la comisi\u00f3n de los hechos sancionados obrando con dolo o culpa grave, ser\u00e1n pasibles de la sanci\u00f3n prevista en el art\u00edculo 5\u00b0 inciso a), disminuy\u00e9ndose a la cuarta parte los l\u00edmites m\u00ednimos y m\u00e1ximos a imponer.<\/p>\n<\/div>\n<\/div>\n<div class=\"row pb-content-type-text\">\n<div class=\"col-xs-12 col-print-12\">\n<p class=\"element element-paragraph\"><em>(Art\u00edculo sustituido por art. 7\u00b0 de la Ley N\u00b0 26.991 B.O. 19\/09\/2014)<\/em><\/p>\n<\/div>\n<\/div>\n<div class=\"row pb-content-type-text\">\n<div class=\"col-xs-12 col-print-12\">\n<p class=\"element element-paragraph\">ARTICULO 9\u00ba \u2014 Todos aquellos que obstruyeren o dificultaren la acci\u00f3n de los encargados de aplicar las disposiciones emergentes de esta ley o vigilar y controlar la observancia de la misma o de las disposiciones que en su consecuencia se dicten, o no cumplieren los requerimientos de los organismos de aplicaci\u00f3n, ser\u00e1n pasibles de una multa de hasta pesos un mill\u00f3n ($ 1.000.000).<\/p>\n<\/div>\n<\/div>\n<div class=\"row pb-content-type-text\">\n<div class=\"col-xs-12 col-print-12\">\n<p class=\"element element-paragraph\">(Art\u00edculo sustituido por art. 8\u00b0 de la Ley N\u00b0 26.991 B.O. 19\/09\/2014)<\/p>\n<\/div>\n<\/div>\n<div class=\"row pb-content-type-text\">\n<div class=\"col-xs-12 col-print-12\">\n<p class=\"element element-paragraph\">ARTICULO 10.\u2014 La verificaci\u00f3n de las infracciones a la presente ley y a las normas que se dicten en su consecuencia, y la sustanciaci\u00f3n de las actuaciones que por ellas se originen, se ajustar\u00e1n al procedimiento que seguidamente se establece y dem\u00e1s formalidades que las autoridades de aplicaci\u00f3n determinen:<\/p>\n<\/div>\n<\/div>\n<div class=\"row pb-content-type-text\">\n<div class=\"col-xs-12 col-print-12\">\n<p class=\"element element-paragraph\">a) Se labrar\u00e1 un acta de comprobaci\u00f3n con indicaci\u00f3n por el funcionario actuante, especialmente afectado por el organismo de aplicaci\u00f3n, del nombre y domicilio de los testigos, si los hubiere, y en el mismo acto se notificar\u00e1 al presunto infractor, o a su factor o empleado, que dentro de los diez (10) d\u00edas h\u00e1biles podr\u00e1 presentar por escrito su defensa y ofrecer las pruebas, si las hubiere, debi\u00e9ndose, asimismo, indicar la autoridad ante la cual deber\u00e1 efectuar su presentaci\u00f3n y entregar copia de lo actuado. En dicha acta se explicitar\u00e1 la conducta imputada y las circunstancias relevantes del tipo correspondiente a la infracci\u00f3n; cualesquiera de los nombrados podr\u00e1 dejar asentadas las constancias que estime oportunas y que se refieran al hecho o hechos motivo de la misma y a los testigos presentes;<\/p>\n<\/div>\n<\/div>\n<div class=\"row pb-content-type-text\">\n<div class=\"col-xs-12 col-print-12\">\n<p class=\"element element-paragraph\">b) Las pruebas se admitir\u00e1n solamente en caso de existir hechos controvertidos y siempre que no resulten manifiestamente inconducentes.<\/p>\n<\/div>\n<\/div>\n<div class=\"row pb-content-type-text\">\n<div class=\"col-xs-12 col-print-12\">\n<p class=\"element element-paragraph\">c) La prueba deber\u00e1 producirse dentro del t\u00e9rmino de diez (10) d\u00edas h\u00e1biles prorrogables cuando haya causa justificada, teni\u00e9ndose por desistidas aquellas no producidas dentro de dicho plazo, por causa imputable al infractor;<\/p>\n<\/div>\n<\/div>\n<div class=\"row pb-content-type-text\">\n<div class=\"col-xs-12 col-print-12\">\n<p class=\"element element-paragraph\">d) Concluidas las diligencias sumariales, dentro del t\u00e9rmino de cinco (5) d\u00edas h\u00e1biles, se dictar\u00e1 la resoluci\u00f3n definitiva, la que deber\u00e1 contar con dictamen jur\u00eddico previo.<\/p>\n<\/div>\n<\/div>\n<div class=\"row pb-content-type-text\">\n<div class=\"col-xs-12 col-print-12\">\n<p class=\"element element-paragraph\"><em>(Art\u00edculo sustituido por art. 9\u00b0 de la Ley N\u00b0 26.991 B.O. 19\/09\/2014)<\/em><\/p>\n<\/div>\n<\/div>\n<div class=\"row pb-content-type-text\">\n<div class=\"col-xs-12 col-print-12\">\n<p class=\"element element-paragraph\">ARTICULO 11. \u2014 Las constancias del acta labrada en forma que no sean enervadas por otras pruebas, constituir\u00e1n prueba suficiente de responsabilidad del infractor. En el caso de que \u00e9ste se negare a firmarla, se dejar\u00e1 constancia de ello y se considerar\u00e1 formalmente v\u00e1lida con la sola firma del funcionario actuante y servir\u00e1 como principio de prueba.<\/p>\n<\/div>\n<\/div>\n<div class=\"row pb-content-type-text\">\n<div class=\"col-xs-12 col-print-12\">\n<p class=\"element element-paragraph\"><strong>ARTICULO 12. \u2014 Para el cumplimiento de su cometido, los funcionarios actuantes podr\u00e1n:<\/strong><\/p>\n<\/div>\n<\/div>\n<div class=\"row pb-content-type-text\">\n<div class=\"col-xs-12 col-print-12\">\n<p class=\"element element-paragraph\"><strong>a) Requerir el auxilio de la fuerza p\u00fablica;<\/strong><\/p>\n<\/div>\n<\/div>\n<div class=\"row pb-content-type-text\">\n<div class=\"col-xs-12 col-print-12\">\n<p class=\"element element-paragraph\"><strong>b) Ingresar e inspeccionar en horas h\u00e1biles y d\u00edas de funcionamiento, los locales industriales, comerciales y establecimientos, y solicitar a los jueces competentes \u00f3rdenes de allanamiento cuando deba practicarse este procedimiento en d\u00edas y horas inh\u00e1biles o en la morada o habitaci\u00f3n del presunto infractor;<\/strong><\/p>\n<\/div>\n<\/div>\n<div class=\"row pb-content-type-text\">\n<div class=\"col-xs-12 col-print-12\">\n<p class=\"element element-paragraph\"><strong>c) Secuestrar libros y todo otro elemento relativo a la administraci\u00f3n de los negocios por un plazo m\u00e1ximo de hasta treinta (30) d\u00edas h\u00e1biles;<\/strong><\/p>\n<\/div>\n<\/div>\n<div class=\"row pb-content-type-text\">\n<div class=\"col-xs-12 col-print-12\">\n<p class=\"element element-paragraph\"><strong>d) Intervenir la mercader\u00eda en infracci\u00f3n, aun cuando estuviera en tr\u00e1nsito, nombrando depositario;<\/strong><\/p>\n<\/div>\n<\/div>\n<div class=\"row pb-content-type-text\">\n<div class=\"col-xs-12 col-print-12\">\n<p class=\"element element-paragraph\"><strong>e) Clausurar preventivamente hasta por tres (3) d\u00edas los locales en los que se hubiere constatado la infracci\u00f3n, cuando ello fuere indispensable para el mejor curso de la investigaci\u00f3n o si existiere riesgo inminente de que se contin\u00fae cometiendo la infracci\u00f3n. La autoridad de aplicaci\u00f3n podr\u00e1 solicitar judicialmente la extensi\u00f3n de este plazo, hasta un m\u00e1ximo de treinta (30) d\u00edas;<\/strong><\/p>\n<\/div>\n<\/div>\n<div class=\"row pb-content-type-text\">\n<div class=\"col-xs-12 col-print-12\">\n<p class=\"element element-paragraph\"><strong>f) Intervenir y declarar inmovilizadas las mercader\u00edas que hubieren sido objeto de una maniobra tendiente a reducir la oferta;<\/strong><\/p>\n<\/div>\n<\/div>\n<div class=\"row pb-content-type-text\">\n<div class=\"col-xs-12 col-print-12\">\n<p class=\"element element-paragraph\"><strong>g) Citar a los presuntos infractores para que concurran a prestar o ampliar declaraci\u00f3n en fecha que fijar\u00e1, la que deber\u00e1 ser posterior a los dos (2) d\u00edas siguientes al acto. Igualmente podr\u00e1 citarse a las personas perjudicadas por una infracci\u00f3n o a los testigos presenciales de la misma, incluyendo a quienes se negaren a suscribir como tales el acta correspondiente.<\/strong><\/p>\n<\/div>\n<\/div>\n<div class=\"row pb-content-type-text\">\n<div class=\"col-xs-12 col-print-12\">\n<p class=\"element element-paragraph\"><em>(Art\u00edculo sustituido por art. 10 de la Ley N\u00b0 26.991 B.O. 19\/09\/2014)<\/em><\/p>\n<\/div>\n<\/div>\n<div class=\"row pb-content-type-text\">\n<div class=\"col-xs-12 col-print-12\">\n<p class=\"element element-paragraph\">ARTICULO 13. \u2014 En todos los casos de clausura, sea preventiva o temporaria, los infractores podr\u00e1n retirar de inmediato los bienes perecederos, siempre que no constituyan elementos de pruebas indispensables. Mientras dure la clausura preventiva o temporaria, los prevenidos o sancionados deber\u00e1n pagar \u00edntegramente las remuneraciones correspondientes al personal en relaci\u00f3n de dependencia.<\/p>\n<\/div>\n<\/div>\n<div class=\"row pb-content-type-text\">\n<div class=\"col-xs-12 col-print-12\">\n<p class=\"element element-paragraph\"><em>(Art\u00edculo sustituido por art. 10 de la Ley N\u00b0 26.991 B.O. 19\/09\/2014)<\/em><\/p>\n<\/div>\n<\/div>\n<div class=\"row pb-content-type-text\">\n<div class=\"col-xs-12 col-print-12\">\n<p class=\"element element-paragraph\">ARTICULO 14. \u2014 Las mercader\u00edas que se intervinieren en virtud de lo que establece el art\u00edculo 12, incisos d) y f), podr\u00e1n ser vendidas, locadas o consignadas cuando fueren perecederas y\/o cuando el abastecimiento de ellas sea insuficiente, para lo cual no ser\u00e1 necesario dep\u00f3sito previo ni juicio de expropiaci\u00f3n. En caso de recaer resoluci\u00f3n que exima de responsabilidad a su propietario, se fijar\u00e1 el monto de la indemnizaci\u00f3n que eventualmente le correspondiere, sigui\u00e9ndose para ello las pautas establecidas en materia de expropiaciones en lo que resultara pertinente.<\/p>\n<\/div>\n<\/div>\n<div class=\"row pb-content-type-text\">\n<div class=\"col-xs-12 col-print-12\">\n<p class=\"element element-paragraph\"><em>(Art\u00edculo sustituido por art. 11 de la Ley N\u00b0 26.991 B.O. 19\/09\/2014)<\/em><\/p>\n<\/div>\n<\/div>\n<div class=\"row pb-content-type-text\">\n<div class=\"col-xs-12 col-print-12\">\n<p class=\"element element-paragraph\">ARTICULO 15. \u2014 El Poder Ejecutivo designar\u00e1 la autoridad de aplicaci\u00f3n de la presente ley en el \u00e1mbito nacional, con facultades para dictar las normas complementarias que fueren menester para su cumplimiento.<\/p>\n<\/div>\n<\/div>\n<div class=\"row pb-content-type-text\">\n<div class=\"col-xs-12 col-print-12\">\n<p class=\"element element-paragraph\">Las infracciones a la presente ley afectan los derechos e intereses econ\u00f3micos de los ciudadanos y la Naci\u00f3n. Las que se cometieren en territorios de jurisdicci\u00f3n nacional o cuando afectaren o pudieren afectar el comercio interjurisdiccional, ser\u00e1n controladas y juzgadas en sede administrativa por la autoridad de aplicaci\u00f3n, a excepci\u00f3n de las sanciones de clausura e inhabilitaci\u00f3n especial para ejercer el comercio o la funci\u00f3n p\u00fablica que ser\u00e1n impuestas, en el \u00e1mbito de la Ciudad Aut\u00f3noma de Buenos Aires, por el Juez Nacional de Primera Instancia en lo Contencioso Administrativo Federal, y en las dem\u00e1s jurisdicciones, a petici\u00f3n de la autoridad de aplicaci\u00f3n, por el juez federal correspondiente.<\/p>\n<\/div>\n<\/div>\n<div class=\"row pb-content-type-text\">\n<div class=\"col-xs-12 col-print-12\">\n<p class=\"element element-paragraph\">A los efectos de esta norma se entender\u00e1 por comercio interjurisdiccional el que se realiza con las naciones extranjeras, el que efect\u00faan las provincias entre s\u00ed o con la Ciudad Aut\u00f3noma de Buenos Aires, el que practica una provincia o la Ciudad Aut\u00f3noma de Buenos Aires con un establecimiento de utilidad nacional, y el que realiza este \u00faltimo con las primeras.<\/p>\n<\/div>\n<\/div>\n<div class=\"row pb-content-type-text\">\n<div class=\"col-xs-12 col-print-12\">\n<p class=\"element element-paragraph\">(Art\u00edculo sustituido por art. 12 de la Ley N\u00b0 26.991 B.O. 19\/09\/2014)<\/p>\n<\/div>\n<\/div>\n<div class=\"row pb-content-type-text\">\n<div class=\"col-xs-12 col-print-12\">\n<p class=\"element element-paragraph\">ARTICULO 16. \u2014 La resoluci\u00f3n administrativa que imponga sanciones podr\u00e1 ser impugnada solamente por v\u00eda de recurso directo ante la C\u00e1mara Nacional de Apelaciones en lo Contencioso Administrativo Federal o ante las c\u00e1maras federales de apelaciones competentes, seg\u00fan el asiento de la autoridad que dispuso la sanci\u00f3n.<\/p>\n<\/div>\n<\/div>\n<div class=\"row pb-content-type-text\">\n<div class=\"col-xs-12 col-print-12\">\n<p class=\"element element-paragraph\">El recurso deber\u00e1 interponerse y fundarse ante la misma autoridad que impuso la sanci\u00f3n, dentro de los diez (10) d\u00edas h\u00e1biles de notificada la resoluci\u00f3n; la autoridad de aplicaci\u00f3n deber\u00e1 elevar el recurso con su contestaci\u00f3n a la C\u00e1mara en un plazo de diez (10) d\u00edas, acompa\u00f1ado del expediente en el que se hubiera dictado el acto administrativo recurrido.<\/p>\n<\/div>\n<\/div>\n<div class=\"row pb-content-type-text\">\n<div class=\"col-xs-12 col-print-12\">\n<p class=\"element element-paragraph\">(Art\u00edculo sustituido por art. 13 de la Ley N\u00b0 26.991 B.O. 19\/09\/2014)<\/p>\n<\/div>\n<\/div>\n<div class=\"row pb-content-type-text\">\n<div class=\"col-xs-12 col-print-12\">\n<p class=\"element element-paragraph\">ARTICULO 17. \u2014 En todos los casos, para interponer el recurso directo contra una resoluci\u00f3n administrativa que imponga sanci\u00f3n de multa, deber\u00e1 depositarse el monto de la multa impuesta a la orden de la autoridad que lo dispuso, y presentar el comprobante del dep\u00f3sito con el escrito del recurso, sin cuyo requisito ser\u00e1 desestimado, salvo que el cumplimiento del mismo pudiese ocasionar un perjuicio irreparable al recurrente.<\/p>\n<\/div>\n<\/div>\n<div class=\"row pb-content-type-text\">\n<div class=\"col-xs-12 col-print-12\">\n<p class=\"element element-paragraph\"><em>(Art\u00edculo sustituido por art. 14 de la Ley N\u00b0 26.991 B.O. 19\/09\/2014)<\/em><\/p>\n<\/div>\n<\/div>\n<div class=\"row pb-content-type-text\">\n<div class=\"col-xs-12 col-print-12\">\n<p class=\"element element-paragraph\">ARTICULO 18. \u2014 Las infracciones cometidas en las provincias y que afecten exclusivamente al comercio de sus respectivas jurisdicciones ser\u00e1n juzgadas en sede administrativa por los organismos que determine cada una de ellas, sin perjuicio de lo dispuesto en el art\u00edculo 3\u00ba.<\/p>\n<\/div>\n<\/div>\n<div class=\"row pb-content-type-text\">\n<div class=\"col-xs-12 col-print-12\">\n<p class=\"element element-paragraph\">ARTICULO 19. \u2014 La resoluci\u00f3n que imponga pena de multa podr\u00e1 disponer que la misma se convertir\u00e1 en la de clausura, en caso de no ser aqu\u00e9lla abonada en el plazo establecido en dicha resoluci\u00f3n. \u2014 El t\u00e9rmino de la clausura se fijar\u00e1 en el equivalente entre PESOS QUINIENTOS ($ 500.-) y en PESOS UN MILLON ($ 1.000.000) por cada d\u00eda de clausura, pero no podr\u00e1 exceder de noventa (90) d\u00edas. (Montos sustituidos por art. 3\u00ba del Decreto N\u00ba 496\/2002 B.O. 13\/03\/2001)<\/p>\n<\/div>\n<\/div>\n<div class=\"row pb-content-type-text\">\n<div class=\"col-xs-12 col-print-12\">\n<p class=\"element element-paragraph\">ARTICULO 20. \u2014 La falta de pago de las multas har\u00e1 exigible su cobro por el procedimiento de ejecuci\u00f3n fiscal, constituyendo t\u00edtulo suficiente de ejecuci\u00f3n el testimonio de la resoluci\u00f3n condenatoria firme expedida por el organismo de juzgamiento.<\/p>\n<\/div>\n<\/div>\n<div class=\"row pb-content-type-text\">\n<div class=\"col-xs-12 col-print-12\">\n<p class=\"element element-paragraph\"><strong>ARTICULO 21. \u2014 Los bienes decomisados ser\u00e1n vendidos o locados por la autoridad de aplicaci\u00f3n en un plazo m\u00e1ximo de treinta (30) d\u00edas corridos desde su decomiso, atendiendo a la naturaleza y caracter\u00edsticas de aquellos. En el caso de que los bienes decomisados sean perecederos, el plazo se reducir\u00e1 a cinco (5) d\u00edas corridos; el producto de la venta o locaci\u00f3n ingresar\u00e1 a rentas generales de la Naci\u00f3n.<\/strong><\/p>\n<\/div>\n<\/div>\n<div class=\"row pb-content-type-text\">\n<div class=\"col-xs-12 col-print-12\">\n<p class=\"element element-paragraph\"><em>(Art\u00edculo sustituido por art. 15 de la Ley N\u00b0 26.991 B.O. 19\/09\/2014)<\/em><\/p>\n<\/div>\n<\/div>\n<div class=\"row pb-content-type-text\">\n<div class=\"col-xs-12 col-print-12\">\n<p class=\"element element-paragraph\">ARTICULO 22. \u2014 Las infracciones a esta ley y sus normas complementarias prescribir\u00e1n a los tres (3) a\u00f1os. La prescripci\u00f3n se interrumpir\u00e1 por la comisi\u00f3n de nuevas infracciones o por el inicio de las actuaciones administrativas o judiciales.<\/p>\n<\/div>\n<\/div>\n<div class=\"row pb-content-type-text\">\n<div class=\"col-xs-12 col-print-12\">\n<p class=\"element element-paragraph\"><em>(Art\u00edculo sustituido por art. 16 de la Ley N\u00b0 26.991 B.O. 19\/09\/2014)<\/em><\/p>\n<\/div>\n<\/div>\n<div class=\"row pb-content-type-text\">\n<div class=\"col-xs-12 col-print-12\">\n<p class=\"element element-paragraph\">ARTICULO 23. \u2014 El importe de las multas y\/o producido de los decomisos ingresar\u00e1 al Fisco Nacional o Provincial, seg\u00fan el Organo que hubiera dictado la resoluci\u00f3n condenatoria.<\/p>\n<\/div>\n<\/div>\n<div class=\"row pb-content-type-text\">\n<div class=\"col-xs-12 col-print-12\">\n<p class=\"element element-paragraph\">Los gobiernos locales dispondr\u00e1n el destinos de los fondos que se perciban en sus respectivas jurisdicciones.<\/p>\n<\/div>\n<\/div>\n<div class=\"row pb-content-type-text\">\n<div class=\"col-xs-12 col-print-12\">\n<p class=\"element element-paragraph\"><em>(Art\u00edculo sustituido por art. 40 de la Ley N\u00ba 23.110 B.O. 09\/11\/1984. Vigencia: a partir de la finalizaci\u00f3n del ejercicio presupuestario 1984.)<\/em><\/p>\n<\/div>\n<\/div>\n<div class=\"row pb-content-type-text\">\n<div class=\"col-xs-12 col-print-12\">\n<p class=\"element element-paragraph\">ARTICULO 24. \u2014 Los funcionarios y empleados que de cualquier forma participen en la aplicaci\u00f3n de esta Ley estar\u00e1n obligados a mantener el secreto sobre todos los datos de actuaciones que lleguen a su conocimiento en el ejercicio de sus funciones. La infracci\u00f3n de esta norma ser\u00e1 considerada falta grave a los efectos administrativos, sin perjuicio de las sanciones penales que correspondieren.<\/p>\n<\/div>\n<\/div>\n<div class=\"row pb-content-type-text\">\n<div class=\"col-xs-12 col-print-12\">\n<p class=\"element element-paragraph\"><em>ARTICULO 25. \u2014 (Art\u00edculo derogado por art. 19 de la Ley N\u00b0 26.991 B.O. 19\/09\/2014)<\/em><\/p>\n<\/div>\n<\/div>\n<div class=\"row pb-content-type-text\">\n<div class=\"col-xs-12 col-print-12\">\n<p class=\"element element-paragraph\"><em>ARTICULO 26. \u2014 (Art\u00edculo derogado por art. 19 de la Ley N\u00b0 26.991 B.O. 19\/09\/2014)<\/em><\/p>\n<\/div>\n<\/div>\n<div class=\"row pb-content-type-text\">\n<div class=\"col-xs-12 col-print-12\">\n<p class=\"element element-paragraph\"><strong>ARTICULO 27. \u2014 Frente a una situaci\u00f3n de desabastecimiento o escasez de bienes o servicios que satisfagan necesidades b\u00e1sicas o esenciales orientadas al bienestar general de la poblaci\u00f3n, la autoridad de aplicaci\u00f3n podr\u00e1 disponer mediante resoluci\u00f3n fundada su venta, producci\u00f3n, distribuci\u00f3n o prestaci\u00f3n en todo el territorio de la Naci\u00f3n, cualquiera sea su propietario, bajo apercibimiento en caso de incumplimiento de imponer las sanciones previstas en el art\u00edculo 5\u00b0. Dicha medida durar\u00e1 el tiempo que insuma la rehabilitaci\u00f3n de la situaci\u00f3n de desabastecimiento o escasez y ser\u00e1 proporcional en su alcance a la gravedad de los hechos que la motivan.<\/strong><\/p>\n<\/div>\n<\/div>\n<div class=\"row pb-content-type-text\">\n<div class=\"col-xs-12 col-print-12\">\n<p class=\"element element-paragraph\"><em>(Art\u00edculo sustituido por art. 17 de la Ley N\u00b0 26.991 B.O. 19\/09\/2014)<\/em><\/p>\n<\/div>\n<\/div>\n<div class=\"row pb-content-type-text\">\n<div class=\"col-xs-12 col-print-12\">\n<p class=\"element element-paragraph\">ARTICULO 28. \u2014 Para resolver cuestiones no previstas expresamente en la presente ley, se aplicar\u00e1n supletoriamente las disposiciones de la Ley Nacional de Procedimientos Administrativos 19.549 y su reglamentaci\u00f3n.<\/p>\n<\/div>\n<\/div>\n<div class=\"row pb-content-type-text\">\n<div class=\"col-xs-12 col-print-12\">\n<p class=\"element element-paragraph\">(Art\u00edculo sustituido por art. 18 de la Ley N\u00b0 26.991 B.O. 19\/09\/2014)<\/p>\n<\/div>\n<\/div>\n<div class=\"row pb-content-type-text\">\n<div class=\"col-xs-12 col-print-12\">\n<p class=\"element element-paragraph\">ARTICULO 29. \u2014 La presente Ley es de orden p\u00fablico; regir\u00e1 desde el d\u00eda siguiente de su publicaci\u00f3n en el Bolet\u00edn Oficial y deroga el Decreto Ley 19.508\/72,modificado por el 20.125\/73. Las infracciones consumadas durante la vigencia de estos \u00faltimos ser\u00e1n penadas seg\u00fan sus disposiciones, aunque se hubieren comprobado con posterioridad.<\/p>\n<\/div>\n<\/div>\n<div class=\"row pb-content-type-text\">\n<div class=\"col-xs-12 col-print-12\">\n<p class=\"element element-paragraph\">ARTICULO 30. \u2014 Comun\u00edquese el Poder Ejecutivo.<\/p>\n<\/div>\n<\/div>\n<div class=\"row pb-content-type-text\">\n<div class=\"col-xs-12 col-print-12\">\n<p class=\"element element-paragraph\">Dada en la Sala de Sesiones del Congreso Argentino, en Buenos Aires, a los veinte d\u00edas del mes de junio del a\u00f1o mil novecientos setenta y cuatro.<\/p>\n<\/div>\n<\/div>\n<div class=\"row pb-content-type-text\">\n<div class=\"col-xs-12 col-print-12\">\n<p class=\"element element-paragraph\">\u2014Registrada bajo el N\u00ba 20.680\u2014<\/p>\n<\/div>\n<p>Fuente: <a href=\"https:\/\/www.infobae.com\/economia\/2019\/08\/15\/el-gobierno-no-acordo-con-la-petroleras-y-aplicara-la-ley-de-abastecimiento-para-congelar-el-precio-de-los-combustibles\/\">Infobae<\/a><\/p>\n<\/div>\n","protected":false},"excerpt":{"rendered":"<p>El gobierno nacional aplicar\u00e1 la ley de abastecimiento para garantizar el congelamiento de precios de las naftas que anunci\u00f3 el Presidente. La resoluci\u00f3n, que se publicar\u00e1 ma\u00f1ana en el Bolet\u00edn Oficial, fijar\u00e1 los valores del 9 de agosto como referencia. La norma que utilizar\u00e1 el Poder Ejecutivo fue sancionada en 1974 y modificada por el [&hellip;]<\/p>\n","protected":false},"author":5,"featured_media":24437,"comment_status":"closed","ping_status":"open","sticky":false,"template":"","format":"standard","meta":{"footnotes":""},"categories":[152],"tags":[],"class_list":{"0":"post-24434","1":"post","2":"type-post","3":"status-publish","4":"format-standard","5":"has-post-thumbnail","7":"category-argentina"},"yoast_head":"<!-- This site is optimized with the Yoast SEO plugin v27.5 - https:\/\/yoast.com\/product\/yoast-seo-wordpress\/ -->\n<title>Qu\u00e9 dice la Ley de Abastecimiento que utilizar\u00e1 el Gobierno para congelar el precio de las naftas - El Diario de Tucuman<\/title>\n<meta name=\"robots\" content=\"index, follow, max-snippet:-1, max-image-preview:large, max-video-preview:-1\" \/>\n<link rel=\"canonical\" href=\"https:\/\/www.eldiariodetucuman.com\/web\/que-dice-la-ley-de-abastecimiento-que-utilizara-el-gobierno-para-congelar-el-precio-de-las-naftas\/\" \/>\n<meta property=\"og:locale\" content=\"es_ES\" \/>\n<meta property=\"og:type\" content=\"article\" \/>\n<meta property=\"og:title\" content=\"Qu\u00e9 dice la Ley de Abastecimiento que utilizar\u00e1 el Gobierno para congelar el precio de las naftas - El Diario de Tucuman\" \/>\n<meta property=\"og:description\" content=\"El gobierno nacional aplicar\u00e1 la ley de abastecimiento para garantizar el congelamiento de precios de las naftas que anunci\u00f3 el Presidente. La resoluci\u00f3n, que se publicar\u00e1 ma\u00f1ana en el Bolet\u00edn Oficial, fijar\u00e1 los valores del 9 de agosto como referencia. La norma que utilizar\u00e1 el Poder Ejecutivo fue sancionada en 1974 y modificada por el [&hellip;]\" \/>\n<meta property=\"og:url\" content=\"https:\/\/www.eldiariodetucuman.com\/web\/que-dice-la-ley-de-abastecimiento-que-utilizara-el-gobierno-para-congelar-el-precio-de-las-naftas\/\" \/>\n<meta property=\"og:site_name\" content=\"El Diario de Tucuman\" \/>\n<meta property=\"article:published_time\" content=\"2019-08-15T19:00:23+00:00\" \/>\n<meta property=\"article:modified_time\" content=\"2019-08-15T19:03:06+00:00\" \/>\n<meta property=\"og:image\" content=\"https:\/\/www.eldiariodetucuman.com\/web\/wp-content\/uploads\/2019\/08\/Estacion-de-servicio-precio-nafta-junio-2019-6.jpg\" \/>\n\t<meta property=\"og:image:width\" content=\"672\" \/>\n\t<meta property=\"og:image:height\" content=\"362\" \/>\n\t<meta property=\"og:image:type\" content=\"image\/jpeg\" \/>\n<meta name=\"author\" content=\"Redactor Uno\" \/>\n<meta name=\"twitter:card\" content=\"summary_large_image\" \/>\n<meta name=\"twitter:label1\" content=\"Escrito por\" \/>\n\t<meta name=\"twitter:data1\" content=\"Redactor Uno\" \/>\n\t<meta name=\"twitter:label2\" content=\"Tiempo de lectura\" \/>\n\t<meta name=\"twitter:data2\" content=\"20 minutos\" \/>\n<script type=\"application\/ld+json\" class=\"yoast-schema-graph\">{\"@context\":\"https:\\\/\\\/schema.org\",\"@graph\":[{\"@type\":\"Article\",\"@id\":\"https:\\\/\\\/www.eldiariodetucuman.com\\\/web\\\/que-dice-la-ley-de-abastecimiento-que-utilizara-el-gobierno-para-congelar-el-precio-de-las-naftas\\\/#article\",\"isPartOf\":{\"@id\":\"https:\\\/\\\/www.eldiariodetucuman.com\\\/web\\\/que-dice-la-ley-de-abastecimiento-que-utilizara-el-gobierno-para-congelar-el-precio-de-las-naftas\\\/\"},\"author\":{\"name\":\"Redactor Uno\",\"@id\":\"https:\\\/\\\/www.eldiariodetucuman.com\\\/web\\\/#\\\/schema\\\/person\\\/7e6644a46e60888f6b868594407e08dd\"},\"headline\":\"Qu\u00e9 dice la Ley de Abastecimiento que utilizar\u00e1 el Gobierno para congelar el precio de las naftas\",\"datePublished\":\"2019-08-15T19:00:23+00:00\",\"dateModified\":\"2019-08-15T19:03:06+00:00\",\"mainEntityOfPage\":{\"@id\":\"https:\\\/\\\/www.eldiariodetucuman.com\\\/web\\\/que-dice-la-ley-de-abastecimiento-que-utilizara-el-gobierno-para-congelar-el-precio-de-las-naftas\\\/\"},\"wordCount\":3993,\"publisher\":{\"@id\":\"https:\\\/\\\/www.eldiariodetucuman.com\\\/web\\\/#organization\"},\"image\":{\"@id\":\"https:\\\/\\\/www.eldiariodetucuman.com\\\/web\\\/que-dice-la-ley-de-abastecimiento-que-utilizara-el-gobierno-para-congelar-el-precio-de-las-naftas\\\/#primaryimage\"},\"thumbnailUrl\":\"https:\\\/\\\/www.eldiariodetucuman.com\\\/web\\\/wp-content\\\/uploads\\\/2019\\\/08\\\/Estacion-de-servicio-precio-nafta-junio-2019-6.jpg\",\"articleSection\":[\"Argentina\"],\"inLanguage\":\"es\"},{\"@type\":\"WebPage\",\"@id\":\"https:\\\/\\\/www.eldiariodetucuman.com\\\/web\\\/que-dice-la-ley-de-abastecimiento-que-utilizara-el-gobierno-para-congelar-el-precio-de-las-naftas\\\/\",\"url\":\"https:\\\/\\\/www.eldiariodetucuman.com\\\/web\\\/que-dice-la-ley-de-abastecimiento-que-utilizara-el-gobierno-para-congelar-el-precio-de-las-naftas\\\/\",\"name\":\"Qu\u00e9 dice la Ley de Abastecimiento que utilizar\u00e1 el Gobierno para congelar el precio de las naftas - El Diario de Tucuman\",\"isPartOf\":{\"@id\":\"https:\\\/\\\/www.eldiariodetucuman.com\\\/web\\\/#website\"},\"primaryImageOfPage\":{\"@id\":\"https:\\\/\\\/www.eldiariodetucuman.com\\\/web\\\/que-dice-la-ley-de-abastecimiento-que-utilizara-el-gobierno-para-congelar-el-precio-de-las-naftas\\\/#primaryimage\"},\"image\":{\"@id\":\"https:\\\/\\\/www.eldiariodetucuman.com\\\/web\\\/que-dice-la-ley-de-abastecimiento-que-utilizara-el-gobierno-para-congelar-el-precio-de-las-naftas\\\/#primaryimage\"},\"thumbnailUrl\":\"https:\\\/\\\/www.eldiariodetucuman.com\\\/web\\\/wp-content\\\/uploads\\\/2019\\\/08\\\/Estacion-de-servicio-precio-nafta-junio-2019-6.jpg\",\"datePublished\":\"2019-08-15T19:00:23+00:00\",\"dateModified\":\"2019-08-15T19:03:06+00:00\",\"breadcrumb\":{\"@id\":\"https:\\\/\\\/www.eldiariodetucuman.com\\\/web\\\/que-dice-la-ley-de-abastecimiento-que-utilizara-el-gobierno-para-congelar-el-precio-de-las-naftas\\\/#breadcrumb\"},\"inLanguage\":\"es\",\"potentialAction\":[{\"@type\":\"ReadAction\",\"target\":[\"https:\\\/\\\/www.eldiariodetucuman.com\\\/web\\\/que-dice-la-ley-de-abastecimiento-que-utilizara-el-gobierno-para-congelar-el-precio-de-las-naftas\\\/\"]}]},{\"@type\":\"ImageObject\",\"inLanguage\":\"es\",\"@id\":\"https:\\\/\\\/www.eldiariodetucuman.com\\\/web\\\/que-dice-la-ley-de-abastecimiento-que-utilizara-el-gobierno-para-congelar-el-precio-de-las-naftas\\\/#primaryimage\",\"url\":\"https:\\\/\\\/www.eldiariodetucuman.com\\\/web\\\/wp-content\\\/uploads\\\/2019\\\/08\\\/Estacion-de-servicio-precio-nafta-junio-2019-6.jpg\",\"contentUrl\":\"https:\\\/\\\/www.eldiariodetucuman.com\\\/web\\\/wp-content\\\/uploads\\\/2019\\\/08\\\/Estacion-de-servicio-precio-nafta-junio-2019-6.jpg\",\"width\":672,\"height\":362},{\"@type\":\"BreadcrumbList\",\"@id\":\"https:\\\/\\\/www.eldiariodetucuman.com\\\/web\\\/que-dice-la-ley-de-abastecimiento-que-utilizara-el-gobierno-para-congelar-el-precio-de-las-naftas\\\/#breadcrumb\",\"itemListElement\":[{\"@type\":\"ListItem\",\"position\":1,\"name\":\"Portada\",\"item\":\"https:\\\/\\\/www.eldiariodetucuman.com\\\/web\\\/\"},{\"@type\":\"ListItem\",\"position\":2,\"name\":\"Qu\u00e9 dice la Ley de Abastecimiento que utilizar\u00e1 el Gobierno para congelar el precio de las naftas\"}]},{\"@type\":\"WebSite\",\"@id\":\"https:\\\/\\\/www.eldiariodetucuman.com\\\/web\\\/#website\",\"url\":\"https:\\\/\\\/www.eldiariodetucuman.com\\\/web\\\/\",\"name\":\"El Diario de Tucuman\",\"description\":\"Diario Tucuman - Informaci\u00f3n y noticias\",\"publisher\":{\"@id\":\"https:\\\/\\\/www.eldiariodetucuman.com\\\/web\\\/#organization\"},\"potentialAction\":[{\"@type\":\"SearchAction\",\"target\":{\"@type\":\"EntryPoint\",\"urlTemplate\":\"https:\\\/\\\/www.eldiariodetucuman.com\\\/web\\\/?s={search_term_string}\"},\"query-input\":{\"@type\":\"PropertyValueSpecification\",\"valueRequired\":true,\"valueName\":\"search_term_string\"}}],\"inLanguage\":\"es\"},{\"@type\":\"Organization\",\"@id\":\"https:\\\/\\\/www.eldiariodetucuman.com\\\/web\\\/#organization\",\"name\":\"El Diario de Tucuman\",\"url\":\"https:\\\/\\\/www.eldiariodetucuman.com\\\/web\\\/\",\"logo\":{\"@type\":\"ImageObject\",\"inLanguage\":\"es\",\"@id\":\"https:\\\/\\\/www.eldiariodetucuman.com\\\/web\\\/#\\\/schema\\\/logo\\\/image\\\/\",\"url\":\"http:\\\/\\\/www.eldiariodetucuman.com\\\/web\\\/wp-content\\\/uploads\\\/2017\\\/12\\\/el-diario-de-tucuman.jpg\",\"contentUrl\":\"http:\\\/\\\/www.eldiariodetucuman.com\\\/web\\\/wp-content\\\/uploads\\\/2017\\\/12\\\/el-diario-de-tucuman.jpg\",\"width\":272,\"height\":92,\"caption\":\"El Diario de Tucuman\"},\"image\":{\"@id\":\"https:\\\/\\\/www.eldiariodetucuman.com\\\/web\\\/#\\\/schema\\\/logo\\\/image\\\/\"}},{\"@type\":\"Person\",\"@id\":\"https:\\\/\\\/www.eldiariodetucuman.com\\\/web\\\/#\\\/schema\\\/person\\\/7e6644a46e60888f6b868594407e08dd\",\"name\":\"Redactor Uno\",\"image\":{\"@type\":\"ImageObject\",\"inLanguage\":\"es\",\"@id\":\"https:\\\/\\\/secure.gravatar.com\\\/avatar\\\/0049b1bdf1bd548385c9ea6b9356431717930913089febd2ba904f0187d7d074?s=96&d=mm&r=g\",\"url\":\"https:\\\/\\\/secure.gravatar.com\\\/avatar\\\/0049b1bdf1bd548385c9ea6b9356431717930913089febd2ba904f0187d7d074?s=96&d=mm&r=g\",\"contentUrl\":\"https:\\\/\\\/secure.gravatar.com\\\/avatar\\\/0049b1bdf1bd548385c9ea6b9356431717930913089febd2ba904f0187d7d074?s=96&d=mm&r=g\",\"caption\":\"Redactor Uno\"},\"url\":\"https:\\\/\\\/www.eldiariodetucuman.com\\\/web\\\/author\\\/mramasco\\\/\"}]}<\/script>\n<!-- \/ Yoast SEO plugin. -->","yoast_head_json":{"title":"Qu\u00e9 dice la Ley de Abastecimiento que utilizar\u00e1 el Gobierno para congelar el precio de las naftas - El Diario de Tucuman","robots":{"index":"index","follow":"follow","max-snippet":"max-snippet:-1","max-image-preview":"max-image-preview:large","max-video-preview":"max-video-preview:-1"},"canonical":"https:\/\/www.eldiariodetucuman.com\/web\/que-dice-la-ley-de-abastecimiento-que-utilizara-el-gobierno-para-congelar-el-precio-de-las-naftas\/","og_locale":"es_ES","og_type":"article","og_title":"Qu\u00e9 dice la Ley de Abastecimiento que utilizar\u00e1 el Gobierno para congelar el precio de las naftas - El Diario de Tucuman","og_description":"El gobierno nacional aplicar\u00e1 la ley de abastecimiento para garantizar el congelamiento de precios de las naftas que anunci\u00f3 el Presidente. La resoluci\u00f3n, que se publicar\u00e1 ma\u00f1ana en el Bolet\u00edn Oficial, fijar\u00e1 los valores del 9 de agosto como referencia. La norma que utilizar\u00e1 el Poder Ejecutivo fue sancionada en 1974 y modificada por el [&hellip;]","og_url":"https:\/\/www.eldiariodetucuman.com\/web\/que-dice-la-ley-de-abastecimiento-que-utilizara-el-gobierno-para-congelar-el-precio-de-las-naftas\/","og_site_name":"El Diario de Tucuman","article_published_time":"2019-08-15T19:00:23+00:00","article_modified_time":"2019-08-15T19:03:06+00:00","og_image":[{"width":672,"height":362,"url":"https:\/\/www.eldiariodetucuman.com\/web\/wp-content\/uploads\/2019\/08\/Estacion-de-servicio-precio-nafta-junio-2019-6.jpg","type":"image\/jpeg"}],"author":"Redactor Uno","twitter_card":"summary_large_image","twitter_misc":{"Escrito por":"Redactor Uno","Tiempo de lectura":"20 minutos"},"schema":{"@context":"https:\/\/schema.org","@graph":[{"@type":"Article","@id":"https:\/\/www.eldiariodetucuman.com\/web\/que-dice-la-ley-de-abastecimiento-que-utilizara-el-gobierno-para-congelar-el-precio-de-las-naftas\/#article","isPartOf":{"@id":"https:\/\/www.eldiariodetucuman.com\/web\/que-dice-la-ley-de-abastecimiento-que-utilizara-el-gobierno-para-congelar-el-precio-de-las-naftas\/"},"author":{"name":"Redactor Uno","@id":"https:\/\/www.eldiariodetucuman.com\/web\/#\/schema\/person\/7e6644a46e60888f6b868594407e08dd"},"headline":"Qu\u00e9 dice la Ley de Abastecimiento que utilizar\u00e1 el Gobierno para congelar el precio de las naftas","datePublished":"2019-08-15T19:00:23+00:00","dateModified":"2019-08-15T19:03:06+00:00","mainEntityOfPage":{"@id":"https:\/\/www.eldiariodetucuman.com\/web\/que-dice-la-ley-de-abastecimiento-que-utilizara-el-gobierno-para-congelar-el-precio-de-las-naftas\/"},"wordCount":3993,"publisher":{"@id":"https:\/\/www.eldiariodetucuman.com\/web\/#organization"},"image":{"@id":"https:\/\/www.eldiariodetucuman.com\/web\/que-dice-la-ley-de-abastecimiento-que-utilizara-el-gobierno-para-congelar-el-precio-de-las-naftas\/#primaryimage"},"thumbnailUrl":"https:\/\/www.eldiariodetucuman.com\/web\/wp-content\/uploads\/2019\/08\/Estacion-de-servicio-precio-nafta-junio-2019-6.jpg","articleSection":["Argentina"],"inLanguage":"es"},{"@type":"WebPage","@id":"https:\/\/www.eldiariodetucuman.com\/web\/que-dice-la-ley-de-abastecimiento-que-utilizara-el-gobierno-para-congelar-el-precio-de-las-naftas\/","url":"https:\/\/www.eldiariodetucuman.com\/web\/que-dice-la-ley-de-abastecimiento-que-utilizara-el-gobierno-para-congelar-el-precio-de-las-naftas\/","name":"Qu\u00e9 dice la Ley de Abastecimiento que utilizar\u00e1 el Gobierno para congelar el precio de las naftas - El Diario de Tucuman","isPartOf":{"@id":"https:\/\/www.eldiariodetucuman.com\/web\/#website"},"primaryImageOfPage":{"@id":"https:\/\/www.eldiariodetucuman.com\/web\/que-dice-la-ley-de-abastecimiento-que-utilizara-el-gobierno-para-congelar-el-precio-de-las-naftas\/#primaryimage"},"image":{"@id":"https:\/\/www.eldiariodetucuman.com\/web\/que-dice-la-ley-de-abastecimiento-que-utilizara-el-gobierno-para-congelar-el-precio-de-las-naftas\/#primaryimage"},"thumbnailUrl":"https:\/\/www.eldiariodetucuman.com\/web\/wp-content\/uploads\/2019\/08\/Estacion-de-servicio-precio-nafta-junio-2019-6.jpg","datePublished":"2019-08-15T19:00:23+00:00","dateModified":"2019-08-15T19:03:06+00:00","breadcrumb":{"@id":"https:\/\/www.eldiariodetucuman.com\/web\/que-dice-la-ley-de-abastecimiento-que-utilizara-el-gobierno-para-congelar-el-precio-de-las-naftas\/#breadcrumb"},"inLanguage":"es","potentialAction":[{"@type":"ReadAction","target":["https:\/\/www.eldiariodetucuman.com\/web\/que-dice-la-ley-de-abastecimiento-que-utilizara-el-gobierno-para-congelar-el-precio-de-las-naftas\/"]}]},{"@type":"ImageObject","inLanguage":"es","@id":"https:\/\/www.eldiariodetucuman.com\/web\/que-dice-la-ley-de-abastecimiento-que-utilizara-el-gobierno-para-congelar-el-precio-de-las-naftas\/#primaryimage","url":"https:\/\/www.eldiariodetucuman.com\/web\/wp-content\/uploads\/2019\/08\/Estacion-de-servicio-precio-nafta-junio-2019-6.jpg","contentUrl":"https:\/\/www.eldiariodetucuman.com\/web\/wp-content\/uploads\/2019\/08\/Estacion-de-servicio-precio-nafta-junio-2019-6.jpg","width":672,"height":362},{"@type":"BreadcrumbList","@id":"https:\/\/www.eldiariodetucuman.com\/web\/que-dice-la-ley-de-abastecimiento-que-utilizara-el-gobierno-para-congelar-el-precio-de-las-naftas\/#breadcrumb","itemListElement":[{"@type":"ListItem","position":1,"name":"Portada","item":"https:\/\/www.eldiariodetucuman.com\/web\/"},{"@type":"ListItem","position":2,"name":"Qu\u00e9 dice la Ley de Abastecimiento que utilizar\u00e1 el Gobierno para congelar el precio de las naftas"}]},{"@type":"WebSite","@id":"https:\/\/www.eldiariodetucuman.com\/web\/#website","url":"https:\/\/www.eldiariodetucuman.com\/web\/","name":"El Diario de Tucuman","description":"Diario Tucuman - Informaci\u00f3n y noticias","publisher":{"@id":"https:\/\/www.eldiariodetucuman.com\/web\/#organization"},"potentialAction":[{"@type":"SearchAction","target":{"@type":"EntryPoint","urlTemplate":"https:\/\/www.eldiariodetucuman.com\/web\/?s={search_term_string}"},"query-input":{"@type":"PropertyValueSpecification","valueRequired":true,"valueName":"search_term_string"}}],"inLanguage":"es"},{"@type":"Organization","@id":"https:\/\/www.eldiariodetucuman.com\/web\/#organization","name":"El Diario de Tucuman","url":"https:\/\/www.eldiariodetucuman.com\/web\/","logo":{"@type":"ImageObject","inLanguage":"es","@id":"https:\/\/www.eldiariodetucuman.com\/web\/#\/schema\/logo\/image\/","url":"http:\/\/www.eldiariodetucuman.com\/web\/wp-content\/uploads\/2017\/12\/el-diario-de-tucuman.jpg","contentUrl":"http:\/\/www.eldiariodetucuman.com\/web\/wp-content\/uploads\/2017\/12\/el-diario-de-tucuman.jpg","width":272,"height":92,"caption":"El Diario de Tucuman"},"image":{"@id":"https:\/\/www.eldiariodetucuman.com\/web\/#\/schema\/logo\/image\/"}},{"@type":"Person","@id":"https:\/\/www.eldiariodetucuman.com\/web\/#\/schema\/person\/7e6644a46e60888f6b868594407e08dd","name":"Redactor Uno","image":{"@type":"ImageObject","inLanguage":"es","@id":"https:\/\/secure.gravatar.com\/avatar\/0049b1bdf1bd548385c9ea6b9356431717930913089febd2ba904f0187d7d074?s=96&d=mm&r=g","url":"https:\/\/secure.gravatar.com\/avatar\/0049b1bdf1bd548385c9ea6b9356431717930913089febd2ba904f0187d7d074?s=96&d=mm&r=g","contentUrl":"https:\/\/secure.gravatar.com\/avatar\/0049b1bdf1bd548385c9ea6b9356431717930913089febd2ba904f0187d7d074?s=96&d=mm&r=g","caption":"Redactor Uno"},"url":"https:\/\/www.eldiariodetucuman.com\/web\/author\/mramasco\/"}]}},"_links":{"self":[{"href":"https:\/\/www.eldiariodetucuman.com\/web\/wp-json\/wp\/v2\/posts\/24434","targetHints":{"allow":["GET"]}}],"collection":[{"href":"https:\/\/www.eldiariodetucuman.com\/web\/wp-json\/wp\/v2\/posts"}],"about":[{"href":"https:\/\/www.eldiariodetucuman.com\/web\/wp-json\/wp\/v2\/types\/post"}],"author":[{"embeddable":true,"href":"https:\/\/www.eldiariodetucuman.com\/web\/wp-json\/wp\/v2\/users\/5"}],"replies":[{"embeddable":true,"href":"https:\/\/www.eldiariodetucuman.com\/web\/wp-json\/wp\/v2\/comments?post=24434"}],"version-history":[{"count":3,"href":"https:\/\/www.eldiariodetucuman.com\/web\/wp-json\/wp\/v2\/posts\/24434\/revisions"}],"predecessor-version":[{"id":24441,"href":"https:\/\/www.eldiariodetucuman.com\/web\/wp-json\/wp\/v2\/posts\/24434\/revisions\/24441"}],"wp:featuredmedia":[{"embeddable":true,"href":"https:\/\/www.eldiariodetucuman.com\/web\/wp-json\/wp\/v2\/media\/24437"}],"wp:attachment":[{"href":"https:\/\/www.eldiariodetucuman.com\/web\/wp-json\/wp\/v2\/media?parent=24434"}],"wp:term":[{"taxonomy":"category","embeddable":true,"href":"https:\/\/www.eldiariodetucuman.com\/web\/wp-json\/wp\/v2\/categories?post=24434"},{"taxonomy":"post_tag","embeddable":true,"href":"https:\/\/www.eldiariodetucuman.com\/web\/wp-json\/wp\/v2\/tags?post=24434"}],"curies":[{"name":"wp","href":"https:\/\/api.w.org\/{rel}","templated":true}]}}