{"id":24425,"date":"2019-08-14T12:58:56","date_gmt":"2019-08-14T15:58:56","guid":{"rendered":"http:\/\/www.eldiariodetucuman.com\/web\/?p=24425"},"modified":"2019-08-14T14:05:39","modified_gmt":"2019-08-14T17:05:39","slug":"investigan-la-muerte-de-una-joven-disenadora-de-yerba-buena","status":"publish","type":"post","link":"https:\/\/www.eldiariodetucuman.com\/web\/investigan-la-muerte-de-una-joven-disenadora-de-yerba-buena\/","title":{"rendered":"Investigan la muerte de una joven dise\u00f1adora de Yerba Buena"},"content":{"rendered":"<p id=\"spksumary\">La v\u00edctima muri\u00f3 por las quemaduras que sufri\u00f3 el domingo.<!--more--><\/p>\n<p>La Justicia investiga la muerte de una joven dise\u00f1adora de interiores de Yerba Buena. La mujer falleci\u00f3 despu\u00e9s de haber agonizado durante m\u00e1s de dos d\u00edas en el Centro de Salud por las quemaduras que sufri\u00f3, seg\u00fan confirmaron fuentes judiciales.<\/p>\n<p>El domingo a la siesta, una mujer de un domicilio ubicado en San Mart\u00edn y Las Lanzas escuch\u00f3 un ruido extra\u00f1o en la casa de su vecina\u00a0<strong>Natalia Ianiero<\/strong>. Cuando se par\u00f3 frente a la puerta, la joven de 35 a\u00f1os sali\u00f3 corriendo envuelta en llamas. Algunos vecinos lograron apagar el fuego y la trasladaron al hospital. Pero los m\u00e9dicos poco pudieron hacer para salvarle la vida y muri\u00f3 el martes por la noche.<\/p>\n<p>Personal de la Divisi\u00f3n Homicidios, al mando de los comisarios\u00a0<strong>Cristian Peralta<\/strong>\u00a0y\u00a0<strong>Diego Bernachi<\/strong>, los investigadores del Ministerio P\u00fablico Fiscal, supervisados por la fiscala\u00a0<strong>Adriana Giannoni<\/strong>, estableci\u00f3 que la joven, que trabajaba conduciendo un taxi y era empleada de un call center, se hab\u00eda casado hace poco m\u00e1s de seis meses y que, hace un mes, se separ\u00f3.<\/p>\n<p>Los primeros indicios que recolectaron los investigadores es que la dise\u00f1adora habr\u00eda estado sola cuando se produjo el hecho. Pese a que no se descarta un suicidio, en estos momentos, la pareja de Ianiero se encuentra declarando en Tribunales ante la fiscala.<\/p>\n<p>Los testigos informaron que el joven no fue visto el domingo en la zona donde viv\u00eda la joven fallecida. Por el momento no se conocieron los resultados de las pericias que se realizaron en el lugar de los hechos.<\/p>\n<p class=\"style text\">La muerte de Natalia gener\u00f3 conmoci\u00f3n en Yerba Buena. Era una chica conocida en esa ciudad y varias de sus amistades expresaron su sorpresa y dolor por su fallecimiento.<\/p>\n<p>Fuente: La Gaceta<\/p>\n","protected":false},"excerpt":{"rendered":"<p>La v\u00edctima muri\u00f3 por las quemaduras que sufri\u00f3 el domingo.<\/p>\n","protected":false},"author":5,"featured_media":24426,"comment_status":"closed","ping_status":"open","sticky":false,"template":"","format":"standard","meta":{"footnotes":""},"categories":[927],"tags":[],"class_list":{"0":"post-24425","1":"post","2":"type-post","3":"status-publish","4":"format-standard","5":"has-post-thumbnail","7":"category-policiales"},"yoast_head":"<!-- This site is optimized with the Yoast SEO plugin v27.5 - https:\/\/yoast.com\/product\/yoast-seo-wordpress\/ -->\n<title>Investigan la muerte de una joven dise\u00f1adora de Yerba Buena - El Diario de Tucuman<\/title>\n<meta name=\"robots\" content=\"index, follow, max-snippet:-1, max-image-preview:large, max-video-preview:-1\" \/>\n<link rel=\"canonical\" href=\"https:\/\/www.eldiariodetucuman.com\/web\/investigan-la-muerte-de-una-joven-disenadora-de-yerba-buena\/\" \/>\n<meta property=\"og:locale\" content=\"es_ES\" \/>\n<meta property=\"og:type\" content=\"article\" \/>\n<meta property=\"og:title\" content=\"Investigan la muerte de una joven dise\u00f1adora de Yerba Buena - El Diario de Tucuman\" \/>\n<meta property=\"og:description\" content=\"La v\u00edctima muri\u00f3 por las quemaduras que sufri\u00f3 el domingo.\" \/>\n<meta property=\"og:url\" content=\"https:\/\/www.eldiariodetucuman.com\/web\/investigan-la-muerte-de-una-joven-disenadora-de-yerba-buena\/\" \/>\n<meta property=\"og:site_name\" content=\"El Diario de Tucuman\" \/>\n<meta property=\"article:published_time\" content=\"2019-08-14T15:58:56+00:00\" \/>\n<meta property=\"article:modified_time\" content=\"2019-08-14T17:05:39+00:00\" \/>\n<meta property=\"og:image\" content=\"https:\/\/www.eldiariodetucuman.com\/web\/wp-content\/uploads\/2019\/08\/investigan-muerte-joven-disenadora-yerba-buena-815292-103736.jpg\" \/>\n\t<meta property=\"og:image:width\" content=\"1232\" \/>\n\t<meta property=\"og:image:height\" content=\"816\" \/>\n\t<meta property=\"og:image:type\" content=\"image\/jpeg\" \/>\n<meta name=\"author\" content=\"Redactor Uno\" \/>\n<meta name=\"twitter:card\" content=\"summary_large_image\" \/>\n<meta name=\"twitter:label1\" content=\"Escrito por\" \/>\n\t<meta name=\"twitter:data1\" content=\"Redactor Uno\" \/>\n\t<meta name=\"twitter:label2\" content=\"Tiempo de lectura\" \/>\n\t<meta name=\"twitter:data2\" content=\"2 minutos\" \/>\n<script type=\"application\/ld+json\" class=\"yoast-schema-graph\">{\"@context\":\"https:\\\/\\\/schema.org\",\"@graph\":[{\"@type\":\"Article\",\"@id\":\"https:\\\/\\\/www.eldiariodetucuman.com\\\/web\\\/investigan-la-muerte-de-una-joven-disenadora-de-yerba-buena\\\/#article\",\"isPartOf\":{\"@id\":\"https:\\\/\\\/www.eldiariodetucuman.com\\\/web\\\/investigan-la-muerte-de-una-joven-disenadora-de-yerba-buena\\\/\"},\"author\":{\"name\":\"Redactor Uno\",\"@id\":\"https:\\\/\\\/www.eldiariodetucuman.com\\\/web\\\/#\\\/schema\\\/person\\\/7e6644a46e60888f6b868594407e08dd\"},\"headline\":\"Investigan la muerte de una joven dise\u00f1adora de Yerba Buena\",\"datePublished\":\"2019-08-14T15:58:56+00:00\",\"dateModified\":\"2019-08-14T17:05:39+00:00\",\"mainEntityOfPage\":{\"@id\":\"https:\\\/\\\/www.eldiariodetucuman.com\\\/web\\\/investigan-la-muerte-de-una-joven-disenadora-de-yerba-buena\\\/\"},\"wordCount\":324,\"publisher\":{\"@id\":\"https:\\\/\\\/www.eldiariodetucuman.com\\\/web\\\/#organization\"},\"image\":{\"@id\":\"https:\\\/\\\/www.eldiariodetucuman.com\\\/web\\\/investigan-la-muerte-de-una-joven-disenadora-de-yerba-buena\\\/#primaryimage\"},\"thumbnailUrl\":\"https:\\\/\\\/www.eldiariodetucuman.com\\\/web\\\/wp-content\\\/uploads\\\/2019\\\/08\\\/investigan-muerte-joven-disenadora-yerba-buena-815292-103736.jpg\",\"articleSection\":[\"Policiales\"],\"inLanguage\":\"es\"},{\"@type\":\"WebPage\",\"@id\":\"https:\\\/\\\/www.eldiariodetucuman.com\\\/web\\\/investigan-la-muerte-de-una-joven-disenadora-de-yerba-buena\\\/\",\"url\":\"https:\\\/\\\/www.eldiariodetucuman.com\\\/web\\\/investigan-la-muerte-de-una-joven-disenadora-de-yerba-buena\\\/\",\"name\":\"Investigan la muerte de una joven dise\u00f1adora de Yerba Buena - El Diario de Tucuman\",\"isPartOf\":{\"@id\":\"https:\\\/\\\/www.eldiariodetucuman.com\\\/web\\\/#website\"},\"primaryImageOfPage\":{\"@id\":\"https:\\\/\\\/www.eldiariodetucuman.com\\\/web\\\/investigan-la-muerte-de-una-joven-disenadora-de-yerba-buena\\\/#primaryimage\"},\"image\":{\"@id\":\"https:\\\/\\\/www.eldiariodetucuman.com\\\/web\\\/investigan-la-muerte-de-una-joven-disenadora-de-yerba-buena\\\/#primaryimage\"},\"thumbnailUrl\":\"https:\\\/\\\/www.eldiariodetucuman.com\\\/web\\\/wp-content\\\/uploads\\\/2019\\\/08\\\/investigan-muerte-joven-disenadora-yerba-buena-815292-103736.jpg\",\"datePublished\":\"2019-08-14T15:58:56+00:00\",\"dateModified\":\"2019-08-14T17:05:39+00:00\",\"breadcrumb\":{\"@id\":\"https:\\\/\\\/www.eldiariodetucuman.com\\\/web\\\/investigan-la-muerte-de-una-joven-disenadora-de-yerba-buena\\\/#breadcrumb\"},\"inLanguage\":\"es\",\"potentialAction\":[{\"@type\":\"ReadAction\",\"target\":[\"https:\\\/\\\/www.eldiariodetucuman.com\\\/web\\\/investigan-la-muerte-de-una-joven-disenadora-de-yerba-buena\\\/\"]}]},{\"@type\":\"ImageObject\",\"inLanguage\":\"es\",\"@id\":\"https:\\\/\\\/www.eldiariodetucuman.com\\\/web\\\/investigan-la-muerte-de-una-joven-disenadora-de-yerba-buena\\\/#primaryimage\",\"url\":\"https:\\\/\\\/www.eldiariodetucuman.com\\\/web\\\/wp-content\\\/uploads\\\/2019\\\/08\\\/investigan-muerte-joven-disenadora-yerba-buena-815292-103736.jpg\",\"contentUrl\":\"https:\\\/\\\/www.eldiariodetucuman.com\\\/web\\\/wp-content\\\/uploads\\\/2019\\\/08\\\/investigan-muerte-joven-disenadora-yerba-buena-815292-103736.jpg\",\"width\":1232,\"height\":816,\"caption\":\"Foto tomada del facebook de Natalia Ianero\"},{\"@type\":\"BreadcrumbList\",\"@id\":\"https:\\\/\\\/www.eldiariodetucuman.com\\\/web\\\/investigan-la-muerte-de-una-joven-disenadora-de-yerba-buena\\\/#breadcrumb\",\"itemListElement\":[{\"@type\":\"ListItem\",\"position\":1,\"name\":\"Portada\",\"item\":\"https:\\\/\\\/www.eldiariodetucuman.com\\\/web\\\/\"},{\"@type\":\"ListItem\",\"position\":2,\"name\":\"Investigan la muerte de una joven dise\u00f1adora de Yerba Buena\"}]},{\"@type\":\"WebSite\",\"@id\":\"https:\\\/\\\/www.eldiariodetucuman.com\\\/web\\\/#website\",\"url\":\"https:\\\/\\\/www.eldiariodetucuman.com\\\/web\\\/\",\"name\":\"El Diario de Tucuman\",\"description\":\"Diario Tucuman - Informaci\u00f3n y noticias\",\"publisher\":{\"@id\":\"https:\\\/\\\/www.eldiariodetucuman.com\\\/web\\\/#organization\"},\"potentialAction\":[{\"@type\":\"SearchAction\",\"target\":{\"@type\":\"EntryPoint\",\"urlTemplate\":\"https:\\\/\\\/www.eldiariodetucuman.com\\\/web\\\/?s={search_term_string}\"},\"query-input\":{\"@type\":\"PropertyValueSpecification\",\"valueRequired\":true,\"valueName\":\"search_term_string\"}}],\"inLanguage\":\"es\"},{\"@type\":\"Organization\",\"@id\":\"https:\\\/\\\/www.eldiariodetucuman.com\\\/web\\\/#organization\",\"name\":\"El Diario de Tucuman\",\"url\":\"https:\\\/\\\/www.eldiariodetucuman.com\\\/web\\\/\",\"logo\":{\"@type\":\"ImageObject\",\"inLanguage\":\"es\",\"@id\":\"https:\\\/\\\/www.eldiariodetucuman.com\\\/web\\\/#\\\/schema\\\/logo\\\/image\\\/\",\"url\":\"http:\\\/\\\/www.eldiariodetucuman.com\\\/web\\\/wp-content\\\/uploads\\\/2017\\\/12\\\/el-diario-de-tucuman.jpg\",\"contentUrl\":\"http:\\\/\\\/www.eldiariodetucuman.com\\\/web\\\/wp-content\\\/uploads\\\/2017\\\/12\\\/el-diario-de-tucuman.jpg\",\"width\":272,\"height\":92,\"caption\":\"El Diario de Tucuman\"},\"image\":{\"@id\":\"https:\\\/\\\/www.eldiariodetucuman.com\\\/web\\\/#\\\/schema\\\/logo\\\/image\\\/\"}},{\"@type\":\"Person\",\"@id\":\"https:\\\/\\\/www.eldiariodetucuman.com\\\/web\\\/#\\\/schema\\\/person\\\/7e6644a46e60888f6b868594407e08dd\",\"name\":\"Redactor Uno\",\"image\":{\"@type\":\"ImageObject\",\"inLanguage\":\"es\",\"@id\":\"https:\\\/\\\/secure.gravatar.com\\\/avatar\\\/0049b1bdf1bd548385c9ea6b9356431717930913089febd2ba904f0187d7d074?s=96&d=mm&r=g\",\"url\":\"https:\\\/\\\/secure.gravatar.com\\\/avatar\\\/0049b1bdf1bd548385c9ea6b9356431717930913089febd2ba904f0187d7d074?s=96&d=mm&r=g\",\"contentUrl\":\"https:\\\/\\\/secure.gravatar.com\\\/avatar\\\/0049b1bdf1bd548385c9ea6b9356431717930913089febd2ba904f0187d7d074?s=96&d=mm&r=g\",\"caption\":\"Redactor Uno\"},\"url\":\"https:\\\/\\\/www.eldiariodetucuman.com\\\/web\\\/author\\\/mramasco\\\/\"}]}<\/script>\n<!-- \/ Yoast SEO plugin. -->","yoast_head_json":{"title":"Investigan la muerte de una joven dise\u00f1adora de Yerba Buena - El Diario de Tucuman","robots":{"index":"index","follow":"follow","max-snippet":"max-snippet:-1","max-image-preview":"max-image-preview:large","max-video-preview":"max-video-preview:-1"},"canonical":"https:\/\/www.eldiariodetucuman.com\/web\/investigan-la-muerte-de-una-joven-disenadora-de-yerba-buena\/","og_locale":"es_ES","og_type":"article","og_title":"Investigan la muerte de una joven dise\u00f1adora de Yerba Buena - El Diario de Tucuman","og_description":"La v\u00edctima muri\u00f3 por las quemaduras que sufri\u00f3 el domingo.","og_url":"https:\/\/www.eldiariodetucuman.com\/web\/investigan-la-muerte-de-una-joven-disenadora-de-yerba-buena\/","og_site_name":"El Diario de Tucuman","article_published_time":"2019-08-14T15:58:56+00:00","article_modified_time":"2019-08-14T17:05:39+00:00","og_image":[{"width":1232,"height":816,"url":"https:\/\/www.eldiariodetucuman.com\/web\/wp-content\/uploads\/2019\/08\/investigan-muerte-joven-disenadora-yerba-buena-815292-103736.jpg","type":"image\/jpeg"}],"author":"Redactor Uno","twitter_card":"summary_large_image","twitter_misc":{"Escrito por":"Redactor Uno","Tiempo de lectura":"2 minutos"},"schema":{"@context":"https:\/\/schema.org","@graph":[{"@type":"Article","@id":"https:\/\/www.eldiariodetucuman.com\/web\/investigan-la-muerte-de-una-joven-disenadora-de-yerba-buena\/#article","isPartOf":{"@id":"https:\/\/www.eldiariodetucuman.com\/web\/investigan-la-muerte-de-una-joven-disenadora-de-yerba-buena\/"},"author":{"name":"Redactor Uno","@id":"https:\/\/www.eldiariodetucuman.com\/web\/#\/schema\/person\/7e6644a46e60888f6b868594407e08dd"},"headline":"Investigan la muerte de una joven dise\u00f1adora de Yerba Buena","datePublished":"2019-08-14T15:58:56+00:00","dateModified":"2019-08-14T17:05:39+00:00","mainEntityOfPage":{"@id":"https:\/\/www.eldiariodetucuman.com\/web\/investigan-la-muerte-de-una-joven-disenadora-de-yerba-buena\/"},"wordCount":324,"publisher":{"@id":"https:\/\/www.eldiariodetucuman.com\/web\/#organization"},"image":{"@id":"https:\/\/www.eldiariodetucuman.com\/web\/investigan-la-muerte-de-una-joven-disenadora-de-yerba-buena\/#primaryimage"},"thumbnailUrl":"https:\/\/www.eldiariodetucuman.com\/web\/wp-content\/uploads\/2019\/08\/investigan-muerte-joven-disenadora-yerba-buena-815292-103736.jpg","articleSection":["Policiales"],"inLanguage":"es"},{"@type":"WebPage","@id":"https:\/\/www.eldiariodetucuman.com\/web\/investigan-la-muerte-de-una-joven-disenadora-de-yerba-buena\/","url":"https:\/\/www.eldiariodetucuman.com\/web\/investigan-la-muerte-de-una-joven-disenadora-de-yerba-buena\/","name":"Investigan la muerte de una joven dise\u00f1adora de Yerba Buena - El Diario de Tucuman","isPartOf":{"@id":"https:\/\/www.eldiariodetucuman.com\/web\/#website"},"primaryImageOfPage":{"@id":"https:\/\/www.eldiariodetucuman.com\/web\/investigan-la-muerte-de-una-joven-disenadora-de-yerba-buena\/#primaryimage"},"image":{"@id":"https:\/\/www.eldiariodetucuman.com\/web\/investigan-la-muerte-de-una-joven-disenadora-de-yerba-buena\/#primaryimage"},"thumbnailUrl":"https:\/\/www.eldiariodetucuman.com\/web\/wp-content\/uploads\/2019\/08\/investigan-muerte-joven-disenadora-yerba-buena-815292-103736.jpg","datePublished":"2019-08-14T15:58:56+00:00","dateModified":"2019-08-14T17:05:39+00:00","breadcrumb":{"@id":"https:\/\/www.eldiariodetucuman.com\/web\/investigan-la-muerte-de-una-joven-disenadora-de-yerba-buena\/#breadcrumb"},"inLanguage":"es","potentialAction":[{"@type":"ReadAction","target":["https:\/\/www.eldiariodetucuman.com\/web\/investigan-la-muerte-de-una-joven-disenadora-de-yerba-buena\/"]}]},{"@type":"ImageObject","inLanguage":"es","@id":"https:\/\/www.eldiariodetucuman.com\/web\/investigan-la-muerte-de-una-joven-disenadora-de-yerba-buena\/#primaryimage","url":"https:\/\/www.eldiariodetucuman.com\/web\/wp-content\/uploads\/2019\/08\/investigan-muerte-joven-disenadora-yerba-buena-815292-103736.jpg","contentUrl":"https:\/\/www.eldiariodetucuman.com\/web\/wp-content\/uploads\/2019\/08\/investigan-muerte-joven-disenadora-yerba-buena-815292-103736.jpg","width":1232,"height":816,"caption":"Foto tomada del facebook de Natalia Ianero"},{"@type":"BreadcrumbList","@id":"https:\/\/www.eldiariodetucuman.com\/web\/investigan-la-muerte-de-una-joven-disenadora-de-yerba-buena\/#breadcrumb","itemListElement":[{"@type":"ListItem","position":1,"name":"Portada","item":"https:\/\/www.eldiariodetucuman.com\/web\/"},{"@type":"ListItem","position":2,"name":"Investigan la muerte de una joven dise\u00f1adora de Yerba Buena"}]},{"@type":"WebSite","@id":"https:\/\/www.eldiariodetucuman.com\/web\/#website","url":"https:\/\/www.eldiariodetucuman.com\/web\/","name":"El Diario de Tucuman","description":"Diario Tucuman - Informaci\u00f3n y noticias","publisher":{"@id":"https:\/\/www.eldiariodetucuman.com\/web\/#organization"},"potentialAction":[{"@type":"SearchAction","target":{"@type":"EntryPoint","urlTemplate":"https:\/\/www.eldiariodetucuman.com\/web\/?s={search_term_string}"},"query-input":{"@type":"PropertyValueSpecification","valueRequired":true,"valueName":"search_term_string"}}],"inLanguage":"es"},{"@type":"Organization","@id":"https:\/\/www.eldiariodetucuman.com\/web\/#organization","name":"El Diario de Tucuman","url":"https:\/\/www.eldiariodetucuman.com\/web\/","logo":{"@type":"ImageObject","inLanguage":"es","@id":"https:\/\/www.eldiariodetucuman.com\/web\/#\/schema\/logo\/image\/","url":"http:\/\/www.eldiariodetucuman.com\/web\/wp-content\/uploads\/2017\/12\/el-diario-de-tucuman.jpg","contentUrl":"http:\/\/www.eldiariodetucuman.com\/web\/wp-content\/uploads\/2017\/12\/el-diario-de-tucuman.jpg","width":272,"height":92,"caption":"El Diario de Tucuman"},"image":{"@id":"https:\/\/www.eldiariodetucuman.com\/web\/#\/schema\/logo\/image\/"}},{"@type":"Person","@id":"https:\/\/www.eldiariodetucuman.com\/web\/#\/schema\/person\/7e6644a46e60888f6b868594407e08dd","name":"Redactor Uno","image":{"@type":"ImageObject","inLanguage":"es","@id":"https:\/\/secure.gravatar.com\/avatar\/0049b1bdf1bd548385c9ea6b9356431717930913089febd2ba904f0187d7d074?s=96&d=mm&r=g","url":"https:\/\/secure.gravatar.com\/avatar\/0049b1bdf1bd548385c9ea6b9356431717930913089febd2ba904f0187d7d074?s=96&d=mm&r=g","contentUrl":"https:\/\/secure.gravatar.com\/avatar\/0049b1bdf1bd548385c9ea6b9356431717930913089febd2ba904f0187d7d074?s=96&d=mm&r=g","caption":"Redactor Uno"},"url":"https:\/\/www.eldiariodetucuman.com\/web\/author\/mramasco\/"}]}},"_links":{"self":[{"href":"https:\/\/www.eldiariodetucuman.com\/web\/wp-json\/wp\/v2\/posts\/24425","targetHints":{"allow":["GET"]}}],"collection":[{"href":"https:\/\/www.eldiariodetucuman.com\/web\/wp-json\/wp\/v2\/posts"}],"about":[{"href":"https:\/\/www.eldiariodetucuman.com\/web\/wp-json\/wp\/v2\/types\/post"}],"author":[{"embeddable":true,"href":"https:\/\/www.eldiariodetucuman.com\/web\/wp-json\/wp\/v2\/users\/5"}],"replies":[{"embeddable":true,"href":"https:\/\/www.eldiariodetucuman.com\/web\/wp-json\/wp\/v2\/comments?post=24425"}],"version-history":[{"count":1,"href":"https:\/\/www.eldiariodetucuman.com\/web\/wp-json\/wp\/v2\/posts\/24425\/revisions"}],"predecessor-version":[{"id":24427,"href":"https:\/\/www.eldiariodetucuman.com\/web\/wp-json\/wp\/v2\/posts\/24425\/revisions\/24427"}],"wp:featuredmedia":[{"embeddable":true,"href":"https:\/\/www.eldiariodetucuman.com\/web\/wp-json\/wp\/v2\/media\/24426"}],"wp:attachment":[{"href":"https:\/\/www.eldiariodetucuman.com\/web\/wp-json\/wp\/v2\/media?parent=24425"}],"wp:term":[{"taxonomy":"category","embeddable":true,"href":"https:\/\/www.eldiariodetucuman.com\/web\/wp-json\/wp\/v2\/categories?post=24425"},{"taxonomy":"post_tag","embeddable":true,"href":"https:\/\/www.eldiariodetucuman.com\/web\/wp-json\/wp\/v2\/tags?post=24425"}],"curies":[{"name":"wp","href":"https:\/\/api.w.org\/{rel}","templated":true}]}}