{"id":24422,"date":"2019-08-14T13:54:11","date_gmt":"2019-08-14T16:54:11","guid":{"rendered":"http:\/\/www.eldiariodetucuman.com\/web\/?p=24422"},"modified":"2019-08-14T14:09:26","modified_gmt":"2019-08-14T17:09:26","slug":"punto-por-punto-las-10-medidas-que-anuncio-mauricio-macri","status":"publish","type":"post","link":"https:\/\/www.eldiariodetucuman.com\/web\/punto-por-punto-las-10-medidas-que-anuncio-mauricio-macri\/","title":{"rendered":"Punto por punto, las 10 medidas que anunci\u00f3 Mauricio Macri"},"content":{"rendered":"<div class=\"row pb-content-type-text\">\n<div class=\"col-xs-12 col-print-12\">\n<p class=\"element element-paragraph\">El presidente\u00a0<strong>Mauricio Macri anunci\u00f3<\/strong>\u00a0este mi\u00e9rcoles\u00a0una serie de\u00a0medidas antes de la apertura de los mercados, con el objetivo de\u00a0<strong>reactivar la demanda interna<\/strong>\u00a0y paliar el efecto de la devaluaci\u00f3n.<\/p>\n<div class=\"teads-adCall\"><\/div>\n<\/div>\n<\/div>\n<div class=\"row pb-content-type-text\">\n<div class=\"col-xs-12 col-print-12\">\n<p class=\"element element-paragraph\">El mandatario indic\u00f3 que estas medidas\u00a0<strong>benefician a 17 millones de trabajadores y sus familias<\/strong>\u00a0y a todas las peque\u00f1as y medianas empresas, que est\u00e1n pasando por un momento dif\u00edcil y de mucha incertidumbre.<\/p>\n<\/div>\n<\/div>\n<div class=\"row pb-content-type-text\">\n<div class=\"col-xs-12 col-print-12\">\n<p class=\"element element-paragraph\"><strong>1)<\/strong>\u00a0Se va a\u00a0<strong>aumentar el salario m\u00ednimo<\/strong>, por segunda vez en el a\u00f1o. Esto beneficiar\u00e1 a unos 2 millones de trabajadores. Para ese fin se convocar\u00e1 al Consejo Nacional del Empleo, la Productividad y el Salario M\u00ednimo, Vital y M\u00f3vil.<\/p>\n<\/div>\n<\/div>\n<div class=\"row pb-content-type-text\">\n<div class=\"col-xs-12 col-print-12\">\n<p class=\"element element-paragraph\"><strong>2)<\/strong>\u00a0Se\u00a0<strong>congelar\u00e1 por 90 d\u00edas el precio de la nafta<\/strong>\u00a0y los combustibles.<\/p>\n<\/div>\n<\/div>\n<div class=\"row pb-content-type-text\">\n<div id=\"\" class=\"wrapper clearfix pb-feature pb-layout-item pb-f-ads-dfp left-align\">\n<div id=\"inline\" class=\"ad-slot\">\n<div id=\"inline_ad\" data-google-query-id=\"CMbLpJvpguQCFVoUswAdNqMO-Q\">\n<div id=\"google_ads_iframe_\/1058609\/infobae\/economia\/nota\/inline_0__container__\"><iframe id=\"google_ads_iframe_\/1058609\/infobae\/economia\/nota\/inline_0\" title=\"3rd party ad content\" name=\"google_ads_iframe_\/1058609\/infobae\/economia\/nota\/inline_0\" width=\"1\" height=\"1\" frameborder=\"0\" marginwidth=\"0\" marginheight=\"0\" scrolling=\"no\" data-google-container-id=\"6\" data-load-complete=\"true\" data-mce-fragment=\"1\"><\/iframe><\/div>\n<\/div>\n<\/div>\n<\/div>\n<div class=\"col-xs-12 col-print-12\">\n<p class=\"element element-paragraph\"><strong>3)<\/strong>\u00a0Para los trabajadores que pagan el\u00a0<strong>Impuesto a las Ganancias<\/strong>, se\u00a0<strong>aumenta un 20% el piso<\/strong>\u00a0y la deducci\u00f3n especial a partir de los cuales pagan el impuesto los jubilados y los empleados en relaci\u00f3n de dependencia. Esto permitir\u00e1 una mejora en el sueldo de bolsillo para\u00a0<strong>dos millones<\/strong>\u00a0de personas de alrededor de\u00a0<strong>2.000 pesos por mes<\/strong>.<\/p>\n<\/div>\n<\/div>\n<div class=\"row pb-content-type-text\">\n<div class=\"col-xs-12 col-print-12\">\n<p class=\"element element-paragraph\"><strong>4)<\/strong>\u00a0<strong>Devoluci\u00f3n por los impuestos<\/strong>\u00a0ya pagados en el a\u00f1o, del orden de\u00a0<strong>12.000 pesos para una familia tipo<\/strong>\u00a0-matrimonio con dos hijos- con un salario bruto de 80.000 pesos al mes.<\/p>\n<\/div>\n<\/div>\n<div class=\"row pb-content-type-text\">\n<div class=\"col-xs-12 col-print-12\">\n<p class=\"element element-paragraph\"><strong>5)<\/strong>\u00a0El nuevo\u00a0<strong>m\u00ednimo no imponible<\/strong>\u00a0del salario bruto a partir del que se paga el impuesto queda en<strong>\u00a055.376 pesos para un trabajador soltero<\/strong>\u00a0y en\u00a0<strong>70.274 pesos para un trabajador con c\u00f3nyuge y dos hijos<\/strong>. Los<strong>\u00a0aut\u00f3nomos<\/strong>, por su parte, recibir\u00e1n una\u00a0<strong>reducci\u00f3n del 50%<\/strong>\u00a0en los anticipos que deben pagar el resto del a\u00f1o.<\/p>\n<\/div>\n<\/div>\n<div class=\"row pb-content-type-text\">\n<div class=\"col-xs-12 col-print-12\">\n<p class=\"element element-paragraph\"><strong>6)<\/strong>\u00a0Los trabajadores en\u00a0<strong>relaci\u00f3n de dependencia no pagar\u00e1n sus impuestos al trabajo<\/strong>\u00a0(aportes personales, el 11% del sueldo bruto) durante<strong>\u00a0septiembre y octubre<\/strong>, con un tope para el<strong>\u00a0beneficio de 2.000 pesos por mes<\/strong>. Beneficia a\u00a0<strong>6,5 millones de trabajadores<\/strong>.<\/p>\n<\/div>\n<\/div>\n<div class=\"row pb-content-type-text\">\n<div class=\"col-xs-12 col-print-12\">\n<p class=\"element element-paragraph\"><strong>7)<\/strong>\u00a0A los trabajadores<strong>\u00a0informales y los desocupados<\/strong>\u00a0se les brindar\u00e1n\u00a0<strong>dos pagos extra de 1.000 pesos por hijo<\/strong>, uno en\u00a0<strong>septiembre y otro en octubre<\/strong>. Esta medida alcanza a los\u00a0<strong>2,2 millones<\/strong>\u00a0de padres y madres con hijos cubiertos por la asignaci\u00f3n universal.<\/p>\n<\/div>\n<\/div>\n<div class=\"row pb-content-type-text\">\n<div class=\"col-xs-12 col-print-12\">\n<p class=\"element element-paragraph\"><strong>8)<\/strong>\u00a0Habr\u00e1 otro\u00a0<strong>aumento del salario m\u00ednimo y subir\u00e1n un 40%<\/strong>\u00a0las\u00a0<strong>Becas Progresar<\/strong>.<\/p>\n<\/div>\n<\/div>\n<div class=\"row pb-content-type-text\">\n<div class=\"col-xs-12 col-print-12\">\n<p class=\"element element-paragraph\"><strong>9)<\/strong>\u00a0Para las<strong>\u00a0PyME<\/strong>, la AFIP est\u00e1 lanzando un plan que les da\u00a0<strong>10 a\u00f1os de plazo para ponerse al d\u00eda con deudas<\/strong>\u00a0vencidas hasta el 15 de agosto con tiempo para inscribirse hasta fin de octubre. Adem\u00e1s, se ampliar\u00e1 de<strong>\u00a06 a 10 la cantidad de planes permanentes<\/strong>\u00a0que pueden tener abiertos al mismo tiempo las peque\u00f1as y medianas empresas.<\/p>\n<\/div>\n<\/div>\n<div class=\"row pb-content-type-text\">\n<div class=\"col-xs-12 col-print-12\">\n<p class=\"element element-paragraph\"><strong>10)<\/strong>\u00a0Los empleados de la<strong>\u00a0administraci\u00f3n p\u00fablica<\/strong>\u00a0nacional, las Fuerzas Armadas y las fuerzas de seguridad federales<strong>\u00a0recibir\u00e1n a fin de mes un bono de 5.000 pesos<\/strong>. Esta medida beneficia a alrededor de\u00a0<strong>400.000 personas<\/strong>.<\/p>\n<\/div>\n<p>Fuente: <a href=\"https:\/\/www.infobae.com\/economia\/2019\/08\/14\/punto-por-punto-las-medidas-que-anuncio-mauricio-macri\/\">Infobae<\/a><\/p>\n<\/div>\n","protected":false},"excerpt":{"rendered":"<p>El presidente\u00a0Mauricio Macri anunci\u00f3\u00a0este mi\u00e9rcoles\u00a0una serie de\u00a0medidas antes de la apertura de los mercados, con el objetivo de\u00a0reactivar la demanda interna\u00a0y paliar el efecto de la devaluaci\u00f3n. El mandatario indic\u00f3 que estas medidas\u00a0benefician a 17 millones de trabajadores y sus familias\u00a0y a todas las peque\u00f1as y medianas empresas, que est\u00e1n pasando por un momento dif\u00edcil [&hellip;]<\/p>\n","protected":false},"author":5,"featured_media":24423,"comment_status":"closed","ping_status":"open","sticky":false,"template":"","format":"standard","meta":{"footnotes":""},"categories":[3],"tags":[],"class_list":{"0":"post-24422","1":"post","2":"type-post","3":"status-publish","4":"format-standard","5":"has-post-thumbnail","7":"category-politica"},"yoast_head":"<!-- This site is optimized with the Yoast SEO plugin v27.5 - https:\/\/yoast.com\/product\/yoast-seo-wordpress\/ -->\n<title>Punto por punto, las 10 medidas que anunci\u00f3 Mauricio Macri - El Diario de Tucuman<\/title>\n<meta name=\"robots\" content=\"index, follow, max-snippet:-1, max-image-preview:large, max-video-preview:-1\" \/>\n<link rel=\"canonical\" href=\"https:\/\/www.eldiariodetucuman.com\/web\/punto-por-punto-las-10-medidas-que-anuncio-mauricio-macri\/\" \/>\n<meta property=\"og:locale\" content=\"es_ES\" \/>\n<meta property=\"og:type\" content=\"article\" \/>\n<meta property=\"og:title\" content=\"Punto por punto, las 10 medidas que anunci\u00f3 Mauricio Macri - El Diario de Tucuman\" \/>\n<meta property=\"og:description\" content=\"El presidente\u00a0Mauricio Macri anunci\u00f3\u00a0este mi\u00e9rcoles\u00a0una serie de\u00a0medidas antes de la apertura de los mercados, con el objetivo de\u00a0reactivar la demanda interna\u00a0y paliar el efecto de la devaluaci\u00f3n. El mandatario indic\u00f3 que estas medidas\u00a0benefician a 17 millones de trabajadores y sus familias\u00a0y a todas las peque\u00f1as y medianas empresas, que est\u00e1n pasando por un momento dif\u00edcil [&hellip;]\" \/>\n<meta property=\"og:url\" content=\"https:\/\/www.eldiariodetucuman.com\/web\/punto-por-punto-las-10-medidas-que-anuncio-mauricio-macri\/\" \/>\n<meta property=\"og:site_name\" content=\"El Diario de Tucuman\" \/>\n<meta property=\"article:published_time\" content=\"2019-08-14T16:54:11+00:00\" \/>\n<meta property=\"article:modified_time\" content=\"2019-08-14T17:09:26+00:00\" \/>\n<meta property=\"og:image\" content=\"https:\/\/www.eldiariodetucuman.com\/web\/wp-content\/uploads\/2019\/08\/Mauricio-Macri-conferencia-Jujuy.jpg\" \/>\n\t<meta property=\"og:image:width\" content=\"750\" \/>\n\t<meta property=\"og:image:height\" content=\"422\" \/>\n\t<meta property=\"og:image:type\" content=\"image\/jpeg\" \/>\n<meta name=\"author\" content=\"Redactor Uno\" \/>\n<meta name=\"twitter:card\" content=\"summary_large_image\" \/>\n<meta name=\"twitter:label1\" content=\"Escrito por\" \/>\n\t<meta name=\"twitter:data1\" content=\"Redactor Uno\" \/>\n\t<meta name=\"twitter:label2\" content=\"Tiempo de lectura\" \/>\n\t<meta name=\"twitter:data2\" content=\"2 minutos\" \/>\n<script type=\"application\/ld+json\" class=\"yoast-schema-graph\">{\"@context\":\"https:\\\/\\\/schema.org\",\"@graph\":[{\"@type\":\"Article\",\"@id\":\"https:\\\/\\\/www.eldiariodetucuman.com\\\/web\\\/punto-por-punto-las-10-medidas-que-anuncio-mauricio-macri\\\/#article\",\"isPartOf\":{\"@id\":\"https:\\\/\\\/www.eldiariodetucuman.com\\\/web\\\/punto-por-punto-las-10-medidas-que-anuncio-mauricio-macri\\\/\"},\"author\":{\"name\":\"Redactor Uno\",\"@id\":\"https:\\\/\\\/www.eldiariodetucuman.com\\\/web\\\/#\\\/schema\\\/person\\\/7e6644a46e60888f6b868594407e08dd\"},\"headline\":\"Punto por punto, las 10 medidas que anunci\u00f3 Mauricio Macri\",\"datePublished\":\"2019-08-14T16:54:11+00:00\",\"dateModified\":\"2019-08-14T17:09:26+00:00\",\"mainEntityOfPage\":{\"@id\":\"https:\\\/\\\/www.eldiariodetucuman.com\\\/web\\\/punto-por-punto-las-10-medidas-que-anuncio-mauricio-macri\\\/\"},\"wordCount\":477,\"publisher\":{\"@id\":\"https:\\\/\\\/www.eldiariodetucuman.com\\\/web\\\/#organization\"},\"image\":{\"@id\":\"https:\\\/\\\/www.eldiariodetucuman.com\\\/web\\\/punto-por-punto-las-10-medidas-que-anuncio-mauricio-macri\\\/#primaryimage\"},\"thumbnailUrl\":\"https:\\\/\\\/www.eldiariodetucuman.com\\\/web\\\/wp-content\\\/uploads\\\/2019\\\/08\\\/Mauricio-Macri-conferencia-Jujuy.jpg\",\"articleSection\":[\"Politica\"],\"inLanguage\":\"es\"},{\"@type\":\"WebPage\",\"@id\":\"https:\\\/\\\/www.eldiariodetucuman.com\\\/web\\\/punto-por-punto-las-10-medidas-que-anuncio-mauricio-macri\\\/\",\"url\":\"https:\\\/\\\/www.eldiariodetucuman.com\\\/web\\\/punto-por-punto-las-10-medidas-que-anuncio-mauricio-macri\\\/\",\"name\":\"Punto por punto, las 10 medidas que anunci\u00f3 Mauricio Macri - El Diario de Tucuman\",\"isPartOf\":{\"@id\":\"https:\\\/\\\/www.eldiariodetucuman.com\\\/web\\\/#website\"},\"primaryImageOfPage\":{\"@id\":\"https:\\\/\\\/www.eldiariodetucuman.com\\\/web\\\/punto-por-punto-las-10-medidas-que-anuncio-mauricio-macri\\\/#primaryimage\"},\"image\":{\"@id\":\"https:\\\/\\\/www.eldiariodetucuman.com\\\/web\\\/punto-por-punto-las-10-medidas-que-anuncio-mauricio-macri\\\/#primaryimage\"},\"thumbnailUrl\":\"https:\\\/\\\/www.eldiariodetucuman.com\\\/web\\\/wp-content\\\/uploads\\\/2019\\\/08\\\/Mauricio-Macri-conferencia-Jujuy.jpg\",\"datePublished\":\"2019-08-14T16:54:11+00:00\",\"dateModified\":\"2019-08-14T17:09:26+00:00\",\"breadcrumb\":{\"@id\":\"https:\\\/\\\/www.eldiariodetucuman.com\\\/web\\\/punto-por-punto-las-10-medidas-que-anuncio-mauricio-macri\\\/#breadcrumb\"},\"inLanguage\":\"es\",\"potentialAction\":[{\"@type\":\"ReadAction\",\"target\":[\"https:\\\/\\\/www.eldiariodetucuman.com\\\/web\\\/punto-por-punto-las-10-medidas-que-anuncio-mauricio-macri\\\/\"]}]},{\"@type\":\"ImageObject\",\"inLanguage\":\"es\",\"@id\":\"https:\\\/\\\/www.eldiariodetucuman.com\\\/web\\\/punto-por-punto-las-10-medidas-que-anuncio-mauricio-macri\\\/#primaryimage\",\"url\":\"https:\\\/\\\/www.eldiariodetucuman.com\\\/web\\\/wp-content\\\/uploads\\\/2019\\\/08\\\/Mauricio-Macri-conferencia-Jujuy.jpg\",\"contentUrl\":\"https:\\\/\\\/www.eldiariodetucuman.com\\\/web\\\/wp-content\\\/uploads\\\/2019\\\/08\\\/Mauricio-Macri-conferencia-Jujuy.jpg\",\"width\":750,\"height\":422},{\"@type\":\"BreadcrumbList\",\"@id\":\"https:\\\/\\\/www.eldiariodetucuman.com\\\/web\\\/punto-por-punto-las-10-medidas-que-anuncio-mauricio-macri\\\/#breadcrumb\",\"itemListElement\":[{\"@type\":\"ListItem\",\"position\":1,\"name\":\"Portada\",\"item\":\"https:\\\/\\\/www.eldiariodetucuman.com\\\/web\\\/\"},{\"@type\":\"ListItem\",\"position\":2,\"name\":\"Punto por punto, las 10 medidas que anunci\u00f3 Mauricio Macri\"}]},{\"@type\":\"WebSite\",\"@id\":\"https:\\\/\\\/www.eldiariodetucuman.com\\\/web\\\/#website\",\"url\":\"https:\\\/\\\/www.eldiariodetucuman.com\\\/web\\\/\",\"name\":\"El Diario de Tucuman\",\"description\":\"Diario Tucuman - Informaci\u00f3n y noticias\",\"publisher\":{\"@id\":\"https:\\\/\\\/www.eldiariodetucuman.com\\\/web\\\/#organization\"},\"potentialAction\":[{\"@type\":\"SearchAction\",\"target\":{\"@type\":\"EntryPoint\",\"urlTemplate\":\"https:\\\/\\\/www.eldiariodetucuman.com\\\/web\\\/?s={search_term_string}\"},\"query-input\":{\"@type\":\"PropertyValueSpecification\",\"valueRequired\":true,\"valueName\":\"search_term_string\"}}],\"inLanguage\":\"es\"},{\"@type\":\"Organization\",\"@id\":\"https:\\\/\\\/www.eldiariodetucuman.com\\\/web\\\/#organization\",\"name\":\"El Diario de Tucuman\",\"url\":\"https:\\\/\\\/www.eldiariodetucuman.com\\\/web\\\/\",\"logo\":{\"@type\":\"ImageObject\",\"inLanguage\":\"es\",\"@id\":\"https:\\\/\\\/www.eldiariodetucuman.com\\\/web\\\/#\\\/schema\\\/logo\\\/image\\\/\",\"url\":\"http:\\\/\\\/www.eldiariodetucuman.com\\\/web\\\/wp-content\\\/uploads\\\/2017\\\/12\\\/el-diario-de-tucuman.jpg\",\"contentUrl\":\"http:\\\/\\\/www.eldiariodetucuman.com\\\/web\\\/wp-content\\\/uploads\\\/2017\\\/12\\\/el-diario-de-tucuman.jpg\",\"width\":272,\"height\":92,\"caption\":\"El Diario de Tucuman\"},\"image\":{\"@id\":\"https:\\\/\\\/www.eldiariodetucuman.com\\\/web\\\/#\\\/schema\\\/logo\\\/image\\\/\"}},{\"@type\":\"Person\",\"@id\":\"https:\\\/\\\/www.eldiariodetucuman.com\\\/web\\\/#\\\/schema\\\/person\\\/7e6644a46e60888f6b868594407e08dd\",\"name\":\"Redactor Uno\",\"image\":{\"@type\":\"ImageObject\",\"inLanguage\":\"es\",\"@id\":\"https:\\\/\\\/secure.gravatar.com\\\/avatar\\\/0049b1bdf1bd548385c9ea6b9356431717930913089febd2ba904f0187d7d074?s=96&d=mm&r=g\",\"url\":\"https:\\\/\\\/secure.gravatar.com\\\/avatar\\\/0049b1bdf1bd548385c9ea6b9356431717930913089febd2ba904f0187d7d074?s=96&d=mm&r=g\",\"contentUrl\":\"https:\\\/\\\/secure.gravatar.com\\\/avatar\\\/0049b1bdf1bd548385c9ea6b9356431717930913089febd2ba904f0187d7d074?s=96&d=mm&r=g\",\"caption\":\"Redactor Uno\"},\"url\":\"https:\\\/\\\/www.eldiariodetucuman.com\\\/web\\\/author\\\/mramasco\\\/\"}]}<\/script>\n<!-- \/ Yoast SEO plugin. -->","yoast_head_json":{"title":"Punto por punto, las 10 medidas que anunci\u00f3 Mauricio Macri - El Diario de Tucuman","robots":{"index":"index","follow":"follow","max-snippet":"max-snippet:-1","max-image-preview":"max-image-preview:large","max-video-preview":"max-video-preview:-1"},"canonical":"https:\/\/www.eldiariodetucuman.com\/web\/punto-por-punto-las-10-medidas-que-anuncio-mauricio-macri\/","og_locale":"es_ES","og_type":"article","og_title":"Punto por punto, las 10 medidas que anunci\u00f3 Mauricio Macri - El Diario de Tucuman","og_description":"El presidente\u00a0Mauricio Macri anunci\u00f3\u00a0este mi\u00e9rcoles\u00a0una serie de\u00a0medidas antes de la apertura de los mercados, con el objetivo de\u00a0reactivar la demanda interna\u00a0y paliar el efecto de la devaluaci\u00f3n. El mandatario indic\u00f3 que estas medidas\u00a0benefician a 17 millones de trabajadores y sus familias\u00a0y a todas las peque\u00f1as y medianas empresas, que est\u00e1n pasando por un momento dif\u00edcil [&hellip;]","og_url":"https:\/\/www.eldiariodetucuman.com\/web\/punto-por-punto-las-10-medidas-que-anuncio-mauricio-macri\/","og_site_name":"El Diario de Tucuman","article_published_time":"2019-08-14T16:54:11+00:00","article_modified_time":"2019-08-14T17:09:26+00:00","og_image":[{"width":750,"height":422,"url":"https:\/\/www.eldiariodetucuman.com\/web\/wp-content\/uploads\/2019\/08\/Mauricio-Macri-conferencia-Jujuy.jpg","type":"image\/jpeg"}],"author":"Redactor Uno","twitter_card":"summary_large_image","twitter_misc":{"Escrito por":"Redactor Uno","Tiempo de lectura":"2 minutos"},"schema":{"@context":"https:\/\/schema.org","@graph":[{"@type":"Article","@id":"https:\/\/www.eldiariodetucuman.com\/web\/punto-por-punto-las-10-medidas-que-anuncio-mauricio-macri\/#article","isPartOf":{"@id":"https:\/\/www.eldiariodetucuman.com\/web\/punto-por-punto-las-10-medidas-que-anuncio-mauricio-macri\/"},"author":{"name":"Redactor Uno","@id":"https:\/\/www.eldiariodetucuman.com\/web\/#\/schema\/person\/7e6644a46e60888f6b868594407e08dd"},"headline":"Punto por punto, las 10 medidas que anunci\u00f3 Mauricio Macri","datePublished":"2019-08-14T16:54:11+00:00","dateModified":"2019-08-14T17:09:26+00:00","mainEntityOfPage":{"@id":"https:\/\/www.eldiariodetucuman.com\/web\/punto-por-punto-las-10-medidas-que-anuncio-mauricio-macri\/"},"wordCount":477,"publisher":{"@id":"https:\/\/www.eldiariodetucuman.com\/web\/#organization"},"image":{"@id":"https:\/\/www.eldiariodetucuman.com\/web\/punto-por-punto-las-10-medidas-que-anuncio-mauricio-macri\/#primaryimage"},"thumbnailUrl":"https:\/\/www.eldiariodetucuman.com\/web\/wp-content\/uploads\/2019\/08\/Mauricio-Macri-conferencia-Jujuy.jpg","articleSection":["Politica"],"inLanguage":"es"},{"@type":"WebPage","@id":"https:\/\/www.eldiariodetucuman.com\/web\/punto-por-punto-las-10-medidas-que-anuncio-mauricio-macri\/","url":"https:\/\/www.eldiariodetucuman.com\/web\/punto-por-punto-las-10-medidas-que-anuncio-mauricio-macri\/","name":"Punto por punto, las 10 medidas que anunci\u00f3 Mauricio Macri - El Diario de Tucuman","isPartOf":{"@id":"https:\/\/www.eldiariodetucuman.com\/web\/#website"},"primaryImageOfPage":{"@id":"https:\/\/www.eldiariodetucuman.com\/web\/punto-por-punto-las-10-medidas-que-anuncio-mauricio-macri\/#primaryimage"},"image":{"@id":"https:\/\/www.eldiariodetucuman.com\/web\/punto-por-punto-las-10-medidas-que-anuncio-mauricio-macri\/#primaryimage"},"thumbnailUrl":"https:\/\/www.eldiariodetucuman.com\/web\/wp-content\/uploads\/2019\/08\/Mauricio-Macri-conferencia-Jujuy.jpg","datePublished":"2019-08-14T16:54:11+00:00","dateModified":"2019-08-14T17:09:26+00:00","breadcrumb":{"@id":"https:\/\/www.eldiariodetucuman.com\/web\/punto-por-punto-las-10-medidas-que-anuncio-mauricio-macri\/#breadcrumb"},"inLanguage":"es","potentialAction":[{"@type":"ReadAction","target":["https:\/\/www.eldiariodetucuman.com\/web\/punto-por-punto-las-10-medidas-que-anuncio-mauricio-macri\/"]}]},{"@type":"ImageObject","inLanguage":"es","@id":"https:\/\/www.eldiariodetucuman.com\/web\/punto-por-punto-las-10-medidas-que-anuncio-mauricio-macri\/#primaryimage","url":"https:\/\/www.eldiariodetucuman.com\/web\/wp-content\/uploads\/2019\/08\/Mauricio-Macri-conferencia-Jujuy.jpg","contentUrl":"https:\/\/www.eldiariodetucuman.com\/web\/wp-content\/uploads\/2019\/08\/Mauricio-Macri-conferencia-Jujuy.jpg","width":750,"height":422},{"@type":"BreadcrumbList","@id":"https:\/\/www.eldiariodetucuman.com\/web\/punto-por-punto-las-10-medidas-que-anuncio-mauricio-macri\/#breadcrumb","itemListElement":[{"@type":"ListItem","position":1,"name":"Portada","item":"https:\/\/www.eldiariodetucuman.com\/web\/"},{"@type":"ListItem","position":2,"name":"Punto por punto, las 10 medidas que anunci\u00f3 Mauricio Macri"}]},{"@type":"WebSite","@id":"https:\/\/www.eldiariodetucuman.com\/web\/#website","url":"https:\/\/www.eldiariodetucuman.com\/web\/","name":"El Diario de Tucuman","description":"Diario Tucuman - Informaci\u00f3n y noticias","publisher":{"@id":"https:\/\/www.eldiariodetucuman.com\/web\/#organization"},"potentialAction":[{"@type":"SearchAction","target":{"@type":"EntryPoint","urlTemplate":"https:\/\/www.eldiariodetucuman.com\/web\/?s={search_term_string}"},"query-input":{"@type":"PropertyValueSpecification","valueRequired":true,"valueName":"search_term_string"}}],"inLanguage":"es"},{"@type":"Organization","@id":"https:\/\/www.eldiariodetucuman.com\/web\/#organization","name":"El Diario de Tucuman","url":"https:\/\/www.eldiariodetucuman.com\/web\/","logo":{"@type":"ImageObject","inLanguage":"es","@id":"https:\/\/www.eldiariodetucuman.com\/web\/#\/schema\/logo\/image\/","url":"http:\/\/www.eldiariodetucuman.com\/web\/wp-content\/uploads\/2017\/12\/el-diario-de-tucuman.jpg","contentUrl":"http:\/\/www.eldiariodetucuman.com\/web\/wp-content\/uploads\/2017\/12\/el-diario-de-tucuman.jpg","width":272,"height":92,"caption":"El Diario de Tucuman"},"image":{"@id":"https:\/\/www.eldiariodetucuman.com\/web\/#\/schema\/logo\/image\/"}},{"@type":"Person","@id":"https:\/\/www.eldiariodetucuman.com\/web\/#\/schema\/person\/7e6644a46e60888f6b868594407e08dd","name":"Redactor Uno","image":{"@type":"ImageObject","inLanguage":"es","@id":"https:\/\/secure.gravatar.com\/avatar\/0049b1bdf1bd548385c9ea6b9356431717930913089febd2ba904f0187d7d074?s=96&d=mm&r=g","url":"https:\/\/secure.gravatar.com\/avatar\/0049b1bdf1bd548385c9ea6b9356431717930913089febd2ba904f0187d7d074?s=96&d=mm&r=g","contentUrl":"https:\/\/secure.gravatar.com\/avatar\/0049b1bdf1bd548385c9ea6b9356431717930913089febd2ba904f0187d7d074?s=96&d=mm&r=g","caption":"Redactor Uno"},"url":"https:\/\/www.eldiariodetucuman.com\/web\/author\/mramasco\/"}]}},"_links":{"self":[{"href":"https:\/\/www.eldiariodetucuman.com\/web\/wp-json\/wp\/v2\/posts\/24422","targetHints":{"allow":["GET"]}}],"collection":[{"href":"https:\/\/www.eldiariodetucuman.com\/web\/wp-json\/wp\/v2\/posts"}],"about":[{"href":"https:\/\/www.eldiariodetucuman.com\/web\/wp-json\/wp\/v2\/types\/post"}],"author":[{"embeddable":true,"href":"https:\/\/www.eldiariodetucuman.com\/web\/wp-json\/wp\/v2\/users\/5"}],"replies":[{"embeddable":true,"href":"https:\/\/www.eldiariodetucuman.com\/web\/wp-json\/wp\/v2\/comments?post=24422"}],"version-history":[{"count":2,"href":"https:\/\/www.eldiariodetucuman.com\/web\/wp-json\/wp\/v2\/posts\/24422\/revisions"}],"predecessor-version":[{"id":24428,"href":"https:\/\/www.eldiariodetucuman.com\/web\/wp-json\/wp\/v2\/posts\/24422\/revisions\/24428"}],"wp:featuredmedia":[{"embeddable":true,"href":"https:\/\/www.eldiariodetucuman.com\/web\/wp-json\/wp\/v2\/media\/24423"}],"wp:attachment":[{"href":"https:\/\/www.eldiariodetucuman.com\/web\/wp-json\/wp\/v2\/media?parent=24422"}],"wp:term":[{"taxonomy":"category","embeddable":true,"href":"https:\/\/www.eldiariodetucuman.com\/web\/wp-json\/wp\/v2\/categories?post=24422"},{"taxonomy":"post_tag","embeddable":true,"href":"https:\/\/www.eldiariodetucuman.com\/web\/wp-json\/wp\/v2\/tags?post=24422"}],"curies":[{"name":"wp","href":"https:\/\/api.w.org\/{rel}","templated":true}]}}