{"id":24419,"date":"2019-08-13T14:15:22","date_gmt":"2019-08-13T17:15:22","guid":{"rendered":"http:\/\/www.eldiariodetucuman.com\/web\/?p=24419"},"modified":"2019-08-13T14:36:16","modified_gmt":"2019-08-13T17:36:16","slug":"financial-times-los-inversores-creen-que-a-macri-se-le-acabo-el-tiempo","status":"publish","type":"post","link":"https:\/\/www.eldiariodetucuman.com\/web\/financial-times-los-inversores-creen-que-a-macri-se-le-acabo-el-tiempo\/","title":{"rendered":"Financial Times: los inversores creen que a Macri se le acab\u00f3 el tiempo"},"content":{"rendered":"<div class=\"row pb-content-type-text\">\n<div class=\"col-xs-12 col-print-12\">\n<p class=\"element element-paragraph\"><strong>\u00abIt is game over for Argentina&#8217;s President Mauricio Macri\u00bb<\/strong>. Para los analistas pol\u00edticos y los inversores, tras la humillante derrota en las PASO del domingo pasado, al presidente Macri se le acab\u00f3 el juego.<\/p>\n<\/div>\n<\/div>\n<p><!--more--><\/p>\n<div class=\"row pb-content-type-text\">\n<div class=\"col-xs-12 col-print-12\">\n<p class=\"element element-paragraph\">El veredicto del mercado fue claro: otro colapso sobre el peso, el que se devalu\u00f3 fuerte durante la jornada del lunes (y hoy contin\u00faa) y revivi\u00f3 la crisis monetaria del 2018, acci\u00f3n que caus\u00f3 que los inversores duden de la capacidad del mandatario para continuar su intento de transformar la Argentina.<\/p>\n<\/div>\n<\/div>\n<div class=\"row pb-content-type-text\">\n<div class=\"col-xs-12 col-print-12\">\n<p class=\"element element-paragraph\">Luego del sorprendente triunfo de Alberto Fern\u00e1ndez, los analistas e inversores vislumbran una situaci\u00f3n sombr\u00eda para la coalici\u00f3n gobernante. As\u00ed lo refleja un art\u00edculo del m\u00e1s reputado e influyente diario econ\u00f3mico del mundo, el\u00a0<em>Financial Times<\/em>.<\/p>\n<div class=\"row pb-content-type-text\">\n<div class=\"col-xs-12 col-print-12\">\n<p class=\"element element-paragraph\">El diario brit\u00e1nico se pregunt\u00f3 qu\u00e9 puede hacer ahora Macri ante esta situaci\u00f3n. Aunque el mandatario se mostr\u00f3 firme en su carrera por la reelecci\u00f3n \u2013renov\u00f3 su compromiso de revertir el resultado de las primarias y llegar a un eventual balotaje\u2013 pocos comparten ese optimismo. Incluso, sostiene el\u00a0<em>FT<\/em>, los analistas e inversores ven a Macri como l\u00edder de un gobierno tambaleante, lo que deja a Alberto Fern\u00e1ndez en la extra\u00f1a posici\u00f3n de \u00abpresidente electo\u00bb sin haber sido elegido formalmente.<\/p>\n<\/div>\n<\/div>\n<div class=\"row pb-content-type-text\">\n<div class=\"col-xs-12 col-print-12\">\n<p class=\"element element-paragraph\">Para el analista Gustavo Marangoni, el presidente Macri debe concentrarse en evitar que la crisis se profundice. \u00ab<strong>El gobierno debe centrarse en garantizar la gobernabilidad desde ahora hasta fin de a\u00f1o. El pa\u00eds necesita que el presidente act\u00fae como presidente y no como candidato<\/strong>\u00ab, le dijo Marangoni al\u00a0<em>FT<\/em>.<\/p>\n<\/div>\n<\/div>\n<div class=\"row pb-content-type-text\">\n<div class=\"col-xs-12 col-print-12\">\n<p class=\"element element-paragraph\">El diario record\u00f3 que desde el regreso de la democracia en 1983, dos gobiernos no peronistas concluyeron anticipadamente por crisis econ\u00f3micas, y el objetivo central del actual mandatario debe ser evitar ese destino. \u00ab<strong>Macri debe terminar su mandato sin un colapso<\/strong>\u00ab, a\u00f1adi\u00f3 Marangoni.<\/p>\n<\/div>\n<\/div>\n<div class=\"row pb-content-type-text\">\n<div class=\"col-xs-12 col-print-12\">\n<p class=\"element element-paragraph\">\u00abHay otros actores clave, incluida la oposici\u00f3n y el FMI \u2013que ayudaron a la Argentina con $57 mil millones de d\u00f3lares durante la crisis monetaria del a\u00f1o pasado\u2013, tambi\u00e9n tienen cierta responsabilidad\u00bb, concluy\u00f3 el analista.<\/p>\n<div class=\"row pb-content-type-text\">\n<div class=\"col-xs-12 col-print-12\">\n<p class=\"element element-paragraph\">Por el momento, destaca el peri\u00f3dico, el gobierno de Macri no anunci\u00f3 ning\u00fan cambio importante en el gabinete o en el rumbo de sus pol\u00edticas, aunque se analizan una bater\u00eda de medidas econ\u00f3micas que incluir\u00edan elevar el m\u00ednimo no imponible del impuesto a las ganancias, una nueva l\u00ednea de cr\u00e9ditos blandos para pymes, y un acuerdo con las petroleras para no trasladar el alza del d\u00f3lar a los precios de los combustibles.<\/p>\n<\/div>\n<\/div>\n<div class=\"row pb-content-type-text\">\n<div class=\"col-xs-12 col-print-12\">\n<p class=\"element element-paragraph\"><strong>\u00bfPor qu\u00e9 fueron tan importantes las PASO?<\/strong><\/p>\n<\/div>\n<\/div>\n<div class=\"row pb-content-type-text\">\n<div class=\"col-xs-12 col-print-12\">\n<p class=\"element element-paragraph\">A pesar de que las PASO no cumplieron su funci\u00f3n \u2013ning\u00fan partido utiliz\u00f3 esta herramienta electoral para definir sus principales candidaturas\u2013, el resultado del domingo fue enormemente significativo para conocer el sentimiento pol\u00edtico a nivel nacional.<\/p>\n<\/div>\n<\/div>\n<div class=\"row pb-content-type-text\">\n<div class=\"col-xs-12 col-print-12\">\n<p class=\"element element-paragraph\">Seg\u00fan los analistas, un triunfo de Fern\u00e1ndez con cinco o seis puntos de ventaja podr\u00eda llegar a revertirse, pero una brecha de m\u00e1s de 15 puntos, como result\u00f3 ser el caso, parece insuperable. \u00ab<strong>Las posibilidades de revertir este resultado no existen, es imposible<\/strong>\u00ab, le dijo Luis Tonelli al\u00a0<em>FT<\/em>.<\/p>\n<\/div>\n<\/div>\n<div class=\"row pb-content-type-text\">\n<div class=\"col-xs-12 col-print-12\">\n<p class=\"element element-paragraph\">As\u00ed, seg\u00fan el diario brit\u00e1nico, Alberto Fern\u00e1ndez podr\u00eda cumplir uno u otro de los criterios para una victoria absoluta cuando se celebre la primera vuelta en octubre: necesitar\u00eda obtener m\u00e1s del 45% de los votos, o m\u00e1s del 40 y una ventaja de 10 puntos sobre el segundo.<\/p>\n<\/div>\n<\/div>\n<div class=\"row pb-content-type-text\">\n<div class=\"col-xs-12 col-print-12\">\n<p class=\"element element-paragraph\">En tal sentido, el\u00a0<em>FT<\/em>\u00a0advierte que incluido el apoyo combinado de todos los dem\u00e1s candidatos de la centroderecha, que suman cerca de 13%, no ser\u00eda suficiente para que Macri cubra dicha brecha.<\/p>\n<\/div>\n<\/div>\n<div class=\"row pb-content-type-text\">\n<div class=\"col-xs-12 col-print-12\">\n<p class=\"element element-paragraph\">Pero Tonelli argument\u00f3 que esos candidatos podr\u00edan, como Alberto Fern\u00e1ndez, tener un mejor desempe\u00f1o en la primera ronda. \u00ab<strong>No se puede enterrar la cabeza en la arena<\/strong>\u00ab, a\u00f1adi\u00f3.<\/p>\n<div class=\"row pb-content-type-text\">\n<div class=\"col-xs-12 col-print-12\">\n<p class=\"element element-paragraph\"><strong>\u00bfPor qu\u00e9 los mercados entran en p\u00e1nico?<\/strong><\/p>\n<\/div>\n<\/div>\n<div class=\"row pb-content-type-text\">\n<div class=\"col-xs-12 col-print-12\">\n<p class=\"element element-paragraph\"><strong>Populismo<\/strong>. A esa palabra se lo adjudica el\u00a0<em>Financial Times<\/em>. \u00ab<strong>Fern\u00e1ndez se ha esforzado por distanciarse de su compa\u00f1ero de f\u00f3rmula, la ex presidenta Cristina Kirchner. Pero no todos est\u00e1n convencidos de que, como presidente, ser\u00eda completamente independiente<\/strong>\u00ab, sostiene.<\/p>\n<\/div>\n<\/div>\n<div class=\"row pb-content-type-text\">\n<div class=\"col-xs-12 col-print-12\">\n<p class=\"element element-paragraph\">El diario brit\u00e1nico record\u00f3 que el propio Alberto Fern\u00e1ndez antes de las PASO hizo comentarios que perturbaron a los inversores. El candidato del Frente de Todos se\u00f1al\u00f3 que bajar\u00eda los intereses de las Leliq, un instrumento que utiliza el Banco Central para contener el d\u00f3lar.<\/p>\n<\/div>\n<\/div>\n<div class=\"row pb-content-type-text\">\n<div class=\"col-xs-12 col-print-12\">\n<p class=\"element element-paragraph\">Post elecci\u00f3n, uno de sus asesores econ\u00f3micos m\u00e1s cercanos, Mat\u00edas Kulfas, envi\u00f3 se\u00f1ales tranquilizadoras a los mercados. \u00ab<strong>Tenemos absoluta voluntad de pago (de la deuda) y no estamos de acuerdo con el cepo cambiario<\/strong>\u00ab, se\u00f1al\u00f3.<\/p>\n<p>Fuente: <a href=\"https:\/\/www.infobae.com\/economia\/2019\/08\/13\/financial-times-los-inversores-creen-que-a-macri-se-le-acabo-el-tiempo\/\">Infobae<\/a><\/p>\n<p>&nbsp;<\/p>\n<\/div>\n<\/div>\n<\/div>\n<\/div>\n<\/div>\n<\/div>\n<\/div>\n<\/div>\n","protected":false},"excerpt":{"rendered":"<p>\u00abIt is game over for Argentina&#8217;s President Mauricio Macri\u00bb. Para los analistas pol\u00edticos y los inversores, tras la humillante derrota en las PASO del domingo pasado, al presidente Macri se le acab\u00f3 el juego.<\/p>\n","protected":false},"author":5,"featured_media":24420,"comment_status":"closed","ping_status":"open","sticky":false,"template":"","format":"standard","meta":{"footnotes":""},"categories":[3],"tags":[],"class_list":{"0":"post-24419","1":"post","2":"type-post","3":"status-publish","4":"format-standard","5":"has-post-thumbnail","7":"category-politica"},"yoast_head":"<!-- This site is optimized with the Yoast SEO plugin v27.5 - https:\/\/yoast.com\/product\/yoast-seo-wordpress\/ -->\n<title>Financial Times: los inversores creen que a Macri se le acab\u00f3 el tiempo - El Diario de Tucuman<\/title>\n<meta name=\"robots\" content=\"index, follow, max-snippet:-1, max-image-preview:large, max-video-preview:-1\" \/>\n<link rel=\"canonical\" href=\"https:\/\/www.eldiariodetucuman.com\/web\/financial-times-los-inversores-creen-que-a-macri-se-le-acabo-el-tiempo\/\" \/>\n<meta property=\"og:locale\" content=\"es_ES\" \/>\n<meta property=\"og:type\" content=\"article\" \/>\n<meta property=\"og:title\" content=\"Financial Times: los inversores creen que a Macri se le acab\u00f3 el tiempo - El Diario de Tucuman\" \/>\n<meta property=\"og:description\" content=\"\u00abIt is game over for Argentina&#8217;s President Mauricio Macri\u00bb. Para los analistas pol\u00edticos y los inversores, tras la humillante derrota en las PASO del domingo pasado, al presidente Macri se le acab\u00f3 el juego.\" \/>\n<meta property=\"og:url\" content=\"https:\/\/www.eldiariodetucuman.com\/web\/financial-times-los-inversores-creen-que-a-macri-se-le-acabo-el-tiempo\/\" \/>\n<meta property=\"og:site_name\" content=\"El Diario de Tucuman\" \/>\n<meta property=\"article:published_time\" content=\"2019-08-13T17:15:22+00:00\" \/>\n<meta property=\"article:modified_time\" content=\"2019-08-13T17:36:16+00:00\" \/>\n<meta property=\"og:image\" content=\"https:\/\/www.eldiariodetucuman.com\/web\/wp-content\/uploads\/2019\/08\/bolsaa.jpg\" \/>\n\t<meta property=\"og:image:width\" content=\"660\" \/>\n\t<meta property=\"og:image:height\" content=\"365\" \/>\n\t<meta property=\"og:image:type\" content=\"image\/jpeg\" \/>\n<meta name=\"author\" content=\"Redactor Uno\" \/>\n<meta name=\"twitter:card\" content=\"summary_large_image\" \/>\n<meta name=\"twitter:label1\" content=\"Escrito por\" \/>\n\t<meta name=\"twitter:data1\" content=\"Redactor Uno\" \/>\n\t<meta name=\"twitter:label2\" content=\"Tiempo de lectura\" \/>\n\t<meta name=\"twitter:data2\" content=\"4 minutos\" \/>\n<script type=\"application\/ld+json\" class=\"yoast-schema-graph\">{\"@context\":\"https:\\\/\\\/schema.org\",\"@graph\":[{\"@type\":\"Article\",\"@id\":\"https:\\\/\\\/www.eldiariodetucuman.com\\\/web\\\/financial-times-los-inversores-creen-que-a-macri-se-le-acabo-el-tiempo\\\/#article\",\"isPartOf\":{\"@id\":\"https:\\\/\\\/www.eldiariodetucuman.com\\\/web\\\/financial-times-los-inversores-creen-que-a-macri-se-le-acabo-el-tiempo\\\/\"},\"author\":{\"name\":\"Redactor Uno\",\"@id\":\"https:\\\/\\\/www.eldiariodetucuman.com\\\/web\\\/#\\\/schema\\\/person\\\/7e6644a46e60888f6b868594407e08dd\"},\"headline\":\"Financial Times: los inversores creen que a Macri se le acab\u00f3 el tiempo\",\"datePublished\":\"2019-08-13T17:15:22+00:00\",\"dateModified\":\"2019-08-13T17:36:16+00:00\",\"mainEntityOfPage\":{\"@id\":\"https:\\\/\\\/www.eldiariodetucuman.com\\\/web\\\/financial-times-los-inversores-creen-que-a-macri-se-le-acabo-el-tiempo\\\/\"},\"wordCount\":808,\"publisher\":{\"@id\":\"https:\\\/\\\/www.eldiariodetucuman.com\\\/web\\\/#organization\"},\"image\":{\"@id\":\"https:\\\/\\\/www.eldiariodetucuman.com\\\/web\\\/financial-times-los-inversores-creen-que-a-macri-se-le-acabo-el-tiempo\\\/#primaryimage\"},\"thumbnailUrl\":\"https:\\\/\\\/www.eldiariodetucuman.com\\\/web\\\/wp-content\\\/uploads\\\/2019\\\/08\\\/bolsaa.jpg\",\"articleSection\":[\"Politica\"],\"inLanguage\":\"es\"},{\"@type\":\"WebPage\",\"@id\":\"https:\\\/\\\/www.eldiariodetucuman.com\\\/web\\\/financial-times-los-inversores-creen-que-a-macri-se-le-acabo-el-tiempo\\\/\",\"url\":\"https:\\\/\\\/www.eldiariodetucuman.com\\\/web\\\/financial-times-los-inversores-creen-que-a-macri-se-le-acabo-el-tiempo\\\/\",\"name\":\"Financial Times: los inversores creen que a Macri se le acab\u00f3 el tiempo - El Diario de Tucuman\",\"isPartOf\":{\"@id\":\"https:\\\/\\\/www.eldiariodetucuman.com\\\/web\\\/#website\"},\"primaryImageOfPage\":{\"@id\":\"https:\\\/\\\/www.eldiariodetucuman.com\\\/web\\\/financial-times-los-inversores-creen-que-a-macri-se-le-acabo-el-tiempo\\\/#primaryimage\"},\"image\":{\"@id\":\"https:\\\/\\\/www.eldiariodetucuman.com\\\/web\\\/financial-times-los-inversores-creen-que-a-macri-se-le-acabo-el-tiempo\\\/#primaryimage\"},\"thumbnailUrl\":\"https:\\\/\\\/www.eldiariodetucuman.com\\\/web\\\/wp-content\\\/uploads\\\/2019\\\/08\\\/bolsaa.jpg\",\"datePublished\":\"2019-08-13T17:15:22+00:00\",\"dateModified\":\"2019-08-13T17:36:16+00:00\",\"breadcrumb\":{\"@id\":\"https:\\\/\\\/www.eldiariodetucuman.com\\\/web\\\/financial-times-los-inversores-creen-que-a-macri-se-le-acabo-el-tiempo\\\/#breadcrumb\"},\"inLanguage\":\"es\",\"potentialAction\":[{\"@type\":\"ReadAction\",\"target\":[\"https:\\\/\\\/www.eldiariodetucuman.com\\\/web\\\/financial-times-los-inversores-creen-que-a-macri-se-le-acabo-el-tiempo\\\/\"]}]},{\"@type\":\"ImageObject\",\"inLanguage\":\"es\",\"@id\":\"https:\\\/\\\/www.eldiariodetucuman.com\\\/web\\\/financial-times-los-inversores-creen-que-a-macri-se-le-acabo-el-tiempo\\\/#primaryimage\",\"url\":\"https:\\\/\\\/www.eldiariodetucuman.com\\\/web\\\/wp-content\\\/uploads\\\/2019\\\/08\\\/bolsaa.jpg\",\"contentUrl\":\"https:\\\/\\\/www.eldiariodetucuman.com\\\/web\\\/wp-content\\\/uploads\\\/2019\\\/08\\\/bolsaa.jpg\",\"width\":660,\"height\":365},{\"@type\":\"BreadcrumbList\",\"@id\":\"https:\\\/\\\/www.eldiariodetucuman.com\\\/web\\\/financial-times-los-inversores-creen-que-a-macri-se-le-acabo-el-tiempo\\\/#breadcrumb\",\"itemListElement\":[{\"@type\":\"ListItem\",\"position\":1,\"name\":\"Portada\",\"item\":\"https:\\\/\\\/www.eldiariodetucuman.com\\\/web\\\/\"},{\"@type\":\"ListItem\",\"position\":2,\"name\":\"Financial Times: los inversores creen que a Macri se le acab\u00f3 el tiempo\"}]},{\"@type\":\"WebSite\",\"@id\":\"https:\\\/\\\/www.eldiariodetucuman.com\\\/web\\\/#website\",\"url\":\"https:\\\/\\\/www.eldiariodetucuman.com\\\/web\\\/\",\"name\":\"El Diario de Tucuman\",\"description\":\"Diario Tucuman - Informaci\u00f3n y noticias\",\"publisher\":{\"@id\":\"https:\\\/\\\/www.eldiariodetucuman.com\\\/web\\\/#organization\"},\"potentialAction\":[{\"@type\":\"SearchAction\",\"target\":{\"@type\":\"EntryPoint\",\"urlTemplate\":\"https:\\\/\\\/www.eldiariodetucuman.com\\\/web\\\/?s={search_term_string}\"},\"query-input\":{\"@type\":\"PropertyValueSpecification\",\"valueRequired\":true,\"valueName\":\"search_term_string\"}}],\"inLanguage\":\"es\"},{\"@type\":\"Organization\",\"@id\":\"https:\\\/\\\/www.eldiariodetucuman.com\\\/web\\\/#organization\",\"name\":\"El Diario de Tucuman\",\"url\":\"https:\\\/\\\/www.eldiariodetucuman.com\\\/web\\\/\",\"logo\":{\"@type\":\"ImageObject\",\"inLanguage\":\"es\",\"@id\":\"https:\\\/\\\/www.eldiariodetucuman.com\\\/web\\\/#\\\/schema\\\/logo\\\/image\\\/\",\"url\":\"http:\\\/\\\/www.eldiariodetucuman.com\\\/web\\\/wp-content\\\/uploads\\\/2017\\\/12\\\/el-diario-de-tucuman.jpg\",\"contentUrl\":\"http:\\\/\\\/www.eldiariodetucuman.com\\\/web\\\/wp-content\\\/uploads\\\/2017\\\/12\\\/el-diario-de-tucuman.jpg\",\"width\":272,\"height\":92,\"caption\":\"El Diario de Tucuman\"},\"image\":{\"@id\":\"https:\\\/\\\/www.eldiariodetucuman.com\\\/web\\\/#\\\/schema\\\/logo\\\/image\\\/\"}},{\"@type\":\"Person\",\"@id\":\"https:\\\/\\\/www.eldiariodetucuman.com\\\/web\\\/#\\\/schema\\\/person\\\/7e6644a46e60888f6b868594407e08dd\",\"name\":\"Redactor Uno\",\"image\":{\"@type\":\"ImageObject\",\"inLanguage\":\"es\",\"@id\":\"https:\\\/\\\/secure.gravatar.com\\\/avatar\\\/0049b1bdf1bd548385c9ea6b9356431717930913089febd2ba904f0187d7d074?s=96&d=mm&r=g\",\"url\":\"https:\\\/\\\/secure.gravatar.com\\\/avatar\\\/0049b1bdf1bd548385c9ea6b9356431717930913089febd2ba904f0187d7d074?s=96&d=mm&r=g\",\"contentUrl\":\"https:\\\/\\\/secure.gravatar.com\\\/avatar\\\/0049b1bdf1bd548385c9ea6b9356431717930913089febd2ba904f0187d7d074?s=96&d=mm&r=g\",\"caption\":\"Redactor Uno\"},\"url\":\"https:\\\/\\\/www.eldiariodetucuman.com\\\/web\\\/author\\\/mramasco\\\/\"}]}<\/script>\n<!-- \/ Yoast SEO plugin. -->","yoast_head_json":{"title":"Financial Times: los inversores creen que a Macri se le acab\u00f3 el tiempo - El Diario de Tucuman","robots":{"index":"index","follow":"follow","max-snippet":"max-snippet:-1","max-image-preview":"max-image-preview:large","max-video-preview":"max-video-preview:-1"},"canonical":"https:\/\/www.eldiariodetucuman.com\/web\/financial-times-los-inversores-creen-que-a-macri-se-le-acabo-el-tiempo\/","og_locale":"es_ES","og_type":"article","og_title":"Financial Times: los inversores creen que a Macri se le acab\u00f3 el tiempo - El Diario de Tucuman","og_description":"\u00abIt is game over for Argentina&#8217;s President Mauricio Macri\u00bb. Para los analistas pol\u00edticos y los inversores, tras la humillante derrota en las PASO del domingo pasado, al presidente Macri se le acab\u00f3 el juego.","og_url":"https:\/\/www.eldiariodetucuman.com\/web\/financial-times-los-inversores-creen-que-a-macri-se-le-acabo-el-tiempo\/","og_site_name":"El Diario de Tucuman","article_published_time":"2019-08-13T17:15:22+00:00","article_modified_time":"2019-08-13T17:36:16+00:00","og_image":[{"width":660,"height":365,"url":"https:\/\/www.eldiariodetucuman.com\/web\/wp-content\/uploads\/2019\/08\/bolsaa.jpg","type":"image\/jpeg"}],"author":"Redactor Uno","twitter_card":"summary_large_image","twitter_misc":{"Escrito por":"Redactor Uno","Tiempo de lectura":"4 minutos"},"schema":{"@context":"https:\/\/schema.org","@graph":[{"@type":"Article","@id":"https:\/\/www.eldiariodetucuman.com\/web\/financial-times-los-inversores-creen-que-a-macri-se-le-acabo-el-tiempo\/#article","isPartOf":{"@id":"https:\/\/www.eldiariodetucuman.com\/web\/financial-times-los-inversores-creen-que-a-macri-se-le-acabo-el-tiempo\/"},"author":{"name":"Redactor Uno","@id":"https:\/\/www.eldiariodetucuman.com\/web\/#\/schema\/person\/7e6644a46e60888f6b868594407e08dd"},"headline":"Financial Times: los inversores creen que a Macri se le acab\u00f3 el tiempo","datePublished":"2019-08-13T17:15:22+00:00","dateModified":"2019-08-13T17:36:16+00:00","mainEntityOfPage":{"@id":"https:\/\/www.eldiariodetucuman.com\/web\/financial-times-los-inversores-creen-que-a-macri-se-le-acabo-el-tiempo\/"},"wordCount":808,"publisher":{"@id":"https:\/\/www.eldiariodetucuman.com\/web\/#organization"},"image":{"@id":"https:\/\/www.eldiariodetucuman.com\/web\/financial-times-los-inversores-creen-que-a-macri-se-le-acabo-el-tiempo\/#primaryimage"},"thumbnailUrl":"https:\/\/www.eldiariodetucuman.com\/web\/wp-content\/uploads\/2019\/08\/bolsaa.jpg","articleSection":["Politica"],"inLanguage":"es"},{"@type":"WebPage","@id":"https:\/\/www.eldiariodetucuman.com\/web\/financial-times-los-inversores-creen-que-a-macri-se-le-acabo-el-tiempo\/","url":"https:\/\/www.eldiariodetucuman.com\/web\/financial-times-los-inversores-creen-que-a-macri-se-le-acabo-el-tiempo\/","name":"Financial Times: los inversores creen que a Macri se le acab\u00f3 el tiempo - El Diario de Tucuman","isPartOf":{"@id":"https:\/\/www.eldiariodetucuman.com\/web\/#website"},"primaryImageOfPage":{"@id":"https:\/\/www.eldiariodetucuman.com\/web\/financial-times-los-inversores-creen-que-a-macri-se-le-acabo-el-tiempo\/#primaryimage"},"image":{"@id":"https:\/\/www.eldiariodetucuman.com\/web\/financial-times-los-inversores-creen-que-a-macri-se-le-acabo-el-tiempo\/#primaryimage"},"thumbnailUrl":"https:\/\/www.eldiariodetucuman.com\/web\/wp-content\/uploads\/2019\/08\/bolsaa.jpg","datePublished":"2019-08-13T17:15:22+00:00","dateModified":"2019-08-13T17:36:16+00:00","breadcrumb":{"@id":"https:\/\/www.eldiariodetucuman.com\/web\/financial-times-los-inversores-creen-que-a-macri-se-le-acabo-el-tiempo\/#breadcrumb"},"inLanguage":"es","potentialAction":[{"@type":"ReadAction","target":["https:\/\/www.eldiariodetucuman.com\/web\/financial-times-los-inversores-creen-que-a-macri-se-le-acabo-el-tiempo\/"]}]},{"@type":"ImageObject","inLanguage":"es","@id":"https:\/\/www.eldiariodetucuman.com\/web\/financial-times-los-inversores-creen-que-a-macri-se-le-acabo-el-tiempo\/#primaryimage","url":"https:\/\/www.eldiariodetucuman.com\/web\/wp-content\/uploads\/2019\/08\/bolsaa.jpg","contentUrl":"https:\/\/www.eldiariodetucuman.com\/web\/wp-content\/uploads\/2019\/08\/bolsaa.jpg","width":660,"height":365},{"@type":"BreadcrumbList","@id":"https:\/\/www.eldiariodetucuman.com\/web\/financial-times-los-inversores-creen-que-a-macri-se-le-acabo-el-tiempo\/#breadcrumb","itemListElement":[{"@type":"ListItem","position":1,"name":"Portada","item":"https:\/\/www.eldiariodetucuman.com\/web\/"},{"@type":"ListItem","position":2,"name":"Financial Times: los inversores creen que a Macri se le acab\u00f3 el tiempo"}]},{"@type":"WebSite","@id":"https:\/\/www.eldiariodetucuman.com\/web\/#website","url":"https:\/\/www.eldiariodetucuman.com\/web\/","name":"El Diario de Tucuman","description":"Diario Tucuman - Informaci\u00f3n y noticias","publisher":{"@id":"https:\/\/www.eldiariodetucuman.com\/web\/#organization"},"potentialAction":[{"@type":"SearchAction","target":{"@type":"EntryPoint","urlTemplate":"https:\/\/www.eldiariodetucuman.com\/web\/?s={search_term_string}"},"query-input":{"@type":"PropertyValueSpecification","valueRequired":true,"valueName":"search_term_string"}}],"inLanguage":"es"},{"@type":"Organization","@id":"https:\/\/www.eldiariodetucuman.com\/web\/#organization","name":"El Diario de Tucuman","url":"https:\/\/www.eldiariodetucuman.com\/web\/","logo":{"@type":"ImageObject","inLanguage":"es","@id":"https:\/\/www.eldiariodetucuman.com\/web\/#\/schema\/logo\/image\/","url":"http:\/\/www.eldiariodetucuman.com\/web\/wp-content\/uploads\/2017\/12\/el-diario-de-tucuman.jpg","contentUrl":"http:\/\/www.eldiariodetucuman.com\/web\/wp-content\/uploads\/2017\/12\/el-diario-de-tucuman.jpg","width":272,"height":92,"caption":"El Diario de Tucuman"},"image":{"@id":"https:\/\/www.eldiariodetucuman.com\/web\/#\/schema\/logo\/image\/"}},{"@type":"Person","@id":"https:\/\/www.eldiariodetucuman.com\/web\/#\/schema\/person\/7e6644a46e60888f6b868594407e08dd","name":"Redactor Uno","image":{"@type":"ImageObject","inLanguage":"es","@id":"https:\/\/secure.gravatar.com\/avatar\/0049b1bdf1bd548385c9ea6b9356431717930913089febd2ba904f0187d7d074?s=96&d=mm&r=g","url":"https:\/\/secure.gravatar.com\/avatar\/0049b1bdf1bd548385c9ea6b9356431717930913089febd2ba904f0187d7d074?s=96&d=mm&r=g","contentUrl":"https:\/\/secure.gravatar.com\/avatar\/0049b1bdf1bd548385c9ea6b9356431717930913089febd2ba904f0187d7d074?s=96&d=mm&r=g","caption":"Redactor Uno"},"url":"https:\/\/www.eldiariodetucuman.com\/web\/author\/mramasco\/"}]}},"_links":{"self":[{"href":"https:\/\/www.eldiariodetucuman.com\/web\/wp-json\/wp\/v2\/posts\/24419","targetHints":{"allow":["GET"]}}],"collection":[{"href":"https:\/\/www.eldiariodetucuman.com\/web\/wp-json\/wp\/v2\/posts"}],"about":[{"href":"https:\/\/www.eldiariodetucuman.com\/web\/wp-json\/wp\/v2\/types\/post"}],"author":[{"embeddable":true,"href":"https:\/\/www.eldiariodetucuman.com\/web\/wp-json\/wp\/v2\/users\/5"}],"replies":[{"embeddable":true,"href":"https:\/\/www.eldiariodetucuman.com\/web\/wp-json\/wp\/v2\/comments?post=24419"}],"version-history":[{"count":1,"href":"https:\/\/www.eldiariodetucuman.com\/web\/wp-json\/wp\/v2\/posts\/24419\/revisions"}],"predecessor-version":[{"id":24421,"href":"https:\/\/www.eldiariodetucuman.com\/web\/wp-json\/wp\/v2\/posts\/24419\/revisions\/24421"}],"wp:featuredmedia":[{"embeddable":true,"href":"https:\/\/www.eldiariodetucuman.com\/web\/wp-json\/wp\/v2\/media\/24420"}],"wp:attachment":[{"href":"https:\/\/www.eldiariodetucuman.com\/web\/wp-json\/wp\/v2\/media?parent=24419"}],"wp:term":[{"taxonomy":"category","embeddable":true,"href":"https:\/\/www.eldiariodetucuman.com\/web\/wp-json\/wp\/v2\/categories?post=24419"},{"taxonomy":"post_tag","embeddable":true,"href":"https:\/\/www.eldiariodetucuman.com\/web\/wp-json\/wp\/v2\/tags?post=24419"}],"curies":[{"name":"wp","href":"https:\/\/api.w.org\/{rel}","templated":true}]}}