{"id":24416,"date":"2019-08-13T14:28:10","date_gmt":"2019-08-13T17:28:10","guid":{"rendered":"http:\/\/www.eldiariodetucuman.com\/web\/?p=24416"},"modified":"2019-08-13T14:28:10","modified_gmt":"2019-08-13T17:28:10","slug":"no-se-le-puede-echar-la-culpa-a-la-gente-por-como-vota","status":"publish","type":"post","link":"https:\/\/www.eldiariodetucuman.com\/web\/no-se-le-puede-echar-la-culpa-a-la-gente-por-como-vota\/","title":{"rendered":"\u00abNo se le puede echar la culpa a la gente por c\u00f3mo vota\u00bb"},"content":{"rendered":"<p>El gobernador hizo referencia a las palabras del presidente Mauricio Macri y sostuvo que el sufragio &#8216;es la expresi\u00f3n de lo que uno siente&#8217;<\/p>\n<p><!--more--><\/p>\n<p>El gobernador Juan Manzur no coincidi\u00f3 con el an\u00e1lisis que hizo ayer el presidente Mauricio Macri sobre los resultados de las PASO.<\/p>\n<div>\u00abNo se le puede echar la culpa a la gente como vota. El voto es la expresi\u00f3n de c\u00f3mo uno piensa, de lo que uno quiere y de lo que uno siente\u00bb, sostuvo el mandatario.<\/div>\n<p>El titular del Ejecutivo reiter\u00f3 que \u00ablo que ha quedado claro que la expresi\u00f3n mayoritaria en contra del gobierno nacional que conduce Mauricio Macri que tiene que ver con una pol\u00edtica econ\u00f3mica errada que ha empobrecido al pueblo argentino. Cada vez hay m\u00e1s pobres, hay m\u00e1s indigentes, cada vez se cierran m\u00e1s f\u00e1bricas e industrias y cada vez hay m\u00e1s desocupados\u00bb, detall\u00f3.<\/p>\n<p>\u00abEste gobierno est\u00e1 quebrando el sector productivo porque no hay manera de producir. Por eso hay que salir de esta pol\u00edtica econ\u00f3mica nacional que es la timba financiera y hay que volver al sector productivo para que la gente tenga trabajo. Eso es lo que el pueblo argentino ha votado y eso es lo que ha manifestado el domingo\u00bb, insisti\u00f3.<\/p>\n<p>Respecto a la disparada del d\u00f3lar que hubo ayer, dijo que \u00abel gobierno nacional en funci\u00f3n es el que se tiene que hacer cargo de todo esto, tiene que ver cu\u00e1les son las soluciones o las respuestas que va a generar a todo esto. Macri es el que est\u00e1 gobernando, entonces \u00e9l tendr\u00e1 que tomar las decisiones que tendr\u00e1 que tomar. El pueblo ya le vot\u00f3 en contra, le dijo as\u00ed no se puede seguir, modifique esto, ahora hay que ver lo que hace\u00bb, concluy\u00f3.<\/p>\n<p>Fuente: <a href=\"https:\/\/www.tucumanalas7.com.ar\/local\/2019\/8\/13\/no-se-le-puede-echar-la-culpa-la-gente-por-como-vota-185692.html\">Tucum\u00e1n a las 7<\/a><\/p>\n","protected":false},"excerpt":{"rendered":"<p>El gobernador hizo referencia a las palabras del presidente Mauricio Macri y sostuvo que el sufragio &#8216;es la expresi\u00f3n de lo que uno siente&#8217;<\/p>\n","protected":false},"author":5,"featured_media":24417,"comment_status":"closed","ping_status":"open","sticky":false,"template":"","format":"standard","meta":{"footnotes":""},"categories":[3],"tags":[],"class_list":{"0":"post-24416","1":"post","2":"type-post","3":"status-publish","4":"format-standard","5":"has-post-thumbnail","7":"category-politica"},"yoast_head":"<!-- This site is optimized with the Yoast SEO plugin v27.5 - https:\/\/yoast.com\/product\/yoast-seo-wordpress\/ -->\n<title>&quot;No se le puede echar la culpa a la gente por c\u00f3mo vota&quot; - El Diario de Tucuman<\/title>\n<meta name=\"robots\" content=\"index, follow, max-snippet:-1, max-image-preview:large, max-video-preview:-1\" \/>\n<link rel=\"canonical\" href=\"https:\/\/www.eldiariodetucuman.com\/web\/no-se-le-puede-echar-la-culpa-a-la-gente-por-como-vota\/\" \/>\n<meta property=\"og:locale\" content=\"es_ES\" \/>\n<meta property=\"og:type\" content=\"article\" \/>\n<meta property=\"og:title\" content=\"&quot;No se le puede echar la culpa a la gente por c\u00f3mo vota&quot; - El Diario de Tucuman\" \/>\n<meta property=\"og:description\" content=\"El gobernador hizo referencia a las palabras del presidente Mauricio Macri y sostuvo que el sufragio &#8216;es la expresi\u00f3n de lo que uno siente&#8217;\" \/>\n<meta property=\"og:url\" content=\"https:\/\/www.eldiariodetucuman.com\/web\/no-se-le-puede-echar-la-culpa-a-la-gente-por-como-vota\/\" \/>\n<meta property=\"og:site_name\" content=\"El Diario de Tucuman\" \/>\n<meta property=\"article:published_time\" content=\"2019-08-13T17:28:10+00:00\" \/>\n<meta property=\"og:image\" content=\"https:\/\/www.eldiariodetucuman.com\/web\/wp-content\/uploads\/2019\/08\/f800x450-90062_141508_0.jpg\" \/>\n\t<meta property=\"og:image:width\" content=\"800\" \/>\n\t<meta property=\"og:image:height\" content=\"450\" \/>\n\t<meta property=\"og:image:type\" content=\"image\/jpeg\" \/>\n<meta name=\"author\" content=\"Redactor Uno\" \/>\n<meta name=\"twitter:card\" content=\"summary_large_image\" \/>\n<meta name=\"twitter:label1\" content=\"Escrito por\" \/>\n\t<meta name=\"twitter:data1\" content=\"Redactor Uno\" \/>\n\t<meta name=\"twitter:label2\" content=\"Tiempo de lectura\" \/>\n\t<meta name=\"twitter:data2\" content=\"2 minutos\" \/>\n<script type=\"application\/ld+json\" class=\"yoast-schema-graph\">{\"@context\":\"https:\\\/\\\/schema.org\",\"@graph\":[{\"@type\":\"Article\",\"@id\":\"https:\\\/\\\/www.eldiariodetucuman.com\\\/web\\\/no-se-le-puede-echar-la-culpa-a-la-gente-por-como-vota\\\/#article\",\"isPartOf\":{\"@id\":\"https:\\\/\\\/www.eldiariodetucuman.com\\\/web\\\/no-se-le-puede-echar-la-culpa-a-la-gente-por-como-vota\\\/\"},\"author\":{\"name\":\"Redactor Uno\",\"@id\":\"https:\\\/\\\/www.eldiariodetucuman.com\\\/web\\\/#\\\/schema\\\/person\\\/7e6644a46e60888f6b868594407e08dd\"},\"headline\":\"\u00abNo se le puede echar la culpa a la gente por c\u00f3mo vota\u00bb\",\"datePublished\":\"2019-08-13T17:28:10+00:00\",\"mainEntityOfPage\":{\"@id\":\"https:\\\/\\\/www.eldiariodetucuman.com\\\/web\\\/no-se-le-puede-echar-la-culpa-a-la-gente-por-como-vota\\\/\"},\"wordCount\":324,\"publisher\":{\"@id\":\"https:\\\/\\\/www.eldiariodetucuman.com\\\/web\\\/#organization\"},\"image\":{\"@id\":\"https:\\\/\\\/www.eldiariodetucuman.com\\\/web\\\/no-se-le-puede-echar-la-culpa-a-la-gente-por-como-vota\\\/#primaryimage\"},\"thumbnailUrl\":\"https:\\\/\\\/www.eldiariodetucuman.com\\\/web\\\/wp-content\\\/uploads\\\/2019\\\/08\\\/f800x450-90062_141508_0.jpg\",\"articleSection\":[\"Politica\"],\"inLanguage\":\"es\"},{\"@type\":\"WebPage\",\"@id\":\"https:\\\/\\\/www.eldiariodetucuman.com\\\/web\\\/no-se-le-puede-echar-la-culpa-a-la-gente-por-como-vota\\\/\",\"url\":\"https:\\\/\\\/www.eldiariodetucuman.com\\\/web\\\/no-se-le-puede-echar-la-culpa-a-la-gente-por-como-vota\\\/\",\"name\":\"\\\"No se le puede echar la culpa a la gente por c\u00f3mo vota\\\" - El Diario de Tucuman\",\"isPartOf\":{\"@id\":\"https:\\\/\\\/www.eldiariodetucuman.com\\\/web\\\/#website\"},\"primaryImageOfPage\":{\"@id\":\"https:\\\/\\\/www.eldiariodetucuman.com\\\/web\\\/no-se-le-puede-echar-la-culpa-a-la-gente-por-como-vota\\\/#primaryimage\"},\"image\":{\"@id\":\"https:\\\/\\\/www.eldiariodetucuman.com\\\/web\\\/no-se-le-puede-echar-la-culpa-a-la-gente-por-como-vota\\\/#primaryimage\"},\"thumbnailUrl\":\"https:\\\/\\\/www.eldiariodetucuman.com\\\/web\\\/wp-content\\\/uploads\\\/2019\\\/08\\\/f800x450-90062_141508_0.jpg\",\"datePublished\":\"2019-08-13T17:28:10+00:00\",\"breadcrumb\":{\"@id\":\"https:\\\/\\\/www.eldiariodetucuman.com\\\/web\\\/no-se-le-puede-echar-la-culpa-a-la-gente-por-como-vota\\\/#breadcrumb\"},\"inLanguage\":\"es\",\"potentialAction\":[{\"@type\":\"ReadAction\",\"target\":[\"https:\\\/\\\/www.eldiariodetucuman.com\\\/web\\\/no-se-le-puede-echar-la-culpa-a-la-gente-por-como-vota\\\/\"]}]},{\"@type\":\"ImageObject\",\"inLanguage\":\"es\",\"@id\":\"https:\\\/\\\/www.eldiariodetucuman.com\\\/web\\\/no-se-le-puede-echar-la-culpa-a-la-gente-por-como-vota\\\/#primaryimage\",\"url\":\"https:\\\/\\\/www.eldiariodetucuman.com\\\/web\\\/wp-content\\\/uploads\\\/2019\\\/08\\\/f800x450-90062_141508_0.jpg\",\"contentUrl\":\"https:\\\/\\\/www.eldiariodetucuman.com\\\/web\\\/wp-content\\\/uploads\\\/2019\\\/08\\\/f800x450-90062_141508_0.jpg\",\"width\":800,\"height\":450},{\"@type\":\"BreadcrumbList\",\"@id\":\"https:\\\/\\\/www.eldiariodetucuman.com\\\/web\\\/no-se-le-puede-echar-la-culpa-a-la-gente-por-como-vota\\\/#breadcrumb\",\"itemListElement\":[{\"@type\":\"ListItem\",\"position\":1,\"name\":\"Portada\",\"item\":\"https:\\\/\\\/www.eldiariodetucuman.com\\\/web\\\/\"},{\"@type\":\"ListItem\",\"position\":2,\"name\":\"\u00abNo se le puede echar la culpa a la gente por c\u00f3mo vota\u00bb\"}]},{\"@type\":\"WebSite\",\"@id\":\"https:\\\/\\\/www.eldiariodetucuman.com\\\/web\\\/#website\",\"url\":\"https:\\\/\\\/www.eldiariodetucuman.com\\\/web\\\/\",\"name\":\"El Diario de Tucuman\",\"description\":\"Diario Tucuman - Informaci\u00f3n y noticias\",\"publisher\":{\"@id\":\"https:\\\/\\\/www.eldiariodetucuman.com\\\/web\\\/#organization\"},\"potentialAction\":[{\"@type\":\"SearchAction\",\"target\":{\"@type\":\"EntryPoint\",\"urlTemplate\":\"https:\\\/\\\/www.eldiariodetucuman.com\\\/web\\\/?s={search_term_string}\"},\"query-input\":{\"@type\":\"PropertyValueSpecification\",\"valueRequired\":true,\"valueName\":\"search_term_string\"}}],\"inLanguage\":\"es\"},{\"@type\":\"Organization\",\"@id\":\"https:\\\/\\\/www.eldiariodetucuman.com\\\/web\\\/#organization\",\"name\":\"El Diario de Tucuman\",\"url\":\"https:\\\/\\\/www.eldiariodetucuman.com\\\/web\\\/\",\"logo\":{\"@type\":\"ImageObject\",\"inLanguage\":\"es\",\"@id\":\"https:\\\/\\\/www.eldiariodetucuman.com\\\/web\\\/#\\\/schema\\\/logo\\\/image\\\/\",\"url\":\"http:\\\/\\\/www.eldiariodetucuman.com\\\/web\\\/wp-content\\\/uploads\\\/2017\\\/12\\\/el-diario-de-tucuman.jpg\",\"contentUrl\":\"http:\\\/\\\/www.eldiariodetucuman.com\\\/web\\\/wp-content\\\/uploads\\\/2017\\\/12\\\/el-diario-de-tucuman.jpg\",\"width\":272,\"height\":92,\"caption\":\"El Diario de Tucuman\"},\"image\":{\"@id\":\"https:\\\/\\\/www.eldiariodetucuman.com\\\/web\\\/#\\\/schema\\\/logo\\\/image\\\/\"}},{\"@type\":\"Person\",\"@id\":\"https:\\\/\\\/www.eldiariodetucuman.com\\\/web\\\/#\\\/schema\\\/person\\\/7e6644a46e60888f6b868594407e08dd\",\"name\":\"Redactor Uno\",\"image\":{\"@type\":\"ImageObject\",\"inLanguage\":\"es\",\"@id\":\"https:\\\/\\\/secure.gravatar.com\\\/avatar\\\/0049b1bdf1bd548385c9ea6b9356431717930913089febd2ba904f0187d7d074?s=96&d=mm&r=g\",\"url\":\"https:\\\/\\\/secure.gravatar.com\\\/avatar\\\/0049b1bdf1bd548385c9ea6b9356431717930913089febd2ba904f0187d7d074?s=96&d=mm&r=g\",\"contentUrl\":\"https:\\\/\\\/secure.gravatar.com\\\/avatar\\\/0049b1bdf1bd548385c9ea6b9356431717930913089febd2ba904f0187d7d074?s=96&d=mm&r=g\",\"caption\":\"Redactor Uno\"},\"url\":\"https:\\\/\\\/www.eldiariodetucuman.com\\\/web\\\/author\\\/mramasco\\\/\"}]}<\/script>\n<!-- \/ Yoast SEO plugin. -->","yoast_head_json":{"title":"\"No se le puede echar la culpa a la gente por c\u00f3mo vota\" - El Diario de Tucuman","robots":{"index":"index","follow":"follow","max-snippet":"max-snippet:-1","max-image-preview":"max-image-preview:large","max-video-preview":"max-video-preview:-1"},"canonical":"https:\/\/www.eldiariodetucuman.com\/web\/no-se-le-puede-echar-la-culpa-a-la-gente-por-como-vota\/","og_locale":"es_ES","og_type":"article","og_title":"\"No se le puede echar la culpa a la gente por c\u00f3mo vota\" - El Diario de Tucuman","og_description":"El gobernador hizo referencia a las palabras del presidente Mauricio Macri y sostuvo que el sufragio &#8216;es la expresi\u00f3n de lo que uno siente&#8217;","og_url":"https:\/\/www.eldiariodetucuman.com\/web\/no-se-le-puede-echar-la-culpa-a-la-gente-por-como-vota\/","og_site_name":"El Diario de Tucuman","article_published_time":"2019-08-13T17:28:10+00:00","og_image":[{"width":800,"height":450,"url":"https:\/\/www.eldiariodetucuman.com\/web\/wp-content\/uploads\/2019\/08\/f800x450-90062_141508_0.jpg","type":"image\/jpeg"}],"author":"Redactor Uno","twitter_card":"summary_large_image","twitter_misc":{"Escrito por":"Redactor Uno","Tiempo de lectura":"2 minutos"},"schema":{"@context":"https:\/\/schema.org","@graph":[{"@type":"Article","@id":"https:\/\/www.eldiariodetucuman.com\/web\/no-se-le-puede-echar-la-culpa-a-la-gente-por-como-vota\/#article","isPartOf":{"@id":"https:\/\/www.eldiariodetucuman.com\/web\/no-se-le-puede-echar-la-culpa-a-la-gente-por-como-vota\/"},"author":{"name":"Redactor Uno","@id":"https:\/\/www.eldiariodetucuman.com\/web\/#\/schema\/person\/7e6644a46e60888f6b868594407e08dd"},"headline":"\u00abNo se le puede echar la culpa a la gente por c\u00f3mo vota\u00bb","datePublished":"2019-08-13T17:28:10+00:00","mainEntityOfPage":{"@id":"https:\/\/www.eldiariodetucuman.com\/web\/no-se-le-puede-echar-la-culpa-a-la-gente-por-como-vota\/"},"wordCount":324,"publisher":{"@id":"https:\/\/www.eldiariodetucuman.com\/web\/#organization"},"image":{"@id":"https:\/\/www.eldiariodetucuman.com\/web\/no-se-le-puede-echar-la-culpa-a-la-gente-por-como-vota\/#primaryimage"},"thumbnailUrl":"https:\/\/www.eldiariodetucuman.com\/web\/wp-content\/uploads\/2019\/08\/f800x450-90062_141508_0.jpg","articleSection":["Politica"],"inLanguage":"es"},{"@type":"WebPage","@id":"https:\/\/www.eldiariodetucuman.com\/web\/no-se-le-puede-echar-la-culpa-a-la-gente-por-como-vota\/","url":"https:\/\/www.eldiariodetucuman.com\/web\/no-se-le-puede-echar-la-culpa-a-la-gente-por-como-vota\/","name":"\"No se le puede echar la culpa a la gente por c\u00f3mo vota\" - El Diario de Tucuman","isPartOf":{"@id":"https:\/\/www.eldiariodetucuman.com\/web\/#website"},"primaryImageOfPage":{"@id":"https:\/\/www.eldiariodetucuman.com\/web\/no-se-le-puede-echar-la-culpa-a-la-gente-por-como-vota\/#primaryimage"},"image":{"@id":"https:\/\/www.eldiariodetucuman.com\/web\/no-se-le-puede-echar-la-culpa-a-la-gente-por-como-vota\/#primaryimage"},"thumbnailUrl":"https:\/\/www.eldiariodetucuman.com\/web\/wp-content\/uploads\/2019\/08\/f800x450-90062_141508_0.jpg","datePublished":"2019-08-13T17:28:10+00:00","breadcrumb":{"@id":"https:\/\/www.eldiariodetucuman.com\/web\/no-se-le-puede-echar-la-culpa-a-la-gente-por-como-vota\/#breadcrumb"},"inLanguage":"es","potentialAction":[{"@type":"ReadAction","target":["https:\/\/www.eldiariodetucuman.com\/web\/no-se-le-puede-echar-la-culpa-a-la-gente-por-como-vota\/"]}]},{"@type":"ImageObject","inLanguage":"es","@id":"https:\/\/www.eldiariodetucuman.com\/web\/no-se-le-puede-echar-la-culpa-a-la-gente-por-como-vota\/#primaryimage","url":"https:\/\/www.eldiariodetucuman.com\/web\/wp-content\/uploads\/2019\/08\/f800x450-90062_141508_0.jpg","contentUrl":"https:\/\/www.eldiariodetucuman.com\/web\/wp-content\/uploads\/2019\/08\/f800x450-90062_141508_0.jpg","width":800,"height":450},{"@type":"BreadcrumbList","@id":"https:\/\/www.eldiariodetucuman.com\/web\/no-se-le-puede-echar-la-culpa-a-la-gente-por-como-vota\/#breadcrumb","itemListElement":[{"@type":"ListItem","position":1,"name":"Portada","item":"https:\/\/www.eldiariodetucuman.com\/web\/"},{"@type":"ListItem","position":2,"name":"\u00abNo se le puede echar la culpa a la gente por c\u00f3mo vota\u00bb"}]},{"@type":"WebSite","@id":"https:\/\/www.eldiariodetucuman.com\/web\/#website","url":"https:\/\/www.eldiariodetucuman.com\/web\/","name":"El Diario de Tucuman","description":"Diario Tucuman - Informaci\u00f3n y noticias","publisher":{"@id":"https:\/\/www.eldiariodetucuman.com\/web\/#organization"},"potentialAction":[{"@type":"SearchAction","target":{"@type":"EntryPoint","urlTemplate":"https:\/\/www.eldiariodetucuman.com\/web\/?s={search_term_string}"},"query-input":{"@type":"PropertyValueSpecification","valueRequired":true,"valueName":"search_term_string"}}],"inLanguage":"es"},{"@type":"Organization","@id":"https:\/\/www.eldiariodetucuman.com\/web\/#organization","name":"El Diario de Tucuman","url":"https:\/\/www.eldiariodetucuman.com\/web\/","logo":{"@type":"ImageObject","inLanguage":"es","@id":"https:\/\/www.eldiariodetucuman.com\/web\/#\/schema\/logo\/image\/","url":"http:\/\/www.eldiariodetucuman.com\/web\/wp-content\/uploads\/2017\/12\/el-diario-de-tucuman.jpg","contentUrl":"http:\/\/www.eldiariodetucuman.com\/web\/wp-content\/uploads\/2017\/12\/el-diario-de-tucuman.jpg","width":272,"height":92,"caption":"El Diario de Tucuman"},"image":{"@id":"https:\/\/www.eldiariodetucuman.com\/web\/#\/schema\/logo\/image\/"}},{"@type":"Person","@id":"https:\/\/www.eldiariodetucuman.com\/web\/#\/schema\/person\/7e6644a46e60888f6b868594407e08dd","name":"Redactor Uno","image":{"@type":"ImageObject","inLanguage":"es","@id":"https:\/\/secure.gravatar.com\/avatar\/0049b1bdf1bd548385c9ea6b9356431717930913089febd2ba904f0187d7d074?s=96&d=mm&r=g","url":"https:\/\/secure.gravatar.com\/avatar\/0049b1bdf1bd548385c9ea6b9356431717930913089febd2ba904f0187d7d074?s=96&d=mm&r=g","contentUrl":"https:\/\/secure.gravatar.com\/avatar\/0049b1bdf1bd548385c9ea6b9356431717930913089febd2ba904f0187d7d074?s=96&d=mm&r=g","caption":"Redactor Uno"},"url":"https:\/\/www.eldiariodetucuman.com\/web\/author\/mramasco\/"}]}},"_links":{"self":[{"href":"https:\/\/www.eldiariodetucuman.com\/web\/wp-json\/wp\/v2\/posts\/24416","targetHints":{"allow":["GET"]}}],"collection":[{"href":"https:\/\/www.eldiariodetucuman.com\/web\/wp-json\/wp\/v2\/posts"}],"about":[{"href":"https:\/\/www.eldiariodetucuman.com\/web\/wp-json\/wp\/v2\/types\/post"}],"author":[{"embeddable":true,"href":"https:\/\/www.eldiariodetucuman.com\/web\/wp-json\/wp\/v2\/users\/5"}],"replies":[{"embeddable":true,"href":"https:\/\/www.eldiariodetucuman.com\/web\/wp-json\/wp\/v2\/comments?post=24416"}],"version-history":[{"count":1,"href":"https:\/\/www.eldiariodetucuman.com\/web\/wp-json\/wp\/v2\/posts\/24416\/revisions"}],"predecessor-version":[{"id":24418,"href":"https:\/\/www.eldiariodetucuman.com\/web\/wp-json\/wp\/v2\/posts\/24416\/revisions\/24418"}],"wp:featuredmedia":[{"embeddable":true,"href":"https:\/\/www.eldiariodetucuman.com\/web\/wp-json\/wp\/v2\/media\/24417"}],"wp:attachment":[{"href":"https:\/\/www.eldiariodetucuman.com\/web\/wp-json\/wp\/v2\/media?parent=24416"}],"wp:term":[{"taxonomy":"category","embeddable":true,"href":"https:\/\/www.eldiariodetucuman.com\/web\/wp-json\/wp\/v2\/categories?post=24416"},{"taxonomy":"post_tag","embeddable":true,"href":"https:\/\/www.eldiariodetucuman.com\/web\/wp-json\/wp\/v2\/tags?post=24416"}],"curies":[{"name":"wp","href":"https:\/\/api.w.org\/{rel}","templated":true}]}}