{"id":24413,"date":"2019-08-13T14:10:49","date_gmt":"2019-08-13T17:10:49","guid":{"rendered":"http:\/\/www.eldiariodetucuman.com\/web\/?p=24413"},"modified":"2019-08-13T14:10:49","modified_gmt":"2019-08-13T17:10:49","slug":"hallaron-a-dos-hermanas-ancianas-sin-vida-en-villa-lujan","status":"publish","type":"post","link":"https:\/\/www.eldiariodetucuman.com\/web\/hallaron-a-dos-hermanas-ancianas-sin-vida-en-villa-lujan\/","title":{"rendered":"Hallaron a dos hermanas ancianas sin vida en Villa Luj\u00e1n"},"content":{"rendered":"<p>Tras recibir un llamado de los vecinos, efectivos de la Comisar\u00eda S\u00e9ptima intervinieron en el\u00a0<strong>hallazgo de dos hermanas ancianas de 87 y 89 a\u00f1os sin vida en una vivienda de Pasaje F\u00e9lix Fr\u00edas al 300, en el barrio Villa Luj\u00e1n de la Capital.<\/strong><\/p>\n<p>Suced\u00eda el lunes pasado, a las 15.30, cuando los polic\u00edas tuvieron que ingresar al domicilio por el techo debido a que la puerta del inmueble se encontraba cerrada. Cuando lograron entrar, hallaron los cuerpos tendidos sobre el piso de la cocina de la vivienda.\u00a0<strong>Las mujeres fueron identificadas como Leonor Tula, de 87, y Antonia Tula, de 89 a\u00f1os<\/strong>.<\/p>\n<p>Inmediatamente dieron conocimiento a la Fiscal\u00eda Especializada en Homicidios que dispuso la intervenci\u00f3n del personal de Criminal\u00edstica, m\u00e9dico de Polic\u00eda y de Laboratorio.<\/p>\n<p>Si bien en el lugar no se encontraron signos de violencia o indicios de que se haya cometido un delito, los efectivos hallaron una suma importante de dinero ($500 mil), un rev\u00f3lver calibre 22 y joyas, elementos que fueron secuestrados por disposici\u00f3n de la fiscal\u00eda interviniente.<\/p>\n<p>Seg\u00fan comentaron vecinos, las mujeres no habr\u00edan sido vistas en el barrio desde hace m\u00e1s de diez d\u00edas. Por estas horas, tanto la Polic\u00eda como la Justicia investigan las causas de la muerte de ambas mujeres.<\/p>\n<p>Fuente: <a href=\"https:\/\/www.tucumanalas7.com.ar\/policiales\/2019\/8\/13\/hallaron-dos-hermanas-ancianas-sin-vida-en-villa-lujan-185695.html\">Tucum\u00e1n a las 7<\/a><\/p>\n","protected":false},"excerpt":{"rendered":"<p>Tras recibir un llamado de los vecinos, efectivos de la Comisar\u00eda S\u00e9ptima intervinieron en el\u00a0hallazgo de dos hermanas ancianas de 87 y 89 a\u00f1os sin vida en una vivienda de Pasaje F\u00e9lix Fr\u00edas al 300, en el barrio Villa Luj\u00e1n de la Capital. Suced\u00eda el lunes pasado, a las 15.30, cuando los polic\u00edas tuvieron que [&hellip;]<\/p>\n","protected":false},"author":5,"featured_media":24414,"comment_status":"closed","ping_status":"open","sticky":false,"template":"","format":"standard","meta":{"footnotes":""},"categories":[927],"tags":[],"class_list":{"0":"post-24413","1":"post","2":"type-post","3":"status-publish","4":"format-standard","5":"has-post-thumbnail","7":"category-policiales"},"yoast_head":"<!-- This site is optimized with the Yoast SEO plugin v27.5 - https:\/\/yoast.com\/product\/yoast-seo-wordpress\/ -->\n<title>Hallaron a dos hermanas ancianas sin vida en Villa Luj\u00e1n - El Diario de Tucuman<\/title>\n<meta name=\"robots\" content=\"index, follow, max-snippet:-1, max-image-preview:large, max-video-preview:-1\" \/>\n<link rel=\"canonical\" href=\"https:\/\/www.eldiariodetucuman.com\/web\/hallaron-a-dos-hermanas-ancianas-sin-vida-en-villa-lujan\/\" \/>\n<meta property=\"og:locale\" content=\"es_ES\" \/>\n<meta property=\"og:type\" content=\"article\" \/>\n<meta property=\"og:title\" content=\"Hallaron a dos hermanas ancianas sin vida en Villa Luj\u00e1n - El Diario de Tucuman\" \/>\n<meta property=\"og:description\" content=\"Tras recibir un llamado de los vecinos, efectivos de la Comisar\u00eda S\u00e9ptima intervinieron en el\u00a0hallazgo de dos hermanas ancianas de 87 y 89 a\u00f1os sin vida en una vivienda de Pasaje F\u00e9lix Fr\u00edas al 300, en el barrio Villa Luj\u00e1n de la Capital. Suced\u00eda el lunes pasado, a las 15.30, cuando los polic\u00edas tuvieron que [&hellip;]\" \/>\n<meta property=\"og:url\" content=\"https:\/\/www.eldiariodetucuman.com\/web\/hallaron-a-dos-hermanas-ancianas-sin-vida-en-villa-lujan\/\" \/>\n<meta property=\"og:site_name\" content=\"El Diario de Tucuman\" \/>\n<meta property=\"article:published_time\" content=\"2019-08-13T17:10:49+00:00\" \/>\n<meta property=\"og:image\" content=\"https:\/\/www.eldiariodetucuman.com\/web\/wp-content\/uploads\/2019\/08\/f800x450-91594_143040_0.jpg\" \/>\n\t<meta property=\"og:image:width\" content=\"800\" \/>\n\t<meta property=\"og:image:height\" content=\"450\" \/>\n\t<meta property=\"og:image:type\" content=\"image\/jpeg\" \/>\n<meta name=\"author\" content=\"Redactor Uno\" \/>\n<meta name=\"twitter:card\" content=\"summary_large_image\" \/>\n<meta name=\"twitter:label1\" content=\"Escrito por\" \/>\n\t<meta name=\"twitter:data1\" content=\"Redactor Uno\" \/>\n\t<meta name=\"twitter:label2\" content=\"Tiempo de lectura\" \/>\n\t<meta name=\"twitter:data2\" content=\"1 minuto\" \/>\n<script type=\"application\/ld+json\" class=\"yoast-schema-graph\">{\"@context\":\"https:\\\/\\\/schema.org\",\"@graph\":[{\"@type\":\"Article\",\"@id\":\"https:\\\/\\\/www.eldiariodetucuman.com\\\/web\\\/hallaron-a-dos-hermanas-ancianas-sin-vida-en-villa-lujan\\\/#article\",\"isPartOf\":{\"@id\":\"https:\\\/\\\/www.eldiariodetucuman.com\\\/web\\\/hallaron-a-dos-hermanas-ancianas-sin-vida-en-villa-lujan\\\/\"},\"author\":{\"name\":\"Redactor Uno\",\"@id\":\"https:\\\/\\\/www.eldiariodetucuman.com\\\/web\\\/#\\\/schema\\\/person\\\/7e6644a46e60888f6b868594407e08dd\"},\"headline\":\"Hallaron a dos hermanas ancianas sin vida en Villa Luj\u00e1n\",\"datePublished\":\"2019-08-13T17:10:49+00:00\",\"mainEntityOfPage\":{\"@id\":\"https:\\\/\\\/www.eldiariodetucuman.com\\\/web\\\/hallaron-a-dos-hermanas-ancianas-sin-vida-en-villa-lujan\\\/\"},\"wordCount\":238,\"publisher\":{\"@id\":\"https:\\\/\\\/www.eldiariodetucuman.com\\\/web\\\/#organization\"},\"image\":{\"@id\":\"https:\\\/\\\/www.eldiariodetucuman.com\\\/web\\\/hallaron-a-dos-hermanas-ancianas-sin-vida-en-villa-lujan\\\/#primaryimage\"},\"thumbnailUrl\":\"https:\\\/\\\/www.eldiariodetucuman.com\\\/web\\\/wp-content\\\/uploads\\\/2019\\\/08\\\/f800x450-91594_143040_0.jpg\",\"articleSection\":[\"Policiales\"],\"inLanguage\":\"es\"},{\"@type\":\"WebPage\",\"@id\":\"https:\\\/\\\/www.eldiariodetucuman.com\\\/web\\\/hallaron-a-dos-hermanas-ancianas-sin-vida-en-villa-lujan\\\/\",\"url\":\"https:\\\/\\\/www.eldiariodetucuman.com\\\/web\\\/hallaron-a-dos-hermanas-ancianas-sin-vida-en-villa-lujan\\\/\",\"name\":\"Hallaron a dos hermanas ancianas sin vida en Villa Luj\u00e1n - El Diario de Tucuman\",\"isPartOf\":{\"@id\":\"https:\\\/\\\/www.eldiariodetucuman.com\\\/web\\\/#website\"},\"primaryImageOfPage\":{\"@id\":\"https:\\\/\\\/www.eldiariodetucuman.com\\\/web\\\/hallaron-a-dos-hermanas-ancianas-sin-vida-en-villa-lujan\\\/#primaryimage\"},\"image\":{\"@id\":\"https:\\\/\\\/www.eldiariodetucuman.com\\\/web\\\/hallaron-a-dos-hermanas-ancianas-sin-vida-en-villa-lujan\\\/#primaryimage\"},\"thumbnailUrl\":\"https:\\\/\\\/www.eldiariodetucuman.com\\\/web\\\/wp-content\\\/uploads\\\/2019\\\/08\\\/f800x450-91594_143040_0.jpg\",\"datePublished\":\"2019-08-13T17:10:49+00:00\",\"breadcrumb\":{\"@id\":\"https:\\\/\\\/www.eldiariodetucuman.com\\\/web\\\/hallaron-a-dos-hermanas-ancianas-sin-vida-en-villa-lujan\\\/#breadcrumb\"},\"inLanguage\":\"es\",\"potentialAction\":[{\"@type\":\"ReadAction\",\"target\":[\"https:\\\/\\\/www.eldiariodetucuman.com\\\/web\\\/hallaron-a-dos-hermanas-ancianas-sin-vida-en-villa-lujan\\\/\"]}]},{\"@type\":\"ImageObject\",\"inLanguage\":\"es\",\"@id\":\"https:\\\/\\\/www.eldiariodetucuman.com\\\/web\\\/hallaron-a-dos-hermanas-ancianas-sin-vida-en-villa-lujan\\\/#primaryimage\",\"url\":\"https:\\\/\\\/www.eldiariodetucuman.com\\\/web\\\/wp-content\\\/uploads\\\/2019\\\/08\\\/f800x450-91594_143040_0.jpg\",\"contentUrl\":\"https:\\\/\\\/www.eldiariodetucuman.com\\\/web\\\/wp-content\\\/uploads\\\/2019\\\/08\\\/f800x450-91594_143040_0.jpg\",\"width\":800,\"height\":450},{\"@type\":\"BreadcrumbList\",\"@id\":\"https:\\\/\\\/www.eldiariodetucuman.com\\\/web\\\/hallaron-a-dos-hermanas-ancianas-sin-vida-en-villa-lujan\\\/#breadcrumb\",\"itemListElement\":[{\"@type\":\"ListItem\",\"position\":1,\"name\":\"Portada\",\"item\":\"https:\\\/\\\/www.eldiariodetucuman.com\\\/web\\\/\"},{\"@type\":\"ListItem\",\"position\":2,\"name\":\"Hallaron a dos hermanas ancianas sin vida en Villa Luj\u00e1n\"}]},{\"@type\":\"WebSite\",\"@id\":\"https:\\\/\\\/www.eldiariodetucuman.com\\\/web\\\/#website\",\"url\":\"https:\\\/\\\/www.eldiariodetucuman.com\\\/web\\\/\",\"name\":\"El Diario de Tucuman\",\"description\":\"Diario Tucuman - Informaci\u00f3n y noticias\",\"publisher\":{\"@id\":\"https:\\\/\\\/www.eldiariodetucuman.com\\\/web\\\/#organization\"},\"potentialAction\":[{\"@type\":\"SearchAction\",\"target\":{\"@type\":\"EntryPoint\",\"urlTemplate\":\"https:\\\/\\\/www.eldiariodetucuman.com\\\/web\\\/?s={search_term_string}\"},\"query-input\":{\"@type\":\"PropertyValueSpecification\",\"valueRequired\":true,\"valueName\":\"search_term_string\"}}],\"inLanguage\":\"es\"},{\"@type\":\"Organization\",\"@id\":\"https:\\\/\\\/www.eldiariodetucuman.com\\\/web\\\/#organization\",\"name\":\"El Diario de Tucuman\",\"url\":\"https:\\\/\\\/www.eldiariodetucuman.com\\\/web\\\/\",\"logo\":{\"@type\":\"ImageObject\",\"inLanguage\":\"es\",\"@id\":\"https:\\\/\\\/www.eldiariodetucuman.com\\\/web\\\/#\\\/schema\\\/logo\\\/image\\\/\",\"url\":\"http:\\\/\\\/www.eldiariodetucuman.com\\\/web\\\/wp-content\\\/uploads\\\/2017\\\/12\\\/el-diario-de-tucuman.jpg\",\"contentUrl\":\"http:\\\/\\\/www.eldiariodetucuman.com\\\/web\\\/wp-content\\\/uploads\\\/2017\\\/12\\\/el-diario-de-tucuman.jpg\",\"width\":272,\"height\":92,\"caption\":\"El Diario de Tucuman\"},\"image\":{\"@id\":\"https:\\\/\\\/www.eldiariodetucuman.com\\\/web\\\/#\\\/schema\\\/logo\\\/image\\\/\"}},{\"@type\":\"Person\",\"@id\":\"https:\\\/\\\/www.eldiariodetucuman.com\\\/web\\\/#\\\/schema\\\/person\\\/7e6644a46e60888f6b868594407e08dd\",\"name\":\"Redactor Uno\",\"image\":{\"@type\":\"ImageObject\",\"inLanguage\":\"es\",\"@id\":\"https:\\\/\\\/secure.gravatar.com\\\/avatar\\\/0049b1bdf1bd548385c9ea6b9356431717930913089febd2ba904f0187d7d074?s=96&d=mm&r=g\",\"url\":\"https:\\\/\\\/secure.gravatar.com\\\/avatar\\\/0049b1bdf1bd548385c9ea6b9356431717930913089febd2ba904f0187d7d074?s=96&d=mm&r=g\",\"contentUrl\":\"https:\\\/\\\/secure.gravatar.com\\\/avatar\\\/0049b1bdf1bd548385c9ea6b9356431717930913089febd2ba904f0187d7d074?s=96&d=mm&r=g\",\"caption\":\"Redactor Uno\"},\"url\":\"https:\\\/\\\/www.eldiariodetucuman.com\\\/web\\\/author\\\/mramasco\\\/\"}]}<\/script>\n<!-- \/ Yoast SEO plugin. -->","yoast_head_json":{"title":"Hallaron a dos hermanas ancianas sin vida en Villa Luj\u00e1n - El Diario de Tucuman","robots":{"index":"index","follow":"follow","max-snippet":"max-snippet:-1","max-image-preview":"max-image-preview:large","max-video-preview":"max-video-preview:-1"},"canonical":"https:\/\/www.eldiariodetucuman.com\/web\/hallaron-a-dos-hermanas-ancianas-sin-vida-en-villa-lujan\/","og_locale":"es_ES","og_type":"article","og_title":"Hallaron a dos hermanas ancianas sin vida en Villa Luj\u00e1n - El Diario de Tucuman","og_description":"Tras recibir un llamado de los vecinos, efectivos de la Comisar\u00eda S\u00e9ptima intervinieron en el\u00a0hallazgo de dos hermanas ancianas de 87 y 89 a\u00f1os sin vida en una vivienda de Pasaje F\u00e9lix Fr\u00edas al 300, en el barrio Villa Luj\u00e1n de la Capital. Suced\u00eda el lunes pasado, a las 15.30, cuando los polic\u00edas tuvieron que [&hellip;]","og_url":"https:\/\/www.eldiariodetucuman.com\/web\/hallaron-a-dos-hermanas-ancianas-sin-vida-en-villa-lujan\/","og_site_name":"El Diario de Tucuman","article_published_time":"2019-08-13T17:10:49+00:00","og_image":[{"width":800,"height":450,"url":"https:\/\/www.eldiariodetucuman.com\/web\/wp-content\/uploads\/2019\/08\/f800x450-91594_143040_0.jpg","type":"image\/jpeg"}],"author":"Redactor Uno","twitter_card":"summary_large_image","twitter_misc":{"Escrito por":"Redactor Uno","Tiempo de lectura":"1 minuto"},"schema":{"@context":"https:\/\/schema.org","@graph":[{"@type":"Article","@id":"https:\/\/www.eldiariodetucuman.com\/web\/hallaron-a-dos-hermanas-ancianas-sin-vida-en-villa-lujan\/#article","isPartOf":{"@id":"https:\/\/www.eldiariodetucuman.com\/web\/hallaron-a-dos-hermanas-ancianas-sin-vida-en-villa-lujan\/"},"author":{"name":"Redactor Uno","@id":"https:\/\/www.eldiariodetucuman.com\/web\/#\/schema\/person\/7e6644a46e60888f6b868594407e08dd"},"headline":"Hallaron a dos hermanas ancianas sin vida en Villa Luj\u00e1n","datePublished":"2019-08-13T17:10:49+00:00","mainEntityOfPage":{"@id":"https:\/\/www.eldiariodetucuman.com\/web\/hallaron-a-dos-hermanas-ancianas-sin-vida-en-villa-lujan\/"},"wordCount":238,"publisher":{"@id":"https:\/\/www.eldiariodetucuman.com\/web\/#organization"},"image":{"@id":"https:\/\/www.eldiariodetucuman.com\/web\/hallaron-a-dos-hermanas-ancianas-sin-vida-en-villa-lujan\/#primaryimage"},"thumbnailUrl":"https:\/\/www.eldiariodetucuman.com\/web\/wp-content\/uploads\/2019\/08\/f800x450-91594_143040_0.jpg","articleSection":["Policiales"],"inLanguage":"es"},{"@type":"WebPage","@id":"https:\/\/www.eldiariodetucuman.com\/web\/hallaron-a-dos-hermanas-ancianas-sin-vida-en-villa-lujan\/","url":"https:\/\/www.eldiariodetucuman.com\/web\/hallaron-a-dos-hermanas-ancianas-sin-vida-en-villa-lujan\/","name":"Hallaron a dos hermanas ancianas sin vida en Villa Luj\u00e1n - El Diario de Tucuman","isPartOf":{"@id":"https:\/\/www.eldiariodetucuman.com\/web\/#website"},"primaryImageOfPage":{"@id":"https:\/\/www.eldiariodetucuman.com\/web\/hallaron-a-dos-hermanas-ancianas-sin-vida-en-villa-lujan\/#primaryimage"},"image":{"@id":"https:\/\/www.eldiariodetucuman.com\/web\/hallaron-a-dos-hermanas-ancianas-sin-vida-en-villa-lujan\/#primaryimage"},"thumbnailUrl":"https:\/\/www.eldiariodetucuman.com\/web\/wp-content\/uploads\/2019\/08\/f800x450-91594_143040_0.jpg","datePublished":"2019-08-13T17:10:49+00:00","breadcrumb":{"@id":"https:\/\/www.eldiariodetucuman.com\/web\/hallaron-a-dos-hermanas-ancianas-sin-vida-en-villa-lujan\/#breadcrumb"},"inLanguage":"es","potentialAction":[{"@type":"ReadAction","target":["https:\/\/www.eldiariodetucuman.com\/web\/hallaron-a-dos-hermanas-ancianas-sin-vida-en-villa-lujan\/"]}]},{"@type":"ImageObject","inLanguage":"es","@id":"https:\/\/www.eldiariodetucuman.com\/web\/hallaron-a-dos-hermanas-ancianas-sin-vida-en-villa-lujan\/#primaryimage","url":"https:\/\/www.eldiariodetucuman.com\/web\/wp-content\/uploads\/2019\/08\/f800x450-91594_143040_0.jpg","contentUrl":"https:\/\/www.eldiariodetucuman.com\/web\/wp-content\/uploads\/2019\/08\/f800x450-91594_143040_0.jpg","width":800,"height":450},{"@type":"BreadcrumbList","@id":"https:\/\/www.eldiariodetucuman.com\/web\/hallaron-a-dos-hermanas-ancianas-sin-vida-en-villa-lujan\/#breadcrumb","itemListElement":[{"@type":"ListItem","position":1,"name":"Portada","item":"https:\/\/www.eldiariodetucuman.com\/web\/"},{"@type":"ListItem","position":2,"name":"Hallaron a dos hermanas ancianas sin vida en Villa Luj\u00e1n"}]},{"@type":"WebSite","@id":"https:\/\/www.eldiariodetucuman.com\/web\/#website","url":"https:\/\/www.eldiariodetucuman.com\/web\/","name":"El Diario de Tucuman","description":"Diario Tucuman - Informaci\u00f3n y noticias","publisher":{"@id":"https:\/\/www.eldiariodetucuman.com\/web\/#organization"},"potentialAction":[{"@type":"SearchAction","target":{"@type":"EntryPoint","urlTemplate":"https:\/\/www.eldiariodetucuman.com\/web\/?s={search_term_string}"},"query-input":{"@type":"PropertyValueSpecification","valueRequired":true,"valueName":"search_term_string"}}],"inLanguage":"es"},{"@type":"Organization","@id":"https:\/\/www.eldiariodetucuman.com\/web\/#organization","name":"El Diario de Tucuman","url":"https:\/\/www.eldiariodetucuman.com\/web\/","logo":{"@type":"ImageObject","inLanguage":"es","@id":"https:\/\/www.eldiariodetucuman.com\/web\/#\/schema\/logo\/image\/","url":"http:\/\/www.eldiariodetucuman.com\/web\/wp-content\/uploads\/2017\/12\/el-diario-de-tucuman.jpg","contentUrl":"http:\/\/www.eldiariodetucuman.com\/web\/wp-content\/uploads\/2017\/12\/el-diario-de-tucuman.jpg","width":272,"height":92,"caption":"El Diario de Tucuman"},"image":{"@id":"https:\/\/www.eldiariodetucuman.com\/web\/#\/schema\/logo\/image\/"}},{"@type":"Person","@id":"https:\/\/www.eldiariodetucuman.com\/web\/#\/schema\/person\/7e6644a46e60888f6b868594407e08dd","name":"Redactor Uno","image":{"@type":"ImageObject","inLanguage":"es","@id":"https:\/\/secure.gravatar.com\/avatar\/0049b1bdf1bd548385c9ea6b9356431717930913089febd2ba904f0187d7d074?s=96&d=mm&r=g","url":"https:\/\/secure.gravatar.com\/avatar\/0049b1bdf1bd548385c9ea6b9356431717930913089febd2ba904f0187d7d074?s=96&d=mm&r=g","contentUrl":"https:\/\/secure.gravatar.com\/avatar\/0049b1bdf1bd548385c9ea6b9356431717930913089febd2ba904f0187d7d074?s=96&d=mm&r=g","caption":"Redactor Uno"},"url":"https:\/\/www.eldiariodetucuman.com\/web\/author\/mramasco\/"}]}},"_links":{"self":[{"href":"https:\/\/www.eldiariodetucuman.com\/web\/wp-json\/wp\/v2\/posts\/24413","targetHints":{"allow":["GET"]}}],"collection":[{"href":"https:\/\/www.eldiariodetucuman.com\/web\/wp-json\/wp\/v2\/posts"}],"about":[{"href":"https:\/\/www.eldiariodetucuman.com\/web\/wp-json\/wp\/v2\/types\/post"}],"author":[{"embeddable":true,"href":"https:\/\/www.eldiariodetucuman.com\/web\/wp-json\/wp\/v2\/users\/5"}],"replies":[{"embeddable":true,"href":"https:\/\/www.eldiariodetucuman.com\/web\/wp-json\/wp\/v2\/comments?post=24413"}],"version-history":[{"count":1,"href":"https:\/\/www.eldiariodetucuman.com\/web\/wp-json\/wp\/v2\/posts\/24413\/revisions"}],"predecessor-version":[{"id":24415,"href":"https:\/\/www.eldiariodetucuman.com\/web\/wp-json\/wp\/v2\/posts\/24413\/revisions\/24415"}],"wp:featuredmedia":[{"embeddable":true,"href":"https:\/\/www.eldiariodetucuman.com\/web\/wp-json\/wp\/v2\/media\/24414"}],"wp:attachment":[{"href":"https:\/\/www.eldiariodetucuman.com\/web\/wp-json\/wp\/v2\/media?parent=24413"}],"wp:term":[{"taxonomy":"category","embeddable":true,"href":"https:\/\/www.eldiariodetucuman.com\/web\/wp-json\/wp\/v2\/categories?post=24413"},{"taxonomy":"post_tag","embeddable":true,"href":"https:\/\/www.eldiariodetucuman.com\/web\/wp-json\/wp\/v2\/tags?post=24413"}],"curies":[{"name":"wp","href":"https:\/\/api.w.org\/{rel}","templated":true}]}}