{"id":24404,"date":"2019-08-12T08:18:11","date_gmt":"2019-08-12T11:18:11","guid":{"rendered":"http:\/\/www.eldiariodetucuman.com\/web\/?p=24404"},"modified":"2019-08-12T13:24:39","modified_gmt":"2019-08-12T16:24:39","slug":"cynthia-pinto-la-tucumana-conquisto-la-medalla-de-oro","status":"publish","type":"post","link":"https:\/\/www.eldiariodetucuman.com\/web\/cynthia-pinto-la-tucumana-conquisto-la-medalla-de-oro\/","title":{"rendered":"Cynthia Pinto, la tucumana conquist\u00f3 la medalla de oro"},"content":{"rendered":"<p>Integr\u00f3 la dupla femenina en Pelota de goma-Trinquete femenino con la platense Mar\u00eda Lis Garc\u00eda Calder\u00f3n.<\/p>\n<p><!--more--><\/p>\n<p>La pelotari tucumana,<strong>\u00a0Cynthia Pin<\/strong><strong>to,<\/strong>\u00a0en dupla con la platense\u00a0<strong>Mar\u00eda Lis Garc\u00eda Calder\u00f3n\u00a0<\/strong>obtuvieron medalla de oro en Pelota de goma-Trinquete de Dobles femenino en los Juegos Panamericanos de Lima 2019.<\/p>\n<p>En la final superaron a la pareja uruguaya compuesta por\u00a0<strong>Mar\u00eda Miranda<\/strong>\u00a0y\u00a0<strong>Camila Naviliat<\/strong>\u00a0por 2-1 (8-15, 15-9 y 10-4).<\/p>\n<p>Esta nueva conquista le permiti\u00f3 a la Argentina alcanzar la mejor cosecha de preseas (hasta ahora suma 28) de ese metal fuera del pa\u00eds en Panamericanos.<\/p>\n<p>La actuaci\u00f3n de Cynthia fue seguida en el Front\u00f3n Tucum\u00e1n, club al que representa. Ocho a\u00f1os atr\u00e1s, la pelotari tucuman fue campeona mundial de duplas Sub22 en Gualeguay (Entre R\u00edos).<\/p>\n<p>Cynthia tiene por delante un gran reto, que es el de ganarse un lugar en el equipo argentino que competir\u00e1 en septiembre en el Mundial que se desarrollar\u00e1 en Par\u00eds (Francia).<\/p>\n<p>Fuente: https:\/\/www.tucumanalas7.com.ar\/deportes\/2019\/8\/10\/cynthia-pinto-la-tucumana-conquisto-la-medalla-de-oro-185614.html<\/p>\n<div>\n<div>\n<div>\n<div><\/div>\n<\/div>\n<\/div>\n<\/div>\n","protected":false},"excerpt":{"rendered":"<p>Integr\u00f3 la dupla femenina en Pelota de goma-Trinquete femenino con la platense Mar\u00eda Lis Garc\u00eda Calder\u00f3n.<\/p>\n","protected":false},"author":5,"featured_media":24405,"comment_status":"closed","ping_status":"open","sticky":false,"template":"","format":"standard","meta":{"footnotes":""},"categories":[2,1],"tags":[],"class_list":{"0":"post-24404","1":"post","2":"type-post","3":"status-publish","4":"format-standard","5":"has-post-thumbnail","7":"category-actualidad","8":"category-portada"},"yoast_head":"<!-- This site is optimized with the Yoast SEO plugin v27.5 - https:\/\/yoast.com\/product\/yoast-seo-wordpress\/ -->\n<title>Cynthia Pinto, la tucumana conquist\u00f3 la medalla de oro - El Diario de Tucuman<\/title>\n<meta name=\"robots\" content=\"index, follow, max-snippet:-1, max-image-preview:large, max-video-preview:-1\" \/>\n<link rel=\"canonical\" href=\"https:\/\/www.eldiariodetucuman.com\/web\/cynthia-pinto-la-tucumana-conquisto-la-medalla-de-oro\/\" \/>\n<meta property=\"og:locale\" content=\"es_ES\" \/>\n<meta property=\"og:type\" content=\"article\" \/>\n<meta property=\"og:title\" content=\"Cynthia Pinto, la tucumana conquist\u00f3 la medalla de oro - El Diario de Tucuman\" \/>\n<meta property=\"og:description\" content=\"Integr\u00f3 la dupla femenina en Pelota de goma-Trinquete femenino con la platense Mar\u00eda Lis Garc\u00eda Calder\u00f3n.\" \/>\n<meta property=\"og:url\" content=\"https:\/\/www.eldiariodetucuman.com\/web\/cynthia-pinto-la-tucumana-conquisto-la-medalla-de-oro\/\" \/>\n<meta property=\"og:site_name\" content=\"El Diario de Tucuman\" \/>\n<meta property=\"article:published_time\" content=\"2019-08-12T11:18:11+00:00\" \/>\n<meta property=\"article:modified_time\" content=\"2019-08-12T16:24:39+00:00\" \/>\n<meta property=\"og:image\" content=\"https:\/\/www.eldiariodetucuman.com\/web\/wp-content\/uploads\/2019\/08\/pinto-y-garcia_862x485.jpg\" \/>\n\t<meta property=\"og:image:width\" content=\"862\" \/>\n\t<meta property=\"og:image:height\" content=\"485\" \/>\n\t<meta property=\"og:image:type\" content=\"image\/jpeg\" \/>\n<meta name=\"author\" content=\"Redactor Uno\" \/>\n<meta name=\"twitter:card\" content=\"summary_large_image\" \/>\n<meta name=\"twitter:label1\" content=\"Escrito por\" \/>\n\t<meta name=\"twitter:data1\" content=\"Redactor Uno\" \/>\n\t<meta name=\"twitter:label2\" content=\"Tiempo de lectura\" \/>\n\t<meta name=\"twitter:data2\" content=\"1 minuto\" \/>\n<script type=\"application\/ld+json\" class=\"yoast-schema-graph\">{\"@context\":\"https:\\\/\\\/schema.org\",\"@graph\":[{\"@type\":\"Article\",\"@id\":\"https:\\\/\\\/www.eldiariodetucuman.com\\\/web\\\/cynthia-pinto-la-tucumana-conquisto-la-medalla-de-oro\\\/#article\",\"isPartOf\":{\"@id\":\"https:\\\/\\\/www.eldiariodetucuman.com\\\/web\\\/cynthia-pinto-la-tucumana-conquisto-la-medalla-de-oro\\\/\"},\"author\":{\"name\":\"Redactor Uno\",\"@id\":\"https:\\\/\\\/www.eldiariodetucuman.com\\\/web\\\/#\\\/schema\\\/person\\\/7e6644a46e60888f6b868594407e08dd\"},\"headline\":\"Cynthia Pinto, la tucumana conquist\u00f3 la medalla de oro\",\"datePublished\":\"2019-08-12T11:18:11+00:00\",\"dateModified\":\"2019-08-12T16:24:39+00:00\",\"mainEntityOfPage\":{\"@id\":\"https:\\\/\\\/www.eldiariodetucuman.com\\\/web\\\/cynthia-pinto-la-tucumana-conquisto-la-medalla-de-oro\\\/\"},\"wordCount\":188,\"publisher\":{\"@id\":\"https:\\\/\\\/www.eldiariodetucuman.com\\\/web\\\/#organization\"},\"image\":{\"@id\":\"https:\\\/\\\/www.eldiariodetucuman.com\\\/web\\\/cynthia-pinto-la-tucumana-conquisto-la-medalla-de-oro\\\/#primaryimage\"},\"thumbnailUrl\":\"https:\\\/\\\/www.eldiariodetucuman.com\\\/web\\\/wp-content\\\/uploads\\\/2019\\\/08\\\/pinto-y-garcia_862x485.jpg\",\"articleSection\":[\"Actualidad\",\"Portada\"],\"inLanguage\":\"es\"},{\"@type\":\"WebPage\",\"@id\":\"https:\\\/\\\/www.eldiariodetucuman.com\\\/web\\\/cynthia-pinto-la-tucumana-conquisto-la-medalla-de-oro\\\/\",\"url\":\"https:\\\/\\\/www.eldiariodetucuman.com\\\/web\\\/cynthia-pinto-la-tucumana-conquisto-la-medalla-de-oro\\\/\",\"name\":\"Cynthia Pinto, la tucumana conquist\u00f3 la medalla de oro - El Diario de Tucuman\",\"isPartOf\":{\"@id\":\"https:\\\/\\\/www.eldiariodetucuman.com\\\/web\\\/#website\"},\"primaryImageOfPage\":{\"@id\":\"https:\\\/\\\/www.eldiariodetucuman.com\\\/web\\\/cynthia-pinto-la-tucumana-conquisto-la-medalla-de-oro\\\/#primaryimage\"},\"image\":{\"@id\":\"https:\\\/\\\/www.eldiariodetucuman.com\\\/web\\\/cynthia-pinto-la-tucumana-conquisto-la-medalla-de-oro\\\/#primaryimage\"},\"thumbnailUrl\":\"https:\\\/\\\/www.eldiariodetucuman.com\\\/web\\\/wp-content\\\/uploads\\\/2019\\\/08\\\/pinto-y-garcia_862x485.jpg\",\"datePublished\":\"2019-08-12T11:18:11+00:00\",\"dateModified\":\"2019-08-12T16:24:39+00:00\",\"breadcrumb\":{\"@id\":\"https:\\\/\\\/www.eldiariodetucuman.com\\\/web\\\/cynthia-pinto-la-tucumana-conquisto-la-medalla-de-oro\\\/#breadcrumb\"},\"inLanguage\":\"es\",\"potentialAction\":[{\"@type\":\"ReadAction\",\"target\":[\"https:\\\/\\\/www.eldiariodetucuman.com\\\/web\\\/cynthia-pinto-la-tucumana-conquisto-la-medalla-de-oro\\\/\"]}]},{\"@type\":\"ImageObject\",\"inLanguage\":\"es\",\"@id\":\"https:\\\/\\\/www.eldiariodetucuman.com\\\/web\\\/cynthia-pinto-la-tucumana-conquisto-la-medalla-de-oro\\\/#primaryimage\",\"url\":\"https:\\\/\\\/www.eldiariodetucuman.com\\\/web\\\/wp-content\\\/uploads\\\/2019\\\/08\\\/pinto-y-garcia_862x485.jpg\",\"contentUrl\":\"https:\\\/\\\/www.eldiariodetucuman.com\\\/web\\\/wp-content\\\/uploads\\\/2019\\\/08\\\/pinto-y-garcia_862x485.jpg\",\"width\":862,\"height\":485},{\"@type\":\"BreadcrumbList\",\"@id\":\"https:\\\/\\\/www.eldiariodetucuman.com\\\/web\\\/cynthia-pinto-la-tucumana-conquisto-la-medalla-de-oro\\\/#breadcrumb\",\"itemListElement\":[{\"@type\":\"ListItem\",\"position\":1,\"name\":\"Portada\",\"item\":\"https:\\\/\\\/www.eldiariodetucuman.com\\\/web\\\/\"},{\"@type\":\"ListItem\",\"position\":2,\"name\":\"Cynthia Pinto, la tucumana conquist\u00f3 la medalla de oro\"}]},{\"@type\":\"WebSite\",\"@id\":\"https:\\\/\\\/www.eldiariodetucuman.com\\\/web\\\/#website\",\"url\":\"https:\\\/\\\/www.eldiariodetucuman.com\\\/web\\\/\",\"name\":\"El Diario de Tucuman\",\"description\":\"Diario Tucuman - Informaci\u00f3n y noticias\",\"publisher\":{\"@id\":\"https:\\\/\\\/www.eldiariodetucuman.com\\\/web\\\/#organization\"},\"potentialAction\":[{\"@type\":\"SearchAction\",\"target\":{\"@type\":\"EntryPoint\",\"urlTemplate\":\"https:\\\/\\\/www.eldiariodetucuman.com\\\/web\\\/?s={search_term_string}\"},\"query-input\":{\"@type\":\"PropertyValueSpecification\",\"valueRequired\":true,\"valueName\":\"search_term_string\"}}],\"inLanguage\":\"es\"},{\"@type\":\"Organization\",\"@id\":\"https:\\\/\\\/www.eldiariodetucuman.com\\\/web\\\/#organization\",\"name\":\"El Diario de Tucuman\",\"url\":\"https:\\\/\\\/www.eldiariodetucuman.com\\\/web\\\/\",\"logo\":{\"@type\":\"ImageObject\",\"inLanguage\":\"es\",\"@id\":\"https:\\\/\\\/www.eldiariodetucuman.com\\\/web\\\/#\\\/schema\\\/logo\\\/image\\\/\",\"url\":\"http:\\\/\\\/www.eldiariodetucuman.com\\\/web\\\/wp-content\\\/uploads\\\/2017\\\/12\\\/el-diario-de-tucuman.jpg\",\"contentUrl\":\"http:\\\/\\\/www.eldiariodetucuman.com\\\/web\\\/wp-content\\\/uploads\\\/2017\\\/12\\\/el-diario-de-tucuman.jpg\",\"width\":272,\"height\":92,\"caption\":\"El Diario de Tucuman\"},\"image\":{\"@id\":\"https:\\\/\\\/www.eldiariodetucuman.com\\\/web\\\/#\\\/schema\\\/logo\\\/image\\\/\"}},{\"@type\":\"Person\",\"@id\":\"https:\\\/\\\/www.eldiariodetucuman.com\\\/web\\\/#\\\/schema\\\/person\\\/7e6644a46e60888f6b868594407e08dd\",\"name\":\"Redactor Uno\",\"image\":{\"@type\":\"ImageObject\",\"inLanguage\":\"es\",\"@id\":\"https:\\\/\\\/secure.gravatar.com\\\/avatar\\\/0049b1bdf1bd548385c9ea6b9356431717930913089febd2ba904f0187d7d074?s=96&d=mm&r=g\",\"url\":\"https:\\\/\\\/secure.gravatar.com\\\/avatar\\\/0049b1bdf1bd548385c9ea6b9356431717930913089febd2ba904f0187d7d074?s=96&d=mm&r=g\",\"contentUrl\":\"https:\\\/\\\/secure.gravatar.com\\\/avatar\\\/0049b1bdf1bd548385c9ea6b9356431717930913089febd2ba904f0187d7d074?s=96&d=mm&r=g\",\"caption\":\"Redactor Uno\"},\"url\":\"https:\\\/\\\/www.eldiariodetucuman.com\\\/web\\\/author\\\/mramasco\\\/\"}]}<\/script>\n<!-- \/ Yoast SEO plugin. -->","yoast_head_json":{"title":"Cynthia Pinto, la tucumana conquist\u00f3 la medalla de oro - El Diario de Tucuman","robots":{"index":"index","follow":"follow","max-snippet":"max-snippet:-1","max-image-preview":"max-image-preview:large","max-video-preview":"max-video-preview:-1"},"canonical":"https:\/\/www.eldiariodetucuman.com\/web\/cynthia-pinto-la-tucumana-conquisto-la-medalla-de-oro\/","og_locale":"es_ES","og_type":"article","og_title":"Cynthia Pinto, la tucumana conquist\u00f3 la medalla de oro - El Diario de Tucuman","og_description":"Integr\u00f3 la dupla femenina en Pelota de goma-Trinquete femenino con la platense Mar\u00eda Lis Garc\u00eda Calder\u00f3n.","og_url":"https:\/\/www.eldiariodetucuman.com\/web\/cynthia-pinto-la-tucumana-conquisto-la-medalla-de-oro\/","og_site_name":"El Diario de Tucuman","article_published_time":"2019-08-12T11:18:11+00:00","article_modified_time":"2019-08-12T16:24:39+00:00","og_image":[{"width":862,"height":485,"url":"https:\/\/www.eldiariodetucuman.com\/web\/wp-content\/uploads\/2019\/08\/pinto-y-garcia_862x485.jpg","type":"image\/jpeg"}],"author":"Redactor Uno","twitter_card":"summary_large_image","twitter_misc":{"Escrito por":"Redactor Uno","Tiempo de lectura":"1 minuto"},"schema":{"@context":"https:\/\/schema.org","@graph":[{"@type":"Article","@id":"https:\/\/www.eldiariodetucuman.com\/web\/cynthia-pinto-la-tucumana-conquisto-la-medalla-de-oro\/#article","isPartOf":{"@id":"https:\/\/www.eldiariodetucuman.com\/web\/cynthia-pinto-la-tucumana-conquisto-la-medalla-de-oro\/"},"author":{"name":"Redactor Uno","@id":"https:\/\/www.eldiariodetucuman.com\/web\/#\/schema\/person\/7e6644a46e60888f6b868594407e08dd"},"headline":"Cynthia Pinto, la tucumana conquist\u00f3 la medalla de oro","datePublished":"2019-08-12T11:18:11+00:00","dateModified":"2019-08-12T16:24:39+00:00","mainEntityOfPage":{"@id":"https:\/\/www.eldiariodetucuman.com\/web\/cynthia-pinto-la-tucumana-conquisto-la-medalla-de-oro\/"},"wordCount":188,"publisher":{"@id":"https:\/\/www.eldiariodetucuman.com\/web\/#organization"},"image":{"@id":"https:\/\/www.eldiariodetucuman.com\/web\/cynthia-pinto-la-tucumana-conquisto-la-medalla-de-oro\/#primaryimage"},"thumbnailUrl":"https:\/\/www.eldiariodetucuman.com\/web\/wp-content\/uploads\/2019\/08\/pinto-y-garcia_862x485.jpg","articleSection":["Actualidad","Portada"],"inLanguage":"es"},{"@type":"WebPage","@id":"https:\/\/www.eldiariodetucuman.com\/web\/cynthia-pinto-la-tucumana-conquisto-la-medalla-de-oro\/","url":"https:\/\/www.eldiariodetucuman.com\/web\/cynthia-pinto-la-tucumana-conquisto-la-medalla-de-oro\/","name":"Cynthia Pinto, la tucumana conquist\u00f3 la medalla de oro - El Diario de Tucuman","isPartOf":{"@id":"https:\/\/www.eldiariodetucuman.com\/web\/#website"},"primaryImageOfPage":{"@id":"https:\/\/www.eldiariodetucuman.com\/web\/cynthia-pinto-la-tucumana-conquisto-la-medalla-de-oro\/#primaryimage"},"image":{"@id":"https:\/\/www.eldiariodetucuman.com\/web\/cynthia-pinto-la-tucumana-conquisto-la-medalla-de-oro\/#primaryimage"},"thumbnailUrl":"https:\/\/www.eldiariodetucuman.com\/web\/wp-content\/uploads\/2019\/08\/pinto-y-garcia_862x485.jpg","datePublished":"2019-08-12T11:18:11+00:00","dateModified":"2019-08-12T16:24:39+00:00","breadcrumb":{"@id":"https:\/\/www.eldiariodetucuman.com\/web\/cynthia-pinto-la-tucumana-conquisto-la-medalla-de-oro\/#breadcrumb"},"inLanguage":"es","potentialAction":[{"@type":"ReadAction","target":["https:\/\/www.eldiariodetucuman.com\/web\/cynthia-pinto-la-tucumana-conquisto-la-medalla-de-oro\/"]}]},{"@type":"ImageObject","inLanguage":"es","@id":"https:\/\/www.eldiariodetucuman.com\/web\/cynthia-pinto-la-tucumana-conquisto-la-medalla-de-oro\/#primaryimage","url":"https:\/\/www.eldiariodetucuman.com\/web\/wp-content\/uploads\/2019\/08\/pinto-y-garcia_862x485.jpg","contentUrl":"https:\/\/www.eldiariodetucuman.com\/web\/wp-content\/uploads\/2019\/08\/pinto-y-garcia_862x485.jpg","width":862,"height":485},{"@type":"BreadcrumbList","@id":"https:\/\/www.eldiariodetucuman.com\/web\/cynthia-pinto-la-tucumana-conquisto-la-medalla-de-oro\/#breadcrumb","itemListElement":[{"@type":"ListItem","position":1,"name":"Portada","item":"https:\/\/www.eldiariodetucuman.com\/web\/"},{"@type":"ListItem","position":2,"name":"Cynthia Pinto, la tucumana conquist\u00f3 la medalla de oro"}]},{"@type":"WebSite","@id":"https:\/\/www.eldiariodetucuman.com\/web\/#website","url":"https:\/\/www.eldiariodetucuman.com\/web\/","name":"El Diario de Tucuman","description":"Diario Tucuman - Informaci\u00f3n y noticias","publisher":{"@id":"https:\/\/www.eldiariodetucuman.com\/web\/#organization"},"potentialAction":[{"@type":"SearchAction","target":{"@type":"EntryPoint","urlTemplate":"https:\/\/www.eldiariodetucuman.com\/web\/?s={search_term_string}"},"query-input":{"@type":"PropertyValueSpecification","valueRequired":true,"valueName":"search_term_string"}}],"inLanguage":"es"},{"@type":"Organization","@id":"https:\/\/www.eldiariodetucuman.com\/web\/#organization","name":"El Diario de Tucuman","url":"https:\/\/www.eldiariodetucuman.com\/web\/","logo":{"@type":"ImageObject","inLanguage":"es","@id":"https:\/\/www.eldiariodetucuman.com\/web\/#\/schema\/logo\/image\/","url":"http:\/\/www.eldiariodetucuman.com\/web\/wp-content\/uploads\/2017\/12\/el-diario-de-tucuman.jpg","contentUrl":"http:\/\/www.eldiariodetucuman.com\/web\/wp-content\/uploads\/2017\/12\/el-diario-de-tucuman.jpg","width":272,"height":92,"caption":"El Diario de Tucuman"},"image":{"@id":"https:\/\/www.eldiariodetucuman.com\/web\/#\/schema\/logo\/image\/"}},{"@type":"Person","@id":"https:\/\/www.eldiariodetucuman.com\/web\/#\/schema\/person\/7e6644a46e60888f6b868594407e08dd","name":"Redactor Uno","image":{"@type":"ImageObject","inLanguage":"es","@id":"https:\/\/secure.gravatar.com\/avatar\/0049b1bdf1bd548385c9ea6b9356431717930913089febd2ba904f0187d7d074?s=96&d=mm&r=g","url":"https:\/\/secure.gravatar.com\/avatar\/0049b1bdf1bd548385c9ea6b9356431717930913089febd2ba904f0187d7d074?s=96&d=mm&r=g","contentUrl":"https:\/\/secure.gravatar.com\/avatar\/0049b1bdf1bd548385c9ea6b9356431717930913089febd2ba904f0187d7d074?s=96&d=mm&r=g","caption":"Redactor Uno"},"url":"https:\/\/www.eldiariodetucuman.com\/web\/author\/mramasco\/"}]}},"_links":{"self":[{"href":"https:\/\/www.eldiariodetucuman.com\/web\/wp-json\/wp\/v2\/posts\/24404","targetHints":{"allow":["GET"]}}],"collection":[{"href":"https:\/\/www.eldiariodetucuman.com\/web\/wp-json\/wp\/v2\/posts"}],"about":[{"href":"https:\/\/www.eldiariodetucuman.com\/web\/wp-json\/wp\/v2\/types\/post"}],"author":[{"embeddable":true,"href":"https:\/\/www.eldiariodetucuman.com\/web\/wp-json\/wp\/v2\/users\/5"}],"replies":[{"embeddable":true,"href":"https:\/\/www.eldiariodetucuman.com\/web\/wp-json\/wp\/v2\/comments?post=24404"}],"version-history":[{"count":1,"href":"https:\/\/www.eldiariodetucuman.com\/web\/wp-json\/wp\/v2\/posts\/24404\/revisions"}],"predecessor-version":[{"id":24406,"href":"https:\/\/www.eldiariodetucuman.com\/web\/wp-json\/wp\/v2\/posts\/24404\/revisions\/24406"}],"wp:featuredmedia":[{"embeddable":true,"href":"https:\/\/www.eldiariodetucuman.com\/web\/wp-json\/wp\/v2\/media\/24405"}],"wp:attachment":[{"href":"https:\/\/www.eldiariodetucuman.com\/web\/wp-json\/wp\/v2\/media?parent=24404"}],"wp:term":[{"taxonomy":"category","embeddable":true,"href":"https:\/\/www.eldiariodetucuman.com\/web\/wp-json\/wp\/v2\/categories?post=24404"},{"taxonomy":"post_tag","embeddable":true,"href":"https:\/\/www.eldiariodetucuman.com\/web\/wp-json\/wp\/v2\/tags?post=24404"}],"curies":[{"name":"wp","href":"https:\/\/api.w.org\/{rel}","templated":true}]}}