{"id":24401,"date":"2019-08-12T13:15:13","date_gmt":"2019-08-12T16:15:13","guid":{"rendered":"http:\/\/www.eldiariodetucuman.com\/web\/?p=24401"},"modified":"2019-08-12T13:17:20","modified_gmt":"2019-08-12T16:17:20","slug":"tremenda-suba-del-dolar-que-trepo-a-los-63","status":"publish","type":"post","link":"https:\/\/www.eldiariodetucuman.com\/web\/tremenda-suba-del-dolar-que-trepo-a-los-63\/","title":{"rendered":"Tremenda suba del d\u00f3lar que trep\u00f3 a los $63"},"content":{"rendered":"<p>Tras las PASO, la divisa norteamericana dio un gran salto y el gran ganador de la elecci\u00f3n, Alberto Fern\u00e1ndez, asegur\u00f3 que el mercado se siente estafado.<\/p>\n<p><!--more--><\/p>\n<p>El\u00a0<strong>d\u00f3lar<\/strong>\u00a0\u00a0cotiza a $62,32\u00a0en la city, tras las elecciones primarias de ayer.\u00a0En el\u00a0<strong>Banco Naci\u00f3n<\/strong>, en tanto,\u00a0<strong>el d\u00f3lar cotiza a $61<\/strong>, mientras que en el canal electr\u00f3nico se consigue a $59,95. Este incremento, con respecto al viernes\u00a0equivale a una suba de m\u00e1s del 30%, y\u00a0<strong>Alberto Fern\u00e1ndez<\/strong>, gran ganador de las PASO sali\u00f3 a cargar contra el gobierno.<\/p>\n<p>\u00ab<strong>Los mercados reaccionan mal cuando se dan cuenta de que fueron estafados.\u00a0El Gobierno los condujo a este estado de cosas\u00a0con los bonos que emitieron, la crisis de la deuda\u00bb,\u00a0<\/strong>sentenci\u00f3 el candidato presidencial por el Frente de Todos.<\/p>\n<p>\u00ab<strong>Los mercados est\u00e1n intranquilos por Macri. Estamos viviendo una econom\u00eda ficticia, lo hemos advertido, y el Gobierno no est\u00e1 dando respuestas\u00bb,\u00a0<\/strong>asegur\u00f3 en di\u00e1logo con Radio 10<strong>.<\/strong><\/p>\n<p><strong>\u00bb El esfuerzo que tiene que hacer el Presidente es ordenar el desorden que ha creado antes de terminar su mandato.\u00a0<\/strong>Todos los argentinos lo acompa\u00f1aremos, pero es una tarea que tiene que hacer \u00e9l\u00bb, sentenci\u00f3.<\/p>\n<p>Adem\u00e1s, celebr\u00f3 el contundente resultado en las PASO.\u00a0\u00ab<strong>Creo que los argentinos entendieron el mensaje<\/strong>, entendieron la voluntad, la vocaci\u00f3n y el compromiso que propon\u00edamos. Hemos dado un<strong>\u00a0primer paso<\/strong>\u00a0y creo que ha sido\u00a0<strong>importante<\/strong>\u00ab.<\/p>\n<p>&nbsp;<\/p>\n<p>Fuente: https:\/\/www.tucumanalas7.com.ar\/economia\/2019\/8\/12\/tremenda-suba-del-dolar-que-llego-los-63-185654.html<\/p>\n","protected":false},"excerpt":{"rendered":"<p>Tras las PASO, la divisa norteamericana dio un gran salto y el gran ganador de la elecci\u00f3n, Alberto Fern\u00e1ndez, asegur\u00f3 que el mercado se siente estafado.<\/p>\n","protected":false},"author":5,"featured_media":24403,"comment_status":"closed","ping_status":"open","sticky":false,"template":"","format":"standard","meta":{"footnotes":""},"categories":[3],"tags":[],"class_list":{"0":"post-24401","1":"post","2":"type-post","3":"status-publish","4":"format-standard","5":"has-post-thumbnail","7":"category-politica"},"yoast_head":"<!-- This site is optimized with the Yoast SEO plugin v27.5 - https:\/\/yoast.com\/product\/yoast-seo-wordpress\/ -->\n<title>Tremenda suba del d\u00f3lar que trep\u00f3 a los $63 - El Diario de Tucuman<\/title>\n<meta name=\"robots\" content=\"index, follow, max-snippet:-1, max-image-preview:large, max-video-preview:-1\" \/>\n<link rel=\"canonical\" href=\"https:\/\/www.eldiariodetucuman.com\/web\/tremenda-suba-del-dolar-que-trepo-a-los-63\/\" \/>\n<meta property=\"og:locale\" content=\"es_ES\" \/>\n<meta property=\"og:type\" content=\"article\" \/>\n<meta property=\"og:title\" content=\"Tremenda suba del d\u00f3lar que trep\u00f3 a los $63 - El Diario de Tucuman\" \/>\n<meta property=\"og:description\" content=\"Tras las PASO, la divisa norteamericana dio un gran salto y el gran ganador de la elecci\u00f3n, Alberto Fern\u00e1ndez, asegur\u00f3 que el mercado se siente estafado.\" \/>\n<meta property=\"og:url\" content=\"https:\/\/www.eldiariodetucuman.com\/web\/tremenda-suba-del-dolar-que-trepo-a-los-63\/\" \/>\n<meta property=\"og:site_name\" content=\"El Diario de Tucuman\" \/>\n<meta property=\"article:published_time\" content=\"2019-08-12T16:15:13+00:00\" \/>\n<meta property=\"article:modified_time\" content=\"2019-08-12T16:17:20+00:00\" \/>\n<meta property=\"og:image\" content=\"https:\/\/www.eldiariodetucuman.com\/web\/wp-content\/uploads\/2019\/08\/dolaress.png\" \/>\n\t<meta property=\"og:image:width\" content=\"669\" \/>\n\t<meta property=\"og:image:height\" content=\"383\" \/>\n\t<meta property=\"og:image:type\" content=\"image\/png\" \/>\n<meta name=\"author\" content=\"Redactor Uno\" \/>\n<meta name=\"twitter:card\" content=\"summary_large_image\" \/>\n<meta name=\"twitter:label1\" content=\"Escrito por\" \/>\n\t<meta name=\"twitter:data1\" content=\"Redactor Uno\" \/>\n\t<meta name=\"twitter:label2\" content=\"Tiempo de lectura\" \/>\n\t<meta name=\"twitter:data2\" content=\"1 minuto\" \/>\n<script type=\"application\/ld+json\" class=\"yoast-schema-graph\">{\"@context\":\"https:\\\/\\\/schema.org\",\"@graph\":[{\"@type\":\"Article\",\"@id\":\"https:\\\/\\\/www.eldiariodetucuman.com\\\/web\\\/tremenda-suba-del-dolar-que-trepo-a-los-63\\\/#article\",\"isPartOf\":{\"@id\":\"https:\\\/\\\/www.eldiariodetucuman.com\\\/web\\\/tremenda-suba-del-dolar-que-trepo-a-los-63\\\/\"},\"author\":{\"name\":\"Redactor Uno\",\"@id\":\"https:\\\/\\\/www.eldiariodetucuman.com\\\/web\\\/#\\\/schema\\\/person\\\/7e6644a46e60888f6b868594407e08dd\"},\"headline\":\"Tremenda suba del d\u00f3lar que trep\u00f3 a los $63\",\"datePublished\":\"2019-08-12T16:15:13+00:00\",\"dateModified\":\"2019-08-12T16:17:20+00:00\",\"mainEntityOfPage\":{\"@id\":\"https:\\\/\\\/www.eldiariodetucuman.com\\\/web\\\/tremenda-suba-del-dolar-que-trepo-a-los-63\\\/\"},\"wordCount\":257,\"publisher\":{\"@id\":\"https:\\\/\\\/www.eldiariodetucuman.com\\\/web\\\/#organization\"},\"image\":{\"@id\":\"https:\\\/\\\/www.eldiariodetucuman.com\\\/web\\\/tremenda-suba-del-dolar-que-trepo-a-los-63\\\/#primaryimage\"},\"thumbnailUrl\":\"https:\\\/\\\/www.eldiariodetucuman.com\\\/web\\\/wp-content\\\/uploads\\\/2019\\\/08\\\/dolaress.png\",\"articleSection\":[\"Politica\"],\"inLanguage\":\"es\"},{\"@type\":\"WebPage\",\"@id\":\"https:\\\/\\\/www.eldiariodetucuman.com\\\/web\\\/tremenda-suba-del-dolar-que-trepo-a-los-63\\\/\",\"url\":\"https:\\\/\\\/www.eldiariodetucuman.com\\\/web\\\/tremenda-suba-del-dolar-que-trepo-a-los-63\\\/\",\"name\":\"Tremenda suba del d\u00f3lar que trep\u00f3 a los $63 - El Diario de Tucuman\",\"isPartOf\":{\"@id\":\"https:\\\/\\\/www.eldiariodetucuman.com\\\/web\\\/#website\"},\"primaryImageOfPage\":{\"@id\":\"https:\\\/\\\/www.eldiariodetucuman.com\\\/web\\\/tremenda-suba-del-dolar-que-trepo-a-los-63\\\/#primaryimage\"},\"image\":{\"@id\":\"https:\\\/\\\/www.eldiariodetucuman.com\\\/web\\\/tremenda-suba-del-dolar-que-trepo-a-los-63\\\/#primaryimage\"},\"thumbnailUrl\":\"https:\\\/\\\/www.eldiariodetucuman.com\\\/web\\\/wp-content\\\/uploads\\\/2019\\\/08\\\/dolaress.png\",\"datePublished\":\"2019-08-12T16:15:13+00:00\",\"dateModified\":\"2019-08-12T16:17:20+00:00\",\"breadcrumb\":{\"@id\":\"https:\\\/\\\/www.eldiariodetucuman.com\\\/web\\\/tremenda-suba-del-dolar-que-trepo-a-los-63\\\/#breadcrumb\"},\"inLanguage\":\"es\",\"potentialAction\":[{\"@type\":\"ReadAction\",\"target\":[\"https:\\\/\\\/www.eldiariodetucuman.com\\\/web\\\/tremenda-suba-del-dolar-que-trepo-a-los-63\\\/\"]}]},{\"@type\":\"ImageObject\",\"inLanguage\":\"es\",\"@id\":\"https:\\\/\\\/www.eldiariodetucuman.com\\\/web\\\/tremenda-suba-del-dolar-que-trepo-a-los-63\\\/#primaryimage\",\"url\":\"https:\\\/\\\/www.eldiariodetucuman.com\\\/web\\\/wp-content\\\/uploads\\\/2019\\\/08\\\/dolaress.png\",\"contentUrl\":\"https:\\\/\\\/www.eldiariodetucuman.com\\\/web\\\/wp-content\\\/uploads\\\/2019\\\/08\\\/dolaress.png\",\"width\":669,\"height\":383},{\"@type\":\"BreadcrumbList\",\"@id\":\"https:\\\/\\\/www.eldiariodetucuman.com\\\/web\\\/tremenda-suba-del-dolar-que-trepo-a-los-63\\\/#breadcrumb\",\"itemListElement\":[{\"@type\":\"ListItem\",\"position\":1,\"name\":\"Portada\",\"item\":\"https:\\\/\\\/www.eldiariodetucuman.com\\\/web\\\/\"},{\"@type\":\"ListItem\",\"position\":2,\"name\":\"Tremenda suba del d\u00f3lar que trep\u00f3 a los $63\"}]},{\"@type\":\"WebSite\",\"@id\":\"https:\\\/\\\/www.eldiariodetucuman.com\\\/web\\\/#website\",\"url\":\"https:\\\/\\\/www.eldiariodetucuman.com\\\/web\\\/\",\"name\":\"El Diario de Tucuman\",\"description\":\"Diario Tucuman - Informaci\u00f3n y noticias\",\"publisher\":{\"@id\":\"https:\\\/\\\/www.eldiariodetucuman.com\\\/web\\\/#organization\"},\"potentialAction\":[{\"@type\":\"SearchAction\",\"target\":{\"@type\":\"EntryPoint\",\"urlTemplate\":\"https:\\\/\\\/www.eldiariodetucuman.com\\\/web\\\/?s={search_term_string}\"},\"query-input\":{\"@type\":\"PropertyValueSpecification\",\"valueRequired\":true,\"valueName\":\"search_term_string\"}}],\"inLanguage\":\"es\"},{\"@type\":\"Organization\",\"@id\":\"https:\\\/\\\/www.eldiariodetucuman.com\\\/web\\\/#organization\",\"name\":\"El Diario de Tucuman\",\"url\":\"https:\\\/\\\/www.eldiariodetucuman.com\\\/web\\\/\",\"logo\":{\"@type\":\"ImageObject\",\"inLanguage\":\"es\",\"@id\":\"https:\\\/\\\/www.eldiariodetucuman.com\\\/web\\\/#\\\/schema\\\/logo\\\/image\\\/\",\"url\":\"http:\\\/\\\/www.eldiariodetucuman.com\\\/web\\\/wp-content\\\/uploads\\\/2017\\\/12\\\/el-diario-de-tucuman.jpg\",\"contentUrl\":\"http:\\\/\\\/www.eldiariodetucuman.com\\\/web\\\/wp-content\\\/uploads\\\/2017\\\/12\\\/el-diario-de-tucuman.jpg\",\"width\":272,\"height\":92,\"caption\":\"El Diario de Tucuman\"},\"image\":{\"@id\":\"https:\\\/\\\/www.eldiariodetucuman.com\\\/web\\\/#\\\/schema\\\/logo\\\/image\\\/\"}},{\"@type\":\"Person\",\"@id\":\"https:\\\/\\\/www.eldiariodetucuman.com\\\/web\\\/#\\\/schema\\\/person\\\/7e6644a46e60888f6b868594407e08dd\",\"name\":\"Redactor Uno\",\"image\":{\"@type\":\"ImageObject\",\"inLanguage\":\"es\",\"@id\":\"https:\\\/\\\/secure.gravatar.com\\\/avatar\\\/0049b1bdf1bd548385c9ea6b9356431717930913089febd2ba904f0187d7d074?s=96&d=mm&r=g\",\"url\":\"https:\\\/\\\/secure.gravatar.com\\\/avatar\\\/0049b1bdf1bd548385c9ea6b9356431717930913089febd2ba904f0187d7d074?s=96&d=mm&r=g\",\"contentUrl\":\"https:\\\/\\\/secure.gravatar.com\\\/avatar\\\/0049b1bdf1bd548385c9ea6b9356431717930913089febd2ba904f0187d7d074?s=96&d=mm&r=g\",\"caption\":\"Redactor Uno\"},\"url\":\"https:\\\/\\\/www.eldiariodetucuman.com\\\/web\\\/author\\\/mramasco\\\/\"}]}<\/script>\n<!-- \/ Yoast SEO plugin. -->","yoast_head_json":{"title":"Tremenda suba del d\u00f3lar que trep\u00f3 a los $63 - El Diario de Tucuman","robots":{"index":"index","follow":"follow","max-snippet":"max-snippet:-1","max-image-preview":"max-image-preview:large","max-video-preview":"max-video-preview:-1"},"canonical":"https:\/\/www.eldiariodetucuman.com\/web\/tremenda-suba-del-dolar-que-trepo-a-los-63\/","og_locale":"es_ES","og_type":"article","og_title":"Tremenda suba del d\u00f3lar que trep\u00f3 a los $63 - El Diario de Tucuman","og_description":"Tras las PASO, la divisa norteamericana dio un gran salto y el gran ganador de la elecci\u00f3n, Alberto Fern\u00e1ndez, asegur\u00f3 que el mercado se siente estafado.","og_url":"https:\/\/www.eldiariodetucuman.com\/web\/tremenda-suba-del-dolar-que-trepo-a-los-63\/","og_site_name":"El Diario de Tucuman","article_published_time":"2019-08-12T16:15:13+00:00","article_modified_time":"2019-08-12T16:17:20+00:00","og_image":[{"width":669,"height":383,"url":"https:\/\/www.eldiariodetucuman.com\/web\/wp-content\/uploads\/2019\/08\/dolaress.png","type":"image\/png"}],"author":"Redactor Uno","twitter_card":"summary_large_image","twitter_misc":{"Escrito por":"Redactor Uno","Tiempo de lectura":"1 minuto"},"schema":{"@context":"https:\/\/schema.org","@graph":[{"@type":"Article","@id":"https:\/\/www.eldiariodetucuman.com\/web\/tremenda-suba-del-dolar-que-trepo-a-los-63\/#article","isPartOf":{"@id":"https:\/\/www.eldiariodetucuman.com\/web\/tremenda-suba-del-dolar-que-trepo-a-los-63\/"},"author":{"name":"Redactor Uno","@id":"https:\/\/www.eldiariodetucuman.com\/web\/#\/schema\/person\/7e6644a46e60888f6b868594407e08dd"},"headline":"Tremenda suba del d\u00f3lar que trep\u00f3 a los $63","datePublished":"2019-08-12T16:15:13+00:00","dateModified":"2019-08-12T16:17:20+00:00","mainEntityOfPage":{"@id":"https:\/\/www.eldiariodetucuman.com\/web\/tremenda-suba-del-dolar-que-trepo-a-los-63\/"},"wordCount":257,"publisher":{"@id":"https:\/\/www.eldiariodetucuman.com\/web\/#organization"},"image":{"@id":"https:\/\/www.eldiariodetucuman.com\/web\/tremenda-suba-del-dolar-que-trepo-a-los-63\/#primaryimage"},"thumbnailUrl":"https:\/\/www.eldiariodetucuman.com\/web\/wp-content\/uploads\/2019\/08\/dolaress.png","articleSection":["Politica"],"inLanguage":"es"},{"@type":"WebPage","@id":"https:\/\/www.eldiariodetucuman.com\/web\/tremenda-suba-del-dolar-que-trepo-a-los-63\/","url":"https:\/\/www.eldiariodetucuman.com\/web\/tremenda-suba-del-dolar-que-trepo-a-los-63\/","name":"Tremenda suba del d\u00f3lar que trep\u00f3 a los $63 - El Diario de Tucuman","isPartOf":{"@id":"https:\/\/www.eldiariodetucuman.com\/web\/#website"},"primaryImageOfPage":{"@id":"https:\/\/www.eldiariodetucuman.com\/web\/tremenda-suba-del-dolar-que-trepo-a-los-63\/#primaryimage"},"image":{"@id":"https:\/\/www.eldiariodetucuman.com\/web\/tremenda-suba-del-dolar-que-trepo-a-los-63\/#primaryimage"},"thumbnailUrl":"https:\/\/www.eldiariodetucuman.com\/web\/wp-content\/uploads\/2019\/08\/dolaress.png","datePublished":"2019-08-12T16:15:13+00:00","dateModified":"2019-08-12T16:17:20+00:00","breadcrumb":{"@id":"https:\/\/www.eldiariodetucuman.com\/web\/tremenda-suba-del-dolar-que-trepo-a-los-63\/#breadcrumb"},"inLanguage":"es","potentialAction":[{"@type":"ReadAction","target":["https:\/\/www.eldiariodetucuman.com\/web\/tremenda-suba-del-dolar-que-trepo-a-los-63\/"]}]},{"@type":"ImageObject","inLanguage":"es","@id":"https:\/\/www.eldiariodetucuman.com\/web\/tremenda-suba-del-dolar-que-trepo-a-los-63\/#primaryimage","url":"https:\/\/www.eldiariodetucuman.com\/web\/wp-content\/uploads\/2019\/08\/dolaress.png","contentUrl":"https:\/\/www.eldiariodetucuman.com\/web\/wp-content\/uploads\/2019\/08\/dolaress.png","width":669,"height":383},{"@type":"BreadcrumbList","@id":"https:\/\/www.eldiariodetucuman.com\/web\/tremenda-suba-del-dolar-que-trepo-a-los-63\/#breadcrumb","itemListElement":[{"@type":"ListItem","position":1,"name":"Portada","item":"https:\/\/www.eldiariodetucuman.com\/web\/"},{"@type":"ListItem","position":2,"name":"Tremenda suba del d\u00f3lar que trep\u00f3 a los $63"}]},{"@type":"WebSite","@id":"https:\/\/www.eldiariodetucuman.com\/web\/#website","url":"https:\/\/www.eldiariodetucuman.com\/web\/","name":"El Diario de Tucuman","description":"Diario Tucuman - Informaci\u00f3n y noticias","publisher":{"@id":"https:\/\/www.eldiariodetucuman.com\/web\/#organization"},"potentialAction":[{"@type":"SearchAction","target":{"@type":"EntryPoint","urlTemplate":"https:\/\/www.eldiariodetucuman.com\/web\/?s={search_term_string}"},"query-input":{"@type":"PropertyValueSpecification","valueRequired":true,"valueName":"search_term_string"}}],"inLanguage":"es"},{"@type":"Organization","@id":"https:\/\/www.eldiariodetucuman.com\/web\/#organization","name":"El Diario de Tucuman","url":"https:\/\/www.eldiariodetucuman.com\/web\/","logo":{"@type":"ImageObject","inLanguage":"es","@id":"https:\/\/www.eldiariodetucuman.com\/web\/#\/schema\/logo\/image\/","url":"http:\/\/www.eldiariodetucuman.com\/web\/wp-content\/uploads\/2017\/12\/el-diario-de-tucuman.jpg","contentUrl":"http:\/\/www.eldiariodetucuman.com\/web\/wp-content\/uploads\/2017\/12\/el-diario-de-tucuman.jpg","width":272,"height":92,"caption":"El Diario de Tucuman"},"image":{"@id":"https:\/\/www.eldiariodetucuman.com\/web\/#\/schema\/logo\/image\/"}},{"@type":"Person","@id":"https:\/\/www.eldiariodetucuman.com\/web\/#\/schema\/person\/7e6644a46e60888f6b868594407e08dd","name":"Redactor Uno","image":{"@type":"ImageObject","inLanguage":"es","@id":"https:\/\/secure.gravatar.com\/avatar\/0049b1bdf1bd548385c9ea6b9356431717930913089febd2ba904f0187d7d074?s=96&d=mm&r=g","url":"https:\/\/secure.gravatar.com\/avatar\/0049b1bdf1bd548385c9ea6b9356431717930913089febd2ba904f0187d7d074?s=96&d=mm&r=g","contentUrl":"https:\/\/secure.gravatar.com\/avatar\/0049b1bdf1bd548385c9ea6b9356431717930913089febd2ba904f0187d7d074?s=96&d=mm&r=g","caption":"Redactor Uno"},"url":"https:\/\/www.eldiariodetucuman.com\/web\/author\/mramasco\/"}]}},"_links":{"self":[{"href":"https:\/\/www.eldiariodetucuman.com\/web\/wp-json\/wp\/v2\/posts\/24401","targetHints":{"allow":["GET"]}}],"collection":[{"href":"https:\/\/www.eldiariodetucuman.com\/web\/wp-json\/wp\/v2\/posts"}],"about":[{"href":"https:\/\/www.eldiariodetucuman.com\/web\/wp-json\/wp\/v2\/types\/post"}],"author":[{"embeddable":true,"href":"https:\/\/www.eldiariodetucuman.com\/web\/wp-json\/wp\/v2\/users\/5"}],"replies":[{"embeddable":true,"href":"https:\/\/www.eldiariodetucuman.com\/web\/wp-json\/wp\/v2\/comments?post=24401"}],"version-history":[{"count":1,"href":"https:\/\/www.eldiariodetucuman.com\/web\/wp-json\/wp\/v2\/posts\/24401\/revisions"}],"predecessor-version":[{"id":24402,"href":"https:\/\/www.eldiariodetucuman.com\/web\/wp-json\/wp\/v2\/posts\/24401\/revisions\/24402"}],"wp:featuredmedia":[{"embeddable":true,"href":"https:\/\/www.eldiariodetucuman.com\/web\/wp-json\/wp\/v2\/media\/24403"}],"wp:attachment":[{"href":"https:\/\/www.eldiariodetucuman.com\/web\/wp-json\/wp\/v2\/media?parent=24401"}],"wp:term":[{"taxonomy":"category","embeddable":true,"href":"https:\/\/www.eldiariodetucuman.com\/web\/wp-json\/wp\/v2\/categories?post=24401"},{"taxonomy":"post_tag","embeddable":true,"href":"https:\/\/www.eldiariodetucuman.com\/web\/wp-json\/wp\/v2\/tags?post=24401"}],"curies":[{"name":"wp","href":"https:\/\/api.w.org\/{rel}","templated":true}]}}