{"id":24387,"date":"2019-08-09T08:48:59","date_gmt":"2019-08-09T11:48:59","guid":{"rendered":"http:\/\/www.eldiariodetucuman.com\/web\/?p=24387"},"modified":"2019-08-09T08:49:29","modified_gmt":"2019-08-09T11:49:29","slug":"segundo-caso-en-la-provincia-gestara-el-bebe-de-su-amiga","status":"publish","type":"post","link":"https:\/\/www.eldiariodetucuman.com\/web\/segundo-caso-en-la-provincia-gestara-el-bebe-de-su-amiga\/","title":{"rendered":"Segundo caso en la provincia: Gestar\u00e1 el beb\u00e9 de su amiga"},"content":{"rendered":"<hgroup class=\"zona-titulo\"><\/hgroup>\n<p>Una jueza de familia autoriz\u00f3 el segundo caso que se har\u00e1 en la provincia. La mujer gestante ya es madre de dos hijos.<\/p>\n<p><!--more--><\/p>\n<div class=\"row\">\n<div class=\"col-md-1 col-sticky\">\n<div class=\"inner-share-bar cf\">Hace menos de un a\u00f1o se autoriz\u00f3, por primera en Tucum\u00e1n, vez una gestaci\u00f3n por sustituci\u00f3n. Ahora otra jueza firm\u00f3 una resoluci\u00f3n que habilita un segundo caso en la provincia. Se trata de una fertilizaci\u00f3n asistida cuyo embri\u00f3n \u00a0crecer\u00e1 en el \u00fatero de una amiga que se ofreci\u00f3 como gestante de la pareja.<\/div>\n<\/div>\n<div class=\"col-md-11\">\n<div class=\"fecha-y-seccion\">\n<p class=\"fecha\">La Jueza <strong>Angela Rossana Mart\u00ednez<\/strong>, titular del Juzgado Civil en Familia de la VII Nominaci\u00f3n del Centro Judicial Capital, autoriz\u00f3 a un matrimonio a realizar la t\u00e9cnica de Reproducci\u00f3n Humana Asistida (TRHA) a las partes involucradas: por un lado el matrimonio -comitentes- y por el otro la mujer amiga de la pareja \u2013gestante-.<\/p>\n<p class=\"fecha\">Esta pr\u00e1ctica consiste en la implantaci\u00f3n de un \u00f3vulo fecundado con \u00a0material gen\u00e9tico de los comitentes en el vientre de la gestante. La TRHA se establece como \u00fanico mecanismo posible \u00a0para poder engendrar un ni\u00f1o o ni\u00f1a con la carga gen\u00e9tica de los progenitores voluntarios, en atenci\u00f3n a la condici\u00f3n de salud reproductiva de la madre quien padece de trombofilia.<\/p>\n<p class=\"fecha\">A su vez, la sentencia declara la inconstitucionalidad e inconvencionalidad del art\u00edculo 562 del C\u00f3digo Civil y Comercial de la Naci\u00f3n, seg\u00fan el cual la maternidad est\u00e1 dada por el hecho de parir. El art\u00edculo en cuesti\u00f3n genera incertidumbre dado que, con los avances cient\u00edficos que se alcanzaron al d\u00eda de hoy, la vocaci\u00f3n por \u201cahijar\u201d no puede estar limitada al momento del parto. De hecho, luego de un exhaustivo trabajo por parte del juzgado conjuntamente con el gabinete psicosocial y el cuerpo de peritos m\u00e9dicos, se llega a la conclusi\u00f3n de que la gestante no posee deseo alguno de ser madre sino de ayudar solidariamente a la pareja mientras que la actitud procreacional resulta exclusiva de esta \u00faltima. \u00a0 \u00a0Por ello se establece la filiaci\u00f3n del ni\u00f1o o ni\u00f1a como hijo o hija de los comitentes al tiempo que asegura el derecho del ni\u00f1o o ni\u00f1a a conocer, llegado el momento, \u00a0su origen gestacional, garantizando as\u00ed su derecho a la identidad.<\/p>\n<p class=\"fecha\">M\u00e1s all\u00e1 del an\u00e1lisis de los derechos de los progenitores voluntarios de tener una familia y realizar su proyecto de vida, la sentencia pone \u00e9nfasis en los derechos de la gestante, en cuanto se verific\u00f3 que no existiera una situaci\u00f3n de aprovechamiento de los comitentes ante una situaci\u00f3n de vulnerabilidad de la misma. Esto resulta vital desde la perspectiva de g\u00e9nero porque se pretende que mujeres sin recursos no sean \u00abenvases\u00bb para que comitentes en mejor condici\u00f3n econ\u00f3mica puedan aprovechar esta condici\u00f3n.<\/p>\n<p class=\"fecha\">La mujer gestante, que es madre de dos hijos, \u00a0afirm\u00f3 que su decisi\u00f3n se basa en un fuerte sentimiento de solidaridad \u00a0ya que considera que no resulta justo que para ella haya sido tan f\u00e1cil ser madre, mientras que para otras personas les sea tan complicado y doloroso. \u00a0En este sentido, la Jueza Angela Mart\u00ednez afirm\u00f3 que \u201cla \u201csororidad\u201d (se refiere a la hermandad entre mujeres con respecto a las cuestiones sociales de g\u00e9nero), da cuenta, de un \u201cpacto entre mujeres\u201d, categor\u00eda que tambi\u00e9n hace referencia a la alianza feminista entre mujeres para cambiar la vida\u201d.<\/p>\n<p class=\"fecha\">En sus fundamentos, la titular del Juzgado de Familia de la VII Nominaci\u00f3n analiz\u00f3 que las partes involucradas se encuentran en condiciones equitativas para tomar la \u00a0decisi\u00f3n tanto en t\u00e9rminos socioecon\u00f3micos como emocionales. \u201cFrente al derecho de la gestante a decidir sobre su propio cuerpo \u2013dijo la jueza en su resoluci\u00f3n-, el Estado tiene un deber de abstenci\u00f3n, por lo que no debe indagar en las razones personales de la misma, siempre y cuando la decisi\u00f3n haya sido tomada con absoluta libertad\u201d.<\/p>\n<\/div>\n<div id=\"cuerpo-nota\" class=\"cuerpo-nota\">\n<p><strong>Se garantiza la igualdad<\/strong><\/p>\n<p>La T\u00e9cnica de Reproducci\u00f3n Humana Asistida (TRHA) es un procedimiento realizado con asistencia m\u00e9dica, tendiente a lograr un embarazo, que implica el uso de la tecnolog\u00eda y de avances cient\u00edficos. Este procedimiento est\u00e1 regulado por la Ley 26.862 de Acceso Integral a los Procedimientos y T\u00e9cnicas M\u00e9dico-Asistenciales de Reproducci\u00f3n M\u00e9dicamente Asistida.<\/p>\n<p>Estos procedimientos, han posibilitado que aquellos que por diferentes motivos no pueden por v\u00edas naturales gestar hijos, hayan accedido a tal posibilidad, formando as\u00ed nuevos n\u00facleos familiares desde un enfoque pluralista y diverso. Desde este punto de vista, se considera que el acceso a las TRHA es un derecho fundamental, ya que garantiza tutela judicial efectiva del derecho a procrear, frente al cual el Estado es sujeto pasivo. \u201cEn otras palabras, afirma la Jueza, las TRHA posibilitan la concreci\u00f3n de la igualdad normativa, a partir del reconocimiento y respeto de la diversidad humana\u201d.<\/p>\n<p>La gestaci\u00f3n por sustituci\u00f3n fue definida en el proyecto de Ley N\u00ba 5700-D-2016 de Gestaci\u00f3n Solidaria, como un \u201ctipo de t\u00e9cnica de reproducci\u00f3n m\u00e9dicamente asistida de alta complejidad que consiste en el compromiso que asume una persona llamada \u201cgestante\u201d, de llevar a cabo la gestaci\u00f3n a favor de una persona o pareja, denominada \u201ccomitentes\u201d, sin que se produzca v\u00ednculo de filiaci\u00f3n alguna con la gestante, sino \u00fanicamente de pleno derecho con el\/la o los\/ las comitentes\u201d.<\/p>\n<p><strong>Una elecci\u00f3n de vida<\/strong><\/p>\n<p>Entre los derechos humanos que se tuvieron en cuenta a la hora de fundamentar la \u00a0decisi\u00f3n se encuentran el derecho a la vida privada y familiar, entendiendo que toda persona tiene derecho a desarrollar un proyecto de vida, de acuerdo a sus par\u00e1metros culturales, la forma en que se ve a s\u00ed misma y su proyecci\u00f3n social, encontr\u00e1ndose garantizada la abstenci\u00f3n del Estado de injerir arbitrariamente en tales decisiones \u201cEn el caso puntual, la decisi\u00f3n de realizaci\u00f3n de TRHA representa una elecci\u00f3n de vida, tanto para el matrimonio como para la gestante y todo el grupo familiar, que debe ser respetada por el Estado, sin perjuicio de las razones y motivaciones individuales que persiguen\u201d.<\/p>\n<p>Directamente ligado al anterior, se menciona \u00a0el derecho a fundar una familia. \u00a0Tambi\u00e9n a la autonom\u00eda reproductiva e integridad psicof\u00edsica, \u00a0a acceder a servicios de salud reproductivos y el goce de los beneficios del progreso cient\u00edfico y a la igualdad ante la ley. \u201cEn el presente caso, las TRHA representan un gran avance en aras a la plena efectividad de los derechos reproductivos, en cuanto genera la posibilidad a aquellos que por diferentes motivos no pueden procrear, de conformar grupos familiares de acuerdo a su proyecto de vida\u201d, concluye la jueza Mart\u00ednez.<\/p>\n<p>El primer caso ocurri\u00f3 en 2018, cuando en\u00a0una sentencia in\u00e9dita en el pa\u00eds,<strong>\u00a0Karina Lescano de Francesco<\/strong>, titular del Juzgado Civil en Familia de la I\u00b0 Nominaci\u00f3n, autoriz\u00f3 a una familia a realizar la primera reproducci\u00f3n humana asistida de gestaci\u00f3n por sustituci\u00f3n. Aquella vez, una mujer ayud\u00f3 a su hermana -quien padece el s\u00edndrome de Rokitansky (agenesia cong\u00e9nita uterina) -y a su cu\u00f1ado, a cumplir el deseo de tener un hijo propio.<\/p>\n<p><strong>Fuente:<\/strong> <a href=\"https:\/\/www.tucumanalas7.com.ar\/local\/2019\/8\/8\/una-tucumana-gestara-al-bebe-de-su-amiga-185559.html\">https:\/\/www.tucumanalas7.com.ar\/local\/2019\/8\/8\/una-tucumana-gestara-al-bebe-de-su-amiga-185559.html<\/a><\/p>\n<p>&nbsp;<\/p>\n<\/div>\n<\/div>\n<\/div>\n","protected":false},"excerpt":{"rendered":"<p>Una jueza de familia autoriz\u00f3 el segundo caso que se har\u00e1 en la provincia. La mujer gestante ya es madre de dos hijos.<\/p>\n","protected":false},"author":5,"featured_media":24388,"comment_status":"closed","ping_status":"open","sticky":false,"template":"","format":"standard","meta":{"footnotes":""},"categories":[2],"tags":[2842,1541,61],"class_list":{"0":"post-24387","1":"post","2":"type-post","3":"status-publish","4":"format-standard","5":"has-post-thumbnail","7":"category-actualidad","8":"tag-gestacion","9":"tag-ley","10":"tag-tucuman"},"yoast_head":"<!-- This site is optimized with the Yoast SEO plugin v27.5 - https:\/\/yoast.com\/product\/yoast-seo-wordpress\/ -->\n<title>Segundo caso en la provincia: Gestar\u00e1 el beb\u00e9 de su amiga - El Diario de Tucuman<\/title>\n<meta name=\"robots\" content=\"index, follow, max-snippet:-1, max-image-preview:large, max-video-preview:-1\" \/>\n<link rel=\"canonical\" href=\"https:\/\/www.eldiariodetucuman.com\/web\/segundo-caso-en-la-provincia-gestara-el-bebe-de-su-amiga\/\" \/>\n<meta property=\"og:locale\" content=\"es_ES\" \/>\n<meta property=\"og:type\" content=\"article\" \/>\n<meta property=\"og:title\" content=\"Segundo caso en la provincia: Gestar\u00e1 el beb\u00e9 de su amiga - El Diario de Tucuman\" \/>\n<meta property=\"og:description\" content=\"Una jueza de familia autoriz\u00f3 el segundo caso que se har\u00e1 en la provincia. La mujer gestante ya es madre de dos hijos.\" \/>\n<meta property=\"og:url\" content=\"https:\/\/www.eldiariodetucuman.com\/web\/segundo-caso-en-la-provincia-gestara-el-bebe-de-su-amiga\/\" \/>\n<meta property=\"og:site_name\" content=\"El Diario de Tucuman\" \/>\n<meta property=\"article:published_time\" content=\"2019-08-09T11:48:59+00:00\" \/>\n<meta property=\"article:modified_time\" content=\"2019-08-09T11:49:29+00:00\" \/>\n<meta property=\"og:image\" content=\"https:\/\/www.eldiariodetucuman.com\/web\/wp-content\/uploads\/2019\/08\/gestante.jpeg\" \/>\n\t<meta property=\"og:image:width\" content=\"800\" \/>\n\t<meta property=\"og:image:height\" content=\"450\" \/>\n\t<meta property=\"og:image:type\" content=\"image\/jpeg\" \/>\n<meta name=\"author\" content=\"Redactor Uno\" \/>\n<meta name=\"twitter:card\" content=\"summary_large_image\" \/>\n<meta name=\"twitter:label1\" content=\"Escrito por\" \/>\n\t<meta name=\"twitter:data1\" content=\"Redactor Uno\" \/>\n\t<meta name=\"twitter:label2\" content=\"Tiempo de lectura\" \/>\n\t<meta name=\"twitter:data2\" content=\"6 minutos\" \/>\n<script type=\"application\/ld+json\" class=\"yoast-schema-graph\">{\"@context\":\"https:\\\/\\\/schema.org\",\"@graph\":[{\"@type\":\"Article\",\"@id\":\"https:\\\/\\\/www.eldiariodetucuman.com\\\/web\\\/segundo-caso-en-la-provincia-gestara-el-bebe-de-su-amiga\\\/#article\",\"isPartOf\":{\"@id\":\"https:\\\/\\\/www.eldiariodetucuman.com\\\/web\\\/segundo-caso-en-la-provincia-gestara-el-bebe-de-su-amiga\\\/\"},\"author\":{\"name\":\"Redactor Uno\",\"@id\":\"https:\\\/\\\/www.eldiariodetucuman.com\\\/web\\\/#\\\/schema\\\/person\\\/7e6644a46e60888f6b868594407e08dd\"},\"headline\":\"Segundo caso en la provincia: Gestar\u00e1 el beb\u00e9 de su amiga\",\"datePublished\":\"2019-08-09T11:48:59+00:00\",\"dateModified\":\"2019-08-09T11:49:29+00:00\",\"mainEntityOfPage\":{\"@id\":\"https:\\\/\\\/www.eldiariodetucuman.com\\\/web\\\/segundo-caso-en-la-provincia-gestara-el-bebe-de-su-amiga\\\/\"},\"wordCount\":1236,\"publisher\":{\"@id\":\"https:\\\/\\\/www.eldiariodetucuman.com\\\/web\\\/#organization\"},\"image\":{\"@id\":\"https:\\\/\\\/www.eldiariodetucuman.com\\\/web\\\/segundo-caso-en-la-provincia-gestara-el-bebe-de-su-amiga\\\/#primaryimage\"},\"thumbnailUrl\":\"https:\\\/\\\/www.eldiariodetucuman.com\\\/web\\\/wp-content\\\/uploads\\\/2019\\\/08\\\/gestante.jpeg\",\"keywords\":[\"gestaci\u00f3n\",\"Ley\",\"Tucuman\"],\"articleSection\":[\"Actualidad\"],\"inLanguage\":\"es\"},{\"@type\":\"WebPage\",\"@id\":\"https:\\\/\\\/www.eldiariodetucuman.com\\\/web\\\/segundo-caso-en-la-provincia-gestara-el-bebe-de-su-amiga\\\/\",\"url\":\"https:\\\/\\\/www.eldiariodetucuman.com\\\/web\\\/segundo-caso-en-la-provincia-gestara-el-bebe-de-su-amiga\\\/\",\"name\":\"Segundo caso en la provincia: Gestar\u00e1 el beb\u00e9 de su amiga - El Diario de Tucuman\",\"isPartOf\":{\"@id\":\"https:\\\/\\\/www.eldiariodetucuman.com\\\/web\\\/#website\"},\"primaryImageOfPage\":{\"@id\":\"https:\\\/\\\/www.eldiariodetucuman.com\\\/web\\\/segundo-caso-en-la-provincia-gestara-el-bebe-de-su-amiga\\\/#primaryimage\"},\"image\":{\"@id\":\"https:\\\/\\\/www.eldiariodetucuman.com\\\/web\\\/segundo-caso-en-la-provincia-gestara-el-bebe-de-su-amiga\\\/#primaryimage\"},\"thumbnailUrl\":\"https:\\\/\\\/www.eldiariodetucuman.com\\\/web\\\/wp-content\\\/uploads\\\/2019\\\/08\\\/gestante.jpeg\",\"datePublished\":\"2019-08-09T11:48:59+00:00\",\"dateModified\":\"2019-08-09T11:49:29+00:00\",\"breadcrumb\":{\"@id\":\"https:\\\/\\\/www.eldiariodetucuman.com\\\/web\\\/segundo-caso-en-la-provincia-gestara-el-bebe-de-su-amiga\\\/#breadcrumb\"},\"inLanguage\":\"es\",\"potentialAction\":[{\"@type\":\"ReadAction\",\"target\":[\"https:\\\/\\\/www.eldiariodetucuman.com\\\/web\\\/segundo-caso-en-la-provincia-gestara-el-bebe-de-su-amiga\\\/\"]}]},{\"@type\":\"ImageObject\",\"inLanguage\":\"es\",\"@id\":\"https:\\\/\\\/www.eldiariodetucuman.com\\\/web\\\/segundo-caso-en-la-provincia-gestara-el-bebe-de-su-amiga\\\/#primaryimage\",\"url\":\"https:\\\/\\\/www.eldiariodetucuman.com\\\/web\\\/wp-content\\\/uploads\\\/2019\\\/08\\\/gestante.jpeg\",\"contentUrl\":\"https:\\\/\\\/www.eldiariodetucuman.com\\\/web\\\/wp-content\\\/uploads\\\/2019\\\/08\\\/gestante.jpeg\",\"width\":800,\"height\":450},{\"@type\":\"BreadcrumbList\",\"@id\":\"https:\\\/\\\/www.eldiariodetucuman.com\\\/web\\\/segundo-caso-en-la-provincia-gestara-el-bebe-de-su-amiga\\\/#breadcrumb\",\"itemListElement\":[{\"@type\":\"ListItem\",\"position\":1,\"name\":\"Portada\",\"item\":\"https:\\\/\\\/www.eldiariodetucuman.com\\\/web\\\/\"},{\"@type\":\"ListItem\",\"position\":2,\"name\":\"Segundo caso en la provincia: Gestar\u00e1 el beb\u00e9 de su amiga\"}]},{\"@type\":\"WebSite\",\"@id\":\"https:\\\/\\\/www.eldiariodetucuman.com\\\/web\\\/#website\",\"url\":\"https:\\\/\\\/www.eldiariodetucuman.com\\\/web\\\/\",\"name\":\"El Diario de Tucuman\",\"description\":\"Diario Tucuman - Informaci\u00f3n y noticias\",\"publisher\":{\"@id\":\"https:\\\/\\\/www.eldiariodetucuman.com\\\/web\\\/#organization\"},\"potentialAction\":[{\"@type\":\"SearchAction\",\"target\":{\"@type\":\"EntryPoint\",\"urlTemplate\":\"https:\\\/\\\/www.eldiariodetucuman.com\\\/web\\\/?s={search_term_string}\"},\"query-input\":{\"@type\":\"PropertyValueSpecification\",\"valueRequired\":true,\"valueName\":\"search_term_string\"}}],\"inLanguage\":\"es\"},{\"@type\":\"Organization\",\"@id\":\"https:\\\/\\\/www.eldiariodetucuman.com\\\/web\\\/#organization\",\"name\":\"El Diario de Tucuman\",\"url\":\"https:\\\/\\\/www.eldiariodetucuman.com\\\/web\\\/\",\"logo\":{\"@type\":\"ImageObject\",\"inLanguage\":\"es\",\"@id\":\"https:\\\/\\\/www.eldiariodetucuman.com\\\/web\\\/#\\\/schema\\\/logo\\\/image\\\/\",\"url\":\"http:\\\/\\\/www.eldiariodetucuman.com\\\/web\\\/wp-content\\\/uploads\\\/2017\\\/12\\\/el-diario-de-tucuman.jpg\",\"contentUrl\":\"http:\\\/\\\/www.eldiariodetucuman.com\\\/web\\\/wp-content\\\/uploads\\\/2017\\\/12\\\/el-diario-de-tucuman.jpg\",\"width\":272,\"height\":92,\"caption\":\"El Diario de Tucuman\"},\"image\":{\"@id\":\"https:\\\/\\\/www.eldiariodetucuman.com\\\/web\\\/#\\\/schema\\\/logo\\\/image\\\/\"}},{\"@type\":\"Person\",\"@id\":\"https:\\\/\\\/www.eldiariodetucuman.com\\\/web\\\/#\\\/schema\\\/person\\\/7e6644a46e60888f6b868594407e08dd\",\"name\":\"Redactor Uno\",\"image\":{\"@type\":\"ImageObject\",\"inLanguage\":\"es\",\"@id\":\"https:\\\/\\\/secure.gravatar.com\\\/avatar\\\/0049b1bdf1bd548385c9ea6b9356431717930913089febd2ba904f0187d7d074?s=96&d=mm&r=g\",\"url\":\"https:\\\/\\\/secure.gravatar.com\\\/avatar\\\/0049b1bdf1bd548385c9ea6b9356431717930913089febd2ba904f0187d7d074?s=96&d=mm&r=g\",\"contentUrl\":\"https:\\\/\\\/secure.gravatar.com\\\/avatar\\\/0049b1bdf1bd548385c9ea6b9356431717930913089febd2ba904f0187d7d074?s=96&d=mm&r=g\",\"caption\":\"Redactor Uno\"},\"url\":\"https:\\\/\\\/www.eldiariodetucuman.com\\\/web\\\/author\\\/mramasco\\\/\"}]}<\/script>\n<!-- \/ Yoast SEO plugin. -->","yoast_head_json":{"title":"Segundo caso en la provincia: Gestar\u00e1 el beb\u00e9 de su amiga - El Diario de Tucuman","robots":{"index":"index","follow":"follow","max-snippet":"max-snippet:-1","max-image-preview":"max-image-preview:large","max-video-preview":"max-video-preview:-1"},"canonical":"https:\/\/www.eldiariodetucuman.com\/web\/segundo-caso-en-la-provincia-gestara-el-bebe-de-su-amiga\/","og_locale":"es_ES","og_type":"article","og_title":"Segundo caso en la provincia: Gestar\u00e1 el beb\u00e9 de su amiga - El Diario de Tucuman","og_description":"Una jueza de familia autoriz\u00f3 el segundo caso que se har\u00e1 en la provincia. La mujer gestante ya es madre de dos hijos.","og_url":"https:\/\/www.eldiariodetucuman.com\/web\/segundo-caso-en-la-provincia-gestara-el-bebe-de-su-amiga\/","og_site_name":"El Diario de Tucuman","article_published_time":"2019-08-09T11:48:59+00:00","article_modified_time":"2019-08-09T11:49:29+00:00","og_image":[{"width":800,"height":450,"url":"https:\/\/www.eldiariodetucuman.com\/web\/wp-content\/uploads\/2019\/08\/gestante.jpeg","type":"image\/jpeg"}],"author":"Redactor Uno","twitter_card":"summary_large_image","twitter_misc":{"Escrito por":"Redactor Uno","Tiempo de lectura":"6 minutos"},"schema":{"@context":"https:\/\/schema.org","@graph":[{"@type":"Article","@id":"https:\/\/www.eldiariodetucuman.com\/web\/segundo-caso-en-la-provincia-gestara-el-bebe-de-su-amiga\/#article","isPartOf":{"@id":"https:\/\/www.eldiariodetucuman.com\/web\/segundo-caso-en-la-provincia-gestara-el-bebe-de-su-amiga\/"},"author":{"name":"Redactor Uno","@id":"https:\/\/www.eldiariodetucuman.com\/web\/#\/schema\/person\/7e6644a46e60888f6b868594407e08dd"},"headline":"Segundo caso en la provincia: Gestar\u00e1 el beb\u00e9 de su amiga","datePublished":"2019-08-09T11:48:59+00:00","dateModified":"2019-08-09T11:49:29+00:00","mainEntityOfPage":{"@id":"https:\/\/www.eldiariodetucuman.com\/web\/segundo-caso-en-la-provincia-gestara-el-bebe-de-su-amiga\/"},"wordCount":1236,"publisher":{"@id":"https:\/\/www.eldiariodetucuman.com\/web\/#organization"},"image":{"@id":"https:\/\/www.eldiariodetucuman.com\/web\/segundo-caso-en-la-provincia-gestara-el-bebe-de-su-amiga\/#primaryimage"},"thumbnailUrl":"https:\/\/www.eldiariodetucuman.com\/web\/wp-content\/uploads\/2019\/08\/gestante.jpeg","keywords":["gestaci\u00f3n","Ley","Tucuman"],"articleSection":["Actualidad"],"inLanguage":"es"},{"@type":"WebPage","@id":"https:\/\/www.eldiariodetucuman.com\/web\/segundo-caso-en-la-provincia-gestara-el-bebe-de-su-amiga\/","url":"https:\/\/www.eldiariodetucuman.com\/web\/segundo-caso-en-la-provincia-gestara-el-bebe-de-su-amiga\/","name":"Segundo caso en la provincia: Gestar\u00e1 el beb\u00e9 de su amiga - El Diario de Tucuman","isPartOf":{"@id":"https:\/\/www.eldiariodetucuman.com\/web\/#website"},"primaryImageOfPage":{"@id":"https:\/\/www.eldiariodetucuman.com\/web\/segundo-caso-en-la-provincia-gestara-el-bebe-de-su-amiga\/#primaryimage"},"image":{"@id":"https:\/\/www.eldiariodetucuman.com\/web\/segundo-caso-en-la-provincia-gestara-el-bebe-de-su-amiga\/#primaryimage"},"thumbnailUrl":"https:\/\/www.eldiariodetucuman.com\/web\/wp-content\/uploads\/2019\/08\/gestante.jpeg","datePublished":"2019-08-09T11:48:59+00:00","dateModified":"2019-08-09T11:49:29+00:00","breadcrumb":{"@id":"https:\/\/www.eldiariodetucuman.com\/web\/segundo-caso-en-la-provincia-gestara-el-bebe-de-su-amiga\/#breadcrumb"},"inLanguage":"es","potentialAction":[{"@type":"ReadAction","target":["https:\/\/www.eldiariodetucuman.com\/web\/segundo-caso-en-la-provincia-gestara-el-bebe-de-su-amiga\/"]}]},{"@type":"ImageObject","inLanguage":"es","@id":"https:\/\/www.eldiariodetucuman.com\/web\/segundo-caso-en-la-provincia-gestara-el-bebe-de-su-amiga\/#primaryimage","url":"https:\/\/www.eldiariodetucuman.com\/web\/wp-content\/uploads\/2019\/08\/gestante.jpeg","contentUrl":"https:\/\/www.eldiariodetucuman.com\/web\/wp-content\/uploads\/2019\/08\/gestante.jpeg","width":800,"height":450},{"@type":"BreadcrumbList","@id":"https:\/\/www.eldiariodetucuman.com\/web\/segundo-caso-en-la-provincia-gestara-el-bebe-de-su-amiga\/#breadcrumb","itemListElement":[{"@type":"ListItem","position":1,"name":"Portada","item":"https:\/\/www.eldiariodetucuman.com\/web\/"},{"@type":"ListItem","position":2,"name":"Segundo caso en la provincia: Gestar\u00e1 el beb\u00e9 de su amiga"}]},{"@type":"WebSite","@id":"https:\/\/www.eldiariodetucuman.com\/web\/#website","url":"https:\/\/www.eldiariodetucuman.com\/web\/","name":"El Diario de Tucuman","description":"Diario Tucuman - Informaci\u00f3n y noticias","publisher":{"@id":"https:\/\/www.eldiariodetucuman.com\/web\/#organization"},"potentialAction":[{"@type":"SearchAction","target":{"@type":"EntryPoint","urlTemplate":"https:\/\/www.eldiariodetucuman.com\/web\/?s={search_term_string}"},"query-input":{"@type":"PropertyValueSpecification","valueRequired":true,"valueName":"search_term_string"}}],"inLanguage":"es"},{"@type":"Organization","@id":"https:\/\/www.eldiariodetucuman.com\/web\/#organization","name":"El Diario de Tucuman","url":"https:\/\/www.eldiariodetucuman.com\/web\/","logo":{"@type":"ImageObject","inLanguage":"es","@id":"https:\/\/www.eldiariodetucuman.com\/web\/#\/schema\/logo\/image\/","url":"http:\/\/www.eldiariodetucuman.com\/web\/wp-content\/uploads\/2017\/12\/el-diario-de-tucuman.jpg","contentUrl":"http:\/\/www.eldiariodetucuman.com\/web\/wp-content\/uploads\/2017\/12\/el-diario-de-tucuman.jpg","width":272,"height":92,"caption":"El Diario de Tucuman"},"image":{"@id":"https:\/\/www.eldiariodetucuman.com\/web\/#\/schema\/logo\/image\/"}},{"@type":"Person","@id":"https:\/\/www.eldiariodetucuman.com\/web\/#\/schema\/person\/7e6644a46e60888f6b868594407e08dd","name":"Redactor Uno","image":{"@type":"ImageObject","inLanguage":"es","@id":"https:\/\/secure.gravatar.com\/avatar\/0049b1bdf1bd548385c9ea6b9356431717930913089febd2ba904f0187d7d074?s=96&d=mm&r=g","url":"https:\/\/secure.gravatar.com\/avatar\/0049b1bdf1bd548385c9ea6b9356431717930913089febd2ba904f0187d7d074?s=96&d=mm&r=g","contentUrl":"https:\/\/secure.gravatar.com\/avatar\/0049b1bdf1bd548385c9ea6b9356431717930913089febd2ba904f0187d7d074?s=96&d=mm&r=g","caption":"Redactor Uno"},"url":"https:\/\/www.eldiariodetucuman.com\/web\/author\/mramasco\/"}]}},"_links":{"self":[{"href":"https:\/\/www.eldiariodetucuman.com\/web\/wp-json\/wp\/v2\/posts\/24387","targetHints":{"allow":["GET"]}}],"collection":[{"href":"https:\/\/www.eldiariodetucuman.com\/web\/wp-json\/wp\/v2\/posts"}],"about":[{"href":"https:\/\/www.eldiariodetucuman.com\/web\/wp-json\/wp\/v2\/types\/post"}],"author":[{"embeddable":true,"href":"https:\/\/www.eldiariodetucuman.com\/web\/wp-json\/wp\/v2\/users\/5"}],"replies":[{"embeddable":true,"href":"https:\/\/www.eldiariodetucuman.com\/web\/wp-json\/wp\/v2\/comments?post=24387"}],"version-history":[{"count":2,"href":"https:\/\/www.eldiariodetucuman.com\/web\/wp-json\/wp\/v2\/posts\/24387\/revisions"}],"predecessor-version":[{"id":24390,"href":"https:\/\/www.eldiariodetucuman.com\/web\/wp-json\/wp\/v2\/posts\/24387\/revisions\/24390"}],"wp:featuredmedia":[{"embeddable":true,"href":"https:\/\/www.eldiariodetucuman.com\/web\/wp-json\/wp\/v2\/media\/24388"}],"wp:attachment":[{"href":"https:\/\/www.eldiariodetucuman.com\/web\/wp-json\/wp\/v2\/media?parent=24387"}],"wp:term":[{"taxonomy":"category","embeddable":true,"href":"https:\/\/www.eldiariodetucuman.com\/web\/wp-json\/wp\/v2\/categories?post=24387"},{"taxonomy":"post_tag","embeddable":true,"href":"https:\/\/www.eldiariodetucuman.com\/web\/wp-json\/wp\/v2\/tags?post=24387"}],"curies":[{"name":"wp","href":"https:\/\/api.w.org\/{rel}","templated":true}]}}