{"id":23919,"date":"2019-07-05T08:14:13","date_gmt":"2019-07-05T11:14:13","guid":{"rendered":"http:\/\/www.eldiariodetucuman.com\/web\/?p=23919"},"modified":"2019-07-05T08:14:13","modified_gmt":"2019-07-05T11:14:13","slug":"salio-de-la-carcel-y-una-hora-despues-volvio-a-robar","status":"publish","type":"post","link":"https:\/\/www.eldiariodetucuman.com\/web\/salio-de-la-carcel-y-una-hora-despues-volvio-a-robar\/","title":{"rendered":"Sali\u00f3 de la c\u00e1rcel y una hora despu\u00e9s volvi\u00f3 a robar"},"content":{"rendered":"<header class=\"entry-header\">\n<p class=\"entry-title h1\"><span style=\"font-size: 16px;\">El joven hab\u00eda firmado a las 2.05 el libro de guardia de la Unidad de Investigaciones Criminales y Delitos Complejos de Yerba Buena. El registr\u00f3 oficializaba su salida en libertad, cumpliendo con una disposici\u00f3n judicial. Horas m\u00e1s tarde, el mismo muchacho, de 21 a\u00f1os, era aprehendido por ser el principal sospechoso del robo de una moto en una casa.<\/span><\/p>\n<\/header>\n<p><!--more--><\/p>\n<div class=\"entry-content herald-entry-content\">\n<p>Tras salir de la dependencia policial, el acusado rompi\u00f3 el port\u00f3n de la vivienda, ubicada cerca de la avenida Aconquija, y habr\u00eda sustra\u00eddo del interior el motoveh\u00edculo marca Bajaj Dominar 400. El reloj marcaba ya las 3.29 de la madrugada.<\/p>\n<p>Los propietarios de la casa dieron a conocer el hecho a trav\u00e9s de las redes sociales. Adem\u00e1s solicitaban datos sobre el paradero del rodado y del autor del il\u00edcito.<\/p>\n<p>Las v\u00edctimas recibieron poco tiempo despu\u00e9s la noticia: el personal de la Brigada de Investigaciones hab\u00eda recuperado la unidad. \u201cSe pudo acceder una filmaci\u00f3n, que sirvi\u00f3 para distinguir a la persona que se hab\u00eda llevado la moto\u201d, cont\u00f3 una integrante de la familia a trav\u00e9s de las redes.<\/p>\n<p>En la Fiscal\u00eda Especializada en Robos y Hurtos I, a cargo de\u00a0<strong>Diego<\/strong>\u00a0<strong>L\u00f3pez \u00c1vila<\/strong>, confirmaron ayer la aprehensi\u00f3n del sospechoso y el hallazgo de la motocicleta en el barrio conocido como \u201cCiudad Oculta\u201d.<\/p>\n<p><strong>Otro caso<\/strong><\/p>\n<p>Fuentes policiales dijeron que el aprehendido hab\u00eda estado encerrado en el marco de una causa por da\u00f1os intencionales, violencia de g\u00e9nero y amenaza de muerte a su pareja y a sus suegros. \u201cTen\u00eda restricci\u00f3n de acercamiento\u201d, explic\u00f3 el director de la Brigada Norte,\u00a0<strong>Sergio Ju\u00e1rez<\/strong>.<\/p>\n<p>El aparente autor del robo de la moto ten\u00eda antecedentes tambi\u00e9n por este mismo delito, como tambi\u00e9n por lesiones. \u201cNo termin\u00f3 de salir y fue aprehendido nuevamente\u201d, enfatiz\u00f3 el comisario.<\/p>\n<p>El oficial relat\u00f3 que, a trav\u00e9s de la filmaci\u00f3n, uno de los empleados de la dependencia policial logr\u00f3 identificar al muchacho, teniendo en cuenta los anteriores il\u00edcitos.<\/p>\n<p>\u201cLa moto estaba en \u2018Ciudad Oculta, cerca de un descampado grande. La ubicaron a la lado de un canal. Ah\u00ed, se hizo un rastrillaje. En esta zona se encuentran muchos elementos que son sustra\u00eddos en distintos hechos\u201d, explic\u00f3.<\/p>\n<p>El sospechoso fue ubicado posteriormente en San Jos\u00e9, donde lo redujeron. \u201cLlevaba puestas las mismas prendas de vestir que hab\u00eda usado en el robo\u201d, se\u00f1al\u00f3 Ju\u00e1rez.<\/p>\n<p><strong>Fuente:<\/strong> <a href=\"http:\/\/www.losprimeros.tv\/nota\/108225\/recupero-libertad-una-hora-despues-volvio-robar.html\">http:\/\/www.losprimeros.tv\/nota\/108225\/recupero-libertad-una-hora-despues-volvio-robar.html\u00a0<\/a><\/p>\n<\/div>\n","protected":false},"excerpt":{"rendered":"<p>El joven hab\u00eda firmado a las 2.05 el libro de guardia de la Unidad de Investigaciones Criminales y Delitos Complejos de Yerba Buena. El registr\u00f3 oficializaba su salida en libertad, cumpliendo con una disposici\u00f3n judicial. Horas m\u00e1s tarde, el mismo muchacho, de 21 a\u00f1os, era aprehendido por ser el principal sospechoso del robo de una [&hellip;]<\/p>\n","protected":false},"author":5,"featured_media":23920,"comment_status":"closed","ping_status":"open","sticky":false,"template":"","format":"standard","meta":{"footnotes":""},"categories":[927],"tags":[57,61],"class_list":{"0":"post-23919","1":"post","2":"type-post","3":"status-publish","4":"format-standard","5":"has-post-thumbnail","7":"category-policiales","8":"tag-seguridad","9":"tag-tucuman"},"yoast_head":"<!-- This site is optimized with the Yoast SEO plugin v27.4 - https:\/\/yoast.com\/product\/yoast-seo-wordpress\/ -->\n<title>Sali\u00f3 de la c\u00e1rcel y una hora despu\u00e9s volvi\u00f3 a robar - El Diario de Tucuman<\/title>\n<meta name=\"robots\" content=\"index, follow, max-snippet:-1, max-image-preview:large, max-video-preview:-1\" \/>\n<link rel=\"canonical\" href=\"https:\/\/www.eldiariodetucuman.com\/web\/salio-de-la-carcel-y-una-hora-despues-volvio-a-robar\/\" \/>\n<meta property=\"og:locale\" content=\"es_ES\" \/>\n<meta property=\"og:type\" content=\"article\" \/>\n<meta property=\"og:title\" content=\"Sali\u00f3 de la c\u00e1rcel y una hora despu\u00e9s volvi\u00f3 a robar - El Diario de Tucuman\" \/>\n<meta property=\"og:description\" content=\"El joven hab\u00eda firmado a las 2.05 el libro de guardia de la Unidad de Investigaciones Criminales y Delitos Complejos de Yerba Buena. El registr\u00f3 oficializaba su salida en libertad, cumpliendo con una disposici\u00f3n judicial. Horas m\u00e1s tarde, el mismo muchacho, de 21 a\u00f1os, era aprehendido por ser el principal sospechoso del robo de una [&hellip;]\" \/>\n<meta property=\"og:url\" content=\"https:\/\/www.eldiariodetucuman.com\/web\/salio-de-la-carcel-y-una-hora-despues-volvio-a-robar\/\" \/>\n<meta property=\"og:site_name\" content=\"El Diario de Tucuman\" \/>\n<meta property=\"article:published_time\" content=\"2019-07-05T11:14:13+00:00\" \/>\n<meta property=\"og:image\" content=\"https:\/\/www.eldiariodetucuman.com\/web\/wp-content\/uploads\/2019\/07\/carcel.jpg\" \/>\n\t<meta property=\"og:image:width\" content=\"1500\" \/>\n\t<meta property=\"og:image:height\" content=\"843\" \/>\n\t<meta property=\"og:image:type\" content=\"image\/jpeg\" \/>\n<meta name=\"author\" content=\"Redactor Uno\" \/>\n<meta name=\"twitter:card\" content=\"summary_large_image\" \/>\n<meta name=\"twitter:label1\" content=\"Escrito por\" \/>\n\t<meta name=\"twitter:data1\" content=\"Redactor Uno\" \/>\n\t<meta name=\"twitter:label2\" content=\"Tiempo de lectura\" \/>\n\t<meta name=\"twitter:data2\" content=\"2 minutos\" \/>\n<script type=\"application\/ld+json\" class=\"yoast-schema-graph\">{\"@context\":\"https:\\\/\\\/schema.org\",\"@graph\":[{\"@type\":\"Article\",\"@id\":\"https:\\\/\\\/www.eldiariodetucuman.com\\\/web\\\/salio-de-la-carcel-y-una-hora-despues-volvio-a-robar\\\/#article\",\"isPartOf\":{\"@id\":\"https:\\\/\\\/www.eldiariodetucuman.com\\\/web\\\/salio-de-la-carcel-y-una-hora-despues-volvio-a-robar\\\/\"},\"author\":{\"name\":\"Redactor Uno\",\"@id\":\"https:\\\/\\\/www.eldiariodetucuman.com\\\/web\\\/#\\\/schema\\\/person\\\/7e6644a46e60888f6b868594407e08dd\"},\"headline\":\"Sali\u00f3 de la c\u00e1rcel y una hora despu\u00e9s volvi\u00f3 a robar\",\"datePublished\":\"2019-07-05T11:14:13+00:00\",\"mainEntityOfPage\":{\"@id\":\"https:\\\/\\\/www.eldiariodetucuman.com\\\/web\\\/salio-de-la-carcel-y-una-hora-despues-volvio-a-robar\\\/\"},\"wordCount\":431,\"publisher\":{\"@id\":\"https:\\\/\\\/www.eldiariodetucuman.com\\\/web\\\/#organization\"},\"image\":{\"@id\":\"https:\\\/\\\/www.eldiariodetucuman.com\\\/web\\\/salio-de-la-carcel-y-una-hora-despues-volvio-a-robar\\\/#primaryimage\"},\"thumbnailUrl\":\"https:\\\/\\\/www.eldiariodetucuman.com\\\/web\\\/wp-content\\\/uploads\\\/2019\\\/07\\\/carcel.jpg\",\"keywords\":[\"seguridad\",\"Tucuman\"],\"articleSection\":[\"Policiales\"],\"inLanguage\":\"es\"},{\"@type\":\"WebPage\",\"@id\":\"https:\\\/\\\/www.eldiariodetucuman.com\\\/web\\\/salio-de-la-carcel-y-una-hora-despues-volvio-a-robar\\\/\",\"url\":\"https:\\\/\\\/www.eldiariodetucuman.com\\\/web\\\/salio-de-la-carcel-y-una-hora-despues-volvio-a-robar\\\/\",\"name\":\"Sali\u00f3 de la c\u00e1rcel y una hora despu\u00e9s volvi\u00f3 a robar - El Diario de Tucuman\",\"isPartOf\":{\"@id\":\"https:\\\/\\\/www.eldiariodetucuman.com\\\/web\\\/#website\"},\"primaryImageOfPage\":{\"@id\":\"https:\\\/\\\/www.eldiariodetucuman.com\\\/web\\\/salio-de-la-carcel-y-una-hora-despues-volvio-a-robar\\\/#primaryimage\"},\"image\":{\"@id\":\"https:\\\/\\\/www.eldiariodetucuman.com\\\/web\\\/salio-de-la-carcel-y-una-hora-despues-volvio-a-robar\\\/#primaryimage\"},\"thumbnailUrl\":\"https:\\\/\\\/www.eldiariodetucuman.com\\\/web\\\/wp-content\\\/uploads\\\/2019\\\/07\\\/carcel.jpg\",\"datePublished\":\"2019-07-05T11:14:13+00:00\",\"breadcrumb\":{\"@id\":\"https:\\\/\\\/www.eldiariodetucuman.com\\\/web\\\/salio-de-la-carcel-y-una-hora-despues-volvio-a-robar\\\/#breadcrumb\"},\"inLanguage\":\"es\",\"potentialAction\":[{\"@type\":\"ReadAction\",\"target\":[\"https:\\\/\\\/www.eldiariodetucuman.com\\\/web\\\/salio-de-la-carcel-y-una-hora-despues-volvio-a-robar\\\/\"]}]},{\"@type\":\"ImageObject\",\"inLanguage\":\"es\",\"@id\":\"https:\\\/\\\/www.eldiariodetucuman.com\\\/web\\\/salio-de-la-carcel-y-una-hora-despues-volvio-a-robar\\\/#primaryimage\",\"url\":\"https:\\\/\\\/www.eldiariodetucuman.com\\\/web\\\/wp-content\\\/uploads\\\/2019\\\/07\\\/carcel.jpg\",\"contentUrl\":\"https:\\\/\\\/www.eldiariodetucuman.com\\\/web\\\/wp-content\\\/uploads\\\/2019\\\/07\\\/carcel.jpg\",\"width\":1500,\"height\":843},{\"@type\":\"BreadcrumbList\",\"@id\":\"https:\\\/\\\/www.eldiariodetucuman.com\\\/web\\\/salio-de-la-carcel-y-una-hora-despues-volvio-a-robar\\\/#breadcrumb\",\"itemListElement\":[{\"@type\":\"ListItem\",\"position\":1,\"name\":\"Portada\",\"item\":\"https:\\\/\\\/www.eldiariodetucuman.com\\\/web\\\/\"},{\"@type\":\"ListItem\",\"position\":2,\"name\":\"Sali\u00f3 de la c\u00e1rcel y una hora despu\u00e9s volvi\u00f3 a robar\"}]},{\"@type\":\"WebSite\",\"@id\":\"https:\\\/\\\/www.eldiariodetucuman.com\\\/web\\\/#website\",\"url\":\"https:\\\/\\\/www.eldiariodetucuman.com\\\/web\\\/\",\"name\":\"El Diario de Tucuman\",\"description\":\"Diario Tucuman - Informaci\u00f3n y noticias\",\"publisher\":{\"@id\":\"https:\\\/\\\/www.eldiariodetucuman.com\\\/web\\\/#organization\"},\"potentialAction\":[{\"@type\":\"SearchAction\",\"target\":{\"@type\":\"EntryPoint\",\"urlTemplate\":\"https:\\\/\\\/www.eldiariodetucuman.com\\\/web\\\/?s={search_term_string}\"},\"query-input\":{\"@type\":\"PropertyValueSpecification\",\"valueRequired\":true,\"valueName\":\"search_term_string\"}}],\"inLanguage\":\"es\"},{\"@type\":\"Organization\",\"@id\":\"https:\\\/\\\/www.eldiariodetucuman.com\\\/web\\\/#organization\",\"name\":\"El Diario de Tucuman\",\"url\":\"https:\\\/\\\/www.eldiariodetucuman.com\\\/web\\\/\",\"logo\":{\"@type\":\"ImageObject\",\"inLanguage\":\"es\",\"@id\":\"https:\\\/\\\/www.eldiariodetucuman.com\\\/web\\\/#\\\/schema\\\/logo\\\/image\\\/\",\"url\":\"http:\\\/\\\/www.eldiariodetucuman.com\\\/web\\\/wp-content\\\/uploads\\\/2017\\\/12\\\/el-diario-de-tucuman.jpg\",\"contentUrl\":\"http:\\\/\\\/www.eldiariodetucuman.com\\\/web\\\/wp-content\\\/uploads\\\/2017\\\/12\\\/el-diario-de-tucuman.jpg\",\"width\":272,\"height\":92,\"caption\":\"El Diario de Tucuman\"},\"image\":{\"@id\":\"https:\\\/\\\/www.eldiariodetucuman.com\\\/web\\\/#\\\/schema\\\/logo\\\/image\\\/\"}},{\"@type\":\"Person\",\"@id\":\"https:\\\/\\\/www.eldiariodetucuman.com\\\/web\\\/#\\\/schema\\\/person\\\/7e6644a46e60888f6b868594407e08dd\",\"name\":\"Redactor Uno\",\"image\":{\"@type\":\"ImageObject\",\"inLanguage\":\"es\",\"@id\":\"https:\\\/\\\/secure.gravatar.com\\\/avatar\\\/0049b1bdf1bd548385c9ea6b9356431717930913089febd2ba904f0187d7d074?s=96&d=mm&r=g\",\"url\":\"https:\\\/\\\/secure.gravatar.com\\\/avatar\\\/0049b1bdf1bd548385c9ea6b9356431717930913089febd2ba904f0187d7d074?s=96&d=mm&r=g\",\"contentUrl\":\"https:\\\/\\\/secure.gravatar.com\\\/avatar\\\/0049b1bdf1bd548385c9ea6b9356431717930913089febd2ba904f0187d7d074?s=96&d=mm&r=g\",\"caption\":\"Redactor Uno\"},\"url\":\"https:\\\/\\\/www.eldiariodetucuman.com\\\/web\\\/author\\\/mramasco\\\/\"}]}<\/script>\n<!-- \/ Yoast SEO plugin. -->","yoast_head_json":{"title":"Sali\u00f3 de la c\u00e1rcel y una hora despu\u00e9s volvi\u00f3 a robar - El Diario de Tucuman","robots":{"index":"index","follow":"follow","max-snippet":"max-snippet:-1","max-image-preview":"max-image-preview:large","max-video-preview":"max-video-preview:-1"},"canonical":"https:\/\/www.eldiariodetucuman.com\/web\/salio-de-la-carcel-y-una-hora-despues-volvio-a-robar\/","og_locale":"es_ES","og_type":"article","og_title":"Sali\u00f3 de la c\u00e1rcel y una hora despu\u00e9s volvi\u00f3 a robar - El Diario de Tucuman","og_description":"El joven hab\u00eda firmado a las 2.05 el libro de guardia de la Unidad de Investigaciones Criminales y Delitos Complejos de Yerba Buena. El registr\u00f3 oficializaba su salida en libertad, cumpliendo con una disposici\u00f3n judicial. Horas m\u00e1s tarde, el mismo muchacho, de 21 a\u00f1os, era aprehendido por ser el principal sospechoso del robo de una [&hellip;]","og_url":"https:\/\/www.eldiariodetucuman.com\/web\/salio-de-la-carcel-y-una-hora-despues-volvio-a-robar\/","og_site_name":"El Diario de Tucuman","article_published_time":"2019-07-05T11:14:13+00:00","og_image":[{"width":1500,"height":843,"url":"https:\/\/www.eldiariodetucuman.com\/web\/wp-content\/uploads\/2019\/07\/carcel.jpg","type":"image\/jpeg"}],"author":"Redactor Uno","twitter_card":"summary_large_image","twitter_misc":{"Escrito por":"Redactor Uno","Tiempo de lectura":"2 minutos"},"schema":{"@context":"https:\/\/schema.org","@graph":[{"@type":"Article","@id":"https:\/\/www.eldiariodetucuman.com\/web\/salio-de-la-carcel-y-una-hora-despues-volvio-a-robar\/#article","isPartOf":{"@id":"https:\/\/www.eldiariodetucuman.com\/web\/salio-de-la-carcel-y-una-hora-despues-volvio-a-robar\/"},"author":{"name":"Redactor Uno","@id":"https:\/\/www.eldiariodetucuman.com\/web\/#\/schema\/person\/7e6644a46e60888f6b868594407e08dd"},"headline":"Sali\u00f3 de la c\u00e1rcel y una hora despu\u00e9s volvi\u00f3 a robar","datePublished":"2019-07-05T11:14:13+00:00","mainEntityOfPage":{"@id":"https:\/\/www.eldiariodetucuman.com\/web\/salio-de-la-carcel-y-una-hora-despues-volvio-a-robar\/"},"wordCount":431,"publisher":{"@id":"https:\/\/www.eldiariodetucuman.com\/web\/#organization"},"image":{"@id":"https:\/\/www.eldiariodetucuman.com\/web\/salio-de-la-carcel-y-una-hora-despues-volvio-a-robar\/#primaryimage"},"thumbnailUrl":"https:\/\/www.eldiariodetucuman.com\/web\/wp-content\/uploads\/2019\/07\/carcel.jpg","keywords":["seguridad","Tucuman"],"articleSection":["Policiales"],"inLanguage":"es"},{"@type":"WebPage","@id":"https:\/\/www.eldiariodetucuman.com\/web\/salio-de-la-carcel-y-una-hora-despues-volvio-a-robar\/","url":"https:\/\/www.eldiariodetucuman.com\/web\/salio-de-la-carcel-y-una-hora-despues-volvio-a-robar\/","name":"Sali\u00f3 de la c\u00e1rcel y una hora despu\u00e9s volvi\u00f3 a robar - El Diario de Tucuman","isPartOf":{"@id":"https:\/\/www.eldiariodetucuman.com\/web\/#website"},"primaryImageOfPage":{"@id":"https:\/\/www.eldiariodetucuman.com\/web\/salio-de-la-carcel-y-una-hora-despues-volvio-a-robar\/#primaryimage"},"image":{"@id":"https:\/\/www.eldiariodetucuman.com\/web\/salio-de-la-carcel-y-una-hora-despues-volvio-a-robar\/#primaryimage"},"thumbnailUrl":"https:\/\/www.eldiariodetucuman.com\/web\/wp-content\/uploads\/2019\/07\/carcel.jpg","datePublished":"2019-07-05T11:14:13+00:00","breadcrumb":{"@id":"https:\/\/www.eldiariodetucuman.com\/web\/salio-de-la-carcel-y-una-hora-despues-volvio-a-robar\/#breadcrumb"},"inLanguage":"es","potentialAction":[{"@type":"ReadAction","target":["https:\/\/www.eldiariodetucuman.com\/web\/salio-de-la-carcel-y-una-hora-despues-volvio-a-robar\/"]}]},{"@type":"ImageObject","inLanguage":"es","@id":"https:\/\/www.eldiariodetucuman.com\/web\/salio-de-la-carcel-y-una-hora-despues-volvio-a-robar\/#primaryimage","url":"https:\/\/www.eldiariodetucuman.com\/web\/wp-content\/uploads\/2019\/07\/carcel.jpg","contentUrl":"https:\/\/www.eldiariodetucuman.com\/web\/wp-content\/uploads\/2019\/07\/carcel.jpg","width":1500,"height":843},{"@type":"BreadcrumbList","@id":"https:\/\/www.eldiariodetucuman.com\/web\/salio-de-la-carcel-y-una-hora-despues-volvio-a-robar\/#breadcrumb","itemListElement":[{"@type":"ListItem","position":1,"name":"Portada","item":"https:\/\/www.eldiariodetucuman.com\/web\/"},{"@type":"ListItem","position":2,"name":"Sali\u00f3 de la c\u00e1rcel y una hora despu\u00e9s volvi\u00f3 a robar"}]},{"@type":"WebSite","@id":"https:\/\/www.eldiariodetucuman.com\/web\/#website","url":"https:\/\/www.eldiariodetucuman.com\/web\/","name":"El Diario de Tucuman","description":"Diario Tucuman - Informaci\u00f3n y noticias","publisher":{"@id":"https:\/\/www.eldiariodetucuman.com\/web\/#organization"},"potentialAction":[{"@type":"SearchAction","target":{"@type":"EntryPoint","urlTemplate":"https:\/\/www.eldiariodetucuman.com\/web\/?s={search_term_string}"},"query-input":{"@type":"PropertyValueSpecification","valueRequired":true,"valueName":"search_term_string"}}],"inLanguage":"es"},{"@type":"Organization","@id":"https:\/\/www.eldiariodetucuman.com\/web\/#organization","name":"El Diario de Tucuman","url":"https:\/\/www.eldiariodetucuman.com\/web\/","logo":{"@type":"ImageObject","inLanguage":"es","@id":"https:\/\/www.eldiariodetucuman.com\/web\/#\/schema\/logo\/image\/","url":"http:\/\/www.eldiariodetucuman.com\/web\/wp-content\/uploads\/2017\/12\/el-diario-de-tucuman.jpg","contentUrl":"http:\/\/www.eldiariodetucuman.com\/web\/wp-content\/uploads\/2017\/12\/el-diario-de-tucuman.jpg","width":272,"height":92,"caption":"El Diario de Tucuman"},"image":{"@id":"https:\/\/www.eldiariodetucuman.com\/web\/#\/schema\/logo\/image\/"}},{"@type":"Person","@id":"https:\/\/www.eldiariodetucuman.com\/web\/#\/schema\/person\/7e6644a46e60888f6b868594407e08dd","name":"Redactor Uno","image":{"@type":"ImageObject","inLanguage":"es","@id":"https:\/\/secure.gravatar.com\/avatar\/0049b1bdf1bd548385c9ea6b9356431717930913089febd2ba904f0187d7d074?s=96&d=mm&r=g","url":"https:\/\/secure.gravatar.com\/avatar\/0049b1bdf1bd548385c9ea6b9356431717930913089febd2ba904f0187d7d074?s=96&d=mm&r=g","contentUrl":"https:\/\/secure.gravatar.com\/avatar\/0049b1bdf1bd548385c9ea6b9356431717930913089febd2ba904f0187d7d074?s=96&d=mm&r=g","caption":"Redactor Uno"},"url":"https:\/\/www.eldiariodetucuman.com\/web\/author\/mramasco\/"}]}},"_links":{"self":[{"href":"https:\/\/www.eldiariodetucuman.com\/web\/wp-json\/wp\/v2\/posts\/23919","targetHints":{"allow":["GET"]}}],"collection":[{"href":"https:\/\/www.eldiariodetucuman.com\/web\/wp-json\/wp\/v2\/posts"}],"about":[{"href":"https:\/\/www.eldiariodetucuman.com\/web\/wp-json\/wp\/v2\/types\/post"}],"author":[{"embeddable":true,"href":"https:\/\/www.eldiariodetucuman.com\/web\/wp-json\/wp\/v2\/users\/5"}],"replies":[{"embeddable":true,"href":"https:\/\/www.eldiariodetucuman.com\/web\/wp-json\/wp\/v2\/comments?post=23919"}],"version-history":[{"count":1,"href":"https:\/\/www.eldiariodetucuman.com\/web\/wp-json\/wp\/v2\/posts\/23919\/revisions"}],"predecessor-version":[{"id":23921,"href":"https:\/\/www.eldiariodetucuman.com\/web\/wp-json\/wp\/v2\/posts\/23919\/revisions\/23921"}],"wp:featuredmedia":[{"embeddable":true,"href":"https:\/\/www.eldiariodetucuman.com\/web\/wp-json\/wp\/v2\/media\/23920"}],"wp:attachment":[{"href":"https:\/\/www.eldiariodetucuman.com\/web\/wp-json\/wp\/v2\/media?parent=23919"}],"wp:term":[{"taxonomy":"category","embeddable":true,"href":"https:\/\/www.eldiariodetucuman.com\/web\/wp-json\/wp\/v2\/categories?post=23919"},{"taxonomy":"post_tag","embeddable":true,"href":"https:\/\/www.eldiariodetucuman.com\/web\/wp-json\/wp\/v2\/tags?post=23919"}],"curies":[{"name":"wp","href":"https:\/\/api.w.org\/{rel}","templated":true}]}}