{"id":23916,"date":"2019-07-04T10:09:36","date_gmt":"2019-07-04T13:09:36","guid":{"rendered":"http:\/\/www.eldiariodetucuman.com\/web\/?p=23916"},"modified":"2019-07-04T10:09:36","modified_gmt":"2019-07-04T13:09:36","slug":"conmemoran-el-dia-internacional-de-las-cooperativas","status":"publish","type":"post","link":"https:\/\/www.eldiariodetucuman.com\/web\/conmemoran-el-dia-internacional-de-las-cooperativas\/","title":{"rendered":"Conmemoran el \u201cD\u00eda Internacional de las Cooperativas\u201d"},"content":{"rendered":"<p><em>El Instituto Provincial de Acci\u00f3n Cooperativa y Mutual rendir\u00e1 homenaje a las entidades que el pr\u00f3ximo s\u00e1bado celebran el \u201cD\u00eda Internacional de las Cooperativas\u201d.<\/em><\/p>\n<p><!--more--><\/p>\n<p>Como cada primer s\u00e1bado de julio, cuando en 1992 la Asamblea General de las Naciones Unidas proclam\u00f3 el <strong>D\u00eda Internacional de las Cooperativas<\/strong>, el movimiento se viste de fiesta. En ese marco, el organismo que nuclea la actividad en la provincia llevar\u00e1 a cabo un acto para resaltar la importancia de los principales actores de la econom\u00eda social.<\/p>\n<p>La cita es este viernes 5 a las 10.30 en el sal\u00f3n de actos de la Cooperativa Farmac\u00e9utica de Provisi\u00f3n y Consumo Alberdi Ltda. (COFARAL) sito en calle La Rioja 227, San Miguel de Tucum\u00e1n. Participar\u00e1n autoridades y representantes del sector. Adem\u00e1s se har\u00e1 entrega de matr\u00edculas y reconocimientos.<\/p>\n<p>Tanto la Alianza Cooperativa Internacional (ACI) como las confederaciones de Cooperativas de todos los continentes promocionan por estos d\u00edas la pr\u00f3xima celebraci\u00f3n del D\u00eda Internacional de las Cooperativas, bajo el lema \u201cCoops x un trabajo digno\u201d.<\/p>\n<p><strong><em>El mensaje com\u00fan es que las cooperativas son empresas centradas en las personas, que se caracterizan por un control democr\u00e1tico que da prioridad al desarrollo humano y la justicia social en el lugar de trabajo.<\/em><\/strong><\/p>\n<p><strong>Fuente:<\/strong> IPACyM<\/p>\n","protected":false},"excerpt":{"rendered":"<p>El Instituto Provincial de Acci\u00f3n Cooperativa y Mutual rendir\u00e1 homenaje a las entidades que el pr\u00f3ximo s\u00e1bado celebran el \u201cD\u00eda Internacional de las Cooperativas\u201d.<\/p>\n","protected":false},"author":5,"featured_media":23917,"comment_status":"closed","ping_status":"open","sticky":false,"template":"","format":"standard","meta":{"footnotes":""},"categories":[2],"tags":[603,602,600,61],"class_list":{"0":"post-23916","1":"post","2":"type-post","3":"status-publish","4":"format-standard","5":"has-post-thumbnail","7":"category-actualidad","8":"tag-cooperativas","9":"tag-ipacym","10":"tag-regino-racedo","11":"tag-tucuman"},"yoast_head":"<!-- This site is optimized with the Yoast SEO plugin v27.4 - https:\/\/yoast.com\/product\/yoast-seo-wordpress\/ -->\n<title>Conmemoran el \u201cD\u00eda Internacional de las Cooperativas\u201d - El Diario de Tucuman<\/title>\n<meta name=\"robots\" content=\"index, follow, max-snippet:-1, max-image-preview:large, max-video-preview:-1\" \/>\n<link rel=\"canonical\" href=\"https:\/\/www.eldiariodetucuman.com\/web\/conmemoran-el-dia-internacional-de-las-cooperativas\/\" \/>\n<meta property=\"og:locale\" content=\"es_ES\" \/>\n<meta property=\"og:type\" content=\"article\" \/>\n<meta property=\"og:title\" content=\"Conmemoran el \u201cD\u00eda Internacional de las Cooperativas\u201d - El Diario de Tucuman\" \/>\n<meta property=\"og:description\" content=\"El Instituto Provincial de Acci\u00f3n Cooperativa y Mutual rendir\u00e1 homenaje a las entidades que el pr\u00f3ximo s\u00e1bado celebran el \u201cD\u00eda Internacional de las Cooperativas\u201d.\" \/>\n<meta property=\"og:url\" content=\"https:\/\/www.eldiariodetucuman.com\/web\/conmemoran-el-dia-internacional-de-las-cooperativas\/\" \/>\n<meta property=\"og:site_name\" content=\"El Diario de Tucuman\" \/>\n<meta property=\"article:published_time\" content=\"2019-07-04T13:09:36+00:00\" \/>\n<meta property=\"og:image\" content=\"https:\/\/www.eldiariodetucuman.com\/web\/wp-content\/uploads\/2019\/07\/ActoCoop06.jpg\" \/>\n\t<meta property=\"og:image:width\" content=\"2000\" \/>\n\t<meta property=\"og:image:height\" content=\"1000\" \/>\n\t<meta property=\"og:image:type\" content=\"image\/jpeg\" \/>\n<meta name=\"author\" content=\"Redactor Uno\" \/>\n<meta name=\"twitter:card\" content=\"summary_large_image\" \/>\n<meta name=\"twitter:label1\" content=\"Escrito por\" \/>\n\t<meta name=\"twitter:data1\" content=\"Redactor Uno\" \/>\n\t<meta name=\"twitter:label2\" content=\"Tiempo de lectura\" \/>\n\t<meta name=\"twitter:data2\" content=\"1 minuto\" \/>\n<script type=\"application\/ld+json\" class=\"yoast-schema-graph\">{\"@context\":\"https:\\\/\\\/schema.org\",\"@graph\":[{\"@type\":\"Article\",\"@id\":\"https:\\\/\\\/www.eldiariodetucuman.com\\\/web\\\/conmemoran-el-dia-internacional-de-las-cooperativas\\\/#article\",\"isPartOf\":{\"@id\":\"https:\\\/\\\/www.eldiariodetucuman.com\\\/web\\\/conmemoran-el-dia-internacional-de-las-cooperativas\\\/\"},\"author\":{\"name\":\"Redactor Uno\",\"@id\":\"https:\\\/\\\/www.eldiariodetucuman.com\\\/web\\\/#\\\/schema\\\/person\\\/7e6644a46e60888f6b868594407e08dd\"},\"headline\":\"Conmemoran el \u201cD\u00eda Internacional de las Cooperativas\u201d\",\"datePublished\":\"2019-07-04T13:09:36+00:00\",\"mainEntityOfPage\":{\"@id\":\"https:\\\/\\\/www.eldiariodetucuman.com\\\/web\\\/conmemoran-el-dia-internacional-de-las-cooperativas\\\/\"},\"wordCount\":228,\"publisher\":{\"@id\":\"https:\\\/\\\/www.eldiariodetucuman.com\\\/web\\\/#organization\"},\"image\":{\"@id\":\"https:\\\/\\\/www.eldiariodetucuman.com\\\/web\\\/conmemoran-el-dia-internacional-de-las-cooperativas\\\/#primaryimage\"},\"thumbnailUrl\":\"https:\\\/\\\/www.eldiariodetucuman.com\\\/web\\\/wp-content\\\/uploads\\\/2019\\\/07\\\/ActoCoop06.jpg\",\"keywords\":[\"cooperativas\",\"IPACyM\",\"Regino Racedo\",\"Tucuman\"],\"articleSection\":[\"Actualidad\"],\"inLanguage\":\"es\"},{\"@type\":\"WebPage\",\"@id\":\"https:\\\/\\\/www.eldiariodetucuman.com\\\/web\\\/conmemoran-el-dia-internacional-de-las-cooperativas\\\/\",\"url\":\"https:\\\/\\\/www.eldiariodetucuman.com\\\/web\\\/conmemoran-el-dia-internacional-de-las-cooperativas\\\/\",\"name\":\"Conmemoran el \u201cD\u00eda Internacional de las Cooperativas\u201d - El Diario de Tucuman\",\"isPartOf\":{\"@id\":\"https:\\\/\\\/www.eldiariodetucuman.com\\\/web\\\/#website\"},\"primaryImageOfPage\":{\"@id\":\"https:\\\/\\\/www.eldiariodetucuman.com\\\/web\\\/conmemoran-el-dia-internacional-de-las-cooperativas\\\/#primaryimage\"},\"image\":{\"@id\":\"https:\\\/\\\/www.eldiariodetucuman.com\\\/web\\\/conmemoran-el-dia-internacional-de-las-cooperativas\\\/#primaryimage\"},\"thumbnailUrl\":\"https:\\\/\\\/www.eldiariodetucuman.com\\\/web\\\/wp-content\\\/uploads\\\/2019\\\/07\\\/ActoCoop06.jpg\",\"datePublished\":\"2019-07-04T13:09:36+00:00\",\"breadcrumb\":{\"@id\":\"https:\\\/\\\/www.eldiariodetucuman.com\\\/web\\\/conmemoran-el-dia-internacional-de-las-cooperativas\\\/#breadcrumb\"},\"inLanguage\":\"es\",\"potentialAction\":[{\"@type\":\"ReadAction\",\"target\":[\"https:\\\/\\\/www.eldiariodetucuman.com\\\/web\\\/conmemoran-el-dia-internacional-de-las-cooperativas\\\/\"]}]},{\"@type\":\"ImageObject\",\"inLanguage\":\"es\",\"@id\":\"https:\\\/\\\/www.eldiariodetucuman.com\\\/web\\\/conmemoran-el-dia-internacional-de-las-cooperativas\\\/#primaryimage\",\"url\":\"https:\\\/\\\/www.eldiariodetucuman.com\\\/web\\\/wp-content\\\/uploads\\\/2019\\\/07\\\/ActoCoop06.jpg\",\"contentUrl\":\"https:\\\/\\\/www.eldiariodetucuman.com\\\/web\\\/wp-content\\\/uploads\\\/2019\\\/07\\\/ActoCoop06.jpg\",\"width\":2000,\"height\":1000},{\"@type\":\"BreadcrumbList\",\"@id\":\"https:\\\/\\\/www.eldiariodetucuman.com\\\/web\\\/conmemoran-el-dia-internacional-de-las-cooperativas\\\/#breadcrumb\",\"itemListElement\":[{\"@type\":\"ListItem\",\"position\":1,\"name\":\"Portada\",\"item\":\"https:\\\/\\\/www.eldiariodetucuman.com\\\/web\\\/\"},{\"@type\":\"ListItem\",\"position\":2,\"name\":\"Conmemoran el \u201cD\u00eda Internacional de las Cooperativas\u201d\"}]},{\"@type\":\"WebSite\",\"@id\":\"https:\\\/\\\/www.eldiariodetucuman.com\\\/web\\\/#website\",\"url\":\"https:\\\/\\\/www.eldiariodetucuman.com\\\/web\\\/\",\"name\":\"El Diario de Tucuman\",\"description\":\"Diario Tucuman - Informaci\u00f3n y noticias\",\"publisher\":{\"@id\":\"https:\\\/\\\/www.eldiariodetucuman.com\\\/web\\\/#organization\"},\"potentialAction\":[{\"@type\":\"SearchAction\",\"target\":{\"@type\":\"EntryPoint\",\"urlTemplate\":\"https:\\\/\\\/www.eldiariodetucuman.com\\\/web\\\/?s={search_term_string}\"},\"query-input\":{\"@type\":\"PropertyValueSpecification\",\"valueRequired\":true,\"valueName\":\"search_term_string\"}}],\"inLanguage\":\"es\"},{\"@type\":\"Organization\",\"@id\":\"https:\\\/\\\/www.eldiariodetucuman.com\\\/web\\\/#organization\",\"name\":\"El Diario de Tucuman\",\"url\":\"https:\\\/\\\/www.eldiariodetucuman.com\\\/web\\\/\",\"logo\":{\"@type\":\"ImageObject\",\"inLanguage\":\"es\",\"@id\":\"https:\\\/\\\/www.eldiariodetucuman.com\\\/web\\\/#\\\/schema\\\/logo\\\/image\\\/\",\"url\":\"http:\\\/\\\/www.eldiariodetucuman.com\\\/web\\\/wp-content\\\/uploads\\\/2017\\\/12\\\/el-diario-de-tucuman.jpg\",\"contentUrl\":\"http:\\\/\\\/www.eldiariodetucuman.com\\\/web\\\/wp-content\\\/uploads\\\/2017\\\/12\\\/el-diario-de-tucuman.jpg\",\"width\":272,\"height\":92,\"caption\":\"El Diario de Tucuman\"},\"image\":{\"@id\":\"https:\\\/\\\/www.eldiariodetucuman.com\\\/web\\\/#\\\/schema\\\/logo\\\/image\\\/\"}},{\"@type\":\"Person\",\"@id\":\"https:\\\/\\\/www.eldiariodetucuman.com\\\/web\\\/#\\\/schema\\\/person\\\/7e6644a46e60888f6b868594407e08dd\",\"name\":\"Redactor Uno\",\"image\":{\"@type\":\"ImageObject\",\"inLanguage\":\"es\",\"@id\":\"https:\\\/\\\/secure.gravatar.com\\\/avatar\\\/0049b1bdf1bd548385c9ea6b9356431717930913089febd2ba904f0187d7d074?s=96&d=mm&r=g\",\"url\":\"https:\\\/\\\/secure.gravatar.com\\\/avatar\\\/0049b1bdf1bd548385c9ea6b9356431717930913089febd2ba904f0187d7d074?s=96&d=mm&r=g\",\"contentUrl\":\"https:\\\/\\\/secure.gravatar.com\\\/avatar\\\/0049b1bdf1bd548385c9ea6b9356431717930913089febd2ba904f0187d7d074?s=96&d=mm&r=g\",\"caption\":\"Redactor Uno\"},\"url\":\"https:\\\/\\\/www.eldiariodetucuman.com\\\/web\\\/author\\\/mramasco\\\/\"}]}<\/script>\n<!-- \/ Yoast SEO plugin. -->","yoast_head_json":{"title":"Conmemoran el \u201cD\u00eda Internacional de las Cooperativas\u201d - El Diario de Tucuman","robots":{"index":"index","follow":"follow","max-snippet":"max-snippet:-1","max-image-preview":"max-image-preview:large","max-video-preview":"max-video-preview:-1"},"canonical":"https:\/\/www.eldiariodetucuman.com\/web\/conmemoran-el-dia-internacional-de-las-cooperativas\/","og_locale":"es_ES","og_type":"article","og_title":"Conmemoran el \u201cD\u00eda Internacional de las Cooperativas\u201d - El Diario de Tucuman","og_description":"El Instituto Provincial de Acci\u00f3n Cooperativa y Mutual rendir\u00e1 homenaje a las entidades que el pr\u00f3ximo s\u00e1bado celebran el \u201cD\u00eda Internacional de las Cooperativas\u201d.","og_url":"https:\/\/www.eldiariodetucuman.com\/web\/conmemoran-el-dia-internacional-de-las-cooperativas\/","og_site_name":"El Diario de Tucuman","article_published_time":"2019-07-04T13:09:36+00:00","og_image":[{"width":2000,"height":1000,"url":"https:\/\/www.eldiariodetucuman.com\/web\/wp-content\/uploads\/2019\/07\/ActoCoop06.jpg","type":"image\/jpeg"}],"author":"Redactor Uno","twitter_card":"summary_large_image","twitter_misc":{"Escrito por":"Redactor Uno","Tiempo de lectura":"1 minuto"},"schema":{"@context":"https:\/\/schema.org","@graph":[{"@type":"Article","@id":"https:\/\/www.eldiariodetucuman.com\/web\/conmemoran-el-dia-internacional-de-las-cooperativas\/#article","isPartOf":{"@id":"https:\/\/www.eldiariodetucuman.com\/web\/conmemoran-el-dia-internacional-de-las-cooperativas\/"},"author":{"name":"Redactor Uno","@id":"https:\/\/www.eldiariodetucuman.com\/web\/#\/schema\/person\/7e6644a46e60888f6b868594407e08dd"},"headline":"Conmemoran el \u201cD\u00eda Internacional de las Cooperativas\u201d","datePublished":"2019-07-04T13:09:36+00:00","mainEntityOfPage":{"@id":"https:\/\/www.eldiariodetucuman.com\/web\/conmemoran-el-dia-internacional-de-las-cooperativas\/"},"wordCount":228,"publisher":{"@id":"https:\/\/www.eldiariodetucuman.com\/web\/#organization"},"image":{"@id":"https:\/\/www.eldiariodetucuman.com\/web\/conmemoran-el-dia-internacional-de-las-cooperativas\/#primaryimage"},"thumbnailUrl":"https:\/\/www.eldiariodetucuman.com\/web\/wp-content\/uploads\/2019\/07\/ActoCoop06.jpg","keywords":["cooperativas","IPACyM","Regino Racedo","Tucuman"],"articleSection":["Actualidad"],"inLanguage":"es"},{"@type":"WebPage","@id":"https:\/\/www.eldiariodetucuman.com\/web\/conmemoran-el-dia-internacional-de-las-cooperativas\/","url":"https:\/\/www.eldiariodetucuman.com\/web\/conmemoran-el-dia-internacional-de-las-cooperativas\/","name":"Conmemoran el \u201cD\u00eda Internacional de las Cooperativas\u201d - El Diario de Tucuman","isPartOf":{"@id":"https:\/\/www.eldiariodetucuman.com\/web\/#website"},"primaryImageOfPage":{"@id":"https:\/\/www.eldiariodetucuman.com\/web\/conmemoran-el-dia-internacional-de-las-cooperativas\/#primaryimage"},"image":{"@id":"https:\/\/www.eldiariodetucuman.com\/web\/conmemoran-el-dia-internacional-de-las-cooperativas\/#primaryimage"},"thumbnailUrl":"https:\/\/www.eldiariodetucuman.com\/web\/wp-content\/uploads\/2019\/07\/ActoCoop06.jpg","datePublished":"2019-07-04T13:09:36+00:00","breadcrumb":{"@id":"https:\/\/www.eldiariodetucuman.com\/web\/conmemoran-el-dia-internacional-de-las-cooperativas\/#breadcrumb"},"inLanguage":"es","potentialAction":[{"@type":"ReadAction","target":["https:\/\/www.eldiariodetucuman.com\/web\/conmemoran-el-dia-internacional-de-las-cooperativas\/"]}]},{"@type":"ImageObject","inLanguage":"es","@id":"https:\/\/www.eldiariodetucuman.com\/web\/conmemoran-el-dia-internacional-de-las-cooperativas\/#primaryimage","url":"https:\/\/www.eldiariodetucuman.com\/web\/wp-content\/uploads\/2019\/07\/ActoCoop06.jpg","contentUrl":"https:\/\/www.eldiariodetucuman.com\/web\/wp-content\/uploads\/2019\/07\/ActoCoop06.jpg","width":2000,"height":1000},{"@type":"BreadcrumbList","@id":"https:\/\/www.eldiariodetucuman.com\/web\/conmemoran-el-dia-internacional-de-las-cooperativas\/#breadcrumb","itemListElement":[{"@type":"ListItem","position":1,"name":"Portada","item":"https:\/\/www.eldiariodetucuman.com\/web\/"},{"@type":"ListItem","position":2,"name":"Conmemoran el \u201cD\u00eda Internacional de las Cooperativas\u201d"}]},{"@type":"WebSite","@id":"https:\/\/www.eldiariodetucuman.com\/web\/#website","url":"https:\/\/www.eldiariodetucuman.com\/web\/","name":"El Diario de Tucuman","description":"Diario Tucuman - Informaci\u00f3n y noticias","publisher":{"@id":"https:\/\/www.eldiariodetucuman.com\/web\/#organization"},"potentialAction":[{"@type":"SearchAction","target":{"@type":"EntryPoint","urlTemplate":"https:\/\/www.eldiariodetucuman.com\/web\/?s={search_term_string}"},"query-input":{"@type":"PropertyValueSpecification","valueRequired":true,"valueName":"search_term_string"}}],"inLanguage":"es"},{"@type":"Organization","@id":"https:\/\/www.eldiariodetucuman.com\/web\/#organization","name":"El Diario de Tucuman","url":"https:\/\/www.eldiariodetucuman.com\/web\/","logo":{"@type":"ImageObject","inLanguage":"es","@id":"https:\/\/www.eldiariodetucuman.com\/web\/#\/schema\/logo\/image\/","url":"http:\/\/www.eldiariodetucuman.com\/web\/wp-content\/uploads\/2017\/12\/el-diario-de-tucuman.jpg","contentUrl":"http:\/\/www.eldiariodetucuman.com\/web\/wp-content\/uploads\/2017\/12\/el-diario-de-tucuman.jpg","width":272,"height":92,"caption":"El Diario de Tucuman"},"image":{"@id":"https:\/\/www.eldiariodetucuman.com\/web\/#\/schema\/logo\/image\/"}},{"@type":"Person","@id":"https:\/\/www.eldiariodetucuman.com\/web\/#\/schema\/person\/7e6644a46e60888f6b868594407e08dd","name":"Redactor Uno","image":{"@type":"ImageObject","inLanguage":"es","@id":"https:\/\/secure.gravatar.com\/avatar\/0049b1bdf1bd548385c9ea6b9356431717930913089febd2ba904f0187d7d074?s=96&d=mm&r=g","url":"https:\/\/secure.gravatar.com\/avatar\/0049b1bdf1bd548385c9ea6b9356431717930913089febd2ba904f0187d7d074?s=96&d=mm&r=g","contentUrl":"https:\/\/secure.gravatar.com\/avatar\/0049b1bdf1bd548385c9ea6b9356431717930913089febd2ba904f0187d7d074?s=96&d=mm&r=g","caption":"Redactor Uno"},"url":"https:\/\/www.eldiariodetucuman.com\/web\/author\/mramasco\/"}]}},"_links":{"self":[{"href":"https:\/\/www.eldiariodetucuman.com\/web\/wp-json\/wp\/v2\/posts\/23916","targetHints":{"allow":["GET"]}}],"collection":[{"href":"https:\/\/www.eldiariodetucuman.com\/web\/wp-json\/wp\/v2\/posts"}],"about":[{"href":"https:\/\/www.eldiariodetucuman.com\/web\/wp-json\/wp\/v2\/types\/post"}],"author":[{"embeddable":true,"href":"https:\/\/www.eldiariodetucuman.com\/web\/wp-json\/wp\/v2\/users\/5"}],"replies":[{"embeddable":true,"href":"https:\/\/www.eldiariodetucuman.com\/web\/wp-json\/wp\/v2\/comments?post=23916"}],"version-history":[{"count":1,"href":"https:\/\/www.eldiariodetucuman.com\/web\/wp-json\/wp\/v2\/posts\/23916\/revisions"}],"predecessor-version":[{"id":23918,"href":"https:\/\/www.eldiariodetucuman.com\/web\/wp-json\/wp\/v2\/posts\/23916\/revisions\/23918"}],"wp:featuredmedia":[{"embeddable":true,"href":"https:\/\/www.eldiariodetucuman.com\/web\/wp-json\/wp\/v2\/media\/23917"}],"wp:attachment":[{"href":"https:\/\/www.eldiariodetucuman.com\/web\/wp-json\/wp\/v2\/media?parent=23916"}],"wp:term":[{"taxonomy":"category","embeddable":true,"href":"https:\/\/www.eldiariodetucuman.com\/web\/wp-json\/wp\/v2\/categories?post=23916"},{"taxonomy":"post_tag","embeddable":true,"href":"https:\/\/www.eldiariodetucuman.com\/web\/wp-json\/wp\/v2\/tags?post=23916"}],"curies":[{"name":"wp","href":"https:\/\/api.w.org\/{rel}","templated":true}]}}