{"id":23910,"date":"2019-07-04T09:47:24","date_gmt":"2019-07-04T12:47:24","guid":{"rendered":"http:\/\/www.eldiariodetucuman.com\/web\/?p=23910"},"modified":"2019-07-04T09:47:24","modified_gmt":"2019-07-04T12:47:24","slug":"teatro-rosita-avila-que-sale-este-fin-de-semana","status":"publish","type":"post","link":"https:\/\/www.eldiariodetucuman.com\/web\/teatro-rosita-avila-que-sale-este-fin-de-semana\/","title":{"rendered":"Teatro Rosita \u00c1vila: \u00bfQu\u00e9 sale este fin de semana?"},"content":{"rendered":"<p>Conoc\u00e9 la variada cartelera del Teatro Municipal <strong>\u201cRosita \u00c1vila\u201d<\/strong>, ubicado en Las Piedras 1.500, en el predio del ex Mercado de Abasto.<\/p>\n<p><!--more--><\/p>\n<p>El cronograma de espect\u00e1culos es el siguiente:<\/p>\n<p>&#8211;\u00a0 \u00a0 Viernes: a las 22, el grupo Folcl\u00f3rico \u201c<strong>Pedro y Pedro\u201d<\/strong>\u00a0presentar\u00e1 su primer disco\u00a0<strong>\u201cEntre Tucum\u00e1n y Santiago\u201d<\/strong>. El valor de las entradas es de $200 y se podr\u00e1n conseguir en las boleter\u00edas del Teatro, de 9 a 14 y de 19 a 22.<\/p>\n<p>&#8211;\u00a0 \u00a0 S\u00e1bado: a las 21, los integrantes el grupo de hip hop\u00a0<strong>\u201cZona Zero\u201d<\/strong>\u00a0mostrar\u00e1n sus destrezas. El valor de las entradas es de $200 y se podr\u00e1n conseguir en las boleter\u00edas del Teatro, de 19 a 22.<\/p>\n<p>&#8211;\u00a0 \u00a0 Domingo: a las 17, se presentar\u00e1\u00a0<strong>\u201cPim Pau\u201d<\/strong>, una banda integrada por docentes que, a trav\u00e9s de la m\u00fasica, proponen material pedag\u00f3gico para ni\u00f1os y que son furor en YouTube. El valor de las entradas es de $250 y se podr\u00e1n conseguir en las boleter\u00edas del Teatro, de 15 a 17.<\/p>\n<p>&#8211;\u00a0 \u00a0 Tambi\u00e9n el domingo, a las 21, subir\u00e1 a escena la \u00f3pera\u00a0<strong>\u201cLes Arts Florissant\u201d<\/strong>. El valor de las entradas es de $350 y estar\u00e1n disponibles en las boleter\u00edas del Teatro, de 19 a 21.<\/p>\n<p><strong>Fuente:<\/strong> <a href=\"https:\/\/www.smt.gob.ar\/novedades\/11325\">https:\/\/www.smt.gob.ar\/novedades\/11325<\/a><\/p>\n","protected":false},"excerpt":{"rendered":"<p>Conoc\u00e9 la variada cartelera del Teatro Municipal \u201cRosita \u00c1vila\u201d, ubicado en Las Piedras 1.500, en el predio del ex Mercado de Abasto.<\/p>\n","protected":false},"author":5,"featured_media":23911,"comment_status":"closed","ping_status":"open","sticky":false,"template":"","format":"standard","meta":{"footnotes":""},"categories":[5],"tags":[1490,304,81],"class_list":{"0":"post-23910","1":"post","2":"type-post","3":"status-publish","4":"format-standard","5":"has-post-thumbnail","7":"category-cultura","8":"tag-agenda","9":"tag-cultura","10":"tag-espectaculos"},"yoast_head":"<!-- This site is optimized with the Yoast SEO plugin v27.4 - https:\/\/yoast.com\/product\/yoast-seo-wordpress\/ -->\n<title>Teatro Rosita \u00c1vila: \u00bfQu\u00e9 sale este fin de semana? - El Diario de Tucuman<\/title>\n<meta name=\"robots\" content=\"index, follow, max-snippet:-1, max-image-preview:large, max-video-preview:-1\" \/>\n<link rel=\"canonical\" href=\"https:\/\/www.eldiariodetucuman.com\/web\/teatro-rosita-avila-que-sale-este-fin-de-semana\/\" \/>\n<meta property=\"og:locale\" content=\"es_ES\" \/>\n<meta property=\"og:type\" content=\"article\" \/>\n<meta property=\"og:title\" content=\"Teatro Rosita \u00c1vila: \u00bfQu\u00e9 sale este fin de semana? - El Diario de Tucuman\" \/>\n<meta property=\"og:description\" content=\"Conoc\u00e9 la variada cartelera del Teatro Municipal \u201cRosita \u00c1vila\u201d, ubicado en Las Piedras 1.500, en el predio del ex Mercado de Abasto.\" \/>\n<meta property=\"og:url\" content=\"https:\/\/www.eldiariodetucuman.com\/web\/teatro-rosita-avila-que-sale-este-fin-de-semana\/\" \/>\n<meta property=\"og:site_name\" content=\"El Diario de Tucuman\" \/>\n<meta property=\"article:published_time\" content=\"2019-07-04T12:47:24+00:00\" \/>\n<meta property=\"og:image\" content=\"https:\/\/www.eldiariodetucuman.com\/web\/wp-content\/uploads\/2019\/07\/rosita.jpg\" \/>\n\t<meta property=\"og:image:width\" content=\"600\" \/>\n\t<meta property=\"og:image:height\" content=\"400\" \/>\n\t<meta property=\"og:image:type\" content=\"image\/jpeg\" \/>\n<meta name=\"author\" content=\"Redactor Uno\" \/>\n<meta name=\"twitter:card\" content=\"summary_large_image\" \/>\n<meta name=\"twitter:label1\" content=\"Escrito por\" \/>\n\t<meta name=\"twitter:data1\" content=\"Redactor Uno\" \/>\n\t<meta name=\"twitter:label2\" content=\"Tiempo de lectura\" \/>\n\t<meta name=\"twitter:data2\" content=\"1 minuto\" \/>\n<script type=\"application\/ld+json\" class=\"yoast-schema-graph\">{\"@context\":\"https:\\\/\\\/schema.org\",\"@graph\":[{\"@type\":\"Article\",\"@id\":\"https:\\\/\\\/www.eldiariodetucuman.com\\\/web\\\/teatro-rosita-avila-que-sale-este-fin-de-semana\\\/#article\",\"isPartOf\":{\"@id\":\"https:\\\/\\\/www.eldiariodetucuman.com\\\/web\\\/teatro-rosita-avila-que-sale-este-fin-de-semana\\\/\"},\"author\":{\"name\":\"Redactor Uno\",\"@id\":\"https:\\\/\\\/www.eldiariodetucuman.com\\\/web\\\/#\\\/schema\\\/person\\\/7e6644a46e60888f6b868594407e08dd\"},\"headline\":\"Teatro Rosita \u00c1vila: \u00bfQu\u00e9 sale este fin de semana?\",\"datePublished\":\"2019-07-04T12:47:24+00:00\",\"mainEntityOfPage\":{\"@id\":\"https:\\\/\\\/www.eldiariodetucuman.com\\\/web\\\/teatro-rosita-avila-que-sale-este-fin-de-semana\\\/\"},\"wordCount\":214,\"publisher\":{\"@id\":\"https:\\\/\\\/www.eldiariodetucuman.com\\\/web\\\/#organization\"},\"image\":{\"@id\":\"https:\\\/\\\/www.eldiariodetucuman.com\\\/web\\\/teatro-rosita-avila-que-sale-este-fin-de-semana\\\/#primaryimage\"},\"thumbnailUrl\":\"https:\\\/\\\/www.eldiariodetucuman.com\\\/web\\\/wp-content\\\/uploads\\\/2019\\\/07\\\/rosita.jpg\",\"keywords\":[\"agenda\",\"cultura\",\"espectaculos\"],\"articleSection\":[\"Cultura\"],\"inLanguage\":\"es\"},{\"@type\":\"WebPage\",\"@id\":\"https:\\\/\\\/www.eldiariodetucuman.com\\\/web\\\/teatro-rosita-avila-que-sale-este-fin-de-semana\\\/\",\"url\":\"https:\\\/\\\/www.eldiariodetucuman.com\\\/web\\\/teatro-rosita-avila-que-sale-este-fin-de-semana\\\/\",\"name\":\"Teatro Rosita \u00c1vila: \u00bfQu\u00e9 sale este fin de semana? - El Diario de Tucuman\",\"isPartOf\":{\"@id\":\"https:\\\/\\\/www.eldiariodetucuman.com\\\/web\\\/#website\"},\"primaryImageOfPage\":{\"@id\":\"https:\\\/\\\/www.eldiariodetucuman.com\\\/web\\\/teatro-rosita-avila-que-sale-este-fin-de-semana\\\/#primaryimage\"},\"image\":{\"@id\":\"https:\\\/\\\/www.eldiariodetucuman.com\\\/web\\\/teatro-rosita-avila-que-sale-este-fin-de-semana\\\/#primaryimage\"},\"thumbnailUrl\":\"https:\\\/\\\/www.eldiariodetucuman.com\\\/web\\\/wp-content\\\/uploads\\\/2019\\\/07\\\/rosita.jpg\",\"datePublished\":\"2019-07-04T12:47:24+00:00\",\"breadcrumb\":{\"@id\":\"https:\\\/\\\/www.eldiariodetucuman.com\\\/web\\\/teatro-rosita-avila-que-sale-este-fin-de-semana\\\/#breadcrumb\"},\"inLanguage\":\"es\",\"potentialAction\":[{\"@type\":\"ReadAction\",\"target\":[\"https:\\\/\\\/www.eldiariodetucuman.com\\\/web\\\/teatro-rosita-avila-que-sale-este-fin-de-semana\\\/\"]}]},{\"@type\":\"ImageObject\",\"inLanguage\":\"es\",\"@id\":\"https:\\\/\\\/www.eldiariodetucuman.com\\\/web\\\/teatro-rosita-avila-que-sale-este-fin-de-semana\\\/#primaryimage\",\"url\":\"https:\\\/\\\/www.eldiariodetucuman.com\\\/web\\\/wp-content\\\/uploads\\\/2019\\\/07\\\/rosita.jpg\",\"contentUrl\":\"https:\\\/\\\/www.eldiariodetucuman.com\\\/web\\\/wp-content\\\/uploads\\\/2019\\\/07\\\/rosita.jpg\",\"width\":600,\"height\":400},{\"@type\":\"BreadcrumbList\",\"@id\":\"https:\\\/\\\/www.eldiariodetucuman.com\\\/web\\\/teatro-rosita-avila-que-sale-este-fin-de-semana\\\/#breadcrumb\",\"itemListElement\":[{\"@type\":\"ListItem\",\"position\":1,\"name\":\"Portada\",\"item\":\"https:\\\/\\\/www.eldiariodetucuman.com\\\/web\\\/\"},{\"@type\":\"ListItem\",\"position\":2,\"name\":\"Teatro Rosita \u00c1vila: \u00bfQu\u00e9 sale este fin de semana?\"}]},{\"@type\":\"WebSite\",\"@id\":\"https:\\\/\\\/www.eldiariodetucuman.com\\\/web\\\/#website\",\"url\":\"https:\\\/\\\/www.eldiariodetucuman.com\\\/web\\\/\",\"name\":\"El Diario de Tucuman\",\"description\":\"Diario Tucuman - Informaci\u00f3n y noticias\",\"publisher\":{\"@id\":\"https:\\\/\\\/www.eldiariodetucuman.com\\\/web\\\/#organization\"},\"potentialAction\":[{\"@type\":\"SearchAction\",\"target\":{\"@type\":\"EntryPoint\",\"urlTemplate\":\"https:\\\/\\\/www.eldiariodetucuman.com\\\/web\\\/?s={search_term_string}\"},\"query-input\":{\"@type\":\"PropertyValueSpecification\",\"valueRequired\":true,\"valueName\":\"search_term_string\"}}],\"inLanguage\":\"es\"},{\"@type\":\"Organization\",\"@id\":\"https:\\\/\\\/www.eldiariodetucuman.com\\\/web\\\/#organization\",\"name\":\"El Diario de Tucuman\",\"url\":\"https:\\\/\\\/www.eldiariodetucuman.com\\\/web\\\/\",\"logo\":{\"@type\":\"ImageObject\",\"inLanguage\":\"es\",\"@id\":\"https:\\\/\\\/www.eldiariodetucuman.com\\\/web\\\/#\\\/schema\\\/logo\\\/image\\\/\",\"url\":\"http:\\\/\\\/www.eldiariodetucuman.com\\\/web\\\/wp-content\\\/uploads\\\/2017\\\/12\\\/el-diario-de-tucuman.jpg\",\"contentUrl\":\"http:\\\/\\\/www.eldiariodetucuman.com\\\/web\\\/wp-content\\\/uploads\\\/2017\\\/12\\\/el-diario-de-tucuman.jpg\",\"width\":272,\"height\":92,\"caption\":\"El Diario de Tucuman\"},\"image\":{\"@id\":\"https:\\\/\\\/www.eldiariodetucuman.com\\\/web\\\/#\\\/schema\\\/logo\\\/image\\\/\"}},{\"@type\":\"Person\",\"@id\":\"https:\\\/\\\/www.eldiariodetucuman.com\\\/web\\\/#\\\/schema\\\/person\\\/7e6644a46e60888f6b868594407e08dd\",\"name\":\"Redactor Uno\",\"image\":{\"@type\":\"ImageObject\",\"inLanguage\":\"es\",\"@id\":\"https:\\\/\\\/secure.gravatar.com\\\/avatar\\\/0049b1bdf1bd548385c9ea6b9356431717930913089febd2ba904f0187d7d074?s=96&d=mm&r=g\",\"url\":\"https:\\\/\\\/secure.gravatar.com\\\/avatar\\\/0049b1bdf1bd548385c9ea6b9356431717930913089febd2ba904f0187d7d074?s=96&d=mm&r=g\",\"contentUrl\":\"https:\\\/\\\/secure.gravatar.com\\\/avatar\\\/0049b1bdf1bd548385c9ea6b9356431717930913089febd2ba904f0187d7d074?s=96&d=mm&r=g\",\"caption\":\"Redactor Uno\"},\"url\":\"https:\\\/\\\/www.eldiariodetucuman.com\\\/web\\\/author\\\/mramasco\\\/\"}]}<\/script>\n<!-- \/ Yoast SEO plugin. -->","yoast_head_json":{"title":"Teatro Rosita \u00c1vila: \u00bfQu\u00e9 sale este fin de semana? - El Diario de Tucuman","robots":{"index":"index","follow":"follow","max-snippet":"max-snippet:-1","max-image-preview":"max-image-preview:large","max-video-preview":"max-video-preview:-1"},"canonical":"https:\/\/www.eldiariodetucuman.com\/web\/teatro-rosita-avila-que-sale-este-fin-de-semana\/","og_locale":"es_ES","og_type":"article","og_title":"Teatro Rosita \u00c1vila: \u00bfQu\u00e9 sale este fin de semana? - El Diario de Tucuman","og_description":"Conoc\u00e9 la variada cartelera del Teatro Municipal \u201cRosita \u00c1vila\u201d, ubicado en Las Piedras 1.500, en el predio del ex Mercado de Abasto.","og_url":"https:\/\/www.eldiariodetucuman.com\/web\/teatro-rosita-avila-que-sale-este-fin-de-semana\/","og_site_name":"El Diario de Tucuman","article_published_time":"2019-07-04T12:47:24+00:00","og_image":[{"width":600,"height":400,"url":"https:\/\/www.eldiariodetucuman.com\/web\/wp-content\/uploads\/2019\/07\/rosita.jpg","type":"image\/jpeg"}],"author":"Redactor Uno","twitter_card":"summary_large_image","twitter_misc":{"Escrito por":"Redactor Uno","Tiempo de lectura":"1 minuto"},"schema":{"@context":"https:\/\/schema.org","@graph":[{"@type":"Article","@id":"https:\/\/www.eldiariodetucuman.com\/web\/teatro-rosita-avila-que-sale-este-fin-de-semana\/#article","isPartOf":{"@id":"https:\/\/www.eldiariodetucuman.com\/web\/teatro-rosita-avila-que-sale-este-fin-de-semana\/"},"author":{"name":"Redactor Uno","@id":"https:\/\/www.eldiariodetucuman.com\/web\/#\/schema\/person\/7e6644a46e60888f6b868594407e08dd"},"headline":"Teatro Rosita \u00c1vila: \u00bfQu\u00e9 sale este fin de semana?","datePublished":"2019-07-04T12:47:24+00:00","mainEntityOfPage":{"@id":"https:\/\/www.eldiariodetucuman.com\/web\/teatro-rosita-avila-que-sale-este-fin-de-semana\/"},"wordCount":214,"publisher":{"@id":"https:\/\/www.eldiariodetucuman.com\/web\/#organization"},"image":{"@id":"https:\/\/www.eldiariodetucuman.com\/web\/teatro-rosita-avila-que-sale-este-fin-de-semana\/#primaryimage"},"thumbnailUrl":"https:\/\/www.eldiariodetucuman.com\/web\/wp-content\/uploads\/2019\/07\/rosita.jpg","keywords":["agenda","cultura","espectaculos"],"articleSection":["Cultura"],"inLanguage":"es"},{"@type":"WebPage","@id":"https:\/\/www.eldiariodetucuman.com\/web\/teatro-rosita-avila-que-sale-este-fin-de-semana\/","url":"https:\/\/www.eldiariodetucuman.com\/web\/teatro-rosita-avila-que-sale-este-fin-de-semana\/","name":"Teatro Rosita \u00c1vila: \u00bfQu\u00e9 sale este fin de semana? - El Diario de Tucuman","isPartOf":{"@id":"https:\/\/www.eldiariodetucuman.com\/web\/#website"},"primaryImageOfPage":{"@id":"https:\/\/www.eldiariodetucuman.com\/web\/teatro-rosita-avila-que-sale-este-fin-de-semana\/#primaryimage"},"image":{"@id":"https:\/\/www.eldiariodetucuman.com\/web\/teatro-rosita-avila-que-sale-este-fin-de-semana\/#primaryimage"},"thumbnailUrl":"https:\/\/www.eldiariodetucuman.com\/web\/wp-content\/uploads\/2019\/07\/rosita.jpg","datePublished":"2019-07-04T12:47:24+00:00","breadcrumb":{"@id":"https:\/\/www.eldiariodetucuman.com\/web\/teatro-rosita-avila-que-sale-este-fin-de-semana\/#breadcrumb"},"inLanguage":"es","potentialAction":[{"@type":"ReadAction","target":["https:\/\/www.eldiariodetucuman.com\/web\/teatro-rosita-avila-que-sale-este-fin-de-semana\/"]}]},{"@type":"ImageObject","inLanguage":"es","@id":"https:\/\/www.eldiariodetucuman.com\/web\/teatro-rosita-avila-que-sale-este-fin-de-semana\/#primaryimage","url":"https:\/\/www.eldiariodetucuman.com\/web\/wp-content\/uploads\/2019\/07\/rosita.jpg","contentUrl":"https:\/\/www.eldiariodetucuman.com\/web\/wp-content\/uploads\/2019\/07\/rosita.jpg","width":600,"height":400},{"@type":"BreadcrumbList","@id":"https:\/\/www.eldiariodetucuman.com\/web\/teatro-rosita-avila-que-sale-este-fin-de-semana\/#breadcrumb","itemListElement":[{"@type":"ListItem","position":1,"name":"Portada","item":"https:\/\/www.eldiariodetucuman.com\/web\/"},{"@type":"ListItem","position":2,"name":"Teatro Rosita \u00c1vila: \u00bfQu\u00e9 sale este fin de semana?"}]},{"@type":"WebSite","@id":"https:\/\/www.eldiariodetucuman.com\/web\/#website","url":"https:\/\/www.eldiariodetucuman.com\/web\/","name":"El Diario de Tucuman","description":"Diario Tucuman - Informaci\u00f3n y noticias","publisher":{"@id":"https:\/\/www.eldiariodetucuman.com\/web\/#organization"},"potentialAction":[{"@type":"SearchAction","target":{"@type":"EntryPoint","urlTemplate":"https:\/\/www.eldiariodetucuman.com\/web\/?s={search_term_string}"},"query-input":{"@type":"PropertyValueSpecification","valueRequired":true,"valueName":"search_term_string"}}],"inLanguage":"es"},{"@type":"Organization","@id":"https:\/\/www.eldiariodetucuman.com\/web\/#organization","name":"El Diario de Tucuman","url":"https:\/\/www.eldiariodetucuman.com\/web\/","logo":{"@type":"ImageObject","inLanguage":"es","@id":"https:\/\/www.eldiariodetucuman.com\/web\/#\/schema\/logo\/image\/","url":"http:\/\/www.eldiariodetucuman.com\/web\/wp-content\/uploads\/2017\/12\/el-diario-de-tucuman.jpg","contentUrl":"http:\/\/www.eldiariodetucuman.com\/web\/wp-content\/uploads\/2017\/12\/el-diario-de-tucuman.jpg","width":272,"height":92,"caption":"El Diario de Tucuman"},"image":{"@id":"https:\/\/www.eldiariodetucuman.com\/web\/#\/schema\/logo\/image\/"}},{"@type":"Person","@id":"https:\/\/www.eldiariodetucuman.com\/web\/#\/schema\/person\/7e6644a46e60888f6b868594407e08dd","name":"Redactor Uno","image":{"@type":"ImageObject","inLanguage":"es","@id":"https:\/\/secure.gravatar.com\/avatar\/0049b1bdf1bd548385c9ea6b9356431717930913089febd2ba904f0187d7d074?s=96&d=mm&r=g","url":"https:\/\/secure.gravatar.com\/avatar\/0049b1bdf1bd548385c9ea6b9356431717930913089febd2ba904f0187d7d074?s=96&d=mm&r=g","contentUrl":"https:\/\/secure.gravatar.com\/avatar\/0049b1bdf1bd548385c9ea6b9356431717930913089febd2ba904f0187d7d074?s=96&d=mm&r=g","caption":"Redactor Uno"},"url":"https:\/\/www.eldiariodetucuman.com\/web\/author\/mramasco\/"}]}},"_links":{"self":[{"href":"https:\/\/www.eldiariodetucuman.com\/web\/wp-json\/wp\/v2\/posts\/23910","targetHints":{"allow":["GET"]}}],"collection":[{"href":"https:\/\/www.eldiariodetucuman.com\/web\/wp-json\/wp\/v2\/posts"}],"about":[{"href":"https:\/\/www.eldiariodetucuman.com\/web\/wp-json\/wp\/v2\/types\/post"}],"author":[{"embeddable":true,"href":"https:\/\/www.eldiariodetucuman.com\/web\/wp-json\/wp\/v2\/users\/5"}],"replies":[{"embeddable":true,"href":"https:\/\/www.eldiariodetucuman.com\/web\/wp-json\/wp\/v2\/comments?post=23910"}],"version-history":[{"count":1,"href":"https:\/\/www.eldiariodetucuman.com\/web\/wp-json\/wp\/v2\/posts\/23910\/revisions"}],"predecessor-version":[{"id":23912,"href":"https:\/\/www.eldiariodetucuman.com\/web\/wp-json\/wp\/v2\/posts\/23910\/revisions\/23912"}],"wp:featuredmedia":[{"embeddable":true,"href":"https:\/\/www.eldiariodetucuman.com\/web\/wp-json\/wp\/v2\/media\/23911"}],"wp:attachment":[{"href":"https:\/\/www.eldiariodetucuman.com\/web\/wp-json\/wp\/v2\/media?parent=23910"}],"wp:term":[{"taxonomy":"category","embeddable":true,"href":"https:\/\/www.eldiariodetucuman.com\/web\/wp-json\/wp\/v2\/categories?post=23910"},{"taxonomy":"post_tag","embeddable":true,"href":"https:\/\/www.eldiariodetucuman.com\/web\/wp-json\/wp\/v2\/tags?post=23910"}],"curies":[{"name":"wp","href":"https:\/\/api.w.org\/{rel}","templated":true}]}}