{"id":23907,"date":"2019-07-04T09:41:23","date_gmt":"2019-07-04T12:41:23","guid":{"rendered":"http:\/\/www.eldiariodetucuman.com\/web\/?p=23907"},"modified":"2019-07-04T09:41:23","modified_gmt":"2019-07-04T12:41:23","slug":"fuerte-respaldo-de-los-gobernadores-peronistas-a-la-formula-fernandez-fernandez","status":"publish","type":"post","link":"https:\/\/www.eldiariodetucuman.com\/web\/fuerte-respaldo-de-los-gobernadores-peronistas-a-la-formula-fernandez-fernandez\/","title":{"rendered":"Fuerte respaldo de los gobernadores peronistas a la f\u00f3rmula Fern\u00e1ndez-Fern\u00e1ndez"},"content":{"rendered":"<p><strong>Alberto Fern\u00e1ndez<\/strong> reuni\u00f3 a los principales referentes pol\u00edticos de m\u00e1s de una docena de provincia alineados con su pre candidatura presidencial.<\/p>\n<p><!--more--><\/p>\n<p>A poco m\u00e1s de un mes de las Primarias Abiertas, Simult\u00e1neas y Obligatorias (PASO) el pre candidato a presidente por el Frente de Todos, Alberto Fern\u00e1ndez, almorz\u00f3 ayer mi\u00e9rcoles con 12 gobernadores peronistas.<\/p>\n<p>Del almuerzo participaron los gobernadores Juan Manzur (Tucum\u00e1n), Rosana Bertone (Tierra del Fuego), Alicia Kirchner (Santa Cruz), Gildo Insfr\u00e1n (Formosa), Gustavo Bordet (Entre R\u00edos), Gerardo Zamora (Santiago del Estero), Luc\u00eda Corpacci (Catamarca), Sergio Casas (La Rioja), Sergio U\u00f1ac (San Juan), Carlos Verna (La Pampa), el gobernador electo Sergio Ziliotto (La Pampa) y el diputado nacional Jorge Franco (Misiones). Tambi\u00e9n estuvieron dos gobernadores que no lograron pegar sus listas de candidatos a legisladores nacionales a la de los Fern\u00e1ndez y deber\u00e1n competir con las de postulantes kirchneristas que s\u00ed consiguieron ese enganche: Mariano Arcioni (Chubut) y Domingo Peppo (Chaco).<\/p>\n<p>Fern\u00e1ndez ya se hab\u00eda reunido con la mayor\u00eda de ellos pero siempre por separado. Hoy mostr\u00f3 el apoyo de los referentes en cada provincia.<\/p>\n<p>Aunque desde que se oficializ\u00f3 su pre candidatura presidencial Fern\u00e1ndez se hab\u00eda mostrado con varios referentes peronistas es la primera vez que los recibe a todos juntos. El propio Fern\u00e1ndez asegur\u00f3 en m\u00e1s de una oportunidad que los gobernadores ser\u00e1n clave para su campa\u00f1a y en un eventual gobierno del Frente de Todos.<\/p>\n<p>\u00abEntre todos vamos a poner el pa\u00eds en movimiento. Con los gobernadores coincidimos en que la prioridad es volver a crecer y defender el trabajo de los argentinos. Hoy podemos elegir entre un pa\u00eds para todos o este gobierno de unos pocos\u00bb, asegur\u00f3 Fern\u00e1ndez a trav\u00e9s de su cuenta de Twitter.<\/p>\n<p>\u00abAbordamos muchos temas, la realidad actual, cada uno hizo un balance de la realidad que tenemos en nuestras provincias. \u00c9l conoce profundamente el Estado y la Argentina, quer\u00eda recibir un balance de cada provincia en el marco de este pa\u00eds federal y del respeto que \u00e9l siente por el federalismo y las econom\u00edas regionales\u00bb, dijo Manzur tras el encuentro que calific\u00f3 de \u00abextremadamente positivo\u00bb.<\/p>\n<p>De los gobernadores que respaldan la f\u00f3rmula Fern\u00e1ndez &#8211; Fern\u00e1ndez estuvieron ausentes Alberto Rodr\u00edguez Sa\u00e1 (San Luis) y el gobernador electo de Santa Fe, Omar Perotti.<\/p>\n<p>El santafesino cen\u00f3 el martes con el precandidato presidencial y peg\u00f3 el faltazo este mi\u00e9rcoles porque ten\u00eda que volver a su provincia para encarar las reuniones para encarar la transici\u00f3n con el gobierno de Miguel Lifschitz.<\/p>\n<p>En tanto, el puntano se excus\u00f3 a trav\u00e9s de las redes: \u00abLamento mucho no estar presente en el almuerzo de hoy con los gobernadores de nuestro espacio y Alberto Fern\u00e1ndez. No descarto que en breve, vamos a encontrarnos para empezar a construir, en Argentina y San Luis, la justicia social y el desarrollo que nuestro pueblo merece\u00bb.<\/p>\n<p>Fern\u00e1ndez confirm\u00f3 adem\u00e1s que este jueves viajar\u00e1 a Brasil para reunirse con el ex presidente Luiz In\u00e1cio Lula da Silva en Curitiba donde cumple condena tras un escandaloso proceso judicial que es objeto de cr\u00edticas en todo el mundo. \u00abMa\u00f1ana voy a ver a Lula, \u00e9l me lo pidi\u00f3. Lula es parte de un estado de derecho que no funciona\u00bb dijo el pre candidato presidencial.<\/p>\n<p>Cuestion\u00f3 adem\u00e1s el acuerdo de libre comercio alcanzado entre el Mercosur y la Uni\u00f3n Europea y advirti\u00f3 que \u00ablo \u00fanico que hace es primarizar la econom\u00eda argentina\u00bb.<\/p>\n<p>\u00abNosotros queremos un pa\u00eds con industrias que le de trabajo a la gente y Macri lo que quiere es un pa\u00eds primario que venda peras, manzanas y soja\u00bb, asegur\u00f3 y adelant\u00f3 la necesidad de \u00abcorregir acuerdos que ponen en riesgo el trabajo de los argentinos\u00bb.<\/p>\n<p>Tras reunirse con los gobernadores, Fern\u00e1ndez se reuni\u00f3 en el Senado con los miembros del bloque que presid\u00eda Miguel \u00c1ngel Pichetto -antes de pegar el salto al oficialismo- y que ahora encabeza el cordob\u00e9s Carlos Caserio (C\u00f3rdoba), en un encuentro a \u00abagenda abierta\u00bb.<\/p>\n<p><strong>Fuente:<\/strong> <a href=\"http:\/\/www.tucumanoticias.com.ar\/noticia\/actualidad\/contundente-respaldo-de-los-gobernadores-peronistas-a-la-formula-fernandez-fernandez-196185.html\">http:\/\/www.tucumanoticias.com.ar\/noticia\/actualidad\/contundente-respaldo-de-los-gobernadores-peronistas-a-la-formula-fernandez-fernandez-196185.html<\/a><\/p>\n","protected":false},"excerpt":{"rendered":"<p>Alberto Fern\u00e1ndez reuni\u00f3 a los principales referentes pol\u00edticos de m\u00e1s de una docena de provincia alineados con su pre candidatura presidencial.<\/p>\n","protected":false},"author":5,"featured_media":23908,"comment_status":"closed","ping_status":"open","sticky":false,"template":"","format":"standard","meta":{"footnotes":""},"categories":[2],"tags":[64,925],"class_list":{"0":"post-23907","1":"post","2":"type-post","3":"status-publish","4":"format-standard","5":"has-post-thumbnail","7":"category-actualidad","8":"tag-elecciones","9":"tag-paso"},"yoast_head":"<!-- This site is optimized with the Yoast SEO plugin v27.4 - https:\/\/yoast.com\/product\/yoast-seo-wordpress\/ -->\n<title>Fuerte respaldo de los gobernadores peronistas a la f\u00f3rmula Fern\u00e1ndez-Fern\u00e1ndez - El Diario de Tucuman<\/title>\n<meta name=\"robots\" content=\"index, follow, max-snippet:-1, max-image-preview:large, max-video-preview:-1\" \/>\n<link rel=\"canonical\" href=\"https:\/\/www.eldiariodetucuman.com\/web\/fuerte-respaldo-de-los-gobernadores-peronistas-a-la-formula-fernandez-fernandez\/\" \/>\n<meta property=\"og:locale\" content=\"es_ES\" \/>\n<meta property=\"og:type\" content=\"article\" \/>\n<meta property=\"og:title\" content=\"Fuerte respaldo de los gobernadores peronistas a la f\u00f3rmula Fern\u00e1ndez-Fern\u00e1ndez - El Diario de Tucuman\" \/>\n<meta property=\"og:description\" content=\"Alberto Fern\u00e1ndez reuni\u00f3 a los principales referentes pol\u00edticos de m\u00e1s de una docena de provincia alineados con su pre candidatura presidencial.\" \/>\n<meta property=\"og:url\" content=\"https:\/\/www.eldiariodetucuman.com\/web\/fuerte-respaldo-de-los-gobernadores-peronistas-a-la-formula-fernandez-fernandez\/\" \/>\n<meta property=\"og:site_name\" content=\"El Diario de Tucuman\" \/>\n<meta property=\"article:published_time\" content=\"2019-07-04T12:41:23+00:00\" \/>\n<meta property=\"og:image\" content=\"https:\/\/www.eldiariodetucuman.com\/web\/wp-content\/uploads\/2019\/07\/gob.jpg\" \/>\n\t<meta property=\"og:image:width\" content=\"1140\" \/>\n\t<meta property=\"og:image:height\" content=\"640\" \/>\n\t<meta property=\"og:image:type\" content=\"image\/jpeg\" \/>\n<meta name=\"author\" content=\"Redactor Uno\" \/>\n<meta name=\"twitter:card\" content=\"summary_large_image\" \/>\n<meta name=\"twitter:label1\" content=\"Escrito por\" \/>\n\t<meta name=\"twitter:data1\" content=\"Redactor Uno\" \/>\n\t<meta name=\"twitter:label2\" content=\"Tiempo de lectura\" \/>\n\t<meta name=\"twitter:data2\" content=\"4 minutos\" \/>\n<script type=\"application\/ld+json\" class=\"yoast-schema-graph\">{\"@context\":\"https:\\\/\\\/schema.org\",\"@graph\":[{\"@type\":\"Article\",\"@id\":\"https:\\\/\\\/www.eldiariodetucuman.com\\\/web\\\/fuerte-respaldo-de-los-gobernadores-peronistas-a-la-formula-fernandez-fernandez\\\/#article\",\"isPartOf\":{\"@id\":\"https:\\\/\\\/www.eldiariodetucuman.com\\\/web\\\/fuerte-respaldo-de-los-gobernadores-peronistas-a-la-formula-fernandez-fernandez\\\/\"},\"author\":{\"name\":\"Redactor Uno\",\"@id\":\"https:\\\/\\\/www.eldiariodetucuman.com\\\/web\\\/#\\\/schema\\\/person\\\/7e6644a46e60888f6b868594407e08dd\"},\"headline\":\"Fuerte respaldo de los gobernadores peronistas a la f\u00f3rmula Fern\u00e1ndez-Fern\u00e1ndez\",\"datePublished\":\"2019-07-04T12:41:23+00:00\",\"mainEntityOfPage\":{\"@id\":\"https:\\\/\\\/www.eldiariodetucuman.com\\\/web\\\/fuerte-respaldo-de-los-gobernadores-peronistas-a-la-formula-fernandez-fernandez\\\/\"},\"wordCount\":719,\"publisher\":{\"@id\":\"https:\\\/\\\/www.eldiariodetucuman.com\\\/web\\\/#organization\"},\"image\":{\"@id\":\"https:\\\/\\\/www.eldiariodetucuman.com\\\/web\\\/fuerte-respaldo-de-los-gobernadores-peronistas-a-la-formula-fernandez-fernandez\\\/#primaryimage\"},\"thumbnailUrl\":\"https:\\\/\\\/www.eldiariodetucuman.com\\\/web\\\/wp-content\\\/uploads\\\/2019\\\/07\\\/gob.jpg\",\"keywords\":[\"elecciones\",\"Paso\"],\"articleSection\":[\"Actualidad\"],\"inLanguage\":\"es\"},{\"@type\":\"WebPage\",\"@id\":\"https:\\\/\\\/www.eldiariodetucuman.com\\\/web\\\/fuerte-respaldo-de-los-gobernadores-peronistas-a-la-formula-fernandez-fernandez\\\/\",\"url\":\"https:\\\/\\\/www.eldiariodetucuman.com\\\/web\\\/fuerte-respaldo-de-los-gobernadores-peronistas-a-la-formula-fernandez-fernandez\\\/\",\"name\":\"Fuerte respaldo de los gobernadores peronistas a la f\u00f3rmula Fern\u00e1ndez-Fern\u00e1ndez - El Diario de Tucuman\",\"isPartOf\":{\"@id\":\"https:\\\/\\\/www.eldiariodetucuman.com\\\/web\\\/#website\"},\"primaryImageOfPage\":{\"@id\":\"https:\\\/\\\/www.eldiariodetucuman.com\\\/web\\\/fuerte-respaldo-de-los-gobernadores-peronistas-a-la-formula-fernandez-fernandez\\\/#primaryimage\"},\"image\":{\"@id\":\"https:\\\/\\\/www.eldiariodetucuman.com\\\/web\\\/fuerte-respaldo-de-los-gobernadores-peronistas-a-la-formula-fernandez-fernandez\\\/#primaryimage\"},\"thumbnailUrl\":\"https:\\\/\\\/www.eldiariodetucuman.com\\\/web\\\/wp-content\\\/uploads\\\/2019\\\/07\\\/gob.jpg\",\"datePublished\":\"2019-07-04T12:41:23+00:00\",\"breadcrumb\":{\"@id\":\"https:\\\/\\\/www.eldiariodetucuman.com\\\/web\\\/fuerte-respaldo-de-los-gobernadores-peronistas-a-la-formula-fernandez-fernandez\\\/#breadcrumb\"},\"inLanguage\":\"es\",\"potentialAction\":[{\"@type\":\"ReadAction\",\"target\":[\"https:\\\/\\\/www.eldiariodetucuman.com\\\/web\\\/fuerte-respaldo-de-los-gobernadores-peronistas-a-la-formula-fernandez-fernandez\\\/\"]}]},{\"@type\":\"ImageObject\",\"inLanguage\":\"es\",\"@id\":\"https:\\\/\\\/www.eldiariodetucuman.com\\\/web\\\/fuerte-respaldo-de-los-gobernadores-peronistas-a-la-formula-fernandez-fernandez\\\/#primaryimage\",\"url\":\"https:\\\/\\\/www.eldiariodetucuman.com\\\/web\\\/wp-content\\\/uploads\\\/2019\\\/07\\\/gob.jpg\",\"contentUrl\":\"https:\\\/\\\/www.eldiariodetucuman.com\\\/web\\\/wp-content\\\/uploads\\\/2019\\\/07\\\/gob.jpg\",\"width\":1140,\"height\":640},{\"@type\":\"BreadcrumbList\",\"@id\":\"https:\\\/\\\/www.eldiariodetucuman.com\\\/web\\\/fuerte-respaldo-de-los-gobernadores-peronistas-a-la-formula-fernandez-fernandez\\\/#breadcrumb\",\"itemListElement\":[{\"@type\":\"ListItem\",\"position\":1,\"name\":\"Portada\",\"item\":\"https:\\\/\\\/www.eldiariodetucuman.com\\\/web\\\/\"},{\"@type\":\"ListItem\",\"position\":2,\"name\":\"Fuerte respaldo de los gobernadores peronistas a la f\u00f3rmula Fern\u00e1ndez-Fern\u00e1ndez\"}]},{\"@type\":\"WebSite\",\"@id\":\"https:\\\/\\\/www.eldiariodetucuman.com\\\/web\\\/#website\",\"url\":\"https:\\\/\\\/www.eldiariodetucuman.com\\\/web\\\/\",\"name\":\"El Diario de Tucuman\",\"description\":\"Diario Tucuman - Informaci\u00f3n y noticias\",\"publisher\":{\"@id\":\"https:\\\/\\\/www.eldiariodetucuman.com\\\/web\\\/#organization\"},\"potentialAction\":[{\"@type\":\"SearchAction\",\"target\":{\"@type\":\"EntryPoint\",\"urlTemplate\":\"https:\\\/\\\/www.eldiariodetucuman.com\\\/web\\\/?s={search_term_string}\"},\"query-input\":{\"@type\":\"PropertyValueSpecification\",\"valueRequired\":true,\"valueName\":\"search_term_string\"}}],\"inLanguage\":\"es\"},{\"@type\":\"Organization\",\"@id\":\"https:\\\/\\\/www.eldiariodetucuman.com\\\/web\\\/#organization\",\"name\":\"El Diario de Tucuman\",\"url\":\"https:\\\/\\\/www.eldiariodetucuman.com\\\/web\\\/\",\"logo\":{\"@type\":\"ImageObject\",\"inLanguage\":\"es\",\"@id\":\"https:\\\/\\\/www.eldiariodetucuman.com\\\/web\\\/#\\\/schema\\\/logo\\\/image\\\/\",\"url\":\"http:\\\/\\\/www.eldiariodetucuman.com\\\/web\\\/wp-content\\\/uploads\\\/2017\\\/12\\\/el-diario-de-tucuman.jpg\",\"contentUrl\":\"http:\\\/\\\/www.eldiariodetucuman.com\\\/web\\\/wp-content\\\/uploads\\\/2017\\\/12\\\/el-diario-de-tucuman.jpg\",\"width\":272,\"height\":92,\"caption\":\"El Diario de Tucuman\"},\"image\":{\"@id\":\"https:\\\/\\\/www.eldiariodetucuman.com\\\/web\\\/#\\\/schema\\\/logo\\\/image\\\/\"}},{\"@type\":\"Person\",\"@id\":\"https:\\\/\\\/www.eldiariodetucuman.com\\\/web\\\/#\\\/schema\\\/person\\\/7e6644a46e60888f6b868594407e08dd\",\"name\":\"Redactor Uno\",\"image\":{\"@type\":\"ImageObject\",\"inLanguage\":\"es\",\"@id\":\"https:\\\/\\\/secure.gravatar.com\\\/avatar\\\/0049b1bdf1bd548385c9ea6b9356431717930913089febd2ba904f0187d7d074?s=96&d=mm&r=g\",\"url\":\"https:\\\/\\\/secure.gravatar.com\\\/avatar\\\/0049b1bdf1bd548385c9ea6b9356431717930913089febd2ba904f0187d7d074?s=96&d=mm&r=g\",\"contentUrl\":\"https:\\\/\\\/secure.gravatar.com\\\/avatar\\\/0049b1bdf1bd548385c9ea6b9356431717930913089febd2ba904f0187d7d074?s=96&d=mm&r=g\",\"caption\":\"Redactor Uno\"},\"url\":\"https:\\\/\\\/www.eldiariodetucuman.com\\\/web\\\/author\\\/mramasco\\\/\"}]}<\/script>\n<!-- \/ Yoast SEO plugin. -->","yoast_head_json":{"title":"Fuerte respaldo de los gobernadores peronistas a la f\u00f3rmula Fern\u00e1ndez-Fern\u00e1ndez - El Diario de Tucuman","robots":{"index":"index","follow":"follow","max-snippet":"max-snippet:-1","max-image-preview":"max-image-preview:large","max-video-preview":"max-video-preview:-1"},"canonical":"https:\/\/www.eldiariodetucuman.com\/web\/fuerte-respaldo-de-los-gobernadores-peronistas-a-la-formula-fernandez-fernandez\/","og_locale":"es_ES","og_type":"article","og_title":"Fuerte respaldo de los gobernadores peronistas a la f\u00f3rmula Fern\u00e1ndez-Fern\u00e1ndez - El Diario de Tucuman","og_description":"Alberto Fern\u00e1ndez reuni\u00f3 a los principales referentes pol\u00edticos de m\u00e1s de una docena de provincia alineados con su pre candidatura presidencial.","og_url":"https:\/\/www.eldiariodetucuman.com\/web\/fuerte-respaldo-de-los-gobernadores-peronistas-a-la-formula-fernandez-fernandez\/","og_site_name":"El Diario de Tucuman","article_published_time":"2019-07-04T12:41:23+00:00","og_image":[{"width":1140,"height":640,"url":"https:\/\/www.eldiariodetucuman.com\/web\/wp-content\/uploads\/2019\/07\/gob.jpg","type":"image\/jpeg"}],"author":"Redactor Uno","twitter_card":"summary_large_image","twitter_misc":{"Escrito por":"Redactor Uno","Tiempo de lectura":"4 minutos"},"schema":{"@context":"https:\/\/schema.org","@graph":[{"@type":"Article","@id":"https:\/\/www.eldiariodetucuman.com\/web\/fuerte-respaldo-de-los-gobernadores-peronistas-a-la-formula-fernandez-fernandez\/#article","isPartOf":{"@id":"https:\/\/www.eldiariodetucuman.com\/web\/fuerte-respaldo-de-los-gobernadores-peronistas-a-la-formula-fernandez-fernandez\/"},"author":{"name":"Redactor Uno","@id":"https:\/\/www.eldiariodetucuman.com\/web\/#\/schema\/person\/7e6644a46e60888f6b868594407e08dd"},"headline":"Fuerte respaldo de los gobernadores peronistas a la f\u00f3rmula Fern\u00e1ndez-Fern\u00e1ndez","datePublished":"2019-07-04T12:41:23+00:00","mainEntityOfPage":{"@id":"https:\/\/www.eldiariodetucuman.com\/web\/fuerte-respaldo-de-los-gobernadores-peronistas-a-la-formula-fernandez-fernandez\/"},"wordCount":719,"publisher":{"@id":"https:\/\/www.eldiariodetucuman.com\/web\/#organization"},"image":{"@id":"https:\/\/www.eldiariodetucuman.com\/web\/fuerte-respaldo-de-los-gobernadores-peronistas-a-la-formula-fernandez-fernandez\/#primaryimage"},"thumbnailUrl":"https:\/\/www.eldiariodetucuman.com\/web\/wp-content\/uploads\/2019\/07\/gob.jpg","keywords":["elecciones","Paso"],"articleSection":["Actualidad"],"inLanguage":"es"},{"@type":"WebPage","@id":"https:\/\/www.eldiariodetucuman.com\/web\/fuerte-respaldo-de-los-gobernadores-peronistas-a-la-formula-fernandez-fernandez\/","url":"https:\/\/www.eldiariodetucuman.com\/web\/fuerte-respaldo-de-los-gobernadores-peronistas-a-la-formula-fernandez-fernandez\/","name":"Fuerte respaldo de los gobernadores peronistas a la f\u00f3rmula Fern\u00e1ndez-Fern\u00e1ndez - El Diario de Tucuman","isPartOf":{"@id":"https:\/\/www.eldiariodetucuman.com\/web\/#website"},"primaryImageOfPage":{"@id":"https:\/\/www.eldiariodetucuman.com\/web\/fuerte-respaldo-de-los-gobernadores-peronistas-a-la-formula-fernandez-fernandez\/#primaryimage"},"image":{"@id":"https:\/\/www.eldiariodetucuman.com\/web\/fuerte-respaldo-de-los-gobernadores-peronistas-a-la-formula-fernandez-fernandez\/#primaryimage"},"thumbnailUrl":"https:\/\/www.eldiariodetucuman.com\/web\/wp-content\/uploads\/2019\/07\/gob.jpg","datePublished":"2019-07-04T12:41:23+00:00","breadcrumb":{"@id":"https:\/\/www.eldiariodetucuman.com\/web\/fuerte-respaldo-de-los-gobernadores-peronistas-a-la-formula-fernandez-fernandez\/#breadcrumb"},"inLanguage":"es","potentialAction":[{"@type":"ReadAction","target":["https:\/\/www.eldiariodetucuman.com\/web\/fuerte-respaldo-de-los-gobernadores-peronistas-a-la-formula-fernandez-fernandez\/"]}]},{"@type":"ImageObject","inLanguage":"es","@id":"https:\/\/www.eldiariodetucuman.com\/web\/fuerte-respaldo-de-los-gobernadores-peronistas-a-la-formula-fernandez-fernandez\/#primaryimage","url":"https:\/\/www.eldiariodetucuman.com\/web\/wp-content\/uploads\/2019\/07\/gob.jpg","contentUrl":"https:\/\/www.eldiariodetucuman.com\/web\/wp-content\/uploads\/2019\/07\/gob.jpg","width":1140,"height":640},{"@type":"BreadcrumbList","@id":"https:\/\/www.eldiariodetucuman.com\/web\/fuerte-respaldo-de-los-gobernadores-peronistas-a-la-formula-fernandez-fernandez\/#breadcrumb","itemListElement":[{"@type":"ListItem","position":1,"name":"Portada","item":"https:\/\/www.eldiariodetucuman.com\/web\/"},{"@type":"ListItem","position":2,"name":"Fuerte respaldo de los gobernadores peronistas a la f\u00f3rmula Fern\u00e1ndez-Fern\u00e1ndez"}]},{"@type":"WebSite","@id":"https:\/\/www.eldiariodetucuman.com\/web\/#website","url":"https:\/\/www.eldiariodetucuman.com\/web\/","name":"El Diario de Tucuman","description":"Diario Tucuman - Informaci\u00f3n y noticias","publisher":{"@id":"https:\/\/www.eldiariodetucuman.com\/web\/#organization"},"potentialAction":[{"@type":"SearchAction","target":{"@type":"EntryPoint","urlTemplate":"https:\/\/www.eldiariodetucuman.com\/web\/?s={search_term_string}"},"query-input":{"@type":"PropertyValueSpecification","valueRequired":true,"valueName":"search_term_string"}}],"inLanguage":"es"},{"@type":"Organization","@id":"https:\/\/www.eldiariodetucuman.com\/web\/#organization","name":"El Diario de Tucuman","url":"https:\/\/www.eldiariodetucuman.com\/web\/","logo":{"@type":"ImageObject","inLanguage":"es","@id":"https:\/\/www.eldiariodetucuman.com\/web\/#\/schema\/logo\/image\/","url":"http:\/\/www.eldiariodetucuman.com\/web\/wp-content\/uploads\/2017\/12\/el-diario-de-tucuman.jpg","contentUrl":"http:\/\/www.eldiariodetucuman.com\/web\/wp-content\/uploads\/2017\/12\/el-diario-de-tucuman.jpg","width":272,"height":92,"caption":"El Diario de Tucuman"},"image":{"@id":"https:\/\/www.eldiariodetucuman.com\/web\/#\/schema\/logo\/image\/"}},{"@type":"Person","@id":"https:\/\/www.eldiariodetucuman.com\/web\/#\/schema\/person\/7e6644a46e60888f6b868594407e08dd","name":"Redactor Uno","image":{"@type":"ImageObject","inLanguage":"es","@id":"https:\/\/secure.gravatar.com\/avatar\/0049b1bdf1bd548385c9ea6b9356431717930913089febd2ba904f0187d7d074?s=96&d=mm&r=g","url":"https:\/\/secure.gravatar.com\/avatar\/0049b1bdf1bd548385c9ea6b9356431717930913089febd2ba904f0187d7d074?s=96&d=mm&r=g","contentUrl":"https:\/\/secure.gravatar.com\/avatar\/0049b1bdf1bd548385c9ea6b9356431717930913089febd2ba904f0187d7d074?s=96&d=mm&r=g","caption":"Redactor Uno"},"url":"https:\/\/www.eldiariodetucuman.com\/web\/author\/mramasco\/"}]}},"_links":{"self":[{"href":"https:\/\/www.eldiariodetucuman.com\/web\/wp-json\/wp\/v2\/posts\/23907","targetHints":{"allow":["GET"]}}],"collection":[{"href":"https:\/\/www.eldiariodetucuman.com\/web\/wp-json\/wp\/v2\/posts"}],"about":[{"href":"https:\/\/www.eldiariodetucuman.com\/web\/wp-json\/wp\/v2\/types\/post"}],"author":[{"embeddable":true,"href":"https:\/\/www.eldiariodetucuman.com\/web\/wp-json\/wp\/v2\/users\/5"}],"replies":[{"embeddable":true,"href":"https:\/\/www.eldiariodetucuman.com\/web\/wp-json\/wp\/v2\/comments?post=23907"}],"version-history":[{"count":1,"href":"https:\/\/www.eldiariodetucuman.com\/web\/wp-json\/wp\/v2\/posts\/23907\/revisions"}],"predecessor-version":[{"id":23909,"href":"https:\/\/www.eldiariodetucuman.com\/web\/wp-json\/wp\/v2\/posts\/23907\/revisions\/23909"}],"wp:featuredmedia":[{"embeddable":true,"href":"https:\/\/www.eldiariodetucuman.com\/web\/wp-json\/wp\/v2\/media\/23908"}],"wp:attachment":[{"href":"https:\/\/www.eldiariodetucuman.com\/web\/wp-json\/wp\/v2\/media?parent=23907"}],"wp:term":[{"taxonomy":"category","embeddable":true,"href":"https:\/\/www.eldiariodetucuman.com\/web\/wp-json\/wp\/v2\/categories?post=23907"},{"taxonomy":"post_tag","embeddable":true,"href":"https:\/\/www.eldiariodetucuman.com\/web\/wp-json\/wp\/v2\/tags?post=23907"}],"curies":[{"name":"wp","href":"https:\/\/api.w.org\/{rel}","templated":true}]}}